{"id":2040,"date":"2019-05-16T03:31:46","date_gmt":"2019-05-16T00:31:46","guid":{"rendered":"https:\/\/super-news.info\/hu\/ukrajna-visszavagott-moszkvanak-az-orosz-importtilalalmak-miatt\/"},"modified":"2019-05-16T03:31:48","modified_gmt":"2019-05-16T00:31:48","slug":"ukrajna-visszavagott-moszkvanak-az-orosz-importtilalalmak-miatt","status":"publish","type":"post","link":"https:\/\/super-news.info\/hu\/ukrajna-visszavagott-moszkvanak-az-orosz-importtilalalmak-miatt\/","title":{"rendered":"Ukrajna visszav\u00e1gott Moszkv\u00e1nak az orosz importtilalalmak miatt"},"content":{"rendered":"<p> [ad_1]<br \/>\n<\/p>\n<p>\n\t\t\t\t\t\t\t\tAz ukr\u00e1n korm\u00e1ny szerdai \u00fcl\u00e9s\u00e9n \u00fagy d\u00f6nt\u00f6tt, hogy \u00fajabb term\u00e9kek behozatal\u00e1t tiltja meg Oroszorsz\u00e1gb\u00f3l.\t\t\t\t\t\t\t<\/p>\n<div>\n<p>Az ukr\u00e1n korm\u00e1ny szerdai \u00fcl\u00e9s\u00e9n \u00fagy d\u00f6nt\u00f6tt, hogy \u00fajabb term\u00e9kek behozatal\u00e1t tiltja meg Oroszorsz\u00e1gb\u00f3l, konkr\u00e9tan egyes cementfajt\u00e1k \u00e9s furn\u00e9rterm\u00e9kek importj\u00e1t \u2013 jelentette az Ukrajinszka Pravda h\u00edrport\u00e1l.<\/p>\n<p>Ezek mind olyan term\u00e9kek, amelyeket Ukrajn\u00e1ban is gy\u00e1rtanak \u2013 k\u00f6z\u00f6lte Sztepan Kubiv kereskedelmi miniszter. T\u00e1j\u00e9koztat\u00e1sa szerint ezen fel\u00fcl kieg\u00e9sz\u00edt\u0151 v\u00e1mot r\u00f3nak ki augusztus elsej\u00e9t\u0151l bizonyos ipari \u00e9s mez\u0151gazdas\u00e1gi term\u00e9kekre, valamint \u00e1sv\u00e1nyi m\u0171tr\u00e1gy\u00e1kra. Azt, hogy pontosabban milyen term\u00e9kekre, nem r\u00e9szletezte.<\/p>\n<div id=\"attachment_916891\" style=\"width: 1410px\" class=\"wp-caption aligncenter\">\n<p class=\"wp-caption-text\">Fot\u00f3: AFP\/Genya Savilov<\/p>\n<\/div>\n<p>Elmondta, hogy<\/p>\n<p>ez v\u00e1laszint\u00e9zked\u00e9s Oroszorsz\u00e1g m\u00falt havi d\u00f6nt\u00e9s\u00e9re, amely alapj\u00e1n j\u00faniust\u00f3l megtiltja az ukr\u00e1n g\u00e9p-, k\u00f6nny\u0171- \u00e9s f\u00e9mfeldolgoz\u00f3-ipari term\u00e9kek importj\u00e1t, tov\u00e1bb\u00e1 le\u00e1ll\u00edtja \u00e9s k\u00fcl\u00f6n enged\u00e9lyhez k\u00f6ti a sz\u00e9n, a k\u0151olaj, az olajipari term\u00e9kek \u00e9s sz\u00e1rmaz\u00e9kok, illetve a f\u00f6ldg\u00e1z exportj\u00e1t Ukrajn\u00e1ba.<\/p>\n<p>Az Ukrajinszka Pravda szerint a most tilt\u00f3list\u00e1ra ker\u00fclt cementfajt\u00e1kb\u00f3l tavaly Ukrajna \u00f6sszesen csaknem 17 milli\u00f3 doll\u00e1r \u00e9rt\u00e9kben import\u00e1lt Oroszorsz\u00e1gb\u00f3l, m\u00edg a furn\u00e9r\u00e1rukb\u00f3l mintegy 19,7 milli\u00f3 doll\u00e1r \u00e9rt\u00e9kben.<\/p>\n<\/p><\/div>\n<p><script>\n    window.fbAsyncInit = function() {\n        FB.init({\n            appId      : \"204760236815359\",\n            xfbml      : true,\n            version    : \"v2.12\"\n        });\n        FB.AppEvents.logPageView();\n    };<\/p>\n<p>    (function(d, s, id){\n        var js, fjs = d.getElementsByTagName(s)[0];\n        if (d.getElementById(id)) {return;}\n        js = d.createElement(s); js.id = id;\n        js.src = \"http:\/\/connect.facebook.net\/hu_HU\/sdk.js\";\n        fjs.parentNode.insertBefore(js, fjs);\n    }(document, \"script\", \"facebook-jssdk\"));\n<\/script><br \/>\n<br \/>[ad_2]<br \/>\n<br \/><a href=\"https:\/\/www.vg.hu\/kozelet\/politika\/ukrajna-visszavagott-moszkvanak-az-orosz-importtilalalmak-miatt-1514167\/\">Source link <\/a><\/p>\n","protected":false},"excerpt":{"rendered":"<p>[ad_1] Az ukr\u00e1n korm\u00e1ny szerdai \u00fcl\u00e9s\u00e9n \u00fagy d\u00f6nt\u00f6tt, hogy \u00fajabb term\u00e9kek behozatal\u00e1t tiltja meg Oroszorsz\u00e1gb\u00f3l. Az ukr\u00e1n korm\u00e1ny szerdai \u00fcl\u00e9s\u00e9n \u00fagy d\u00f6nt\u00f6tt, hogy \u00fajabb term\u00e9kek behozatal\u00e1t tiltja meg Oroszorsz\u00e1gb\u00f3l, konkr\u00e9tan egyes cementfajt\u00e1k \u00e9s furn\u00e9rterm\u00e9kek importj\u00e1t \u2013 jelentette az Ukrajinszka Pravda h\u00edrport\u00e1l. Ezek mind olyan term\u00e9kek, amelyeket Ukrajn\u00e1ban is gy\u00e1rtanak \u2013 k\u00f6z\u00f6lte Sztepan Kubiv kereskedelmi miniszter. [&hellip;]<\/p>\n","protected":false},"author":2,"featured_media":2041,"comment_status":"open","ping_status":"open","sticky":false,"template":"","format":"standard","meta":{"footnotes":""},"categories":[1],"tags":[],"class_list":["post-2040","post","type-post","status-publish","format-standard","has-post-thumbnail","hentry","category-penzugyi-hirek"],"yoast_head":"<!-- This site is optimized with the Yoast SEO plugin v27.4 - https:\/\/yoast.com\/product\/yoast-seo-wordpress\/ -->\n<title>Ukrajna visszav\u00e1gott Moszkv\u00e1nak az orosz importtilalalmak miatt - Super News<\/title>\n<meta name=\"robots\" content=\"index, follow, max-snippet:-1, max-image-preview:large, max-video-preview:-1\" \/>\n<link rel=\"canonical\" href=\"https:\/\/super-news.info\/hu\/ukrajna-visszavagott-moszkvanak-az-orosz-importtilalalmak-miatt\/\" \/>\n<meta property=\"og:locale\" content=\"hu_HU\" \/>\n<meta property=\"og:type\" content=\"article\" \/>\n<meta property=\"og:title\" content=\"Ukrajna visszav\u00e1gott Moszkv\u00e1nak az orosz importtilalalmak miatt - Super News\" \/>\n<meta property=\"og:description\" content=\"[ad_1] Az ukr\u00e1n korm\u00e1ny szerdai \u00fcl\u00e9s\u00e9n \u00fagy d\u00f6nt\u00f6tt, hogy \u00fajabb term\u00e9kek behozatal\u00e1t tiltja meg Oroszorsz\u00e1gb\u00f3l. Az ukr\u00e1n korm\u00e1ny szerdai \u00fcl\u00e9s\u00e9n \u00fagy d\u00f6nt\u00f6tt, hogy \u00fajabb term\u00e9kek behozatal\u00e1t tiltja meg Oroszorsz\u00e1gb\u00f3l, konkr\u00e9tan egyes cementfajt\u00e1k \u00e9s furn\u00e9rterm\u00e9kek importj\u00e1t \u2013 jelentette az Ukrajinszka Pravda h\u00edrport\u00e1l. Ezek mind olyan term\u00e9kek, amelyeket Ukrajn\u00e1ban is gy\u00e1rtanak \u2013 k\u00f6z\u00f6lte Sztepan Kubiv kereskedelmi miniszter. [&hellip;]\" \/>\n<meta property=\"og:url\" content=\"https:\/\/super-news.info\/hu\/ukrajna-visszavagott-moszkvanak-az-orosz-importtilalalmak-miatt\/\" \/>\n<meta property=\"og:site_name\" content=\"Super News\" \/>\n<meta property=\"article:published_time\" content=\"2019-05-16T00:31:46+00:00\" \/>\n<meta property=\"article:modified_time\" content=\"2019-05-16T00:31:48+00:00\" \/>\n<meta property=\"og:image\" content=\"https:\/\/super-news.info\/hu\/wp-content\/uploads\/sites\/3\/2019\/05\/Ukrajna-visszav\u00e1gott-Moszkv\u00e1nak-az-orosz-importtilalalmak-miatt.jpg\" \/>\n\t<meta property=\"og:image:width\" content=\"1400\" \/>\n\t<meta property=\"og:image:height\" content=\"933\" \/>\n\t<meta property=\"og:image:type\" content=\"image\/jpeg\" \/>\n<meta name=\"author\" content=\"super-news\" \/>\n<meta name=\"twitter:card\" content=\"summary_large_image\" \/>\n<meta name=\"twitter:label1\" content=\"Szerz\u0151:\" \/>\n\t<meta name=\"twitter:data1\" content=\"super-news\" \/>\n\t<meta name=\"twitter:label2\" content=\"Becs\u00fclt olvas\u00e1si id\u0151\" \/>\n\t<meta name=\"twitter:data2\" content=\"1 perc\" \/>\n<script type=\"application\/ld+json\" class=\"yoast-schema-graph\">{\"@context\":\"https:\\\/\\\/schema.org\",\"@graph\":[{\"@type\":\"Article\",\"@id\":\"https:\\\/\\\/super-news.info\\\/hu\\\/ukrajna-visszavagott-moszkvanak-az-orosz-importtilalalmak-miatt\\\/#article\",\"isPartOf\":{\"@id\":\"https:\\\/\\\/super-news.info\\\/hu\\\/ukrajna-visszavagott-moszkvanak-az-orosz-importtilalalmak-miatt\\\/\"},\"author\":{\"name\":\"super-news\",\"@id\":\"https:\\\/\\\/super-news.info\\\/hu\\\/#\\\/schema\\\/person\\\/2d4068cb2f39cd10008c2fce578a7356\"},\"headline\":\"Ukrajna visszav\u00e1gott Moszkv\u00e1nak az orosz importtilalalmak miatt\",\"datePublished\":\"2019-05-16T00:31:46+00:00\",\"dateModified\":\"2019-05-16T00:31:48+00:00\",\"mainEntityOfPage\":{\"@id\":\"https:\\\/\\\/super-news.info\\\/hu\\\/ukrajna-visszavagott-moszkvanak-az-orosz-importtilalalmak-miatt\\\/\"},\"wordCount\":261,\"commentCount\":0,\"image\":{\"@id\":\"https:\\\/\\\/super-news.info\\\/hu\\\/ukrajna-visszavagott-moszkvanak-az-orosz-importtilalalmak-miatt\\\/#primaryimage\"},\"thumbnailUrl\":\"https:\\\/\\\/super-news.info\\\/hu\\\/wp-content\\\/uploads\\\/sites\\\/3\\\/2019\\\/05\\\/Ukrajna-visszav\u00e1gott-Moszkv\u00e1nak-az-orosz-importtilalalmak-miatt.jpg\",\"articleSection\":[\"P\u00c9NZ\u00dcGYI H\u00cdREK\"],\"inLanguage\":\"hu\",\"potentialAction\":[{\"@type\":\"CommentAction\",\"name\":\"Comment\",\"target\":[\"https:\\\/\\\/super-news.info\\\/hu\\\/ukrajna-visszavagott-moszkvanak-az-orosz-importtilalalmak-miatt\\\/#respond\"]}]},{\"@type\":\"WebPage\",\"@id\":\"https:\\\/\\\/super-news.info\\\/hu\\\/ukrajna-visszavagott-moszkvanak-az-orosz-importtilalalmak-miatt\\\/\",\"url\":\"https:\\\/\\\/super-news.info\\\/hu\\\/ukrajna-visszavagott-moszkvanak-az-orosz-importtilalalmak-miatt\\\/\",\"name\":\"Ukrajna visszav\u00e1gott Moszkv\u00e1nak az orosz importtilalalmak miatt - Super News\",\"isPartOf\":{\"@id\":\"https:\\\/\\\/super-news.info\\\/hu\\\/#website\"},\"primaryImageOfPage\":{\"@id\":\"https:\\\/\\\/super-news.info\\\/hu\\\/ukrajna-visszavagott-moszkvanak-az-orosz-importtilalalmak-miatt\\\/#primaryimage\"},\"image\":{\"@id\":\"https:\\\/\\\/super-news.info\\\/hu\\\/ukrajna-visszavagott-moszkvanak-az-orosz-importtilalalmak-miatt\\\/#primaryimage\"},\"thumbnailUrl\":\"https:\\\/\\\/super-news.info\\\/hu\\\/wp-content\\\/uploads\\\/sites\\\/3\\\/2019\\\/05\\\/Ukrajna-visszav\u00e1gott-Moszkv\u00e1nak-az-orosz-importtilalalmak-miatt.jpg\",\"datePublished\":\"2019-05-16T00:31:46+00:00\",\"dateModified\":\"2019-05-16T00:31:48+00:00\",\"author\":{\"@id\":\"https:\\\/\\\/super-news.info\\\/hu\\\/#\\\/schema\\\/person\\\/2d4068cb2f39cd10008c2fce578a7356\"},\"breadcrumb\":{\"@id\":\"https:\\\/\\\/super-news.info\\\/hu\\\/ukrajna-visszavagott-moszkvanak-az-orosz-importtilalalmak-miatt\\\/#breadcrumb\"},\"inLanguage\":\"hu\",\"potentialAction\":[{\"@type\":\"ReadAction\",\"target\":[\"https:\\\/\\\/super-news.info\\\/hu\\\/ukrajna-visszavagott-moszkvanak-az-orosz-importtilalalmak-miatt\\\/\"]}]},{\"@type\":\"ImageObject\",\"inLanguage\":\"hu\",\"@id\":\"https:\\\/\\\/super-news.info\\\/hu\\\/ukrajna-visszavagott-moszkvanak-az-orosz-importtilalalmak-miatt\\\/#primaryimage\",\"url\":\"https:\\\/\\\/super-news.info\\\/hu\\\/wp-content\\\/uploads\\\/sites\\\/3\\\/2019\\\/05\\\/Ukrajna-visszav\u00e1gott-Moszkv\u00e1nak-az-orosz-importtilalalmak-miatt.jpg\",\"contentUrl\":\"https:\\\/\\\/super-news.info\\\/hu\\\/wp-content\\\/uploads\\\/sites\\\/3\\\/2019\\\/05\\\/Ukrajna-visszav\u00e1gott-Moszkv\u00e1nak-az-orosz-importtilalalmak-miatt.jpg\",\"width\":1400,\"height\":933,\"caption\":\"Ukrajna visszav\u00e1gott Moszkv\u00e1nak az orosz importtilalalmak miatt\"},{\"@type\":\"BreadcrumbList\",\"@id\":\"https:\\\/\\\/super-news.info\\\/hu\\\/ukrajna-visszavagott-moszkvanak-az-orosz-importtilalalmak-miatt\\\/#breadcrumb\",\"itemListElement\":[{\"@type\":\"ListItem\",\"position\":1,\"name\":\"\u0413\u043b\u0430\u0432\u043d\u0430\u044f \u0441\u0442\u0440\u0430\u043d\u0438\u0446\u0430\",\"item\":\"https:\\\/\\\/super-news.info\\\/hu\\\/\"},{\"@type\":\"ListItem\",\"position\":2,\"name\":\"Ukrajna visszav\u00e1gott Moszkv\u00e1nak az orosz importtilalalmak miatt\"}]},{\"@type\":\"WebSite\",\"@id\":\"https:\\\/\\\/super-news.info\\\/hu\\\/#website\",\"url\":\"https:\\\/\\\/super-news.info\\\/hu\\\/\",\"name\":\"Super News\",\"description\":\"Super News Magyarorsz\u00e1g\",\"potentialAction\":[{\"@type\":\"SearchAction\",\"target\":{\"@type\":\"EntryPoint\",\"urlTemplate\":\"https:\\\/\\\/super-news.info\\\/hu\\\/?s={search_term_string}\"},\"query-input\":{\"@type\":\"PropertyValueSpecification\",\"valueRequired\":true,\"valueName\":\"search_term_string\"}}],\"inLanguage\":\"hu\"},{\"@type\":\"Person\",\"@id\":\"https:\\\/\\\/super-news.info\\\/hu\\\/#\\\/schema\\\/person\\\/2d4068cb2f39cd10008c2fce578a7356\",\"name\":\"super-news\",\"image\":{\"@type\":\"ImageObject\",\"inLanguage\":\"hu\",\"@id\":\"https:\\\/\\\/secure.gravatar.com\\\/avatar\\\/64ebac40b93f26a154f8a9b5b6fdccfc46f442b26b3dd6756dbff3bf9dc76fd7?s=96&d=mm&r=g\",\"url\":\"https:\\\/\\\/secure.gravatar.com\\\/avatar\\\/64ebac40b93f26a154f8a9b5b6fdccfc46f442b26b3dd6756dbff3bf9dc76fd7?s=96&d=mm&r=g\",\"contentUrl\":\"https:\\\/\\\/secure.gravatar.com\\\/avatar\\\/64ebac40b93f26a154f8a9b5b6fdccfc46f442b26b3dd6756dbff3bf9dc76fd7?s=96&d=mm&r=g\",\"caption\":\"super-news\"},\"url\":\"https:\\\/\\\/super-news.info\\\/hu\\\/author\\\/pt\\\/\"}]}<\/script>\n<!-- \/ Yoast SEO plugin. -->","yoast_head_json":{"title":"Ukrajna visszav\u00e1gott Moszkv\u00e1nak az orosz importtilalalmak miatt - Super News","robots":{"index":"index","follow":"follow","max-snippet":"max-snippet:-1","max-image-preview":"max-image-preview:large","max-video-preview":"max-video-preview:-1"},"canonical":"https:\/\/super-news.info\/hu\/ukrajna-visszavagott-moszkvanak-az-orosz-importtilalalmak-miatt\/","og_locale":"hu_HU","og_type":"article","og_title":"Ukrajna visszav\u00e1gott Moszkv\u00e1nak az orosz importtilalalmak miatt - Super News","og_description":"[ad_1] Az ukr\u00e1n korm\u00e1ny szerdai \u00fcl\u00e9s\u00e9n \u00fagy d\u00f6nt\u00f6tt, hogy \u00fajabb term\u00e9kek behozatal\u00e1t tiltja meg Oroszorsz\u00e1gb\u00f3l. Az ukr\u00e1n korm\u00e1ny szerdai \u00fcl\u00e9s\u00e9n \u00fagy d\u00f6nt\u00f6tt, hogy \u00fajabb term\u00e9kek behozatal\u00e1t tiltja meg Oroszorsz\u00e1gb\u00f3l, konkr\u00e9tan egyes cementfajt\u00e1k \u00e9s furn\u00e9rterm\u00e9kek importj\u00e1t \u2013 jelentette az Ukrajinszka Pravda h\u00edrport\u00e1l. Ezek mind olyan term\u00e9kek, amelyeket Ukrajn\u00e1ban is gy\u00e1rtanak \u2013 k\u00f6z\u00f6lte Sztepan Kubiv kereskedelmi miniszter. [&hellip;]","og_url":"https:\/\/super-news.info\/hu\/ukrajna-visszavagott-moszkvanak-az-orosz-importtilalalmak-miatt\/","og_site_name":"Super News","article_published_time":"2019-05-16T00:31:46+00:00","article_modified_time":"2019-05-16T00:31:48+00:00","og_image":[{"width":1400,"height":933,"url":"https:\/\/super-news.info\/hu\/wp-content\/uploads\/sites\/3\/2019\/05\/Ukrajna-visszav\u00e1gott-Moszkv\u00e1nak-az-orosz-importtilalalmak-miatt.jpg","type":"image\/jpeg"}],"author":"super-news","twitter_card":"summary_large_image","twitter_misc":{"Szerz\u0151:":"super-news","Becs\u00fclt olvas\u00e1si id\u0151":"1 perc"},"schema":{"@context":"https:\/\/schema.org","@graph":[{"@type":"Article","@id":"https:\/\/super-news.info\/hu\/ukrajna-visszavagott-moszkvanak-az-orosz-importtilalalmak-miatt\/#article","isPartOf":{"@id":"https:\/\/super-news.info\/hu\/ukrajna-visszavagott-moszkvanak-az-orosz-importtilalalmak-miatt\/"},"author":{"name":"super-news","@id":"https:\/\/super-news.info\/hu\/#\/schema\/person\/2d4068cb2f39cd10008c2fce578a7356"},"headline":"Ukrajna visszav\u00e1gott Moszkv\u00e1nak az orosz importtilalalmak miatt","datePublished":"2019-05-16T00:31:46+00:00","dateModified":"2019-05-16T00:31:48+00:00","mainEntityOfPage":{"@id":"https:\/\/super-news.info\/hu\/ukrajna-visszavagott-moszkvanak-az-orosz-importtilalalmak-miatt\/"},"wordCount":261,"commentCount":0,"image":{"@id":"https:\/\/super-news.info\/hu\/ukrajna-visszavagott-moszkvanak-az-orosz-importtilalalmak-miatt\/#primaryimage"},"thumbnailUrl":"https:\/\/super-news.info\/hu\/wp-content\/uploads\/sites\/3\/2019\/05\/Ukrajna-visszav\u00e1gott-Moszkv\u00e1nak-az-orosz-importtilalalmak-miatt.jpg","articleSection":["P\u00c9NZ\u00dcGYI H\u00cdREK"],"inLanguage":"hu","potentialAction":[{"@type":"CommentAction","name":"Comment","target":["https:\/\/super-news.info\/hu\/ukrajna-visszavagott-moszkvanak-az-orosz-importtilalalmak-miatt\/#respond"]}]},{"@type":"WebPage","@id":"https:\/\/super-news.info\/hu\/ukrajna-visszavagott-moszkvanak-az-orosz-importtilalalmak-miatt\/","url":"https:\/\/super-news.info\/hu\/ukrajna-visszavagott-moszkvanak-az-orosz-importtilalalmak-miatt\/","name":"Ukrajna visszav\u00e1gott Moszkv\u00e1nak az orosz importtilalalmak miatt - Super News","isPartOf":{"@id":"https:\/\/super-news.info\/hu\/#website"},"primaryImageOfPage":{"@id":"https:\/\/super-news.info\/hu\/ukrajna-visszavagott-moszkvanak-az-orosz-importtilalalmak-miatt\/#primaryimage"},"image":{"@id":"https:\/\/super-news.info\/hu\/ukrajna-visszavagott-moszkvanak-az-orosz-importtilalalmak-miatt\/#primaryimage"},"thumbnailUrl":"https:\/\/super-news.info\/hu\/wp-content\/uploads\/sites\/3\/2019\/05\/Ukrajna-visszav\u00e1gott-Moszkv\u00e1nak-az-orosz-importtilalalmak-miatt.jpg","datePublished":"2019-05-16T00:31:46+00:00","dateModified":"2019-05-16T00:31:48+00:00","author":{"@id":"https:\/\/super-news.info\/hu\/#\/schema\/person\/2d4068cb2f39cd10008c2fce578a7356"},"breadcrumb":{"@id":"https:\/\/super-news.info\/hu\/ukrajna-visszavagott-moszkvanak-az-orosz-importtilalalmak-miatt\/#breadcrumb"},"inLanguage":"hu","potentialAction":[{"@type":"ReadAction","target":["https:\/\/super-news.info\/hu\/ukrajna-visszavagott-moszkvanak-az-orosz-importtilalalmak-miatt\/"]}]},{"@type":"ImageObject","inLanguage":"hu","@id":"https:\/\/super-news.info\/hu\/ukrajna-visszavagott-moszkvanak-az-orosz-importtilalalmak-miatt\/#primaryimage","url":"https:\/\/super-news.info\/hu\/wp-content\/uploads\/sites\/3\/2019\/05\/Ukrajna-visszav\u00e1gott-Moszkv\u00e1nak-az-orosz-importtilalalmak-miatt.jpg","contentUrl":"https:\/\/super-news.info\/hu\/wp-content\/uploads\/sites\/3\/2019\/05\/Ukrajna-visszav\u00e1gott-Moszkv\u00e1nak-az-orosz-importtilalalmak-miatt.jpg","width":1400,"height":933,"caption":"Ukrajna visszav\u00e1gott Moszkv\u00e1nak az orosz importtilalalmak miatt"},{"@type":"BreadcrumbList","@id":"https:\/\/super-news.info\/hu\/ukrajna-visszavagott-moszkvanak-az-orosz-importtilalalmak-miatt\/#breadcrumb","itemListElement":[{"@type":"ListItem","position":1,"name":"\u0413\u043b\u0430\u0432\u043d\u0430\u044f \u0441\u0442\u0440\u0430\u043d\u0438\u0446\u0430","item":"https:\/\/super-news.info\/hu\/"},{"@type":"ListItem","position":2,"name":"Ukrajna visszav\u00e1gott Moszkv\u00e1nak az orosz importtilalalmak miatt"}]},{"@type":"WebSite","@id":"https:\/\/super-news.info\/hu\/#website","url":"https:\/\/super-news.info\/hu\/","name":"Super News","description":"Super News Magyarorsz\u00e1g","potentialAction":[{"@type":"SearchAction","target":{"@type":"EntryPoint","urlTemplate":"https:\/\/super-news.info\/hu\/?s={search_term_string}"},"query-input":{"@type":"PropertyValueSpecification","valueRequired":true,"valueName":"search_term_string"}}],"inLanguage":"hu"},{"@type":"Person","@id":"https:\/\/super-news.info\/hu\/#\/schema\/person\/2d4068cb2f39cd10008c2fce578a7356","name":"super-news","image":{"@type":"ImageObject","inLanguage":"hu","@id":"https:\/\/secure.gravatar.com\/avatar\/64ebac40b93f26a154f8a9b5b6fdccfc46f442b26b3dd6756dbff3bf9dc76fd7?s=96&d=mm&r=g","url":"https:\/\/secure.gravatar.com\/avatar\/64ebac40b93f26a154f8a9b5b6fdccfc46f442b26b3dd6756dbff3bf9dc76fd7?s=96&d=mm&r=g","contentUrl":"https:\/\/secure.gravatar.com\/avatar\/64ebac40b93f26a154f8a9b5b6fdccfc46f442b26b3dd6756dbff3bf9dc76fd7?s=96&d=mm&r=g","caption":"super-news"},"url":"https:\/\/super-news.info\/hu\/author\/pt\/"}]}},"_links":{"self":[{"href":"https:\/\/super-news.info\/hu\/wp-json\/wp\/v2\/posts\/2040","targetHints":{"allow":["GET"]}}],"collection":[{"href":"https:\/\/super-news.info\/hu\/wp-json\/wp\/v2\/posts"}],"about":[{"href":"https:\/\/super-news.info\/hu\/wp-json\/wp\/v2\/types\/post"}],"author":[{"embeddable":true,"href":"https:\/\/super-news.info\/hu\/wp-json\/wp\/v2\/users\/2"}],"replies":[{"embeddable":true,"href":"https:\/\/super-news.info\/hu\/wp-json\/wp\/v2\/comments?post=2040"}],"version-history":[{"count":1,"href":"https:\/\/super-news.info\/hu\/wp-json\/wp\/v2\/posts\/2040\/revisions"}],"predecessor-version":[{"id":2042,"href":"https:\/\/super-news.info\/hu\/wp-json\/wp\/v2\/posts\/2040\/revisions\/2042"}],"wp:featuredmedia":[{"embeddable":true,"href":"https:\/\/super-news.info\/hu\/wp-json\/wp\/v2\/media\/2041"}],"wp:attachment":[{"href":"https:\/\/super-news.info\/hu\/wp-json\/wp\/v2\/media?parent=2040"}],"wp:term":[{"taxonomy":"category","embeddable":true,"href":"https:\/\/super-news.info\/hu\/wp-json\/wp\/v2\/categories?post=2040"},{"taxonomy":"post_tag","embeddable":true,"href":"https:\/\/super-news.info\/hu\/wp-json\/wp\/v2\/tags?post=2040"}],"curies":[{"name":"wp","href":"https:\/\/api.w.org\/{rel}","templated":true}]}}