{"id":2026,"date":"2019-05-15T22:44:50","date_gmt":"2019-05-15T19:44:50","guid":{"rendered":"https:\/\/super-news.info\/hu\/megsem-alkalmazott-az-uber-soforje\/"},"modified":"2019-05-15T22:44:51","modified_gmt":"2019-05-15T19:44:51","slug":"megsem-alkalmazott-az-uber-soforje","status":"publish","type":"post","link":"https:\/\/super-news.info\/hu\/megsem-alkalmazott-az-uber-soforje\/","title":{"rendered":"M\u00e9gsem alkalmazott az Uber sof\u0151rje"},"content":{"rendered":"<p> [ad_1]<br \/>\n<\/p>\n<p>\n\t\t\t\t\t\t\t\tKezd helyrer\u00e1z\u00f3dni az Uber \u00e1rfolyama, a p\u00e9nteki rajt \u00f3ta elszenvedett vesztes\u00e9g\u00e9b\u0151l m\u00e1r alig t\u00f6bb mint 10 sz\u00e1zal\u00e9kot kell ledolgoznia. A felt\u00e1mad\u00e1snak l\u00f6k\u00e9st adott egy kedvez\u0151 munkajogi d\u00f6nt\u00e9s is.\t\t\t\t\t\t\t<\/p>\n<div>\n<p>Az Uber sz\u00e1m\u00e1ra fuvarszolg\u00e1ltat\u00e1st v\u00e9gz\u0151 sof\u0151r\u00f6k a c\u00e9g f\u00fcggetlen szerz\u0151d\u00e9ses partnereinek sz\u00e1m\u00edtanak, s nem tekinthet\u0151k munkav\u00e1llal\u00f3knak \u2013 ezt az \u00e1ll\u00e1sfoglal\u00e1st tette k\u00f6zz\u00e9 az amerikai munka\u00fcgyi hat\u00f3s\u00e1g (NLRB) f\u0151tan\u00e1csnoka. A Donald Trump kezdem\u00e9nyez\u00e9s\u00e9re kinevezett Peter Robb m\u00e9g \u00e1prilis k\u00f6zep\u00e9n fogalmazta meg \u00e1ll\u00e1spontj\u00e1t, amelyet kedden tettek k\u00f6zz\u00e9.<\/p>\n<p>\u00c9rvel\u00e9se szerint az Uber-sof\u0151r\u00f6k m\u00e1r csak az\u00e9rt sem esnek a sz\u00f6vets\u00e9gi munkat\u00f6rv\u00e9ny hat\u00e1lya al\u00e1, mert saj\u00e1t szabadidej\u00fckben, saj\u00e1t aut\u00f3jukkal v\u00e9geznek szolg\u00e1ltat\u00e1st, \u00e9s semmi nem g\u00e1tolja \u0151ket abban, hogy az Uber riv\u00e1lisait\u00f3l is megrendel\u00e9seket vegyenek fel. K\u00f6vetkez\u00e9sk\u00e9ppen az Uber sof\u0151rjeit nem illeti meg a szakszervezet-alap\u00edt\u00e1si jog, pedig \u00e9rdekk\u00e9pviseletbe t\u00f6m\u00f6r\u00fclve j\u00f3val hat\u00e9konyabban tudn\u00e1nak fell\u00e9pni munkaad\u00f3juk ellen.<\/p>\n<div id=\"attachment_1514707\" style=\"width: 1410px\" class=\"wp-caption aligncenter\">\n<p class=\"wp-caption-text\">Fot\u00f3: AFP<\/p>\n<\/div>\n<p>A sokszor kritiz\u00e1lt munkak\u00f6r\u00fclm\u00e9nyeik jav\u00edt\u00e1sa is \u00e9rtelmezhetetlen ezut\u00e1n, mivel a sof\u0151r\u00f6k a maguk urai, a szerz\u0151d\u00e9seken pedig mindk\u00e9t f\u00e9l akarat\u00e1nak megfelel\u0151en lehet m\u00f3dos\u00edtani. A f\u0151tan\u00e1csnok hat\u00e1rozata ellen az NLRB-hez lehet fellebbezni. Az \u00e1ll\u00e1sfoglal\u00e1s m\u00e9rf\u00f6ldk\u0151nek sz\u00e1m\u00edt az \u00e9vek \u00f3ta zajl\u00f3 munka\u00fcgyi jogvit\u00e1ban, amely sz\u00e1mos esetben a b\u00edr\u00f3s\u00e1gokon folyik. A munkav\u00e1llal\u00f3k \u00e9rdek\u00e9ben sokszor hivatalb\u00f3l int\u00e9zked\u0151 NLRB \u00e9rtelmez\u00e9s\u00e9ben 180 fokos fordulat t\u00f6rt\u00e9nt, ugyanis Barack Obama eln\u00f6ks\u00e9ge alatt m\u00e9g t\u00f6bbnyire munkaviszonyk\u00e9nt \u00e9rt\u00e9kelt\u00e9k az adott c\u00e9gt\u0151l ilyen szinten f\u00fcgg\u0151 partnerek foglalkoztat\u00e1s\u00e1t. A gyakorlatilag munkav\u00e1llal\u00f3k\u00e9nt dolgoztatott, de hivatalosan f\u00fcggetlen szerz\u0151d\u00e9ses partnerk\u00e9nt kezelt embereket sz\u00e1mos k\u00f6telez\u0151 juttat\u00e1st\u00f3l \u00e9s jogt\u00f3l fosztanak meg a st\u00e1tuszuk miatt:<\/p>\n<p>nem j\u00e1r nekik a minim\u00e1lb\u00e9r, nincs t\u00fal\u00f3ra-kifizet\u00e9s, \u00e9s ad\u00f3kedvezm\u00e9nyeket sem vehetnek ig\u00e9nybe.<\/p>\n<p>Ek\u00f6zben a c\u00e9gek hatalmas k\u00f6lts\u00e9gmegtakar\u00edt\u00e1st \u00e9rnek el a foglalkoztat\u00e1sukkal. Nem is csoda, hogy a megk\u00f6nnyebb\u00fcl\u00e9st jelent\u0151 h\u00edrre az Uber \u00e1rfolyama 7,7 sz\u00e1zal\u00e9kkal, m\u00edg a riv\u00e1lis Lyft\u00e9 5 sz\u00e1zal\u00e9kkal er\u0151s\u00f6d\u00f6tt a New York-i t\u0151zsd\u00e9n. Az Uber k\u00f6zlem\u00e9nyben \u00fcdv\u00f6z\u00f6lte a d\u00f6nt\u00e9st. Hangs\u00falyozt\u00e1k:<\/p>\n<p>ezut\u00e1n is fokozottan \u00fcgyelnek arra, hogy f\u00fcggetlen partnereik min\u0151s\u00e9gi \u00e9s biztons\u00e1gos k\u00f6r\u00fclm\u00e9nyek k\u00f6z\u00f6tt dolgozhassanak.<\/p>\n<p>A c\u00e9g konkr\u00e9tabb l\u00e9p\u00e9seket is tesz, \u00edgy az igaz\u00e1t b\u00edr\u00f3s\u00e1g el\u0151tt keres\u0151, t\u00f6bb t\u00edzezer Uber-sof\u0151rrel val\u00f3 megegyez\u00e9sre 190 milli\u00f3 doll\u00e1rt k\u00fcl\u00f6n\u00edtett el.<\/p>\n<p>R\u00e1f\u00e9rt az Uberre a j\u00f3 h\u00edr, hiszen a m\u00falt p\u00e9nteken 45 doll\u00e1ron deb\u00fct\u00e1l\u00f3 r\u00e9szv\u00e9ny\u00fck szabades\u00e9sben zuhant eg\u00e9szen 36,6 doll\u00e1rig, onnan h\u00fazt\u00e1k vissza most az \u00e1rfolyamot 40 doll\u00e1rra. Az Uber egy\u00e9bk\u00e9nt a t\u00faljegyz\u00e9s eset\u00e9n szok\u00e1sos 15 sz\u00e1zal\u00e9kos pluszr\u00e9szv\u00e9nymennyis\u00e9get is eladta, mi t\u00f6bb, ezt meghalad\u00f3an a kibocs\u00e1t\u00e1st menedzsel\u0151 c\u00e9gek \u2013 jelen esetben a Morgan Stanley \u00e9s t\u00e1rsai \u2013 \u00e9ltek a naked short opci\u00f3val, vagyis az Uber \u00e1rfolyames\u00e9s\u00e9re fogadtak fedezetlen\u00fcl, igaz, kis mennyis\u00e9gben. Ami mer\u0151ben szokatlan ugyan, de leg\u00e1lis, \u00e9s az Uber kibocs\u00e1t\u00e1si prospektusa is tartalmazta az opci\u00f3t. A Morgan Stanley a k\u00f6zrem\u0171k\u00f6d\u00e9s\u00e9rt a Bloomberg szerint 41 milli\u00f3 doll\u00e1rt meghalad\u00f3 \u00f6sszeget sz\u00e1ml\u00e1zhatott ki, m\u00edg a Goldman Sachs \u00e9s a Bank of America 32 milli\u00e1rdon osztozhattak.<\/p>\n<\/p><\/div>\n<p><script>\n    window.fbAsyncInit = function() {\n        FB.init({\n            appId      : \"204760236815359\",\n            xfbml      : true,\n            version    : \"v2.12\"\n        });\n        FB.AppEvents.logPageView();\n    };<\/p>\n<p>    (function(d, s, id){\n        var js, fjs = d.getElementsByTagName(s)[0];\n        if (d.getElementById(id)) {return;}\n        js = d.createElement(s); js.id = id;\n        js.src = \"http:\/\/connect.facebook.net\/hu_HU\/sdk.js\";\n        fjs.parentNode.insertBefore(js, fjs);\n    }(document, \"script\", \"facebook-jssdk\"));\n<\/script><br \/>\n<br \/>[ad_2]<br \/>\n<br \/><a href=\"https:\/\/www.vg.hu\/penzugy\/tozsde\/megsem-alkalmazott-az-uber-soforje-2-1514698\/\">Source link <\/a><\/p>\n","protected":false},"excerpt":{"rendered":"<p>[ad_1] Kezd helyrer\u00e1z\u00f3dni az Uber \u00e1rfolyama, a p\u00e9nteki rajt \u00f3ta elszenvedett vesztes\u00e9g\u00e9b\u0151l m\u00e1r alig t\u00f6bb mint 10 sz\u00e1zal\u00e9kot kell ledolgoznia. A felt\u00e1mad\u00e1snak l\u00f6k\u00e9st adott egy kedvez\u0151 munkajogi d\u00f6nt\u00e9s is. Az Uber sz\u00e1m\u00e1ra fuvarszolg\u00e1ltat\u00e1st v\u00e9gz\u0151 sof\u0151r\u00f6k a c\u00e9g f\u00fcggetlen szerz\u0151d\u00e9ses partnereinek sz\u00e1m\u00edtanak, s nem tekinthet\u0151k munkav\u00e1llal\u00f3knak \u2013 ezt az \u00e1ll\u00e1sfoglal\u00e1st tette k\u00f6zz\u00e9 az amerikai munka\u00fcgyi hat\u00f3s\u00e1g [&hellip;]<\/p>\n","protected":false},"author":2,"featured_media":2027,"comment_status":"open","ping_status":"open","sticky":false,"template":"","format":"standard","meta":{"footnotes":""},"categories":[1],"tags":[],"class_list":["post-2026","post","type-post","status-publish","format-standard","has-post-thumbnail","hentry","category-penzugyi-hirek"],"yoast_head":"<!-- This site is optimized with the Yoast SEO plugin v27.4 - https:\/\/yoast.com\/product\/yoast-seo-wordpress\/ -->\n<title>M\u00e9gsem alkalmazott az Uber sof\u0151rje - Super News<\/title>\n<meta name=\"robots\" content=\"index, follow, max-snippet:-1, max-image-preview:large, max-video-preview:-1\" \/>\n<link rel=\"canonical\" href=\"https:\/\/super-news.info\/hu\/megsem-alkalmazott-az-uber-soforje\/\" \/>\n<meta property=\"og:locale\" content=\"hu_HU\" \/>\n<meta property=\"og:type\" content=\"article\" \/>\n<meta property=\"og:title\" content=\"M\u00e9gsem alkalmazott az Uber sof\u0151rje - Super News\" \/>\n<meta property=\"og:description\" content=\"[ad_1] Kezd helyrer\u00e1z\u00f3dni az Uber \u00e1rfolyama, a p\u00e9nteki rajt \u00f3ta elszenvedett vesztes\u00e9g\u00e9b\u0151l m\u00e1r alig t\u00f6bb mint 10 sz\u00e1zal\u00e9kot kell ledolgoznia. A felt\u00e1mad\u00e1snak l\u00f6k\u00e9st adott egy kedvez\u0151 munkajogi d\u00f6nt\u00e9s is. Az Uber sz\u00e1m\u00e1ra fuvarszolg\u00e1ltat\u00e1st v\u00e9gz\u0151 sof\u0151r\u00f6k a c\u00e9g f\u00fcggetlen szerz\u0151d\u00e9ses partnereinek sz\u00e1m\u00edtanak, s nem tekinthet\u0151k munkav\u00e1llal\u00f3knak \u2013 ezt az \u00e1ll\u00e1sfoglal\u00e1st tette k\u00f6zz\u00e9 az amerikai munka\u00fcgyi hat\u00f3s\u00e1g [&hellip;]\" \/>\n<meta property=\"og:url\" content=\"https:\/\/super-news.info\/hu\/megsem-alkalmazott-az-uber-soforje\/\" \/>\n<meta property=\"og:site_name\" content=\"Super News\" \/>\n<meta property=\"article:published_time\" content=\"2019-05-15T19:44:50+00:00\" \/>\n<meta property=\"article:modified_time\" content=\"2019-05-15T19:44:51+00:00\" \/>\n<meta property=\"og:image\" content=\"https:\/\/super-news.info\/hu\/wp-content\/uploads\/sites\/3\/2019\/05\/M\u00e9gsem-alkalmazott-az-Uber-sof\u0151rje.jpg\" \/>\n\t<meta property=\"og:image:width\" content=\"1400\" \/>\n\t<meta property=\"og:image:height\" content=\"944\" \/>\n\t<meta property=\"og:image:type\" content=\"image\/jpeg\" \/>\n<meta name=\"author\" content=\"super-news\" \/>\n<meta name=\"twitter:card\" content=\"summary_large_image\" \/>\n<meta name=\"twitter:label1\" content=\"Szerz\u0151:\" \/>\n\t<meta name=\"twitter:data1\" content=\"super-news\" \/>\n\t<meta name=\"twitter:label2\" content=\"Becs\u00fclt olvas\u00e1si id\u0151\" \/>\n\t<meta name=\"twitter:data2\" content=\"3 perc\" \/>\n<script type=\"application\/ld+json\" class=\"yoast-schema-graph\">{\"@context\":\"https:\\\/\\\/schema.org\",\"@graph\":[{\"@type\":\"Article\",\"@id\":\"https:\\\/\\\/super-news.info\\\/hu\\\/megsem-alkalmazott-az-uber-soforje\\\/#article\",\"isPartOf\":{\"@id\":\"https:\\\/\\\/super-news.info\\\/hu\\\/megsem-alkalmazott-az-uber-soforje\\\/\"},\"author\":{\"name\":\"super-news\",\"@id\":\"https:\\\/\\\/super-news.info\\\/hu\\\/#\\\/schema\\\/person\\\/2d4068cb2f39cd10008c2fce578a7356\"},\"headline\":\"M\u00e9gsem alkalmazott az Uber sof\u0151rje\",\"datePublished\":\"2019-05-15T19:44:50+00:00\",\"dateModified\":\"2019-05-15T19:44:51+00:00\",\"mainEntityOfPage\":{\"@id\":\"https:\\\/\\\/super-news.info\\\/hu\\\/megsem-alkalmazott-az-uber-soforje\\\/\"},\"wordCount\":695,\"commentCount\":0,\"image\":{\"@id\":\"https:\\\/\\\/super-news.info\\\/hu\\\/megsem-alkalmazott-az-uber-soforje\\\/#primaryimage\"},\"thumbnailUrl\":\"https:\\\/\\\/super-news.info\\\/hu\\\/wp-content\\\/uploads\\\/sites\\\/3\\\/2019\\\/05\\\/M\u00e9gsem-alkalmazott-az-Uber-sof\u0151rje.jpg\",\"articleSection\":[\"P\u00c9NZ\u00dcGYI H\u00cdREK\"],\"inLanguage\":\"hu\",\"potentialAction\":[{\"@type\":\"CommentAction\",\"name\":\"Comment\",\"target\":[\"https:\\\/\\\/super-news.info\\\/hu\\\/megsem-alkalmazott-az-uber-soforje\\\/#respond\"]}]},{\"@type\":\"WebPage\",\"@id\":\"https:\\\/\\\/super-news.info\\\/hu\\\/megsem-alkalmazott-az-uber-soforje\\\/\",\"url\":\"https:\\\/\\\/super-news.info\\\/hu\\\/megsem-alkalmazott-az-uber-soforje\\\/\",\"name\":\"M\u00e9gsem alkalmazott az Uber sof\u0151rje - Super News\",\"isPartOf\":{\"@id\":\"https:\\\/\\\/super-news.info\\\/hu\\\/#website\"},\"primaryImageOfPage\":{\"@id\":\"https:\\\/\\\/super-news.info\\\/hu\\\/megsem-alkalmazott-az-uber-soforje\\\/#primaryimage\"},\"image\":{\"@id\":\"https:\\\/\\\/super-news.info\\\/hu\\\/megsem-alkalmazott-az-uber-soforje\\\/#primaryimage\"},\"thumbnailUrl\":\"https:\\\/\\\/super-news.info\\\/hu\\\/wp-content\\\/uploads\\\/sites\\\/3\\\/2019\\\/05\\\/M\u00e9gsem-alkalmazott-az-Uber-sof\u0151rje.jpg\",\"datePublished\":\"2019-05-15T19:44:50+00:00\",\"dateModified\":\"2019-05-15T19:44:51+00:00\",\"author\":{\"@id\":\"https:\\\/\\\/super-news.info\\\/hu\\\/#\\\/schema\\\/person\\\/2d4068cb2f39cd10008c2fce578a7356\"},\"breadcrumb\":{\"@id\":\"https:\\\/\\\/super-news.info\\\/hu\\\/megsem-alkalmazott-az-uber-soforje\\\/#breadcrumb\"},\"inLanguage\":\"hu\",\"potentialAction\":[{\"@type\":\"ReadAction\",\"target\":[\"https:\\\/\\\/super-news.info\\\/hu\\\/megsem-alkalmazott-az-uber-soforje\\\/\"]}]},{\"@type\":\"ImageObject\",\"inLanguage\":\"hu\",\"@id\":\"https:\\\/\\\/super-news.info\\\/hu\\\/megsem-alkalmazott-az-uber-soforje\\\/#primaryimage\",\"url\":\"https:\\\/\\\/super-news.info\\\/hu\\\/wp-content\\\/uploads\\\/sites\\\/3\\\/2019\\\/05\\\/M\u00e9gsem-alkalmazott-az-Uber-sof\u0151rje.jpg\",\"contentUrl\":\"https:\\\/\\\/super-news.info\\\/hu\\\/wp-content\\\/uploads\\\/sites\\\/3\\\/2019\\\/05\\\/M\u00e9gsem-alkalmazott-az-Uber-sof\u0151rje.jpg\",\"width\":1400,\"height\":944,\"caption\":\"M\u00e9gsem alkalmazott az Uber sof\u0151rje\"},{\"@type\":\"BreadcrumbList\",\"@id\":\"https:\\\/\\\/super-news.info\\\/hu\\\/megsem-alkalmazott-az-uber-soforje\\\/#breadcrumb\",\"itemListElement\":[{\"@type\":\"ListItem\",\"position\":1,\"name\":\"\u0413\u043b\u0430\u0432\u043d\u0430\u044f \u0441\u0442\u0440\u0430\u043d\u0438\u0446\u0430\",\"item\":\"https:\\\/\\\/super-news.info\\\/hu\\\/\"},{\"@type\":\"ListItem\",\"position\":2,\"name\":\"M\u00e9gsem alkalmazott az Uber sof\u0151rje\"}]},{\"@type\":\"WebSite\",\"@id\":\"https:\\\/\\\/super-news.info\\\/hu\\\/#website\",\"url\":\"https:\\\/\\\/super-news.info\\\/hu\\\/\",\"name\":\"Super News\",\"description\":\"Super News Magyarorsz\u00e1g\",\"potentialAction\":[{\"@type\":\"SearchAction\",\"target\":{\"@type\":\"EntryPoint\",\"urlTemplate\":\"https:\\\/\\\/super-news.info\\\/hu\\\/?s={search_term_string}\"},\"query-input\":{\"@type\":\"PropertyValueSpecification\",\"valueRequired\":true,\"valueName\":\"search_term_string\"}}],\"inLanguage\":\"hu\"},{\"@type\":\"Person\",\"@id\":\"https:\\\/\\\/super-news.info\\\/hu\\\/#\\\/schema\\\/person\\\/2d4068cb2f39cd10008c2fce578a7356\",\"name\":\"super-news\",\"image\":{\"@type\":\"ImageObject\",\"inLanguage\":\"hu\",\"@id\":\"https:\\\/\\\/secure.gravatar.com\\\/avatar\\\/64ebac40b93f26a154f8a9b5b6fdccfc46f442b26b3dd6756dbff3bf9dc76fd7?s=96&d=mm&r=g\",\"url\":\"https:\\\/\\\/secure.gravatar.com\\\/avatar\\\/64ebac40b93f26a154f8a9b5b6fdccfc46f442b26b3dd6756dbff3bf9dc76fd7?s=96&d=mm&r=g\",\"contentUrl\":\"https:\\\/\\\/secure.gravatar.com\\\/avatar\\\/64ebac40b93f26a154f8a9b5b6fdccfc46f442b26b3dd6756dbff3bf9dc76fd7?s=96&d=mm&r=g\",\"caption\":\"super-news\"},\"url\":\"https:\\\/\\\/super-news.info\\\/hu\\\/author\\\/pt\\\/\"}]}<\/script>\n<!-- \/ Yoast SEO plugin. -->","yoast_head_json":{"title":"M\u00e9gsem alkalmazott az Uber sof\u0151rje - Super News","robots":{"index":"index","follow":"follow","max-snippet":"max-snippet:-1","max-image-preview":"max-image-preview:large","max-video-preview":"max-video-preview:-1"},"canonical":"https:\/\/super-news.info\/hu\/megsem-alkalmazott-az-uber-soforje\/","og_locale":"hu_HU","og_type":"article","og_title":"M\u00e9gsem alkalmazott az Uber sof\u0151rje - Super News","og_description":"[ad_1] Kezd helyrer\u00e1z\u00f3dni az Uber \u00e1rfolyama, a p\u00e9nteki rajt \u00f3ta elszenvedett vesztes\u00e9g\u00e9b\u0151l m\u00e1r alig t\u00f6bb mint 10 sz\u00e1zal\u00e9kot kell ledolgoznia. A felt\u00e1mad\u00e1snak l\u00f6k\u00e9st adott egy kedvez\u0151 munkajogi d\u00f6nt\u00e9s is. Az Uber sz\u00e1m\u00e1ra fuvarszolg\u00e1ltat\u00e1st v\u00e9gz\u0151 sof\u0151r\u00f6k a c\u00e9g f\u00fcggetlen szerz\u0151d\u00e9ses partnereinek sz\u00e1m\u00edtanak, s nem tekinthet\u0151k munkav\u00e1llal\u00f3knak \u2013 ezt az \u00e1ll\u00e1sfoglal\u00e1st tette k\u00f6zz\u00e9 az amerikai munka\u00fcgyi hat\u00f3s\u00e1g [&hellip;]","og_url":"https:\/\/super-news.info\/hu\/megsem-alkalmazott-az-uber-soforje\/","og_site_name":"Super News","article_published_time":"2019-05-15T19:44:50+00:00","article_modified_time":"2019-05-15T19:44:51+00:00","og_image":[{"width":1400,"height":944,"url":"https:\/\/super-news.info\/hu\/wp-content\/uploads\/sites\/3\/2019\/05\/M\u00e9gsem-alkalmazott-az-Uber-sof\u0151rje.jpg","type":"image\/jpeg"}],"author":"super-news","twitter_card":"summary_large_image","twitter_misc":{"Szerz\u0151:":"super-news","Becs\u00fclt olvas\u00e1si id\u0151":"3 perc"},"schema":{"@context":"https:\/\/schema.org","@graph":[{"@type":"Article","@id":"https:\/\/super-news.info\/hu\/megsem-alkalmazott-az-uber-soforje\/#article","isPartOf":{"@id":"https:\/\/super-news.info\/hu\/megsem-alkalmazott-az-uber-soforje\/"},"author":{"name":"super-news","@id":"https:\/\/super-news.info\/hu\/#\/schema\/person\/2d4068cb2f39cd10008c2fce578a7356"},"headline":"M\u00e9gsem alkalmazott az Uber sof\u0151rje","datePublished":"2019-05-15T19:44:50+00:00","dateModified":"2019-05-15T19:44:51+00:00","mainEntityOfPage":{"@id":"https:\/\/super-news.info\/hu\/megsem-alkalmazott-az-uber-soforje\/"},"wordCount":695,"commentCount":0,"image":{"@id":"https:\/\/super-news.info\/hu\/megsem-alkalmazott-az-uber-soforje\/#primaryimage"},"thumbnailUrl":"https:\/\/super-news.info\/hu\/wp-content\/uploads\/sites\/3\/2019\/05\/M\u00e9gsem-alkalmazott-az-Uber-sof\u0151rje.jpg","articleSection":["P\u00c9NZ\u00dcGYI H\u00cdREK"],"inLanguage":"hu","potentialAction":[{"@type":"CommentAction","name":"Comment","target":["https:\/\/super-news.info\/hu\/megsem-alkalmazott-az-uber-soforje\/#respond"]}]},{"@type":"WebPage","@id":"https:\/\/super-news.info\/hu\/megsem-alkalmazott-az-uber-soforje\/","url":"https:\/\/super-news.info\/hu\/megsem-alkalmazott-az-uber-soforje\/","name":"M\u00e9gsem alkalmazott az Uber sof\u0151rje - Super News","isPartOf":{"@id":"https:\/\/super-news.info\/hu\/#website"},"primaryImageOfPage":{"@id":"https:\/\/super-news.info\/hu\/megsem-alkalmazott-az-uber-soforje\/#primaryimage"},"image":{"@id":"https:\/\/super-news.info\/hu\/megsem-alkalmazott-az-uber-soforje\/#primaryimage"},"thumbnailUrl":"https:\/\/super-news.info\/hu\/wp-content\/uploads\/sites\/3\/2019\/05\/M\u00e9gsem-alkalmazott-az-Uber-sof\u0151rje.jpg","datePublished":"2019-05-15T19:44:50+00:00","dateModified":"2019-05-15T19:44:51+00:00","author":{"@id":"https:\/\/super-news.info\/hu\/#\/schema\/person\/2d4068cb2f39cd10008c2fce578a7356"},"breadcrumb":{"@id":"https:\/\/super-news.info\/hu\/megsem-alkalmazott-az-uber-soforje\/#breadcrumb"},"inLanguage":"hu","potentialAction":[{"@type":"ReadAction","target":["https:\/\/super-news.info\/hu\/megsem-alkalmazott-az-uber-soforje\/"]}]},{"@type":"ImageObject","inLanguage":"hu","@id":"https:\/\/super-news.info\/hu\/megsem-alkalmazott-az-uber-soforje\/#primaryimage","url":"https:\/\/super-news.info\/hu\/wp-content\/uploads\/sites\/3\/2019\/05\/M\u00e9gsem-alkalmazott-az-Uber-sof\u0151rje.jpg","contentUrl":"https:\/\/super-news.info\/hu\/wp-content\/uploads\/sites\/3\/2019\/05\/M\u00e9gsem-alkalmazott-az-Uber-sof\u0151rje.jpg","width":1400,"height":944,"caption":"M\u00e9gsem alkalmazott az Uber sof\u0151rje"},{"@type":"BreadcrumbList","@id":"https:\/\/super-news.info\/hu\/megsem-alkalmazott-az-uber-soforje\/#breadcrumb","itemListElement":[{"@type":"ListItem","position":1,"name":"\u0413\u043b\u0430\u0432\u043d\u0430\u044f \u0441\u0442\u0440\u0430\u043d\u0438\u0446\u0430","item":"https:\/\/super-news.info\/hu\/"},{"@type":"ListItem","position":2,"name":"M\u00e9gsem alkalmazott az Uber sof\u0151rje"}]},{"@type":"WebSite","@id":"https:\/\/super-news.info\/hu\/#website","url":"https:\/\/super-news.info\/hu\/","name":"Super News","description":"Super News Magyarorsz\u00e1g","potentialAction":[{"@type":"SearchAction","target":{"@type":"EntryPoint","urlTemplate":"https:\/\/super-news.info\/hu\/?s={search_term_string}"},"query-input":{"@type":"PropertyValueSpecification","valueRequired":true,"valueName":"search_term_string"}}],"inLanguage":"hu"},{"@type":"Person","@id":"https:\/\/super-news.info\/hu\/#\/schema\/person\/2d4068cb2f39cd10008c2fce578a7356","name":"super-news","image":{"@type":"ImageObject","inLanguage":"hu","@id":"https:\/\/secure.gravatar.com\/avatar\/64ebac40b93f26a154f8a9b5b6fdccfc46f442b26b3dd6756dbff3bf9dc76fd7?s=96&d=mm&r=g","url":"https:\/\/secure.gravatar.com\/avatar\/64ebac40b93f26a154f8a9b5b6fdccfc46f442b26b3dd6756dbff3bf9dc76fd7?s=96&d=mm&r=g","contentUrl":"https:\/\/secure.gravatar.com\/avatar\/64ebac40b93f26a154f8a9b5b6fdccfc46f442b26b3dd6756dbff3bf9dc76fd7?s=96&d=mm&r=g","caption":"super-news"},"url":"https:\/\/super-news.info\/hu\/author\/pt\/"}]}},"_links":{"self":[{"href":"https:\/\/super-news.info\/hu\/wp-json\/wp\/v2\/posts\/2026","targetHints":{"allow":["GET"]}}],"collection":[{"href":"https:\/\/super-news.info\/hu\/wp-json\/wp\/v2\/posts"}],"about":[{"href":"https:\/\/super-news.info\/hu\/wp-json\/wp\/v2\/types\/post"}],"author":[{"embeddable":true,"href":"https:\/\/super-news.info\/hu\/wp-json\/wp\/v2\/users\/2"}],"replies":[{"embeddable":true,"href":"https:\/\/super-news.info\/hu\/wp-json\/wp\/v2\/comments?post=2026"}],"version-history":[{"count":1,"href":"https:\/\/super-news.info\/hu\/wp-json\/wp\/v2\/posts\/2026\/revisions"}],"predecessor-version":[{"id":2028,"href":"https:\/\/super-news.info\/hu\/wp-json\/wp\/v2\/posts\/2026\/revisions\/2028"}],"wp:featuredmedia":[{"embeddable":true,"href":"https:\/\/super-news.info\/hu\/wp-json\/wp\/v2\/media\/2027"}],"wp:attachment":[{"href":"https:\/\/super-news.info\/hu\/wp-json\/wp\/v2\/media?parent=2026"}],"wp:term":[{"taxonomy":"category","embeddable":true,"href":"https:\/\/super-news.info\/hu\/wp-json\/wp\/v2\/categories?post=2026"},{"taxonomy":"post_tag","embeddable":true,"href":"https:\/\/super-news.info\/hu\/wp-json\/wp\/v2\/tags?post=2026"}],"curies":[{"name":"wp","href":"https:\/\/api.w.org\/{rel}","templated":true}]}}