{"id":2017,"date":"2019-05-15T20:25:44","date_gmt":"2019-05-15T17:25:44","guid":{"rendered":"https:\/\/super-news.info\/hu\/hamarosan-johet-az-eurovizios-dalfesztival-amerikai-valtozata\/"},"modified":"2019-05-15T20:25:45","modified_gmt":"2019-05-15T17:25:45","slug":"hamarosan-johet-az-eurovizios-dalfesztival-amerikai-valtozata","status":"publish","type":"post","link":"https:\/\/super-news.info\/hu\/hamarosan-johet-az-eurovizios-dalfesztival-amerikai-valtozata\/","title":{"rendered":"Hamarosan j\u00f6het az Eurov\u00edzi\u00f3s Dalfesztiv\u00e1l amerikai v\u00e1ltozata"},"content":{"rendered":"<p> [ad_1]<br \/>\n<\/p>\n<p>\n\t\t\t\t\t\t\t\t A vil\u00e1g egyik legn\u00e9zettebb telev\u00edzi\u00f3s showm\u0171sora k\u00e9t \u00e9ven bel\u00fcl a legnagyobb t\u00e9v\u00e9s piacon is bemutatkozhat.\t\t\t\t\t\t\t<\/p>\n<div>\n<p>K\u00e9t \u00e9v m\u00falva elindulhat az Eurov\u00edzi\u00f3s Dalfesztiv\u00e1l amerikai v\u00e1ltozata: az Eur\u00f3pai M\u0171sorszolg\u00e1ltat\u00f3k Sz\u00f6vets\u00e9ge (EBU) egy sv\u00e9d produkci\u00f3s c\u00e9get b\u00edzott meg a nagy siker\u0171 dalverseny amerikai verzi\u00f3j\u00e1nak l\u00e9trehoz\u00e1s\u00e1val.<\/p>\n<p>A tervek szerint a sv\u00e9d Brain Academy produkci\u00f3s c\u00e9g 2021-ben szervezn\u00e9 az els\u0151 amerikai dalfesztiv\u00e1lt.<\/p>\n<blockquote>\n<p>A sportm\u0171sorokon k\u00edv\u00fcl a vil\u00e1g legnagyobb telev\u00edzi\u00f3s showm\u0171sora az Eurov\u00edzi\u00f3s Dalfesztiv\u00e1l: egy kontinenst egyes\u00edt \u00e9s mindenkit szavaz\u00e1sra \u00f6szt\u00f6n\u00f6z<\/p>\n<\/blockquote>\n<p>\u2013 id\u00e9zte Peter Settmant, a Brain Academy vezet\u0151j\u00e9t \u00e9s kreat\u00edv igazgat\u00f3j\u00e1t a The Hollywood Reporter szerd\u00e1n. Settman hozz\u00e1tette: alig v\u00e1rja, hogy a versenyt a vil\u00e1g legnagyobb t\u00e9v\u00e9s piac\u00e1n is bemutass\u00e1k.<\/p>\n<div id=\"attachment_1514452\" style=\"width: 1410px\" class=\"wp-caption aligncenter\">\n<p class=\"wp-caption-text\">Fot\u00f3: STR\/NurPhoto\/AFP<\/p>\n<\/div>\n<p>A dalfesztiv\u00e1l \u00e1zsiai v\u00e1ltozat\u00e1nak megval\u00f3s\u00edt\u00e1s\u00e1t 2017-ben jelentett\u00e9k be. Az \u00c1zsiai Dalfesztiv\u00e1lban 17 \u00e1zsiai orsz\u00e1g \u2013 k\u00f6zt\u00fck K\u00edna, India, Jap\u00e1n \u00e9s az Egyes\u00fclt Arab Em\u00edrs\u00e9gek \u2013 verseng majd egyetlen est\u00e9n, de az els\u0151 ad\u00e1s id\u0151pontj\u00e1t m\u00e9g nem t\u0171zt\u00e9k ki.<\/p>\n<p>Az Amerikai Dalfesztiv\u00e1l (American Song Contest) c\u00edm\u0171 telev\u00edzi\u00f3s verseny egyel\u0151re m\u00e9g fejleszt\u00e9s alatt \u00e1ll. A tervek szerint a t\u00f6bbfordul\u00f3s versenyben amerikai \u00e1llamok dalai m\u00e9rk\u0151zn\u00e9nek meg egym\u00e1ssal, s a legjobbak k\u00f6z\u00fcl v\u00e9g\u00fcl a d\u00f6nt\u0151ben ker\u00fcl majd ki a gy\u0151ztes.<\/p>\n<p>Az id\u00e9n 64. alkalommal megrendezett Eurov\u00edzi\u00f3s Dalfesztiv\u00e1lt a vil\u00e1g legnagyobb zenei esem\u00e9nyek\u00e9nt tartj\u00e1k sz\u00e1mon, amely vil\u00e1gszerte 200 milli\u00f3 n\u00e9z\u0151t \u00fcltet a k\u00e9perny\u0151 el\u00e9. Az eur\u00f3pai orsz\u00e1gokon k\u00edv\u00fcl Izrael \u00e9s 2015 \u00f3ta Ausztr\u00e1lia is szerepel a versenyben.<\/p>\n<\/p><\/div>\n<p><script>\n    window.fbAsyncInit = function() {\n        FB.init({\n            appId      : \"204760236815359\",\n            xfbml      : true,\n            version    : \"v2.12\"\n        });\n        FB.AppEvents.logPageView();\n    };<\/p>\n<p>    (function(d, s, id){\n        var js, fjs = d.getElementsByTagName(s)[0];\n        if (d.getElementById(id)) {return;}\n        js = d.createElement(s); js.id = id;\n        js.src = \"http:\/\/connect.facebook.net\/hu_HU\/sdk.js\";\n        fjs.parentNode.insertBefore(js, fjs);\n    }(document, \"script\", \"facebook-jssdk\"));\n<\/script><br \/>\n<br \/>[ad_2]<br \/>\n<br \/><a href=\"https:\/\/www.vg.hu\/kozelet\/kultura\/hamarosan-johet-az-eurovizios-dalfesztival-amerikai-valtozata-1514434\/\">Source link <\/a><\/p>\n","protected":false},"excerpt":{"rendered":"<p>[ad_1] A vil\u00e1g egyik legn\u00e9zettebb telev\u00edzi\u00f3s showm\u0171sora k\u00e9t \u00e9ven bel\u00fcl a legnagyobb t\u00e9v\u00e9s piacon is bemutatkozhat. K\u00e9t \u00e9v m\u00falva elindulhat az Eurov\u00edzi\u00f3s Dalfesztiv\u00e1l amerikai v\u00e1ltozata: az Eur\u00f3pai M\u0171sorszolg\u00e1ltat\u00f3k Sz\u00f6vets\u00e9ge (EBU) egy sv\u00e9d produkci\u00f3s c\u00e9get b\u00edzott meg a nagy siker\u0171 dalverseny amerikai verzi\u00f3j\u00e1nak l\u00e9trehoz\u00e1s\u00e1val. A tervek szerint a sv\u00e9d Brain Academy produkci\u00f3s c\u00e9g 2021-ben szervezn\u00e9 az [&hellip;]<\/p>\n","protected":false},"author":2,"featured_media":2018,"comment_status":"open","ping_status":"open","sticky":false,"template":"","format":"standard","meta":{"footnotes":""},"categories":[1],"tags":[],"class_list":["post-2017","post","type-post","status-publish","format-standard","has-post-thumbnail","hentry","category-penzugyi-hirek"],"yoast_head":"<!-- This site is optimized with the Yoast SEO plugin v27.4 - https:\/\/yoast.com\/product\/yoast-seo-wordpress\/ -->\n<title>Hamarosan j\u00f6het az Eurov\u00edzi\u00f3s Dalfesztiv\u00e1l amerikai v\u00e1ltozata - Super News<\/title>\n<meta name=\"robots\" content=\"index, follow, max-snippet:-1, max-image-preview:large, max-video-preview:-1\" \/>\n<link rel=\"canonical\" href=\"https:\/\/super-news.info\/hu\/hamarosan-johet-az-eurovizios-dalfesztival-amerikai-valtozata\/\" \/>\n<meta property=\"og:locale\" content=\"hu_HU\" \/>\n<meta property=\"og:type\" content=\"article\" \/>\n<meta property=\"og:title\" content=\"Hamarosan j\u00f6het az Eurov\u00edzi\u00f3s Dalfesztiv\u00e1l amerikai v\u00e1ltozata - Super News\" \/>\n<meta property=\"og:description\" content=\"[ad_1] A vil\u00e1g egyik legn\u00e9zettebb telev\u00edzi\u00f3s showm\u0171sora k\u00e9t \u00e9ven bel\u00fcl a legnagyobb t\u00e9v\u00e9s piacon is bemutatkozhat. K\u00e9t \u00e9v m\u00falva elindulhat az Eurov\u00edzi\u00f3s Dalfesztiv\u00e1l amerikai v\u00e1ltozata: az Eur\u00f3pai M\u0171sorszolg\u00e1ltat\u00f3k Sz\u00f6vets\u00e9ge (EBU) egy sv\u00e9d produkci\u00f3s c\u00e9get b\u00edzott meg a nagy siker\u0171 dalverseny amerikai verzi\u00f3j\u00e1nak l\u00e9trehoz\u00e1s\u00e1val. A tervek szerint a sv\u00e9d Brain Academy produkci\u00f3s c\u00e9g 2021-ben szervezn\u00e9 az [&hellip;]\" \/>\n<meta property=\"og:url\" content=\"https:\/\/super-news.info\/hu\/hamarosan-johet-az-eurovizios-dalfesztival-amerikai-valtozata\/\" \/>\n<meta property=\"og:site_name\" content=\"Super News\" \/>\n<meta property=\"article:published_time\" content=\"2019-05-15T17:25:44+00:00\" \/>\n<meta property=\"article:modified_time\" content=\"2019-05-15T17:25:45+00:00\" \/>\n<meta property=\"og:image\" content=\"https:\/\/super-news.info\/hu\/wp-content\/uploads\/sites\/3\/2019\/05\/Hamarosan-j\u00f6het-az-Eurov\u00edzi\u00f3s-Dalfesztiv\u00e1l-amerikai-v\u00e1ltozata.jpg\" \/>\n\t<meta property=\"og:image:width\" content=\"1400\" \/>\n\t<meta property=\"og:image:height\" content=\"965\" \/>\n\t<meta property=\"og:image:type\" content=\"image\/jpeg\" \/>\n<meta name=\"author\" content=\"super-news\" \/>\n<meta name=\"twitter:card\" content=\"summary_large_image\" \/>\n<meta name=\"twitter:label1\" content=\"Szerz\u0151:\" \/>\n\t<meta name=\"twitter:data1\" content=\"super-news\" \/>\n\t<meta name=\"twitter:label2\" content=\"Becs\u00fclt olvas\u00e1si id\u0151\" \/>\n\t<meta name=\"twitter:data2\" content=\"2 perc\" \/>\n<script type=\"application\/ld+json\" class=\"yoast-schema-graph\">{\"@context\":\"https:\\\/\\\/schema.org\",\"@graph\":[{\"@type\":\"Article\",\"@id\":\"https:\\\/\\\/super-news.info\\\/hu\\\/hamarosan-johet-az-eurovizios-dalfesztival-amerikai-valtozata\\\/#article\",\"isPartOf\":{\"@id\":\"https:\\\/\\\/super-news.info\\\/hu\\\/hamarosan-johet-az-eurovizios-dalfesztival-amerikai-valtozata\\\/\"},\"author\":{\"name\":\"super-news\",\"@id\":\"https:\\\/\\\/super-news.info\\\/hu\\\/#\\\/schema\\\/person\\\/2d4068cb2f39cd10008c2fce578a7356\"},\"headline\":\"Hamarosan j\u00f6het az Eurov\u00edzi\u00f3s Dalfesztiv\u00e1l amerikai v\u00e1ltozata\",\"datePublished\":\"2019-05-15T17:25:44+00:00\",\"dateModified\":\"2019-05-15T17:25:45+00:00\",\"mainEntityOfPage\":{\"@id\":\"https:\\\/\\\/super-news.info\\\/hu\\\/hamarosan-johet-az-eurovizios-dalfesztival-amerikai-valtozata\\\/\"},\"wordCount\":355,\"commentCount\":0,\"image\":{\"@id\":\"https:\\\/\\\/super-news.info\\\/hu\\\/hamarosan-johet-az-eurovizios-dalfesztival-amerikai-valtozata\\\/#primaryimage\"},\"thumbnailUrl\":\"https:\\\/\\\/super-news.info\\\/hu\\\/wp-content\\\/uploads\\\/sites\\\/3\\\/2019\\\/05\\\/Hamarosan-j\u00f6het-az-Eurov\u00edzi\u00f3s-Dalfesztiv\u00e1l-amerikai-v\u00e1ltozata.jpg\",\"articleSection\":[\"P\u00c9NZ\u00dcGYI H\u00cdREK\"],\"inLanguage\":\"hu\",\"potentialAction\":[{\"@type\":\"CommentAction\",\"name\":\"Comment\",\"target\":[\"https:\\\/\\\/super-news.info\\\/hu\\\/hamarosan-johet-az-eurovizios-dalfesztival-amerikai-valtozata\\\/#respond\"]}]},{\"@type\":\"WebPage\",\"@id\":\"https:\\\/\\\/super-news.info\\\/hu\\\/hamarosan-johet-az-eurovizios-dalfesztival-amerikai-valtozata\\\/\",\"url\":\"https:\\\/\\\/super-news.info\\\/hu\\\/hamarosan-johet-az-eurovizios-dalfesztival-amerikai-valtozata\\\/\",\"name\":\"Hamarosan j\u00f6het az Eurov\u00edzi\u00f3s Dalfesztiv\u00e1l amerikai v\u00e1ltozata - Super News\",\"isPartOf\":{\"@id\":\"https:\\\/\\\/super-news.info\\\/hu\\\/#website\"},\"primaryImageOfPage\":{\"@id\":\"https:\\\/\\\/super-news.info\\\/hu\\\/hamarosan-johet-az-eurovizios-dalfesztival-amerikai-valtozata\\\/#primaryimage\"},\"image\":{\"@id\":\"https:\\\/\\\/super-news.info\\\/hu\\\/hamarosan-johet-az-eurovizios-dalfesztival-amerikai-valtozata\\\/#primaryimage\"},\"thumbnailUrl\":\"https:\\\/\\\/super-news.info\\\/hu\\\/wp-content\\\/uploads\\\/sites\\\/3\\\/2019\\\/05\\\/Hamarosan-j\u00f6het-az-Eurov\u00edzi\u00f3s-Dalfesztiv\u00e1l-amerikai-v\u00e1ltozata.jpg\",\"datePublished\":\"2019-05-15T17:25:44+00:00\",\"dateModified\":\"2019-05-15T17:25:45+00:00\",\"author\":{\"@id\":\"https:\\\/\\\/super-news.info\\\/hu\\\/#\\\/schema\\\/person\\\/2d4068cb2f39cd10008c2fce578a7356\"},\"breadcrumb\":{\"@id\":\"https:\\\/\\\/super-news.info\\\/hu\\\/hamarosan-johet-az-eurovizios-dalfesztival-amerikai-valtozata\\\/#breadcrumb\"},\"inLanguage\":\"hu\",\"potentialAction\":[{\"@type\":\"ReadAction\",\"target\":[\"https:\\\/\\\/super-news.info\\\/hu\\\/hamarosan-johet-az-eurovizios-dalfesztival-amerikai-valtozata\\\/\"]}]},{\"@type\":\"ImageObject\",\"inLanguage\":\"hu\",\"@id\":\"https:\\\/\\\/super-news.info\\\/hu\\\/hamarosan-johet-az-eurovizios-dalfesztival-amerikai-valtozata\\\/#primaryimage\",\"url\":\"https:\\\/\\\/super-news.info\\\/hu\\\/wp-content\\\/uploads\\\/sites\\\/3\\\/2019\\\/05\\\/Hamarosan-j\u00f6het-az-Eurov\u00edzi\u00f3s-Dalfesztiv\u00e1l-amerikai-v\u00e1ltozata.jpg\",\"contentUrl\":\"https:\\\/\\\/super-news.info\\\/hu\\\/wp-content\\\/uploads\\\/sites\\\/3\\\/2019\\\/05\\\/Hamarosan-j\u00f6het-az-Eurov\u00edzi\u00f3s-Dalfesztiv\u00e1l-amerikai-v\u00e1ltozata.jpg\",\"width\":1400,\"height\":965,\"caption\":\"Hamarosan j\u00f6het az Eurov\u00edzi\u00f3s Dalfesztiv\u00e1l amerikai v\u00e1ltozata\"},{\"@type\":\"BreadcrumbList\",\"@id\":\"https:\\\/\\\/super-news.info\\\/hu\\\/hamarosan-johet-az-eurovizios-dalfesztival-amerikai-valtozata\\\/#breadcrumb\",\"itemListElement\":[{\"@type\":\"ListItem\",\"position\":1,\"name\":\"\u0413\u043b\u0430\u0432\u043d\u0430\u044f \u0441\u0442\u0440\u0430\u043d\u0438\u0446\u0430\",\"item\":\"https:\\\/\\\/super-news.info\\\/hu\\\/\"},{\"@type\":\"ListItem\",\"position\":2,\"name\":\"Hamarosan j\u00f6het az Eurov\u00edzi\u00f3s Dalfesztiv\u00e1l amerikai v\u00e1ltozata\"}]},{\"@type\":\"WebSite\",\"@id\":\"https:\\\/\\\/super-news.info\\\/hu\\\/#website\",\"url\":\"https:\\\/\\\/super-news.info\\\/hu\\\/\",\"name\":\"Super News\",\"description\":\"Super News Magyarorsz\u00e1g\",\"potentialAction\":[{\"@type\":\"SearchAction\",\"target\":{\"@type\":\"EntryPoint\",\"urlTemplate\":\"https:\\\/\\\/super-news.info\\\/hu\\\/?s={search_term_string}\"},\"query-input\":{\"@type\":\"PropertyValueSpecification\",\"valueRequired\":true,\"valueName\":\"search_term_string\"}}],\"inLanguage\":\"hu\"},{\"@type\":\"Person\",\"@id\":\"https:\\\/\\\/super-news.info\\\/hu\\\/#\\\/schema\\\/person\\\/2d4068cb2f39cd10008c2fce578a7356\",\"name\":\"super-news\",\"image\":{\"@type\":\"ImageObject\",\"inLanguage\":\"hu\",\"@id\":\"https:\\\/\\\/secure.gravatar.com\\\/avatar\\\/64ebac40b93f26a154f8a9b5b6fdccfc46f442b26b3dd6756dbff3bf9dc76fd7?s=96&d=mm&r=g\",\"url\":\"https:\\\/\\\/secure.gravatar.com\\\/avatar\\\/64ebac40b93f26a154f8a9b5b6fdccfc46f442b26b3dd6756dbff3bf9dc76fd7?s=96&d=mm&r=g\",\"contentUrl\":\"https:\\\/\\\/secure.gravatar.com\\\/avatar\\\/64ebac40b93f26a154f8a9b5b6fdccfc46f442b26b3dd6756dbff3bf9dc76fd7?s=96&d=mm&r=g\",\"caption\":\"super-news\"},\"url\":\"https:\\\/\\\/super-news.info\\\/hu\\\/author\\\/pt\\\/\"}]}<\/script>\n<!-- \/ Yoast SEO plugin. -->","yoast_head_json":{"title":"Hamarosan j\u00f6het az Eurov\u00edzi\u00f3s Dalfesztiv\u00e1l amerikai v\u00e1ltozata - Super News","robots":{"index":"index","follow":"follow","max-snippet":"max-snippet:-1","max-image-preview":"max-image-preview:large","max-video-preview":"max-video-preview:-1"},"canonical":"https:\/\/super-news.info\/hu\/hamarosan-johet-az-eurovizios-dalfesztival-amerikai-valtozata\/","og_locale":"hu_HU","og_type":"article","og_title":"Hamarosan j\u00f6het az Eurov\u00edzi\u00f3s Dalfesztiv\u00e1l amerikai v\u00e1ltozata - Super News","og_description":"[ad_1] A vil\u00e1g egyik legn\u00e9zettebb telev\u00edzi\u00f3s showm\u0171sora k\u00e9t \u00e9ven bel\u00fcl a legnagyobb t\u00e9v\u00e9s piacon is bemutatkozhat. K\u00e9t \u00e9v m\u00falva elindulhat az Eurov\u00edzi\u00f3s Dalfesztiv\u00e1l amerikai v\u00e1ltozata: az Eur\u00f3pai M\u0171sorszolg\u00e1ltat\u00f3k Sz\u00f6vets\u00e9ge (EBU) egy sv\u00e9d produkci\u00f3s c\u00e9get b\u00edzott meg a nagy siker\u0171 dalverseny amerikai verzi\u00f3j\u00e1nak l\u00e9trehoz\u00e1s\u00e1val. A tervek szerint a sv\u00e9d Brain Academy produkci\u00f3s c\u00e9g 2021-ben szervezn\u00e9 az [&hellip;]","og_url":"https:\/\/super-news.info\/hu\/hamarosan-johet-az-eurovizios-dalfesztival-amerikai-valtozata\/","og_site_name":"Super News","article_published_time":"2019-05-15T17:25:44+00:00","article_modified_time":"2019-05-15T17:25:45+00:00","og_image":[{"width":1400,"height":965,"url":"https:\/\/super-news.info\/hu\/wp-content\/uploads\/sites\/3\/2019\/05\/Hamarosan-j\u00f6het-az-Eurov\u00edzi\u00f3s-Dalfesztiv\u00e1l-amerikai-v\u00e1ltozata.jpg","type":"image\/jpeg"}],"author":"super-news","twitter_card":"summary_large_image","twitter_misc":{"Szerz\u0151:":"super-news","Becs\u00fclt olvas\u00e1si id\u0151":"2 perc"},"schema":{"@context":"https:\/\/schema.org","@graph":[{"@type":"Article","@id":"https:\/\/super-news.info\/hu\/hamarosan-johet-az-eurovizios-dalfesztival-amerikai-valtozata\/#article","isPartOf":{"@id":"https:\/\/super-news.info\/hu\/hamarosan-johet-az-eurovizios-dalfesztival-amerikai-valtozata\/"},"author":{"name":"super-news","@id":"https:\/\/super-news.info\/hu\/#\/schema\/person\/2d4068cb2f39cd10008c2fce578a7356"},"headline":"Hamarosan j\u00f6het az Eurov\u00edzi\u00f3s Dalfesztiv\u00e1l amerikai v\u00e1ltozata","datePublished":"2019-05-15T17:25:44+00:00","dateModified":"2019-05-15T17:25:45+00:00","mainEntityOfPage":{"@id":"https:\/\/super-news.info\/hu\/hamarosan-johet-az-eurovizios-dalfesztival-amerikai-valtozata\/"},"wordCount":355,"commentCount":0,"image":{"@id":"https:\/\/super-news.info\/hu\/hamarosan-johet-az-eurovizios-dalfesztival-amerikai-valtozata\/#primaryimage"},"thumbnailUrl":"https:\/\/super-news.info\/hu\/wp-content\/uploads\/sites\/3\/2019\/05\/Hamarosan-j\u00f6het-az-Eurov\u00edzi\u00f3s-Dalfesztiv\u00e1l-amerikai-v\u00e1ltozata.jpg","articleSection":["P\u00c9NZ\u00dcGYI H\u00cdREK"],"inLanguage":"hu","potentialAction":[{"@type":"CommentAction","name":"Comment","target":["https:\/\/super-news.info\/hu\/hamarosan-johet-az-eurovizios-dalfesztival-amerikai-valtozata\/#respond"]}]},{"@type":"WebPage","@id":"https:\/\/super-news.info\/hu\/hamarosan-johet-az-eurovizios-dalfesztival-amerikai-valtozata\/","url":"https:\/\/super-news.info\/hu\/hamarosan-johet-az-eurovizios-dalfesztival-amerikai-valtozata\/","name":"Hamarosan j\u00f6het az Eurov\u00edzi\u00f3s Dalfesztiv\u00e1l amerikai v\u00e1ltozata - Super News","isPartOf":{"@id":"https:\/\/super-news.info\/hu\/#website"},"primaryImageOfPage":{"@id":"https:\/\/super-news.info\/hu\/hamarosan-johet-az-eurovizios-dalfesztival-amerikai-valtozata\/#primaryimage"},"image":{"@id":"https:\/\/super-news.info\/hu\/hamarosan-johet-az-eurovizios-dalfesztival-amerikai-valtozata\/#primaryimage"},"thumbnailUrl":"https:\/\/super-news.info\/hu\/wp-content\/uploads\/sites\/3\/2019\/05\/Hamarosan-j\u00f6het-az-Eurov\u00edzi\u00f3s-Dalfesztiv\u00e1l-amerikai-v\u00e1ltozata.jpg","datePublished":"2019-05-15T17:25:44+00:00","dateModified":"2019-05-15T17:25:45+00:00","author":{"@id":"https:\/\/super-news.info\/hu\/#\/schema\/person\/2d4068cb2f39cd10008c2fce578a7356"},"breadcrumb":{"@id":"https:\/\/super-news.info\/hu\/hamarosan-johet-az-eurovizios-dalfesztival-amerikai-valtozata\/#breadcrumb"},"inLanguage":"hu","potentialAction":[{"@type":"ReadAction","target":["https:\/\/super-news.info\/hu\/hamarosan-johet-az-eurovizios-dalfesztival-amerikai-valtozata\/"]}]},{"@type":"ImageObject","inLanguage":"hu","@id":"https:\/\/super-news.info\/hu\/hamarosan-johet-az-eurovizios-dalfesztival-amerikai-valtozata\/#primaryimage","url":"https:\/\/super-news.info\/hu\/wp-content\/uploads\/sites\/3\/2019\/05\/Hamarosan-j\u00f6het-az-Eurov\u00edzi\u00f3s-Dalfesztiv\u00e1l-amerikai-v\u00e1ltozata.jpg","contentUrl":"https:\/\/super-news.info\/hu\/wp-content\/uploads\/sites\/3\/2019\/05\/Hamarosan-j\u00f6het-az-Eurov\u00edzi\u00f3s-Dalfesztiv\u00e1l-amerikai-v\u00e1ltozata.jpg","width":1400,"height":965,"caption":"Hamarosan j\u00f6het az Eurov\u00edzi\u00f3s Dalfesztiv\u00e1l amerikai v\u00e1ltozata"},{"@type":"BreadcrumbList","@id":"https:\/\/super-news.info\/hu\/hamarosan-johet-az-eurovizios-dalfesztival-amerikai-valtozata\/#breadcrumb","itemListElement":[{"@type":"ListItem","position":1,"name":"\u0413\u043b\u0430\u0432\u043d\u0430\u044f \u0441\u0442\u0440\u0430\u043d\u0438\u0446\u0430","item":"https:\/\/super-news.info\/hu\/"},{"@type":"ListItem","position":2,"name":"Hamarosan j\u00f6het az Eurov\u00edzi\u00f3s Dalfesztiv\u00e1l amerikai v\u00e1ltozata"}]},{"@type":"WebSite","@id":"https:\/\/super-news.info\/hu\/#website","url":"https:\/\/super-news.info\/hu\/","name":"Super News","description":"Super News Magyarorsz\u00e1g","potentialAction":[{"@type":"SearchAction","target":{"@type":"EntryPoint","urlTemplate":"https:\/\/super-news.info\/hu\/?s={search_term_string}"},"query-input":{"@type":"PropertyValueSpecification","valueRequired":true,"valueName":"search_term_string"}}],"inLanguage":"hu"},{"@type":"Person","@id":"https:\/\/super-news.info\/hu\/#\/schema\/person\/2d4068cb2f39cd10008c2fce578a7356","name":"super-news","image":{"@type":"ImageObject","inLanguage":"hu","@id":"https:\/\/secure.gravatar.com\/avatar\/64ebac40b93f26a154f8a9b5b6fdccfc46f442b26b3dd6756dbff3bf9dc76fd7?s=96&d=mm&r=g","url":"https:\/\/secure.gravatar.com\/avatar\/64ebac40b93f26a154f8a9b5b6fdccfc46f442b26b3dd6756dbff3bf9dc76fd7?s=96&d=mm&r=g","contentUrl":"https:\/\/secure.gravatar.com\/avatar\/64ebac40b93f26a154f8a9b5b6fdccfc46f442b26b3dd6756dbff3bf9dc76fd7?s=96&d=mm&r=g","caption":"super-news"},"url":"https:\/\/super-news.info\/hu\/author\/pt\/"}]}},"_links":{"self":[{"href":"https:\/\/super-news.info\/hu\/wp-json\/wp\/v2\/posts\/2017","targetHints":{"allow":["GET"]}}],"collection":[{"href":"https:\/\/super-news.info\/hu\/wp-json\/wp\/v2\/posts"}],"about":[{"href":"https:\/\/super-news.info\/hu\/wp-json\/wp\/v2\/types\/post"}],"author":[{"embeddable":true,"href":"https:\/\/super-news.info\/hu\/wp-json\/wp\/v2\/users\/2"}],"replies":[{"embeddable":true,"href":"https:\/\/super-news.info\/hu\/wp-json\/wp\/v2\/comments?post=2017"}],"version-history":[{"count":1,"href":"https:\/\/super-news.info\/hu\/wp-json\/wp\/v2\/posts\/2017\/revisions"}],"predecessor-version":[{"id":2019,"href":"https:\/\/super-news.info\/hu\/wp-json\/wp\/v2\/posts\/2017\/revisions\/2019"}],"wp:featuredmedia":[{"embeddable":true,"href":"https:\/\/super-news.info\/hu\/wp-json\/wp\/v2\/media\/2018"}],"wp:attachment":[{"href":"https:\/\/super-news.info\/hu\/wp-json\/wp\/v2\/media?parent=2017"}],"wp:term":[{"taxonomy":"category","embeddable":true,"href":"https:\/\/super-news.info\/hu\/wp-json\/wp\/v2\/categories?post=2017"},{"taxonomy":"post_tag","embeddable":true,"href":"https:\/\/super-news.info\/hu\/wp-json\/wp\/v2\/tags?post=2017"}],"curies":[{"name":"wp","href":"https:\/\/api.w.org\/{rel}","templated":true}]}}