{"id":2014,"date":"2019-05-15T19:27:55","date_gmt":"2019-05-15T16:27:55","guid":{"rendered":"https:\/\/super-news.info\/hu\/porosenko-alairta-a-vitatott-ukran-nyelvtorvenyt\/"},"modified":"2019-05-15T19:27:56","modified_gmt":"2019-05-15T16:27:56","slug":"porosenko-alairta-a-vitatott-ukran-nyelvtorvenyt","status":"publish","type":"post","link":"https:\/\/super-news.info\/hu\/porosenko-alairta-a-vitatott-ukran-nyelvtorvenyt\/","title":{"rendered":"Porosenko al\u00e1\u00edrta a vitatott ukr\u00e1n nyelvt\u00f6rv\u00e9nyt"},"content":{"rendered":"<p> [ad_1]<br \/>\n<\/p>\n<p>\n\t\t\t\t\t\t\t\tPetro Porosenko lek\u00f6sz\u00f6n\u0151 eln\u00f6k al\u00e1\u00edrta szerd\u00e1n az ukr\u00e1n nyelvt\u00f6rv\u00e9nyt, amely ellen t\u00f6bb \u00edzben hevesen tiltakoztak a k\u00e1rp\u00e1taljai magyar szervezetek, mert szerint\u00fck felsz\u00e1molja a kisebbs\u00e9gek valamennyi eddigi nyelvi jog\u00e1t.\t\t\t\t\t\t\t<\/p>\n<div>\n<p>Petro Porosenko lek\u00f6sz\u00f6n\u0151 eln\u00f6k al\u00e1\u00edrta szerd\u00e1n az ukr\u00e1n nyelvt\u00f6rv\u00e9nyt, amely ellen t\u00f6bb \u00edzben hevesen tiltakoztak a k\u00e1rp\u00e1taljai magyar szervezetek, mert szerint\u00fck felsz\u00e1molja a kisebbs\u00e9gek valamennyi eddigi nyelvi jog\u00e1t. Porosenko az al\u00e1\u00edr\u00e1skor ism\u00e9telten hangs\u00falyozta, hogy<\/p>\n<blockquote>\n<p>az ukr\u00e1n mint \u00e1llamnyelv m\u0171k\u00f6d\u00e9s\u00e9r\u0151l sz\u00f3l\u00f3 t\u00f6rv\u00e9ny semmilyen form\u00e1ban nem s\u00e9rt m\u00e1s nyelveket.<\/p>\n<\/blockquote>\n<p>Rem\u00e9ny\u00e9t fejezte ki, hogy Volodimir Zelenszkij megv\u00e1lasztott eln\u00f6k hivatalba l\u00e9p\u00e9se ut\u00e1n az \u00faj ukr\u00e1n vezet\u00e9s \u2013 miut\u00e1n elemezte a jogszab\u00e1lyt \u2013 a gyakorlatban is alkalmazni fogja a t\u00f6rv\u00e9nybe foglalt norm\u00e1kat.<\/p>\n<p>K\u00f6sz\u00f6netet mondott a parlamenti k\u00e9pvisel\u0151knek, Andrij Parubij h\u00e1zeln\u00f6knek, valamint azoknak az aktivist\u00e1knak \u00e9s a kultur\u00e1lis \u00e9let azon k\u00e9pvisel\u0151inek, akik t\u00e1mogatt\u00e1k a t\u00f6rv\u00e9ny elfogad\u00e1s\u00e1t. Szavai szerint alapvet\u0151en csak a Moszkva-p\u00e1rti politikai er\u0151 ellenezte a jogszab\u00e1lyt. \u201eEz m\u00e9g ink\u00e1bb bizony\u00edtja, hogy a helyes ir\u00e1nyba haladunk\u201d \u2013 tette hozz\u00e1.<\/p>\n<p>Andrij Parubij h\u00e1zeln\u00f6k kedden \u00edrta al\u00e1 a t\u00f6rv\u00e9nyt azut\u00e1n, hogy a parlament elvetette azt a n\u00e9gy el\u0151erjeszt\u00e9st, amelyben Moszkva-bar\u00e1t k\u00e9pvisel\u0151k a jogszab\u00e1ly visszavon\u00e1s\u00e1t kezdem\u00e9nyezt\u00e9k.<\/p>\n<div id=\"attachment_1220998\" style=\"width: 1410px\" class=\"wp-caption aligncenter\">\n<p class=\"wp-caption-text\">Petro Porosenko <br \/>Fot\u00f3: MTI\/EPA\/Pool\/Eln\u00f6ki sajt\u00f3szolg\u00e1lat\/Mihajlo Markiv<\/p>\n<\/div>\n<p>A t\u00f6rv\u00e9nyt a parlament \u00e1prilis 25-\u00e9n fogadta el.<\/p>\n<p>A jogszab\u00e1llyal szembeni kisebbs\u00e9gi tiltakoz\u00e1sok oka, hogy a t\u00f6rv\u00e9ny a mag\u00e1nbesz\u00e9lget\u00e9seket \u00e9s a vall\u00e1si szertart\u00e1sokat kiv\u00e9ve gyakorlatilag mindenhol k\u00f6telez\u0151v\u00e9 teszi az ukr\u00e1n nyelv haszn\u00e1lat\u00e1t, valamint az ukr\u00e1n nyelv, illetve a szab\u00e1lyok megs\u00e9rt\u00e9s\u00e9\u00e9rt val\u00f3 jogi felel\u0151ss\u00e9gre von\u00e1st, b\u00edrs\u00e1got, a nemzeti szimb\u00f3lumok meggyal\u00e1z\u00e1sa eset\u00e9n ak\u00e1r b\u00f6rt\u00f6nb\u00fcntet\u00e9st is kil\u00e1t\u00e1sba helyez.<\/p>\n<p>Kedden a K\u00e1rp\u00e1taljai Magyar Kultur\u00e1lis Sz\u00f6vets\u00e9g (KMKSZ) \u00e9s az Ukrajnai Magyar Demokrata Sz\u00f6vets\u00e9g (UMDSZ) k\u00f6z\u00f6s lev\u00e9lben k\u00e9rte Porosenk\u00f3t, hogy ne \u00edrja al\u00e1 a nyelvt\u00f6rv\u00e9nyt, mert szerint\u00fck az kirekeszt\u0151, alapjaiban s\u00e9rti Ukrajna \u00e1llampolg\u00e1rainak emberi jogait, \u00e9s ellehetetlen\u00edti az ukrajnai nemzetis\u00e9gek anyanyelv-haszn\u00e1lat\u00e1t.<br \/>Zelenszkij kor\u00e1bban azt \u00edg\u00e9rte, hogy hivatalba l\u00e9p\u00e9se ut\u00e1n megvizsg\u00e1lja a t\u00f6rv\u00e9nyt arra vonatkoz\u00f3an, tiszteletben tartja-e a jogszab\u00e1ly minden \u00e1llampolg\u00e1r jogait.<\/p>\n<p>Porosenko, illetve a jelenlegi korm\u00e1ny r\u00e9sz\u00e9r\u0151l kor\u00e1bban t\u00f6bb \u00edzben elhangzott az az \u00edg\u00e9ret is, hogy a kisebbs\u00e9gi nyelvek v\u00e9delm\u00e9r\u0151l k\u00fcl\u00f6n t\u00f6rv\u00e9nyt fogadnak majd el, de ilyen tartalm\u00fa el\u0151terjeszt\u00e9s m\u00e9g nincs a parlament el\u0151tt.<\/p>\n<\/p><\/div>\n<p><script>\n    window.fbAsyncInit = function() {\n        FB.init({\n            appId      : \"204760236815359\",\n            xfbml      : true,\n            version    : \"v2.12\"\n        });\n        FB.AppEvents.logPageView();\n    };<\/p>\n<p>    (function(d, s, id){\n        var js, fjs = d.getElementsByTagName(s)[0];\n        if (d.getElementById(id)) {return;}\n        js = d.createElement(s); js.id = id;\n        js.src = \"http:\/\/connect.facebook.net\/hu_HU\/sdk.js\";\n        fjs.parentNode.insertBefore(js, fjs);\n    }(document, \"script\", \"facebook-jssdk\"));\n<\/script><br \/>\n<br \/>[ad_2]<br \/>\n<br \/><a href=\"https:\/\/www.vg.hu\/kozelet\/kozeleti-hirek\/porosenko-alairta-a-vitatott-ukran-nyelvtorvenyt-1514104\/\">Source link <\/a><\/p>\n","protected":false},"excerpt":{"rendered":"<p>[ad_1] Petro Porosenko lek\u00f6sz\u00f6n\u0151 eln\u00f6k al\u00e1\u00edrta szerd\u00e1n az ukr\u00e1n nyelvt\u00f6rv\u00e9nyt, amely ellen t\u00f6bb \u00edzben hevesen tiltakoztak a k\u00e1rp\u00e1taljai magyar szervezetek, mert szerint\u00fck felsz\u00e1molja a kisebbs\u00e9gek valamennyi eddigi nyelvi jog\u00e1t. Petro Porosenko lek\u00f6sz\u00f6n\u0151 eln\u00f6k al\u00e1\u00edrta szerd\u00e1n az ukr\u00e1n nyelvt\u00f6rv\u00e9nyt, amely ellen t\u00f6bb \u00edzben hevesen tiltakoztak a k\u00e1rp\u00e1taljai magyar szervezetek, mert szerint\u00fck felsz\u00e1molja a kisebbs\u00e9gek valamennyi eddigi [&hellip;]<\/p>\n","protected":false},"author":2,"featured_media":2015,"comment_status":"open","ping_status":"open","sticky":false,"template":"","format":"standard","meta":{"footnotes":""},"categories":[1],"tags":[],"class_list":["post-2014","post","type-post","status-publish","format-standard","has-post-thumbnail","hentry","category-penzugyi-hirek"],"yoast_head":"<!-- This site is optimized with the Yoast SEO plugin v27.4 - https:\/\/yoast.com\/product\/yoast-seo-wordpress\/ -->\n<title>Porosenko al\u00e1\u00edrta a vitatott ukr\u00e1n nyelvt\u00f6rv\u00e9nyt - Super News<\/title>\n<meta name=\"robots\" content=\"index, follow, max-snippet:-1, max-image-preview:large, max-video-preview:-1\" \/>\n<link rel=\"canonical\" href=\"https:\/\/super-news.info\/hu\/porosenko-alairta-a-vitatott-ukran-nyelvtorvenyt\/\" \/>\n<meta property=\"og:locale\" content=\"hu_HU\" \/>\n<meta property=\"og:type\" content=\"article\" \/>\n<meta property=\"og:title\" content=\"Porosenko al\u00e1\u00edrta a vitatott ukr\u00e1n nyelvt\u00f6rv\u00e9nyt - Super News\" \/>\n<meta property=\"og:description\" content=\"[ad_1] Petro Porosenko lek\u00f6sz\u00f6n\u0151 eln\u00f6k al\u00e1\u00edrta szerd\u00e1n az ukr\u00e1n nyelvt\u00f6rv\u00e9nyt, amely ellen t\u00f6bb \u00edzben hevesen tiltakoztak a k\u00e1rp\u00e1taljai magyar szervezetek, mert szerint\u00fck felsz\u00e1molja a kisebbs\u00e9gek valamennyi eddigi nyelvi jog\u00e1t. Petro Porosenko lek\u00f6sz\u00f6n\u0151 eln\u00f6k al\u00e1\u00edrta szerd\u00e1n az ukr\u00e1n nyelvt\u00f6rv\u00e9nyt, amely ellen t\u00f6bb \u00edzben hevesen tiltakoztak a k\u00e1rp\u00e1taljai magyar szervezetek, mert szerint\u00fck felsz\u00e1molja a kisebbs\u00e9gek valamennyi eddigi [&hellip;]\" \/>\n<meta property=\"og:url\" content=\"https:\/\/super-news.info\/hu\/porosenko-alairta-a-vitatott-ukran-nyelvtorvenyt\/\" \/>\n<meta property=\"og:site_name\" content=\"Super News\" \/>\n<meta property=\"article:published_time\" content=\"2019-05-15T16:27:55+00:00\" \/>\n<meta property=\"article:modified_time\" content=\"2019-05-15T16:27:56+00:00\" \/>\n<meta property=\"og:image\" content=\"https:\/\/super-news.info\/hu\/wp-content\/uploads\/sites\/3\/2019\/05\/Porosenko-al\u00e1\u00edrta-a-vitatott-ukr\u00e1n-nyelvt\u00f6rv\u00e9nyt.jpg\" \/>\n\t<meta property=\"og:image:width\" content=\"1400\" \/>\n\t<meta property=\"og:image:height\" content=\"1003\" \/>\n\t<meta property=\"og:image:type\" content=\"image\/jpeg\" \/>\n<meta name=\"author\" content=\"super-news\" \/>\n<meta name=\"twitter:card\" content=\"summary_large_image\" \/>\n<meta name=\"twitter:label1\" content=\"Szerz\u0151:\" \/>\n\t<meta name=\"twitter:data1\" content=\"super-news\" \/>\n\t<meta name=\"twitter:label2\" content=\"Becs\u00fclt olvas\u00e1si id\u0151\" \/>\n\t<meta name=\"twitter:data2\" content=\"3 perc\" \/>\n<script type=\"application\/ld+json\" class=\"yoast-schema-graph\">{\"@context\":\"https:\\\/\\\/schema.org\",\"@graph\":[{\"@type\":\"Article\",\"@id\":\"https:\\\/\\\/super-news.info\\\/hu\\\/porosenko-alairta-a-vitatott-ukran-nyelvtorvenyt\\\/#article\",\"isPartOf\":{\"@id\":\"https:\\\/\\\/super-news.info\\\/hu\\\/porosenko-alairta-a-vitatott-ukran-nyelvtorvenyt\\\/\"},\"author\":{\"name\":\"super-news\",\"@id\":\"https:\\\/\\\/super-news.info\\\/hu\\\/#\\\/schema\\\/person\\\/2d4068cb2f39cd10008c2fce578a7356\"},\"headline\":\"Porosenko al\u00e1\u00edrta a vitatott ukr\u00e1n nyelvt\u00f6rv\u00e9nyt\",\"datePublished\":\"2019-05-15T16:27:55+00:00\",\"dateModified\":\"2019-05-15T16:27:56+00:00\",\"mainEntityOfPage\":{\"@id\":\"https:\\\/\\\/super-news.info\\\/hu\\\/porosenko-alairta-a-vitatott-ukran-nyelvtorvenyt\\\/\"},\"wordCount\":537,\"commentCount\":0,\"image\":{\"@id\":\"https:\\\/\\\/super-news.info\\\/hu\\\/porosenko-alairta-a-vitatott-ukran-nyelvtorvenyt\\\/#primaryimage\"},\"thumbnailUrl\":\"https:\\\/\\\/super-news.info\\\/hu\\\/wp-content\\\/uploads\\\/sites\\\/3\\\/2019\\\/05\\\/Porosenko-al\u00e1\u00edrta-a-vitatott-ukr\u00e1n-nyelvt\u00f6rv\u00e9nyt.jpg\",\"articleSection\":[\"P\u00c9NZ\u00dcGYI H\u00cdREK\"],\"inLanguage\":\"hu\",\"potentialAction\":[{\"@type\":\"CommentAction\",\"name\":\"Comment\",\"target\":[\"https:\\\/\\\/super-news.info\\\/hu\\\/porosenko-alairta-a-vitatott-ukran-nyelvtorvenyt\\\/#respond\"]}]},{\"@type\":\"WebPage\",\"@id\":\"https:\\\/\\\/super-news.info\\\/hu\\\/porosenko-alairta-a-vitatott-ukran-nyelvtorvenyt\\\/\",\"url\":\"https:\\\/\\\/super-news.info\\\/hu\\\/porosenko-alairta-a-vitatott-ukran-nyelvtorvenyt\\\/\",\"name\":\"Porosenko al\u00e1\u00edrta a vitatott ukr\u00e1n nyelvt\u00f6rv\u00e9nyt - Super News\",\"isPartOf\":{\"@id\":\"https:\\\/\\\/super-news.info\\\/hu\\\/#website\"},\"primaryImageOfPage\":{\"@id\":\"https:\\\/\\\/super-news.info\\\/hu\\\/porosenko-alairta-a-vitatott-ukran-nyelvtorvenyt\\\/#primaryimage\"},\"image\":{\"@id\":\"https:\\\/\\\/super-news.info\\\/hu\\\/porosenko-alairta-a-vitatott-ukran-nyelvtorvenyt\\\/#primaryimage\"},\"thumbnailUrl\":\"https:\\\/\\\/super-news.info\\\/hu\\\/wp-content\\\/uploads\\\/sites\\\/3\\\/2019\\\/05\\\/Porosenko-al\u00e1\u00edrta-a-vitatott-ukr\u00e1n-nyelvt\u00f6rv\u00e9nyt.jpg\",\"datePublished\":\"2019-05-15T16:27:55+00:00\",\"dateModified\":\"2019-05-15T16:27:56+00:00\",\"author\":{\"@id\":\"https:\\\/\\\/super-news.info\\\/hu\\\/#\\\/schema\\\/person\\\/2d4068cb2f39cd10008c2fce578a7356\"},\"breadcrumb\":{\"@id\":\"https:\\\/\\\/super-news.info\\\/hu\\\/porosenko-alairta-a-vitatott-ukran-nyelvtorvenyt\\\/#breadcrumb\"},\"inLanguage\":\"hu\",\"potentialAction\":[{\"@type\":\"ReadAction\",\"target\":[\"https:\\\/\\\/super-news.info\\\/hu\\\/porosenko-alairta-a-vitatott-ukran-nyelvtorvenyt\\\/\"]}]},{\"@type\":\"ImageObject\",\"inLanguage\":\"hu\",\"@id\":\"https:\\\/\\\/super-news.info\\\/hu\\\/porosenko-alairta-a-vitatott-ukran-nyelvtorvenyt\\\/#primaryimage\",\"url\":\"https:\\\/\\\/super-news.info\\\/hu\\\/wp-content\\\/uploads\\\/sites\\\/3\\\/2019\\\/05\\\/Porosenko-al\u00e1\u00edrta-a-vitatott-ukr\u00e1n-nyelvt\u00f6rv\u00e9nyt.jpg\",\"contentUrl\":\"https:\\\/\\\/super-news.info\\\/hu\\\/wp-content\\\/uploads\\\/sites\\\/3\\\/2019\\\/05\\\/Porosenko-al\u00e1\u00edrta-a-vitatott-ukr\u00e1n-nyelvt\u00f6rv\u00e9nyt.jpg\",\"width\":1400,\"height\":1003,\"caption\":\"Porosenko al\u00e1\u00edrta a vitatott ukr\u00e1n nyelvt\u00f6rv\u00e9nyt\"},{\"@type\":\"BreadcrumbList\",\"@id\":\"https:\\\/\\\/super-news.info\\\/hu\\\/porosenko-alairta-a-vitatott-ukran-nyelvtorvenyt\\\/#breadcrumb\",\"itemListElement\":[{\"@type\":\"ListItem\",\"position\":1,\"name\":\"\u0413\u043b\u0430\u0432\u043d\u0430\u044f \u0441\u0442\u0440\u0430\u043d\u0438\u0446\u0430\",\"item\":\"https:\\\/\\\/super-news.info\\\/hu\\\/\"},{\"@type\":\"ListItem\",\"position\":2,\"name\":\"Porosenko al\u00e1\u00edrta a vitatott ukr\u00e1n nyelvt\u00f6rv\u00e9nyt\"}]},{\"@type\":\"WebSite\",\"@id\":\"https:\\\/\\\/super-news.info\\\/hu\\\/#website\",\"url\":\"https:\\\/\\\/super-news.info\\\/hu\\\/\",\"name\":\"Super News\",\"description\":\"Super News Magyarorsz\u00e1g\",\"potentialAction\":[{\"@type\":\"SearchAction\",\"target\":{\"@type\":\"EntryPoint\",\"urlTemplate\":\"https:\\\/\\\/super-news.info\\\/hu\\\/?s={search_term_string}\"},\"query-input\":{\"@type\":\"PropertyValueSpecification\",\"valueRequired\":true,\"valueName\":\"search_term_string\"}}],\"inLanguage\":\"hu\"},{\"@type\":\"Person\",\"@id\":\"https:\\\/\\\/super-news.info\\\/hu\\\/#\\\/schema\\\/person\\\/2d4068cb2f39cd10008c2fce578a7356\",\"name\":\"super-news\",\"image\":{\"@type\":\"ImageObject\",\"inLanguage\":\"hu\",\"@id\":\"https:\\\/\\\/secure.gravatar.com\\\/avatar\\\/64ebac40b93f26a154f8a9b5b6fdccfc46f442b26b3dd6756dbff3bf9dc76fd7?s=96&d=mm&r=g\",\"url\":\"https:\\\/\\\/secure.gravatar.com\\\/avatar\\\/64ebac40b93f26a154f8a9b5b6fdccfc46f442b26b3dd6756dbff3bf9dc76fd7?s=96&d=mm&r=g\",\"contentUrl\":\"https:\\\/\\\/secure.gravatar.com\\\/avatar\\\/64ebac40b93f26a154f8a9b5b6fdccfc46f442b26b3dd6756dbff3bf9dc76fd7?s=96&d=mm&r=g\",\"caption\":\"super-news\"},\"url\":\"https:\\\/\\\/super-news.info\\\/hu\\\/author\\\/pt\\\/\"}]}<\/script>\n<!-- \/ Yoast SEO plugin. -->","yoast_head_json":{"title":"Porosenko al\u00e1\u00edrta a vitatott ukr\u00e1n nyelvt\u00f6rv\u00e9nyt - Super News","robots":{"index":"index","follow":"follow","max-snippet":"max-snippet:-1","max-image-preview":"max-image-preview:large","max-video-preview":"max-video-preview:-1"},"canonical":"https:\/\/super-news.info\/hu\/porosenko-alairta-a-vitatott-ukran-nyelvtorvenyt\/","og_locale":"hu_HU","og_type":"article","og_title":"Porosenko al\u00e1\u00edrta a vitatott ukr\u00e1n nyelvt\u00f6rv\u00e9nyt - Super News","og_description":"[ad_1] Petro Porosenko lek\u00f6sz\u00f6n\u0151 eln\u00f6k al\u00e1\u00edrta szerd\u00e1n az ukr\u00e1n nyelvt\u00f6rv\u00e9nyt, amely ellen t\u00f6bb \u00edzben hevesen tiltakoztak a k\u00e1rp\u00e1taljai magyar szervezetek, mert szerint\u00fck felsz\u00e1molja a kisebbs\u00e9gek valamennyi eddigi nyelvi jog\u00e1t. Petro Porosenko lek\u00f6sz\u00f6n\u0151 eln\u00f6k al\u00e1\u00edrta szerd\u00e1n az ukr\u00e1n nyelvt\u00f6rv\u00e9nyt, amely ellen t\u00f6bb \u00edzben hevesen tiltakoztak a k\u00e1rp\u00e1taljai magyar szervezetek, mert szerint\u00fck felsz\u00e1molja a kisebbs\u00e9gek valamennyi eddigi [&hellip;]","og_url":"https:\/\/super-news.info\/hu\/porosenko-alairta-a-vitatott-ukran-nyelvtorvenyt\/","og_site_name":"Super News","article_published_time":"2019-05-15T16:27:55+00:00","article_modified_time":"2019-05-15T16:27:56+00:00","og_image":[{"width":1400,"height":1003,"url":"https:\/\/super-news.info\/hu\/wp-content\/uploads\/sites\/3\/2019\/05\/Porosenko-al\u00e1\u00edrta-a-vitatott-ukr\u00e1n-nyelvt\u00f6rv\u00e9nyt.jpg","type":"image\/jpeg"}],"author":"super-news","twitter_card":"summary_large_image","twitter_misc":{"Szerz\u0151:":"super-news","Becs\u00fclt olvas\u00e1si id\u0151":"3 perc"},"schema":{"@context":"https:\/\/schema.org","@graph":[{"@type":"Article","@id":"https:\/\/super-news.info\/hu\/porosenko-alairta-a-vitatott-ukran-nyelvtorvenyt\/#article","isPartOf":{"@id":"https:\/\/super-news.info\/hu\/porosenko-alairta-a-vitatott-ukran-nyelvtorvenyt\/"},"author":{"name":"super-news","@id":"https:\/\/super-news.info\/hu\/#\/schema\/person\/2d4068cb2f39cd10008c2fce578a7356"},"headline":"Porosenko al\u00e1\u00edrta a vitatott ukr\u00e1n nyelvt\u00f6rv\u00e9nyt","datePublished":"2019-05-15T16:27:55+00:00","dateModified":"2019-05-15T16:27:56+00:00","mainEntityOfPage":{"@id":"https:\/\/super-news.info\/hu\/porosenko-alairta-a-vitatott-ukran-nyelvtorvenyt\/"},"wordCount":537,"commentCount":0,"image":{"@id":"https:\/\/super-news.info\/hu\/porosenko-alairta-a-vitatott-ukran-nyelvtorvenyt\/#primaryimage"},"thumbnailUrl":"https:\/\/super-news.info\/hu\/wp-content\/uploads\/sites\/3\/2019\/05\/Porosenko-al\u00e1\u00edrta-a-vitatott-ukr\u00e1n-nyelvt\u00f6rv\u00e9nyt.jpg","articleSection":["P\u00c9NZ\u00dcGYI H\u00cdREK"],"inLanguage":"hu","potentialAction":[{"@type":"CommentAction","name":"Comment","target":["https:\/\/super-news.info\/hu\/porosenko-alairta-a-vitatott-ukran-nyelvtorvenyt\/#respond"]}]},{"@type":"WebPage","@id":"https:\/\/super-news.info\/hu\/porosenko-alairta-a-vitatott-ukran-nyelvtorvenyt\/","url":"https:\/\/super-news.info\/hu\/porosenko-alairta-a-vitatott-ukran-nyelvtorvenyt\/","name":"Porosenko al\u00e1\u00edrta a vitatott ukr\u00e1n nyelvt\u00f6rv\u00e9nyt - Super News","isPartOf":{"@id":"https:\/\/super-news.info\/hu\/#website"},"primaryImageOfPage":{"@id":"https:\/\/super-news.info\/hu\/porosenko-alairta-a-vitatott-ukran-nyelvtorvenyt\/#primaryimage"},"image":{"@id":"https:\/\/super-news.info\/hu\/porosenko-alairta-a-vitatott-ukran-nyelvtorvenyt\/#primaryimage"},"thumbnailUrl":"https:\/\/super-news.info\/hu\/wp-content\/uploads\/sites\/3\/2019\/05\/Porosenko-al\u00e1\u00edrta-a-vitatott-ukr\u00e1n-nyelvt\u00f6rv\u00e9nyt.jpg","datePublished":"2019-05-15T16:27:55+00:00","dateModified":"2019-05-15T16:27:56+00:00","author":{"@id":"https:\/\/super-news.info\/hu\/#\/schema\/person\/2d4068cb2f39cd10008c2fce578a7356"},"breadcrumb":{"@id":"https:\/\/super-news.info\/hu\/porosenko-alairta-a-vitatott-ukran-nyelvtorvenyt\/#breadcrumb"},"inLanguage":"hu","potentialAction":[{"@type":"ReadAction","target":["https:\/\/super-news.info\/hu\/porosenko-alairta-a-vitatott-ukran-nyelvtorvenyt\/"]}]},{"@type":"ImageObject","inLanguage":"hu","@id":"https:\/\/super-news.info\/hu\/porosenko-alairta-a-vitatott-ukran-nyelvtorvenyt\/#primaryimage","url":"https:\/\/super-news.info\/hu\/wp-content\/uploads\/sites\/3\/2019\/05\/Porosenko-al\u00e1\u00edrta-a-vitatott-ukr\u00e1n-nyelvt\u00f6rv\u00e9nyt.jpg","contentUrl":"https:\/\/super-news.info\/hu\/wp-content\/uploads\/sites\/3\/2019\/05\/Porosenko-al\u00e1\u00edrta-a-vitatott-ukr\u00e1n-nyelvt\u00f6rv\u00e9nyt.jpg","width":1400,"height":1003,"caption":"Porosenko al\u00e1\u00edrta a vitatott ukr\u00e1n nyelvt\u00f6rv\u00e9nyt"},{"@type":"BreadcrumbList","@id":"https:\/\/super-news.info\/hu\/porosenko-alairta-a-vitatott-ukran-nyelvtorvenyt\/#breadcrumb","itemListElement":[{"@type":"ListItem","position":1,"name":"\u0413\u043b\u0430\u0432\u043d\u0430\u044f \u0441\u0442\u0440\u0430\u043d\u0438\u0446\u0430","item":"https:\/\/super-news.info\/hu\/"},{"@type":"ListItem","position":2,"name":"Porosenko al\u00e1\u00edrta a vitatott ukr\u00e1n nyelvt\u00f6rv\u00e9nyt"}]},{"@type":"WebSite","@id":"https:\/\/super-news.info\/hu\/#website","url":"https:\/\/super-news.info\/hu\/","name":"Super News","description":"Super News Magyarorsz\u00e1g","potentialAction":[{"@type":"SearchAction","target":{"@type":"EntryPoint","urlTemplate":"https:\/\/super-news.info\/hu\/?s={search_term_string}"},"query-input":{"@type":"PropertyValueSpecification","valueRequired":true,"valueName":"search_term_string"}}],"inLanguage":"hu"},{"@type":"Person","@id":"https:\/\/super-news.info\/hu\/#\/schema\/person\/2d4068cb2f39cd10008c2fce578a7356","name":"super-news","image":{"@type":"ImageObject","inLanguage":"hu","@id":"https:\/\/secure.gravatar.com\/avatar\/64ebac40b93f26a154f8a9b5b6fdccfc46f442b26b3dd6756dbff3bf9dc76fd7?s=96&d=mm&r=g","url":"https:\/\/secure.gravatar.com\/avatar\/64ebac40b93f26a154f8a9b5b6fdccfc46f442b26b3dd6756dbff3bf9dc76fd7?s=96&d=mm&r=g","contentUrl":"https:\/\/secure.gravatar.com\/avatar\/64ebac40b93f26a154f8a9b5b6fdccfc46f442b26b3dd6756dbff3bf9dc76fd7?s=96&d=mm&r=g","caption":"super-news"},"url":"https:\/\/super-news.info\/hu\/author\/pt\/"}]}},"_links":{"self":[{"href":"https:\/\/super-news.info\/hu\/wp-json\/wp\/v2\/posts\/2014","targetHints":{"allow":["GET"]}}],"collection":[{"href":"https:\/\/super-news.info\/hu\/wp-json\/wp\/v2\/posts"}],"about":[{"href":"https:\/\/super-news.info\/hu\/wp-json\/wp\/v2\/types\/post"}],"author":[{"embeddable":true,"href":"https:\/\/super-news.info\/hu\/wp-json\/wp\/v2\/users\/2"}],"replies":[{"embeddable":true,"href":"https:\/\/super-news.info\/hu\/wp-json\/wp\/v2\/comments?post=2014"}],"version-history":[{"count":1,"href":"https:\/\/super-news.info\/hu\/wp-json\/wp\/v2\/posts\/2014\/revisions"}],"predecessor-version":[{"id":2016,"href":"https:\/\/super-news.info\/hu\/wp-json\/wp\/v2\/posts\/2014\/revisions\/2016"}],"wp:featuredmedia":[{"embeddable":true,"href":"https:\/\/super-news.info\/hu\/wp-json\/wp\/v2\/media\/2015"}],"wp:attachment":[{"href":"https:\/\/super-news.info\/hu\/wp-json\/wp\/v2\/media?parent=2014"}],"wp:term":[{"taxonomy":"category","embeddable":true,"href":"https:\/\/super-news.info\/hu\/wp-json\/wp\/v2\/categories?post=2014"},{"taxonomy":"post_tag","embeddable":true,"href":"https:\/\/super-news.info\/hu\/wp-json\/wp\/v2\/tags?post=2014"}],"curies":[{"name":"wp","href":"https:\/\/api.w.org\/{rel}","templated":true}]}}