{"id":1974,"date":"2019-05-15T09:15:34","date_gmt":"2019-05-15T06:15:34","guid":{"rendered":"https:\/\/super-news.info\/hu\/brexit-ujra-nagy-almot-szott-theresa-may\/"},"modified":"2019-05-15T09:15:35","modified_gmt":"2019-05-15T06:15:35","slug":"brexit-ujra-nagy-almot-szott-theresa-may","status":"publish","type":"post","link":"https:\/\/super-news.info\/hu\/brexit-ujra-nagy-almot-szott-theresa-may\/","title":{"rendered":"Brexit: \u00fajra nagy \u00e1lmot sz\u0151tt Theresa May"},"content":{"rendered":"<p> [ad_1]<br \/>\n<\/p>\n<p>\n\t\t\t\t\t\t\t\tA brit minisztereln\u00f6k \u00e9s korm\u00e1nya a j\u00fanius 3-\u00e1n kezd\u0151d\u0151 h\u00e9ten el\u0151terjeszti a kil\u00e9p\u00e9si meg\u00e1llapod\u00e1s t\u00f6rv\u00e9nybe iktat\u00e1s\u00e1nak tervezet\u00e9t.\t\t\t\t\t\t\t<\/p>\n<div>\n<p>A Downing Street kedd esti bejelent\u00e9s\u00e9nek k\u00f6zvetlen el\u0151zm\u00e9nyek\u00e9nt v\u00e1ratlanul szem\u00e9lyes megbesz\u00e9l\u00e9st tartott Theresa May konzervat\u00edv p\u00e1rti minisztereln\u00f6k \u00e9s Jeremy Corbyn, a legnagyobb ellenz\u00e9ki er\u0151, a Munk\u00e1sp\u00e1rt vezet\u0151je.<\/p>\n<p>May hivatal\u00e1nak sz\u00f3viv\u0151je a k\u00e9s\u0151 este v\u00e9get \u00e9rt t\u00e1rgyal\u00e1s ut\u00e1n k\u00f6z\u00f6lte:<\/p>\n<p>a tal\u00e1lkoz\u00f3 c\u00e9lja az volt, hogy a minisztereln\u00f6k egy\u00e9rtelm\u0171v\u00e9 tegye a korm\u00e1ny elk\u00f6telezetts\u00e9g\u00e9t a Munk\u00e1sp\u00e1rttal foly\u00f3 t\u00e1rgyal\u00e1sok befejez\u00e9se \u00e9s a brit EU-tags\u00e1gr\u00f3l tartott n\u00e9pszavaz\u00e1s d\u00f6nt\u00e9s\u00e9nek v\u00e9grehajt\u00e1sa mellett.<\/p>\n<p>Mindezek \u00e9rdek\u00e9ben a korm\u00e1ny a j\u00fanius 3-\u00e1n kezd\u0151d\u0151 h\u00e9ten el\u0151terjeszti a kil\u00e9p\u00e9si meg\u00e1llapod\u00e1s t\u00f6rv\u00e9nybe iktat\u00e1s\u00e1nak tervezet\u00e9t. Ez alapvet\u0151 fontoss\u00e1g\u00fa, ha az Egyes\u00fclt Kir\u00e1lys\u00e1g m\u00e9g a ny\u00e1ri parlamenti sz\u00fcnet el\u0151tt ki akar l\u00e9pni az Eur\u00f3pai Uni\u00f3b\u00f3l \u2013 hangs\u00falyozta kedd esti t\u00e1j\u00e9koztat\u00e1s\u00e1ban a Downing Street sz\u00f3viv\u0151je.<\/p>\n<div id=\"attachment_1457203\" style=\"width: 1410px\" class=\"wp-caption aligncenter\">\n<p class=\"wp-caption-text\">Fot\u00f3: MTI\/AP\/Kirsty Wigglesworth<\/p>\n<\/div>\n<p>Az illet\u00e9kes hasznosnak \u00e9s konstrukt\u00edvnak nevezte Theresa May \u00e9s Jeremy Corbyn megbesz\u00e9l\u00e9s\u00e9t. Hozz\u00e1tette: a t\u00e1rgyal\u00e1sok a korm\u00e1ny \u00e9s a Munk\u00e1sp\u00e1rt k\u00f6z\u00f6tt m\u00e1r szerd\u00e1n folytat\u00f3dnak tisztvisel\u0151i szinten, annak \u00e9rdek\u00e9ben, hogy meg lehessen teremteni a stabil t\u00f6bbs\u00e9get az als\u00f3h\u00e1zban a kil\u00e9p\u00e9si meg\u00e1llapod\u00e1s t\u00f6rv\u00e9nybe iktat\u00e1s\u00e1hoz, biztos\u00edtand\u00f3, hogy az Egyes\u00fclt Kir\u00e1lys\u00e1g gyorsan kil\u00e9phessen az EU-b\u00f3l.<\/p>\n<p>A bejelent\u00e9s gyakorlatilag egyenes utal\u00e1snak tekinthet\u0151 arra, hogy a brit korm\u00e1ny j\u00fanius elej\u00e9t tekinti a Munk\u00e1sp\u00e1rttal kezdett t\u00e1rgyal\u00e1ssorozat befejez\u00e9si hat\u00e1ridej\u00e9nek.<\/p>\n<p>Az als\u00f3h\u00e1z a Brexit felt\u00e9telrendszer\u00e9t r\u00f6gz\u00edt\u0151, az Eur\u00f3pai Uni\u00f3val tavaly novemberben el\u00e9rt meg\u00e1llapod\u00e1st eddig h\u00e1romszor visszautas\u00edtotta.<\/p>\n<p>Theresa May ezek ut\u00e1n, a m\u00falt h\u00f3nap elej\u00e9n jelentette be, hogy a Brexit-folyamatban kialakult patthelyzet felold\u00e1sa v\u00e9gett k\u00e9sz a Munk\u00e1sp\u00e1rt vezet\u0151j\u00e9vel k\u00f6z\u00f6sen kidolgozni egy olyan tervet, amelynek alapj\u00e1n Nagy-Britannia rendezett m\u00f3don tud kil\u00e9pni az EU-b\u00f3l.<\/p>\n<p>Nincs h\u00edr azonban arr\u00f3l, hogy az eddigi t\u00e1rgyal\u00e1si fordul\u00f3k \u00e9rdemi el\u0151rel\u00e9p\u00e9st eredm\u00e9nyeztek volna a vit\u00e1s k\u00e9rd\u00e9sekben.<\/p>\n<p>Sir Keir Starmer, a Labour \u00e1rny\u00e9kkorm\u00e1ny\u00e1nak Brexit-\u00fcgyi miniszterjel\u00f6ltje, a munk\u00e1sp\u00e1rti t\u00e1rgyal\u00f3k\u00fcld\u00f6tts\u00e9g vezet\u0151je m\u00e1r a konzervat\u00edv korm\u00e1nnyal kezdett t\u00e1rgyal\u00e1ssorozat elej\u00e9n egy\u00e9rtelm\u0171v\u00e9 tette, hogy a Munk\u00e1sp\u00e1rt csak olyan meg\u00e1llapod\u00e1st hajland\u00f3 elfogadni, amelyben szerepel n\u00e9pszavaz\u00e1s ki\u00edr\u00e1sa arr\u00f3l, hogy a v\u00e1laszt\u00f3k j\u00f3v\u00e1hagyj\u00e1k-e a Brexit felt\u00e9telrendszer\u00e9t.<br \/>A Munk\u00e1sp\u00e1rt emellett \u00e1lland\u00f3 jelleg\u0171 v\u00e1muni\u00f3s viszonyrendszer kialak\u00edt\u00e1s\u00e1t is elengedhetetlennek tartja az EU-val a Brexit ut\u00e1ni id\u0151szakra.<\/p>\n<p>A konzervat\u00edv p\u00e1rti korm\u00e1ny eddig mindk\u00e9t lehet\u0151s\u00e9get mereven elvetette.<\/p>\n<p>Theresa May minisztereln\u00f6kre jelent\u0151s nyom\u00e1s nehezedik a Konzervat\u00edv P\u00e1rt kem\u00e9nyvonalas Brexit-t\u00e1bora r\u00e9sz\u00e9r\u0151l, hogy ne menjen bele a Munk\u00e1sp\u00e1rttal semmif\u00e9le olyan kompromisszumba, amelynek alapj\u00e1n az Egyes\u00fclt Kir\u00e1lys\u00e1g v\u00e1muni\u00f3ban maradna az EU-val. Legut\u00f3bb \u00e9ppen kedden sz\u00f3l\u00edtotta fel erre a korm\u00e1nyf\u0151t k\u00f6z\u00f6s level\u00e9ben 13 olyan konzervat\u00edv k\u00e9pvisel\u0151, aki kor\u00e1bban korm\u00e1nyzati tiszts\u00e9get t\u00f6lt\u00f6tt be.<\/p>\n<div id=\"attachment_1404622\" style=\"width: 1410px\" class=\"wp-caption aligncenter\"><img loading=\"lazy\" decoding=\"async\" class=\"size-full wp-image-1404622\" src=\"https:\/\/super-news.info\/hu\/wp-content\/uploads\/sites\/3\/2019\/05\/Brexit-ujra-nagy-almot-szott-Theresa-May.jpg\" alt=\"\" width=\"1400\" height=\"931\"  \/><\/p>\n<p class=\"wp-caption-text\">Theresa May brit korm\u00e1nyf\u0151<br \/>Fot\u00f3: AFP<\/p>\n<\/div>\n<p>A brit EU-tags\u00e1g az eredeti menetrend alapj\u00e1n m\u00e1rcius 29-\u00e9n sz\u0171nt volna meg, de a Brexit-meg\u00e1llapod\u00e1s sorozatos als\u00f3h\u00e1zi visszautas\u00edt\u00e1sai nyom\u00e1n Theresa May k\u00e9tszer is kezdem\u00e9nyezte a kil\u00e9p\u00e9s elhalaszt\u00e1s\u00e1t.<\/p>\n<p>Az \u00e1prilis 10-\u00e9n tartott soron k\u00edv\u00fcli EU-cs\u00facs d\u00f6nt\u00e9se alapj\u00e1n a jelenlegi halad\u00e9k okt\u00f3ber 31-\u00e9ig terjedhet, ennek felt\u00e9tele azonban az, hogy Nagy-Britanni\u00e1nak r\u00e9szt kell vennie a j\u00f6v\u0151 heti eur\u00f3pai parlamenti v\u00e1laszt\u00e1sokon.<\/p>\n<p>A brit EP-szavaz\u00e1st j\u00f6v\u0151 cs\u00fct\u00f6rt\u00f6k\u00f6n tartj\u00e1k.<\/p>\n<p>David Lidington, a brit korm\u00e1ny kabinetirod\u00e1j\u00e1nak vezet\u0151je \u2013 aki e tiszts\u00e9g\u00e9ben Theresa May helyettes\u00e9nek sz\u00e1m\u00edt \u2013 a BBC telev\u00edzi\u00f3nak nyilatkozva azonban a minap kijelentette: a korm\u00e1ny megk\u00e9tszerezi er\u0151fesz\u00edt\u00e9seit annak \u00e9rdek\u00e9ben, hogy a Brexit ne k\u00e9ssen sokat az EP-v\u00e1laszt\u00e1sok ut\u00e1n, \u00e9s \u201eide\u00e1lis esetben\u201d a megv\u00e1lasztott brit EP-k\u00e9pvisel\u0151knek m\u00e1r nem is kell majd elfoglalniuk hely\u00fcket az Eur\u00f3pai Parlamentben.<\/p>\n<\/p><\/div>\n<p><script>\n    window.fbAsyncInit = function() {\n        FB.init({\n            appId      : \"204760236815359\",\n            xfbml      : true,\n            version    : \"v2.12\"\n        });\n        FB.AppEvents.logPageView();\n    };<\/p>\n<p>    (function(d, s, id){\n        var js, fjs = d.getElementsByTagName(s)[0];\n        if (d.getElementById(id)) {return;}\n        js = d.createElement(s); js.id = id;\n        js.src = \"http:\/\/connect.facebook.net\/hu_HU\/sdk.js\";\n        fjs.parentNode.insertBefore(js, fjs);\n    }(document, \"script\", \"facebook-jssdk\"));\n<\/script><br \/>\n<br \/>[ad_2]<br \/>\n<br \/><a href=\"https:\/\/www.vg.hu\/kozelet\/politika\/brexit-ujra-nagy-almot-szott-theresa-may-1512340\/\">Source link <\/a><\/p>\n","protected":false},"excerpt":{"rendered":"<p>[ad_1] A brit minisztereln\u00f6k \u00e9s korm\u00e1nya a j\u00fanius 3-\u00e1n kezd\u0151d\u0151 h\u00e9ten el\u0151terjeszti a kil\u00e9p\u00e9si meg\u00e1llapod\u00e1s t\u00f6rv\u00e9nybe iktat\u00e1s\u00e1nak tervezet\u00e9t. A Downing Street kedd esti bejelent\u00e9s\u00e9nek k\u00f6zvetlen el\u0151zm\u00e9nyek\u00e9nt v\u00e1ratlanul szem\u00e9lyes megbesz\u00e9l\u00e9st tartott Theresa May konzervat\u00edv p\u00e1rti minisztereln\u00f6k \u00e9s Jeremy Corbyn, a legnagyobb ellenz\u00e9ki er\u0151, a Munk\u00e1sp\u00e1rt vezet\u0151je. May hivatal\u00e1nak sz\u00f3viv\u0151je a k\u00e9s\u0151 este v\u00e9get \u00e9rt t\u00e1rgyal\u00e1s ut\u00e1n [&hellip;]<\/p>\n","protected":false},"author":2,"featured_media":962,"comment_status":"open","ping_status":"open","sticky":false,"template":"","format":"standard","meta":{"footnotes":""},"categories":[1],"tags":[],"class_list":["post-1974","post","type-post","status-publish","format-standard","has-post-thumbnail","hentry","category-penzugyi-hirek"],"yoast_head":"<!-- This site is optimized with the Yoast SEO plugin v27.4 - https:\/\/yoast.com\/product\/yoast-seo-wordpress\/ -->\n<title>Brexit: \u00fajra nagy \u00e1lmot sz\u0151tt Theresa May - Super News<\/title>\n<meta name=\"robots\" content=\"index, follow, max-snippet:-1, max-image-preview:large, max-video-preview:-1\" \/>\n<link rel=\"canonical\" href=\"https:\/\/super-news.info\/hu\/brexit-ujra-nagy-almot-szott-theresa-may\/\" \/>\n<meta property=\"og:locale\" content=\"hu_HU\" \/>\n<meta property=\"og:type\" content=\"article\" \/>\n<meta property=\"og:title\" content=\"Brexit: \u00fajra nagy \u00e1lmot sz\u0151tt Theresa May - Super News\" \/>\n<meta property=\"og:description\" content=\"[ad_1] A brit minisztereln\u00f6k \u00e9s korm\u00e1nya a j\u00fanius 3-\u00e1n kezd\u0151d\u0151 h\u00e9ten el\u0151terjeszti a kil\u00e9p\u00e9si meg\u00e1llapod\u00e1s t\u00f6rv\u00e9nybe iktat\u00e1s\u00e1nak tervezet\u00e9t. A Downing Street kedd esti bejelent\u00e9s\u00e9nek k\u00f6zvetlen el\u0151zm\u00e9nyek\u00e9nt v\u00e1ratlanul szem\u00e9lyes megbesz\u00e9l\u00e9st tartott Theresa May konzervat\u00edv p\u00e1rti minisztereln\u00f6k \u00e9s Jeremy Corbyn, a legnagyobb ellenz\u00e9ki er\u0151, a Munk\u00e1sp\u00e1rt vezet\u0151je. May hivatal\u00e1nak sz\u00f3viv\u0151je a k\u00e9s\u0151 este v\u00e9get \u00e9rt t\u00e1rgyal\u00e1s ut\u00e1n [&hellip;]\" \/>\n<meta property=\"og:url\" content=\"https:\/\/super-news.info\/hu\/brexit-ujra-nagy-almot-szott-theresa-may\/\" \/>\n<meta property=\"og:site_name\" content=\"Super News\" \/>\n<meta property=\"article:published_time\" content=\"2019-05-15T06:15:34+00:00\" \/>\n<meta property=\"article:modified_time\" content=\"2019-05-15T06:15:35+00:00\" \/>\n<meta property=\"og:image\" content=\"https:\/\/super-news.info\/hu\/wp-content\/uploads\/sites\/3\/2019\/04\/Elker\u00fcln\u00e9k-az-EP-v\u00e1laszt\u00e1sokat-a-brit-konzervat\u00edvok.jpeg\" \/>\n\t<meta property=\"og:image:width\" content=\"1400\" \/>\n\t<meta property=\"og:image:height\" content=\"886\" \/>\n\t<meta property=\"og:image:type\" content=\"image\/jpeg\" \/>\n<meta name=\"author\" content=\"super-news\" \/>\n<meta name=\"twitter:card\" content=\"summary_large_image\" \/>\n<meta name=\"twitter:label1\" content=\"Szerz\u0151:\" \/>\n\t<meta name=\"twitter:data1\" content=\"super-news\" \/>\n\t<meta name=\"twitter:label2\" content=\"Becs\u00fclt olvas\u00e1si id\u0151\" \/>\n\t<meta name=\"twitter:data2\" content=\"4 perc\" \/>\n<script type=\"application\/ld+json\" class=\"yoast-schema-graph\">{\"@context\":\"https:\\\/\\\/schema.org\",\"@graph\":[{\"@type\":\"Article\",\"@id\":\"https:\\\/\\\/super-news.info\\\/hu\\\/brexit-ujra-nagy-almot-szott-theresa-may\\\/#article\",\"isPartOf\":{\"@id\":\"https:\\\/\\\/super-news.info\\\/hu\\\/brexit-ujra-nagy-almot-szott-theresa-may\\\/\"},\"author\":{\"name\":\"super-news\",\"@id\":\"https:\\\/\\\/super-news.info\\\/hu\\\/#\\\/schema\\\/person\\\/2d4068cb2f39cd10008c2fce578a7356\"},\"headline\":\"Brexit: \u00fajra nagy \u00e1lmot sz\u0151tt Theresa May\",\"datePublished\":\"2019-05-15T06:15:34+00:00\",\"dateModified\":\"2019-05-15T06:15:35+00:00\",\"mainEntityOfPage\":{\"@id\":\"https:\\\/\\\/super-news.info\\\/hu\\\/brexit-ujra-nagy-almot-szott-theresa-may\\\/\"},\"wordCount\":867,\"commentCount\":0,\"image\":{\"@id\":\"https:\\\/\\\/super-news.info\\\/hu\\\/brexit-ujra-nagy-almot-szott-theresa-may\\\/#primaryimage\"},\"thumbnailUrl\":\"https:\\\/\\\/super-news.info\\\/hu\\\/wp-content\\\/uploads\\\/sites\\\/3\\\/2019\\\/04\\\/Elker\u00fcln\u00e9k-az-EP-v\u00e1laszt\u00e1sokat-a-brit-konzervat\u00edvok.jpeg\",\"articleSection\":[\"P\u00c9NZ\u00dcGYI H\u00cdREK\"],\"inLanguage\":\"hu\",\"potentialAction\":[{\"@type\":\"CommentAction\",\"name\":\"Comment\",\"target\":[\"https:\\\/\\\/super-news.info\\\/hu\\\/brexit-ujra-nagy-almot-szott-theresa-may\\\/#respond\"]}]},{\"@type\":\"WebPage\",\"@id\":\"https:\\\/\\\/super-news.info\\\/hu\\\/brexit-ujra-nagy-almot-szott-theresa-may\\\/\",\"url\":\"https:\\\/\\\/super-news.info\\\/hu\\\/brexit-ujra-nagy-almot-szott-theresa-may\\\/\",\"name\":\"Brexit: \u00fajra nagy \u00e1lmot sz\u0151tt Theresa May - Super News\",\"isPartOf\":{\"@id\":\"https:\\\/\\\/super-news.info\\\/hu\\\/#website\"},\"primaryImageOfPage\":{\"@id\":\"https:\\\/\\\/super-news.info\\\/hu\\\/brexit-ujra-nagy-almot-szott-theresa-may\\\/#primaryimage\"},\"image\":{\"@id\":\"https:\\\/\\\/super-news.info\\\/hu\\\/brexit-ujra-nagy-almot-szott-theresa-may\\\/#primaryimage\"},\"thumbnailUrl\":\"https:\\\/\\\/super-news.info\\\/hu\\\/wp-content\\\/uploads\\\/sites\\\/3\\\/2019\\\/04\\\/Elker\u00fcln\u00e9k-az-EP-v\u00e1laszt\u00e1sokat-a-brit-konzervat\u00edvok.jpeg\",\"datePublished\":\"2019-05-15T06:15:34+00:00\",\"dateModified\":\"2019-05-15T06:15:35+00:00\",\"author\":{\"@id\":\"https:\\\/\\\/super-news.info\\\/hu\\\/#\\\/schema\\\/person\\\/2d4068cb2f39cd10008c2fce578a7356\"},\"breadcrumb\":{\"@id\":\"https:\\\/\\\/super-news.info\\\/hu\\\/brexit-ujra-nagy-almot-szott-theresa-may\\\/#breadcrumb\"},\"inLanguage\":\"hu\",\"potentialAction\":[{\"@type\":\"ReadAction\",\"target\":[\"https:\\\/\\\/super-news.info\\\/hu\\\/brexit-ujra-nagy-almot-szott-theresa-may\\\/\"]}]},{\"@type\":\"ImageObject\",\"inLanguage\":\"hu\",\"@id\":\"https:\\\/\\\/super-news.info\\\/hu\\\/brexit-ujra-nagy-almot-szott-theresa-may\\\/#primaryimage\",\"url\":\"https:\\\/\\\/super-news.info\\\/hu\\\/wp-content\\\/uploads\\\/sites\\\/3\\\/2019\\\/04\\\/Elker\u00fcln\u00e9k-az-EP-v\u00e1laszt\u00e1sokat-a-brit-konzervat\u00edvok.jpeg\",\"contentUrl\":\"https:\\\/\\\/super-news.info\\\/hu\\\/wp-content\\\/uploads\\\/sites\\\/3\\\/2019\\\/04\\\/Elker\u00fcln\u00e9k-az-EP-v\u00e1laszt\u00e1sokat-a-brit-konzervat\u00edvok.jpeg\",\"width\":1400,\"height\":886,\"caption\":\"Elker\u00fcln\u00e9k az EP-v\u00e1laszt\u00e1sokat a brit konzervat\u00edvok\"},{\"@type\":\"BreadcrumbList\",\"@id\":\"https:\\\/\\\/super-news.info\\\/hu\\\/brexit-ujra-nagy-almot-szott-theresa-may\\\/#breadcrumb\",\"itemListElement\":[{\"@type\":\"ListItem\",\"position\":1,\"name\":\"\u0413\u043b\u0430\u0432\u043d\u0430\u044f \u0441\u0442\u0440\u0430\u043d\u0438\u0446\u0430\",\"item\":\"https:\\\/\\\/super-news.info\\\/hu\\\/\"},{\"@type\":\"ListItem\",\"position\":2,\"name\":\"Brexit: \u00fajra nagy \u00e1lmot sz\u0151tt Theresa May\"}]},{\"@type\":\"WebSite\",\"@id\":\"https:\\\/\\\/super-news.info\\\/hu\\\/#website\",\"url\":\"https:\\\/\\\/super-news.info\\\/hu\\\/\",\"name\":\"Super News\",\"description\":\"Super News Magyarorsz\u00e1g\",\"potentialAction\":[{\"@type\":\"SearchAction\",\"target\":{\"@type\":\"EntryPoint\",\"urlTemplate\":\"https:\\\/\\\/super-news.info\\\/hu\\\/?s={search_term_string}\"},\"query-input\":{\"@type\":\"PropertyValueSpecification\",\"valueRequired\":true,\"valueName\":\"search_term_string\"}}],\"inLanguage\":\"hu\"},{\"@type\":\"Person\",\"@id\":\"https:\\\/\\\/super-news.info\\\/hu\\\/#\\\/schema\\\/person\\\/2d4068cb2f39cd10008c2fce578a7356\",\"name\":\"super-news\",\"image\":{\"@type\":\"ImageObject\",\"inLanguage\":\"hu\",\"@id\":\"https:\\\/\\\/secure.gravatar.com\\\/avatar\\\/64ebac40b93f26a154f8a9b5b6fdccfc46f442b26b3dd6756dbff3bf9dc76fd7?s=96&d=mm&r=g\",\"url\":\"https:\\\/\\\/secure.gravatar.com\\\/avatar\\\/64ebac40b93f26a154f8a9b5b6fdccfc46f442b26b3dd6756dbff3bf9dc76fd7?s=96&d=mm&r=g\",\"contentUrl\":\"https:\\\/\\\/secure.gravatar.com\\\/avatar\\\/64ebac40b93f26a154f8a9b5b6fdccfc46f442b26b3dd6756dbff3bf9dc76fd7?s=96&d=mm&r=g\",\"caption\":\"super-news\"},\"url\":\"https:\\\/\\\/super-news.info\\\/hu\\\/author\\\/pt\\\/\"}]}<\/script>\n<!-- \/ Yoast SEO plugin. -->","yoast_head_json":{"title":"Brexit: \u00fajra nagy \u00e1lmot sz\u0151tt Theresa May - Super News","robots":{"index":"index","follow":"follow","max-snippet":"max-snippet:-1","max-image-preview":"max-image-preview:large","max-video-preview":"max-video-preview:-1"},"canonical":"https:\/\/super-news.info\/hu\/brexit-ujra-nagy-almot-szott-theresa-may\/","og_locale":"hu_HU","og_type":"article","og_title":"Brexit: \u00fajra nagy \u00e1lmot sz\u0151tt Theresa May - Super News","og_description":"[ad_1] A brit minisztereln\u00f6k \u00e9s korm\u00e1nya a j\u00fanius 3-\u00e1n kezd\u0151d\u0151 h\u00e9ten el\u0151terjeszti a kil\u00e9p\u00e9si meg\u00e1llapod\u00e1s t\u00f6rv\u00e9nybe iktat\u00e1s\u00e1nak tervezet\u00e9t. A Downing Street kedd esti bejelent\u00e9s\u00e9nek k\u00f6zvetlen el\u0151zm\u00e9nyek\u00e9nt v\u00e1ratlanul szem\u00e9lyes megbesz\u00e9l\u00e9st tartott Theresa May konzervat\u00edv p\u00e1rti minisztereln\u00f6k \u00e9s Jeremy Corbyn, a legnagyobb ellenz\u00e9ki er\u0151, a Munk\u00e1sp\u00e1rt vezet\u0151je. May hivatal\u00e1nak sz\u00f3viv\u0151je a k\u00e9s\u0151 este v\u00e9get \u00e9rt t\u00e1rgyal\u00e1s ut\u00e1n [&hellip;]","og_url":"https:\/\/super-news.info\/hu\/brexit-ujra-nagy-almot-szott-theresa-may\/","og_site_name":"Super News","article_published_time":"2019-05-15T06:15:34+00:00","article_modified_time":"2019-05-15T06:15:35+00:00","og_image":[{"width":1400,"height":886,"url":"https:\/\/super-news.info\/hu\/wp-content\/uploads\/sites\/3\/2019\/04\/Elker\u00fcln\u00e9k-az-EP-v\u00e1laszt\u00e1sokat-a-brit-konzervat\u00edvok.jpeg","type":"image\/jpeg"}],"author":"super-news","twitter_card":"summary_large_image","twitter_misc":{"Szerz\u0151:":"super-news","Becs\u00fclt olvas\u00e1si id\u0151":"4 perc"},"schema":{"@context":"https:\/\/schema.org","@graph":[{"@type":"Article","@id":"https:\/\/super-news.info\/hu\/brexit-ujra-nagy-almot-szott-theresa-may\/#article","isPartOf":{"@id":"https:\/\/super-news.info\/hu\/brexit-ujra-nagy-almot-szott-theresa-may\/"},"author":{"name":"super-news","@id":"https:\/\/super-news.info\/hu\/#\/schema\/person\/2d4068cb2f39cd10008c2fce578a7356"},"headline":"Brexit: \u00fajra nagy \u00e1lmot sz\u0151tt Theresa May","datePublished":"2019-05-15T06:15:34+00:00","dateModified":"2019-05-15T06:15:35+00:00","mainEntityOfPage":{"@id":"https:\/\/super-news.info\/hu\/brexit-ujra-nagy-almot-szott-theresa-may\/"},"wordCount":867,"commentCount":0,"image":{"@id":"https:\/\/super-news.info\/hu\/brexit-ujra-nagy-almot-szott-theresa-may\/#primaryimage"},"thumbnailUrl":"https:\/\/super-news.info\/hu\/wp-content\/uploads\/sites\/3\/2019\/04\/Elker\u00fcln\u00e9k-az-EP-v\u00e1laszt\u00e1sokat-a-brit-konzervat\u00edvok.jpeg","articleSection":["P\u00c9NZ\u00dcGYI H\u00cdREK"],"inLanguage":"hu","potentialAction":[{"@type":"CommentAction","name":"Comment","target":["https:\/\/super-news.info\/hu\/brexit-ujra-nagy-almot-szott-theresa-may\/#respond"]}]},{"@type":"WebPage","@id":"https:\/\/super-news.info\/hu\/brexit-ujra-nagy-almot-szott-theresa-may\/","url":"https:\/\/super-news.info\/hu\/brexit-ujra-nagy-almot-szott-theresa-may\/","name":"Brexit: \u00fajra nagy \u00e1lmot sz\u0151tt Theresa May - Super News","isPartOf":{"@id":"https:\/\/super-news.info\/hu\/#website"},"primaryImageOfPage":{"@id":"https:\/\/super-news.info\/hu\/brexit-ujra-nagy-almot-szott-theresa-may\/#primaryimage"},"image":{"@id":"https:\/\/super-news.info\/hu\/brexit-ujra-nagy-almot-szott-theresa-may\/#primaryimage"},"thumbnailUrl":"https:\/\/super-news.info\/hu\/wp-content\/uploads\/sites\/3\/2019\/04\/Elker\u00fcln\u00e9k-az-EP-v\u00e1laszt\u00e1sokat-a-brit-konzervat\u00edvok.jpeg","datePublished":"2019-05-15T06:15:34+00:00","dateModified":"2019-05-15T06:15:35+00:00","author":{"@id":"https:\/\/super-news.info\/hu\/#\/schema\/person\/2d4068cb2f39cd10008c2fce578a7356"},"breadcrumb":{"@id":"https:\/\/super-news.info\/hu\/brexit-ujra-nagy-almot-szott-theresa-may\/#breadcrumb"},"inLanguage":"hu","potentialAction":[{"@type":"ReadAction","target":["https:\/\/super-news.info\/hu\/brexit-ujra-nagy-almot-szott-theresa-may\/"]}]},{"@type":"ImageObject","inLanguage":"hu","@id":"https:\/\/super-news.info\/hu\/brexit-ujra-nagy-almot-szott-theresa-may\/#primaryimage","url":"https:\/\/super-news.info\/hu\/wp-content\/uploads\/sites\/3\/2019\/04\/Elker\u00fcln\u00e9k-az-EP-v\u00e1laszt\u00e1sokat-a-brit-konzervat\u00edvok.jpeg","contentUrl":"https:\/\/super-news.info\/hu\/wp-content\/uploads\/sites\/3\/2019\/04\/Elker\u00fcln\u00e9k-az-EP-v\u00e1laszt\u00e1sokat-a-brit-konzervat\u00edvok.jpeg","width":1400,"height":886,"caption":"Elker\u00fcln\u00e9k az EP-v\u00e1laszt\u00e1sokat a brit konzervat\u00edvok"},{"@type":"BreadcrumbList","@id":"https:\/\/super-news.info\/hu\/brexit-ujra-nagy-almot-szott-theresa-may\/#breadcrumb","itemListElement":[{"@type":"ListItem","position":1,"name":"\u0413\u043b\u0430\u0432\u043d\u0430\u044f \u0441\u0442\u0440\u0430\u043d\u0438\u0446\u0430","item":"https:\/\/super-news.info\/hu\/"},{"@type":"ListItem","position":2,"name":"Brexit: \u00fajra nagy \u00e1lmot sz\u0151tt Theresa May"}]},{"@type":"WebSite","@id":"https:\/\/super-news.info\/hu\/#website","url":"https:\/\/super-news.info\/hu\/","name":"Super News","description":"Super News Magyarorsz\u00e1g","potentialAction":[{"@type":"SearchAction","target":{"@type":"EntryPoint","urlTemplate":"https:\/\/super-news.info\/hu\/?s={search_term_string}"},"query-input":{"@type":"PropertyValueSpecification","valueRequired":true,"valueName":"search_term_string"}}],"inLanguage":"hu"},{"@type":"Person","@id":"https:\/\/super-news.info\/hu\/#\/schema\/person\/2d4068cb2f39cd10008c2fce578a7356","name":"super-news","image":{"@type":"ImageObject","inLanguage":"hu","@id":"https:\/\/secure.gravatar.com\/avatar\/64ebac40b93f26a154f8a9b5b6fdccfc46f442b26b3dd6756dbff3bf9dc76fd7?s=96&d=mm&r=g","url":"https:\/\/secure.gravatar.com\/avatar\/64ebac40b93f26a154f8a9b5b6fdccfc46f442b26b3dd6756dbff3bf9dc76fd7?s=96&d=mm&r=g","contentUrl":"https:\/\/secure.gravatar.com\/avatar\/64ebac40b93f26a154f8a9b5b6fdccfc46f442b26b3dd6756dbff3bf9dc76fd7?s=96&d=mm&r=g","caption":"super-news"},"url":"https:\/\/super-news.info\/hu\/author\/pt\/"}]}},"_links":{"self":[{"href":"https:\/\/super-news.info\/hu\/wp-json\/wp\/v2\/posts\/1974","targetHints":{"allow":["GET"]}}],"collection":[{"href":"https:\/\/super-news.info\/hu\/wp-json\/wp\/v2\/posts"}],"about":[{"href":"https:\/\/super-news.info\/hu\/wp-json\/wp\/v2\/types\/post"}],"author":[{"embeddable":true,"href":"https:\/\/super-news.info\/hu\/wp-json\/wp\/v2\/users\/2"}],"replies":[{"embeddable":true,"href":"https:\/\/super-news.info\/hu\/wp-json\/wp\/v2\/comments?post=1974"}],"version-history":[{"count":1,"href":"https:\/\/super-news.info\/hu\/wp-json\/wp\/v2\/posts\/1974\/revisions"}],"predecessor-version":[{"id":1975,"href":"https:\/\/super-news.info\/hu\/wp-json\/wp\/v2\/posts\/1974\/revisions\/1975"}],"wp:featuredmedia":[{"embeddable":true,"href":"https:\/\/super-news.info\/hu\/wp-json\/wp\/v2\/media\/962"}],"wp:attachment":[{"href":"https:\/\/super-news.info\/hu\/wp-json\/wp\/v2\/media?parent=1974"}],"wp:term":[{"taxonomy":"category","embeddable":true,"href":"https:\/\/super-news.info\/hu\/wp-json\/wp\/v2\/categories?post=1974"},{"taxonomy":"post_tag","embeddable":true,"href":"https:\/\/super-news.info\/hu\/wp-json\/wp\/v2\/tags?post=1974"}],"curies":[{"name":"wp","href":"https:\/\/api.w.org\/{rel}","templated":true}]}}