{"id":1965,"date":"2019-05-15T07:03:41","date_gmt":"2019-05-15T04:03:41","guid":{"rendered":"https:\/\/super-news.info\/hu\/rendkivuli-otp-osztalek-johet-jovore-vilaggazdasag\/"},"modified":"2019-05-15T07:03:43","modified_gmt":"2019-05-15T04:03:43","slug":"rendkivuli-otp-osztalek-johet-jovore-vilaggazdasag","status":"publish","type":"post","link":"https:\/\/super-news.info\/hu\/rendkivuli-otp-osztalek-johet-jovore-vilaggazdasag\/","title":{"rendered":"Rendk\u00edv\u00fcli OTP-osztal\u00e9k j\u00f6het j\u00f6v\u0151re | Vil\u00e1ggazdas\u00e1g"},"content":{"rendered":"<p> [ad_1]<br \/>\n<\/p>\n<p>\n\t\t\t\t\t\t\t\tA szlov\u00e9niai SKB Banka akviz\u00edci\u00f3ja ut\u00e1n egy ideig nem keres \u00faj felv\u00e1s\u00e1rl\u00e1si c\u00e9lpontokat az OTP Bank, ez\u00e9rt m\u00e1r j\u00f6v\u0151re napirendre ker\u00fclhet az extra osztal\u00e9k k\u00e9rd\u00e9se.\t\t\t\t\t\t\t<\/p>\n<div>\n<p>T\u00fal vannak az elemz\u0151k \u00e9s a befektet\u0151k a m\u00falt p\u00e9nteki OTP-gyorsjelent\u00e9s \u00edzlelget\u00e9s\u00e9n, a v\u00e1rtn\u00e1l magasabb, 72,6 milli\u00e1rd forintos negyed\u00e9ves ad\u00f3zott eredm\u00e9ny fogadtat\u00e1sa alapvet\u0151en pozit\u00edv, ennek jelek\u00e9nt kedden a HSBC m\u00f3dos\u00edtotta is c\u00e9l\u00e1r\u00e1t 14 500-r\u00f3l 15 300 forintra.<\/p>\n<p>Az \u00e1rfolyamot az ut\u00f3bbi id\u0151szakban rendre az akviz\u00edci\u00f3s h\u00edrek mozgatt\u00e1k, de a legut\u00f3bbi szlov\u00e9n bankv\u00e1s\u00e1rl\u00e1s ut\u00e1n r\u00f6vid pihen\u0151 k\u00f6vetkezik az OTP tervei szerint. Az \u00e9vr\u0151l \u00e9vre rekordokat d\u00f6nt\u0151 eredm\u00e9ny l\u00e1tt\u00e1n viszont (akviz\u00edci\u00f3 hi\u00e1ny\u00e1ban) \u00fajra felvet\u0151d\u00f6tt a rendk\u00edv\u00fcli osztal\u00e9k lehet\u0151s\u00e9ge, a \u201ef\u00f6l\u00f6s p\u00e9nz\u201d sz\u00e9toszt\u00e1sa a r\u00e9szv\u00e9nyesek k\u00f6z\u00f6tt. A t\u00e9ma a p\u00e9nzint\u00e9zet \u00e1ltal \u00f6sszeh\u00edvott elemz\u0151i konferenci\u00e1n is el\u0151ker\u00fclt: az hangzott el, hogy az OTP vezet\u0151s\u00e9ge egy \u00e9v m\u00falva tarthatja re\u00e1lisnak az extra osztal\u00e9k kifizet\u00e9s\u00e9t.<\/p>\n<div id=\"attachment_1512106\" style=\"width: 1410px\" class=\"wp-caption aligncenter\">\n<p class=\"wp-caption-text\">Fot\u00f3: Kallus Gy\u00f6rgy<\/p>\n<\/div>\n<p>Bencsik L\u00e1szl\u00f3 vez\u00e9rigazgat\u00f3-helyettes szerint a k\u00e9rd\u00e9sr\u0151l annak f\u00fcggv\u00e9ny\u00e9ben d\u00f6ntenek, hogy 2020 elej\u00e9n mennyi a rendelkez\u00e9sre \u00e1ll\u00f3 felesleges t\u0151ke, \u00e9s milyen szinten lesz az els\u0151dleges t\u0151kemegfelel\u00e9si mutat\u00f3 (a CET1-re vonatkoz\u00f3 OTP-c\u00e9l v\u00e1ltozatlanul 12\u201318 sz\u00e1zal\u00e9k k\u00f6z\u00f6tti).<\/p>\n<p>Bencsik L\u00e1szl\u00f3 a 15 sz\u00e1zal\u00e9kos t\u0151kear\u00e1nyos megt\u00e9r\u00fcl\u00e9ssel rendelkez\u0151 SKB Banka megszerz\u00e9s\u00e9vel kapcsolatban elmondta, hogy a szlov\u00e9n piaci bel\u00e9p\u00e9sre hossz\u00fa t\u00e1v\u00fa strat\u00e9giai d\u00f6nt\u00e9sk\u00e9nt tekint az OTP. \u201eA megvett bank nagyon j\u00f3 min\u0151s\u00e9g\u0171, a v\u00e9tel\u00e1r \u00e9szszer\u0171 volt, az orsz\u00e1g gazdas\u00e1gi kil\u00e1t\u00e1sai kedvez\u0151k (id\u00e9n 3,3 sz\u00e1zal\u00e9kos GDP-n\u00f6veked\u00e9s v\u00e1rhat\u00f3)\u201d \u2013 f\u0171zte hozz\u00e1.<\/p>\n<p style=\"text-align: right;\"><em>A teljes cikk a Vil\u00e1ggazdas\u00e1g szerdai sz\u00e1m\u00e1ban olvashat\u00f3<\/em><\/p>\n<\/p><\/div>\n<p><script>\n    window.fbAsyncInit = function() {\n        FB.init({\n            appId      : \"204760236815359\",\n            xfbml      : true,\n            version    : \"v2.12\"\n        });\n        FB.AppEvents.logPageView();\n    };<\/p>\n<p>    (function(d, s, id){\n        var js, fjs = d.getElementsByTagName(s)[0];\n        if (d.getElementById(id)) {return;}\n        js = d.createElement(s); js.id = id;\n        js.src = \"http:\/\/connect.facebook.net\/hu_HU\/sdk.js\";\n        fjs.parentNode.insertBefore(js, fjs);\n    }(document, \"script\", \"facebook-jssdk\"));\n<\/script><br \/>\n<br \/>[ad_2]<br \/>\n<br \/><a href=\"https:\/\/www.vg.hu\/penzugy\/tozsde\/rendkivuli-otp-osztalek-johet-jovore-1512097\/\">Source link <\/a><\/p>\n","protected":false},"excerpt":{"rendered":"<p>[ad_1] A szlov\u00e9niai SKB Banka akviz\u00edci\u00f3ja ut\u00e1n egy ideig nem keres \u00faj felv\u00e1s\u00e1rl\u00e1si c\u00e9lpontokat az OTP Bank, ez\u00e9rt m\u00e1r j\u00f6v\u0151re napirendre ker\u00fclhet az extra osztal\u00e9k k\u00e9rd\u00e9se. T\u00fal vannak az elemz\u0151k \u00e9s a befektet\u0151k a m\u00falt p\u00e9nteki OTP-gyorsjelent\u00e9s \u00edzlelget\u00e9s\u00e9n, a v\u00e1rtn\u00e1l magasabb, 72,6 milli\u00e1rd forintos negyed\u00e9ves ad\u00f3zott eredm\u00e9ny fogadtat\u00e1sa alapvet\u0151en pozit\u00edv, ennek jelek\u00e9nt kedden a HSBC [&hellip;]<\/p>\n","protected":false},"author":2,"featured_media":1966,"comment_status":"open","ping_status":"open","sticky":false,"template":"","format":"standard","meta":{"footnotes":""},"categories":[1],"tags":[],"class_list":["post-1965","post","type-post","status-publish","format-standard","has-post-thumbnail","hentry","category-penzugyi-hirek"],"yoast_head":"<!-- This site is optimized with the Yoast SEO plugin v27.4 - https:\/\/yoast.com\/product\/yoast-seo-wordpress\/ -->\n<title>Rendk\u00edv\u00fcli OTP-osztal\u00e9k j\u00f6het j\u00f6v\u0151re | Vil\u00e1ggazdas\u00e1g - Super News<\/title>\n<meta name=\"robots\" content=\"index, follow, max-snippet:-1, max-image-preview:large, max-video-preview:-1\" \/>\n<link rel=\"canonical\" href=\"https:\/\/super-news.info\/hu\/rendkivuli-otp-osztalek-johet-jovore-vilaggazdasag\/\" \/>\n<meta property=\"og:locale\" content=\"hu_HU\" \/>\n<meta property=\"og:type\" content=\"article\" \/>\n<meta property=\"og:title\" content=\"Rendk\u00edv\u00fcli OTP-osztal\u00e9k j\u00f6het j\u00f6v\u0151re | Vil\u00e1ggazdas\u00e1g - Super News\" \/>\n<meta property=\"og:description\" content=\"[ad_1] A szlov\u00e9niai SKB Banka akviz\u00edci\u00f3ja ut\u00e1n egy ideig nem keres \u00faj felv\u00e1s\u00e1rl\u00e1si c\u00e9lpontokat az OTP Bank, ez\u00e9rt m\u00e1r j\u00f6v\u0151re napirendre ker\u00fclhet az extra osztal\u00e9k k\u00e9rd\u00e9se. T\u00fal vannak az elemz\u0151k \u00e9s a befektet\u0151k a m\u00falt p\u00e9nteki OTP-gyorsjelent\u00e9s \u00edzlelget\u00e9s\u00e9n, a v\u00e1rtn\u00e1l magasabb, 72,6 milli\u00e1rd forintos negyed\u00e9ves ad\u00f3zott eredm\u00e9ny fogadtat\u00e1sa alapvet\u0151en pozit\u00edv, ennek jelek\u00e9nt kedden a HSBC [&hellip;]\" \/>\n<meta property=\"og:url\" content=\"https:\/\/super-news.info\/hu\/rendkivuli-otp-osztalek-johet-jovore-vilaggazdasag\/\" \/>\n<meta property=\"og:site_name\" content=\"Super News\" \/>\n<meta property=\"article:published_time\" content=\"2019-05-15T04:03:41+00:00\" \/>\n<meta property=\"article:modified_time\" content=\"2019-05-15T04:03:43+00:00\" \/>\n<meta property=\"og:image\" content=\"https:\/\/super-news.info\/hu\/wp-content\/uploads\/sites\/3\/2019\/05\/Rendk\u00edv\u00fcli-OTP-osztal\u00e9k-j\u00f6het-j\u00f6v\u0151re-Vil\u00e1ggazdas\u00e1g.jpg\" \/>\n\t<meta property=\"og:image:width\" content=\"1400\" \/>\n\t<meta property=\"og:image:height\" content=\"933\" \/>\n\t<meta property=\"og:image:type\" content=\"image\/jpeg\" \/>\n<meta name=\"author\" content=\"super-news\" \/>\n<meta name=\"twitter:card\" content=\"summary_large_image\" \/>\n<meta name=\"twitter:label1\" content=\"Szerz\u0151:\" \/>\n\t<meta name=\"twitter:data1\" content=\"super-news\" \/>\n\t<meta name=\"twitter:label2\" content=\"Becs\u00fclt olvas\u00e1si id\u0151\" \/>\n\t<meta name=\"twitter:data2\" content=\"2 perc\" \/>\n<script type=\"application\/ld+json\" class=\"yoast-schema-graph\">{\"@context\":\"https:\\\/\\\/schema.org\",\"@graph\":[{\"@type\":\"Article\",\"@id\":\"https:\\\/\\\/super-news.info\\\/hu\\\/rendkivuli-otp-osztalek-johet-jovore-vilaggazdasag\\\/#article\",\"isPartOf\":{\"@id\":\"https:\\\/\\\/super-news.info\\\/hu\\\/rendkivuli-otp-osztalek-johet-jovore-vilaggazdasag\\\/\"},\"author\":{\"name\":\"super-news\",\"@id\":\"https:\\\/\\\/super-news.info\\\/hu\\\/#\\\/schema\\\/person\\\/2d4068cb2f39cd10008c2fce578a7356\"},\"headline\":\"Rendk\u00edv\u00fcli OTP-osztal\u00e9k j\u00f6het j\u00f6v\u0151re | Vil\u00e1ggazdas\u00e1g\",\"datePublished\":\"2019-05-15T04:03:41+00:00\",\"dateModified\":\"2019-05-15T04:03:43+00:00\",\"mainEntityOfPage\":{\"@id\":\"https:\\\/\\\/super-news.info\\\/hu\\\/rendkivuli-otp-osztalek-johet-jovore-vilaggazdasag\\\/\"},\"wordCount\":390,\"commentCount\":0,\"image\":{\"@id\":\"https:\\\/\\\/super-news.info\\\/hu\\\/rendkivuli-otp-osztalek-johet-jovore-vilaggazdasag\\\/#primaryimage\"},\"thumbnailUrl\":\"https:\\\/\\\/super-news.info\\\/hu\\\/wp-content\\\/uploads\\\/sites\\\/3\\\/2019\\\/05\\\/Rendk\u00edv\u00fcli-OTP-osztal\u00e9k-j\u00f6het-j\u00f6v\u0151re-Vil\u00e1ggazdas\u00e1g.jpg\",\"articleSection\":[\"P\u00c9NZ\u00dcGYI H\u00cdREK\"],\"inLanguage\":\"hu\",\"potentialAction\":[{\"@type\":\"CommentAction\",\"name\":\"Comment\",\"target\":[\"https:\\\/\\\/super-news.info\\\/hu\\\/rendkivuli-otp-osztalek-johet-jovore-vilaggazdasag\\\/#respond\"]}]},{\"@type\":\"WebPage\",\"@id\":\"https:\\\/\\\/super-news.info\\\/hu\\\/rendkivuli-otp-osztalek-johet-jovore-vilaggazdasag\\\/\",\"url\":\"https:\\\/\\\/super-news.info\\\/hu\\\/rendkivuli-otp-osztalek-johet-jovore-vilaggazdasag\\\/\",\"name\":\"Rendk\u00edv\u00fcli OTP-osztal\u00e9k j\u00f6het j\u00f6v\u0151re | Vil\u00e1ggazdas\u00e1g - Super News\",\"isPartOf\":{\"@id\":\"https:\\\/\\\/super-news.info\\\/hu\\\/#website\"},\"primaryImageOfPage\":{\"@id\":\"https:\\\/\\\/super-news.info\\\/hu\\\/rendkivuli-otp-osztalek-johet-jovore-vilaggazdasag\\\/#primaryimage\"},\"image\":{\"@id\":\"https:\\\/\\\/super-news.info\\\/hu\\\/rendkivuli-otp-osztalek-johet-jovore-vilaggazdasag\\\/#primaryimage\"},\"thumbnailUrl\":\"https:\\\/\\\/super-news.info\\\/hu\\\/wp-content\\\/uploads\\\/sites\\\/3\\\/2019\\\/05\\\/Rendk\u00edv\u00fcli-OTP-osztal\u00e9k-j\u00f6het-j\u00f6v\u0151re-Vil\u00e1ggazdas\u00e1g.jpg\",\"datePublished\":\"2019-05-15T04:03:41+00:00\",\"dateModified\":\"2019-05-15T04:03:43+00:00\",\"author\":{\"@id\":\"https:\\\/\\\/super-news.info\\\/hu\\\/#\\\/schema\\\/person\\\/2d4068cb2f39cd10008c2fce578a7356\"},\"breadcrumb\":{\"@id\":\"https:\\\/\\\/super-news.info\\\/hu\\\/rendkivuli-otp-osztalek-johet-jovore-vilaggazdasag\\\/#breadcrumb\"},\"inLanguage\":\"hu\",\"potentialAction\":[{\"@type\":\"ReadAction\",\"target\":[\"https:\\\/\\\/super-news.info\\\/hu\\\/rendkivuli-otp-osztalek-johet-jovore-vilaggazdasag\\\/\"]}]},{\"@type\":\"ImageObject\",\"inLanguage\":\"hu\",\"@id\":\"https:\\\/\\\/super-news.info\\\/hu\\\/rendkivuli-otp-osztalek-johet-jovore-vilaggazdasag\\\/#primaryimage\",\"url\":\"https:\\\/\\\/super-news.info\\\/hu\\\/wp-content\\\/uploads\\\/sites\\\/3\\\/2019\\\/05\\\/Rendk\u00edv\u00fcli-OTP-osztal\u00e9k-j\u00f6het-j\u00f6v\u0151re-Vil\u00e1ggazdas\u00e1g.jpg\",\"contentUrl\":\"https:\\\/\\\/super-news.info\\\/hu\\\/wp-content\\\/uploads\\\/sites\\\/3\\\/2019\\\/05\\\/Rendk\u00edv\u00fcli-OTP-osztal\u00e9k-j\u00f6het-j\u00f6v\u0151re-Vil\u00e1ggazdas\u00e1g.jpg\",\"width\":1400,\"height\":933,\"caption\":\"Rendk\u00edv\u00fcli OTP-osztal\u00e9k j\u00f6het j\u00f6v\u0151re | Vil\u00e1ggazdas\u00e1g\"},{\"@type\":\"BreadcrumbList\",\"@id\":\"https:\\\/\\\/super-news.info\\\/hu\\\/rendkivuli-otp-osztalek-johet-jovore-vilaggazdasag\\\/#breadcrumb\",\"itemListElement\":[{\"@type\":\"ListItem\",\"position\":1,\"name\":\"\u0413\u043b\u0430\u0432\u043d\u0430\u044f \u0441\u0442\u0440\u0430\u043d\u0438\u0446\u0430\",\"item\":\"https:\\\/\\\/super-news.info\\\/hu\\\/\"},{\"@type\":\"ListItem\",\"position\":2,\"name\":\"Rendk\u00edv\u00fcli OTP-osztal\u00e9k j\u00f6het j\u00f6v\u0151re | Vil\u00e1ggazdas\u00e1g\"}]},{\"@type\":\"WebSite\",\"@id\":\"https:\\\/\\\/super-news.info\\\/hu\\\/#website\",\"url\":\"https:\\\/\\\/super-news.info\\\/hu\\\/\",\"name\":\"Super News\",\"description\":\"Super News Magyarorsz\u00e1g\",\"potentialAction\":[{\"@type\":\"SearchAction\",\"target\":{\"@type\":\"EntryPoint\",\"urlTemplate\":\"https:\\\/\\\/super-news.info\\\/hu\\\/?s={search_term_string}\"},\"query-input\":{\"@type\":\"PropertyValueSpecification\",\"valueRequired\":true,\"valueName\":\"search_term_string\"}}],\"inLanguage\":\"hu\"},{\"@type\":\"Person\",\"@id\":\"https:\\\/\\\/super-news.info\\\/hu\\\/#\\\/schema\\\/person\\\/2d4068cb2f39cd10008c2fce578a7356\",\"name\":\"super-news\",\"image\":{\"@type\":\"ImageObject\",\"inLanguage\":\"hu\",\"@id\":\"https:\\\/\\\/secure.gravatar.com\\\/avatar\\\/64ebac40b93f26a154f8a9b5b6fdccfc46f442b26b3dd6756dbff3bf9dc76fd7?s=96&d=mm&r=g\",\"url\":\"https:\\\/\\\/secure.gravatar.com\\\/avatar\\\/64ebac40b93f26a154f8a9b5b6fdccfc46f442b26b3dd6756dbff3bf9dc76fd7?s=96&d=mm&r=g\",\"contentUrl\":\"https:\\\/\\\/secure.gravatar.com\\\/avatar\\\/64ebac40b93f26a154f8a9b5b6fdccfc46f442b26b3dd6756dbff3bf9dc76fd7?s=96&d=mm&r=g\",\"caption\":\"super-news\"},\"url\":\"https:\\\/\\\/super-news.info\\\/hu\\\/author\\\/pt\\\/\"}]}<\/script>\n<!-- \/ Yoast SEO plugin. -->","yoast_head_json":{"title":"Rendk\u00edv\u00fcli OTP-osztal\u00e9k j\u00f6het j\u00f6v\u0151re | Vil\u00e1ggazdas\u00e1g - Super News","robots":{"index":"index","follow":"follow","max-snippet":"max-snippet:-1","max-image-preview":"max-image-preview:large","max-video-preview":"max-video-preview:-1"},"canonical":"https:\/\/super-news.info\/hu\/rendkivuli-otp-osztalek-johet-jovore-vilaggazdasag\/","og_locale":"hu_HU","og_type":"article","og_title":"Rendk\u00edv\u00fcli OTP-osztal\u00e9k j\u00f6het j\u00f6v\u0151re | Vil\u00e1ggazdas\u00e1g - Super News","og_description":"[ad_1] A szlov\u00e9niai SKB Banka akviz\u00edci\u00f3ja ut\u00e1n egy ideig nem keres \u00faj felv\u00e1s\u00e1rl\u00e1si c\u00e9lpontokat az OTP Bank, ez\u00e9rt m\u00e1r j\u00f6v\u0151re napirendre ker\u00fclhet az extra osztal\u00e9k k\u00e9rd\u00e9se. T\u00fal vannak az elemz\u0151k \u00e9s a befektet\u0151k a m\u00falt p\u00e9nteki OTP-gyorsjelent\u00e9s \u00edzlelget\u00e9s\u00e9n, a v\u00e1rtn\u00e1l magasabb, 72,6 milli\u00e1rd forintos negyed\u00e9ves ad\u00f3zott eredm\u00e9ny fogadtat\u00e1sa alapvet\u0151en pozit\u00edv, ennek jelek\u00e9nt kedden a HSBC [&hellip;]","og_url":"https:\/\/super-news.info\/hu\/rendkivuli-otp-osztalek-johet-jovore-vilaggazdasag\/","og_site_name":"Super News","article_published_time":"2019-05-15T04:03:41+00:00","article_modified_time":"2019-05-15T04:03:43+00:00","og_image":[{"width":1400,"height":933,"url":"https:\/\/super-news.info\/hu\/wp-content\/uploads\/sites\/3\/2019\/05\/Rendk\u00edv\u00fcli-OTP-osztal\u00e9k-j\u00f6het-j\u00f6v\u0151re-Vil\u00e1ggazdas\u00e1g.jpg","type":"image\/jpeg"}],"author":"super-news","twitter_card":"summary_large_image","twitter_misc":{"Szerz\u0151:":"super-news","Becs\u00fclt olvas\u00e1si id\u0151":"2 perc"},"schema":{"@context":"https:\/\/schema.org","@graph":[{"@type":"Article","@id":"https:\/\/super-news.info\/hu\/rendkivuli-otp-osztalek-johet-jovore-vilaggazdasag\/#article","isPartOf":{"@id":"https:\/\/super-news.info\/hu\/rendkivuli-otp-osztalek-johet-jovore-vilaggazdasag\/"},"author":{"name":"super-news","@id":"https:\/\/super-news.info\/hu\/#\/schema\/person\/2d4068cb2f39cd10008c2fce578a7356"},"headline":"Rendk\u00edv\u00fcli OTP-osztal\u00e9k j\u00f6het j\u00f6v\u0151re | Vil\u00e1ggazdas\u00e1g","datePublished":"2019-05-15T04:03:41+00:00","dateModified":"2019-05-15T04:03:43+00:00","mainEntityOfPage":{"@id":"https:\/\/super-news.info\/hu\/rendkivuli-otp-osztalek-johet-jovore-vilaggazdasag\/"},"wordCount":390,"commentCount":0,"image":{"@id":"https:\/\/super-news.info\/hu\/rendkivuli-otp-osztalek-johet-jovore-vilaggazdasag\/#primaryimage"},"thumbnailUrl":"https:\/\/super-news.info\/hu\/wp-content\/uploads\/sites\/3\/2019\/05\/Rendk\u00edv\u00fcli-OTP-osztal\u00e9k-j\u00f6het-j\u00f6v\u0151re-Vil\u00e1ggazdas\u00e1g.jpg","articleSection":["P\u00c9NZ\u00dcGYI H\u00cdREK"],"inLanguage":"hu","potentialAction":[{"@type":"CommentAction","name":"Comment","target":["https:\/\/super-news.info\/hu\/rendkivuli-otp-osztalek-johet-jovore-vilaggazdasag\/#respond"]}]},{"@type":"WebPage","@id":"https:\/\/super-news.info\/hu\/rendkivuli-otp-osztalek-johet-jovore-vilaggazdasag\/","url":"https:\/\/super-news.info\/hu\/rendkivuli-otp-osztalek-johet-jovore-vilaggazdasag\/","name":"Rendk\u00edv\u00fcli OTP-osztal\u00e9k j\u00f6het j\u00f6v\u0151re | Vil\u00e1ggazdas\u00e1g - Super News","isPartOf":{"@id":"https:\/\/super-news.info\/hu\/#website"},"primaryImageOfPage":{"@id":"https:\/\/super-news.info\/hu\/rendkivuli-otp-osztalek-johet-jovore-vilaggazdasag\/#primaryimage"},"image":{"@id":"https:\/\/super-news.info\/hu\/rendkivuli-otp-osztalek-johet-jovore-vilaggazdasag\/#primaryimage"},"thumbnailUrl":"https:\/\/super-news.info\/hu\/wp-content\/uploads\/sites\/3\/2019\/05\/Rendk\u00edv\u00fcli-OTP-osztal\u00e9k-j\u00f6het-j\u00f6v\u0151re-Vil\u00e1ggazdas\u00e1g.jpg","datePublished":"2019-05-15T04:03:41+00:00","dateModified":"2019-05-15T04:03:43+00:00","author":{"@id":"https:\/\/super-news.info\/hu\/#\/schema\/person\/2d4068cb2f39cd10008c2fce578a7356"},"breadcrumb":{"@id":"https:\/\/super-news.info\/hu\/rendkivuli-otp-osztalek-johet-jovore-vilaggazdasag\/#breadcrumb"},"inLanguage":"hu","potentialAction":[{"@type":"ReadAction","target":["https:\/\/super-news.info\/hu\/rendkivuli-otp-osztalek-johet-jovore-vilaggazdasag\/"]}]},{"@type":"ImageObject","inLanguage":"hu","@id":"https:\/\/super-news.info\/hu\/rendkivuli-otp-osztalek-johet-jovore-vilaggazdasag\/#primaryimage","url":"https:\/\/super-news.info\/hu\/wp-content\/uploads\/sites\/3\/2019\/05\/Rendk\u00edv\u00fcli-OTP-osztal\u00e9k-j\u00f6het-j\u00f6v\u0151re-Vil\u00e1ggazdas\u00e1g.jpg","contentUrl":"https:\/\/super-news.info\/hu\/wp-content\/uploads\/sites\/3\/2019\/05\/Rendk\u00edv\u00fcli-OTP-osztal\u00e9k-j\u00f6het-j\u00f6v\u0151re-Vil\u00e1ggazdas\u00e1g.jpg","width":1400,"height":933,"caption":"Rendk\u00edv\u00fcli OTP-osztal\u00e9k j\u00f6het j\u00f6v\u0151re | Vil\u00e1ggazdas\u00e1g"},{"@type":"BreadcrumbList","@id":"https:\/\/super-news.info\/hu\/rendkivuli-otp-osztalek-johet-jovore-vilaggazdasag\/#breadcrumb","itemListElement":[{"@type":"ListItem","position":1,"name":"\u0413\u043b\u0430\u0432\u043d\u0430\u044f \u0441\u0442\u0440\u0430\u043d\u0438\u0446\u0430","item":"https:\/\/super-news.info\/hu\/"},{"@type":"ListItem","position":2,"name":"Rendk\u00edv\u00fcli OTP-osztal\u00e9k j\u00f6het j\u00f6v\u0151re | Vil\u00e1ggazdas\u00e1g"}]},{"@type":"WebSite","@id":"https:\/\/super-news.info\/hu\/#website","url":"https:\/\/super-news.info\/hu\/","name":"Super News","description":"Super News Magyarorsz\u00e1g","potentialAction":[{"@type":"SearchAction","target":{"@type":"EntryPoint","urlTemplate":"https:\/\/super-news.info\/hu\/?s={search_term_string}"},"query-input":{"@type":"PropertyValueSpecification","valueRequired":true,"valueName":"search_term_string"}}],"inLanguage":"hu"},{"@type":"Person","@id":"https:\/\/super-news.info\/hu\/#\/schema\/person\/2d4068cb2f39cd10008c2fce578a7356","name":"super-news","image":{"@type":"ImageObject","inLanguage":"hu","@id":"https:\/\/secure.gravatar.com\/avatar\/64ebac40b93f26a154f8a9b5b6fdccfc46f442b26b3dd6756dbff3bf9dc76fd7?s=96&d=mm&r=g","url":"https:\/\/secure.gravatar.com\/avatar\/64ebac40b93f26a154f8a9b5b6fdccfc46f442b26b3dd6756dbff3bf9dc76fd7?s=96&d=mm&r=g","contentUrl":"https:\/\/secure.gravatar.com\/avatar\/64ebac40b93f26a154f8a9b5b6fdccfc46f442b26b3dd6756dbff3bf9dc76fd7?s=96&d=mm&r=g","caption":"super-news"},"url":"https:\/\/super-news.info\/hu\/author\/pt\/"}]}},"_links":{"self":[{"href":"https:\/\/super-news.info\/hu\/wp-json\/wp\/v2\/posts\/1965","targetHints":{"allow":["GET"]}}],"collection":[{"href":"https:\/\/super-news.info\/hu\/wp-json\/wp\/v2\/posts"}],"about":[{"href":"https:\/\/super-news.info\/hu\/wp-json\/wp\/v2\/types\/post"}],"author":[{"embeddable":true,"href":"https:\/\/super-news.info\/hu\/wp-json\/wp\/v2\/users\/2"}],"replies":[{"embeddable":true,"href":"https:\/\/super-news.info\/hu\/wp-json\/wp\/v2\/comments?post=1965"}],"version-history":[{"count":1,"href":"https:\/\/super-news.info\/hu\/wp-json\/wp\/v2\/posts\/1965\/revisions"}],"predecessor-version":[{"id":1967,"href":"https:\/\/super-news.info\/hu\/wp-json\/wp\/v2\/posts\/1965\/revisions\/1967"}],"wp:featuredmedia":[{"embeddable":true,"href":"https:\/\/super-news.info\/hu\/wp-json\/wp\/v2\/media\/1966"}],"wp:attachment":[{"href":"https:\/\/super-news.info\/hu\/wp-json\/wp\/v2\/media?parent=1965"}],"wp:term":[{"taxonomy":"category","embeddable":true,"href":"https:\/\/super-news.info\/hu\/wp-json\/wp\/v2\/categories?post=1965"},{"taxonomy":"post_tag","embeddable":true,"href":"https:\/\/super-news.info\/hu\/wp-json\/wp\/v2\/tags?post=1965"}],"curies":[{"name":"wp","href":"https:\/\/api.w.org\/{rel}","templated":true}]}}