{"id":1962,"date":"2019-05-15T03:36:38","date_gmt":"2019-05-15T00:36:38","guid":{"rendered":"https:\/\/super-news.info\/hu\/a-hagai-torvenyszek-ujra-elfogatoparancsot-adott-ki-ket-szerb-politikus-ellen\/"},"modified":"2019-05-15T03:36:39","modified_gmt":"2019-05-15T00:36:39","slug":"a-hagai-torvenyszek-ujra-elfogatoparancsot-adott-ki-ket-szerb-politikus-ellen","status":"publish","type":"post","link":"https:\/\/super-news.info\/hu\/a-hagai-torvenyszek-ujra-elfogatoparancsot-adott-ki-ket-szerb-politikus-ellen\/","title":{"rendered":"A h\u00e1gai t\u00f6rv\u00e9nysz\u00e9k \u00fajra elfogat\u00f3parancsot adott ki k\u00e9t szerb politikus ellen"},"content":{"rendered":"<p> [ad_1]<br \/>\n<\/p>\n<p>\n\t\t\t\t\t\t\t\tA h\u00e1gai t\u00f6rv\u00e9nysz\u00e9k az\u00e9rt \u00faj\u00edtott meg egy az elfogat\u00f3parancsot, mert a tan\u00fak \u201ehal\u00e1lf\u00e9lelemben \u00e9lnek\u201d Szerbi\u00e1ban.\t\t\t\t\t\t\t<\/p>\n<div>\n<p>\u00dajb\u00f3l nemzetk\u00f6zi elfogat\u00f3parancsot adott ki az ENSZ h\u00e1gai nemzetk\u00f6zi t\u00f6rv\u00e9nysz\u00e9ki mechanizmusa (MICT) k\u00e9t szerb politikus ellen, akik a v\u00e1d szerint Vojislav Seselj ultranacionalista szerb politikus ellen folytatott elj\u00e1r\u00e1s idej\u00e9n tan\u00fakat vesztegettek meg, fenyegett\u00e9k \u00e9s megf\u00e9leml\u00edtett\u00e9k \u0151ket.<\/p>\n<div id=\"attachment_1511092\" style=\"width: 1410px\" class=\"wp-caption aligncenter\">\n<p class=\"wp-caption-text\">Vojislav Seselj t\u00edz \u00e9vet kapott emberiess\u00e9g elleni b\u0171ncselekm\u00e9nyek miatt<br \/>Fot\u00f3: AFP<\/p>\n<\/div>\n<p>A volt Jugoszl\u00e1via ter\u00fclet\u00e9n elk\u00f6vetett h\u00e1bor\u00fas b\u0171n\u00f6ket vizsg\u00e1l\u00f3 Nemzetk\u00f6zi T\u00f6rv\u00e9nysz\u00e9k mand\u00e1tuma lej\u00e1rta ut\u00e1n az \u00fcgyet \u00e1tvev\u0151 MICT t\u00e1j\u00e9koztat\u00e1sa szerint<\/p>\n<p>a k\u00e9t kor\u00e1bbi v\u00e1dlott Petar Jojic kor\u00e1bbi jugoszl\u00e1v igazs\u00e1g\u00fcgyi miniszter, a Seselj vezette Szerb Radik\u00e1lis P\u00e1rt tagja, valamint Vjerica Radeta, a p\u00e1rt v\u00e9grehajt\u00f3 bizotts\u00e1g\u00e1nak vezet\u0151je.<\/p>\n<p>A t\u00f6rv\u00e9nysz\u00e9k 2014 v\u00e9g\u00e9n a k\u00e9t v\u00e1dlottat b\u0171n\u00f6snek tal\u00e1lta, \u00e9s t\u00e1voll\u00e9t\u00fckben el\u00edt\u00e9lte az eml\u00edtett b\u0171ncselekm\u00e9nyek elk\u00f6vet\u00e9s\u00e9\u00e9rt. Majd az \u00fcgyet 2018-ban \u00e1tadta Szerbi\u00e1nak.<\/p>\n<p>Indokl\u00e1suk szerint az elfogat\u00f3parancs meg\u00faj\u00edt\u00e1s\u00e1ra az\u00e9rt volt sz\u00fcks\u00e9g, mert a tan\u00fak \u201ehal\u00e1lf\u00e9lelemben \u00e9lnek\u201d Szerbi\u00e1ban.<br \/>Liu Ta-cs\u00fcn t\u00f6rv\u00e9nysz\u00e9ki b\u00edr\u00f3 szerint a tan\u00fak nem mernek nyilatkozni a szerb hat\u00f3s\u00e1goknak, mert nem k\u00e9pesek megv\u00e9deni \u0151ket \u00e9s csal\u00e1djuk s\u00e9rtetlens\u00e9g\u00e9t. Az \u00fcgy Szerbi\u00e1nak val\u00f3 \u00e1tad\u00e1s\u00e1nak felt\u00e9telei nem teljes\u00fcltek \u2013 tette hozz\u00e1.<\/p>\n<p>A t\u00f6rv\u00e9nysz\u00e9k Vojislav Seselj ultranacionalista szerb politikus \u00fcgy\u00e9ben 2016 m\u00e1rcius\u00e1ban kihirdetett els\u0151fok\u00fa \u00edt\u00e9let\u00e9ben bizony\u00edt\u00e9kok hi\u00e1ny\u00e1ban minden v\u00e1dpont al\u00f3l felmentette \u00e9s szabadl\u00e1bra helyezte a szerb politikust. K\u00e9s\u0151bb, 2018 \u00e1prilis\u00e1ban h\u00e1bor\u00fas b\u0171n\u00f6k elk\u00f6vet\u00e9s\u00e9ben felel\u0151snek tal\u00e1lta, \u00e9s t\u00edz \u00e9v b\u00f6rt\u00f6nre \u00edt\u00e9lt emberiess\u00e9g elleni b\u0171ncselekm\u00e9nyek miatt az ENSZ nemzetk\u00f6zi t\u00f6rv\u00e9nysz\u00e9ki mechanizmusa.<\/p>\n<\/p><\/div>\n<p><script>\n    window.fbAsyncInit = function() {\n        FB.init({\n            appId      : \"204760236815359\",\n            xfbml      : true,\n            version    : \"v2.12\"\n        });\n        FB.AppEvents.logPageView();\n    };<\/p>\n<p>    (function(d, s, id){\n        var js, fjs = d.getElementsByTagName(s)[0];\n        if (d.getElementById(id)) {return;}\n        js = d.createElement(s); js.id = id;\n        js.src = \"http:\/\/connect.facebook.net\/hu_HU\/sdk.js\";\n        fjs.parentNode.insertBefore(js, fjs);\n    }(document, \"script\", \"facebook-jssdk\"));\n<\/script><br \/>\n<br \/>[ad_2]<br \/>\n<br \/><a href=\"https:\/\/www.vg.hu\/kozelet\/kozeleti-hirek\/a-hagai-torvenyszek-ujra-elfogatoparancsot-adott-ki-ket-szerb-politikus-ellen-1511041\/\">Source link <\/a><\/p>\n","protected":false},"excerpt":{"rendered":"<p>[ad_1] A h\u00e1gai t\u00f6rv\u00e9nysz\u00e9k az\u00e9rt \u00faj\u00edtott meg egy az elfogat\u00f3parancsot, mert a tan\u00fak \u201ehal\u00e1lf\u00e9lelemben \u00e9lnek\u201d Szerbi\u00e1ban. \u00dajb\u00f3l nemzetk\u00f6zi elfogat\u00f3parancsot adott ki az ENSZ h\u00e1gai nemzetk\u00f6zi t\u00f6rv\u00e9nysz\u00e9ki mechanizmusa (MICT) k\u00e9t szerb politikus ellen, akik a v\u00e1d szerint Vojislav Seselj ultranacionalista szerb politikus ellen folytatott elj\u00e1r\u00e1s idej\u00e9n tan\u00fakat vesztegettek meg, fenyegett\u00e9k \u00e9s megf\u00e9leml\u00edtett\u00e9k \u0151ket. Vojislav Seselj t\u00edz [&hellip;]<\/p>\n","protected":false},"author":2,"featured_media":1963,"comment_status":"open","ping_status":"open","sticky":false,"template":"","format":"standard","meta":{"footnotes":""},"categories":[1],"tags":[],"class_list":["post-1962","post","type-post","status-publish","format-standard","has-post-thumbnail","hentry","category-penzugyi-hirek"],"yoast_head":"<!-- This site is optimized with the Yoast SEO plugin v27.4 - https:\/\/yoast.com\/product\/yoast-seo-wordpress\/ -->\n<title>A h\u00e1gai t\u00f6rv\u00e9nysz\u00e9k \u00fajra elfogat\u00f3parancsot adott ki k\u00e9t szerb politikus ellen - Super News<\/title>\n<meta name=\"robots\" content=\"index, follow, max-snippet:-1, max-image-preview:large, max-video-preview:-1\" \/>\n<link rel=\"canonical\" href=\"https:\/\/super-news.info\/hu\/a-hagai-torvenyszek-ujra-elfogatoparancsot-adott-ki-ket-szerb-politikus-ellen\/\" \/>\n<meta property=\"og:locale\" content=\"hu_HU\" \/>\n<meta property=\"og:type\" content=\"article\" \/>\n<meta property=\"og:title\" content=\"A h\u00e1gai t\u00f6rv\u00e9nysz\u00e9k \u00fajra elfogat\u00f3parancsot adott ki k\u00e9t szerb politikus ellen - Super News\" \/>\n<meta property=\"og:description\" content=\"[ad_1] A h\u00e1gai t\u00f6rv\u00e9nysz\u00e9k az\u00e9rt \u00faj\u00edtott meg egy az elfogat\u00f3parancsot, mert a tan\u00fak \u201ehal\u00e1lf\u00e9lelemben \u00e9lnek\u201d Szerbi\u00e1ban. \u00dajb\u00f3l nemzetk\u00f6zi elfogat\u00f3parancsot adott ki az ENSZ h\u00e1gai nemzetk\u00f6zi t\u00f6rv\u00e9nysz\u00e9ki mechanizmusa (MICT) k\u00e9t szerb politikus ellen, akik a v\u00e1d szerint Vojislav Seselj ultranacionalista szerb politikus ellen folytatott elj\u00e1r\u00e1s idej\u00e9n tan\u00fakat vesztegettek meg, fenyegett\u00e9k \u00e9s megf\u00e9leml\u00edtett\u00e9k \u0151ket. Vojislav Seselj t\u00edz [&hellip;]\" \/>\n<meta property=\"og:url\" content=\"https:\/\/super-news.info\/hu\/a-hagai-torvenyszek-ujra-elfogatoparancsot-adott-ki-ket-szerb-politikus-ellen\/\" \/>\n<meta property=\"og:site_name\" content=\"Super News\" \/>\n<meta property=\"article:published_time\" content=\"2019-05-15T00:36:38+00:00\" \/>\n<meta property=\"article:modified_time\" content=\"2019-05-15T00:36:39+00:00\" \/>\n<meta property=\"og:image\" content=\"https:\/\/super-news.info\/hu\/wp-content\/uploads\/sites\/3\/2019\/05\/A-h\u00e1gai-t\u00f6rv\u00e9nysz\u00e9k-\u00fajra-elfogat\u00f3parancsot-adott-ki-k\u00e9t-szerb-politikus.jpg\" \/>\n\t<meta property=\"og:image:width\" content=\"1400\" \/>\n\t<meta property=\"og:image:height\" content=\"933\" \/>\n\t<meta property=\"og:image:type\" content=\"image\/jpeg\" \/>\n<meta name=\"author\" content=\"super-news\" \/>\n<meta name=\"twitter:card\" content=\"summary_large_image\" \/>\n<meta name=\"twitter:label1\" content=\"Szerz\u0151:\" \/>\n\t<meta name=\"twitter:data1\" content=\"super-news\" \/>\n\t<meta name=\"twitter:label2\" content=\"Becs\u00fclt olvas\u00e1si id\u0151\" \/>\n\t<meta name=\"twitter:data2\" content=\"2 perc\" \/>\n<script type=\"application\/ld+json\" class=\"yoast-schema-graph\">{\"@context\":\"https:\\\/\\\/schema.org\",\"@graph\":[{\"@type\":\"Article\",\"@id\":\"https:\\\/\\\/super-news.info\\\/hu\\\/a-hagai-torvenyszek-ujra-elfogatoparancsot-adott-ki-ket-szerb-politikus-ellen\\\/#article\",\"isPartOf\":{\"@id\":\"https:\\\/\\\/super-news.info\\\/hu\\\/a-hagai-torvenyszek-ujra-elfogatoparancsot-adott-ki-ket-szerb-politikus-ellen\\\/\"},\"author\":{\"name\":\"super-news\",\"@id\":\"https:\\\/\\\/super-news.info\\\/hu\\\/#\\\/schema\\\/person\\\/2d4068cb2f39cd10008c2fce578a7356\"},\"headline\":\"A h\u00e1gai t\u00f6rv\u00e9nysz\u00e9k \u00fajra elfogat\u00f3parancsot adott ki k\u00e9t szerb politikus ellen\",\"datePublished\":\"2019-05-15T00:36:38+00:00\",\"dateModified\":\"2019-05-15T00:36:39+00:00\",\"mainEntityOfPage\":{\"@id\":\"https:\\\/\\\/super-news.info\\\/hu\\\/a-hagai-torvenyszek-ujra-elfogatoparancsot-adott-ki-ket-szerb-politikus-ellen\\\/\"},\"wordCount\":396,\"commentCount\":0,\"image\":{\"@id\":\"https:\\\/\\\/super-news.info\\\/hu\\\/a-hagai-torvenyszek-ujra-elfogatoparancsot-adott-ki-ket-szerb-politikus-ellen\\\/#primaryimage\"},\"thumbnailUrl\":\"https:\\\/\\\/super-news.info\\\/hu\\\/wp-content\\\/uploads\\\/sites\\\/3\\\/2019\\\/05\\\/A-h\u00e1gai-t\u00f6rv\u00e9nysz\u00e9k-\u00fajra-elfogat\u00f3parancsot-adott-ki-k\u00e9t-szerb-politikus.jpg\",\"articleSection\":[\"P\u00c9NZ\u00dcGYI H\u00cdREK\"],\"inLanguage\":\"hu\",\"potentialAction\":[{\"@type\":\"CommentAction\",\"name\":\"Comment\",\"target\":[\"https:\\\/\\\/super-news.info\\\/hu\\\/a-hagai-torvenyszek-ujra-elfogatoparancsot-adott-ki-ket-szerb-politikus-ellen\\\/#respond\"]}]},{\"@type\":\"WebPage\",\"@id\":\"https:\\\/\\\/super-news.info\\\/hu\\\/a-hagai-torvenyszek-ujra-elfogatoparancsot-adott-ki-ket-szerb-politikus-ellen\\\/\",\"url\":\"https:\\\/\\\/super-news.info\\\/hu\\\/a-hagai-torvenyszek-ujra-elfogatoparancsot-adott-ki-ket-szerb-politikus-ellen\\\/\",\"name\":\"A h\u00e1gai t\u00f6rv\u00e9nysz\u00e9k \u00fajra elfogat\u00f3parancsot adott ki k\u00e9t szerb politikus ellen - Super News\",\"isPartOf\":{\"@id\":\"https:\\\/\\\/super-news.info\\\/hu\\\/#website\"},\"primaryImageOfPage\":{\"@id\":\"https:\\\/\\\/super-news.info\\\/hu\\\/a-hagai-torvenyszek-ujra-elfogatoparancsot-adott-ki-ket-szerb-politikus-ellen\\\/#primaryimage\"},\"image\":{\"@id\":\"https:\\\/\\\/super-news.info\\\/hu\\\/a-hagai-torvenyszek-ujra-elfogatoparancsot-adott-ki-ket-szerb-politikus-ellen\\\/#primaryimage\"},\"thumbnailUrl\":\"https:\\\/\\\/super-news.info\\\/hu\\\/wp-content\\\/uploads\\\/sites\\\/3\\\/2019\\\/05\\\/A-h\u00e1gai-t\u00f6rv\u00e9nysz\u00e9k-\u00fajra-elfogat\u00f3parancsot-adott-ki-k\u00e9t-szerb-politikus.jpg\",\"datePublished\":\"2019-05-15T00:36:38+00:00\",\"dateModified\":\"2019-05-15T00:36:39+00:00\",\"author\":{\"@id\":\"https:\\\/\\\/super-news.info\\\/hu\\\/#\\\/schema\\\/person\\\/2d4068cb2f39cd10008c2fce578a7356\"},\"breadcrumb\":{\"@id\":\"https:\\\/\\\/super-news.info\\\/hu\\\/a-hagai-torvenyszek-ujra-elfogatoparancsot-adott-ki-ket-szerb-politikus-ellen\\\/#breadcrumb\"},\"inLanguage\":\"hu\",\"potentialAction\":[{\"@type\":\"ReadAction\",\"target\":[\"https:\\\/\\\/super-news.info\\\/hu\\\/a-hagai-torvenyszek-ujra-elfogatoparancsot-adott-ki-ket-szerb-politikus-ellen\\\/\"]}]},{\"@type\":\"ImageObject\",\"inLanguage\":\"hu\",\"@id\":\"https:\\\/\\\/super-news.info\\\/hu\\\/a-hagai-torvenyszek-ujra-elfogatoparancsot-adott-ki-ket-szerb-politikus-ellen\\\/#primaryimage\",\"url\":\"https:\\\/\\\/super-news.info\\\/hu\\\/wp-content\\\/uploads\\\/sites\\\/3\\\/2019\\\/05\\\/A-h\u00e1gai-t\u00f6rv\u00e9nysz\u00e9k-\u00fajra-elfogat\u00f3parancsot-adott-ki-k\u00e9t-szerb-politikus.jpg\",\"contentUrl\":\"https:\\\/\\\/super-news.info\\\/hu\\\/wp-content\\\/uploads\\\/sites\\\/3\\\/2019\\\/05\\\/A-h\u00e1gai-t\u00f6rv\u00e9nysz\u00e9k-\u00fajra-elfogat\u00f3parancsot-adott-ki-k\u00e9t-szerb-politikus.jpg\",\"width\":1400,\"height\":933,\"caption\":\"A h\u00e1gai t\u00f6rv\u00e9nysz\u00e9k \u00fajra elfogat\u00f3parancsot adott ki k\u00e9t szerb politikus ellen\"},{\"@type\":\"BreadcrumbList\",\"@id\":\"https:\\\/\\\/super-news.info\\\/hu\\\/a-hagai-torvenyszek-ujra-elfogatoparancsot-adott-ki-ket-szerb-politikus-ellen\\\/#breadcrumb\",\"itemListElement\":[{\"@type\":\"ListItem\",\"position\":1,\"name\":\"\u0413\u043b\u0430\u0432\u043d\u0430\u044f \u0441\u0442\u0440\u0430\u043d\u0438\u0446\u0430\",\"item\":\"https:\\\/\\\/super-news.info\\\/hu\\\/\"},{\"@type\":\"ListItem\",\"position\":2,\"name\":\"A h\u00e1gai t\u00f6rv\u00e9nysz\u00e9k \u00fajra elfogat\u00f3parancsot adott ki k\u00e9t szerb politikus ellen\"}]},{\"@type\":\"WebSite\",\"@id\":\"https:\\\/\\\/super-news.info\\\/hu\\\/#website\",\"url\":\"https:\\\/\\\/super-news.info\\\/hu\\\/\",\"name\":\"Super News\",\"description\":\"Super News Magyarorsz\u00e1g\",\"potentialAction\":[{\"@type\":\"SearchAction\",\"target\":{\"@type\":\"EntryPoint\",\"urlTemplate\":\"https:\\\/\\\/super-news.info\\\/hu\\\/?s={search_term_string}\"},\"query-input\":{\"@type\":\"PropertyValueSpecification\",\"valueRequired\":true,\"valueName\":\"search_term_string\"}}],\"inLanguage\":\"hu\"},{\"@type\":\"Person\",\"@id\":\"https:\\\/\\\/super-news.info\\\/hu\\\/#\\\/schema\\\/person\\\/2d4068cb2f39cd10008c2fce578a7356\",\"name\":\"super-news\",\"image\":{\"@type\":\"ImageObject\",\"inLanguage\":\"hu\",\"@id\":\"https:\\\/\\\/secure.gravatar.com\\\/avatar\\\/64ebac40b93f26a154f8a9b5b6fdccfc46f442b26b3dd6756dbff3bf9dc76fd7?s=96&d=mm&r=g\",\"url\":\"https:\\\/\\\/secure.gravatar.com\\\/avatar\\\/64ebac40b93f26a154f8a9b5b6fdccfc46f442b26b3dd6756dbff3bf9dc76fd7?s=96&d=mm&r=g\",\"contentUrl\":\"https:\\\/\\\/secure.gravatar.com\\\/avatar\\\/64ebac40b93f26a154f8a9b5b6fdccfc46f442b26b3dd6756dbff3bf9dc76fd7?s=96&d=mm&r=g\",\"caption\":\"super-news\"},\"url\":\"https:\\\/\\\/super-news.info\\\/hu\\\/author\\\/pt\\\/\"}]}<\/script>\n<!-- \/ Yoast SEO plugin. -->","yoast_head_json":{"title":"A h\u00e1gai t\u00f6rv\u00e9nysz\u00e9k \u00fajra elfogat\u00f3parancsot adott ki k\u00e9t szerb politikus ellen - Super News","robots":{"index":"index","follow":"follow","max-snippet":"max-snippet:-1","max-image-preview":"max-image-preview:large","max-video-preview":"max-video-preview:-1"},"canonical":"https:\/\/super-news.info\/hu\/a-hagai-torvenyszek-ujra-elfogatoparancsot-adott-ki-ket-szerb-politikus-ellen\/","og_locale":"hu_HU","og_type":"article","og_title":"A h\u00e1gai t\u00f6rv\u00e9nysz\u00e9k \u00fajra elfogat\u00f3parancsot adott ki k\u00e9t szerb politikus ellen - Super News","og_description":"[ad_1] A h\u00e1gai t\u00f6rv\u00e9nysz\u00e9k az\u00e9rt \u00faj\u00edtott meg egy az elfogat\u00f3parancsot, mert a tan\u00fak \u201ehal\u00e1lf\u00e9lelemben \u00e9lnek\u201d Szerbi\u00e1ban. \u00dajb\u00f3l nemzetk\u00f6zi elfogat\u00f3parancsot adott ki az ENSZ h\u00e1gai nemzetk\u00f6zi t\u00f6rv\u00e9nysz\u00e9ki mechanizmusa (MICT) k\u00e9t szerb politikus ellen, akik a v\u00e1d szerint Vojislav Seselj ultranacionalista szerb politikus ellen folytatott elj\u00e1r\u00e1s idej\u00e9n tan\u00fakat vesztegettek meg, fenyegett\u00e9k \u00e9s megf\u00e9leml\u00edtett\u00e9k \u0151ket. Vojislav Seselj t\u00edz [&hellip;]","og_url":"https:\/\/super-news.info\/hu\/a-hagai-torvenyszek-ujra-elfogatoparancsot-adott-ki-ket-szerb-politikus-ellen\/","og_site_name":"Super News","article_published_time":"2019-05-15T00:36:38+00:00","article_modified_time":"2019-05-15T00:36:39+00:00","og_image":[{"width":1400,"height":933,"url":"https:\/\/super-news.info\/hu\/wp-content\/uploads\/sites\/3\/2019\/05\/A-h\u00e1gai-t\u00f6rv\u00e9nysz\u00e9k-\u00fajra-elfogat\u00f3parancsot-adott-ki-k\u00e9t-szerb-politikus.jpg","type":"image\/jpeg"}],"author":"super-news","twitter_card":"summary_large_image","twitter_misc":{"Szerz\u0151:":"super-news","Becs\u00fclt olvas\u00e1si id\u0151":"2 perc"},"schema":{"@context":"https:\/\/schema.org","@graph":[{"@type":"Article","@id":"https:\/\/super-news.info\/hu\/a-hagai-torvenyszek-ujra-elfogatoparancsot-adott-ki-ket-szerb-politikus-ellen\/#article","isPartOf":{"@id":"https:\/\/super-news.info\/hu\/a-hagai-torvenyszek-ujra-elfogatoparancsot-adott-ki-ket-szerb-politikus-ellen\/"},"author":{"name":"super-news","@id":"https:\/\/super-news.info\/hu\/#\/schema\/person\/2d4068cb2f39cd10008c2fce578a7356"},"headline":"A h\u00e1gai t\u00f6rv\u00e9nysz\u00e9k \u00fajra elfogat\u00f3parancsot adott ki k\u00e9t szerb politikus ellen","datePublished":"2019-05-15T00:36:38+00:00","dateModified":"2019-05-15T00:36:39+00:00","mainEntityOfPage":{"@id":"https:\/\/super-news.info\/hu\/a-hagai-torvenyszek-ujra-elfogatoparancsot-adott-ki-ket-szerb-politikus-ellen\/"},"wordCount":396,"commentCount":0,"image":{"@id":"https:\/\/super-news.info\/hu\/a-hagai-torvenyszek-ujra-elfogatoparancsot-adott-ki-ket-szerb-politikus-ellen\/#primaryimage"},"thumbnailUrl":"https:\/\/super-news.info\/hu\/wp-content\/uploads\/sites\/3\/2019\/05\/A-h\u00e1gai-t\u00f6rv\u00e9nysz\u00e9k-\u00fajra-elfogat\u00f3parancsot-adott-ki-k\u00e9t-szerb-politikus.jpg","articleSection":["P\u00c9NZ\u00dcGYI H\u00cdREK"],"inLanguage":"hu","potentialAction":[{"@type":"CommentAction","name":"Comment","target":["https:\/\/super-news.info\/hu\/a-hagai-torvenyszek-ujra-elfogatoparancsot-adott-ki-ket-szerb-politikus-ellen\/#respond"]}]},{"@type":"WebPage","@id":"https:\/\/super-news.info\/hu\/a-hagai-torvenyszek-ujra-elfogatoparancsot-adott-ki-ket-szerb-politikus-ellen\/","url":"https:\/\/super-news.info\/hu\/a-hagai-torvenyszek-ujra-elfogatoparancsot-adott-ki-ket-szerb-politikus-ellen\/","name":"A h\u00e1gai t\u00f6rv\u00e9nysz\u00e9k \u00fajra elfogat\u00f3parancsot adott ki k\u00e9t szerb politikus ellen - Super News","isPartOf":{"@id":"https:\/\/super-news.info\/hu\/#website"},"primaryImageOfPage":{"@id":"https:\/\/super-news.info\/hu\/a-hagai-torvenyszek-ujra-elfogatoparancsot-adott-ki-ket-szerb-politikus-ellen\/#primaryimage"},"image":{"@id":"https:\/\/super-news.info\/hu\/a-hagai-torvenyszek-ujra-elfogatoparancsot-adott-ki-ket-szerb-politikus-ellen\/#primaryimage"},"thumbnailUrl":"https:\/\/super-news.info\/hu\/wp-content\/uploads\/sites\/3\/2019\/05\/A-h\u00e1gai-t\u00f6rv\u00e9nysz\u00e9k-\u00fajra-elfogat\u00f3parancsot-adott-ki-k\u00e9t-szerb-politikus.jpg","datePublished":"2019-05-15T00:36:38+00:00","dateModified":"2019-05-15T00:36:39+00:00","author":{"@id":"https:\/\/super-news.info\/hu\/#\/schema\/person\/2d4068cb2f39cd10008c2fce578a7356"},"breadcrumb":{"@id":"https:\/\/super-news.info\/hu\/a-hagai-torvenyszek-ujra-elfogatoparancsot-adott-ki-ket-szerb-politikus-ellen\/#breadcrumb"},"inLanguage":"hu","potentialAction":[{"@type":"ReadAction","target":["https:\/\/super-news.info\/hu\/a-hagai-torvenyszek-ujra-elfogatoparancsot-adott-ki-ket-szerb-politikus-ellen\/"]}]},{"@type":"ImageObject","inLanguage":"hu","@id":"https:\/\/super-news.info\/hu\/a-hagai-torvenyszek-ujra-elfogatoparancsot-adott-ki-ket-szerb-politikus-ellen\/#primaryimage","url":"https:\/\/super-news.info\/hu\/wp-content\/uploads\/sites\/3\/2019\/05\/A-h\u00e1gai-t\u00f6rv\u00e9nysz\u00e9k-\u00fajra-elfogat\u00f3parancsot-adott-ki-k\u00e9t-szerb-politikus.jpg","contentUrl":"https:\/\/super-news.info\/hu\/wp-content\/uploads\/sites\/3\/2019\/05\/A-h\u00e1gai-t\u00f6rv\u00e9nysz\u00e9k-\u00fajra-elfogat\u00f3parancsot-adott-ki-k\u00e9t-szerb-politikus.jpg","width":1400,"height":933,"caption":"A h\u00e1gai t\u00f6rv\u00e9nysz\u00e9k \u00fajra elfogat\u00f3parancsot adott ki k\u00e9t szerb politikus ellen"},{"@type":"BreadcrumbList","@id":"https:\/\/super-news.info\/hu\/a-hagai-torvenyszek-ujra-elfogatoparancsot-adott-ki-ket-szerb-politikus-ellen\/#breadcrumb","itemListElement":[{"@type":"ListItem","position":1,"name":"\u0413\u043b\u0430\u0432\u043d\u0430\u044f \u0441\u0442\u0440\u0430\u043d\u0438\u0446\u0430","item":"https:\/\/super-news.info\/hu\/"},{"@type":"ListItem","position":2,"name":"A h\u00e1gai t\u00f6rv\u00e9nysz\u00e9k \u00fajra elfogat\u00f3parancsot adott ki k\u00e9t szerb politikus ellen"}]},{"@type":"WebSite","@id":"https:\/\/super-news.info\/hu\/#website","url":"https:\/\/super-news.info\/hu\/","name":"Super News","description":"Super News Magyarorsz\u00e1g","potentialAction":[{"@type":"SearchAction","target":{"@type":"EntryPoint","urlTemplate":"https:\/\/super-news.info\/hu\/?s={search_term_string}"},"query-input":{"@type":"PropertyValueSpecification","valueRequired":true,"valueName":"search_term_string"}}],"inLanguage":"hu"},{"@type":"Person","@id":"https:\/\/super-news.info\/hu\/#\/schema\/person\/2d4068cb2f39cd10008c2fce578a7356","name":"super-news","image":{"@type":"ImageObject","inLanguage":"hu","@id":"https:\/\/secure.gravatar.com\/avatar\/64ebac40b93f26a154f8a9b5b6fdccfc46f442b26b3dd6756dbff3bf9dc76fd7?s=96&d=mm&r=g","url":"https:\/\/secure.gravatar.com\/avatar\/64ebac40b93f26a154f8a9b5b6fdccfc46f442b26b3dd6756dbff3bf9dc76fd7?s=96&d=mm&r=g","contentUrl":"https:\/\/secure.gravatar.com\/avatar\/64ebac40b93f26a154f8a9b5b6fdccfc46f442b26b3dd6756dbff3bf9dc76fd7?s=96&d=mm&r=g","caption":"super-news"},"url":"https:\/\/super-news.info\/hu\/author\/pt\/"}]}},"_links":{"self":[{"href":"https:\/\/super-news.info\/hu\/wp-json\/wp\/v2\/posts\/1962","targetHints":{"allow":["GET"]}}],"collection":[{"href":"https:\/\/super-news.info\/hu\/wp-json\/wp\/v2\/posts"}],"about":[{"href":"https:\/\/super-news.info\/hu\/wp-json\/wp\/v2\/types\/post"}],"author":[{"embeddable":true,"href":"https:\/\/super-news.info\/hu\/wp-json\/wp\/v2\/users\/2"}],"replies":[{"embeddable":true,"href":"https:\/\/super-news.info\/hu\/wp-json\/wp\/v2\/comments?post=1962"}],"version-history":[{"count":1,"href":"https:\/\/super-news.info\/hu\/wp-json\/wp\/v2\/posts\/1962\/revisions"}],"predecessor-version":[{"id":1964,"href":"https:\/\/super-news.info\/hu\/wp-json\/wp\/v2\/posts\/1962\/revisions\/1964"}],"wp:featuredmedia":[{"embeddable":true,"href":"https:\/\/super-news.info\/hu\/wp-json\/wp\/v2\/media\/1963"}],"wp:attachment":[{"href":"https:\/\/super-news.info\/hu\/wp-json\/wp\/v2\/media?parent=1962"}],"wp:term":[{"taxonomy":"category","embeddable":true,"href":"https:\/\/super-news.info\/hu\/wp-json\/wp\/v2\/categories?post=1962"},{"taxonomy":"post_tag","embeddable":true,"href":"https:\/\/super-news.info\/hu\/wp-json\/wp\/v2\/tags?post=1962"}],"curies":[{"name":"wp","href":"https:\/\/api.w.org\/{rel}","templated":true}]}}