{"id":1525,"date":"2019-05-08T10:30:17","date_gmt":"2019-05-08T07:30:17","guid":{"rendered":"https:\/\/super-news.info\/hu\/torvenyesen-figyelhettek-meg-trumpot-vilaggazdasag\/"},"modified":"2019-05-08T10:30:18","modified_gmt":"2019-05-08T07:30:18","slug":"torvenyesen-figyelhettek-meg-trumpot-vilaggazdasag","status":"publish","type":"post","link":"https:\/\/super-news.info\/hu\/torvenyesen-figyelhettek-meg-trumpot-vilaggazdasag\/","title":{"rendered":"T\u00f6rv\u00e9nyesen figyelhett\u00e9k meg Trumpot | Vil\u00e1ggazdas\u00e1g"},"content":{"rendered":"<p> [ad_1]<br \/>\n<\/p>\n<p>\n\t\t\t\t\t\t\t\tDonald Trump eln\u00f6kjel\u00f6ltet b\u00edr\u00f3i felhatalmaz\u00e1s alapj\u00e1n figyelt\u00e9k meg a 2016-os amerikai v\u00e1laszt\u00e1sok idej\u00e9n, nincs arra bizony\u00edt\u00e9k, hogy ezt t\u00f6rv\u00e9nyellenesen tett\u00e9k volna \u2013 jelentette ki Christopher Wray, a Sz\u00f6vets\u00e9gi Nyomoz\u00f3 Iroda (FBI) jelenlegi igazgat\u00f3ja egy szen\u00e1tusi albizotts\u00e1gi meghallgat\u00e1son kedden.\t\t\t\t\t\t\t<\/p>\n<div>\n<p>Christopher Wray nem r\u00e9szletezte a Trump kamp\u00e1nycsapat\u00e1t \u00e9rint\u0151 2016-os nyomoz\u00e1st a hivataln\u00e1l. Arra hivatkozott, hogy az igazs\u00e1g\u00fcgyi miniszt\u00e9rium illet\u00e9kesei jelenleg megpr\u00f3b\u00e1lj\u00e1k felt\u00e1rni:<\/p>\n<p>az oroszokkal val\u00f3 esetleges \u00f6sszej\u00e1tsz\u00e1sr\u00f3l sz\u00f3l\u00f3 vizsg\u00e1latot milyen dokumentumok alapj\u00e1n rendelt\u00e9k el, \u00e9s hogy honnan, kit\u0151l, kinek a megrendel\u00e9s\u00e9re sz\u00fclettek meg ezek a dokumentumok.<\/p>\n<p>A vizsg\u00e1latot William Barr igazs\u00e1g\u00fcgyi miniszter rendelte el, eredm\u00e9nyeit v\u00e1rhat\u00f3an m\u00e1jus v\u00e9g\u00e9n, j\u00fanius elej\u00e9n hozz\u00e1k nyilv\u00e1noss\u00e1gra.<\/p>\n<div id=\"attachment_1380565\" style=\"width: 1410px\" class=\"wp-caption aligncenter\">\n<p class=\"wp-caption-text\">Donald Trump, az Egyes\u00fclt \u00c1llamok eln\u00f6ke<br \/>Fot\u00f3: AFP<\/p>\n<\/div>\n<p>Jeanne Shaheen demokrata p\u00e1rti szen\u00e1tor k\u00e9rd\u00e9s\u00e9re, hogy \u201ek\u00e9mked\u00e9snek\u201d min\u0151s\u00edthet\u0151-e, ha az FBI terrorizmussal vagy k\u00f6zt\u00f6rv\u00e9nyes b\u0171n\u00f6kkel gyan\u00fas\u00edthat\u00f3 emberek ut\u00e1n nyomoz, Wray azt felelte: \u0151 nem haszn\u00e1ln\u00e1 ezt a kifejez\u00e9st. A baloldali politikus ezzel Barr m\u00falt heti szen\u00e1tusi meghallgat\u00e1s\u00e1ra c\u00e9lzott, amelyben a t\u00e1rcavezet\u0151 a \u201ek\u00e9mked\u00e9s\u201d kifejez\u00e9st haszn\u00e1lta annak le\u00edr\u00e1s\u00e1ra, hogy<\/p>\n<p>a 2016-os kamp\u00e1ny idej\u00e9n Donald Trumpot \u00e9s munkat\u00e1rsait az FBI megfigyelte \u00e9s lehallgatta.<\/p>\n<p>Wray hangs\u00falyozta, hogy neki, szem\u00e9ly szerint nincs arra utal\u00f3 bizony\u00edt\u00e9ka, hogy a megfigyel\u00e9s t\u00f6rv\u00e9nytelen lett volna. A 2016-os eln\u00f6kv\u00e1laszt\u00e1si kamp\u00e1ny idej\u00e9n az FBI igazgat\u00f3ja James Comey volt, akit 2017 m\u00e1jus\u00e1ban Donald Trump menesztett.<\/p>\n<\/p><\/div>\n<p><script>\n    window.fbAsyncInit = function() {\n        FB.init({\n            appId      : \"204760236815359\",\n            xfbml      : true,\n            version    : \"v2.12\"\n        });\n        FB.AppEvents.logPageView();\n    };<\/p>\n<p>    (function(d, s, id){\n        var js, fjs = d.getElementsByTagName(s)[0];\n        if (d.getElementById(id)) {return;}\n        js = d.createElement(s); js.id = id;\n        js.src = \"http:\/\/connect.facebook.net\/hu_HU\/sdk.js\";\n        fjs.parentNode.insertBefore(js, fjs);\n    }(document, \"script\", \"facebook-jssdk\"));\n<\/script><br \/>\n<br \/>[ad_2]<br \/>\n<br \/><a href=\"https:\/\/www.vg.hu\/kozelet\/kozeleti-hirek\/torvenyesen-figyelhettek-meg-trumpot-1499230\/\">Source link <\/a><\/p>\n","protected":false},"excerpt":{"rendered":"<p>[ad_1] Donald Trump eln\u00f6kjel\u00f6ltet b\u00edr\u00f3i felhatalmaz\u00e1s alapj\u00e1n figyelt\u00e9k meg a 2016-os amerikai v\u00e1laszt\u00e1sok idej\u00e9n, nincs arra bizony\u00edt\u00e9k, hogy ezt t\u00f6rv\u00e9nyellenesen tett\u00e9k volna \u2013 jelentette ki Christopher Wray, a Sz\u00f6vets\u00e9gi Nyomoz\u00f3 Iroda (FBI) jelenlegi igazgat\u00f3ja egy szen\u00e1tusi albizotts\u00e1gi meghallgat\u00e1son kedden. Christopher Wray nem r\u00e9szletezte a Trump kamp\u00e1nycsapat\u00e1t \u00e9rint\u0151 2016-os nyomoz\u00e1st a hivataln\u00e1l. Arra hivatkozott, hogy az [&hellip;]<\/p>\n","protected":false},"author":2,"featured_media":1526,"comment_status":"open","ping_status":"open","sticky":false,"template":"","format":"standard","meta":{"footnotes":""},"categories":[1],"tags":[],"class_list":["post-1525","post","type-post","status-publish","format-standard","has-post-thumbnail","hentry","category-penzugyi-hirek"],"yoast_head":"<!-- This site is optimized with the Yoast SEO plugin v27.4 - https:\/\/yoast.com\/product\/yoast-seo-wordpress\/ -->\n<title>T\u00f6rv\u00e9nyesen figyelhett\u00e9k meg Trumpot | Vil\u00e1ggazdas\u00e1g - Super News<\/title>\n<meta name=\"robots\" content=\"index, follow, max-snippet:-1, max-image-preview:large, max-video-preview:-1\" \/>\n<link rel=\"canonical\" href=\"https:\/\/super-news.info\/hu\/torvenyesen-figyelhettek-meg-trumpot-vilaggazdasag\/\" \/>\n<meta property=\"og:locale\" content=\"hu_HU\" \/>\n<meta property=\"og:type\" content=\"article\" \/>\n<meta property=\"og:title\" content=\"T\u00f6rv\u00e9nyesen figyelhett\u00e9k meg Trumpot | Vil\u00e1ggazdas\u00e1g - Super News\" \/>\n<meta property=\"og:description\" content=\"[ad_1] Donald Trump eln\u00f6kjel\u00f6ltet b\u00edr\u00f3i felhatalmaz\u00e1s alapj\u00e1n figyelt\u00e9k meg a 2016-os amerikai v\u00e1laszt\u00e1sok idej\u00e9n, nincs arra bizony\u00edt\u00e9k, hogy ezt t\u00f6rv\u00e9nyellenesen tett\u00e9k volna \u2013 jelentette ki Christopher Wray, a Sz\u00f6vets\u00e9gi Nyomoz\u00f3 Iroda (FBI) jelenlegi igazgat\u00f3ja egy szen\u00e1tusi albizotts\u00e1gi meghallgat\u00e1son kedden. Christopher Wray nem r\u00e9szletezte a Trump kamp\u00e1nycsapat\u00e1t \u00e9rint\u0151 2016-os nyomoz\u00e1st a hivataln\u00e1l. Arra hivatkozott, hogy az [&hellip;]\" \/>\n<meta property=\"og:url\" content=\"https:\/\/super-news.info\/hu\/torvenyesen-figyelhettek-meg-trumpot-vilaggazdasag\/\" \/>\n<meta property=\"og:site_name\" content=\"Super News\" \/>\n<meta property=\"article:published_time\" content=\"2019-05-08T07:30:17+00:00\" \/>\n<meta property=\"article:modified_time\" content=\"2019-05-08T07:30:18+00:00\" \/>\n<meta property=\"og:image\" content=\"https:\/\/super-news.info\/hu\/wp-content\/uploads\/sites\/3\/2019\/05\/T\u00f6rv\u00e9nyesen-figyelhett\u00e9k-meg-Trumpot-Vil\u00e1ggazdas\u00e1g.jpg\" \/>\n\t<meta property=\"og:image:width\" content=\"1400\" \/>\n\t<meta property=\"og:image:height\" content=\"933\" \/>\n\t<meta property=\"og:image:type\" content=\"image\/jpeg\" \/>\n<meta name=\"author\" content=\"super-news\" \/>\n<meta name=\"twitter:card\" content=\"summary_large_image\" \/>\n<meta name=\"twitter:label1\" content=\"Szerz\u0151:\" \/>\n\t<meta name=\"twitter:data1\" content=\"super-news\" \/>\n\t<meta name=\"twitter:label2\" content=\"Becs\u00fclt olvas\u00e1si id\u0151\" \/>\n\t<meta name=\"twitter:data2\" content=\"2 perc\" \/>\n<script type=\"application\/ld+json\" class=\"yoast-schema-graph\">{\"@context\":\"https:\\\/\\\/schema.org\",\"@graph\":[{\"@type\":\"Article\",\"@id\":\"https:\\\/\\\/super-news.info\\\/hu\\\/torvenyesen-figyelhettek-meg-trumpot-vilaggazdasag\\\/#article\",\"isPartOf\":{\"@id\":\"https:\\\/\\\/super-news.info\\\/hu\\\/torvenyesen-figyelhettek-meg-trumpot-vilaggazdasag\\\/\"},\"author\":{\"name\":\"super-news\",\"@id\":\"https:\\\/\\\/super-news.info\\\/hu\\\/#\\\/schema\\\/person\\\/2d4068cb2f39cd10008c2fce578a7356\"},\"headline\":\"T\u00f6rv\u00e9nyesen figyelhett\u00e9k meg Trumpot | Vil\u00e1ggazdas\u00e1g\",\"datePublished\":\"2019-05-08T07:30:17+00:00\",\"dateModified\":\"2019-05-08T07:30:18+00:00\",\"mainEntityOfPage\":{\"@id\":\"https:\\\/\\\/super-news.info\\\/hu\\\/torvenyesen-figyelhettek-meg-trumpot-vilaggazdasag\\\/\"},\"wordCount\":325,\"commentCount\":0,\"image\":{\"@id\":\"https:\\\/\\\/super-news.info\\\/hu\\\/torvenyesen-figyelhettek-meg-trumpot-vilaggazdasag\\\/#primaryimage\"},\"thumbnailUrl\":\"https:\\\/\\\/super-news.info\\\/hu\\\/wp-content\\\/uploads\\\/sites\\\/3\\\/2019\\\/05\\\/T\u00f6rv\u00e9nyesen-figyelhett\u00e9k-meg-Trumpot-Vil\u00e1ggazdas\u00e1g.jpg\",\"articleSection\":[\"P\u00c9NZ\u00dcGYI H\u00cdREK\"],\"inLanguage\":\"hu\",\"potentialAction\":[{\"@type\":\"CommentAction\",\"name\":\"Comment\",\"target\":[\"https:\\\/\\\/super-news.info\\\/hu\\\/torvenyesen-figyelhettek-meg-trumpot-vilaggazdasag\\\/#respond\"]}]},{\"@type\":\"WebPage\",\"@id\":\"https:\\\/\\\/super-news.info\\\/hu\\\/torvenyesen-figyelhettek-meg-trumpot-vilaggazdasag\\\/\",\"url\":\"https:\\\/\\\/super-news.info\\\/hu\\\/torvenyesen-figyelhettek-meg-trumpot-vilaggazdasag\\\/\",\"name\":\"T\u00f6rv\u00e9nyesen figyelhett\u00e9k meg Trumpot | Vil\u00e1ggazdas\u00e1g - Super News\",\"isPartOf\":{\"@id\":\"https:\\\/\\\/super-news.info\\\/hu\\\/#website\"},\"primaryImageOfPage\":{\"@id\":\"https:\\\/\\\/super-news.info\\\/hu\\\/torvenyesen-figyelhettek-meg-trumpot-vilaggazdasag\\\/#primaryimage\"},\"image\":{\"@id\":\"https:\\\/\\\/super-news.info\\\/hu\\\/torvenyesen-figyelhettek-meg-trumpot-vilaggazdasag\\\/#primaryimage\"},\"thumbnailUrl\":\"https:\\\/\\\/super-news.info\\\/hu\\\/wp-content\\\/uploads\\\/sites\\\/3\\\/2019\\\/05\\\/T\u00f6rv\u00e9nyesen-figyelhett\u00e9k-meg-Trumpot-Vil\u00e1ggazdas\u00e1g.jpg\",\"datePublished\":\"2019-05-08T07:30:17+00:00\",\"dateModified\":\"2019-05-08T07:30:18+00:00\",\"author\":{\"@id\":\"https:\\\/\\\/super-news.info\\\/hu\\\/#\\\/schema\\\/person\\\/2d4068cb2f39cd10008c2fce578a7356\"},\"breadcrumb\":{\"@id\":\"https:\\\/\\\/super-news.info\\\/hu\\\/torvenyesen-figyelhettek-meg-trumpot-vilaggazdasag\\\/#breadcrumb\"},\"inLanguage\":\"hu\",\"potentialAction\":[{\"@type\":\"ReadAction\",\"target\":[\"https:\\\/\\\/super-news.info\\\/hu\\\/torvenyesen-figyelhettek-meg-trumpot-vilaggazdasag\\\/\"]}]},{\"@type\":\"ImageObject\",\"inLanguage\":\"hu\",\"@id\":\"https:\\\/\\\/super-news.info\\\/hu\\\/torvenyesen-figyelhettek-meg-trumpot-vilaggazdasag\\\/#primaryimage\",\"url\":\"https:\\\/\\\/super-news.info\\\/hu\\\/wp-content\\\/uploads\\\/sites\\\/3\\\/2019\\\/05\\\/T\u00f6rv\u00e9nyesen-figyelhett\u00e9k-meg-Trumpot-Vil\u00e1ggazdas\u00e1g.jpg\",\"contentUrl\":\"https:\\\/\\\/super-news.info\\\/hu\\\/wp-content\\\/uploads\\\/sites\\\/3\\\/2019\\\/05\\\/T\u00f6rv\u00e9nyesen-figyelhett\u00e9k-meg-Trumpot-Vil\u00e1ggazdas\u00e1g.jpg\",\"width\":1400,\"height\":933,\"caption\":\"T\u00f6rv\u00e9nyesen figyelhett\u00e9k meg Trumpot | Vil\u00e1ggazdas\u00e1g\"},{\"@type\":\"BreadcrumbList\",\"@id\":\"https:\\\/\\\/super-news.info\\\/hu\\\/torvenyesen-figyelhettek-meg-trumpot-vilaggazdasag\\\/#breadcrumb\",\"itemListElement\":[{\"@type\":\"ListItem\",\"position\":1,\"name\":\"\u0413\u043b\u0430\u0432\u043d\u0430\u044f \u0441\u0442\u0440\u0430\u043d\u0438\u0446\u0430\",\"item\":\"https:\\\/\\\/super-news.info\\\/hu\\\/\"},{\"@type\":\"ListItem\",\"position\":2,\"name\":\"T\u00f6rv\u00e9nyesen figyelhett\u00e9k meg Trumpot | Vil\u00e1ggazdas\u00e1g\"}]},{\"@type\":\"WebSite\",\"@id\":\"https:\\\/\\\/super-news.info\\\/hu\\\/#website\",\"url\":\"https:\\\/\\\/super-news.info\\\/hu\\\/\",\"name\":\"Super News\",\"description\":\"Super News Magyarorsz\u00e1g\",\"potentialAction\":[{\"@type\":\"SearchAction\",\"target\":{\"@type\":\"EntryPoint\",\"urlTemplate\":\"https:\\\/\\\/super-news.info\\\/hu\\\/?s={search_term_string}\"},\"query-input\":{\"@type\":\"PropertyValueSpecification\",\"valueRequired\":true,\"valueName\":\"search_term_string\"}}],\"inLanguage\":\"hu\"},{\"@type\":\"Person\",\"@id\":\"https:\\\/\\\/super-news.info\\\/hu\\\/#\\\/schema\\\/person\\\/2d4068cb2f39cd10008c2fce578a7356\",\"name\":\"super-news\",\"image\":{\"@type\":\"ImageObject\",\"inLanguage\":\"hu\",\"@id\":\"https:\\\/\\\/secure.gravatar.com\\\/avatar\\\/64ebac40b93f26a154f8a9b5b6fdccfc46f442b26b3dd6756dbff3bf9dc76fd7?s=96&d=mm&r=g\",\"url\":\"https:\\\/\\\/secure.gravatar.com\\\/avatar\\\/64ebac40b93f26a154f8a9b5b6fdccfc46f442b26b3dd6756dbff3bf9dc76fd7?s=96&d=mm&r=g\",\"contentUrl\":\"https:\\\/\\\/secure.gravatar.com\\\/avatar\\\/64ebac40b93f26a154f8a9b5b6fdccfc46f442b26b3dd6756dbff3bf9dc76fd7?s=96&d=mm&r=g\",\"caption\":\"super-news\"},\"url\":\"https:\\\/\\\/super-news.info\\\/hu\\\/author\\\/pt\\\/\"}]}<\/script>\n<!-- \/ Yoast SEO plugin. -->","yoast_head_json":{"title":"T\u00f6rv\u00e9nyesen figyelhett\u00e9k meg Trumpot | Vil\u00e1ggazdas\u00e1g - Super News","robots":{"index":"index","follow":"follow","max-snippet":"max-snippet:-1","max-image-preview":"max-image-preview:large","max-video-preview":"max-video-preview:-1"},"canonical":"https:\/\/super-news.info\/hu\/torvenyesen-figyelhettek-meg-trumpot-vilaggazdasag\/","og_locale":"hu_HU","og_type":"article","og_title":"T\u00f6rv\u00e9nyesen figyelhett\u00e9k meg Trumpot | Vil\u00e1ggazdas\u00e1g - Super News","og_description":"[ad_1] Donald Trump eln\u00f6kjel\u00f6ltet b\u00edr\u00f3i felhatalmaz\u00e1s alapj\u00e1n figyelt\u00e9k meg a 2016-os amerikai v\u00e1laszt\u00e1sok idej\u00e9n, nincs arra bizony\u00edt\u00e9k, hogy ezt t\u00f6rv\u00e9nyellenesen tett\u00e9k volna \u2013 jelentette ki Christopher Wray, a Sz\u00f6vets\u00e9gi Nyomoz\u00f3 Iroda (FBI) jelenlegi igazgat\u00f3ja egy szen\u00e1tusi albizotts\u00e1gi meghallgat\u00e1son kedden. Christopher Wray nem r\u00e9szletezte a Trump kamp\u00e1nycsapat\u00e1t \u00e9rint\u0151 2016-os nyomoz\u00e1st a hivataln\u00e1l. Arra hivatkozott, hogy az [&hellip;]","og_url":"https:\/\/super-news.info\/hu\/torvenyesen-figyelhettek-meg-trumpot-vilaggazdasag\/","og_site_name":"Super News","article_published_time":"2019-05-08T07:30:17+00:00","article_modified_time":"2019-05-08T07:30:18+00:00","og_image":[{"width":1400,"height":933,"url":"https:\/\/super-news.info\/hu\/wp-content\/uploads\/sites\/3\/2019\/05\/T\u00f6rv\u00e9nyesen-figyelhett\u00e9k-meg-Trumpot-Vil\u00e1ggazdas\u00e1g.jpg","type":"image\/jpeg"}],"author":"super-news","twitter_card":"summary_large_image","twitter_misc":{"Szerz\u0151:":"super-news","Becs\u00fclt olvas\u00e1si id\u0151":"2 perc"},"schema":{"@context":"https:\/\/schema.org","@graph":[{"@type":"Article","@id":"https:\/\/super-news.info\/hu\/torvenyesen-figyelhettek-meg-trumpot-vilaggazdasag\/#article","isPartOf":{"@id":"https:\/\/super-news.info\/hu\/torvenyesen-figyelhettek-meg-trumpot-vilaggazdasag\/"},"author":{"name":"super-news","@id":"https:\/\/super-news.info\/hu\/#\/schema\/person\/2d4068cb2f39cd10008c2fce578a7356"},"headline":"T\u00f6rv\u00e9nyesen figyelhett\u00e9k meg Trumpot | Vil\u00e1ggazdas\u00e1g","datePublished":"2019-05-08T07:30:17+00:00","dateModified":"2019-05-08T07:30:18+00:00","mainEntityOfPage":{"@id":"https:\/\/super-news.info\/hu\/torvenyesen-figyelhettek-meg-trumpot-vilaggazdasag\/"},"wordCount":325,"commentCount":0,"image":{"@id":"https:\/\/super-news.info\/hu\/torvenyesen-figyelhettek-meg-trumpot-vilaggazdasag\/#primaryimage"},"thumbnailUrl":"https:\/\/super-news.info\/hu\/wp-content\/uploads\/sites\/3\/2019\/05\/T\u00f6rv\u00e9nyesen-figyelhett\u00e9k-meg-Trumpot-Vil\u00e1ggazdas\u00e1g.jpg","articleSection":["P\u00c9NZ\u00dcGYI H\u00cdREK"],"inLanguage":"hu","potentialAction":[{"@type":"CommentAction","name":"Comment","target":["https:\/\/super-news.info\/hu\/torvenyesen-figyelhettek-meg-trumpot-vilaggazdasag\/#respond"]}]},{"@type":"WebPage","@id":"https:\/\/super-news.info\/hu\/torvenyesen-figyelhettek-meg-trumpot-vilaggazdasag\/","url":"https:\/\/super-news.info\/hu\/torvenyesen-figyelhettek-meg-trumpot-vilaggazdasag\/","name":"T\u00f6rv\u00e9nyesen figyelhett\u00e9k meg Trumpot | Vil\u00e1ggazdas\u00e1g - Super News","isPartOf":{"@id":"https:\/\/super-news.info\/hu\/#website"},"primaryImageOfPage":{"@id":"https:\/\/super-news.info\/hu\/torvenyesen-figyelhettek-meg-trumpot-vilaggazdasag\/#primaryimage"},"image":{"@id":"https:\/\/super-news.info\/hu\/torvenyesen-figyelhettek-meg-trumpot-vilaggazdasag\/#primaryimage"},"thumbnailUrl":"https:\/\/super-news.info\/hu\/wp-content\/uploads\/sites\/3\/2019\/05\/T\u00f6rv\u00e9nyesen-figyelhett\u00e9k-meg-Trumpot-Vil\u00e1ggazdas\u00e1g.jpg","datePublished":"2019-05-08T07:30:17+00:00","dateModified":"2019-05-08T07:30:18+00:00","author":{"@id":"https:\/\/super-news.info\/hu\/#\/schema\/person\/2d4068cb2f39cd10008c2fce578a7356"},"breadcrumb":{"@id":"https:\/\/super-news.info\/hu\/torvenyesen-figyelhettek-meg-trumpot-vilaggazdasag\/#breadcrumb"},"inLanguage":"hu","potentialAction":[{"@type":"ReadAction","target":["https:\/\/super-news.info\/hu\/torvenyesen-figyelhettek-meg-trumpot-vilaggazdasag\/"]}]},{"@type":"ImageObject","inLanguage":"hu","@id":"https:\/\/super-news.info\/hu\/torvenyesen-figyelhettek-meg-trumpot-vilaggazdasag\/#primaryimage","url":"https:\/\/super-news.info\/hu\/wp-content\/uploads\/sites\/3\/2019\/05\/T\u00f6rv\u00e9nyesen-figyelhett\u00e9k-meg-Trumpot-Vil\u00e1ggazdas\u00e1g.jpg","contentUrl":"https:\/\/super-news.info\/hu\/wp-content\/uploads\/sites\/3\/2019\/05\/T\u00f6rv\u00e9nyesen-figyelhett\u00e9k-meg-Trumpot-Vil\u00e1ggazdas\u00e1g.jpg","width":1400,"height":933,"caption":"T\u00f6rv\u00e9nyesen figyelhett\u00e9k meg Trumpot | Vil\u00e1ggazdas\u00e1g"},{"@type":"BreadcrumbList","@id":"https:\/\/super-news.info\/hu\/torvenyesen-figyelhettek-meg-trumpot-vilaggazdasag\/#breadcrumb","itemListElement":[{"@type":"ListItem","position":1,"name":"\u0413\u043b\u0430\u0432\u043d\u0430\u044f \u0441\u0442\u0440\u0430\u043d\u0438\u0446\u0430","item":"https:\/\/super-news.info\/hu\/"},{"@type":"ListItem","position":2,"name":"T\u00f6rv\u00e9nyesen figyelhett\u00e9k meg Trumpot | Vil\u00e1ggazdas\u00e1g"}]},{"@type":"WebSite","@id":"https:\/\/super-news.info\/hu\/#website","url":"https:\/\/super-news.info\/hu\/","name":"Super News","description":"Super News Magyarorsz\u00e1g","potentialAction":[{"@type":"SearchAction","target":{"@type":"EntryPoint","urlTemplate":"https:\/\/super-news.info\/hu\/?s={search_term_string}"},"query-input":{"@type":"PropertyValueSpecification","valueRequired":true,"valueName":"search_term_string"}}],"inLanguage":"hu"},{"@type":"Person","@id":"https:\/\/super-news.info\/hu\/#\/schema\/person\/2d4068cb2f39cd10008c2fce578a7356","name":"super-news","image":{"@type":"ImageObject","inLanguage":"hu","@id":"https:\/\/secure.gravatar.com\/avatar\/64ebac40b93f26a154f8a9b5b6fdccfc46f442b26b3dd6756dbff3bf9dc76fd7?s=96&d=mm&r=g","url":"https:\/\/secure.gravatar.com\/avatar\/64ebac40b93f26a154f8a9b5b6fdccfc46f442b26b3dd6756dbff3bf9dc76fd7?s=96&d=mm&r=g","contentUrl":"https:\/\/secure.gravatar.com\/avatar\/64ebac40b93f26a154f8a9b5b6fdccfc46f442b26b3dd6756dbff3bf9dc76fd7?s=96&d=mm&r=g","caption":"super-news"},"url":"https:\/\/super-news.info\/hu\/author\/pt\/"}]}},"_links":{"self":[{"href":"https:\/\/super-news.info\/hu\/wp-json\/wp\/v2\/posts\/1525","targetHints":{"allow":["GET"]}}],"collection":[{"href":"https:\/\/super-news.info\/hu\/wp-json\/wp\/v2\/posts"}],"about":[{"href":"https:\/\/super-news.info\/hu\/wp-json\/wp\/v2\/types\/post"}],"author":[{"embeddable":true,"href":"https:\/\/super-news.info\/hu\/wp-json\/wp\/v2\/users\/2"}],"replies":[{"embeddable":true,"href":"https:\/\/super-news.info\/hu\/wp-json\/wp\/v2\/comments?post=1525"}],"version-history":[{"count":1,"href":"https:\/\/super-news.info\/hu\/wp-json\/wp\/v2\/posts\/1525\/revisions"}],"predecessor-version":[{"id":1527,"href":"https:\/\/super-news.info\/hu\/wp-json\/wp\/v2\/posts\/1525\/revisions\/1527"}],"wp:featuredmedia":[{"embeddable":true,"href":"https:\/\/super-news.info\/hu\/wp-json\/wp\/v2\/media\/1526"}],"wp:attachment":[{"href":"https:\/\/super-news.info\/hu\/wp-json\/wp\/v2\/media?parent=1525"}],"wp:term":[{"taxonomy":"category","embeddable":true,"href":"https:\/\/super-news.info\/hu\/wp-json\/wp\/v2\/categories?post=1525"},{"taxonomy":"post_tag","embeddable":true,"href":"https:\/\/super-news.info\/hu\/wp-json\/wp\/v2\/tags?post=1525"}],"curies":[{"name":"wp","href":"https:\/\/api.w.org\/{rel}","templated":true}]}}