{"id":1522,"date":"2019-05-08T09:37:43","date_gmt":"2019-05-08T06:37:43","guid":{"rendered":"https:\/\/super-news.info\/hu\/itt-az-ideje-eldonteni-hogy-kinek-adjuk-adonk-1-szazalekat\/"},"modified":"2019-05-08T09:37:45","modified_gmt":"2019-05-08T06:37:45","slug":"itt-az-ideje-eldonteni-hogy-kinek-adjuk-adonk-1-szazalekat","status":"publish","type":"post","link":"https:\/\/super-news.info\/hu\/itt-az-ideje-eldonteni-hogy-kinek-adjuk-adonk-1-szazalekat\/","title":{"rendered":"Itt az ideje eld\u00f6nteni, hogy kinek adjuk ad\u00f3nk 1 sz\u00e1zal\u00e9k\u00e1t"},"content":{"rendered":"<p> [ad_1]<br \/>\n<\/p>\n<p>\n\t\t\t\t\t\t\t\tTavaly 32 milli\u00e1rd forint ad\u00f3r\u00f3l rendelkezhettek az ad\u00f3fizet\u0151k, ebb\u0151l 14,5 milli\u00e1rd tal\u00e1lt gazd\u00e1ra \u2013 nyilatkozta T\u00e1llai Andr\u00e1s, a P\u00e9nz\u00fcgyminiszt\u00e9rium parlamenti \u00e1llamtitk\u00e1ra a Magyar Nemzetnek.\t\t\t\t\t\t\t<\/p>\n<div>\n<p>Tavaly \u00f6sszesen 32 milli\u00e1rd forintot aj\u00e1nlhattak volna fel szem\u00e9lyi j\u00f6vedelmad\u00f3jukb\u00f3l (szja) az ad\u00f3fizet\u0151k az egyh\u00e1zaknak, civil szervezeteknek, illetve a Nemzeti tehets\u00e9gprogramra, v\u00e9g\u00fcl ebb\u0151l 14,5 milli\u00e1rd forintr\u00f3l nyilatkoztak \u2013 mondta T\u00e1llai Andr\u00e1s, a P\u00e9nz\u00fcgyminiszt\u00e9rium parlamenti \u00e1llamtitk\u00e1ra a Magyar Nemzetnek.<\/p>\n<p>Az \u00e1llamtitk\u00e1r azzal kapcsolatban nyilatkozott, hogy m\u00e1jus 20-\u00e1n lej\u00e1r az szja-bevall\u00e1s hat\u00e1rideje, eddig d\u00f6nthetik el az ad\u00f3fizet\u0151k, felaj\u00e1nlj\u00e1k-e ad\u00f3juk egy-egy sz\u00e1zal\u00e9k\u00e1t, s ha igen, melyik sz\u00f3ba j\u00f6het\u0151 szervezetnek k\u00fcldik el az \u00f6sszegeket.<\/p>\n<p>Az egyik sz\u00e1zal\u00e9kkal az arra jogosult civil szervezetek tev\u00e9kenys\u00e9g\u00e9t seg\u00edthetik az ad\u00f3z\u00f3k, a m\u00e1sik sz\u00e1zal\u00e9kot 31 egyh\u00e1z valamelyik\u00e9nek vagy a Nemzeti tehets\u00e9gprogramnak juttathatj\u00e1k.<\/p>\n<p>T\u00e1llai Andr\u00e1s a lapnak nyilatkozva arra biztatott mindenkit, hogy \u00e9ljen a lehet\u0151s\u00e9ggel. Elmondta, hogy m\u00e1jus 2-ig az ad\u00f3fizet\u0151k 485 ezer rendelkez\u0151 nyilatkozatot adtak be elektronikus \u00faton, tavaly ugyanezen napig 424 ezer nyilatkozat futott be az internetes fel\u00fcleten.<\/p>\n<div id=\"attachment_1124708\" style=\"width: 1410px\" class=\"wp-caption aligncenter\">\n<p class=\"wp-caption-text\">T\u00e1llai Andr\u00e1s, a P\u00e9nz\u00fcgyminiszt\u00e9rium parlamenti \u00e1llamtitk\u00e1ra<br \/>Fot\u00f3: Kov\u00e1cs Tam\u00e1s<\/p>\n<\/div>\n<p>Az \u00e1llamtitk\u00e1r kiemelte, hogy t\u00f6bbf\u00e9le m\u00f3don lehet hat\u00e1rozni az egy sz\u00e1zal\u00e9kok kedvezm\u00e9nyezettjeir\u0151l: a nyilatkozatot nemcsak az interneten, hanem hagyom\u00e1nyos m\u00f3don, pap\u00edralapon is el lehet juttatni az ad\u00f3hivatalhoz.<\/p>\n<p>Tavaly 1,8 milli\u00f3 nyilatkozat \u00e9rkezett a civil egy sz\u00e1zal\u00e9kok \u00fcgy\u00e9ben, 8,3 milli\u00e1rd forinthoz juttatva a civil szervez\u0151d\u00e9seket, a 31 egyh\u00e1z sz\u00e1m\u00e1ra egymilli\u00f3 felaj\u00e1nl\u00e1st tettek az ad\u00f3z\u00f3k, \u00f6sszesen 4,8 milli\u00e1rd forint sors\u00e1r\u00f3l d\u00f6ntve.<\/p>\n<p>A Nemzeti tehets\u00e9gprogramra k\u00f6zel h\u00e1romsz\u00e1zezer felaj\u00e1nl\u00f3nak esett a v\u00e1laszt\u00e1sa, akik jelent\u0151s, 1,4 milli\u00e1rd forintot sz\u00e1ntak erre a feladatra \u2013 ismertette T\u00e1llai Andr\u00e1s.<\/p>\n<\/p><\/div>\n<p><script>\n    window.fbAsyncInit = function() {\n        FB.init({\n            appId      : \"204760236815359\",\n            xfbml      : true,\n            version    : \"v2.12\"\n        });\n        FB.AppEvents.logPageView();\n    };<\/p>\n<p>    (function(d, s, id){\n        var js, fjs = d.getElementsByTagName(s)[0];\n        if (d.getElementById(id)) {return;}\n        js = d.createElement(s); js.id = id;\n        js.src = \"http:\/\/connect.facebook.net\/hu_HU\/sdk.js\";\n        fjs.parentNode.insertBefore(js, fjs);\n    }(document, \"script\", \"facebook-jssdk\"));\n<\/script><br \/>\n<br \/>[ad_2]<br \/>\n<br \/><a href=\"https:\/\/www.vg.hu\/gazdasag\/adozas\/itt-az-ideje-eldonteni-hogy-kinek-adjuk-adonk-1-szazalekat-1499320\/\">Source link <\/a><\/p>\n","protected":false},"excerpt":{"rendered":"<p>[ad_1] Tavaly 32 milli\u00e1rd forint ad\u00f3r\u00f3l rendelkezhettek az ad\u00f3fizet\u0151k, ebb\u0151l 14,5 milli\u00e1rd tal\u00e1lt gazd\u00e1ra \u2013 nyilatkozta T\u00e1llai Andr\u00e1s, a P\u00e9nz\u00fcgyminiszt\u00e9rium parlamenti \u00e1llamtitk\u00e1ra a Magyar Nemzetnek. Tavaly \u00f6sszesen 32 milli\u00e1rd forintot aj\u00e1nlhattak volna fel szem\u00e9lyi j\u00f6vedelmad\u00f3jukb\u00f3l (szja) az ad\u00f3fizet\u0151k az egyh\u00e1zaknak, civil szervezeteknek, illetve a Nemzeti tehets\u00e9gprogramra, v\u00e9g\u00fcl ebb\u0151l 14,5 milli\u00e1rd forintr\u00f3l nyilatkoztak \u2013 mondta T\u00e1llai [&hellip;]<\/p>\n","protected":false},"author":2,"featured_media":1523,"comment_status":"open","ping_status":"open","sticky":false,"template":"","format":"standard","meta":{"footnotes":""},"categories":[1],"tags":[],"class_list":["post-1522","post","type-post","status-publish","format-standard","has-post-thumbnail","hentry","category-penzugyi-hirek"],"yoast_head":"<!-- This site is optimized with the Yoast SEO plugin v27.4 - https:\/\/yoast.com\/product\/yoast-seo-wordpress\/ -->\n<title>Itt az ideje eld\u00f6nteni, hogy kinek adjuk ad\u00f3nk 1 sz\u00e1zal\u00e9k\u00e1t - Super News<\/title>\n<meta name=\"robots\" content=\"index, follow, max-snippet:-1, max-image-preview:large, max-video-preview:-1\" \/>\n<link rel=\"canonical\" href=\"https:\/\/super-news.info\/hu\/itt-az-ideje-eldonteni-hogy-kinek-adjuk-adonk-1-szazalekat\/\" \/>\n<meta property=\"og:locale\" content=\"hu_HU\" \/>\n<meta property=\"og:type\" content=\"article\" \/>\n<meta property=\"og:title\" content=\"Itt az ideje eld\u00f6nteni, hogy kinek adjuk ad\u00f3nk 1 sz\u00e1zal\u00e9k\u00e1t - Super News\" \/>\n<meta property=\"og:description\" content=\"[ad_1] Tavaly 32 milli\u00e1rd forint ad\u00f3r\u00f3l rendelkezhettek az ad\u00f3fizet\u0151k, ebb\u0151l 14,5 milli\u00e1rd tal\u00e1lt gazd\u00e1ra \u2013 nyilatkozta T\u00e1llai Andr\u00e1s, a P\u00e9nz\u00fcgyminiszt\u00e9rium parlamenti \u00e1llamtitk\u00e1ra a Magyar Nemzetnek. Tavaly \u00f6sszesen 32 milli\u00e1rd forintot aj\u00e1nlhattak volna fel szem\u00e9lyi j\u00f6vedelmad\u00f3jukb\u00f3l (szja) az ad\u00f3fizet\u0151k az egyh\u00e1zaknak, civil szervezeteknek, illetve a Nemzeti tehets\u00e9gprogramra, v\u00e9g\u00fcl ebb\u0151l 14,5 milli\u00e1rd forintr\u00f3l nyilatkoztak \u2013 mondta T\u00e1llai [&hellip;]\" \/>\n<meta property=\"og:url\" content=\"https:\/\/super-news.info\/hu\/itt-az-ideje-eldonteni-hogy-kinek-adjuk-adonk-1-szazalekat\/\" \/>\n<meta property=\"og:site_name\" content=\"Super News\" \/>\n<meta property=\"article:published_time\" content=\"2019-05-08T06:37:43+00:00\" \/>\n<meta property=\"article:modified_time\" content=\"2019-05-08T06:37:45+00:00\" \/>\n<meta property=\"og:image\" content=\"https:\/\/super-news.info\/hu\/wp-content\/uploads\/sites\/3\/2019\/05\/Itt-az-ideje-eld\u00f6nteni-hogy-kinek-adjuk-ad\u00f3nk-1-sz\u00e1zal\u00e9k\u00e1t.jpg\" \/>\n\t<meta property=\"og:image:width\" content=\"1400\" \/>\n\t<meta property=\"og:image:height\" content=\"932\" \/>\n\t<meta property=\"og:image:type\" content=\"image\/jpeg\" \/>\n<meta name=\"author\" content=\"super-news\" \/>\n<meta name=\"twitter:card\" content=\"summary_large_image\" \/>\n<meta name=\"twitter:label1\" content=\"Szerz\u0151:\" \/>\n\t<meta name=\"twitter:data1\" content=\"super-news\" \/>\n\t<meta name=\"twitter:label2\" content=\"Becs\u00fclt olvas\u00e1si id\u0151\" \/>\n\t<meta name=\"twitter:data2\" content=\"2 perc\" \/>\n<script type=\"application\/ld+json\" class=\"yoast-schema-graph\">{\"@context\":\"https:\\\/\\\/schema.org\",\"@graph\":[{\"@type\":\"Article\",\"@id\":\"https:\\\/\\\/super-news.info\\\/hu\\\/itt-az-ideje-eldonteni-hogy-kinek-adjuk-adonk-1-szazalekat\\\/#article\",\"isPartOf\":{\"@id\":\"https:\\\/\\\/super-news.info\\\/hu\\\/itt-az-ideje-eldonteni-hogy-kinek-adjuk-adonk-1-szazalekat\\\/\"},\"author\":{\"name\":\"super-news\",\"@id\":\"https:\\\/\\\/super-news.info\\\/hu\\\/#\\\/schema\\\/person\\\/2d4068cb2f39cd10008c2fce578a7356\"},\"headline\":\"Itt az ideje eld\u00f6nteni, hogy kinek adjuk ad\u00f3nk 1 sz\u00e1zal\u00e9k\u00e1t\",\"datePublished\":\"2019-05-08T06:37:43+00:00\",\"dateModified\":\"2019-05-08T06:37:45+00:00\",\"mainEntityOfPage\":{\"@id\":\"https:\\\/\\\/super-news.info\\\/hu\\\/itt-az-ideje-eldonteni-hogy-kinek-adjuk-adonk-1-szazalekat\\\/\"},\"wordCount\":374,\"commentCount\":0,\"image\":{\"@id\":\"https:\\\/\\\/super-news.info\\\/hu\\\/itt-az-ideje-eldonteni-hogy-kinek-adjuk-adonk-1-szazalekat\\\/#primaryimage\"},\"thumbnailUrl\":\"https:\\\/\\\/super-news.info\\\/hu\\\/wp-content\\\/uploads\\\/sites\\\/3\\\/2019\\\/05\\\/Itt-az-ideje-eld\u00f6nteni-hogy-kinek-adjuk-ad\u00f3nk-1-sz\u00e1zal\u00e9k\u00e1t.jpg\",\"articleSection\":[\"P\u00c9NZ\u00dcGYI H\u00cdREK\"],\"inLanguage\":\"hu\",\"potentialAction\":[{\"@type\":\"CommentAction\",\"name\":\"Comment\",\"target\":[\"https:\\\/\\\/super-news.info\\\/hu\\\/itt-az-ideje-eldonteni-hogy-kinek-adjuk-adonk-1-szazalekat\\\/#respond\"]}]},{\"@type\":\"WebPage\",\"@id\":\"https:\\\/\\\/super-news.info\\\/hu\\\/itt-az-ideje-eldonteni-hogy-kinek-adjuk-adonk-1-szazalekat\\\/\",\"url\":\"https:\\\/\\\/super-news.info\\\/hu\\\/itt-az-ideje-eldonteni-hogy-kinek-adjuk-adonk-1-szazalekat\\\/\",\"name\":\"Itt az ideje eld\u00f6nteni, hogy kinek adjuk ad\u00f3nk 1 sz\u00e1zal\u00e9k\u00e1t - Super News\",\"isPartOf\":{\"@id\":\"https:\\\/\\\/super-news.info\\\/hu\\\/#website\"},\"primaryImageOfPage\":{\"@id\":\"https:\\\/\\\/super-news.info\\\/hu\\\/itt-az-ideje-eldonteni-hogy-kinek-adjuk-adonk-1-szazalekat\\\/#primaryimage\"},\"image\":{\"@id\":\"https:\\\/\\\/super-news.info\\\/hu\\\/itt-az-ideje-eldonteni-hogy-kinek-adjuk-adonk-1-szazalekat\\\/#primaryimage\"},\"thumbnailUrl\":\"https:\\\/\\\/super-news.info\\\/hu\\\/wp-content\\\/uploads\\\/sites\\\/3\\\/2019\\\/05\\\/Itt-az-ideje-eld\u00f6nteni-hogy-kinek-adjuk-ad\u00f3nk-1-sz\u00e1zal\u00e9k\u00e1t.jpg\",\"datePublished\":\"2019-05-08T06:37:43+00:00\",\"dateModified\":\"2019-05-08T06:37:45+00:00\",\"author\":{\"@id\":\"https:\\\/\\\/super-news.info\\\/hu\\\/#\\\/schema\\\/person\\\/2d4068cb2f39cd10008c2fce578a7356\"},\"breadcrumb\":{\"@id\":\"https:\\\/\\\/super-news.info\\\/hu\\\/itt-az-ideje-eldonteni-hogy-kinek-adjuk-adonk-1-szazalekat\\\/#breadcrumb\"},\"inLanguage\":\"hu\",\"potentialAction\":[{\"@type\":\"ReadAction\",\"target\":[\"https:\\\/\\\/super-news.info\\\/hu\\\/itt-az-ideje-eldonteni-hogy-kinek-adjuk-adonk-1-szazalekat\\\/\"]}]},{\"@type\":\"ImageObject\",\"inLanguage\":\"hu\",\"@id\":\"https:\\\/\\\/super-news.info\\\/hu\\\/itt-az-ideje-eldonteni-hogy-kinek-adjuk-adonk-1-szazalekat\\\/#primaryimage\",\"url\":\"https:\\\/\\\/super-news.info\\\/hu\\\/wp-content\\\/uploads\\\/sites\\\/3\\\/2019\\\/05\\\/Itt-az-ideje-eld\u00f6nteni-hogy-kinek-adjuk-ad\u00f3nk-1-sz\u00e1zal\u00e9k\u00e1t.jpg\",\"contentUrl\":\"https:\\\/\\\/super-news.info\\\/hu\\\/wp-content\\\/uploads\\\/sites\\\/3\\\/2019\\\/05\\\/Itt-az-ideje-eld\u00f6nteni-hogy-kinek-adjuk-ad\u00f3nk-1-sz\u00e1zal\u00e9k\u00e1t.jpg\",\"width\":1400,\"height\":932,\"caption\":\"Itt az ideje eld\u00f6nteni, hogy kinek adjuk ad\u00f3nk 1 sz\u00e1zal\u00e9k\u00e1t\"},{\"@type\":\"BreadcrumbList\",\"@id\":\"https:\\\/\\\/super-news.info\\\/hu\\\/itt-az-ideje-eldonteni-hogy-kinek-adjuk-adonk-1-szazalekat\\\/#breadcrumb\",\"itemListElement\":[{\"@type\":\"ListItem\",\"position\":1,\"name\":\"\u0413\u043b\u0430\u0432\u043d\u0430\u044f \u0441\u0442\u0440\u0430\u043d\u0438\u0446\u0430\",\"item\":\"https:\\\/\\\/super-news.info\\\/hu\\\/\"},{\"@type\":\"ListItem\",\"position\":2,\"name\":\"Itt az ideje eld\u00f6nteni, hogy kinek adjuk ad\u00f3nk 1 sz\u00e1zal\u00e9k\u00e1t\"}]},{\"@type\":\"WebSite\",\"@id\":\"https:\\\/\\\/super-news.info\\\/hu\\\/#website\",\"url\":\"https:\\\/\\\/super-news.info\\\/hu\\\/\",\"name\":\"Super News\",\"description\":\"Super News Magyarorsz\u00e1g\",\"potentialAction\":[{\"@type\":\"SearchAction\",\"target\":{\"@type\":\"EntryPoint\",\"urlTemplate\":\"https:\\\/\\\/super-news.info\\\/hu\\\/?s={search_term_string}\"},\"query-input\":{\"@type\":\"PropertyValueSpecification\",\"valueRequired\":true,\"valueName\":\"search_term_string\"}}],\"inLanguage\":\"hu\"},{\"@type\":\"Person\",\"@id\":\"https:\\\/\\\/super-news.info\\\/hu\\\/#\\\/schema\\\/person\\\/2d4068cb2f39cd10008c2fce578a7356\",\"name\":\"super-news\",\"image\":{\"@type\":\"ImageObject\",\"inLanguage\":\"hu\",\"@id\":\"https:\\\/\\\/secure.gravatar.com\\\/avatar\\\/64ebac40b93f26a154f8a9b5b6fdccfc46f442b26b3dd6756dbff3bf9dc76fd7?s=96&d=mm&r=g\",\"url\":\"https:\\\/\\\/secure.gravatar.com\\\/avatar\\\/64ebac40b93f26a154f8a9b5b6fdccfc46f442b26b3dd6756dbff3bf9dc76fd7?s=96&d=mm&r=g\",\"contentUrl\":\"https:\\\/\\\/secure.gravatar.com\\\/avatar\\\/64ebac40b93f26a154f8a9b5b6fdccfc46f442b26b3dd6756dbff3bf9dc76fd7?s=96&d=mm&r=g\",\"caption\":\"super-news\"},\"url\":\"https:\\\/\\\/super-news.info\\\/hu\\\/author\\\/pt\\\/\"}]}<\/script>\n<!-- \/ Yoast SEO plugin. -->","yoast_head_json":{"title":"Itt az ideje eld\u00f6nteni, hogy kinek adjuk ad\u00f3nk 1 sz\u00e1zal\u00e9k\u00e1t - Super News","robots":{"index":"index","follow":"follow","max-snippet":"max-snippet:-1","max-image-preview":"max-image-preview:large","max-video-preview":"max-video-preview:-1"},"canonical":"https:\/\/super-news.info\/hu\/itt-az-ideje-eldonteni-hogy-kinek-adjuk-adonk-1-szazalekat\/","og_locale":"hu_HU","og_type":"article","og_title":"Itt az ideje eld\u00f6nteni, hogy kinek adjuk ad\u00f3nk 1 sz\u00e1zal\u00e9k\u00e1t - Super News","og_description":"[ad_1] Tavaly 32 milli\u00e1rd forint ad\u00f3r\u00f3l rendelkezhettek az ad\u00f3fizet\u0151k, ebb\u0151l 14,5 milli\u00e1rd tal\u00e1lt gazd\u00e1ra \u2013 nyilatkozta T\u00e1llai Andr\u00e1s, a P\u00e9nz\u00fcgyminiszt\u00e9rium parlamenti \u00e1llamtitk\u00e1ra a Magyar Nemzetnek. Tavaly \u00f6sszesen 32 milli\u00e1rd forintot aj\u00e1nlhattak volna fel szem\u00e9lyi j\u00f6vedelmad\u00f3jukb\u00f3l (szja) az ad\u00f3fizet\u0151k az egyh\u00e1zaknak, civil szervezeteknek, illetve a Nemzeti tehets\u00e9gprogramra, v\u00e9g\u00fcl ebb\u0151l 14,5 milli\u00e1rd forintr\u00f3l nyilatkoztak \u2013 mondta T\u00e1llai [&hellip;]","og_url":"https:\/\/super-news.info\/hu\/itt-az-ideje-eldonteni-hogy-kinek-adjuk-adonk-1-szazalekat\/","og_site_name":"Super News","article_published_time":"2019-05-08T06:37:43+00:00","article_modified_time":"2019-05-08T06:37:45+00:00","og_image":[{"width":1400,"height":932,"url":"https:\/\/super-news.info\/hu\/wp-content\/uploads\/sites\/3\/2019\/05\/Itt-az-ideje-eld\u00f6nteni-hogy-kinek-adjuk-ad\u00f3nk-1-sz\u00e1zal\u00e9k\u00e1t.jpg","type":"image\/jpeg"}],"author":"super-news","twitter_card":"summary_large_image","twitter_misc":{"Szerz\u0151:":"super-news","Becs\u00fclt olvas\u00e1si id\u0151":"2 perc"},"schema":{"@context":"https:\/\/schema.org","@graph":[{"@type":"Article","@id":"https:\/\/super-news.info\/hu\/itt-az-ideje-eldonteni-hogy-kinek-adjuk-adonk-1-szazalekat\/#article","isPartOf":{"@id":"https:\/\/super-news.info\/hu\/itt-az-ideje-eldonteni-hogy-kinek-adjuk-adonk-1-szazalekat\/"},"author":{"name":"super-news","@id":"https:\/\/super-news.info\/hu\/#\/schema\/person\/2d4068cb2f39cd10008c2fce578a7356"},"headline":"Itt az ideje eld\u00f6nteni, hogy kinek adjuk ad\u00f3nk 1 sz\u00e1zal\u00e9k\u00e1t","datePublished":"2019-05-08T06:37:43+00:00","dateModified":"2019-05-08T06:37:45+00:00","mainEntityOfPage":{"@id":"https:\/\/super-news.info\/hu\/itt-az-ideje-eldonteni-hogy-kinek-adjuk-adonk-1-szazalekat\/"},"wordCount":374,"commentCount":0,"image":{"@id":"https:\/\/super-news.info\/hu\/itt-az-ideje-eldonteni-hogy-kinek-adjuk-adonk-1-szazalekat\/#primaryimage"},"thumbnailUrl":"https:\/\/super-news.info\/hu\/wp-content\/uploads\/sites\/3\/2019\/05\/Itt-az-ideje-eld\u00f6nteni-hogy-kinek-adjuk-ad\u00f3nk-1-sz\u00e1zal\u00e9k\u00e1t.jpg","articleSection":["P\u00c9NZ\u00dcGYI H\u00cdREK"],"inLanguage":"hu","potentialAction":[{"@type":"CommentAction","name":"Comment","target":["https:\/\/super-news.info\/hu\/itt-az-ideje-eldonteni-hogy-kinek-adjuk-adonk-1-szazalekat\/#respond"]}]},{"@type":"WebPage","@id":"https:\/\/super-news.info\/hu\/itt-az-ideje-eldonteni-hogy-kinek-adjuk-adonk-1-szazalekat\/","url":"https:\/\/super-news.info\/hu\/itt-az-ideje-eldonteni-hogy-kinek-adjuk-adonk-1-szazalekat\/","name":"Itt az ideje eld\u00f6nteni, hogy kinek adjuk ad\u00f3nk 1 sz\u00e1zal\u00e9k\u00e1t - Super News","isPartOf":{"@id":"https:\/\/super-news.info\/hu\/#website"},"primaryImageOfPage":{"@id":"https:\/\/super-news.info\/hu\/itt-az-ideje-eldonteni-hogy-kinek-adjuk-adonk-1-szazalekat\/#primaryimage"},"image":{"@id":"https:\/\/super-news.info\/hu\/itt-az-ideje-eldonteni-hogy-kinek-adjuk-adonk-1-szazalekat\/#primaryimage"},"thumbnailUrl":"https:\/\/super-news.info\/hu\/wp-content\/uploads\/sites\/3\/2019\/05\/Itt-az-ideje-eld\u00f6nteni-hogy-kinek-adjuk-ad\u00f3nk-1-sz\u00e1zal\u00e9k\u00e1t.jpg","datePublished":"2019-05-08T06:37:43+00:00","dateModified":"2019-05-08T06:37:45+00:00","author":{"@id":"https:\/\/super-news.info\/hu\/#\/schema\/person\/2d4068cb2f39cd10008c2fce578a7356"},"breadcrumb":{"@id":"https:\/\/super-news.info\/hu\/itt-az-ideje-eldonteni-hogy-kinek-adjuk-adonk-1-szazalekat\/#breadcrumb"},"inLanguage":"hu","potentialAction":[{"@type":"ReadAction","target":["https:\/\/super-news.info\/hu\/itt-az-ideje-eldonteni-hogy-kinek-adjuk-adonk-1-szazalekat\/"]}]},{"@type":"ImageObject","inLanguage":"hu","@id":"https:\/\/super-news.info\/hu\/itt-az-ideje-eldonteni-hogy-kinek-adjuk-adonk-1-szazalekat\/#primaryimage","url":"https:\/\/super-news.info\/hu\/wp-content\/uploads\/sites\/3\/2019\/05\/Itt-az-ideje-eld\u00f6nteni-hogy-kinek-adjuk-ad\u00f3nk-1-sz\u00e1zal\u00e9k\u00e1t.jpg","contentUrl":"https:\/\/super-news.info\/hu\/wp-content\/uploads\/sites\/3\/2019\/05\/Itt-az-ideje-eld\u00f6nteni-hogy-kinek-adjuk-ad\u00f3nk-1-sz\u00e1zal\u00e9k\u00e1t.jpg","width":1400,"height":932,"caption":"Itt az ideje eld\u00f6nteni, hogy kinek adjuk ad\u00f3nk 1 sz\u00e1zal\u00e9k\u00e1t"},{"@type":"BreadcrumbList","@id":"https:\/\/super-news.info\/hu\/itt-az-ideje-eldonteni-hogy-kinek-adjuk-adonk-1-szazalekat\/#breadcrumb","itemListElement":[{"@type":"ListItem","position":1,"name":"\u0413\u043b\u0430\u0432\u043d\u0430\u044f \u0441\u0442\u0440\u0430\u043d\u0438\u0446\u0430","item":"https:\/\/super-news.info\/hu\/"},{"@type":"ListItem","position":2,"name":"Itt az ideje eld\u00f6nteni, hogy kinek adjuk ad\u00f3nk 1 sz\u00e1zal\u00e9k\u00e1t"}]},{"@type":"WebSite","@id":"https:\/\/super-news.info\/hu\/#website","url":"https:\/\/super-news.info\/hu\/","name":"Super News","description":"Super News Magyarorsz\u00e1g","potentialAction":[{"@type":"SearchAction","target":{"@type":"EntryPoint","urlTemplate":"https:\/\/super-news.info\/hu\/?s={search_term_string}"},"query-input":{"@type":"PropertyValueSpecification","valueRequired":true,"valueName":"search_term_string"}}],"inLanguage":"hu"},{"@type":"Person","@id":"https:\/\/super-news.info\/hu\/#\/schema\/person\/2d4068cb2f39cd10008c2fce578a7356","name":"super-news","image":{"@type":"ImageObject","inLanguage":"hu","@id":"https:\/\/secure.gravatar.com\/avatar\/64ebac40b93f26a154f8a9b5b6fdccfc46f442b26b3dd6756dbff3bf9dc76fd7?s=96&d=mm&r=g","url":"https:\/\/secure.gravatar.com\/avatar\/64ebac40b93f26a154f8a9b5b6fdccfc46f442b26b3dd6756dbff3bf9dc76fd7?s=96&d=mm&r=g","contentUrl":"https:\/\/secure.gravatar.com\/avatar\/64ebac40b93f26a154f8a9b5b6fdccfc46f442b26b3dd6756dbff3bf9dc76fd7?s=96&d=mm&r=g","caption":"super-news"},"url":"https:\/\/super-news.info\/hu\/author\/pt\/"}]}},"_links":{"self":[{"href":"https:\/\/super-news.info\/hu\/wp-json\/wp\/v2\/posts\/1522","targetHints":{"allow":["GET"]}}],"collection":[{"href":"https:\/\/super-news.info\/hu\/wp-json\/wp\/v2\/posts"}],"about":[{"href":"https:\/\/super-news.info\/hu\/wp-json\/wp\/v2\/types\/post"}],"author":[{"embeddable":true,"href":"https:\/\/super-news.info\/hu\/wp-json\/wp\/v2\/users\/2"}],"replies":[{"embeddable":true,"href":"https:\/\/super-news.info\/hu\/wp-json\/wp\/v2\/comments?post=1522"}],"version-history":[{"count":1,"href":"https:\/\/super-news.info\/hu\/wp-json\/wp\/v2\/posts\/1522\/revisions"}],"predecessor-version":[{"id":1524,"href":"https:\/\/super-news.info\/hu\/wp-json\/wp\/v2\/posts\/1522\/revisions\/1524"}],"wp:featuredmedia":[{"embeddable":true,"href":"https:\/\/super-news.info\/hu\/wp-json\/wp\/v2\/media\/1523"}],"wp:attachment":[{"href":"https:\/\/super-news.info\/hu\/wp-json\/wp\/v2\/media?parent=1522"}],"wp:term":[{"taxonomy":"category","embeddable":true,"href":"https:\/\/super-news.info\/hu\/wp-json\/wp\/v2\/categories?post=1522"},{"taxonomy":"post_tag","embeddable":true,"href":"https:\/\/super-news.info\/hu\/wp-json\/wp\/v2\/tags?post=1522"}],"curies":[{"name":"wp","href":"https:\/\/api.w.org\/{rel}","templated":true}]}}