{"id":1517,"date":"2019-05-08T07:11:16","date_gmt":"2019-05-08T04:11:16","guid":{"rendered":"https:\/\/super-news.info\/hu\/emelkedo-richter-profittal-indulhat-az-ev\/"},"modified":"2019-05-08T07:11:17","modified_gmt":"2019-05-08T04:11:17","slug":"emelkedo-richter-profittal-indulhat-az-ev","status":"publish","type":"post","link":"https:\/\/super-news.info\/hu\/emelkedo-richter-profittal-indulhat-az-ev\/","title":{"rendered":"Emelked\u0151 Richter-profittal indulhat az \u00e9v"},"content":{"rendered":"<p> [ad_1]<br \/>\n<\/p>\n<p>\n\t\t\t\t\t\t\t\tA Vil\u00e1ggazdas\u00e1g elemz\u0151i konszenzusa szerint 6,6 sz\u00e1zal\u00e9kos forgalom- \u00e9s 22 sz\u00e1zal\u00e9kost meghalad\u00f3 nett\u00f3 profitb\u0151v\u00fcl\u00e9sr\u0151l sz\u00e1molhat be a Richter.\t\t\t\t\t\t\t<\/p>\n<div>\n<p>A p\u00e9ntek hajnalban jelent\u0151 Richtert\u0151l az elemz\u0151k egy\u00f6ntet\u0171en forgalomemelked\u00e9st v\u00e1rnak: a csaknem 114 milli\u00e1rd forintos b\u00e1zisid\u0151szakhoz k\u00e9pest 121 milli\u00e1rd forint f\u00f6l\u00e9 k\u00faszhat a c\u00e9gcsoport \u00e1rbev\u00e9tele a Vil\u00e1ggazdas\u00e1g konszenzusa szerint.<\/p>\n<div id=\"attachment_383737\" style=\"width: 1286px\" class=\"wp-caption aligncenter\">\n<p class=\"wp-caption-text\">Fot\u00f3: MW<\/p>\n<\/div>\n<p>A forgalomhoz hasonl\u00f3 m\u00e9rt\u00e9kben emelkedhetett a brutt\u00f3 fedezet \u00f6sszege is, s a szok\u00e1soknak megfelel\u0151en az \u00fczemi eredm\u00e9nyben, valamint a nett\u00f3 profit v\u00e1rhat\u00f3 alakul\u00e1s\u00e1ban mutatkozik mark\u00e1nsabb elt\u00e9r\u00e9s az elemz\u0151i v\u00e9lem\u00e9nyekben.<\/p>\n<p>Az Erste az \u00e1tlagos v\u00e1rakoz\u00e1sn\u00e1l szer\u00e9nyebb, 5 sz\u00e1zal\u00e9kos forgalomn\u00f6veked\u00e9ssel kalkul\u00e1l, amit els\u0151sorban a \u2013 Richter szempontj\u00e1b\u00f3l kedvez\u0151 \u2013 forintgyeng\u00fcl\u00e9ssel magyar\u00e1z.<\/p>\n<p>Valamennyi elemz\u0151 sz\u00e1mottev\u0151 forgalomemelked\u00e9st v\u00e1r a Richter amerikai piac\u00e1n: a keddi bejelent\u00e9s szerint a Vraylar-\u00e9rt\u00e9kes\u00edt\u00e9sek nagyot n\u0151ttek a b\u00e1zishoz k\u00e9pest. V\u00e9lhet\u0151en emelkedett a Richter forgalma az Eur\u00f3pai Uni\u00f3 orsz\u00e1gaiban is, k\u00f6sz\u00f6nhet\u0151en az Esmya visszat\u00e9r\u00e9s\u00e9nek (a 2018-as \u00e9v els\u0151 h\u00e1rom h\u00f3napj\u00e1ban, febru\u00e1rt\u00f3l m\u00e1r nem volt enged\u00e9lyezett a gy\u00f3gyszer ter\u00e1pi\u00e1s alkalmaz\u00e1sa).<\/p>\n<p>Az Erste az id\u0151szakban nem sz\u00e1mol egyszeri m\u00e9rf\u00f6ldk\u0151bev\u00e9telekkel, \u00edgy az \u00fczemi eredm\u00e9nysoron csup\u00e1n enyhe javul\u00e1sra sz\u00e1m\u00edt. Tetemes lehet a v\u00e1rakoz\u00e1suk szerint az elt\u00e9r\u00e9s a p\u00e9nz\u00fcgyi soron, a tavalyi 2,5 milli\u00e1rd forintos vesztes\u00e9get itt nyeres\u00e9g k\u00f6vethette, amiben a negyed\u00e9v v\u00e9gi rubeler\u0151s\u00f6d\u00e9s is nagy szerepet j\u00e1tszhatott.<\/p>\n<p style=\"text-align: right;\"><em>A teljes cikk a Vil\u00e1ggazdas\u00e1g szerdai sz\u00e1m\u00e1ban olvashat\u00f3<\/em><\/p>\n<p>\u00a0<\/p>\n<\/p><\/div>\n<p><script>\n    window.fbAsyncInit = function() {\n        FB.init({\n            appId      : \"204760236815359\",\n            xfbml      : true,\n            version    : \"v2.12\"\n        });\n        FB.AppEvents.logPageView();\n    };<\/p>\n<p>    (function(d, s, id){\n        var js, fjs = d.getElementsByTagName(s)[0];\n        if (d.getElementById(id)) {return;}\n        js = d.createElement(s); js.id = id;\n        js.src = \"http:\/\/connect.facebook.net\/hu_HU\/sdk.js\";\n        fjs.parentNode.insertBefore(js, fjs);\n    }(document, \"script\", \"facebook-jssdk\"));\n<\/script><br \/>\n<br \/>[ad_2]<br \/>\n<br \/><a href=\"https:\/\/www.vg.hu\/penzugy\/tozsde\/emelkedo-richter-profittal-indulhat-az-ev-2-1498978\/\">Source link <\/a><\/p>\n","protected":false},"excerpt":{"rendered":"<p>[ad_1] A Vil\u00e1ggazdas\u00e1g elemz\u0151i konszenzusa szerint 6,6 sz\u00e1zal\u00e9kos forgalom- \u00e9s 22 sz\u00e1zal\u00e9kost meghalad\u00f3 nett\u00f3 profitb\u0151v\u00fcl\u00e9sr\u0151l sz\u00e1molhat be a Richter. A p\u00e9ntek hajnalban jelent\u0151 Richtert\u0151l az elemz\u0151k egy\u00f6ntet\u0171en forgalomemelked\u00e9st v\u00e1rnak: a csaknem 114 milli\u00e1rd forintos b\u00e1zisid\u0151szakhoz k\u00e9pest 121 milli\u00e1rd forint f\u00f6l\u00e9 k\u00faszhat a c\u00e9gcsoport \u00e1rbev\u00e9tele a Vil\u00e1ggazdas\u00e1g konszenzusa szerint. Fot\u00f3: MW A forgalomhoz hasonl\u00f3 m\u00e9rt\u00e9kben emelkedhetett [&hellip;]<\/p>\n","protected":false},"author":2,"featured_media":1518,"comment_status":"open","ping_status":"open","sticky":false,"template":"","format":"standard","meta":{"footnotes":""},"categories":[1],"tags":[],"class_list":["post-1517","post","type-post","status-publish","format-standard","has-post-thumbnail","hentry","category-penzugyi-hirek"],"yoast_head":"<!-- This site is optimized with the Yoast SEO plugin v27.4 - https:\/\/yoast.com\/product\/yoast-seo-wordpress\/ -->\n<title>Emelked\u0151 Richter-profittal indulhat az \u00e9v - Super News<\/title>\n<meta name=\"robots\" content=\"index, follow, max-snippet:-1, max-image-preview:large, max-video-preview:-1\" \/>\n<link rel=\"canonical\" href=\"https:\/\/super-news.info\/hu\/emelkedo-richter-profittal-indulhat-az-ev\/\" \/>\n<meta property=\"og:locale\" content=\"hu_HU\" \/>\n<meta property=\"og:type\" content=\"article\" \/>\n<meta property=\"og:title\" content=\"Emelked\u0151 Richter-profittal indulhat az \u00e9v - Super News\" \/>\n<meta property=\"og:description\" content=\"[ad_1] A Vil\u00e1ggazdas\u00e1g elemz\u0151i konszenzusa szerint 6,6 sz\u00e1zal\u00e9kos forgalom- \u00e9s 22 sz\u00e1zal\u00e9kost meghalad\u00f3 nett\u00f3 profitb\u0151v\u00fcl\u00e9sr\u0151l sz\u00e1molhat be a Richter. A p\u00e9ntek hajnalban jelent\u0151 Richtert\u0151l az elemz\u0151k egy\u00f6ntet\u0171en forgalomemelked\u00e9st v\u00e1rnak: a csaknem 114 milli\u00e1rd forintos b\u00e1zisid\u0151szakhoz k\u00e9pest 121 milli\u00e1rd forint f\u00f6l\u00e9 k\u00faszhat a c\u00e9gcsoport \u00e1rbev\u00e9tele a Vil\u00e1ggazdas\u00e1g konszenzusa szerint. Fot\u00f3: MW A forgalomhoz hasonl\u00f3 m\u00e9rt\u00e9kben emelkedhetett [&hellip;]\" \/>\n<meta property=\"og:url\" content=\"https:\/\/super-news.info\/hu\/emelkedo-richter-profittal-indulhat-az-ev\/\" \/>\n<meta property=\"og:site_name\" content=\"Super News\" \/>\n<meta property=\"article:published_time\" content=\"2019-05-08T04:11:16+00:00\" \/>\n<meta property=\"article:modified_time\" content=\"2019-05-08T04:11:17+00:00\" \/>\n<meta property=\"og:image\" content=\"https:\/\/super-news.info\/hu\/wp-content\/uploads\/sites\/3\/2019\/05\/Emelked\u0151-Richter-profittal-indulhat-az-\u00e9v.jpg\" \/>\n\t<meta property=\"og:image:width\" content=\"1276\" \/>\n\t<meta property=\"og:image:height\" content=\"720\" \/>\n\t<meta property=\"og:image:type\" content=\"image\/jpeg\" \/>\n<meta name=\"author\" content=\"super-news\" \/>\n<meta name=\"twitter:card\" content=\"summary_large_image\" \/>\n<meta name=\"twitter:label1\" content=\"Szerz\u0151:\" \/>\n\t<meta name=\"twitter:data1\" content=\"super-news\" \/>\n\t<meta name=\"twitter:label2\" content=\"Becs\u00fclt olvas\u00e1si id\u0151\" \/>\n\t<meta name=\"twitter:data2\" content=\"2 perc\" \/>\n<script type=\"application\/ld+json\" class=\"yoast-schema-graph\">{\"@context\":\"https:\\\/\\\/schema.org\",\"@graph\":[{\"@type\":\"Article\",\"@id\":\"https:\\\/\\\/super-news.info\\\/hu\\\/emelkedo-richter-profittal-indulhat-az-ev\\\/#article\",\"isPartOf\":{\"@id\":\"https:\\\/\\\/super-news.info\\\/hu\\\/emelkedo-richter-profittal-indulhat-az-ev\\\/\"},\"author\":{\"name\":\"super-news\",\"@id\":\"https:\\\/\\\/super-news.info\\\/hu\\\/#\\\/schema\\\/person\\\/2d4068cb2f39cd10008c2fce578a7356\"},\"headline\":\"Emelked\u0151 Richter-profittal indulhat az \u00e9v\",\"datePublished\":\"2019-05-08T04:11:16+00:00\",\"dateModified\":\"2019-05-08T04:11:17+00:00\",\"mainEntityOfPage\":{\"@id\":\"https:\\\/\\\/super-news.info\\\/hu\\\/emelkedo-richter-profittal-indulhat-az-ev\\\/\"},\"wordCount\":323,\"commentCount\":0,\"image\":{\"@id\":\"https:\\\/\\\/super-news.info\\\/hu\\\/emelkedo-richter-profittal-indulhat-az-ev\\\/#primaryimage\"},\"thumbnailUrl\":\"https:\\\/\\\/super-news.info\\\/hu\\\/wp-content\\\/uploads\\\/sites\\\/3\\\/2019\\\/05\\\/Emelked\u0151-Richter-profittal-indulhat-az-\u00e9v.jpg\",\"articleSection\":[\"P\u00c9NZ\u00dcGYI H\u00cdREK\"],\"inLanguage\":\"hu\",\"potentialAction\":[{\"@type\":\"CommentAction\",\"name\":\"Comment\",\"target\":[\"https:\\\/\\\/super-news.info\\\/hu\\\/emelkedo-richter-profittal-indulhat-az-ev\\\/#respond\"]}]},{\"@type\":\"WebPage\",\"@id\":\"https:\\\/\\\/super-news.info\\\/hu\\\/emelkedo-richter-profittal-indulhat-az-ev\\\/\",\"url\":\"https:\\\/\\\/super-news.info\\\/hu\\\/emelkedo-richter-profittal-indulhat-az-ev\\\/\",\"name\":\"Emelked\u0151 Richter-profittal indulhat az \u00e9v - Super News\",\"isPartOf\":{\"@id\":\"https:\\\/\\\/super-news.info\\\/hu\\\/#website\"},\"primaryImageOfPage\":{\"@id\":\"https:\\\/\\\/super-news.info\\\/hu\\\/emelkedo-richter-profittal-indulhat-az-ev\\\/#primaryimage\"},\"image\":{\"@id\":\"https:\\\/\\\/super-news.info\\\/hu\\\/emelkedo-richter-profittal-indulhat-az-ev\\\/#primaryimage\"},\"thumbnailUrl\":\"https:\\\/\\\/super-news.info\\\/hu\\\/wp-content\\\/uploads\\\/sites\\\/3\\\/2019\\\/05\\\/Emelked\u0151-Richter-profittal-indulhat-az-\u00e9v.jpg\",\"datePublished\":\"2019-05-08T04:11:16+00:00\",\"dateModified\":\"2019-05-08T04:11:17+00:00\",\"author\":{\"@id\":\"https:\\\/\\\/super-news.info\\\/hu\\\/#\\\/schema\\\/person\\\/2d4068cb2f39cd10008c2fce578a7356\"},\"breadcrumb\":{\"@id\":\"https:\\\/\\\/super-news.info\\\/hu\\\/emelkedo-richter-profittal-indulhat-az-ev\\\/#breadcrumb\"},\"inLanguage\":\"hu\",\"potentialAction\":[{\"@type\":\"ReadAction\",\"target\":[\"https:\\\/\\\/super-news.info\\\/hu\\\/emelkedo-richter-profittal-indulhat-az-ev\\\/\"]}]},{\"@type\":\"ImageObject\",\"inLanguage\":\"hu\",\"@id\":\"https:\\\/\\\/super-news.info\\\/hu\\\/emelkedo-richter-profittal-indulhat-az-ev\\\/#primaryimage\",\"url\":\"https:\\\/\\\/super-news.info\\\/hu\\\/wp-content\\\/uploads\\\/sites\\\/3\\\/2019\\\/05\\\/Emelked\u0151-Richter-profittal-indulhat-az-\u00e9v.jpg\",\"contentUrl\":\"https:\\\/\\\/super-news.info\\\/hu\\\/wp-content\\\/uploads\\\/sites\\\/3\\\/2019\\\/05\\\/Emelked\u0151-Richter-profittal-indulhat-az-\u00e9v.jpg\",\"width\":1276,\"height\":720,\"caption\":\"Emelked\u0151 Richter-profittal indulhat az \u00e9v\"},{\"@type\":\"BreadcrumbList\",\"@id\":\"https:\\\/\\\/super-news.info\\\/hu\\\/emelkedo-richter-profittal-indulhat-az-ev\\\/#breadcrumb\",\"itemListElement\":[{\"@type\":\"ListItem\",\"position\":1,\"name\":\"\u0413\u043b\u0430\u0432\u043d\u0430\u044f \u0441\u0442\u0440\u0430\u043d\u0438\u0446\u0430\",\"item\":\"https:\\\/\\\/super-news.info\\\/hu\\\/\"},{\"@type\":\"ListItem\",\"position\":2,\"name\":\"Emelked\u0151 Richter-profittal indulhat az \u00e9v\"}]},{\"@type\":\"WebSite\",\"@id\":\"https:\\\/\\\/super-news.info\\\/hu\\\/#website\",\"url\":\"https:\\\/\\\/super-news.info\\\/hu\\\/\",\"name\":\"Super News\",\"description\":\"Super News Magyarorsz\u00e1g\",\"potentialAction\":[{\"@type\":\"SearchAction\",\"target\":{\"@type\":\"EntryPoint\",\"urlTemplate\":\"https:\\\/\\\/super-news.info\\\/hu\\\/?s={search_term_string}\"},\"query-input\":{\"@type\":\"PropertyValueSpecification\",\"valueRequired\":true,\"valueName\":\"search_term_string\"}}],\"inLanguage\":\"hu\"},{\"@type\":\"Person\",\"@id\":\"https:\\\/\\\/super-news.info\\\/hu\\\/#\\\/schema\\\/person\\\/2d4068cb2f39cd10008c2fce578a7356\",\"name\":\"super-news\",\"image\":{\"@type\":\"ImageObject\",\"inLanguage\":\"hu\",\"@id\":\"https:\\\/\\\/secure.gravatar.com\\\/avatar\\\/64ebac40b93f26a154f8a9b5b6fdccfc46f442b26b3dd6756dbff3bf9dc76fd7?s=96&d=mm&r=g\",\"url\":\"https:\\\/\\\/secure.gravatar.com\\\/avatar\\\/64ebac40b93f26a154f8a9b5b6fdccfc46f442b26b3dd6756dbff3bf9dc76fd7?s=96&d=mm&r=g\",\"contentUrl\":\"https:\\\/\\\/secure.gravatar.com\\\/avatar\\\/64ebac40b93f26a154f8a9b5b6fdccfc46f442b26b3dd6756dbff3bf9dc76fd7?s=96&d=mm&r=g\",\"caption\":\"super-news\"},\"url\":\"https:\\\/\\\/super-news.info\\\/hu\\\/author\\\/pt\\\/\"}]}<\/script>\n<!-- \/ Yoast SEO plugin. -->","yoast_head_json":{"title":"Emelked\u0151 Richter-profittal indulhat az \u00e9v - Super News","robots":{"index":"index","follow":"follow","max-snippet":"max-snippet:-1","max-image-preview":"max-image-preview:large","max-video-preview":"max-video-preview:-1"},"canonical":"https:\/\/super-news.info\/hu\/emelkedo-richter-profittal-indulhat-az-ev\/","og_locale":"hu_HU","og_type":"article","og_title":"Emelked\u0151 Richter-profittal indulhat az \u00e9v - Super News","og_description":"[ad_1] A Vil\u00e1ggazdas\u00e1g elemz\u0151i konszenzusa szerint 6,6 sz\u00e1zal\u00e9kos forgalom- \u00e9s 22 sz\u00e1zal\u00e9kost meghalad\u00f3 nett\u00f3 profitb\u0151v\u00fcl\u00e9sr\u0151l sz\u00e1molhat be a Richter. A p\u00e9ntek hajnalban jelent\u0151 Richtert\u0151l az elemz\u0151k egy\u00f6ntet\u0171en forgalomemelked\u00e9st v\u00e1rnak: a csaknem 114 milli\u00e1rd forintos b\u00e1zisid\u0151szakhoz k\u00e9pest 121 milli\u00e1rd forint f\u00f6l\u00e9 k\u00faszhat a c\u00e9gcsoport \u00e1rbev\u00e9tele a Vil\u00e1ggazdas\u00e1g konszenzusa szerint. Fot\u00f3: MW A forgalomhoz hasonl\u00f3 m\u00e9rt\u00e9kben emelkedhetett [&hellip;]","og_url":"https:\/\/super-news.info\/hu\/emelkedo-richter-profittal-indulhat-az-ev\/","og_site_name":"Super News","article_published_time":"2019-05-08T04:11:16+00:00","article_modified_time":"2019-05-08T04:11:17+00:00","og_image":[{"width":1276,"height":720,"url":"https:\/\/super-news.info\/hu\/wp-content\/uploads\/sites\/3\/2019\/05\/Emelked\u0151-Richter-profittal-indulhat-az-\u00e9v.jpg","type":"image\/jpeg"}],"author":"super-news","twitter_card":"summary_large_image","twitter_misc":{"Szerz\u0151:":"super-news","Becs\u00fclt olvas\u00e1si id\u0151":"2 perc"},"schema":{"@context":"https:\/\/schema.org","@graph":[{"@type":"Article","@id":"https:\/\/super-news.info\/hu\/emelkedo-richter-profittal-indulhat-az-ev\/#article","isPartOf":{"@id":"https:\/\/super-news.info\/hu\/emelkedo-richter-profittal-indulhat-az-ev\/"},"author":{"name":"super-news","@id":"https:\/\/super-news.info\/hu\/#\/schema\/person\/2d4068cb2f39cd10008c2fce578a7356"},"headline":"Emelked\u0151 Richter-profittal indulhat az \u00e9v","datePublished":"2019-05-08T04:11:16+00:00","dateModified":"2019-05-08T04:11:17+00:00","mainEntityOfPage":{"@id":"https:\/\/super-news.info\/hu\/emelkedo-richter-profittal-indulhat-az-ev\/"},"wordCount":323,"commentCount":0,"image":{"@id":"https:\/\/super-news.info\/hu\/emelkedo-richter-profittal-indulhat-az-ev\/#primaryimage"},"thumbnailUrl":"https:\/\/super-news.info\/hu\/wp-content\/uploads\/sites\/3\/2019\/05\/Emelked\u0151-Richter-profittal-indulhat-az-\u00e9v.jpg","articleSection":["P\u00c9NZ\u00dcGYI H\u00cdREK"],"inLanguage":"hu","potentialAction":[{"@type":"CommentAction","name":"Comment","target":["https:\/\/super-news.info\/hu\/emelkedo-richter-profittal-indulhat-az-ev\/#respond"]}]},{"@type":"WebPage","@id":"https:\/\/super-news.info\/hu\/emelkedo-richter-profittal-indulhat-az-ev\/","url":"https:\/\/super-news.info\/hu\/emelkedo-richter-profittal-indulhat-az-ev\/","name":"Emelked\u0151 Richter-profittal indulhat az \u00e9v - Super News","isPartOf":{"@id":"https:\/\/super-news.info\/hu\/#website"},"primaryImageOfPage":{"@id":"https:\/\/super-news.info\/hu\/emelkedo-richter-profittal-indulhat-az-ev\/#primaryimage"},"image":{"@id":"https:\/\/super-news.info\/hu\/emelkedo-richter-profittal-indulhat-az-ev\/#primaryimage"},"thumbnailUrl":"https:\/\/super-news.info\/hu\/wp-content\/uploads\/sites\/3\/2019\/05\/Emelked\u0151-Richter-profittal-indulhat-az-\u00e9v.jpg","datePublished":"2019-05-08T04:11:16+00:00","dateModified":"2019-05-08T04:11:17+00:00","author":{"@id":"https:\/\/super-news.info\/hu\/#\/schema\/person\/2d4068cb2f39cd10008c2fce578a7356"},"breadcrumb":{"@id":"https:\/\/super-news.info\/hu\/emelkedo-richter-profittal-indulhat-az-ev\/#breadcrumb"},"inLanguage":"hu","potentialAction":[{"@type":"ReadAction","target":["https:\/\/super-news.info\/hu\/emelkedo-richter-profittal-indulhat-az-ev\/"]}]},{"@type":"ImageObject","inLanguage":"hu","@id":"https:\/\/super-news.info\/hu\/emelkedo-richter-profittal-indulhat-az-ev\/#primaryimage","url":"https:\/\/super-news.info\/hu\/wp-content\/uploads\/sites\/3\/2019\/05\/Emelked\u0151-Richter-profittal-indulhat-az-\u00e9v.jpg","contentUrl":"https:\/\/super-news.info\/hu\/wp-content\/uploads\/sites\/3\/2019\/05\/Emelked\u0151-Richter-profittal-indulhat-az-\u00e9v.jpg","width":1276,"height":720,"caption":"Emelked\u0151 Richter-profittal indulhat az \u00e9v"},{"@type":"BreadcrumbList","@id":"https:\/\/super-news.info\/hu\/emelkedo-richter-profittal-indulhat-az-ev\/#breadcrumb","itemListElement":[{"@type":"ListItem","position":1,"name":"\u0413\u043b\u0430\u0432\u043d\u0430\u044f \u0441\u0442\u0440\u0430\u043d\u0438\u0446\u0430","item":"https:\/\/super-news.info\/hu\/"},{"@type":"ListItem","position":2,"name":"Emelked\u0151 Richter-profittal indulhat az \u00e9v"}]},{"@type":"WebSite","@id":"https:\/\/super-news.info\/hu\/#website","url":"https:\/\/super-news.info\/hu\/","name":"Super News","description":"Super News Magyarorsz\u00e1g","potentialAction":[{"@type":"SearchAction","target":{"@type":"EntryPoint","urlTemplate":"https:\/\/super-news.info\/hu\/?s={search_term_string}"},"query-input":{"@type":"PropertyValueSpecification","valueRequired":true,"valueName":"search_term_string"}}],"inLanguage":"hu"},{"@type":"Person","@id":"https:\/\/super-news.info\/hu\/#\/schema\/person\/2d4068cb2f39cd10008c2fce578a7356","name":"super-news","image":{"@type":"ImageObject","inLanguage":"hu","@id":"https:\/\/secure.gravatar.com\/avatar\/64ebac40b93f26a154f8a9b5b6fdccfc46f442b26b3dd6756dbff3bf9dc76fd7?s=96&d=mm&r=g","url":"https:\/\/secure.gravatar.com\/avatar\/64ebac40b93f26a154f8a9b5b6fdccfc46f442b26b3dd6756dbff3bf9dc76fd7?s=96&d=mm&r=g","contentUrl":"https:\/\/secure.gravatar.com\/avatar\/64ebac40b93f26a154f8a9b5b6fdccfc46f442b26b3dd6756dbff3bf9dc76fd7?s=96&d=mm&r=g","caption":"super-news"},"url":"https:\/\/super-news.info\/hu\/author\/pt\/"}]}},"_links":{"self":[{"href":"https:\/\/super-news.info\/hu\/wp-json\/wp\/v2\/posts\/1517","targetHints":{"allow":["GET"]}}],"collection":[{"href":"https:\/\/super-news.info\/hu\/wp-json\/wp\/v2\/posts"}],"about":[{"href":"https:\/\/super-news.info\/hu\/wp-json\/wp\/v2\/types\/post"}],"author":[{"embeddable":true,"href":"https:\/\/super-news.info\/hu\/wp-json\/wp\/v2\/users\/2"}],"replies":[{"embeddable":true,"href":"https:\/\/super-news.info\/hu\/wp-json\/wp\/v2\/comments?post=1517"}],"version-history":[{"count":1,"href":"https:\/\/super-news.info\/hu\/wp-json\/wp\/v2\/posts\/1517\/revisions"}],"predecessor-version":[{"id":1519,"href":"https:\/\/super-news.info\/hu\/wp-json\/wp\/v2\/posts\/1517\/revisions\/1519"}],"wp:featuredmedia":[{"embeddable":true,"href":"https:\/\/super-news.info\/hu\/wp-json\/wp\/v2\/media\/1518"}],"wp:attachment":[{"href":"https:\/\/super-news.info\/hu\/wp-json\/wp\/v2\/media?parent=1517"}],"wp:term":[{"taxonomy":"category","embeddable":true,"href":"https:\/\/super-news.info\/hu\/wp-json\/wp\/v2\/categories?post=1517"},{"taxonomy":"post_tag","embeddable":true,"href":"https:\/\/super-news.info\/hu\/wp-json\/wp\/v2\/tags?post=1517"}],"curies":[{"name":"wp","href":"https:\/\/api.w.org\/{rel}","templated":true}]}}