{"id":1509,"date":"2019-05-08T02:23:01","date_gmt":"2019-05-07T23:23:01","guid":{"rendered":"https:\/\/super-news.info\/hu\/digitalis-teljesitmeny-es-versenykepesseg-vilaggazdasag\/"},"modified":"2019-05-08T02:23:02","modified_gmt":"2019-05-07T23:23:02","slug":"digitalis-teljesitmeny-es-versenykepesseg-vilaggazdasag","status":"publish","type":"post","link":"https:\/\/super-news.info\/hu\/digitalis-teljesitmeny-es-versenykepesseg-vilaggazdasag\/","title":{"rendered":"Digit\u00e1lis teljes\u00edtm\u00e9ny \u00e9s versenyk\u00e9pess\u00e9g | Vil\u00e1ggazdas\u00e1g"},"content":{"rendered":"<p> [ad_1]<br \/>\n<\/p>\n<div>\n<p>Az Eurostat \u00e9vente elk\u00e9sz\u00edti az \u00fagynevezett DESI- (Digital Economy and Society \u2013 Digit\u00e1lis gazdas\u00e1g \u00e9s t\u00e1rsadalom \u2013 Index) elemz\u00e9st, amelyben n\u00e9gy ter\u00fcleten el\u00e9rt eredm\u00e9nyek figyelembev\u00e9tel\u00e9vel min\u0151s\u00edti a tagorsz\u00e1gok digit\u00e1lis teljes\u00edtm\u00e9ny\u00e9t: a digit\u00e1lis h\u00e1l\u00f3zatok ki\u00e9p\u00edtetts\u00e9ge, a lakoss\u00e1g digit\u00e1lis alap- \u00e9s halad\u00f3 k\u00e9pess\u00e9geinek szintje, az internet haszn\u00e1lat\u00e1nak elterjedts\u00e9ge, a digit\u00e1lis technol\u00f3gi\u00e1k haszn\u00e1lata az \u00fczleti vil\u00e1gban, valamint az \u00e1llami szolg\u00e1ltat\u00e1sok digitaliz\u00e1lts\u00e1ga (e-governance).<\/p>\n<p>Az elemz\u0151k \u00f6sszehasonl\u00edtj\u00e1k az egyes orsz\u00e1gok k\u00fcl\u00f6nb\u00f6z\u0151 r\u00e9szter\u00fcleteken el\u00e9rt eredm\u00e9nyeit, \u00e9s vizsg\u00e1lj\u00e1k a v\u00e1ltoz\u00e1sokat a kor\u00e1bbi \u00e9vekhez k\u00e9pest.<\/p>\n<p>A legut\u00f3bbi, 2018. \u00e9vi eredm\u00e9nyek alapj\u00e1n p\u00e9ld\u00e1ul Magyarorsz\u00e1g a 22. helyen volt, ami egyhelynyi poz\u00edci\u00f3veszt\u00e9s 2017-hez k\u00e9pest. A csehek hat, a szlov\u00e1kok h\u00e1rom hellyel el\u0151ztek meg benn\u00fcnket, a lengyelek pedig egy hellyel m\u00f6g\u00f6tt\u00fcnk voltak.<\/p>\n<p>A r\u00e9szter\u00fcletek k\u00f6z\u00f6tt a legjobb poz\u00edci\u00f3nkat az internet haszn\u00e1lat\u00e1nak elterjedts\u00e9ge (12. hely) \u00e9s a digit\u00e1lis h\u00e1l\u00f3zatok ki\u00e9p\u00edtetts\u00e9ge (18. hely) ter\u00e9n \u00e9rt\u00fck el, a legrosszabbat pedig az \u00e1llami szolg\u00e1ltat\u00e1sok digitaliz\u00e1lts\u00e1g\u00e1ra kaptuk (27. hely). A digit\u00e1lis technol\u00f3gi\u00e1k \u00fczleti vil\u00e1gban val\u00f3 alkalmaz\u00e1s\u00e1nak elterjedts\u00e9ge alapj\u00e1n 2018-ban a 25., 2017-ben pedig a 24. hely volt a mi\u00e9nk.<\/p>\n<p>A legnagyobb, h\u00e1romhelynyi poz\u00edci\u00f3veszt\u00e9st a lakoss\u00e1g digit\u00e1lis k\u00e9pess\u00e9geinek szintj\u00e9n\u00e9l szenvedt\u00fck el: a 2017. \u00e9vi 18. helyr\u0151l a 21. helyre cs\u00fasztunk.<\/p>\n<p>A rosszabb eredm\u00e9nyek nem abszol\u00fat roml\u00e1st jelentenek, csup\u00e1n arra figyelmeztetnek, hogy m\u00e1sokhoz k\u00e9pest lassabban haladunk. \u00c9rdemes azonban a vizsg\u00e1latokat az Eur\u00f3pai Uni\u00f3n k\u00edv\u00fclre is kiterjeszteni.<\/p>\n<div id=\"attachment_814989\" style=\"width: 1410px\" class=\"wp-caption aligncenter\">\n<p class=\"wp-caption-text\">K\u00e9p\u00fcnk illusztr\u00e1ci\u00f3<br \/>Fot\u00f3: Shutterstock<\/p>\n<\/div>\n<p>A Tech4i2 kutat\u00f3csoport 45 orsz\u00e1g helyzet\u00e9t vizsg\u00e1lva k\u00e9sz\u00edtette el a nemzetk\u00f6zi DESI-mutat\u00f3t \u00e9s ennek alapj\u00e1n a rangsort. A vizsg\u00e1lt h\u00fasz egys\u00e9g \u2013 az uni\u00f3 eg\u00e9sze (\u00e1tlag\u00e9rt\u00e9kkel), az EU n\u00e9gy digit\u00e1lisan legfejlettebb \u00e9s n\u00e9gy legkev\u00e9sb\u00e9 fejlett orsz\u00e1ga, valamint 17 tov\u00e1bbi orsz\u00e1g \u2013 k\u00f6z\u00fcl m\u00e9g az uni\u00f3 n\u00e9gy legfejlettebb orsz\u00e1g\u00e1nak csoportj\u00e1b\u00f3l sem ker\u00fclt ki egyetlen els\u0151 helyezett sem.<\/p>\n<p>Az \u00e1tlagos teljes\u00edtm\u00e9ny tekintet\u00e9ben az Eur\u00f3pai Uni\u00f3 legjobb poz\u00edci\u00f3ja a digit\u00e1lis h\u00e1l\u00f3zatok ki\u00e9p\u00edtetts\u00e9ge ter\u00fcleten el\u00e9rt 14. hely.<\/p>\n<p>A n\u00e9gy legfejlettebb tagorsz\u00e1g poz\u00edci\u00f3ja a m\u00e1sodik\u2013\u00f6t\u00f6dik hely k\u00f6z\u00f6tt v\u00e1ltozik, a n\u00e9gy legkev\u00e9sb\u00e9 fejlett\u00e9 pedig a 14\u201320. hely k\u00f6z\u00f6tt. A huszadik, azaz legutols\u00f3 poz\u00edci\u00f3 az \u00e1llami szolg\u00e1ltat\u00e1sok digitaliz\u00e1lts\u00e1g\u00e1nak ter\u00fclete. Az eredm\u00e9nyek alapj\u00e1n fel kell tenni a k\u00e9rd\u00e9st, hogy j\u00f3l hasznosulnak-e az uni\u00f3s fejleszt\u00e9si forr\u00e1sok, ha ekkora a k\u00fcl\u00f6nbs\u00e9g az egyes orsz\u00e1gok digit\u00e1lis fejletts\u00e9gi szintj\u00e9ben. Az adatok azt t\u00e1masztj\u00e1k al\u00e1, hogy a forr\u00e1sok els\u0151sorban a h\u00e1l\u00f3zatok ki\u00e9p\u00edt\u00e9s\u00e9t, a technol\u00f3giai fejleszt\u00e9seket finansz\u00edrozt\u00e1k, a k\u00e9pess\u00e9gek jav\u00edt\u00e1s\u00e1t, a tud\u00e1sszint emel\u00e9s\u00e9t nem. Ez viszont rontotta az eszk\u00f6z\u00f6k, h\u00e1l\u00f3zatok haszn\u00e1lat\u00e1nak hat\u00e9konys\u00e1g\u00e1t, ami p\u00e9ld\u00e1ul a digit\u00e1lis technol\u00f3gi\u00e1k \u00fczleti felhaszn\u00e1l\u00e1s\u00e1n\u00e1l l\u00e1that\u00f3 nagy poz\u00edci\u00f3k\u00fcl\u00f6nbs\u00e9gek eset\u00e9n is kider\u00fcl.<\/p>\n<p>A digitaliz\u00e1ci\u00f3 siker\u00e9t\u0151l nemcsak az egyes orsz\u00e1gok, hanem az eg\u00e9sz Eur\u00f3pai Uni\u00f3 gazdas\u00e1gi sikere, versenyk\u00e9pess\u00e9ge is f\u00fcgg.<\/p>\n<p>Erre mutat r\u00e1 az Eur\u00f3pai Beruh\u00e1z\u00e1si Bank (EIB) legfrissebb jelent\u00e9se is (Investment Report 2018\u20132019), amely felh\u00edvja a figyelmet arra, hogy a technol\u00f3giai \u00e9s eszk\u00f6zberuh\u00e1z\u00e1sok mellett n\u00f6velni kell a tud\u00e1sberuh\u00e1z\u00e1sok \u00e9rt\u00e9k\u00e9t az uni\u00f3 minden orsz\u00e1g\u00e1ban. P\u00e9ld\u00e1ul Magyarorsz\u00e1gon 2018-ban a GDP 25,5 sz\u00e1zal\u00e9k\u00e1t kitev\u0151 beruh\u00e1z\u00e1si \u00e9rt\u00e9kb\u0151l csup\u00e1n 2,7 volt tud\u00e1sberuh\u00e1z\u00e1s.<\/p>\n<blockquote>\n<p>Az \u00faj technol\u00f3gi\u00e1k hat\u00e9kony haszn\u00e1lata \u2013 \u00edrj\u00e1k \u2013 a megfoghat\u00f3 (tangible) \u00e9s nem megfoghat\u00f3 (intangible) beruh\u00e1z\u00e1sok (k\u00e9pz\u00e9s, folyamat innov\u00e1ci\u00f3, \u00faj \u00fczleti modellek kifejleszt\u00e9se) eg\u00e9szs\u00e9ges ar\u00e1ny\u00e1t ig\u00e9nyli. Ezen a ter\u00fcleten az Eur\u00f3pai Uni\u00f3 m\u00e1r nemcsak az Egyes\u00fclt \u00c1llamok, de hamarosan K\u00edna m\u00f6g\u00e9 is szorul, ami rontja a termel\u00e9kenys\u00e9gn\u00f6vel\u00e9s es\u00e9lyeit. Fontos tov\u00e1bb\u00e1 az eg\u00e9sz lakoss\u00e1g digit\u00e1lis tov\u00e1bbk\u00e9pz\u00e9se.<\/p>\n<\/blockquote>\n<p>Magyarorsz\u00e1g eset\u00e9ben megeml\u00edtik az id\u0151sebb koroszt\u00e1ly alacsony digit\u00e1lis tud\u00e1sszintj\u00e9t, ami akad\u00e1lyozza, hogy online v\u00e1s\u00e1rl\u00f3kk\u00e1 vagy online bankol\u00f3kk\u00e1 v\u00e1ljanak, \u00e9s a foglalkoztat\u00e1sukat is nehez\u00edti. Fontos lenne az \u00e1llami szolg\u00e1ltat\u00e1sok digit\u00e1lis el\u00e9rhet\u0151s\u00e9g\u00e9nek b\u0151v\u00edt\u00e9se is. A helyi ir\u00e1ny\u00edt\u00e1s, az \u00f6nkorm\u00e1nyzatok szintj\u00e9n is n\u00f6velni kellene a digit\u00e1lis tud\u00e1sszintet, erre t\u00e1maszkodva az \u00fczleti \u00e9lettel val\u00f3 egy\u00fcttm\u0171k\u00f6d\u00e9s rugalmass\u00e1g\u00e1t, gyorsas\u00e1g\u00e1t \u00e9s hat\u00e9konys\u00e1g\u00e1t.<\/p>\n<p>Az EIB tanulm\u00e1nya figyelmeztet: az Eur\u00f3pai Uni\u00f3 eml\u00edtett probl\u00e9m\u00e1it s\u00falyosb\u00edtja, hogy az innov\u00e1ci\u00f3 ter\u00e9n is lemarad\u00f3ban van nemcsak az Egyes\u00fclt \u00c1llamok, de D\u00e9l-Korea, Jap\u00e1n \u00e9s K\u00edna m\u00f6g\u00f6tt is. A tanulm\u00e1ny szerint ez \u00f6sszef\u00fcgg\u00e9sben van a tud\u00e1sberuh\u00e1z\u00e1sok alacsony szintj\u00e9vel.<\/p>\n<p>\u00d6sszefoglal\u00e1sk\u00e9nt arra mutat r\u00e1, hogy a hat\u00e9konyan megval\u00f3s\u00edtott digi\u00adtaliz\u00e1ci\u00f3 egy\u00fctt j\u00e1r a c\u00e9gek \u00e9s a gazdas\u00e1g eg\u00e9sze teljes\u00edtm\u00e9ny\u00e9nek emelked\u00e9s\u00e9vel, az innov\u00e1ci\u00f3 er\u0151s\u00f6d\u00e9s\u00e9vel \u00e9s a versenyk\u00e9pess\u00e9g javul\u00e1s\u00e1val. Az uni\u00f3nak ez\u00e9rt s\u00fcrg\u0151sen l\u00e9pnie kell. Fel kell sz\u00e1molnia az egyes orsz\u00e1gok k\u00f6z\u00f6tt a hatalmas szakad\u00e9kot, mert az az eg\u00e9sz EU teljes\u00edtm\u00e9ny\u00e9t visszah\u00fazza, \u00e9s v\u00e9gleg lemaradhat a glob\u00e1lis innov\u00e1ci\u00f3s versenyben. A sz\u00e9tszakadts\u00e1g megsz\u00fcntet\u00e9s\u00e9nek egyik eszk\u00f6ze lehet a k\u00f6vetkez\u0151 k\u00f6lts\u00e9gvet\u00e9s (2021\u20132027) \u00e1ltal t\u00e1mogatott fejleszt\u00e9si c\u00e9lok j\u00f3 megv\u00e1laszt\u00e1sa \u00e9s a programok gyors, b\u00fcrokr\u00e1ciamentes, hat\u00e9kony v\u00e9grehajt\u00e1sa.<\/p>\n<\/p><\/div>\n<p><script>\n    window.fbAsyncInit = function() {\n        FB.init({\n            appId      : \"204760236815359\",\n            xfbml      : true,\n            version    : \"v2.12\"\n        });\n        FB.AppEvents.logPageView();\n    };<\/p>\n<p>    (function(d, s, id){\n        var js, fjs = d.getElementsByTagName(s)[0];\n        if (d.getElementById(id)) {return;}\n        js = d.createElement(s); js.id = id;\n        js.src = \"http:\/\/connect.facebook.net\/hu_HU\/sdk.js\";\n        fjs.parentNode.insertBefore(js, fjs);\n    }(document, \"script\", \"facebook-jssdk\"));\n<\/script><br \/>\n<br \/>[ad_2]<br \/>\n<br \/><a href=\"https:\/\/www.vg.hu\/velemeny\/elemzes\/digitalis-teljesitmeny-es-versenykepesseg-2-1498324\/\">Source link <\/a><\/p>\n","protected":false},"excerpt":{"rendered":"<p>[ad_1] Az Eurostat \u00e9vente elk\u00e9sz\u00edti az \u00fagynevezett DESI- (Digital Economy and Society \u2013 Digit\u00e1lis gazdas\u00e1g \u00e9s t\u00e1rsadalom \u2013 Index) elemz\u00e9st, amelyben n\u00e9gy ter\u00fcleten el\u00e9rt eredm\u00e9nyek figyelembev\u00e9tel\u00e9vel min\u0151s\u00edti a tagorsz\u00e1gok digit\u00e1lis teljes\u00edtm\u00e9ny\u00e9t: a digit\u00e1lis h\u00e1l\u00f3zatok ki\u00e9p\u00edtetts\u00e9ge, a lakoss\u00e1g digit\u00e1lis alap- \u00e9s halad\u00f3 k\u00e9pess\u00e9geinek szintje, az internet haszn\u00e1lat\u00e1nak elterjedts\u00e9ge, a digit\u00e1lis technol\u00f3gi\u00e1k haszn\u00e1lata az \u00fczleti vil\u00e1gban, valamint [&hellip;]<\/p>\n","protected":false},"author":2,"featured_media":1510,"comment_status":"open","ping_status":"open","sticky":false,"template":"","format":"standard","meta":{"footnotes":""},"categories":[1],"tags":[],"class_list":["post-1509","post","type-post","status-publish","format-standard","has-post-thumbnail","hentry","category-penzugyi-hirek"],"yoast_head":"<!-- This site is optimized with the Yoast SEO plugin v27.4 - https:\/\/yoast.com\/product\/yoast-seo-wordpress\/ -->\n<title>Digit\u00e1lis teljes\u00edtm\u00e9ny \u00e9s versenyk\u00e9pess\u00e9g | Vil\u00e1ggazdas\u00e1g - Super News<\/title>\n<meta name=\"robots\" content=\"index, follow, max-snippet:-1, max-image-preview:large, max-video-preview:-1\" \/>\n<link rel=\"canonical\" href=\"https:\/\/super-news.info\/hu\/digitalis-teljesitmeny-es-versenykepesseg-vilaggazdasag\/\" \/>\n<meta property=\"og:locale\" content=\"hu_HU\" \/>\n<meta property=\"og:type\" content=\"article\" \/>\n<meta property=\"og:title\" content=\"Digit\u00e1lis teljes\u00edtm\u00e9ny \u00e9s versenyk\u00e9pess\u00e9g | Vil\u00e1ggazdas\u00e1g - Super News\" \/>\n<meta property=\"og:description\" content=\"[ad_1] Az Eurostat \u00e9vente elk\u00e9sz\u00edti az \u00fagynevezett DESI- (Digital Economy and Society \u2013 Digit\u00e1lis gazdas\u00e1g \u00e9s t\u00e1rsadalom \u2013 Index) elemz\u00e9st, amelyben n\u00e9gy ter\u00fcleten el\u00e9rt eredm\u00e9nyek figyelembev\u00e9tel\u00e9vel min\u0151s\u00edti a tagorsz\u00e1gok digit\u00e1lis teljes\u00edtm\u00e9ny\u00e9t: a digit\u00e1lis h\u00e1l\u00f3zatok ki\u00e9p\u00edtetts\u00e9ge, a lakoss\u00e1g digit\u00e1lis alap- \u00e9s halad\u00f3 k\u00e9pess\u00e9geinek szintje, az internet haszn\u00e1lat\u00e1nak elterjedts\u00e9ge, a digit\u00e1lis technol\u00f3gi\u00e1k haszn\u00e1lata az \u00fczleti vil\u00e1gban, valamint [&hellip;]\" \/>\n<meta property=\"og:url\" content=\"https:\/\/super-news.info\/hu\/digitalis-teljesitmeny-es-versenykepesseg-vilaggazdasag\/\" \/>\n<meta property=\"og:site_name\" content=\"Super News\" \/>\n<meta property=\"article:published_time\" content=\"2019-05-07T23:23:01+00:00\" \/>\n<meta property=\"article:modified_time\" content=\"2019-05-07T23:23:02+00:00\" \/>\n<meta property=\"og:image\" content=\"https:\/\/super-news.info\/hu\/wp-content\/uploads\/sites\/3\/2019\/05\/Digit\u00e1lis-teljes\u00edtm\u00e9ny-\u00e9s-versenyk\u00e9pess\u00e9g-Vil\u00e1ggazdas\u00e1g.jpg\" \/>\n\t<meta property=\"og:image:width\" content=\"1400\" \/>\n\t<meta property=\"og:image:height\" content=\"935\" \/>\n\t<meta property=\"og:image:type\" content=\"image\/jpeg\" \/>\n<meta name=\"author\" content=\"super-news\" \/>\n<meta name=\"twitter:card\" content=\"summary_large_image\" \/>\n<meta name=\"twitter:label1\" content=\"Szerz\u0151:\" \/>\n\t<meta name=\"twitter:data1\" content=\"super-news\" \/>\n\t<meta name=\"twitter:label2\" content=\"Becs\u00fclt olvas\u00e1si id\u0151\" \/>\n\t<meta name=\"twitter:data2\" content=\"6 perc\" \/>\n<script type=\"application\/ld+json\" class=\"yoast-schema-graph\">{\"@context\":\"https:\\\/\\\/schema.org\",\"@graph\":[{\"@type\":\"Article\",\"@id\":\"https:\\\/\\\/super-news.info\\\/hu\\\/digitalis-teljesitmeny-es-versenykepesseg-vilaggazdasag\\\/#article\",\"isPartOf\":{\"@id\":\"https:\\\/\\\/super-news.info\\\/hu\\\/digitalis-teljesitmeny-es-versenykepesseg-vilaggazdasag\\\/\"},\"author\":{\"name\":\"super-news\",\"@id\":\"https:\\\/\\\/super-news.info\\\/hu\\\/#\\\/schema\\\/person\\\/2d4068cb2f39cd10008c2fce578a7356\"},\"headline\":\"Digit\u00e1lis teljes\u00edtm\u00e9ny \u00e9s versenyk\u00e9pess\u00e9g | Vil\u00e1ggazdas\u00e1g\",\"datePublished\":\"2019-05-07T23:23:01+00:00\",\"dateModified\":\"2019-05-07T23:23:02+00:00\",\"mainEntityOfPage\":{\"@id\":\"https:\\\/\\\/super-news.info\\\/hu\\\/digitalis-teljesitmeny-es-versenykepesseg-vilaggazdasag\\\/\"},\"wordCount\":1139,\"commentCount\":0,\"image\":{\"@id\":\"https:\\\/\\\/super-news.info\\\/hu\\\/digitalis-teljesitmeny-es-versenykepesseg-vilaggazdasag\\\/#primaryimage\"},\"thumbnailUrl\":\"https:\\\/\\\/super-news.info\\\/hu\\\/wp-content\\\/uploads\\\/sites\\\/3\\\/2019\\\/05\\\/Digit\u00e1lis-teljes\u00edtm\u00e9ny-\u00e9s-versenyk\u00e9pess\u00e9g-Vil\u00e1ggazdas\u00e1g.jpg\",\"articleSection\":[\"P\u00c9NZ\u00dcGYI H\u00cdREK\"],\"inLanguage\":\"hu\",\"potentialAction\":[{\"@type\":\"CommentAction\",\"name\":\"Comment\",\"target\":[\"https:\\\/\\\/super-news.info\\\/hu\\\/digitalis-teljesitmeny-es-versenykepesseg-vilaggazdasag\\\/#respond\"]}]},{\"@type\":\"WebPage\",\"@id\":\"https:\\\/\\\/super-news.info\\\/hu\\\/digitalis-teljesitmeny-es-versenykepesseg-vilaggazdasag\\\/\",\"url\":\"https:\\\/\\\/super-news.info\\\/hu\\\/digitalis-teljesitmeny-es-versenykepesseg-vilaggazdasag\\\/\",\"name\":\"Digit\u00e1lis teljes\u00edtm\u00e9ny \u00e9s versenyk\u00e9pess\u00e9g | Vil\u00e1ggazdas\u00e1g - Super News\",\"isPartOf\":{\"@id\":\"https:\\\/\\\/super-news.info\\\/hu\\\/#website\"},\"primaryImageOfPage\":{\"@id\":\"https:\\\/\\\/super-news.info\\\/hu\\\/digitalis-teljesitmeny-es-versenykepesseg-vilaggazdasag\\\/#primaryimage\"},\"image\":{\"@id\":\"https:\\\/\\\/super-news.info\\\/hu\\\/digitalis-teljesitmeny-es-versenykepesseg-vilaggazdasag\\\/#primaryimage\"},\"thumbnailUrl\":\"https:\\\/\\\/super-news.info\\\/hu\\\/wp-content\\\/uploads\\\/sites\\\/3\\\/2019\\\/05\\\/Digit\u00e1lis-teljes\u00edtm\u00e9ny-\u00e9s-versenyk\u00e9pess\u00e9g-Vil\u00e1ggazdas\u00e1g.jpg\",\"datePublished\":\"2019-05-07T23:23:01+00:00\",\"dateModified\":\"2019-05-07T23:23:02+00:00\",\"author\":{\"@id\":\"https:\\\/\\\/super-news.info\\\/hu\\\/#\\\/schema\\\/person\\\/2d4068cb2f39cd10008c2fce578a7356\"},\"breadcrumb\":{\"@id\":\"https:\\\/\\\/super-news.info\\\/hu\\\/digitalis-teljesitmeny-es-versenykepesseg-vilaggazdasag\\\/#breadcrumb\"},\"inLanguage\":\"hu\",\"potentialAction\":[{\"@type\":\"ReadAction\",\"target\":[\"https:\\\/\\\/super-news.info\\\/hu\\\/digitalis-teljesitmeny-es-versenykepesseg-vilaggazdasag\\\/\"]}]},{\"@type\":\"ImageObject\",\"inLanguage\":\"hu\",\"@id\":\"https:\\\/\\\/super-news.info\\\/hu\\\/digitalis-teljesitmeny-es-versenykepesseg-vilaggazdasag\\\/#primaryimage\",\"url\":\"https:\\\/\\\/super-news.info\\\/hu\\\/wp-content\\\/uploads\\\/sites\\\/3\\\/2019\\\/05\\\/Digit\u00e1lis-teljes\u00edtm\u00e9ny-\u00e9s-versenyk\u00e9pess\u00e9g-Vil\u00e1ggazdas\u00e1g.jpg\",\"contentUrl\":\"https:\\\/\\\/super-news.info\\\/hu\\\/wp-content\\\/uploads\\\/sites\\\/3\\\/2019\\\/05\\\/Digit\u00e1lis-teljes\u00edtm\u00e9ny-\u00e9s-versenyk\u00e9pess\u00e9g-Vil\u00e1ggazdas\u00e1g.jpg\",\"width\":1400,\"height\":935,\"caption\":\"Digit\u00e1lis teljes\u00edtm\u00e9ny \u00e9s versenyk\u00e9pess\u00e9g | Vil\u00e1ggazdas\u00e1g\"},{\"@type\":\"BreadcrumbList\",\"@id\":\"https:\\\/\\\/super-news.info\\\/hu\\\/digitalis-teljesitmeny-es-versenykepesseg-vilaggazdasag\\\/#breadcrumb\",\"itemListElement\":[{\"@type\":\"ListItem\",\"position\":1,\"name\":\"\u0413\u043b\u0430\u0432\u043d\u0430\u044f \u0441\u0442\u0440\u0430\u043d\u0438\u0446\u0430\",\"item\":\"https:\\\/\\\/super-news.info\\\/hu\\\/\"},{\"@type\":\"ListItem\",\"position\":2,\"name\":\"Digit\u00e1lis teljes\u00edtm\u00e9ny \u00e9s versenyk\u00e9pess\u00e9g | Vil\u00e1ggazdas\u00e1g\"}]},{\"@type\":\"WebSite\",\"@id\":\"https:\\\/\\\/super-news.info\\\/hu\\\/#website\",\"url\":\"https:\\\/\\\/super-news.info\\\/hu\\\/\",\"name\":\"Super News\",\"description\":\"Super News Magyarorsz\u00e1g\",\"potentialAction\":[{\"@type\":\"SearchAction\",\"target\":{\"@type\":\"EntryPoint\",\"urlTemplate\":\"https:\\\/\\\/super-news.info\\\/hu\\\/?s={search_term_string}\"},\"query-input\":{\"@type\":\"PropertyValueSpecification\",\"valueRequired\":true,\"valueName\":\"search_term_string\"}}],\"inLanguage\":\"hu\"},{\"@type\":\"Person\",\"@id\":\"https:\\\/\\\/super-news.info\\\/hu\\\/#\\\/schema\\\/person\\\/2d4068cb2f39cd10008c2fce578a7356\",\"name\":\"super-news\",\"image\":{\"@type\":\"ImageObject\",\"inLanguage\":\"hu\",\"@id\":\"https:\\\/\\\/secure.gravatar.com\\\/avatar\\\/64ebac40b93f26a154f8a9b5b6fdccfc46f442b26b3dd6756dbff3bf9dc76fd7?s=96&d=mm&r=g\",\"url\":\"https:\\\/\\\/secure.gravatar.com\\\/avatar\\\/64ebac40b93f26a154f8a9b5b6fdccfc46f442b26b3dd6756dbff3bf9dc76fd7?s=96&d=mm&r=g\",\"contentUrl\":\"https:\\\/\\\/secure.gravatar.com\\\/avatar\\\/64ebac40b93f26a154f8a9b5b6fdccfc46f442b26b3dd6756dbff3bf9dc76fd7?s=96&d=mm&r=g\",\"caption\":\"super-news\"},\"url\":\"https:\\\/\\\/super-news.info\\\/hu\\\/author\\\/pt\\\/\"}]}<\/script>\n<!-- \/ Yoast SEO plugin. -->","yoast_head_json":{"title":"Digit\u00e1lis teljes\u00edtm\u00e9ny \u00e9s versenyk\u00e9pess\u00e9g | Vil\u00e1ggazdas\u00e1g - Super News","robots":{"index":"index","follow":"follow","max-snippet":"max-snippet:-1","max-image-preview":"max-image-preview:large","max-video-preview":"max-video-preview:-1"},"canonical":"https:\/\/super-news.info\/hu\/digitalis-teljesitmeny-es-versenykepesseg-vilaggazdasag\/","og_locale":"hu_HU","og_type":"article","og_title":"Digit\u00e1lis teljes\u00edtm\u00e9ny \u00e9s versenyk\u00e9pess\u00e9g | Vil\u00e1ggazdas\u00e1g - Super News","og_description":"[ad_1] Az Eurostat \u00e9vente elk\u00e9sz\u00edti az \u00fagynevezett DESI- (Digital Economy and Society \u2013 Digit\u00e1lis gazdas\u00e1g \u00e9s t\u00e1rsadalom \u2013 Index) elemz\u00e9st, amelyben n\u00e9gy ter\u00fcleten el\u00e9rt eredm\u00e9nyek figyelembev\u00e9tel\u00e9vel min\u0151s\u00edti a tagorsz\u00e1gok digit\u00e1lis teljes\u00edtm\u00e9ny\u00e9t: a digit\u00e1lis h\u00e1l\u00f3zatok ki\u00e9p\u00edtetts\u00e9ge, a lakoss\u00e1g digit\u00e1lis alap- \u00e9s halad\u00f3 k\u00e9pess\u00e9geinek szintje, az internet haszn\u00e1lat\u00e1nak elterjedts\u00e9ge, a digit\u00e1lis technol\u00f3gi\u00e1k haszn\u00e1lata az \u00fczleti vil\u00e1gban, valamint [&hellip;]","og_url":"https:\/\/super-news.info\/hu\/digitalis-teljesitmeny-es-versenykepesseg-vilaggazdasag\/","og_site_name":"Super News","article_published_time":"2019-05-07T23:23:01+00:00","article_modified_time":"2019-05-07T23:23:02+00:00","og_image":[{"width":1400,"height":935,"url":"https:\/\/super-news.info\/hu\/wp-content\/uploads\/sites\/3\/2019\/05\/Digit\u00e1lis-teljes\u00edtm\u00e9ny-\u00e9s-versenyk\u00e9pess\u00e9g-Vil\u00e1ggazdas\u00e1g.jpg","type":"image\/jpeg"}],"author":"super-news","twitter_card":"summary_large_image","twitter_misc":{"Szerz\u0151:":"super-news","Becs\u00fclt olvas\u00e1si id\u0151":"6 perc"},"schema":{"@context":"https:\/\/schema.org","@graph":[{"@type":"Article","@id":"https:\/\/super-news.info\/hu\/digitalis-teljesitmeny-es-versenykepesseg-vilaggazdasag\/#article","isPartOf":{"@id":"https:\/\/super-news.info\/hu\/digitalis-teljesitmeny-es-versenykepesseg-vilaggazdasag\/"},"author":{"name":"super-news","@id":"https:\/\/super-news.info\/hu\/#\/schema\/person\/2d4068cb2f39cd10008c2fce578a7356"},"headline":"Digit\u00e1lis teljes\u00edtm\u00e9ny \u00e9s versenyk\u00e9pess\u00e9g | Vil\u00e1ggazdas\u00e1g","datePublished":"2019-05-07T23:23:01+00:00","dateModified":"2019-05-07T23:23:02+00:00","mainEntityOfPage":{"@id":"https:\/\/super-news.info\/hu\/digitalis-teljesitmeny-es-versenykepesseg-vilaggazdasag\/"},"wordCount":1139,"commentCount":0,"image":{"@id":"https:\/\/super-news.info\/hu\/digitalis-teljesitmeny-es-versenykepesseg-vilaggazdasag\/#primaryimage"},"thumbnailUrl":"https:\/\/super-news.info\/hu\/wp-content\/uploads\/sites\/3\/2019\/05\/Digit\u00e1lis-teljes\u00edtm\u00e9ny-\u00e9s-versenyk\u00e9pess\u00e9g-Vil\u00e1ggazdas\u00e1g.jpg","articleSection":["P\u00c9NZ\u00dcGYI H\u00cdREK"],"inLanguage":"hu","potentialAction":[{"@type":"CommentAction","name":"Comment","target":["https:\/\/super-news.info\/hu\/digitalis-teljesitmeny-es-versenykepesseg-vilaggazdasag\/#respond"]}]},{"@type":"WebPage","@id":"https:\/\/super-news.info\/hu\/digitalis-teljesitmeny-es-versenykepesseg-vilaggazdasag\/","url":"https:\/\/super-news.info\/hu\/digitalis-teljesitmeny-es-versenykepesseg-vilaggazdasag\/","name":"Digit\u00e1lis teljes\u00edtm\u00e9ny \u00e9s versenyk\u00e9pess\u00e9g | Vil\u00e1ggazdas\u00e1g - Super News","isPartOf":{"@id":"https:\/\/super-news.info\/hu\/#website"},"primaryImageOfPage":{"@id":"https:\/\/super-news.info\/hu\/digitalis-teljesitmeny-es-versenykepesseg-vilaggazdasag\/#primaryimage"},"image":{"@id":"https:\/\/super-news.info\/hu\/digitalis-teljesitmeny-es-versenykepesseg-vilaggazdasag\/#primaryimage"},"thumbnailUrl":"https:\/\/super-news.info\/hu\/wp-content\/uploads\/sites\/3\/2019\/05\/Digit\u00e1lis-teljes\u00edtm\u00e9ny-\u00e9s-versenyk\u00e9pess\u00e9g-Vil\u00e1ggazdas\u00e1g.jpg","datePublished":"2019-05-07T23:23:01+00:00","dateModified":"2019-05-07T23:23:02+00:00","author":{"@id":"https:\/\/super-news.info\/hu\/#\/schema\/person\/2d4068cb2f39cd10008c2fce578a7356"},"breadcrumb":{"@id":"https:\/\/super-news.info\/hu\/digitalis-teljesitmeny-es-versenykepesseg-vilaggazdasag\/#breadcrumb"},"inLanguage":"hu","potentialAction":[{"@type":"ReadAction","target":["https:\/\/super-news.info\/hu\/digitalis-teljesitmeny-es-versenykepesseg-vilaggazdasag\/"]}]},{"@type":"ImageObject","inLanguage":"hu","@id":"https:\/\/super-news.info\/hu\/digitalis-teljesitmeny-es-versenykepesseg-vilaggazdasag\/#primaryimage","url":"https:\/\/super-news.info\/hu\/wp-content\/uploads\/sites\/3\/2019\/05\/Digit\u00e1lis-teljes\u00edtm\u00e9ny-\u00e9s-versenyk\u00e9pess\u00e9g-Vil\u00e1ggazdas\u00e1g.jpg","contentUrl":"https:\/\/super-news.info\/hu\/wp-content\/uploads\/sites\/3\/2019\/05\/Digit\u00e1lis-teljes\u00edtm\u00e9ny-\u00e9s-versenyk\u00e9pess\u00e9g-Vil\u00e1ggazdas\u00e1g.jpg","width":1400,"height":935,"caption":"Digit\u00e1lis teljes\u00edtm\u00e9ny \u00e9s versenyk\u00e9pess\u00e9g | Vil\u00e1ggazdas\u00e1g"},{"@type":"BreadcrumbList","@id":"https:\/\/super-news.info\/hu\/digitalis-teljesitmeny-es-versenykepesseg-vilaggazdasag\/#breadcrumb","itemListElement":[{"@type":"ListItem","position":1,"name":"\u0413\u043b\u0430\u0432\u043d\u0430\u044f \u0441\u0442\u0440\u0430\u043d\u0438\u0446\u0430","item":"https:\/\/super-news.info\/hu\/"},{"@type":"ListItem","position":2,"name":"Digit\u00e1lis teljes\u00edtm\u00e9ny \u00e9s versenyk\u00e9pess\u00e9g | Vil\u00e1ggazdas\u00e1g"}]},{"@type":"WebSite","@id":"https:\/\/super-news.info\/hu\/#website","url":"https:\/\/super-news.info\/hu\/","name":"Super News","description":"Super News Magyarorsz\u00e1g","potentialAction":[{"@type":"SearchAction","target":{"@type":"EntryPoint","urlTemplate":"https:\/\/super-news.info\/hu\/?s={search_term_string}"},"query-input":{"@type":"PropertyValueSpecification","valueRequired":true,"valueName":"search_term_string"}}],"inLanguage":"hu"},{"@type":"Person","@id":"https:\/\/super-news.info\/hu\/#\/schema\/person\/2d4068cb2f39cd10008c2fce578a7356","name":"super-news","image":{"@type":"ImageObject","inLanguage":"hu","@id":"https:\/\/secure.gravatar.com\/avatar\/64ebac40b93f26a154f8a9b5b6fdccfc46f442b26b3dd6756dbff3bf9dc76fd7?s=96&d=mm&r=g","url":"https:\/\/secure.gravatar.com\/avatar\/64ebac40b93f26a154f8a9b5b6fdccfc46f442b26b3dd6756dbff3bf9dc76fd7?s=96&d=mm&r=g","contentUrl":"https:\/\/secure.gravatar.com\/avatar\/64ebac40b93f26a154f8a9b5b6fdccfc46f442b26b3dd6756dbff3bf9dc76fd7?s=96&d=mm&r=g","caption":"super-news"},"url":"https:\/\/super-news.info\/hu\/author\/pt\/"}]}},"_links":{"self":[{"href":"https:\/\/super-news.info\/hu\/wp-json\/wp\/v2\/posts\/1509","targetHints":{"allow":["GET"]}}],"collection":[{"href":"https:\/\/super-news.info\/hu\/wp-json\/wp\/v2\/posts"}],"about":[{"href":"https:\/\/super-news.info\/hu\/wp-json\/wp\/v2\/types\/post"}],"author":[{"embeddable":true,"href":"https:\/\/super-news.info\/hu\/wp-json\/wp\/v2\/users\/2"}],"replies":[{"embeddable":true,"href":"https:\/\/super-news.info\/hu\/wp-json\/wp\/v2\/comments?post=1509"}],"version-history":[{"count":1,"href":"https:\/\/super-news.info\/hu\/wp-json\/wp\/v2\/posts\/1509\/revisions"}],"predecessor-version":[{"id":1511,"href":"https:\/\/super-news.info\/hu\/wp-json\/wp\/v2\/posts\/1509\/revisions\/1511"}],"wp:featuredmedia":[{"embeddable":true,"href":"https:\/\/super-news.info\/hu\/wp-json\/wp\/v2\/media\/1510"}],"wp:attachment":[{"href":"https:\/\/super-news.info\/hu\/wp-json\/wp\/v2\/media?parent=1509"}],"wp:term":[{"taxonomy":"category","embeddable":true,"href":"https:\/\/super-news.info\/hu\/wp-json\/wp\/v2\/categories?post=1509"},{"taxonomy":"post_tag","embeddable":true,"href":"https:\/\/super-news.info\/hu\/wp-json\/wp\/v2\/tags?post=1509"}],"curies":[{"name":"wp","href":"https:\/\/api.w.org\/{rel}","templated":true}]}}