{"id":1500,"date":"2019-05-07T23:50:17","date_gmt":"2019-05-07T20:50:17","guid":{"rendered":"https:\/\/super-news.info\/hu\/uj-neven-fut-a-szentkiralyi-cegcsoport\/"},"modified":"2019-05-07T23:50:18","modified_gmt":"2019-05-07T20:50:18","slug":"uj-neven-fut-a-szentkiralyi-cegcsoport","status":"publish","type":"post","link":"https:\/\/super-news.info\/hu\/uj-neven-fut-a-szentkiralyi-cegcsoport\/","title":{"rendered":"\u00daj n\u00e9ven fut a Szentkir\u00e1lyi c\u00e9gcsoport"},"content":{"rendered":"<p> [ad_1]<br \/>\n<\/p>\n<p>\n\t\t\t\t\t\t\t\tA Szentkir\u00e1lyi Magyarorsz\u00e1g v\u00e1llalati m\u00e1rkanevet haszn\u00e1lja a j\u00f6v\u0151ben a Szentkir\u00e1lyi-K\u00e9kk\u00fati \u00c1sv\u00e1nyv\u00edz Kft. \u00e9s a tavaly felv\u00e1s\u00e1rolt Pepsi term\u00e9kek magyarorsz\u00e1gi gy\u00e1rt\u00e1s\u00e1val \u00e9s forgalmaz\u00e1s\u00e1val foglalkoz\u00f3 c\u00e9g integr\u00e1l\u00e1s\u00e1val l\u00e9trej\u00f6tt c\u00e9gcsoport \u2013jelentette be Balogh Levente, a Szenkir\u00e1lyi-K\u00e9kk\u00fati \u00c1sv\u00e1nyv\u00edz Kft. eln\u00f6ke \u00e9s tulajdonosa kedden sajt\u00f3t\u00e1j\u00e9koztat\u00f3n Budapesten.\t\t\t\t\t\t\t<\/p>\n<div>\n<p>Tavaly a cseh Karlovarsk\u00e9 Miner\u00e1lni Vody (KMV) c\u00e9gcsoportot tulajdonl\u00f3 olasz Pasquale csal\u00e1d \u00e9s Balogh Levente, a Szentkir\u00e1lyi \u00c1sv\u00e1nyv\u00edz alap\u00edt\u00f3ja felv\u00e1s\u00e1rolta a PepsiCo magyarorsz\u00e1gi le\u00e1nyv\u00e1llalat\u00e1t.<\/p>\n<p>Balogh Levente elmondta, hogy folyamatban van a k\u00fcl\u00f6nb\u00f6z\u0151 szerz\u0151d\u00e9sek egys\u00e9ges\u00edt\u00e9se, a k\u00e9t c\u00e9g tev\u00e9kenys\u00e9g\u00e9nek integr\u00e1l\u00e1s\u00e1val 600 munkav\u00e1llal\u00f3t foglalkoztat\u00f3, \u00e9vi 50 milli\u00e1rd forint \u00e1rbev\u00e9tel\u0171 c\u00e9gcsoport j\u00f6tt l\u00e9tre, amely Magyarorsz\u00e1g 8. legnagyobb \u00e9lelmiszeripari v\u00e1llalata lett, \u00e9s a magyar nem alkoholos \u00fcd\u00edt\u0151ital-piac 25 sz\u00e1zal\u00e9k\u00e1t fedi le. A v\u00e1llalatcsoporthoz mintegy 300 f\u00e9le term\u00e9k tartozik.<\/p>\n<div id=\"attachment_1125833\" style=\"width: 1410px\" class=\"wp-caption aligncenter\">\n<p class=\"wp-caption-text\">Fot\u00f3: MTI \/ Ujv\u00e1ri S\u00e1ndor<\/p>\n<\/div>\n<p>Alessandro Pasquale, a Szentkir\u00e1lyi-K\u00e9kk\u00fati \u00c1sv\u00e1nyv\u00edz Kft. m\u00e1sik tulajdonosa a sajt\u00f3t\u00e1j\u00e9koztat\u00f3n hangs\u00falyozta, hogy a Szentkir\u00e1lyi Magyarorsz\u00e1g v\u00e1llalati m\u00e1rkan\u00e9v v\u00e1laszt\u00e1s\u00e1val szeretn\u00e9k kifejezni a Szentkir\u00e1lyi n\u00e9v szellemis\u00e9g\u00e9t, \u00f6r\u00f6ks\u00e9g\u00e9t, a magyar piac ir\u00e1nti elk\u00f6telezetts\u00e9get.<\/p>\n<p>Ber\u00e9nyi Attila, a Szentkir\u00e1lyi-K\u00e9kk\u00fati \u00c1sv\u00e1nyv\u00edz Kft. \u00fcgyvezet\u0151je szerint magyar multinacion\u00e1lis c\u00e9gcsoportk\u00e9nt fognak m\u0171k\u00f6dni, ami megmutatkozik majd a szolg\u00e1ltat\u00e1s min\u0151s\u00e9g\u00e9nek jav\u00edt\u00e1s\u00e1n, a hat\u00e9konys\u00e1g n\u00f6vel\u00e9s\u00e9ben. Az id\u00e9n az 50 milli\u00e1rd forint \u00e1rbev\u00e9tel\u0171 c\u00e9gcsoport 11 milli\u00e1rd forint ad\u00f3t fizet be az \u00e1llamnak \u2013 jegyezte meg.<\/p>\n<\/p><\/div>\n<p><script>\n    window.fbAsyncInit = function() {\n        FB.init({\n            appId      : \"204760236815359\",\n            xfbml      : true,\n            version    : \"v2.12\"\n        });\n        FB.AppEvents.logPageView();\n    };<\/p>\n<p>    (function(d, s, id){\n        var js, fjs = d.getElementsByTagName(s)[0];\n        if (d.getElementById(id)) {return;}\n        js = d.createElement(s); js.id = id;\n        js.src = \"http:\/\/connect.facebook.net\/hu_HU\/sdk.js\";\n        fjs.parentNode.insertBefore(js, fjs);\n    }(document, \"script\", \"facebook-jssdk\"));\n<\/script><br \/>\n<br \/>[ad_2]<br \/>\n<br \/><a href=\"https:\/\/www.vg.hu\/vallalatok\/vallalati-hirek\/uj-neven-fut-a-szentkiralyi-cegcsoport-1498000\/\">Source link <\/a><\/p>\n","protected":false},"excerpt":{"rendered":"<p>[ad_1] A Szentkir\u00e1lyi Magyarorsz\u00e1g v\u00e1llalati m\u00e1rkanevet haszn\u00e1lja a j\u00f6v\u0151ben a Szentkir\u00e1lyi-K\u00e9kk\u00fati \u00c1sv\u00e1nyv\u00edz Kft. \u00e9s a tavaly felv\u00e1s\u00e1rolt Pepsi term\u00e9kek magyarorsz\u00e1gi gy\u00e1rt\u00e1s\u00e1val \u00e9s forgalmaz\u00e1s\u00e1val foglalkoz\u00f3 c\u00e9g integr\u00e1l\u00e1s\u00e1val l\u00e9trej\u00f6tt c\u00e9gcsoport \u2013jelentette be Balogh Levente, a Szenkir\u00e1lyi-K\u00e9kk\u00fati \u00c1sv\u00e1nyv\u00edz Kft. eln\u00f6ke \u00e9s tulajdonosa kedden sajt\u00f3t\u00e1j\u00e9koztat\u00f3n Budapesten. Tavaly a cseh Karlovarsk\u00e9 Miner\u00e1lni Vody (KMV) c\u00e9gcsoportot tulajdonl\u00f3 olasz Pasquale csal\u00e1d \u00e9s [&hellip;]<\/p>\n","protected":false},"author":2,"featured_media":1501,"comment_status":"open","ping_status":"open","sticky":false,"template":"","format":"standard","meta":{"footnotes":""},"categories":[1],"tags":[],"class_list":["post-1500","post","type-post","status-publish","format-standard","has-post-thumbnail","hentry","category-penzugyi-hirek"],"yoast_head":"<!-- This site is optimized with the Yoast SEO plugin v27.4 - https:\/\/yoast.com\/product\/yoast-seo-wordpress\/ -->\n<title>\u00daj n\u00e9ven fut a Szentkir\u00e1lyi c\u00e9gcsoport - Super News<\/title>\n<meta name=\"robots\" content=\"index, follow, max-snippet:-1, max-image-preview:large, max-video-preview:-1\" \/>\n<link rel=\"canonical\" href=\"https:\/\/super-news.info\/hu\/uj-neven-fut-a-szentkiralyi-cegcsoport\/\" \/>\n<meta property=\"og:locale\" content=\"hu_HU\" \/>\n<meta property=\"og:type\" content=\"article\" \/>\n<meta property=\"og:title\" content=\"\u00daj n\u00e9ven fut a Szentkir\u00e1lyi c\u00e9gcsoport - Super News\" \/>\n<meta property=\"og:description\" content=\"[ad_1] A Szentkir\u00e1lyi Magyarorsz\u00e1g v\u00e1llalati m\u00e1rkanevet haszn\u00e1lja a j\u00f6v\u0151ben a Szentkir\u00e1lyi-K\u00e9kk\u00fati \u00c1sv\u00e1nyv\u00edz Kft. \u00e9s a tavaly felv\u00e1s\u00e1rolt Pepsi term\u00e9kek magyarorsz\u00e1gi gy\u00e1rt\u00e1s\u00e1val \u00e9s forgalmaz\u00e1s\u00e1val foglalkoz\u00f3 c\u00e9g integr\u00e1l\u00e1s\u00e1val l\u00e9trej\u00f6tt c\u00e9gcsoport \u2013jelentette be Balogh Levente, a Szenkir\u00e1lyi-K\u00e9kk\u00fati \u00c1sv\u00e1nyv\u00edz Kft. eln\u00f6ke \u00e9s tulajdonosa kedden sajt\u00f3t\u00e1j\u00e9koztat\u00f3n Budapesten. Tavaly a cseh Karlovarsk\u00e9 Miner\u00e1lni Vody (KMV) c\u00e9gcsoportot tulajdonl\u00f3 olasz Pasquale csal\u00e1d \u00e9s [&hellip;]\" \/>\n<meta property=\"og:url\" content=\"https:\/\/super-news.info\/hu\/uj-neven-fut-a-szentkiralyi-cegcsoport\/\" \/>\n<meta property=\"og:site_name\" content=\"Super News\" \/>\n<meta property=\"article:published_time\" content=\"2019-05-07T20:50:17+00:00\" \/>\n<meta property=\"article:modified_time\" content=\"2019-05-07T20:50:18+00:00\" \/>\n<meta property=\"og:image\" content=\"https:\/\/super-news.info\/hu\/wp-content\/uploads\/sites\/3\/2019\/05\/\u00daj-n\u00e9ven-fut-a-Szentkir\u00e1lyi-c\u00e9gcsoport.jpg\" \/>\n\t<meta property=\"og:image:width\" content=\"1400\" \/>\n\t<meta property=\"og:image:height\" content=\"932\" \/>\n\t<meta property=\"og:image:type\" content=\"image\/jpeg\" \/>\n<meta name=\"author\" content=\"super-news\" \/>\n<meta name=\"twitter:card\" content=\"summary_large_image\" \/>\n<meta name=\"twitter:label1\" content=\"Szerz\u0151:\" \/>\n\t<meta name=\"twitter:data1\" content=\"super-news\" \/>\n\t<meta name=\"twitter:label2\" content=\"Becs\u00fclt olvas\u00e1si id\u0151\" \/>\n\t<meta name=\"twitter:data2\" content=\"2 perc\" \/>\n<script type=\"application\/ld+json\" class=\"yoast-schema-graph\">{\"@context\":\"https:\\\/\\\/schema.org\",\"@graph\":[{\"@type\":\"Article\",\"@id\":\"https:\\\/\\\/super-news.info\\\/hu\\\/uj-neven-fut-a-szentkiralyi-cegcsoport\\\/#article\",\"isPartOf\":{\"@id\":\"https:\\\/\\\/super-news.info\\\/hu\\\/uj-neven-fut-a-szentkiralyi-cegcsoport\\\/\"},\"author\":{\"name\":\"super-news\",\"@id\":\"https:\\\/\\\/super-news.info\\\/hu\\\/#\\\/schema\\\/person\\\/2d4068cb2f39cd10008c2fce578a7356\"},\"headline\":\"\u00daj n\u00e9ven fut a Szentkir\u00e1lyi c\u00e9gcsoport\",\"datePublished\":\"2019-05-07T20:50:17+00:00\",\"dateModified\":\"2019-05-07T20:50:18+00:00\",\"mainEntityOfPage\":{\"@id\":\"https:\\\/\\\/super-news.info\\\/hu\\\/uj-neven-fut-a-szentkiralyi-cegcsoport\\\/\"},\"wordCount\":344,\"commentCount\":0,\"image\":{\"@id\":\"https:\\\/\\\/super-news.info\\\/hu\\\/uj-neven-fut-a-szentkiralyi-cegcsoport\\\/#primaryimage\"},\"thumbnailUrl\":\"https:\\\/\\\/super-news.info\\\/hu\\\/wp-content\\\/uploads\\\/sites\\\/3\\\/2019\\\/05\\\/\u00daj-n\u00e9ven-fut-a-Szentkir\u00e1lyi-c\u00e9gcsoport.jpg\",\"articleSection\":[\"P\u00c9NZ\u00dcGYI H\u00cdREK\"],\"inLanguage\":\"hu\",\"potentialAction\":[{\"@type\":\"CommentAction\",\"name\":\"Comment\",\"target\":[\"https:\\\/\\\/super-news.info\\\/hu\\\/uj-neven-fut-a-szentkiralyi-cegcsoport\\\/#respond\"]}]},{\"@type\":\"WebPage\",\"@id\":\"https:\\\/\\\/super-news.info\\\/hu\\\/uj-neven-fut-a-szentkiralyi-cegcsoport\\\/\",\"url\":\"https:\\\/\\\/super-news.info\\\/hu\\\/uj-neven-fut-a-szentkiralyi-cegcsoport\\\/\",\"name\":\"\u00daj n\u00e9ven fut a Szentkir\u00e1lyi c\u00e9gcsoport - Super News\",\"isPartOf\":{\"@id\":\"https:\\\/\\\/super-news.info\\\/hu\\\/#website\"},\"primaryImageOfPage\":{\"@id\":\"https:\\\/\\\/super-news.info\\\/hu\\\/uj-neven-fut-a-szentkiralyi-cegcsoport\\\/#primaryimage\"},\"image\":{\"@id\":\"https:\\\/\\\/super-news.info\\\/hu\\\/uj-neven-fut-a-szentkiralyi-cegcsoport\\\/#primaryimage\"},\"thumbnailUrl\":\"https:\\\/\\\/super-news.info\\\/hu\\\/wp-content\\\/uploads\\\/sites\\\/3\\\/2019\\\/05\\\/\u00daj-n\u00e9ven-fut-a-Szentkir\u00e1lyi-c\u00e9gcsoport.jpg\",\"datePublished\":\"2019-05-07T20:50:17+00:00\",\"dateModified\":\"2019-05-07T20:50:18+00:00\",\"author\":{\"@id\":\"https:\\\/\\\/super-news.info\\\/hu\\\/#\\\/schema\\\/person\\\/2d4068cb2f39cd10008c2fce578a7356\"},\"breadcrumb\":{\"@id\":\"https:\\\/\\\/super-news.info\\\/hu\\\/uj-neven-fut-a-szentkiralyi-cegcsoport\\\/#breadcrumb\"},\"inLanguage\":\"hu\",\"potentialAction\":[{\"@type\":\"ReadAction\",\"target\":[\"https:\\\/\\\/super-news.info\\\/hu\\\/uj-neven-fut-a-szentkiralyi-cegcsoport\\\/\"]}]},{\"@type\":\"ImageObject\",\"inLanguage\":\"hu\",\"@id\":\"https:\\\/\\\/super-news.info\\\/hu\\\/uj-neven-fut-a-szentkiralyi-cegcsoport\\\/#primaryimage\",\"url\":\"https:\\\/\\\/super-news.info\\\/hu\\\/wp-content\\\/uploads\\\/sites\\\/3\\\/2019\\\/05\\\/\u00daj-n\u00e9ven-fut-a-Szentkir\u00e1lyi-c\u00e9gcsoport.jpg\",\"contentUrl\":\"https:\\\/\\\/super-news.info\\\/hu\\\/wp-content\\\/uploads\\\/sites\\\/3\\\/2019\\\/05\\\/\u00daj-n\u00e9ven-fut-a-Szentkir\u00e1lyi-c\u00e9gcsoport.jpg\",\"width\":1400,\"height\":932,\"caption\":\"\u00daj n\u00e9ven fut a Szentkir\u00e1lyi c\u00e9gcsoport\"},{\"@type\":\"BreadcrumbList\",\"@id\":\"https:\\\/\\\/super-news.info\\\/hu\\\/uj-neven-fut-a-szentkiralyi-cegcsoport\\\/#breadcrumb\",\"itemListElement\":[{\"@type\":\"ListItem\",\"position\":1,\"name\":\"\u0413\u043b\u0430\u0432\u043d\u0430\u044f \u0441\u0442\u0440\u0430\u043d\u0438\u0446\u0430\",\"item\":\"https:\\\/\\\/super-news.info\\\/hu\\\/\"},{\"@type\":\"ListItem\",\"position\":2,\"name\":\"\u00daj n\u00e9ven fut a Szentkir\u00e1lyi c\u00e9gcsoport\"}]},{\"@type\":\"WebSite\",\"@id\":\"https:\\\/\\\/super-news.info\\\/hu\\\/#website\",\"url\":\"https:\\\/\\\/super-news.info\\\/hu\\\/\",\"name\":\"Super News\",\"description\":\"Super News Magyarorsz\u00e1g\",\"potentialAction\":[{\"@type\":\"SearchAction\",\"target\":{\"@type\":\"EntryPoint\",\"urlTemplate\":\"https:\\\/\\\/super-news.info\\\/hu\\\/?s={search_term_string}\"},\"query-input\":{\"@type\":\"PropertyValueSpecification\",\"valueRequired\":true,\"valueName\":\"search_term_string\"}}],\"inLanguage\":\"hu\"},{\"@type\":\"Person\",\"@id\":\"https:\\\/\\\/super-news.info\\\/hu\\\/#\\\/schema\\\/person\\\/2d4068cb2f39cd10008c2fce578a7356\",\"name\":\"super-news\",\"image\":{\"@type\":\"ImageObject\",\"inLanguage\":\"hu\",\"@id\":\"https:\\\/\\\/secure.gravatar.com\\\/avatar\\\/64ebac40b93f26a154f8a9b5b6fdccfc46f442b26b3dd6756dbff3bf9dc76fd7?s=96&d=mm&r=g\",\"url\":\"https:\\\/\\\/secure.gravatar.com\\\/avatar\\\/64ebac40b93f26a154f8a9b5b6fdccfc46f442b26b3dd6756dbff3bf9dc76fd7?s=96&d=mm&r=g\",\"contentUrl\":\"https:\\\/\\\/secure.gravatar.com\\\/avatar\\\/64ebac40b93f26a154f8a9b5b6fdccfc46f442b26b3dd6756dbff3bf9dc76fd7?s=96&d=mm&r=g\",\"caption\":\"super-news\"},\"url\":\"https:\\\/\\\/super-news.info\\\/hu\\\/author\\\/pt\\\/\"}]}<\/script>\n<!-- \/ Yoast SEO plugin. -->","yoast_head_json":{"title":"\u00daj n\u00e9ven fut a Szentkir\u00e1lyi c\u00e9gcsoport - Super News","robots":{"index":"index","follow":"follow","max-snippet":"max-snippet:-1","max-image-preview":"max-image-preview:large","max-video-preview":"max-video-preview:-1"},"canonical":"https:\/\/super-news.info\/hu\/uj-neven-fut-a-szentkiralyi-cegcsoport\/","og_locale":"hu_HU","og_type":"article","og_title":"\u00daj n\u00e9ven fut a Szentkir\u00e1lyi c\u00e9gcsoport - Super News","og_description":"[ad_1] A Szentkir\u00e1lyi Magyarorsz\u00e1g v\u00e1llalati m\u00e1rkanevet haszn\u00e1lja a j\u00f6v\u0151ben a Szentkir\u00e1lyi-K\u00e9kk\u00fati \u00c1sv\u00e1nyv\u00edz Kft. \u00e9s a tavaly felv\u00e1s\u00e1rolt Pepsi term\u00e9kek magyarorsz\u00e1gi gy\u00e1rt\u00e1s\u00e1val \u00e9s forgalmaz\u00e1s\u00e1val foglalkoz\u00f3 c\u00e9g integr\u00e1l\u00e1s\u00e1val l\u00e9trej\u00f6tt c\u00e9gcsoport \u2013jelentette be Balogh Levente, a Szenkir\u00e1lyi-K\u00e9kk\u00fati \u00c1sv\u00e1nyv\u00edz Kft. eln\u00f6ke \u00e9s tulajdonosa kedden sajt\u00f3t\u00e1j\u00e9koztat\u00f3n Budapesten. Tavaly a cseh Karlovarsk\u00e9 Miner\u00e1lni Vody (KMV) c\u00e9gcsoportot tulajdonl\u00f3 olasz Pasquale csal\u00e1d \u00e9s [&hellip;]","og_url":"https:\/\/super-news.info\/hu\/uj-neven-fut-a-szentkiralyi-cegcsoport\/","og_site_name":"Super News","article_published_time":"2019-05-07T20:50:17+00:00","article_modified_time":"2019-05-07T20:50:18+00:00","og_image":[{"width":1400,"height":932,"url":"https:\/\/super-news.info\/hu\/wp-content\/uploads\/sites\/3\/2019\/05\/\u00daj-n\u00e9ven-fut-a-Szentkir\u00e1lyi-c\u00e9gcsoport.jpg","type":"image\/jpeg"}],"author":"super-news","twitter_card":"summary_large_image","twitter_misc":{"Szerz\u0151:":"super-news","Becs\u00fclt olvas\u00e1si id\u0151":"2 perc"},"schema":{"@context":"https:\/\/schema.org","@graph":[{"@type":"Article","@id":"https:\/\/super-news.info\/hu\/uj-neven-fut-a-szentkiralyi-cegcsoport\/#article","isPartOf":{"@id":"https:\/\/super-news.info\/hu\/uj-neven-fut-a-szentkiralyi-cegcsoport\/"},"author":{"name":"super-news","@id":"https:\/\/super-news.info\/hu\/#\/schema\/person\/2d4068cb2f39cd10008c2fce578a7356"},"headline":"\u00daj n\u00e9ven fut a Szentkir\u00e1lyi c\u00e9gcsoport","datePublished":"2019-05-07T20:50:17+00:00","dateModified":"2019-05-07T20:50:18+00:00","mainEntityOfPage":{"@id":"https:\/\/super-news.info\/hu\/uj-neven-fut-a-szentkiralyi-cegcsoport\/"},"wordCount":344,"commentCount":0,"image":{"@id":"https:\/\/super-news.info\/hu\/uj-neven-fut-a-szentkiralyi-cegcsoport\/#primaryimage"},"thumbnailUrl":"https:\/\/super-news.info\/hu\/wp-content\/uploads\/sites\/3\/2019\/05\/\u00daj-n\u00e9ven-fut-a-Szentkir\u00e1lyi-c\u00e9gcsoport.jpg","articleSection":["P\u00c9NZ\u00dcGYI H\u00cdREK"],"inLanguage":"hu","potentialAction":[{"@type":"CommentAction","name":"Comment","target":["https:\/\/super-news.info\/hu\/uj-neven-fut-a-szentkiralyi-cegcsoport\/#respond"]}]},{"@type":"WebPage","@id":"https:\/\/super-news.info\/hu\/uj-neven-fut-a-szentkiralyi-cegcsoport\/","url":"https:\/\/super-news.info\/hu\/uj-neven-fut-a-szentkiralyi-cegcsoport\/","name":"\u00daj n\u00e9ven fut a Szentkir\u00e1lyi c\u00e9gcsoport - Super News","isPartOf":{"@id":"https:\/\/super-news.info\/hu\/#website"},"primaryImageOfPage":{"@id":"https:\/\/super-news.info\/hu\/uj-neven-fut-a-szentkiralyi-cegcsoport\/#primaryimage"},"image":{"@id":"https:\/\/super-news.info\/hu\/uj-neven-fut-a-szentkiralyi-cegcsoport\/#primaryimage"},"thumbnailUrl":"https:\/\/super-news.info\/hu\/wp-content\/uploads\/sites\/3\/2019\/05\/\u00daj-n\u00e9ven-fut-a-Szentkir\u00e1lyi-c\u00e9gcsoport.jpg","datePublished":"2019-05-07T20:50:17+00:00","dateModified":"2019-05-07T20:50:18+00:00","author":{"@id":"https:\/\/super-news.info\/hu\/#\/schema\/person\/2d4068cb2f39cd10008c2fce578a7356"},"breadcrumb":{"@id":"https:\/\/super-news.info\/hu\/uj-neven-fut-a-szentkiralyi-cegcsoport\/#breadcrumb"},"inLanguage":"hu","potentialAction":[{"@type":"ReadAction","target":["https:\/\/super-news.info\/hu\/uj-neven-fut-a-szentkiralyi-cegcsoport\/"]}]},{"@type":"ImageObject","inLanguage":"hu","@id":"https:\/\/super-news.info\/hu\/uj-neven-fut-a-szentkiralyi-cegcsoport\/#primaryimage","url":"https:\/\/super-news.info\/hu\/wp-content\/uploads\/sites\/3\/2019\/05\/\u00daj-n\u00e9ven-fut-a-Szentkir\u00e1lyi-c\u00e9gcsoport.jpg","contentUrl":"https:\/\/super-news.info\/hu\/wp-content\/uploads\/sites\/3\/2019\/05\/\u00daj-n\u00e9ven-fut-a-Szentkir\u00e1lyi-c\u00e9gcsoport.jpg","width":1400,"height":932,"caption":"\u00daj n\u00e9ven fut a Szentkir\u00e1lyi c\u00e9gcsoport"},{"@type":"BreadcrumbList","@id":"https:\/\/super-news.info\/hu\/uj-neven-fut-a-szentkiralyi-cegcsoport\/#breadcrumb","itemListElement":[{"@type":"ListItem","position":1,"name":"\u0413\u043b\u0430\u0432\u043d\u0430\u044f \u0441\u0442\u0440\u0430\u043d\u0438\u0446\u0430","item":"https:\/\/super-news.info\/hu\/"},{"@type":"ListItem","position":2,"name":"\u00daj n\u00e9ven fut a Szentkir\u00e1lyi c\u00e9gcsoport"}]},{"@type":"WebSite","@id":"https:\/\/super-news.info\/hu\/#website","url":"https:\/\/super-news.info\/hu\/","name":"Super News","description":"Super News Magyarorsz\u00e1g","potentialAction":[{"@type":"SearchAction","target":{"@type":"EntryPoint","urlTemplate":"https:\/\/super-news.info\/hu\/?s={search_term_string}"},"query-input":{"@type":"PropertyValueSpecification","valueRequired":true,"valueName":"search_term_string"}}],"inLanguage":"hu"},{"@type":"Person","@id":"https:\/\/super-news.info\/hu\/#\/schema\/person\/2d4068cb2f39cd10008c2fce578a7356","name":"super-news","image":{"@type":"ImageObject","inLanguage":"hu","@id":"https:\/\/secure.gravatar.com\/avatar\/64ebac40b93f26a154f8a9b5b6fdccfc46f442b26b3dd6756dbff3bf9dc76fd7?s=96&d=mm&r=g","url":"https:\/\/secure.gravatar.com\/avatar\/64ebac40b93f26a154f8a9b5b6fdccfc46f442b26b3dd6756dbff3bf9dc76fd7?s=96&d=mm&r=g","contentUrl":"https:\/\/secure.gravatar.com\/avatar\/64ebac40b93f26a154f8a9b5b6fdccfc46f442b26b3dd6756dbff3bf9dc76fd7?s=96&d=mm&r=g","caption":"super-news"},"url":"https:\/\/super-news.info\/hu\/author\/pt\/"}]}},"_links":{"self":[{"href":"https:\/\/super-news.info\/hu\/wp-json\/wp\/v2\/posts\/1500","targetHints":{"allow":["GET"]}}],"collection":[{"href":"https:\/\/super-news.info\/hu\/wp-json\/wp\/v2\/posts"}],"about":[{"href":"https:\/\/super-news.info\/hu\/wp-json\/wp\/v2\/types\/post"}],"author":[{"embeddable":true,"href":"https:\/\/super-news.info\/hu\/wp-json\/wp\/v2\/users\/2"}],"replies":[{"embeddable":true,"href":"https:\/\/super-news.info\/hu\/wp-json\/wp\/v2\/comments?post=1500"}],"version-history":[{"count":1,"href":"https:\/\/super-news.info\/hu\/wp-json\/wp\/v2\/posts\/1500\/revisions"}],"predecessor-version":[{"id":1502,"href":"https:\/\/super-news.info\/hu\/wp-json\/wp\/v2\/posts\/1500\/revisions\/1502"}],"wp:featuredmedia":[{"embeddable":true,"href":"https:\/\/super-news.info\/hu\/wp-json\/wp\/v2\/media\/1501"}],"wp:attachment":[{"href":"https:\/\/super-news.info\/hu\/wp-json\/wp\/v2\/media?parent=1500"}],"wp:term":[{"taxonomy":"category","embeddable":true,"href":"https:\/\/super-news.info\/hu\/wp-json\/wp\/v2\/categories?post=1500"},{"taxonomy":"post_tag","embeddable":true,"href":"https:\/\/super-news.info\/hu\/wp-json\/wp\/v2\/tags?post=1500"}],"curies":[{"name":"wp","href":"https:\/\/api.w.org\/{rel}","templated":true}]}}