{"id":1497,"date":"2019-05-07T22:27:45","date_gmt":"2019-05-07T19:27:45","guid":{"rendered":"https:\/\/super-news.info\/hu\/hiaba-a-kiszallitasi-rekord-csokkent-a-bmw-eredmenye\/"},"modified":"2019-05-07T22:27:47","modified_gmt":"2019-05-07T19:27:47","slug":"hiaba-a-kiszallitasi-rekord-csokkent-a-bmw-eredmenye","status":"publish","type":"post","link":"https:\/\/super-news.info\/hu\/hiaba-a-kiszallitasi-rekord-csokkent-a-bmw-eredmenye\/","title":{"rendered":"Hi\u00e1ba a kisz\u00e1ll\u00edt\u00e1si rekord, cs\u00f6kkent a BMW eredm\u00e9nye"},"content":{"rendered":"<p> [ad_1]<br \/>\n<\/p>\n<p>\n\t\t\t\t\t\t\t\tSorban a kilencedik els\u0151 negyed\u00e9vi kisz\u00e1ll\u00edt\u00e1si rekord mellett is jelent\u0151s eredm\u00e9nycs\u00f6kken\u00e9st k\u00f6nyvelt el az els\u0151 negyed\u00e9vben a BMW AG szem\u00e9lyg\u00e9pkocsi \u00fczlet\u00e1ga a v\u00e1rhat\u00f3 uni\u00f3s kartellb\u00edrs\u00e1gra elk\u00fcl\u00f6n\u00edtett milli\u00e1rdos \u00f6sszeg miatt.\t\t\t\t\t\t\t<\/p>\n<div>\n<p>A konszern honlapj\u00e1n kedden publik\u00e1lt m\u00e9rlegbesz\u00e1mol\u00f3 alapj\u00e1n<\/p>\n<p>a BMW AG az els\u0151 negyed\u00e9vben 605 333 BMW, MINI \u00e9s Rolls-Royce m\u00e1rk\u00e1j\u00fa szem\u00e9lyg\u00e9pkocsit sz\u00e1ll\u00edtott ki megrendel\u0151inek, 0,1 sz\u00e1zal\u00e9kkal t\u00f6bbet a 2018 els\u0151 negyed\u00e9vi 604 629 aut\u00f3n\u00e1l, mik\u00f6zben a vil\u00e1gpiaci szem\u00e9lyg\u00e9pkocsi forgalom az els\u0151 negyed\u00e9vben 5,2 sz\u00e1zal\u00e9kkal cs\u00f6kkent.<\/p>\n<p>A csoport BMW m\u00e1rk\u00e1b\u00f3l 0,4 sz\u00e1zal\u00e9kkal t\u00f6bbet, 519 ezret sz\u00e1ll\u00edtott ki 517 ezer ut\u00e1n, a MINI m\u00e1rk\u00e1b\u00f3l 1,8 sz\u00e1zal\u00e9kkal kevesebbet, 84 ezret 86 ezer ut\u00e1n, a Rolls-Royce m\u00e1rk\u00e1b\u00f3l pedig 49,4 sz\u00e1zal\u00e9kkal t\u00f6bbet, 1206-ot 807 ut\u00e1n. A MINI elad\u00e1sai cs\u00f6kkentek ugyan, de az idei els\u0151 negyed\u00e9ve m\u00e9g ezzel egy\u00fctt is a m\u00e1rka t\u00f6rt\u00e9net\u00e9nek m\u00e1sodik legjobb els\u0151 negyed\u00e9ve lett.<\/p>\n<p>Az idei volt a BMW AG csoport sorban a kilencedik els\u0151 negyed\u00e9vi elad\u00e1si rekordja. A kisz\u00e1ll\u00edt\u00e1sok 0,1 sz\u00e1zal\u00e9kos n\u00f6veked\u00e9se mellett a gy\u00e1rtott darabsz\u00e1m az els\u0151 negyed\u00e9vben 1,3 sz\u00e1zal\u00e9kkal 672 ezerre n\u00f6vekedett 663 ezerr\u0151l.<\/p>\n<p>A 3,1 sz\u00e1zal\u00e9kkal zsugorod\u00f3 eur\u00f3pai aut\u00f3piacon a BMW 0,1 sz\u00e1zal\u00e9kkal n\u00f6velte elad\u00e1sait, ezen bel\u00fcl N\u00e9metorsz\u00e1gban 6,3 sz\u00e1zal\u00e9kkal, Nagy-Britanni\u00e1ban 1,8 sz\u00e1zal\u00e9kkal. A n\u00e9met aut\u00f3piac \u00f6sszess\u00e9g\u00e9ben mind\u00f6ssze 0,2 sz\u00e1zal\u00e9kkal b\u0151v\u00fclt az els\u0151 negyed\u00e9vben, a nagy-britanniai pedig 2,4 sz\u00e1zal\u00e9kkal zsugorodott. Az els\u0151 negyed\u00e9vben 10,1 sz\u00e1zal\u00e9kkal zsugorod\u00f3 k\u00ednai piacon pedig a BMW 10,2 sz\u00e1zal\u00e9kkal n\u00f6velte elad\u00e1sait.<\/p>\n<p>A BMW AG 22,462 milli\u00e1rd eur\u00f3 \u00e9rt\u00e9kes\u00edt\u00e9si \u00e1rbev\u00e9telt \u00e9rt el az idei els\u0151 negyed\u00e9vben, 0,9 sz\u00e1zal\u00e9kkal kisebbet a 2018 els\u0151 negyed\u00e9vi 22,665 milli\u00e1rd eur\u00f3n\u00e1l. Ezen bel\u00fcl a szem\u00e9lyg\u00e9pkocsi \u00fczlet\u00e1g forgalma 0,6 sz\u00e1zal\u00e9kkal 19,213 milli\u00e1rd eur\u00f3ra cs\u00f6kkent 19,326 milli\u00e1rd eur\u00f3r\u00f3l.<\/p>\n<div id=\"attachment_1382455\" style=\"width: 1410px\" class=\"wp-caption alignnone\">\n<p class=\"wp-caption-text\">Fot\u00f3: AFP<\/p>\n<\/div>\n<p>A BMW AG csoport ad\u00f3 el\u0151tti nyeres\u00e9ge 75,7 sz\u00e1zal\u00e9kkal 762 milli\u00f3 eur\u00f3ra cs\u00f6kkent 3,139 milli\u00e1rd eur\u00f3r\u00f3l, ezen bel\u00fcl a szem\u00e9lyg\u00e9pkocsi \u00fczlet\u00e1g idei els\u0151 negyed\u00e9vi ad\u00f3z\u00e1s el\u0151tti nyeres\u00e9ge 27 milli\u00f3 eur\u00f3 vesztes\u00e9gbe fordult az egy \u00e9vvel kor\u00e1bbi 2,281 milli\u00e1rd eur\u00f3 nyeres\u00e9gb\u0151l.<\/p>\n<p>A csoport els\u0151 negyed\u00e9vi nett\u00f3 nyeres\u00e9ge 74,2 sz\u00e1zal\u00e9kkal 588 milli\u00f3 eur\u00f3ra cs\u00f6kkent a 2018. els\u0151 negyed\u00e9vi 2,282 milli\u00e1rd eur\u00f3r\u00f3l. A szem\u00e9lyg\u00e9pkocsi \u00fczlet\u00e1g nett\u00f3 nyeres\u00e9ge az ad\u00f3 el\u0151ttivel szemben m\u00e1r nem lett negat\u00edv, 24 milli\u00f3 eur\u00f3ra cs\u00f6kkent 1,636 milli\u00e1rd eur\u00f3r\u00f3l.<\/p>\n<p>A BMW csoport 1,4 milli\u00e1rd eur\u00f3t k\u00fcl\u00f6n\u00edtett el els\u0151 negyed\u00e9ves eredm\u00e9nye terh\u00e9re a n\u00e9met aut\u00f3gy\u00e1rak k\u00f6z\u00f6tt az emisszi\u00f3s \u00e9rt\u00e9kek m\u00e9r\u00e9s\u00e9ben l\u00e9trej\u00f6tt \u00e1ll\u00edt\u00f3lagos meg\u00e1llapod\u00e1s miatt az Eur\u00f3pai Bizotts\u00e1gn\u00e1l indult kartellvizsg\u00e1latot esetleg k\u00f6vet\u0151 b\u00edrs\u00e1g fedezetek\u00e9nt. Emiatt \u00e9ves terv\u00e9ben is 4,5-6,5 sz\u00e1zal\u00e9kos bev\u00e9telar\u00e1nyos j\u00f6vedelmez\u0151s\u00e9gre sz\u00e1m\u00edt szem\u00e9lyg\u00e9pkocsi \u00fczlet\u00e1g\u00e1ban a 2018-as 7,2 sz\u00e1zal\u00e9k ut\u00e1n.<\/p>\n<p>A BMW csoport elad\u00e1sainak \u201ekism\u00e9rt\u00e9k\u0171\u201d n\u00f6veked\u00e9s\u00e9t v\u00e1rja az id\u00e9n a 2018-as 2,490 milli\u00f3 kisz\u00e1ll\u00edtott szem\u00e9lyg\u00e9pkocsi ut\u00e1n. Ad\u00f3 el\u0151tti eredm\u00e9nye a tavalyi 9,627 milli\u00e1rd eur\u00f3 ut\u00e1n az id\u00e9n 9,815 milli\u00e1rd eur\u00f3ra emelkedik, a konszernn\u00e9l foglalkoztatottak sz\u00e1ma pedig a tavalyi 135 ezres szinten stagn\u00e1l majd.<\/p>\n<\/p><\/div>\n<p><script>\n    window.fbAsyncInit = function() {\n        FB.init({\n            appId      : \"204760236815359\",\n            xfbml      : true,\n            version    : \"v2.12\"\n        });\n        FB.AppEvents.logPageView();\n    };<\/p>\n<p>    (function(d, s, id){\n        var js, fjs = d.getElementsByTagName(s)[0];\n        if (d.getElementById(id)) {return;}\n        js = d.createElement(s); js.id = id;\n        js.src = \"http:\/\/connect.facebook.net\/hu_HU\/sdk.js\";\n        fjs.parentNode.insertBefore(js, fjs);\n    }(document, \"script\", \"facebook-jssdk\"));\n<\/script><br \/>\n<br \/>[ad_2]<br \/>\n<br \/><a href=\"https:\/\/www.vg.hu\/penzugy\/penzugyi-hirek\/hiaba-a-kiszallitasi-rekord-csokkent-a-bmw-eredmenye-1497385\/\">Source link <\/a><\/p>\n","protected":false},"excerpt":{"rendered":"<p>[ad_1] Sorban a kilencedik els\u0151 negyed\u00e9vi kisz\u00e1ll\u00edt\u00e1si rekord mellett is jelent\u0151s eredm\u00e9nycs\u00f6kken\u00e9st k\u00f6nyvelt el az els\u0151 negyed\u00e9vben a BMW AG szem\u00e9lyg\u00e9pkocsi \u00fczlet\u00e1ga a v\u00e1rhat\u00f3 uni\u00f3s kartellb\u00edrs\u00e1gra elk\u00fcl\u00f6n\u00edtett milli\u00e1rdos \u00f6sszeg miatt. A konszern honlapj\u00e1n kedden publik\u00e1lt m\u00e9rlegbesz\u00e1mol\u00f3 alapj\u00e1n a BMW AG az els\u0151 negyed\u00e9vben 605 333 BMW, MINI \u00e9s Rolls-Royce m\u00e1rk\u00e1j\u00fa szem\u00e9lyg\u00e9pkocsit sz\u00e1ll\u00edtott ki megrendel\u0151inek, 0,1 [&hellip;]<\/p>\n","protected":false},"author":2,"featured_media":1498,"comment_status":"open","ping_status":"open","sticky":false,"template":"","format":"standard","meta":{"footnotes":""},"categories":[1],"tags":[],"class_list":["post-1497","post","type-post","status-publish","format-standard","has-post-thumbnail","hentry","category-penzugyi-hirek"],"yoast_head":"<!-- This site is optimized with the Yoast SEO plugin v27.4 - https:\/\/yoast.com\/product\/yoast-seo-wordpress\/ -->\n<title>Hi\u00e1ba a kisz\u00e1ll\u00edt\u00e1si rekord, cs\u00f6kkent a BMW eredm\u00e9nye - Super News<\/title>\n<meta name=\"robots\" content=\"index, follow, max-snippet:-1, max-image-preview:large, max-video-preview:-1\" \/>\n<link rel=\"canonical\" href=\"https:\/\/super-news.info\/hu\/hiaba-a-kiszallitasi-rekord-csokkent-a-bmw-eredmenye\/\" \/>\n<meta property=\"og:locale\" content=\"hu_HU\" \/>\n<meta property=\"og:type\" content=\"article\" \/>\n<meta property=\"og:title\" content=\"Hi\u00e1ba a kisz\u00e1ll\u00edt\u00e1si rekord, cs\u00f6kkent a BMW eredm\u00e9nye - Super News\" \/>\n<meta property=\"og:description\" content=\"[ad_1] Sorban a kilencedik els\u0151 negyed\u00e9vi kisz\u00e1ll\u00edt\u00e1si rekord mellett is jelent\u0151s eredm\u00e9nycs\u00f6kken\u00e9st k\u00f6nyvelt el az els\u0151 negyed\u00e9vben a BMW AG szem\u00e9lyg\u00e9pkocsi \u00fczlet\u00e1ga a v\u00e1rhat\u00f3 uni\u00f3s kartellb\u00edrs\u00e1gra elk\u00fcl\u00f6n\u00edtett milli\u00e1rdos \u00f6sszeg miatt. A konszern honlapj\u00e1n kedden publik\u00e1lt m\u00e9rlegbesz\u00e1mol\u00f3 alapj\u00e1n a BMW AG az els\u0151 negyed\u00e9vben 605 333 BMW, MINI \u00e9s Rolls-Royce m\u00e1rk\u00e1j\u00fa szem\u00e9lyg\u00e9pkocsit sz\u00e1ll\u00edtott ki megrendel\u0151inek, 0,1 [&hellip;]\" \/>\n<meta property=\"og:url\" content=\"https:\/\/super-news.info\/hu\/hiaba-a-kiszallitasi-rekord-csokkent-a-bmw-eredmenye\/\" \/>\n<meta property=\"og:site_name\" content=\"Super News\" \/>\n<meta property=\"article:published_time\" content=\"2019-05-07T19:27:45+00:00\" \/>\n<meta property=\"article:modified_time\" content=\"2019-05-07T19:27:47+00:00\" \/>\n<meta property=\"og:image\" content=\"https:\/\/super-news.info\/hu\/wp-content\/uploads\/sites\/3\/2019\/05\/Hi\u00e1ba-a-kisz\u00e1ll\u00edt\u00e1si-rekord-cs\u00f6kkent-a-BMW-eredm\u00e9nye.jpg\" \/>\n\t<meta property=\"og:image:width\" content=\"1400\" \/>\n\t<meta property=\"og:image:height\" content=\"933\" \/>\n\t<meta property=\"og:image:type\" content=\"image\/jpeg\" \/>\n<meta name=\"author\" content=\"super-news\" \/>\n<meta name=\"twitter:card\" content=\"summary_large_image\" \/>\n<meta name=\"twitter:label1\" content=\"Szerz\u0151:\" \/>\n\t<meta name=\"twitter:data1\" content=\"super-news\" \/>\n\t<meta name=\"twitter:label2\" content=\"Becs\u00fclt olvas\u00e1si id\u0151\" \/>\n\t<meta name=\"twitter:data2\" content=\"3 perc\" \/>\n<script type=\"application\/ld+json\" class=\"yoast-schema-graph\">{\"@context\":\"https:\\\/\\\/schema.org\",\"@graph\":[{\"@type\":\"Article\",\"@id\":\"https:\\\/\\\/super-news.info\\\/hu\\\/hiaba-a-kiszallitasi-rekord-csokkent-a-bmw-eredmenye\\\/#article\",\"isPartOf\":{\"@id\":\"https:\\\/\\\/super-news.info\\\/hu\\\/hiaba-a-kiszallitasi-rekord-csokkent-a-bmw-eredmenye\\\/\"},\"author\":{\"name\":\"super-news\",\"@id\":\"https:\\\/\\\/super-news.info\\\/hu\\\/#\\\/schema\\\/person\\\/2d4068cb2f39cd10008c2fce578a7356\"},\"headline\":\"Hi\u00e1ba a kisz\u00e1ll\u00edt\u00e1si rekord, cs\u00f6kkent a BMW eredm\u00e9nye\",\"datePublished\":\"2019-05-07T19:27:45+00:00\",\"dateModified\":\"2019-05-07T19:27:47+00:00\",\"mainEntityOfPage\":{\"@id\":\"https:\\\/\\\/super-news.info\\\/hu\\\/hiaba-a-kiszallitasi-rekord-csokkent-a-bmw-eredmenye\\\/\"},\"wordCount\":669,\"commentCount\":0,\"image\":{\"@id\":\"https:\\\/\\\/super-news.info\\\/hu\\\/hiaba-a-kiszallitasi-rekord-csokkent-a-bmw-eredmenye\\\/#primaryimage\"},\"thumbnailUrl\":\"https:\\\/\\\/super-news.info\\\/hu\\\/wp-content\\\/uploads\\\/sites\\\/3\\\/2019\\\/05\\\/Hi\u00e1ba-a-kisz\u00e1ll\u00edt\u00e1si-rekord-cs\u00f6kkent-a-BMW-eredm\u00e9nye.jpg\",\"articleSection\":[\"P\u00c9NZ\u00dcGYI H\u00cdREK\"],\"inLanguage\":\"hu\",\"potentialAction\":[{\"@type\":\"CommentAction\",\"name\":\"Comment\",\"target\":[\"https:\\\/\\\/super-news.info\\\/hu\\\/hiaba-a-kiszallitasi-rekord-csokkent-a-bmw-eredmenye\\\/#respond\"]}]},{\"@type\":\"WebPage\",\"@id\":\"https:\\\/\\\/super-news.info\\\/hu\\\/hiaba-a-kiszallitasi-rekord-csokkent-a-bmw-eredmenye\\\/\",\"url\":\"https:\\\/\\\/super-news.info\\\/hu\\\/hiaba-a-kiszallitasi-rekord-csokkent-a-bmw-eredmenye\\\/\",\"name\":\"Hi\u00e1ba a kisz\u00e1ll\u00edt\u00e1si rekord, cs\u00f6kkent a BMW eredm\u00e9nye - Super News\",\"isPartOf\":{\"@id\":\"https:\\\/\\\/super-news.info\\\/hu\\\/#website\"},\"primaryImageOfPage\":{\"@id\":\"https:\\\/\\\/super-news.info\\\/hu\\\/hiaba-a-kiszallitasi-rekord-csokkent-a-bmw-eredmenye\\\/#primaryimage\"},\"image\":{\"@id\":\"https:\\\/\\\/super-news.info\\\/hu\\\/hiaba-a-kiszallitasi-rekord-csokkent-a-bmw-eredmenye\\\/#primaryimage\"},\"thumbnailUrl\":\"https:\\\/\\\/super-news.info\\\/hu\\\/wp-content\\\/uploads\\\/sites\\\/3\\\/2019\\\/05\\\/Hi\u00e1ba-a-kisz\u00e1ll\u00edt\u00e1si-rekord-cs\u00f6kkent-a-BMW-eredm\u00e9nye.jpg\",\"datePublished\":\"2019-05-07T19:27:45+00:00\",\"dateModified\":\"2019-05-07T19:27:47+00:00\",\"author\":{\"@id\":\"https:\\\/\\\/super-news.info\\\/hu\\\/#\\\/schema\\\/person\\\/2d4068cb2f39cd10008c2fce578a7356\"},\"breadcrumb\":{\"@id\":\"https:\\\/\\\/super-news.info\\\/hu\\\/hiaba-a-kiszallitasi-rekord-csokkent-a-bmw-eredmenye\\\/#breadcrumb\"},\"inLanguage\":\"hu\",\"potentialAction\":[{\"@type\":\"ReadAction\",\"target\":[\"https:\\\/\\\/super-news.info\\\/hu\\\/hiaba-a-kiszallitasi-rekord-csokkent-a-bmw-eredmenye\\\/\"]}]},{\"@type\":\"ImageObject\",\"inLanguage\":\"hu\",\"@id\":\"https:\\\/\\\/super-news.info\\\/hu\\\/hiaba-a-kiszallitasi-rekord-csokkent-a-bmw-eredmenye\\\/#primaryimage\",\"url\":\"https:\\\/\\\/super-news.info\\\/hu\\\/wp-content\\\/uploads\\\/sites\\\/3\\\/2019\\\/05\\\/Hi\u00e1ba-a-kisz\u00e1ll\u00edt\u00e1si-rekord-cs\u00f6kkent-a-BMW-eredm\u00e9nye.jpg\",\"contentUrl\":\"https:\\\/\\\/super-news.info\\\/hu\\\/wp-content\\\/uploads\\\/sites\\\/3\\\/2019\\\/05\\\/Hi\u00e1ba-a-kisz\u00e1ll\u00edt\u00e1si-rekord-cs\u00f6kkent-a-BMW-eredm\u00e9nye.jpg\",\"width\":1400,\"height\":933,\"caption\":\"Hi\u00e1ba a kisz\u00e1ll\u00edt\u00e1si rekord, cs\u00f6kkent a BMW eredm\u00e9nye\"},{\"@type\":\"BreadcrumbList\",\"@id\":\"https:\\\/\\\/super-news.info\\\/hu\\\/hiaba-a-kiszallitasi-rekord-csokkent-a-bmw-eredmenye\\\/#breadcrumb\",\"itemListElement\":[{\"@type\":\"ListItem\",\"position\":1,\"name\":\"\u0413\u043b\u0430\u0432\u043d\u0430\u044f \u0441\u0442\u0440\u0430\u043d\u0438\u0446\u0430\",\"item\":\"https:\\\/\\\/super-news.info\\\/hu\\\/\"},{\"@type\":\"ListItem\",\"position\":2,\"name\":\"Hi\u00e1ba a kisz\u00e1ll\u00edt\u00e1si rekord, cs\u00f6kkent a BMW eredm\u00e9nye\"}]},{\"@type\":\"WebSite\",\"@id\":\"https:\\\/\\\/super-news.info\\\/hu\\\/#website\",\"url\":\"https:\\\/\\\/super-news.info\\\/hu\\\/\",\"name\":\"Super News\",\"description\":\"Super News Magyarorsz\u00e1g\",\"potentialAction\":[{\"@type\":\"SearchAction\",\"target\":{\"@type\":\"EntryPoint\",\"urlTemplate\":\"https:\\\/\\\/super-news.info\\\/hu\\\/?s={search_term_string}\"},\"query-input\":{\"@type\":\"PropertyValueSpecification\",\"valueRequired\":true,\"valueName\":\"search_term_string\"}}],\"inLanguage\":\"hu\"},{\"@type\":\"Person\",\"@id\":\"https:\\\/\\\/super-news.info\\\/hu\\\/#\\\/schema\\\/person\\\/2d4068cb2f39cd10008c2fce578a7356\",\"name\":\"super-news\",\"image\":{\"@type\":\"ImageObject\",\"inLanguage\":\"hu\",\"@id\":\"https:\\\/\\\/secure.gravatar.com\\\/avatar\\\/64ebac40b93f26a154f8a9b5b6fdccfc46f442b26b3dd6756dbff3bf9dc76fd7?s=96&d=mm&r=g\",\"url\":\"https:\\\/\\\/secure.gravatar.com\\\/avatar\\\/64ebac40b93f26a154f8a9b5b6fdccfc46f442b26b3dd6756dbff3bf9dc76fd7?s=96&d=mm&r=g\",\"contentUrl\":\"https:\\\/\\\/secure.gravatar.com\\\/avatar\\\/64ebac40b93f26a154f8a9b5b6fdccfc46f442b26b3dd6756dbff3bf9dc76fd7?s=96&d=mm&r=g\",\"caption\":\"super-news\"},\"url\":\"https:\\\/\\\/super-news.info\\\/hu\\\/author\\\/pt\\\/\"}]}<\/script>\n<!-- \/ Yoast SEO plugin. -->","yoast_head_json":{"title":"Hi\u00e1ba a kisz\u00e1ll\u00edt\u00e1si rekord, cs\u00f6kkent a BMW eredm\u00e9nye - Super News","robots":{"index":"index","follow":"follow","max-snippet":"max-snippet:-1","max-image-preview":"max-image-preview:large","max-video-preview":"max-video-preview:-1"},"canonical":"https:\/\/super-news.info\/hu\/hiaba-a-kiszallitasi-rekord-csokkent-a-bmw-eredmenye\/","og_locale":"hu_HU","og_type":"article","og_title":"Hi\u00e1ba a kisz\u00e1ll\u00edt\u00e1si rekord, cs\u00f6kkent a BMW eredm\u00e9nye - Super News","og_description":"[ad_1] Sorban a kilencedik els\u0151 negyed\u00e9vi kisz\u00e1ll\u00edt\u00e1si rekord mellett is jelent\u0151s eredm\u00e9nycs\u00f6kken\u00e9st k\u00f6nyvelt el az els\u0151 negyed\u00e9vben a BMW AG szem\u00e9lyg\u00e9pkocsi \u00fczlet\u00e1ga a v\u00e1rhat\u00f3 uni\u00f3s kartellb\u00edrs\u00e1gra elk\u00fcl\u00f6n\u00edtett milli\u00e1rdos \u00f6sszeg miatt. A konszern honlapj\u00e1n kedden publik\u00e1lt m\u00e9rlegbesz\u00e1mol\u00f3 alapj\u00e1n a BMW AG az els\u0151 negyed\u00e9vben 605 333 BMW, MINI \u00e9s Rolls-Royce m\u00e1rk\u00e1j\u00fa szem\u00e9lyg\u00e9pkocsit sz\u00e1ll\u00edtott ki megrendel\u0151inek, 0,1 [&hellip;]","og_url":"https:\/\/super-news.info\/hu\/hiaba-a-kiszallitasi-rekord-csokkent-a-bmw-eredmenye\/","og_site_name":"Super News","article_published_time":"2019-05-07T19:27:45+00:00","article_modified_time":"2019-05-07T19:27:47+00:00","og_image":[{"width":1400,"height":933,"url":"https:\/\/super-news.info\/hu\/wp-content\/uploads\/sites\/3\/2019\/05\/Hi\u00e1ba-a-kisz\u00e1ll\u00edt\u00e1si-rekord-cs\u00f6kkent-a-BMW-eredm\u00e9nye.jpg","type":"image\/jpeg"}],"author":"super-news","twitter_card":"summary_large_image","twitter_misc":{"Szerz\u0151:":"super-news","Becs\u00fclt olvas\u00e1si id\u0151":"3 perc"},"schema":{"@context":"https:\/\/schema.org","@graph":[{"@type":"Article","@id":"https:\/\/super-news.info\/hu\/hiaba-a-kiszallitasi-rekord-csokkent-a-bmw-eredmenye\/#article","isPartOf":{"@id":"https:\/\/super-news.info\/hu\/hiaba-a-kiszallitasi-rekord-csokkent-a-bmw-eredmenye\/"},"author":{"name":"super-news","@id":"https:\/\/super-news.info\/hu\/#\/schema\/person\/2d4068cb2f39cd10008c2fce578a7356"},"headline":"Hi\u00e1ba a kisz\u00e1ll\u00edt\u00e1si rekord, cs\u00f6kkent a BMW eredm\u00e9nye","datePublished":"2019-05-07T19:27:45+00:00","dateModified":"2019-05-07T19:27:47+00:00","mainEntityOfPage":{"@id":"https:\/\/super-news.info\/hu\/hiaba-a-kiszallitasi-rekord-csokkent-a-bmw-eredmenye\/"},"wordCount":669,"commentCount":0,"image":{"@id":"https:\/\/super-news.info\/hu\/hiaba-a-kiszallitasi-rekord-csokkent-a-bmw-eredmenye\/#primaryimage"},"thumbnailUrl":"https:\/\/super-news.info\/hu\/wp-content\/uploads\/sites\/3\/2019\/05\/Hi\u00e1ba-a-kisz\u00e1ll\u00edt\u00e1si-rekord-cs\u00f6kkent-a-BMW-eredm\u00e9nye.jpg","articleSection":["P\u00c9NZ\u00dcGYI H\u00cdREK"],"inLanguage":"hu","potentialAction":[{"@type":"CommentAction","name":"Comment","target":["https:\/\/super-news.info\/hu\/hiaba-a-kiszallitasi-rekord-csokkent-a-bmw-eredmenye\/#respond"]}]},{"@type":"WebPage","@id":"https:\/\/super-news.info\/hu\/hiaba-a-kiszallitasi-rekord-csokkent-a-bmw-eredmenye\/","url":"https:\/\/super-news.info\/hu\/hiaba-a-kiszallitasi-rekord-csokkent-a-bmw-eredmenye\/","name":"Hi\u00e1ba a kisz\u00e1ll\u00edt\u00e1si rekord, cs\u00f6kkent a BMW eredm\u00e9nye - Super News","isPartOf":{"@id":"https:\/\/super-news.info\/hu\/#website"},"primaryImageOfPage":{"@id":"https:\/\/super-news.info\/hu\/hiaba-a-kiszallitasi-rekord-csokkent-a-bmw-eredmenye\/#primaryimage"},"image":{"@id":"https:\/\/super-news.info\/hu\/hiaba-a-kiszallitasi-rekord-csokkent-a-bmw-eredmenye\/#primaryimage"},"thumbnailUrl":"https:\/\/super-news.info\/hu\/wp-content\/uploads\/sites\/3\/2019\/05\/Hi\u00e1ba-a-kisz\u00e1ll\u00edt\u00e1si-rekord-cs\u00f6kkent-a-BMW-eredm\u00e9nye.jpg","datePublished":"2019-05-07T19:27:45+00:00","dateModified":"2019-05-07T19:27:47+00:00","author":{"@id":"https:\/\/super-news.info\/hu\/#\/schema\/person\/2d4068cb2f39cd10008c2fce578a7356"},"breadcrumb":{"@id":"https:\/\/super-news.info\/hu\/hiaba-a-kiszallitasi-rekord-csokkent-a-bmw-eredmenye\/#breadcrumb"},"inLanguage":"hu","potentialAction":[{"@type":"ReadAction","target":["https:\/\/super-news.info\/hu\/hiaba-a-kiszallitasi-rekord-csokkent-a-bmw-eredmenye\/"]}]},{"@type":"ImageObject","inLanguage":"hu","@id":"https:\/\/super-news.info\/hu\/hiaba-a-kiszallitasi-rekord-csokkent-a-bmw-eredmenye\/#primaryimage","url":"https:\/\/super-news.info\/hu\/wp-content\/uploads\/sites\/3\/2019\/05\/Hi\u00e1ba-a-kisz\u00e1ll\u00edt\u00e1si-rekord-cs\u00f6kkent-a-BMW-eredm\u00e9nye.jpg","contentUrl":"https:\/\/super-news.info\/hu\/wp-content\/uploads\/sites\/3\/2019\/05\/Hi\u00e1ba-a-kisz\u00e1ll\u00edt\u00e1si-rekord-cs\u00f6kkent-a-BMW-eredm\u00e9nye.jpg","width":1400,"height":933,"caption":"Hi\u00e1ba a kisz\u00e1ll\u00edt\u00e1si rekord, cs\u00f6kkent a BMW eredm\u00e9nye"},{"@type":"BreadcrumbList","@id":"https:\/\/super-news.info\/hu\/hiaba-a-kiszallitasi-rekord-csokkent-a-bmw-eredmenye\/#breadcrumb","itemListElement":[{"@type":"ListItem","position":1,"name":"\u0413\u043b\u0430\u0432\u043d\u0430\u044f \u0441\u0442\u0440\u0430\u043d\u0438\u0446\u0430","item":"https:\/\/super-news.info\/hu\/"},{"@type":"ListItem","position":2,"name":"Hi\u00e1ba a kisz\u00e1ll\u00edt\u00e1si rekord, cs\u00f6kkent a BMW eredm\u00e9nye"}]},{"@type":"WebSite","@id":"https:\/\/super-news.info\/hu\/#website","url":"https:\/\/super-news.info\/hu\/","name":"Super News","description":"Super News Magyarorsz\u00e1g","potentialAction":[{"@type":"SearchAction","target":{"@type":"EntryPoint","urlTemplate":"https:\/\/super-news.info\/hu\/?s={search_term_string}"},"query-input":{"@type":"PropertyValueSpecification","valueRequired":true,"valueName":"search_term_string"}}],"inLanguage":"hu"},{"@type":"Person","@id":"https:\/\/super-news.info\/hu\/#\/schema\/person\/2d4068cb2f39cd10008c2fce578a7356","name":"super-news","image":{"@type":"ImageObject","inLanguage":"hu","@id":"https:\/\/secure.gravatar.com\/avatar\/64ebac40b93f26a154f8a9b5b6fdccfc46f442b26b3dd6756dbff3bf9dc76fd7?s=96&d=mm&r=g","url":"https:\/\/secure.gravatar.com\/avatar\/64ebac40b93f26a154f8a9b5b6fdccfc46f442b26b3dd6756dbff3bf9dc76fd7?s=96&d=mm&r=g","contentUrl":"https:\/\/secure.gravatar.com\/avatar\/64ebac40b93f26a154f8a9b5b6fdccfc46f442b26b3dd6756dbff3bf9dc76fd7?s=96&d=mm&r=g","caption":"super-news"},"url":"https:\/\/super-news.info\/hu\/author\/pt\/"}]}},"_links":{"self":[{"href":"https:\/\/super-news.info\/hu\/wp-json\/wp\/v2\/posts\/1497","targetHints":{"allow":["GET"]}}],"collection":[{"href":"https:\/\/super-news.info\/hu\/wp-json\/wp\/v2\/posts"}],"about":[{"href":"https:\/\/super-news.info\/hu\/wp-json\/wp\/v2\/types\/post"}],"author":[{"embeddable":true,"href":"https:\/\/super-news.info\/hu\/wp-json\/wp\/v2\/users\/2"}],"replies":[{"embeddable":true,"href":"https:\/\/super-news.info\/hu\/wp-json\/wp\/v2\/comments?post=1497"}],"version-history":[{"count":1,"href":"https:\/\/super-news.info\/hu\/wp-json\/wp\/v2\/posts\/1497\/revisions"}],"predecessor-version":[{"id":1499,"href":"https:\/\/super-news.info\/hu\/wp-json\/wp\/v2\/posts\/1497\/revisions\/1499"}],"wp:featuredmedia":[{"embeddable":true,"href":"https:\/\/super-news.info\/hu\/wp-json\/wp\/v2\/media\/1498"}],"wp:attachment":[{"href":"https:\/\/super-news.info\/hu\/wp-json\/wp\/v2\/media?parent=1497"}],"wp:term":[{"taxonomy":"category","embeddable":true,"href":"https:\/\/super-news.info\/hu\/wp-json\/wp\/v2\/categories?post=1497"},{"taxonomy":"post_tag","embeddable":true,"href":"https:\/\/super-news.info\/hu\/wp-json\/wp\/v2\/tags?post=1497"}],"curies":[{"name":"wp","href":"https:\/\/api.w.org\/{rel}","templated":true}]}}