{"id":1492,"date":"2019-05-07T19:44:32","date_gmt":"2019-05-07T16:44:32","guid":{"rendered":"https:\/\/super-news.info\/hu\/elviccelte-az-hbo-a-tronok-harca-kinos-bakijat\/"},"modified":"2020-02-21T15:31:31","modified_gmt":"2020-02-21T12:31:31","slug":"elviccelte-az-hbo-a-tronok-harca-kinos-bakijat","status":"publish","type":"post","link":"https:\/\/super-news.info\/hu\/elviccelte-az-hbo-a-tronok-harca-kinos-bakijat\/","title":{"rendered":"Elviccelte az HBO a Tr\u00f3nok harca k\u00ednos bakij\u00e1t"},"content":{"rendered":"<p>M\u0171anyagtet\u0151s k\u00e1v\u00e9spoh\u00e1r ker\u00fclt a d\u00edszlet k\u00f6z\u00e9.<\/p>\n<p>Tr\u00e9f\u00e1lkozva reag\u00e1lt az HBO csatorna \u00e9s sikersorozata, a Tr\u00f3nok harca egyik vezet\u0151 producere is a sz\u00e9ria leg\u00fajabb, vas\u00e1rnap sug\u00e1rzott r\u00e9sz\u00e9ben felbukkant eldobhat\u00f3 k\u00e1v\u00e9spoh\u00e1rra.<\/p>\n<p>A m\u0171anyagtet\u0151s pap\u00edrpoh\u00e1r, amelyet a sorozat sasszem\u0171 rajong\u00f3i vettek \u00e9szre, egy Deresben rendezett lakoma alkalm\u00e1val l\u00e1that\u00f3 Havas Jon \u00e9s Daenerys Targaryen asztal\u00e1n a sorozat utols\u00f3 \u00e9vad\u00e1nak negyedik epiz\u00f3dj\u00e1ban.<\/p>\n<p>Fot\u00f3: AFP<\/p>\n<\/div>\n<p>Az HBO csatorna a bakira reag\u00e1lva k\u00f6z\u00f6lte, hogy \u201ea jelenetben l\u00e1that\u00f3 tejesk\u00e1v\u00e9 val\u00f3ban hiba volt. Daenerys ugyanis gy\u00f3gyte\u00e1t rendelt\u201d.<\/p>\n<blockquote><p>my favorite show in the entire world forgot a STARBUCKS COFFEE CUP ON THE TABLE WHILE FILMING pic.twitter.com\/60z3pOCfg9<\/p>\n<p>\u2014 zane (@zane) May 6, 2019<\/p><\/blockquote>\n<p>A n\u00e9pszer\u0171 sorozat egyik vezet\u0151 producere, Bernie Caulfield bocs\u00e1natot k\u00e9rt a rajong\u00f3kt\u00f3l. \u201eNem tudom elhinni\u201d \u2013 mondta Caulfield a New York-i WNYC r\u00e1di\u00f3nak adott h\u00e9tf\u0151i interj\u00faj\u00e1ban, hozz\u00e1t\u00e9ve, hogy a sorozat d\u00edszletei\u00e9rt \u00e9s kell\u00e9kei\u00e9rt felel\u0151s csapat mindig \u201e1000 sz\u00e1zal\u00e9kos\u201d teljes\u00edtm\u00e9nyt ny\u00fajt.<\/p>\n<p>Az Emmy-d\u00edjas sz\u00e9ria befejez\u0151 epiz\u00f3dja m\u00e1jus 19-\u00e9n ker\u00fcl ad\u00e1sba.<\/p>\n<p><a href=\"https:\/\/www.vg.hu\/kozelet\/kultura\/elviccelte-az-hbo-a-tronok-harca-kinos-bakijat-1496992\/\">Source link <\/a><\/p>\n","protected":false},"excerpt":{"rendered":"<p>M\u0171anyagtet\u0151s k\u00e1v\u00e9spoh\u00e1r ker\u00fclt a d\u00edszlet k\u00f6z\u00e9. Tr\u00e9f\u00e1lkozva reag\u00e1lt az HBO csatorna \u00e9s sikersorozata, a Tr\u00f3nok harca egyik vezet\u0151 producere is a sz\u00e9ria leg\u00fajabb, vas\u00e1rnap sug\u00e1rzott r\u00e9sz\u00e9ben felbukkant eldobhat\u00f3 k\u00e1v\u00e9spoh\u00e1rra. A m\u0171anyagtet\u0151s pap\u00edrpoh\u00e1r, amelyet a sorozat sasszem\u0171 rajong\u00f3i vettek \u00e9szre, egy Deresben rendezett lakoma alkalm\u00e1val l\u00e1that\u00f3 Havas Jon \u00e9s Daenerys Targaryen asztal\u00e1n a sorozat utols\u00f3 \u00e9vad\u00e1nak [&hellip;]<\/p>\n","protected":false},"author":2,"featured_media":258,"comment_status":"open","ping_status":"open","sticky":false,"template":"","format":"standard","meta":{"footnotes":""},"categories":[1],"tags":[],"class_list":["post-1492","post","type-post","status-publish","format-standard","has-post-thumbnail","hentry","category-penzugyi-hirek"],"yoast_head":"<!-- This site is optimized with the Yoast SEO plugin v27.4 - https:\/\/yoast.com\/product\/yoast-seo-wordpress\/ -->\n<title>Elviccelte az HBO a Tr\u00f3nok harca k\u00ednos bakij\u00e1t - Super News<\/title>\n<meta name=\"robots\" content=\"index, follow, max-snippet:-1, max-image-preview:large, max-video-preview:-1\" \/>\n<link rel=\"canonical\" href=\"https:\/\/super-news.info\/hu\/elviccelte-az-hbo-a-tronok-harca-kinos-bakijat\/\" \/>\n<meta property=\"og:locale\" content=\"hu_HU\" \/>\n<meta property=\"og:type\" content=\"article\" \/>\n<meta property=\"og:title\" content=\"Elviccelte az HBO a Tr\u00f3nok harca k\u00ednos bakij\u00e1t - Super News\" \/>\n<meta property=\"og:description\" content=\"M\u0171anyagtet\u0151s k\u00e1v\u00e9spoh\u00e1r ker\u00fclt a d\u00edszlet k\u00f6z\u00e9. Tr\u00e9f\u00e1lkozva reag\u00e1lt az HBO csatorna \u00e9s sikersorozata, a Tr\u00f3nok harca egyik vezet\u0151 producere is a sz\u00e9ria leg\u00fajabb, vas\u00e1rnap sug\u00e1rzott r\u00e9sz\u00e9ben felbukkant eldobhat\u00f3 k\u00e1v\u00e9spoh\u00e1rra. A m\u0171anyagtet\u0151s pap\u00edrpoh\u00e1r, amelyet a sorozat sasszem\u0171 rajong\u00f3i vettek \u00e9szre, egy Deresben rendezett lakoma alkalm\u00e1val l\u00e1that\u00f3 Havas Jon \u00e9s Daenerys Targaryen asztal\u00e1n a sorozat utols\u00f3 \u00e9vad\u00e1nak [&hellip;]\" \/>\n<meta property=\"og:url\" content=\"https:\/\/super-news.info\/hu\/elviccelte-az-hbo-a-tronok-harca-kinos-bakijat\/\" \/>\n<meta property=\"og:site_name\" content=\"Super News\" \/>\n<meta property=\"article:published_time\" content=\"2019-05-07T16:44:32+00:00\" \/>\n<meta property=\"article:modified_time\" content=\"2020-02-21T12:31:31+00:00\" \/>\n<meta property=\"og:image\" content=\"https:\/\/super-news.info\/hu\/wp-content\/uploads\/sites\/3\/2019\/04\/Amerik\u00e1ban-minden-rekordot-megd\u00f6nt\u00f6tt-a-Tr\u00f3nok-Harca.jpg\" \/>\n\t<meta property=\"og:image:width\" content=\"1400\" \/>\n\t<meta property=\"og:image:height\" content=\"932\" \/>\n\t<meta property=\"og:image:type\" content=\"image\/jpeg\" \/>\n<meta name=\"author\" content=\"super-news\" \/>\n<meta name=\"twitter:card\" content=\"summary_large_image\" \/>\n<meta name=\"twitter:label1\" content=\"Szerz\u0151:\" \/>\n\t<meta name=\"twitter:data1\" content=\"super-news\" \/>\n\t<meta name=\"twitter:label2\" content=\"Becs\u00fclt olvas\u00e1si id\u0151\" \/>\n\t<meta name=\"twitter:data2\" content=\"1 perc\" \/>\n<script type=\"application\/ld+json\" class=\"yoast-schema-graph\">{\"@context\":\"https:\\\/\\\/schema.org\",\"@graph\":[{\"@type\":\"Article\",\"@id\":\"https:\\\/\\\/super-news.info\\\/hu\\\/elviccelte-az-hbo-a-tronok-harca-kinos-bakijat\\\/#article\",\"isPartOf\":{\"@id\":\"https:\\\/\\\/super-news.info\\\/hu\\\/elviccelte-az-hbo-a-tronok-harca-kinos-bakijat\\\/\"},\"author\":{\"name\":\"super-news\",\"@id\":\"https:\\\/\\\/super-news.info\\\/hu\\\/#\\\/schema\\\/person\\\/2d4068cb2f39cd10008c2fce578a7356\"},\"headline\":\"Elviccelte az HBO a Tr\u00f3nok harca k\u00ednos bakij\u00e1t\",\"datePublished\":\"2019-05-07T16:44:32+00:00\",\"dateModified\":\"2020-02-21T12:31:31+00:00\",\"mainEntityOfPage\":{\"@id\":\"https:\\\/\\\/super-news.info\\\/hu\\\/elviccelte-az-hbo-a-tronok-harca-kinos-bakijat\\\/\"},\"wordCount\":233,\"commentCount\":0,\"image\":{\"@id\":\"https:\\\/\\\/super-news.info\\\/hu\\\/elviccelte-az-hbo-a-tronok-harca-kinos-bakijat\\\/#primaryimage\"},\"thumbnailUrl\":\"https:\\\/\\\/super-news.info\\\/hu\\\/wp-content\\\/uploads\\\/sites\\\/3\\\/2019\\\/04\\\/Amerik\u00e1ban-minden-rekordot-megd\u00f6nt\u00f6tt-a-Tr\u00f3nok-Harca.jpg\",\"articleSection\":[\"P\u00c9NZ\u00dcGYI H\u00cdREK\"],\"inLanguage\":\"hu\",\"potentialAction\":[{\"@type\":\"CommentAction\",\"name\":\"Comment\",\"target\":[\"https:\\\/\\\/super-news.info\\\/hu\\\/elviccelte-az-hbo-a-tronok-harca-kinos-bakijat\\\/#respond\"]}]},{\"@type\":\"WebPage\",\"@id\":\"https:\\\/\\\/super-news.info\\\/hu\\\/elviccelte-az-hbo-a-tronok-harca-kinos-bakijat\\\/\",\"url\":\"https:\\\/\\\/super-news.info\\\/hu\\\/elviccelte-az-hbo-a-tronok-harca-kinos-bakijat\\\/\",\"name\":\"Elviccelte az HBO a Tr\u00f3nok harca k\u00ednos bakij\u00e1t - Super News\",\"isPartOf\":{\"@id\":\"https:\\\/\\\/super-news.info\\\/hu\\\/#website\"},\"primaryImageOfPage\":{\"@id\":\"https:\\\/\\\/super-news.info\\\/hu\\\/elviccelte-az-hbo-a-tronok-harca-kinos-bakijat\\\/#primaryimage\"},\"image\":{\"@id\":\"https:\\\/\\\/super-news.info\\\/hu\\\/elviccelte-az-hbo-a-tronok-harca-kinos-bakijat\\\/#primaryimage\"},\"thumbnailUrl\":\"https:\\\/\\\/super-news.info\\\/hu\\\/wp-content\\\/uploads\\\/sites\\\/3\\\/2019\\\/04\\\/Amerik\u00e1ban-minden-rekordot-megd\u00f6nt\u00f6tt-a-Tr\u00f3nok-Harca.jpg\",\"datePublished\":\"2019-05-07T16:44:32+00:00\",\"dateModified\":\"2020-02-21T12:31:31+00:00\",\"author\":{\"@id\":\"https:\\\/\\\/super-news.info\\\/hu\\\/#\\\/schema\\\/person\\\/2d4068cb2f39cd10008c2fce578a7356\"},\"breadcrumb\":{\"@id\":\"https:\\\/\\\/super-news.info\\\/hu\\\/elviccelte-az-hbo-a-tronok-harca-kinos-bakijat\\\/#breadcrumb\"},\"inLanguage\":\"hu\",\"potentialAction\":[{\"@type\":\"ReadAction\",\"target\":[\"https:\\\/\\\/super-news.info\\\/hu\\\/elviccelte-az-hbo-a-tronok-harca-kinos-bakijat\\\/\"]}]},{\"@type\":\"ImageObject\",\"inLanguage\":\"hu\",\"@id\":\"https:\\\/\\\/super-news.info\\\/hu\\\/elviccelte-az-hbo-a-tronok-harca-kinos-bakijat\\\/#primaryimage\",\"url\":\"https:\\\/\\\/super-news.info\\\/hu\\\/wp-content\\\/uploads\\\/sites\\\/3\\\/2019\\\/04\\\/Amerik\u00e1ban-minden-rekordot-megd\u00f6nt\u00f6tt-a-Tr\u00f3nok-Harca.jpg\",\"contentUrl\":\"https:\\\/\\\/super-news.info\\\/hu\\\/wp-content\\\/uploads\\\/sites\\\/3\\\/2019\\\/04\\\/Amerik\u00e1ban-minden-rekordot-megd\u00f6nt\u00f6tt-a-Tr\u00f3nok-Harca.jpg\",\"width\":1400,\"height\":932,\"caption\":\"Amerik\u00e1ban minden rekordot megd\u00f6nt\u00f6tt a Tr\u00f3nok Harca\"},{\"@type\":\"BreadcrumbList\",\"@id\":\"https:\\\/\\\/super-news.info\\\/hu\\\/elviccelte-az-hbo-a-tronok-harca-kinos-bakijat\\\/#breadcrumb\",\"itemListElement\":[{\"@type\":\"ListItem\",\"position\":1,\"name\":\"\u0413\u043b\u0430\u0432\u043d\u0430\u044f \u0441\u0442\u0440\u0430\u043d\u0438\u0446\u0430\",\"item\":\"https:\\\/\\\/super-news.info\\\/hu\\\/\"},{\"@type\":\"ListItem\",\"position\":2,\"name\":\"Elviccelte az HBO a Tr\u00f3nok harca k\u00ednos bakij\u00e1t\"}]},{\"@type\":\"WebSite\",\"@id\":\"https:\\\/\\\/super-news.info\\\/hu\\\/#website\",\"url\":\"https:\\\/\\\/super-news.info\\\/hu\\\/\",\"name\":\"Super News\",\"description\":\"Super News Magyarorsz\u00e1g\",\"potentialAction\":[{\"@type\":\"SearchAction\",\"target\":{\"@type\":\"EntryPoint\",\"urlTemplate\":\"https:\\\/\\\/super-news.info\\\/hu\\\/?s={search_term_string}\"},\"query-input\":{\"@type\":\"PropertyValueSpecification\",\"valueRequired\":true,\"valueName\":\"search_term_string\"}}],\"inLanguage\":\"hu\"},{\"@type\":\"Person\",\"@id\":\"https:\\\/\\\/super-news.info\\\/hu\\\/#\\\/schema\\\/person\\\/2d4068cb2f39cd10008c2fce578a7356\",\"name\":\"super-news\",\"image\":{\"@type\":\"ImageObject\",\"inLanguage\":\"hu\",\"@id\":\"https:\\\/\\\/secure.gravatar.com\\\/avatar\\\/64ebac40b93f26a154f8a9b5b6fdccfc46f442b26b3dd6756dbff3bf9dc76fd7?s=96&d=mm&r=g\",\"url\":\"https:\\\/\\\/secure.gravatar.com\\\/avatar\\\/64ebac40b93f26a154f8a9b5b6fdccfc46f442b26b3dd6756dbff3bf9dc76fd7?s=96&d=mm&r=g\",\"contentUrl\":\"https:\\\/\\\/secure.gravatar.com\\\/avatar\\\/64ebac40b93f26a154f8a9b5b6fdccfc46f442b26b3dd6756dbff3bf9dc76fd7?s=96&d=mm&r=g\",\"caption\":\"super-news\"},\"url\":\"https:\\\/\\\/super-news.info\\\/hu\\\/author\\\/pt\\\/\"}]}<\/script>\n<!-- \/ Yoast SEO plugin. -->","yoast_head_json":{"title":"Elviccelte az HBO a Tr\u00f3nok harca k\u00ednos bakij\u00e1t - Super News","robots":{"index":"index","follow":"follow","max-snippet":"max-snippet:-1","max-image-preview":"max-image-preview:large","max-video-preview":"max-video-preview:-1"},"canonical":"https:\/\/super-news.info\/hu\/elviccelte-az-hbo-a-tronok-harca-kinos-bakijat\/","og_locale":"hu_HU","og_type":"article","og_title":"Elviccelte az HBO a Tr\u00f3nok harca k\u00ednos bakij\u00e1t - Super News","og_description":"M\u0171anyagtet\u0151s k\u00e1v\u00e9spoh\u00e1r ker\u00fclt a d\u00edszlet k\u00f6z\u00e9. Tr\u00e9f\u00e1lkozva reag\u00e1lt az HBO csatorna \u00e9s sikersorozata, a Tr\u00f3nok harca egyik vezet\u0151 producere is a sz\u00e9ria leg\u00fajabb, vas\u00e1rnap sug\u00e1rzott r\u00e9sz\u00e9ben felbukkant eldobhat\u00f3 k\u00e1v\u00e9spoh\u00e1rra. A m\u0171anyagtet\u0151s pap\u00edrpoh\u00e1r, amelyet a sorozat sasszem\u0171 rajong\u00f3i vettek \u00e9szre, egy Deresben rendezett lakoma alkalm\u00e1val l\u00e1that\u00f3 Havas Jon \u00e9s Daenerys Targaryen asztal\u00e1n a sorozat utols\u00f3 \u00e9vad\u00e1nak [&hellip;]","og_url":"https:\/\/super-news.info\/hu\/elviccelte-az-hbo-a-tronok-harca-kinos-bakijat\/","og_site_name":"Super News","article_published_time":"2019-05-07T16:44:32+00:00","article_modified_time":"2020-02-21T12:31:31+00:00","og_image":[{"width":1400,"height":932,"url":"https:\/\/super-news.info\/hu\/wp-content\/uploads\/sites\/3\/2019\/04\/Amerik\u00e1ban-minden-rekordot-megd\u00f6nt\u00f6tt-a-Tr\u00f3nok-Harca.jpg","type":"image\/jpeg"}],"author":"super-news","twitter_card":"summary_large_image","twitter_misc":{"Szerz\u0151:":"super-news","Becs\u00fclt olvas\u00e1si id\u0151":"1 perc"},"schema":{"@context":"https:\/\/schema.org","@graph":[{"@type":"Article","@id":"https:\/\/super-news.info\/hu\/elviccelte-az-hbo-a-tronok-harca-kinos-bakijat\/#article","isPartOf":{"@id":"https:\/\/super-news.info\/hu\/elviccelte-az-hbo-a-tronok-harca-kinos-bakijat\/"},"author":{"name":"super-news","@id":"https:\/\/super-news.info\/hu\/#\/schema\/person\/2d4068cb2f39cd10008c2fce578a7356"},"headline":"Elviccelte az HBO a Tr\u00f3nok harca k\u00ednos bakij\u00e1t","datePublished":"2019-05-07T16:44:32+00:00","dateModified":"2020-02-21T12:31:31+00:00","mainEntityOfPage":{"@id":"https:\/\/super-news.info\/hu\/elviccelte-az-hbo-a-tronok-harca-kinos-bakijat\/"},"wordCount":233,"commentCount":0,"image":{"@id":"https:\/\/super-news.info\/hu\/elviccelte-az-hbo-a-tronok-harca-kinos-bakijat\/#primaryimage"},"thumbnailUrl":"https:\/\/super-news.info\/hu\/wp-content\/uploads\/sites\/3\/2019\/04\/Amerik\u00e1ban-minden-rekordot-megd\u00f6nt\u00f6tt-a-Tr\u00f3nok-Harca.jpg","articleSection":["P\u00c9NZ\u00dcGYI H\u00cdREK"],"inLanguage":"hu","potentialAction":[{"@type":"CommentAction","name":"Comment","target":["https:\/\/super-news.info\/hu\/elviccelte-az-hbo-a-tronok-harca-kinos-bakijat\/#respond"]}]},{"@type":"WebPage","@id":"https:\/\/super-news.info\/hu\/elviccelte-az-hbo-a-tronok-harca-kinos-bakijat\/","url":"https:\/\/super-news.info\/hu\/elviccelte-az-hbo-a-tronok-harca-kinos-bakijat\/","name":"Elviccelte az HBO a Tr\u00f3nok harca k\u00ednos bakij\u00e1t - Super News","isPartOf":{"@id":"https:\/\/super-news.info\/hu\/#website"},"primaryImageOfPage":{"@id":"https:\/\/super-news.info\/hu\/elviccelte-az-hbo-a-tronok-harca-kinos-bakijat\/#primaryimage"},"image":{"@id":"https:\/\/super-news.info\/hu\/elviccelte-az-hbo-a-tronok-harca-kinos-bakijat\/#primaryimage"},"thumbnailUrl":"https:\/\/super-news.info\/hu\/wp-content\/uploads\/sites\/3\/2019\/04\/Amerik\u00e1ban-minden-rekordot-megd\u00f6nt\u00f6tt-a-Tr\u00f3nok-Harca.jpg","datePublished":"2019-05-07T16:44:32+00:00","dateModified":"2020-02-21T12:31:31+00:00","author":{"@id":"https:\/\/super-news.info\/hu\/#\/schema\/person\/2d4068cb2f39cd10008c2fce578a7356"},"breadcrumb":{"@id":"https:\/\/super-news.info\/hu\/elviccelte-az-hbo-a-tronok-harca-kinos-bakijat\/#breadcrumb"},"inLanguage":"hu","potentialAction":[{"@type":"ReadAction","target":["https:\/\/super-news.info\/hu\/elviccelte-az-hbo-a-tronok-harca-kinos-bakijat\/"]}]},{"@type":"ImageObject","inLanguage":"hu","@id":"https:\/\/super-news.info\/hu\/elviccelte-az-hbo-a-tronok-harca-kinos-bakijat\/#primaryimage","url":"https:\/\/super-news.info\/hu\/wp-content\/uploads\/sites\/3\/2019\/04\/Amerik\u00e1ban-minden-rekordot-megd\u00f6nt\u00f6tt-a-Tr\u00f3nok-Harca.jpg","contentUrl":"https:\/\/super-news.info\/hu\/wp-content\/uploads\/sites\/3\/2019\/04\/Amerik\u00e1ban-minden-rekordot-megd\u00f6nt\u00f6tt-a-Tr\u00f3nok-Harca.jpg","width":1400,"height":932,"caption":"Amerik\u00e1ban minden rekordot megd\u00f6nt\u00f6tt a Tr\u00f3nok Harca"},{"@type":"BreadcrumbList","@id":"https:\/\/super-news.info\/hu\/elviccelte-az-hbo-a-tronok-harca-kinos-bakijat\/#breadcrumb","itemListElement":[{"@type":"ListItem","position":1,"name":"\u0413\u043b\u0430\u0432\u043d\u0430\u044f \u0441\u0442\u0440\u0430\u043d\u0438\u0446\u0430","item":"https:\/\/super-news.info\/hu\/"},{"@type":"ListItem","position":2,"name":"Elviccelte az HBO a Tr\u00f3nok harca k\u00ednos bakij\u00e1t"}]},{"@type":"WebSite","@id":"https:\/\/super-news.info\/hu\/#website","url":"https:\/\/super-news.info\/hu\/","name":"Super News","description":"Super News Magyarorsz\u00e1g","potentialAction":[{"@type":"SearchAction","target":{"@type":"EntryPoint","urlTemplate":"https:\/\/super-news.info\/hu\/?s={search_term_string}"},"query-input":{"@type":"PropertyValueSpecification","valueRequired":true,"valueName":"search_term_string"}}],"inLanguage":"hu"},{"@type":"Person","@id":"https:\/\/super-news.info\/hu\/#\/schema\/person\/2d4068cb2f39cd10008c2fce578a7356","name":"super-news","image":{"@type":"ImageObject","inLanguage":"hu","@id":"https:\/\/secure.gravatar.com\/avatar\/64ebac40b93f26a154f8a9b5b6fdccfc46f442b26b3dd6756dbff3bf9dc76fd7?s=96&d=mm&r=g","url":"https:\/\/secure.gravatar.com\/avatar\/64ebac40b93f26a154f8a9b5b6fdccfc46f442b26b3dd6756dbff3bf9dc76fd7?s=96&d=mm&r=g","contentUrl":"https:\/\/secure.gravatar.com\/avatar\/64ebac40b93f26a154f8a9b5b6fdccfc46f442b26b3dd6756dbff3bf9dc76fd7?s=96&d=mm&r=g","caption":"super-news"},"url":"https:\/\/super-news.info\/hu\/author\/pt\/"}]}},"_links":{"self":[{"href":"https:\/\/super-news.info\/hu\/wp-json\/wp\/v2\/posts\/1492","targetHints":{"allow":["GET"]}}],"collection":[{"href":"https:\/\/super-news.info\/hu\/wp-json\/wp\/v2\/posts"}],"about":[{"href":"https:\/\/super-news.info\/hu\/wp-json\/wp\/v2\/types\/post"}],"author":[{"embeddable":true,"href":"https:\/\/super-news.info\/hu\/wp-json\/wp\/v2\/users\/2"}],"replies":[{"embeddable":true,"href":"https:\/\/super-news.info\/hu\/wp-json\/wp\/v2\/comments?post=1492"}],"version-history":[{"count":2,"href":"https:\/\/super-news.info\/hu\/wp-json\/wp\/v2\/posts\/1492\/revisions"}],"predecessor-version":[{"id":9973,"href":"https:\/\/super-news.info\/hu\/wp-json\/wp\/v2\/posts\/1492\/revisions\/9973"}],"wp:featuredmedia":[{"embeddable":true,"href":"https:\/\/super-news.info\/hu\/wp-json\/wp\/v2\/media\/258"}],"wp:attachment":[{"href":"https:\/\/super-news.info\/hu\/wp-json\/wp\/v2\/media?parent=1492"}],"wp:term":[{"taxonomy":"category","embeddable":true,"href":"https:\/\/super-news.info\/hu\/wp-json\/wp\/v2\/categories?post=1492"},{"taxonomy":"post_tag","embeddable":true,"href":"https:\/\/super-news.info\/hu\/wp-json\/wp\/v2\/tags?post=1492"}],"curies":[{"name":"wp","href":"https:\/\/api.w.org\/{rel}","templated":true}]}}