{"id":1471,"date":"2019-05-07T11:52:41","date_gmt":"2019-05-07T08:52:41","guid":{"rendered":"https:\/\/super-news.info\/hu\/felbolydult-az-elelmiszerpiac-a-kinai-esemenyek-miatt\/"},"modified":"2019-05-07T11:52:42","modified_gmt":"2019-05-07T08:52:42","slug":"felbolydult-az-elelmiszerpiac-a-kinai-esemenyek-miatt","status":"publish","type":"post","link":"https:\/\/super-news.info\/hu\/felbolydult-az-elelmiszerpiac-a-kinai-esemenyek-miatt\/","title":{"rendered":"Felbolydult az \u00e9lelmiszerpiac a k\u00ednai esem\u00e9nyek miatt"},"content":{"rendered":"<p> [ad_1]<br \/>\n<\/p>\n<div>\n<p>Ritk\u00e1n ker\u00fcl a t\u0151zsdei h\u00edrek k\u00f6z\u00fcl c\u00edmlapra az \u00e1rut\u0151zsde \u00e9lelmiszer-szekci\u00f3ja, mivel az itt zajl\u00f3 keresked\u00e9s \u00e1ltal\u00e1ban a termel\u0151k \u00e9s feldolgoz\u00f3k sz\u00e1m\u00e1ra tartogat \u00e9rdekess\u00e9geket, az aktu\u00e1lis \u00e9s a v\u00e1rhat\u00f3 id\u0151j\u00e1r\u00e1ssal, a v\u00e1ltoz\u00f3 teny\u00e9szt\u00e9si felt\u00e9telekkel egy\u00fctt hull\u00e1mz\u00f3 \u00e1rfolyamokat pedig neh\u00e9z k\u00f6vetni. Az elm\u00falt hetekben azonban a K\u00edn\u00e1ban puszt\u00edt\u00f3 afrikai sert\u00e9spestis olyan m\u00e9reteket \u00f6lt\u00f6tt, hogy m\u00e1r a vil\u00e1gszint\u0171 \u00e1rfolyamokra is hat\u00e1ssal van.<\/p>\n<div id=\"attachment_1496806\" style=\"width: 1410px\" class=\"wp-caption aligncenter\">\n<p class=\"wp-caption-text\">Forr\u00e1s: AFP<\/p>\n<\/div>\n<p>A Bloombergnek nyilatkoz\u00f3 Arlan Suderman, az INTL FCStone szak\u00e9rt\u0151je, aki negyven \u00e9ve elemzi az \u00e1rupiacokat, m\u00e9g nem l\u00e1tott ilyen erej\u0171 j\u00e1rv\u00e1nyt, amely a hivatalos jelent\u00e9sekn\u00e9l dr\u00e1maibb k\u00f6vetkezm\u00e9nyekkel j\u00e1rhat. Suderman szerint a helyzet romolhat, \u00e9s jelent\u0151s vil\u00e1gpiaci hat\u00e1sokra sz\u00e1m\u00edt a h\u00fasf\u00e9l\u00e9k \u00e9s a sert\u00e9sek takarm\u00e1nyoz\u00e1s\u00e1ra szolg\u00e1l\u00f3 term\u00e9kek, f\u0151k\u00e9pp a sz\u00f3ja eset\u00e9ben. A helyettes\u00edt\u0151 \u00e1ruk piaca, p\u00e9ld\u00e1ul a baromfih\u00fas\u00e9 pedig meredek emelked\u00e9st mutat.<\/p>\n<p>Tavaly a vil\u00e1gon minden m\u00e1sodik h\u00e1zisert\u00e9st K\u00edn\u00e1ban nevelt\u00e9k fel, az augusztusban kit\u00f6rt j\u00e1rv\u00e1ny mostanra az \u00e1zsiai orsz\u00e1g minden tartom\u00e1ny\u00e1t \u00e9s a k\u00f6rnyez\u0151 orsz\u00e1gokat is el\u00e9rte.<\/p>\n<div class=\"aframe\">\n<h3>K\u00e9sz\u00fcl a v\u00e1ls\u00e1gra a Tyson Foods<\/h3>\n<p>A Tyson Foodsot egyel\u0151re nem \u00e9rinti a k\u00ednai sert\u00e9spestis miatti alapanyag\u00e1r-robban\u00e1s, de a c\u00e9gvezet\u00e9s jav\u00e1ban k\u00e9sz\u00fcl a drasztikusan n\u00f6veked\u0151 h\u00faskereslet kiel\u00e9g\u00edt\u00e9s\u00e9re. A piacvezet\u0151 amerikai h\u00fasipari c\u00e9g k\u00edn\u00e1lat\u00e1ban nagyobb s\u00falya lesz a csirk\u00e9nek \u00e9s a marh\u00e1nak mint helyettes\u00edt\u0151 term\u00e9knek. A j\u00e1rv\u00e1ny hat\u00e1s\u00e1t nem tudj\u00e1k modellezni, ez\u00e9rt nem is v\u00e1ltoztattak a tervsz\u00e1maikon: a szeptemberrel z\u00e1rul\u00f3 \u00fczleti \u00e9vben 5,75\u20136,10 doll\u00e1ros EPS-t v\u00e1rnak, \u00e9s a feldolgozott term\u00e9kek dr\u00e1gul\u00e1s\u00e1t val\u00f3sz\u00edn\u0171s\u00edtik. A m\u00e1rciussal z\u00e1rult negyed\u00e9vben a Tyson Foods bev\u00e9tele \u00e9ves \u00f6sszevet\u00e9sben 7 sz\u00e1zal\u00e9kkal 10,44 milli\u00e1rd doll\u00e1rra, nyeres\u00e9ge 35 sz\u00e1zal\u00e9kkal 426 milli\u00f3ra n\u0151tt. | K. B.<\/p>\n<\/div>\n<p style=\"text-align: right;\"><em>A teljes cikk a keddi Vil\u00e1ggazdas\u00e1gban olvashat\u00f3<\/em><\/p>\n<\/p><\/div>\n<p><script>\n    window.fbAsyncInit = function() {\n        FB.init({\n            appId      : \"204760236815359\",\n            xfbml      : true,\n            version    : \"v2.12\"\n        });\n        FB.AppEvents.logPageView();\n    };<\/p>\n<p>    (function(d, s, id){\n        var js, fjs = d.getElementsByTagName(s)[0];\n        if (d.getElementById(id)) {return;}\n        js = d.createElement(s); js.id = id;\n        js.src = \"http:\/\/connect.facebook.net\/hu_HU\/sdk.js\";\n        fjs.parentNode.insertBefore(js, fjs);\n    }(document, \"script\", \"facebook-jssdk\"));\n<\/script><br \/>\n<br \/>[ad_2]<br \/>\n<br \/><a href=\"https:\/\/www.vg.hu\/penzugy\/penzugyi-hirek\/felbolydult-az-elelmiszerpiac-a-kinai-esemenyek-miatt-2-1496803\/\">Source link <\/a><\/p>\n","protected":false},"excerpt":{"rendered":"<p>[ad_1] Ritk\u00e1n ker\u00fcl a t\u0151zsdei h\u00edrek k\u00f6z\u00fcl c\u00edmlapra az \u00e1rut\u0151zsde \u00e9lelmiszer-szekci\u00f3ja, mivel az itt zajl\u00f3 keresked\u00e9s \u00e1ltal\u00e1ban a termel\u0151k \u00e9s feldolgoz\u00f3k sz\u00e1m\u00e1ra tartogat \u00e9rdekess\u00e9geket, az aktu\u00e1lis \u00e9s a v\u00e1rhat\u00f3 id\u0151j\u00e1r\u00e1ssal, a v\u00e1ltoz\u00f3 teny\u00e9szt\u00e9si felt\u00e9telekkel egy\u00fctt hull\u00e1mz\u00f3 \u00e1rfolyamokat pedig neh\u00e9z k\u00f6vetni. Az elm\u00falt hetekben azonban a K\u00edn\u00e1ban puszt\u00edt\u00f3 afrikai sert\u00e9spestis olyan m\u00e9reteket \u00f6lt\u00f6tt, hogy m\u00e1r a [&hellip;]<\/p>\n","protected":false},"author":2,"featured_media":1472,"comment_status":"open","ping_status":"open","sticky":false,"template":"","format":"standard","meta":{"footnotes":""},"categories":[1],"tags":[],"class_list":["post-1471","post","type-post","status-publish","format-standard","has-post-thumbnail","hentry","category-penzugyi-hirek"],"yoast_head":"<!-- This site is optimized with the Yoast SEO plugin v27.4 - https:\/\/yoast.com\/product\/yoast-seo-wordpress\/ -->\n<title>Felbolydult az \u00e9lelmiszerpiac a k\u00ednai esem\u00e9nyek miatt - Super News<\/title>\n<meta name=\"robots\" content=\"index, follow, max-snippet:-1, max-image-preview:large, max-video-preview:-1\" \/>\n<link rel=\"canonical\" href=\"https:\/\/super-news.info\/hu\/felbolydult-az-elelmiszerpiac-a-kinai-esemenyek-miatt\/\" \/>\n<meta property=\"og:locale\" content=\"hu_HU\" \/>\n<meta property=\"og:type\" content=\"article\" \/>\n<meta property=\"og:title\" content=\"Felbolydult az \u00e9lelmiszerpiac a k\u00ednai esem\u00e9nyek miatt - Super News\" \/>\n<meta property=\"og:description\" content=\"[ad_1] Ritk\u00e1n ker\u00fcl a t\u0151zsdei h\u00edrek k\u00f6z\u00fcl c\u00edmlapra az \u00e1rut\u0151zsde \u00e9lelmiszer-szekci\u00f3ja, mivel az itt zajl\u00f3 keresked\u00e9s \u00e1ltal\u00e1ban a termel\u0151k \u00e9s feldolgoz\u00f3k sz\u00e1m\u00e1ra tartogat \u00e9rdekess\u00e9geket, az aktu\u00e1lis \u00e9s a v\u00e1rhat\u00f3 id\u0151j\u00e1r\u00e1ssal, a v\u00e1ltoz\u00f3 teny\u00e9szt\u00e9si felt\u00e9telekkel egy\u00fctt hull\u00e1mz\u00f3 \u00e1rfolyamokat pedig neh\u00e9z k\u00f6vetni. Az elm\u00falt hetekben azonban a K\u00edn\u00e1ban puszt\u00edt\u00f3 afrikai sert\u00e9spestis olyan m\u00e9reteket \u00f6lt\u00f6tt, hogy m\u00e1r a [&hellip;]\" \/>\n<meta property=\"og:url\" content=\"https:\/\/super-news.info\/hu\/felbolydult-az-elelmiszerpiac-a-kinai-esemenyek-miatt\/\" \/>\n<meta property=\"og:site_name\" content=\"Super News\" \/>\n<meta property=\"article:published_time\" content=\"2019-05-07T08:52:41+00:00\" \/>\n<meta property=\"article:modified_time\" content=\"2019-05-07T08:52:42+00:00\" \/>\n<meta property=\"og:image\" content=\"https:\/\/super-news.info\/hu\/wp-content\/uploads\/sites\/3\/2019\/05\/Felbolydult-az-\u00e9lelmiszerpiac-a-k\u00ednai-esem\u00e9nyek-miatt.jpg\" \/>\n\t<meta property=\"og:image:width\" content=\"1400\" \/>\n\t<meta property=\"og:image:height\" content=\"932\" \/>\n\t<meta property=\"og:image:type\" content=\"image\/jpeg\" \/>\n<meta name=\"author\" content=\"super-news\" \/>\n<meta name=\"twitter:card\" content=\"summary_large_image\" \/>\n<meta name=\"twitter:label1\" content=\"Szerz\u0151:\" \/>\n\t<meta name=\"twitter:data1\" content=\"super-news\" \/>\n\t<meta name=\"twitter:label2\" content=\"Becs\u00fclt olvas\u00e1si id\u0151\" \/>\n\t<meta name=\"twitter:data2\" content=\"2 perc\" \/>\n<script type=\"application\/ld+json\" class=\"yoast-schema-graph\">{\"@context\":\"https:\\\/\\\/schema.org\",\"@graph\":[{\"@type\":\"Article\",\"@id\":\"https:\\\/\\\/super-news.info\\\/hu\\\/felbolydult-az-elelmiszerpiac-a-kinai-esemenyek-miatt\\\/#article\",\"isPartOf\":{\"@id\":\"https:\\\/\\\/super-news.info\\\/hu\\\/felbolydult-az-elelmiszerpiac-a-kinai-esemenyek-miatt\\\/\"},\"author\":{\"name\":\"super-news\",\"@id\":\"https:\\\/\\\/super-news.info\\\/hu\\\/#\\\/schema\\\/person\\\/2d4068cb2f39cd10008c2fce578a7356\"},\"headline\":\"Felbolydult az \u00e9lelmiszerpiac a k\u00ednai esem\u00e9nyek miatt\",\"datePublished\":\"2019-05-07T08:52:41+00:00\",\"dateModified\":\"2019-05-07T08:52:42+00:00\",\"mainEntityOfPage\":{\"@id\":\"https:\\\/\\\/super-news.info\\\/hu\\\/felbolydult-az-elelmiszerpiac-a-kinai-esemenyek-miatt\\\/\"},\"wordCount\":412,\"commentCount\":0,\"image\":{\"@id\":\"https:\\\/\\\/super-news.info\\\/hu\\\/felbolydult-az-elelmiszerpiac-a-kinai-esemenyek-miatt\\\/#primaryimage\"},\"thumbnailUrl\":\"https:\\\/\\\/super-news.info\\\/hu\\\/wp-content\\\/uploads\\\/sites\\\/3\\\/2019\\\/05\\\/Felbolydult-az-\u00e9lelmiszerpiac-a-k\u00ednai-esem\u00e9nyek-miatt.jpg\",\"articleSection\":[\"P\u00c9NZ\u00dcGYI H\u00cdREK\"],\"inLanguage\":\"hu\",\"potentialAction\":[{\"@type\":\"CommentAction\",\"name\":\"Comment\",\"target\":[\"https:\\\/\\\/super-news.info\\\/hu\\\/felbolydult-az-elelmiszerpiac-a-kinai-esemenyek-miatt\\\/#respond\"]}]},{\"@type\":\"WebPage\",\"@id\":\"https:\\\/\\\/super-news.info\\\/hu\\\/felbolydult-az-elelmiszerpiac-a-kinai-esemenyek-miatt\\\/\",\"url\":\"https:\\\/\\\/super-news.info\\\/hu\\\/felbolydult-az-elelmiszerpiac-a-kinai-esemenyek-miatt\\\/\",\"name\":\"Felbolydult az \u00e9lelmiszerpiac a k\u00ednai esem\u00e9nyek miatt - Super News\",\"isPartOf\":{\"@id\":\"https:\\\/\\\/super-news.info\\\/hu\\\/#website\"},\"primaryImageOfPage\":{\"@id\":\"https:\\\/\\\/super-news.info\\\/hu\\\/felbolydult-az-elelmiszerpiac-a-kinai-esemenyek-miatt\\\/#primaryimage\"},\"image\":{\"@id\":\"https:\\\/\\\/super-news.info\\\/hu\\\/felbolydult-az-elelmiszerpiac-a-kinai-esemenyek-miatt\\\/#primaryimage\"},\"thumbnailUrl\":\"https:\\\/\\\/super-news.info\\\/hu\\\/wp-content\\\/uploads\\\/sites\\\/3\\\/2019\\\/05\\\/Felbolydult-az-\u00e9lelmiszerpiac-a-k\u00ednai-esem\u00e9nyek-miatt.jpg\",\"datePublished\":\"2019-05-07T08:52:41+00:00\",\"dateModified\":\"2019-05-07T08:52:42+00:00\",\"author\":{\"@id\":\"https:\\\/\\\/super-news.info\\\/hu\\\/#\\\/schema\\\/person\\\/2d4068cb2f39cd10008c2fce578a7356\"},\"breadcrumb\":{\"@id\":\"https:\\\/\\\/super-news.info\\\/hu\\\/felbolydult-az-elelmiszerpiac-a-kinai-esemenyek-miatt\\\/#breadcrumb\"},\"inLanguage\":\"hu\",\"potentialAction\":[{\"@type\":\"ReadAction\",\"target\":[\"https:\\\/\\\/super-news.info\\\/hu\\\/felbolydult-az-elelmiszerpiac-a-kinai-esemenyek-miatt\\\/\"]}]},{\"@type\":\"ImageObject\",\"inLanguage\":\"hu\",\"@id\":\"https:\\\/\\\/super-news.info\\\/hu\\\/felbolydult-az-elelmiszerpiac-a-kinai-esemenyek-miatt\\\/#primaryimage\",\"url\":\"https:\\\/\\\/super-news.info\\\/hu\\\/wp-content\\\/uploads\\\/sites\\\/3\\\/2019\\\/05\\\/Felbolydult-az-\u00e9lelmiszerpiac-a-k\u00ednai-esem\u00e9nyek-miatt.jpg\",\"contentUrl\":\"https:\\\/\\\/super-news.info\\\/hu\\\/wp-content\\\/uploads\\\/sites\\\/3\\\/2019\\\/05\\\/Felbolydult-az-\u00e9lelmiszerpiac-a-k\u00ednai-esem\u00e9nyek-miatt.jpg\",\"width\":1400,\"height\":932,\"caption\":\"Felbolydult az \u00e9lelmiszerpiac a k\u00ednai esem\u00e9nyek miatt\"},{\"@type\":\"BreadcrumbList\",\"@id\":\"https:\\\/\\\/super-news.info\\\/hu\\\/felbolydult-az-elelmiszerpiac-a-kinai-esemenyek-miatt\\\/#breadcrumb\",\"itemListElement\":[{\"@type\":\"ListItem\",\"position\":1,\"name\":\"\u0413\u043b\u0430\u0432\u043d\u0430\u044f \u0441\u0442\u0440\u0430\u043d\u0438\u0446\u0430\",\"item\":\"https:\\\/\\\/super-news.info\\\/hu\\\/\"},{\"@type\":\"ListItem\",\"position\":2,\"name\":\"Felbolydult az \u00e9lelmiszerpiac a k\u00ednai esem\u00e9nyek miatt\"}]},{\"@type\":\"WebSite\",\"@id\":\"https:\\\/\\\/super-news.info\\\/hu\\\/#website\",\"url\":\"https:\\\/\\\/super-news.info\\\/hu\\\/\",\"name\":\"Super News\",\"description\":\"Super News Magyarorsz\u00e1g\",\"potentialAction\":[{\"@type\":\"SearchAction\",\"target\":{\"@type\":\"EntryPoint\",\"urlTemplate\":\"https:\\\/\\\/super-news.info\\\/hu\\\/?s={search_term_string}\"},\"query-input\":{\"@type\":\"PropertyValueSpecification\",\"valueRequired\":true,\"valueName\":\"search_term_string\"}}],\"inLanguage\":\"hu\"},{\"@type\":\"Person\",\"@id\":\"https:\\\/\\\/super-news.info\\\/hu\\\/#\\\/schema\\\/person\\\/2d4068cb2f39cd10008c2fce578a7356\",\"name\":\"super-news\",\"image\":{\"@type\":\"ImageObject\",\"inLanguage\":\"hu\",\"@id\":\"https:\\\/\\\/secure.gravatar.com\\\/avatar\\\/64ebac40b93f26a154f8a9b5b6fdccfc46f442b26b3dd6756dbff3bf9dc76fd7?s=96&d=mm&r=g\",\"url\":\"https:\\\/\\\/secure.gravatar.com\\\/avatar\\\/64ebac40b93f26a154f8a9b5b6fdccfc46f442b26b3dd6756dbff3bf9dc76fd7?s=96&d=mm&r=g\",\"contentUrl\":\"https:\\\/\\\/secure.gravatar.com\\\/avatar\\\/64ebac40b93f26a154f8a9b5b6fdccfc46f442b26b3dd6756dbff3bf9dc76fd7?s=96&d=mm&r=g\",\"caption\":\"super-news\"},\"url\":\"https:\\\/\\\/super-news.info\\\/hu\\\/author\\\/pt\\\/\"}]}<\/script>\n<!-- \/ Yoast SEO plugin. -->","yoast_head_json":{"title":"Felbolydult az \u00e9lelmiszerpiac a k\u00ednai esem\u00e9nyek miatt - Super News","robots":{"index":"index","follow":"follow","max-snippet":"max-snippet:-1","max-image-preview":"max-image-preview:large","max-video-preview":"max-video-preview:-1"},"canonical":"https:\/\/super-news.info\/hu\/felbolydult-az-elelmiszerpiac-a-kinai-esemenyek-miatt\/","og_locale":"hu_HU","og_type":"article","og_title":"Felbolydult az \u00e9lelmiszerpiac a k\u00ednai esem\u00e9nyek miatt - Super News","og_description":"[ad_1] Ritk\u00e1n ker\u00fcl a t\u0151zsdei h\u00edrek k\u00f6z\u00fcl c\u00edmlapra az \u00e1rut\u0151zsde \u00e9lelmiszer-szekci\u00f3ja, mivel az itt zajl\u00f3 keresked\u00e9s \u00e1ltal\u00e1ban a termel\u0151k \u00e9s feldolgoz\u00f3k sz\u00e1m\u00e1ra tartogat \u00e9rdekess\u00e9geket, az aktu\u00e1lis \u00e9s a v\u00e1rhat\u00f3 id\u0151j\u00e1r\u00e1ssal, a v\u00e1ltoz\u00f3 teny\u00e9szt\u00e9si felt\u00e9telekkel egy\u00fctt hull\u00e1mz\u00f3 \u00e1rfolyamokat pedig neh\u00e9z k\u00f6vetni. Az elm\u00falt hetekben azonban a K\u00edn\u00e1ban puszt\u00edt\u00f3 afrikai sert\u00e9spestis olyan m\u00e9reteket \u00f6lt\u00f6tt, hogy m\u00e1r a [&hellip;]","og_url":"https:\/\/super-news.info\/hu\/felbolydult-az-elelmiszerpiac-a-kinai-esemenyek-miatt\/","og_site_name":"Super News","article_published_time":"2019-05-07T08:52:41+00:00","article_modified_time":"2019-05-07T08:52:42+00:00","og_image":[{"width":1400,"height":932,"url":"https:\/\/super-news.info\/hu\/wp-content\/uploads\/sites\/3\/2019\/05\/Felbolydult-az-\u00e9lelmiszerpiac-a-k\u00ednai-esem\u00e9nyek-miatt.jpg","type":"image\/jpeg"}],"author":"super-news","twitter_card":"summary_large_image","twitter_misc":{"Szerz\u0151:":"super-news","Becs\u00fclt olvas\u00e1si id\u0151":"2 perc"},"schema":{"@context":"https:\/\/schema.org","@graph":[{"@type":"Article","@id":"https:\/\/super-news.info\/hu\/felbolydult-az-elelmiszerpiac-a-kinai-esemenyek-miatt\/#article","isPartOf":{"@id":"https:\/\/super-news.info\/hu\/felbolydult-az-elelmiszerpiac-a-kinai-esemenyek-miatt\/"},"author":{"name":"super-news","@id":"https:\/\/super-news.info\/hu\/#\/schema\/person\/2d4068cb2f39cd10008c2fce578a7356"},"headline":"Felbolydult az \u00e9lelmiszerpiac a k\u00ednai esem\u00e9nyek miatt","datePublished":"2019-05-07T08:52:41+00:00","dateModified":"2019-05-07T08:52:42+00:00","mainEntityOfPage":{"@id":"https:\/\/super-news.info\/hu\/felbolydult-az-elelmiszerpiac-a-kinai-esemenyek-miatt\/"},"wordCount":412,"commentCount":0,"image":{"@id":"https:\/\/super-news.info\/hu\/felbolydult-az-elelmiszerpiac-a-kinai-esemenyek-miatt\/#primaryimage"},"thumbnailUrl":"https:\/\/super-news.info\/hu\/wp-content\/uploads\/sites\/3\/2019\/05\/Felbolydult-az-\u00e9lelmiszerpiac-a-k\u00ednai-esem\u00e9nyek-miatt.jpg","articleSection":["P\u00c9NZ\u00dcGYI H\u00cdREK"],"inLanguage":"hu","potentialAction":[{"@type":"CommentAction","name":"Comment","target":["https:\/\/super-news.info\/hu\/felbolydult-az-elelmiszerpiac-a-kinai-esemenyek-miatt\/#respond"]}]},{"@type":"WebPage","@id":"https:\/\/super-news.info\/hu\/felbolydult-az-elelmiszerpiac-a-kinai-esemenyek-miatt\/","url":"https:\/\/super-news.info\/hu\/felbolydult-az-elelmiszerpiac-a-kinai-esemenyek-miatt\/","name":"Felbolydult az \u00e9lelmiszerpiac a k\u00ednai esem\u00e9nyek miatt - Super News","isPartOf":{"@id":"https:\/\/super-news.info\/hu\/#website"},"primaryImageOfPage":{"@id":"https:\/\/super-news.info\/hu\/felbolydult-az-elelmiszerpiac-a-kinai-esemenyek-miatt\/#primaryimage"},"image":{"@id":"https:\/\/super-news.info\/hu\/felbolydult-az-elelmiszerpiac-a-kinai-esemenyek-miatt\/#primaryimage"},"thumbnailUrl":"https:\/\/super-news.info\/hu\/wp-content\/uploads\/sites\/3\/2019\/05\/Felbolydult-az-\u00e9lelmiszerpiac-a-k\u00ednai-esem\u00e9nyek-miatt.jpg","datePublished":"2019-05-07T08:52:41+00:00","dateModified":"2019-05-07T08:52:42+00:00","author":{"@id":"https:\/\/super-news.info\/hu\/#\/schema\/person\/2d4068cb2f39cd10008c2fce578a7356"},"breadcrumb":{"@id":"https:\/\/super-news.info\/hu\/felbolydult-az-elelmiszerpiac-a-kinai-esemenyek-miatt\/#breadcrumb"},"inLanguage":"hu","potentialAction":[{"@type":"ReadAction","target":["https:\/\/super-news.info\/hu\/felbolydult-az-elelmiszerpiac-a-kinai-esemenyek-miatt\/"]}]},{"@type":"ImageObject","inLanguage":"hu","@id":"https:\/\/super-news.info\/hu\/felbolydult-az-elelmiszerpiac-a-kinai-esemenyek-miatt\/#primaryimage","url":"https:\/\/super-news.info\/hu\/wp-content\/uploads\/sites\/3\/2019\/05\/Felbolydult-az-\u00e9lelmiszerpiac-a-k\u00ednai-esem\u00e9nyek-miatt.jpg","contentUrl":"https:\/\/super-news.info\/hu\/wp-content\/uploads\/sites\/3\/2019\/05\/Felbolydult-az-\u00e9lelmiszerpiac-a-k\u00ednai-esem\u00e9nyek-miatt.jpg","width":1400,"height":932,"caption":"Felbolydult az \u00e9lelmiszerpiac a k\u00ednai esem\u00e9nyek miatt"},{"@type":"BreadcrumbList","@id":"https:\/\/super-news.info\/hu\/felbolydult-az-elelmiszerpiac-a-kinai-esemenyek-miatt\/#breadcrumb","itemListElement":[{"@type":"ListItem","position":1,"name":"\u0413\u043b\u0430\u0432\u043d\u0430\u044f \u0441\u0442\u0440\u0430\u043d\u0438\u0446\u0430","item":"https:\/\/super-news.info\/hu\/"},{"@type":"ListItem","position":2,"name":"Felbolydult az \u00e9lelmiszerpiac a k\u00ednai esem\u00e9nyek miatt"}]},{"@type":"WebSite","@id":"https:\/\/super-news.info\/hu\/#website","url":"https:\/\/super-news.info\/hu\/","name":"Super News","description":"Super News Magyarorsz\u00e1g","potentialAction":[{"@type":"SearchAction","target":{"@type":"EntryPoint","urlTemplate":"https:\/\/super-news.info\/hu\/?s={search_term_string}"},"query-input":{"@type":"PropertyValueSpecification","valueRequired":true,"valueName":"search_term_string"}}],"inLanguage":"hu"},{"@type":"Person","@id":"https:\/\/super-news.info\/hu\/#\/schema\/person\/2d4068cb2f39cd10008c2fce578a7356","name":"super-news","image":{"@type":"ImageObject","inLanguage":"hu","@id":"https:\/\/secure.gravatar.com\/avatar\/64ebac40b93f26a154f8a9b5b6fdccfc46f442b26b3dd6756dbff3bf9dc76fd7?s=96&d=mm&r=g","url":"https:\/\/secure.gravatar.com\/avatar\/64ebac40b93f26a154f8a9b5b6fdccfc46f442b26b3dd6756dbff3bf9dc76fd7?s=96&d=mm&r=g","contentUrl":"https:\/\/secure.gravatar.com\/avatar\/64ebac40b93f26a154f8a9b5b6fdccfc46f442b26b3dd6756dbff3bf9dc76fd7?s=96&d=mm&r=g","caption":"super-news"},"url":"https:\/\/super-news.info\/hu\/author\/pt\/"}]}},"_links":{"self":[{"href":"https:\/\/super-news.info\/hu\/wp-json\/wp\/v2\/posts\/1471","targetHints":{"allow":["GET"]}}],"collection":[{"href":"https:\/\/super-news.info\/hu\/wp-json\/wp\/v2\/posts"}],"about":[{"href":"https:\/\/super-news.info\/hu\/wp-json\/wp\/v2\/types\/post"}],"author":[{"embeddable":true,"href":"https:\/\/super-news.info\/hu\/wp-json\/wp\/v2\/users\/2"}],"replies":[{"embeddable":true,"href":"https:\/\/super-news.info\/hu\/wp-json\/wp\/v2\/comments?post=1471"}],"version-history":[{"count":1,"href":"https:\/\/super-news.info\/hu\/wp-json\/wp\/v2\/posts\/1471\/revisions"}],"predecessor-version":[{"id":1473,"href":"https:\/\/super-news.info\/hu\/wp-json\/wp\/v2\/posts\/1471\/revisions\/1473"}],"wp:featuredmedia":[{"embeddable":true,"href":"https:\/\/super-news.info\/hu\/wp-json\/wp\/v2\/media\/1472"}],"wp:attachment":[{"href":"https:\/\/super-news.info\/hu\/wp-json\/wp\/v2\/media?parent=1471"}],"wp:term":[{"taxonomy":"category","embeddable":true,"href":"https:\/\/super-news.info\/hu\/wp-json\/wp\/v2\/categories?post=1471"},{"taxonomy":"post_tag","embeddable":true,"href":"https:\/\/super-news.info\/hu\/wp-json\/wp\/v2\/tags?post=1471"}],"curies":[{"name":"wp","href":"https:\/\/api.w.org\/{rel}","templated":true}]}}