{"id":1459,"date":"2019-05-07T07:22:41","date_gmt":"2019-05-07T04:22:41","guid":{"rendered":"https:\/\/super-news.info\/hu\/pluszforrasok-bevonasara-van-szukseguk-az-egeszsegugyi-intezmenyeknek\/"},"modified":"2019-05-07T07:22:42","modified_gmt":"2019-05-07T04:22:42","slug":"pluszforrasok-bevonasara-van-szukseguk-az-egeszsegugyi-intezmenyeknek","status":"publish","type":"post","link":"https:\/\/super-news.info\/hu\/pluszforrasok-bevonasara-van-szukseguk-az-egeszsegugyi-intezmenyeknek\/","title":{"rendered":"Pluszforr\u00e1sok bevon\u00e1s\u00e1ra van sz\u00fcks\u00e9g\u00fck az eg\u00e9szs\u00e9g\u00fcgyi int\u00e9zm\u00e9nyeknek"},"content":{"rendered":"<p> [ad_1]<br \/>\n<\/p>\n<p>\n\t\t\t\t\t\t\t\tA k\u00f6vetkez\u0151 h\u00e1rom \u00e9vben Ficzere Andrea vezeti a Magyar K\u00f3rh\u00e1zsz\u00f6vets\u00e9get. A Vil\u00e1ggazdas\u00e1gnak adott interj\u00faj\u00e1ban elmondta, hogy az \u00e1llami \u00e9s mag\u00e1nell\u00e1t\u00e1st finansz\u00edroz\u00e1si oldalr\u00f3l tiszt\u00e1n \u00e9s korrekten sz\u00e9t lehet v\u00e1lasztani, ami tov\u00e1bb feh\u00e9r\u00edten\u00e9 az \u00e1gazatot, \u00e9s a betegek is j\u00f3l j\u00e1rn\u00e1nak vele.\t\t\t\t\t\t\t<\/p>\n<div>\n<p><strong>Mi az a h\u00e1rom legfontosabb dolog, amivel meg fogja keresni K\u00e1sler Mikl\u00f3st, az emberi er\u0151forr\u00e1sok miniszter\u00e9t?<\/strong><\/p>\n<p>A legkritikusabb az eg\u00e9szs\u00e9g\u00fcgyben a hum\u00e1n er\u0151forr\u00e1s helyzete, de emellett sz\u00fcks\u00e9g van a finansz\u00edroz\u00e1s \u00e1talak\u00edt\u00e1s\u00e1ra \u00e9s az innov\u00e1ci\u00f3k be\u00e9p\u00edt\u00e9s\u00e9re is az ell\u00e1t\u00f3rendszerbe. Az orvoselv\u00e1ndorl\u00e1s m\u00e9rs\u00e9kl\u0151d\u00f6tt ugyan, de a szakdolgoz\u00f3k hi\u00e1nya tov\u00e1bbra is s\u00falyos probl\u00e9m\u00e1t okoz. Nem szabad elfelejteni a m\u0171szaki \u00e9s a gazdas\u00e1gi ter\u00fcleten dolgoz\u00f3 koll\u00e9g\u00e1k megbecs\u00fcl\u00e9s\u00e9t sem, hiszen n\u00e9lk\u00fcl\u00fck nem lehet \u00fczemeltetni a k\u00f3rh\u00e1zakat. Most az a legfontosabb, hogy a rendszerben dolgoz\u00f3knak j\u00f6v\u0151t \u00e9s biztons\u00e1got teremts\u00fcnk, \u00e9s megpr\u00f3b\u00e1ljuk visszacs\u00e1b\u00edtani azokat, akik elhagyt\u00e1k az \u00e1pol\u00f3i p\u00e1ly\u00e1t.<\/p>\n<p><strong>A k\u00f3rh\u00e1zsz\u00f6vets\u00e9g kongresszusa el\u0151tt egy\u00fcttm\u0171k\u00f6d\u00e9si meg\u00e1llapod\u00e1st k\u00f6t\u00f6tt a szervezet az Emberi Er\u0151forr\u00e1sok Miniszt\u00e9rium\u00e1val (Emmi). Eddig nem volt egy\u00fcttm\u0171k\u00f6d\u00e9s?<\/strong><\/p>\n<p>Ilyenfajta, hat\u00e1rozott, \u00edr\u00e1sba foglalt meg\u00e1llapod\u00e1s nem l\u00e9tezett, viszont kor\u00e1bban is folytattunk p\u00e1rbesz\u00e9det az \u00e1gazatvezet\u0151kkel. B\u00edzunk abban, hogy a mostani kooper\u00e1ci\u00f3 lehet\u0151v\u00e9 teszi v\u00e9lem\u00e9ny\u00fcnk \u00e9s javaslataink megfogalmaz\u00e1s\u00e1t a t\u00f6rv\u00e9nyjavaslatok el\u0151k\u00e9sz\u00edt\u00e9sekor. Nagyon fontos, hogy a jogalkot\u00f3k kapjanak visszajelz\u00e9st a \u201eterepr\u0151l\u201d, miel\u0151tt a parlamentben megszavaznak egy javaslatot, \u00edgy tal\u00e1n a k\u00f3rh\u00e1zak a sz\u00e1mukra nem annyira szimpatikus v\u00e1ltoz\u00e1sokat is k\u00f6nnyebben elfogadj\u00e1k majd.<\/p>\n<div id=\"attachment_1496287\" style=\"width: 1410px\" class=\"wp-caption aligncenter\">\n<p class=\"wp-caption-text\">A k\u00f6vetkez\u0151 h\u00e1rom \u00e9vben Ficzere Andrea vezeti a Magyar K\u00f3rh\u00e1zsz\u00f6vets\u00e9get<br \/>Fot\u00f3: M\u00f3ricz-Sabj\u00e1n Simon<\/p>\n<\/div>\n<p><strong>A k\u00f3rh\u00e1zak finansz\u00edroz\u00e1s\u00e1t hogyan kellene \u00fajragondolni?<\/strong><\/p>\n<p>A mostani konstrukci\u00f3 alapjait \u00e9vekkel ezel\u0151tt alkott\u00e1k meg. A legnagyobb probl\u00e9ma az \u00e1gazatban a k\u00f6zponti k\u00f6lts\u00e9gvet\u00e9si szervezetekre vonatkoz\u00f3 szab\u00e1lyok szerinti, b\u00e1zisszeml\u00e9let\u0171 tervez\u00e9s, gazd\u00e1lkod\u00e1s, valamint a teljes\u00edtm\u00e9nyelv\u0171 finansz\u00edroz\u00e1s \u00f6sszef\u00e9rhetetlens\u00e9ge. A finansz\u00edroz\u00e1si rendszer \u00e1talak\u00edt\u00e1sakor ennek felold\u00e1s\u00e1ra, tov\u00e1bb\u00e1 a betegell\u00e1t\u00e1s val\u00f3s k\u00f6lts\u00e9geken alapul\u00f3 finansz\u00edroz\u00e1s\u00e1ra lenne sz\u00fcks\u00e9g annak \u00e9rdek\u00e9ben, hogy a betegek mindenhol biztons\u00e1gos, magas szint\u0171 ell\u00e1t\u00e1st kapjanak.<\/p>\n<p><strong>Teh\u00e1t \u00f6n szerint pluszforr\u00e1st kell betenni a rendszerbe?<\/strong><\/p>\n<p>\u00d6sszess\u00e9g\u00e9ben kev\u00e9s az az \u00f6sszeg, amely az Eg\u00e9szs\u00e9gbiztos\u00edt\u00e1si Alapban rendelkez\u00e9sre \u00e1ll. A finansz\u00edroz\u00e1si d\u00edjt\u00e9telek vonatkoz\u00e1s\u00e1ban az ut\u00f3bbi \u00e9vekben elmaradt az \u00e9rt\u00e9kk\u00f6vet\u00e9s, \u00edgy az orvostudom\u00e1ny \u00e9s a technika robban\u00e1sszer\u0171 fejl\u0151d\u00e9s\u00e9nek k\u00f6sz\u00f6nhet\u0151, \u00faj, korszer\u0171 elj\u00e1r\u00e1sok finansz\u00edroz\u00e1sba t\u00f6rt\u00e9n\u0151 be\u00e9p\u00edt\u00e9se (\u00faj gy\u00f3gyszerek, \u00faj eszk\u00f6z\u00f6k, \u00faj m\u0171t\u00e9tt\u00edpusok \u00e9s ell\u00e1t\u00e1si protokollok) sem val\u00f3sult meg. Meg kellene jelennie a teljes b\u00e9remel\u00e9snek, \u00e9s ami nagyon fontos, az amortiz\u00e1ci\u00f3nak is. A k\u00f3rh\u00e1zak \u00e9venk\u00e9nti konszolid\u00e1ci\u00f3j\u00e1t az ut\u00f3bbi id\u0151ben r\u00e9szben a gazdas\u00e1gosabb m\u0171k\u00f6d\u00e9st \u00edg\u00e9r\u0151 megold\u00e1sok bevezet\u00e9s\u00e9hez k\u00f6tik, viszont a szakmai \u00f6sszet\u00e9tel, az infrastrukt\u00fara, az eszk\u00f6z\u00e1llom\u00e1ny, az adott ter\u00fclet lakoss\u00e1g\u00e1nak eg\u00e9szs\u00e9g\u00fcgyi mutat\u00f3i sok helyen nem teszik lehet\u0151v\u00e9 a menedzsment sz\u00e1m\u00e1ra \u2013 ak\u00e1rhogy er\u0151lk\u00f6dik is \u2013 a k\u00f6lts\u00e9ghat\u00e9konyabb m\u0171k\u00f6d\u00e9st, ami m\u00e9g h\u00e1tr\u00e1nyosabb helyzetbe hozza ezeket az int\u00e9zm\u00e9nyeket.<\/p>\n<p style=\"text-align: right;\"><em>A teljes interj\u00fa a keddi Vil\u00e1ggazdas\u00e1gban olvashat\u00f3<\/em><\/p>\n<p>\u00a0<\/p>\n<\/p><\/div>\n<p><script>\n    window.fbAsyncInit = function() {\n        FB.init({\n            appId      : \"204760236815359\",\n            xfbml      : true,\n            version    : \"v2.12\"\n        });\n        FB.AppEvents.logPageView();\n    };<\/p>\n<p>    (function(d, s, id){\n        var js, fjs = d.getElementsByTagName(s)[0];\n        if (d.getElementById(id)) {return;}\n        js = d.createElement(s); js.id = id;\n        js.src = \"http:\/\/connect.facebook.net\/hu_HU\/sdk.js\";\n        fjs.parentNode.insertBefore(js, fjs);\n    }(document, \"script\", \"facebook-jssdk\"));\n<\/script><br \/>\n<br \/>[ad_2]<br \/>\n<br \/><a href=\"https:\/\/www.vg.hu\/vezeto\/pluszforrasok-bevonasara-van-szukseguk-az-egeszsegugyi-intezmenyeknek-2-1496278\/\">Source link <\/a><\/p>\n","protected":false},"excerpt":{"rendered":"<p>[ad_1] A k\u00f6vetkez\u0151 h\u00e1rom \u00e9vben Ficzere Andrea vezeti a Magyar K\u00f3rh\u00e1zsz\u00f6vets\u00e9get. A Vil\u00e1ggazdas\u00e1gnak adott interj\u00faj\u00e1ban elmondta, hogy az \u00e1llami \u00e9s mag\u00e1nell\u00e1t\u00e1st finansz\u00edroz\u00e1si oldalr\u00f3l tiszt\u00e1n \u00e9s korrekten sz\u00e9t lehet v\u00e1lasztani, ami tov\u00e1bb feh\u00e9r\u00edten\u00e9 az \u00e1gazatot, \u00e9s a betegek is j\u00f3l j\u00e1rn\u00e1nak vele. Mi az a h\u00e1rom legfontosabb dolog, amivel meg fogja keresni K\u00e1sler Mikl\u00f3st, az emberi [&hellip;]<\/p>\n","protected":false},"author":2,"featured_media":1460,"comment_status":"open","ping_status":"open","sticky":false,"template":"","format":"standard","meta":{"footnotes":""},"categories":[1],"tags":[],"class_list":["post-1459","post","type-post","status-publish","format-standard","has-post-thumbnail","hentry","category-penzugyi-hirek"],"yoast_head":"<!-- This site is optimized with the Yoast SEO plugin v27.4 - https:\/\/yoast.com\/product\/yoast-seo-wordpress\/ -->\n<title>Pluszforr\u00e1sok bevon\u00e1s\u00e1ra van sz\u00fcks\u00e9g\u00fck az eg\u00e9szs\u00e9g\u00fcgyi int\u00e9zm\u00e9nyeknek - Super News<\/title>\n<meta name=\"robots\" content=\"index, follow, max-snippet:-1, max-image-preview:large, max-video-preview:-1\" \/>\n<link rel=\"canonical\" href=\"https:\/\/super-news.info\/hu\/pluszforrasok-bevonasara-van-szukseguk-az-egeszsegugyi-intezmenyeknek\/\" \/>\n<meta property=\"og:locale\" content=\"hu_HU\" \/>\n<meta property=\"og:type\" content=\"article\" \/>\n<meta property=\"og:title\" content=\"Pluszforr\u00e1sok bevon\u00e1s\u00e1ra van sz\u00fcks\u00e9g\u00fck az eg\u00e9szs\u00e9g\u00fcgyi int\u00e9zm\u00e9nyeknek - Super News\" \/>\n<meta property=\"og:description\" content=\"[ad_1] A k\u00f6vetkez\u0151 h\u00e1rom \u00e9vben Ficzere Andrea vezeti a Magyar K\u00f3rh\u00e1zsz\u00f6vets\u00e9get. A Vil\u00e1ggazdas\u00e1gnak adott interj\u00faj\u00e1ban elmondta, hogy az \u00e1llami \u00e9s mag\u00e1nell\u00e1t\u00e1st finansz\u00edroz\u00e1si oldalr\u00f3l tiszt\u00e1n \u00e9s korrekten sz\u00e9t lehet v\u00e1lasztani, ami tov\u00e1bb feh\u00e9r\u00edten\u00e9 az \u00e1gazatot, \u00e9s a betegek is j\u00f3l j\u00e1rn\u00e1nak vele. Mi az a h\u00e1rom legfontosabb dolog, amivel meg fogja keresni K\u00e1sler Mikl\u00f3st, az emberi [&hellip;]\" \/>\n<meta property=\"og:url\" content=\"https:\/\/super-news.info\/hu\/pluszforrasok-bevonasara-van-szukseguk-az-egeszsegugyi-intezmenyeknek\/\" \/>\n<meta property=\"og:site_name\" content=\"Super News\" \/>\n<meta property=\"article:published_time\" content=\"2019-05-07T04:22:41+00:00\" \/>\n<meta property=\"article:modified_time\" content=\"2019-05-07T04:22:42+00:00\" \/>\n<meta property=\"og:image\" content=\"https:\/\/super-news.info\/hu\/wp-content\/uploads\/sites\/3\/2019\/05\/Pluszforr\u00e1sok-bevon\u00e1s\u00e1ra-van-sz\u00fcks\u00e9g\u00fck-az-eg\u00e9szs\u00e9g\u00fcgyi-int\u00e9zm\u00e9nyeknek.jpg\" \/>\n\t<meta property=\"og:image:width\" content=\"1400\" \/>\n\t<meta property=\"og:image:height\" content=\"787\" \/>\n\t<meta property=\"og:image:type\" content=\"image\/jpeg\" \/>\n<meta name=\"author\" content=\"super-news\" \/>\n<meta name=\"twitter:card\" content=\"summary_large_image\" \/>\n<meta name=\"twitter:label1\" content=\"Szerz\u0151:\" \/>\n\t<meta name=\"twitter:data1\" content=\"super-news\" \/>\n\t<meta name=\"twitter:label2\" content=\"Becs\u00fclt olvas\u00e1si id\u0151\" \/>\n\t<meta name=\"twitter:data2\" content=\"4 perc\" \/>\n<script type=\"application\/ld+json\" class=\"yoast-schema-graph\">{\"@context\":\"https:\\\/\\\/schema.org\",\"@graph\":[{\"@type\":\"Article\",\"@id\":\"https:\\\/\\\/super-news.info\\\/hu\\\/pluszforrasok-bevonasara-van-szukseguk-az-egeszsegugyi-intezmenyeknek\\\/#article\",\"isPartOf\":{\"@id\":\"https:\\\/\\\/super-news.info\\\/hu\\\/pluszforrasok-bevonasara-van-szukseguk-az-egeszsegugyi-intezmenyeknek\\\/\"},\"author\":{\"name\":\"super-news\",\"@id\":\"https:\\\/\\\/super-news.info\\\/hu\\\/#\\\/schema\\\/person\\\/2d4068cb2f39cd10008c2fce578a7356\"},\"headline\":\"Pluszforr\u00e1sok bevon\u00e1s\u00e1ra van sz\u00fcks\u00e9g\u00fck az eg\u00e9szs\u00e9g\u00fcgyi int\u00e9zm\u00e9nyeknek\",\"datePublished\":\"2019-05-07T04:22:41+00:00\",\"dateModified\":\"2019-05-07T04:22:42+00:00\",\"mainEntityOfPage\":{\"@id\":\"https:\\\/\\\/super-news.info\\\/hu\\\/pluszforrasok-bevonasara-van-szukseguk-az-egeszsegugyi-intezmenyeknek\\\/\"},\"wordCount\":726,\"commentCount\":0,\"image\":{\"@id\":\"https:\\\/\\\/super-news.info\\\/hu\\\/pluszforrasok-bevonasara-van-szukseguk-az-egeszsegugyi-intezmenyeknek\\\/#primaryimage\"},\"thumbnailUrl\":\"https:\\\/\\\/super-news.info\\\/hu\\\/wp-content\\\/uploads\\\/sites\\\/3\\\/2019\\\/05\\\/Pluszforr\u00e1sok-bevon\u00e1s\u00e1ra-van-sz\u00fcks\u00e9g\u00fck-az-eg\u00e9szs\u00e9g\u00fcgyi-int\u00e9zm\u00e9nyeknek.jpg\",\"articleSection\":[\"P\u00c9NZ\u00dcGYI H\u00cdREK\"],\"inLanguage\":\"hu\",\"potentialAction\":[{\"@type\":\"CommentAction\",\"name\":\"Comment\",\"target\":[\"https:\\\/\\\/super-news.info\\\/hu\\\/pluszforrasok-bevonasara-van-szukseguk-az-egeszsegugyi-intezmenyeknek\\\/#respond\"]}]},{\"@type\":\"WebPage\",\"@id\":\"https:\\\/\\\/super-news.info\\\/hu\\\/pluszforrasok-bevonasara-van-szukseguk-az-egeszsegugyi-intezmenyeknek\\\/\",\"url\":\"https:\\\/\\\/super-news.info\\\/hu\\\/pluszforrasok-bevonasara-van-szukseguk-az-egeszsegugyi-intezmenyeknek\\\/\",\"name\":\"Pluszforr\u00e1sok bevon\u00e1s\u00e1ra van sz\u00fcks\u00e9g\u00fck az eg\u00e9szs\u00e9g\u00fcgyi int\u00e9zm\u00e9nyeknek - Super News\",\"isPartOf\":{\"@id\":\"https:\\\/\\\/super-news.info\\\/hu\\\/#website\"},\"primaryImageOfPage\":{\"@id\":\"https:\\\/\\\/super-news.info\\\/hu\\\/pluszforrasok-bevonasara-van-szukseguk-az-egeszsegugyi-intezmenyeknek\\\/#primaryimage\"},\"image\":{\"@id\":\"https:\\\/\\\/super-news.info\\\/hu\\\/pluszforrasok-bevonasara-van-szukseguk-az-egeszsegugyi-intezmenyeknek\\\/#primaryimage\"},\"thumbnailUrl\":\"https:\\\/\\\/super-news.info\\\/hu\\\/wp-content\\\/uploads\\\/sites\\\/3\\\/2019\\\/05\\\/Pluszforr\u00e1sok-bevon\u00e1s\u00e1ra-van-sz\u00fcks\u00e9g\u00fck-az-eg\u00e9szs\u00e9g\u00fcgyi-int\u00e9zm\u00e9nyeknek.jpg\",\"datePublished\":\"2019-05-07T04:22:41+00:00\",\"dateModified\":\"2019-05-07T04:22:42+00:00\",\"author\":{\"@id\":\"https:\\\/\\\/super-news.info\\\/hu\\\/#\\\/schema\\\/person\\\/2d4068cb2f39cd10008c2fce578a7356\"},\"breadcrumb\":{\"@id\":\"https:\\\/\\\/super-news.info\\\/hu\\\/pluszforrasok-bevonasara-van-szukseguk-az-egeszsegugyi-intezmenyeknek\\\/#breadcrumb\"},\"inLanguage\":\"hu\",\"potentialAction\":[{\"@type\":\"ReadAction\",\"target\":[\"https:\\\/\\\/super-news.info\\\/hu\\\/pluszforrasok-bevonasara-van-szukseguk-az-egeszsegugyi-intezmenyeknek\\\/\"]}]},{\"@type\":\"ImageObject\",\"inLanguage\":\"hu\",\"@id\":\"https:\\\/\\\/super-news.info\\\/hu\\\/pluszforrasok-bevonasara-van-szukseguk-az-egeszsegugyi-intezmenyeknek\\\/#primaryimage\",\"url\":\"https:\\\/\\\/super-news.info\\\/hu\\\/wp-content\\\/uploads\\\/sites\\\/3\\\/2019\\\/05\\\/Pluszforr\u00e1sok-bevon\u00e1s\u00e1ra-van-sz\u00fcks\u00e9g\u00fck-az-eg\u00e9szs\u00e9g\u00fcgyi-int\u00e9zm\u00e9nyeknek.jpg\",\"contentUrl\":\"https:\\\/\\\/super-news.info\\\/hu\\\/wp-content\\\/uploads\\\/sites\\\/3\\\/2019\\\/05\\\/Pluszforr\u00e1sok-bevon\u00e1s\u00e1ra-van-sz\u00fcks\u00e9g\u00fck-az-eg\u00e9szs\u00e9g\u00fcgyi-int\u00e9zm\u00e9nyeknek.jpg\",\"width\":1400,\"height\":787,\"caption\":\"Pluszforr\u00e1sok bevon\u00e1s\u00e1ra van sz\u00fcks\u00e9g\u00fck az eg\u00e9szs\u00e9g\u00fcgyi int\u00e9zm\u00e9nyeknek\"},{\"@type\":\"BreadcrumbList\",\"@id\":\"https:\\\/\\\/super-news.info\\\/hu\\\/pluszforrasok-bevonasara-van-szukseguk-az-egeszsegugyi-intezmenyeknek\\\/#breadcrumb\",\"itemListElement\":[{\"@type\":\"ListItem\",\"position\":1,\"name\":\"\u0413\u043b\u0430\u0432\u043d\u0430\u044f \u0441\u0442\u0440\u0430\u043d\u0438\u0446\u0430\",\"item\":\"https:\\\/\\\/super-news.info\\\/hu\\\/\"},{\"@type\":\"ListItem\",\"position\":2,\"name\":\"Pluszforr\u00e1sok bevon\u00e1s\u00e1ra van sz\u00fcks\u00e9g\u00fck az eg\u00e9szs\u00e9g\u00fcgyi int\u00e9zm\u00e9nyeknek\"}]},{\"@type\":\"WebSite\",\"@id\":\"https:\\\/\\\/super-news.info\\\/hu\\\/#website\",\"url\":\"https:\\\/\\\/super-news.info\\\/hu\\\/\",\"name\":\"Super News\",\"description\":\"Super News Magyarorsz\u00e1g\",\"potentialAction\":[{\"@type\":\"SearchAction\",\"target\":{\"@type\":\"EntryPoint\",\"urlTemplate\":\"https:\\\/\\\/super-news.info\\\/hu\\\/?s={search_term_string}\"},\"query-input\":{\"@type\":\"PropertyValueSpecification\",\"valueRequired\":true,\"valueName\":\"search_term_string\"}}],\"inLanguage\":\"hu\"},{\"@type\":\"Person\",\"@id\":\"https:\\\/\\\/super-news.info\\\/hu\\\/#\\\/schema\\\/person\\\/2d4068cb2f39cd10008c2fce578a7356\",\"name\":\"super-news\",\"image\":{\"@type\":\"ImageObject\",\"inLanguage\":\"hu\",\"@id\":\"https:\\\/\\\/secure.gravatar.com\\\/avatar\\\/64ebac40b93f26a154f8a9b5b6fdccfc46f442b26b3dd6756dbff3bf9dc76fd7?s=96&d=mm&r=g\",\"url\":\"https:\\\/\\\/secure.gravatar.com\\\/avatar\\\/64ebac40b93f26a154f8a9b5b6fdccfc46f442b26b3dd6756dbff3bf9dc76fd7?s=96&d=mm&r=g\",\"contentUrl\":\"https:\\\/\\\/secure.gravatar.com\\\/avatar\\\/64ebac40b93f26a154f8a9b5b6fdccfc46f442b26b3dd6756dbff3bf9dc76fd7?s=96&d=mm&r=g\",\"caption\":\"super-news\"},\"url\":\"https:\\\/\\\/super-news.info\\\/hu\\\/author\\\/pt\\\/\"}]}<\/script>\n<!-- \/ Yoast SEO plugin. -->","yoast_head_json":{"title":"Pluszforr\u00e1sok bevon\u00e1s\u00e1ra van sz\u00fcks\u00e9g\u00fck az eg\u00e9szs\u00e9g\u00fcgyi int\u00e9zm\u00e9nyeknek - Super News","robots":{"index":"index","follow":"follow","max-snippet":"max-snippet:-1","max-image-preview":"max-image-preview:large","max-video-preview":"max-video-preview:-1"},"canonical":"https:\/\/super-news.info\/hu\/pluszforrasok-bevonasara-van-szukseguk-az-egeszsegugyi-intezmenyeknek\/","og_locale":"hu_HU","og_type":"article","og_title":"Pluszforr\u00e1sok bevon\u00e1s\u00e1ra van sz\u00fcks\u00e9g\u00fck az eg\u00e9szs\u00e9g\u00fcgyi int\u00e9zm\u00e9nyeknek - Super News","og_description":"[ad_1] A k\u00f6vetkez\u0151 h\u00e1rom \u00e9vben Ficzere Andrea vezeti a Magyar K\u00f3rh\u00e1zsz\u00f6vets\u00e9get. A Vil\u00e1ggazdas\u00e1gnak adott interj\u00faj\u00e1ban elmondta, hogy az \u00e1llami \u00e9s mag\u00e1nell\u00e1t\u00e1st finansz\u00edroz\u00e1si oldalr\u00f3l tiszt\u00e1n \u00e9s korrekten sz\u00e9t lehet v\u00e1lasztani, ami tov\u00e1bb feh\u00e9r\u00edten\u00e9 az \u00e1gazatot, \u00e9s a betegek is j\u00f3l j\u00e1rn\u00e1nak vele. Mi az a h\u00e1rom legfontosabb dolog, amivel meg fogja keresni K\u00e1sler Mikl\u00f3st, az emberi [&hellip;]","og_url":"https:\/\/super-news.info\/hu\/pluszforrasok-bevonasara-van-szukseguk-az-egeszsegugyi-intezmenyeknek\/","og_site_name":"Super News","article_published_time":"2019-05-07T04:22:41+00:00","article_modified_time":"2019-05-07T04:22:42+00:00","og_image":[{"width":1400,"height":787,"url":"https:\/\/super-news.info\/hu\/wp-content\/uploads\/sites\/3\/2019\/05\/Pluszforr\u00e1sok-bevon\u00e1s\u00e1ra-van-sz\u00fcks\u00e9g\u00fck-az-eg\u00e9szs\u00e9g\u00fcgyi-int\u00e9zm\u00e9nyeknek.jpg","type":"image\/jpeg"}],"author":"super-news","twitter_card":"summary_large_image","twitter_misc":{"Szerz\u0151:":"super-news","Becs\u00fclt olvas\u00e1si id\u0151":"4 perc"},"schema":{"@context":"https:\/\/schema.org","@graph":[{"@type":"Article","@id":"https:\/\/super-news.info\/hu\/pluszforrasok-bevonasara-van-szukseguk-az-egeszsegugyi-intezmenyeknek\/#article","isPartOf":{"@id":"https:\/\/super-news.info\/hu\/pluszforrasok-bevonasara-van-szukseguk-az-egeszsegugyi-intezmenyeknek\/"},"author":{"name":"super-news","@id":"https:\/\/super-news.info\/hu\/#\/schema\/person\/2d4068cb2f39cd10008c2fce578a7356"},"headline":"Pluszforr\u00e1sok bevon\u00e1s\u00e1ra van sz\u00fcks\u00e9g\u00fck az eg\u00e9szs\u00e9g\u00fcgyi int\u00e9zm\u00e9nyeknek","datePublished":"2019-05-07T04:22:41+00:00","dateModified":"2019-05-07T04:22:42+00:00","mainEntityOfPage":{"@id":"https:\/\/super-news.info\/hu\/pluszforrasok-bevonasara-van-szukseguk-az-egeszsegugyi-intezmenyeknek\/"},"wordCount":726,"commentCount":0,"image":{"@id":"https:\/\/super-news.info\/hu\/pluszforrasok-bevonasara-van-szukseguk-az-egeszsegugyi-intezmenyeknek\/#primaryimage"},"thumbnailUrl":"https:\/\/super-news.info\/hu\/wp-content\/uploads\/sites\/3\/2019\/05\/Pluszforr\u00e1sok-bevon\u00e1s\u00e1ra-van-sz\u00fcks\u00e9g\u00fck-az-eg\u00e9szs\u00e9g\u00fcgyi-int\u00e9zm\u00e9nyeknek.jpg","articleSection":["P\u00c9NZ\u00dcGYI H\u00cdREK"],"inLanguage":"hu","potentialAction":[{"@type":"CommentAction","name":"Comment","target":["https:\/\/super-news.info\/hu\/pluszforrasok-bevonasara-van-szukseguk-az-egeszsegugyi-intezmenyeknek\/#respond"]}]},{"@type":"WebPage","@id":"https:\/\/super-news.info\/hu\/pluszforrasok-bevonasara-van-szukseguk-az-egeszsegugyi-intezmenyeknek\/","url":"https:\/\/super-news.info\/hu\/pluszforrasok-bevonasara-van-szukseguk-az-egeszsegugyi-intezmenyeknek\/","name":"Pluszforr\u00e1sok bevon\u00e1s\u00e1ra van sz\u00fcks\u00e9g\u00fck az eg\u00e9szs\u00e9g\u00fcgyi int\u00e9zm\u00e9nyeknek - Super News","isPartOf":{"@id":"https:\/\/super-news.info\/hu\/#website"},"primaryImageOfPage":{"@id":"https:\/\/super-news.info\/hu\/pluszforrasok-bevonasara-van-szukseguk-az-egeszsegugyi-intezmenyeknek\/#primaryimage"},"image":{"@id":"https:\/\/super-news.info\/hu\/pluszforrasok-bevonasara-van-szukseguk-az-egeszsegugyi-intezmenyeknek\/#primaryimage"},"thumbnailUrl":"https:\/\/super-news.info\/hu\/wp-content\/uploads\/sites\/3\/2019\/05\/Pluszforr\u00e1sok-bevon\u00e1s\u00e1ra-van-sz\u00fcks\u00e9g\u00fck-az-eg\u00e9szs\u00e9g\u00fcgyi-int\u00e9zm\u00e9nyeknek.jpg","datePublished":"2019-05-07T04:22:41+00:00","dateModified":"2019-05-07T04:22:42+00:00","author":{"@id":"https:\/\/super-news.info\/hu\/#\/schema\/person\/2d4068cb2f39cd10008c2fce578a7356"},"breadcrumb":{"@id":"https:\/\/super-news.info\/hu\/pluszforrasok-bevonasara-van-szukseguk-az-egeszsegugyi-intezmenyeknek\/#breadcrumb"},"inLanguage":"hu","potentialAction":[{"@type":"ReadAction","target":["https:\/\/super-news.info\/hu\/pluszforrasok-bevonasara-van-szukseguk-az-egeszsegugyi-intezmenyeknek\/"]}]},{"@type":"ImageObject","inLanguage":"hu","@id":"https:\/\/super-news.info\/hu\/pluszforrasok-bevonasara-van-szukseguk-az-egeszsegugyi-intezmenyeknek\/#primaryimage","url":"https:\/\/super-news.info\/hu\/wp-content\/uploads\/sites\/3\/2019\/05\/Pluszforr\u00e1sok-bevon\u00e1s\u00e1ra-van-sz\u00fcks\u00e9g\u00fck-az-eg\u00e9szs\u00e9g\u00fcgyi-int\u00e9zm\u00e9nyeknek.jpg","contentUrl":"https:\/\/super-news.info\/hu\/wp-content\/uploads\/sites\/3\/2019\/05\/Pluszforr\u00e1sok-bevon\u00e1s\u00e1ra-van-sz\u00fcks\u00e9g\u00fck-az-eg\u00e9szs\u00e9g\u00fcgyi-int\u00e9zm\u00e9nyeknek.jpg","width":1400,"height":787,"caption":"Pluszforr\u00e1sok bevon\u00e1s\u00e1ra van sz\u00fcks\u00e9g\u00fck az eg\u00e9szs\u00e9g\u00fcgyi int\u00e9zm\u00e9nyeknek"},{"@type":"BreadcrumbList","@id":"https:\/\/super-news.info\/hu\/pluszforrasok-bevonasara-van-szukseguk-az-egeszsegugyi-intezmenyeknek\/#breadcrumb","itemListElement":[{"@type":"ListItem","position":1,"name":"\u0413\u043b\u0430\u0432\u043d\u0430\u044f \u0441\u0442\u0440\u0430\u043d\u0438\u0446\u0430","item":"https:\/\/super-news.info\/hu\/"},{"@type":"ListItem","position":2,"name":"Pluszforr\u00e1sok bevon\u00e1s\u00e1ra van sz\u00fcks\u00e9g\u00fck az eg\u00e9szs\u00e9g\u00fcgyi int\u00e9zm\u00e9nyeknek"}]},{"@type":"WebSite","@id":"https:\/\/super-news.info\/hu\/#website","url":"https:\/\/super-news.info\/hu\/","name":"Super News","description":"Super News Magyarorsz\u00e1g","potentialAction":[{"@type":"SearchAction","target":{"@type":"EntryPoint","urlTemplate":"https:\/\/super-news.info\/hu\/?s={search_term_string}"},"query-input":{"@type":"PropertyValueSpecification","valueRequired":true,"valueName":"search_term_string"}}],"inLanguage":"hu"},{"@type":"Person","@id":"https:\/\/super-news.info\/hu\/#\/schema\/person\/2d4068cb2f39cd10008c2fce578a7356","name":"super-news","image":{"@type":"ImageObject","inLanguage":"hu","@id":"https:\/\/secure.gravatar.com\/avatar\/64ebac40b93f26a154f8a9b5b6fdccfc46f442b26b3dd6756dbff3bf9dc76fd7?s=96&d=mm&r=g","url":"https:\/\/secure.gravatar.com\/avatar\/64ebac40b93f26a154f8a9b5b6fdccfc46f442b26b3dd6756dbff3bf9dc76fd7?s=96&d=mm&r=g","contentUrl":"https:\/\/secure.gravatar.com\/avatar\/64ebac40b93f26a154f8a9b5b6fdccfc46f442b26b3dd6756dbff3bf9dc76fd7?s=96&d=mm&r=g","caption":"super-news"},"url":"https:\/\/super-news.info\/hu\/author\/pt\/"}]}},"_links":{"self":[{"href":"https:\/\/super-news.info\/hu\/wp-json\/wp\/v2\/posts\/1459","targetHints":{"allow":["GET"]}}],"collection":[{"href":"https:\/\/super-news.info\/hu\/wp-json\/wp\/v2\/posts"}],"about":[{"href":"https:\/\/super-news.info\/hu\/wp-json\/wp\/v2\/types\/post"}],"author":[{"embeddable":true,"href":"https:\/\/super-news.info\/hu\/wp-json\/wp\/v2\/users\/2"}],"replies":[{"embeddable":true,"href":"https:\/\/super-news.info\/hu\/wp-json\/wp\/v2\/comments?post=1459"}],"version-history":[{"count":1,"href":"https:\/\/super-news.info\/hu\/wp-json\/wp\/v2\/posts\/1459\/revisions"}],"predecessor-version":[{"id":1461,"href":"https:\/\/super-news.info\/hu\/wp-json\/wp\/v2\/posts\/1459\/revisions\/1461"}],"wp:featuredmedia":[{"embeddable":true,"href":"https:\/\/super-news.info\/hu\/wp-json\/wp\/v2\/media\/1460"}],"wp:attachment":[{"href":"https:\/\/super-news.info\/hu\/wp-json\/wp\/v2\/media?parent=1459"}],"wp:term":[{"taxonomy":"category","embeddable":true,"href":"https:\/\/super-news.info\/hu\/wp-json\/wp\/v2\/categories?post=1459"},{"taxonomy":"post_tag","embeddable":true,"href":"https:\/\/super-news.info\/hu\/wp-json\/wp\/v2\/tags?post=1459"}],"curies":[{"name":"wp","href":"https:\/\/api.w.org\/{rel}","templated":true}]}}