{"id":1453,"date":"2019-05-07T03:04:14","date_gmt":"2019-05-07T00:04:14","guid":{"rendered":"https:\/\/super-news.info\/hu\/kinai-ceggel-gyart-elektromos-robogokat-a-volkswagen\/"},"modified":"2019-05-07T03:04:15","modified_gmt":"2019-05-07T00:04:15","slug":"kinai-ceggel-gyart-elektromos-robogokat-a-volkswagen","status":"publish","type":"post","link":"https:\/\/super-news.info\/hu\/kinai-ceggel-gyart-elektromos-robogokat-a-volkswagen\/","title":{"rendered":"K\u00ednai c\u00e9ggel gy\u00e1rt elektromos robog\u00f3kat a Volkswagen"},"content":{"rendered":"<p> [ad_1]<br \/>\n<\/p>\n<div>\n<p>Az egy\u00fcttm\u0171k\u00f6d\u00e9s pontosabb r\u00e9szleteit \u00e9s a gy\u00e1rtani tervezett k\u00e9tkerek\u0171 elektromos j\u00e1rm\u0171 m\u0171szaki param\u00e9tereit a sz\u00f3viv\u0151 nem hozta nyilv\u00e1noss\u00e1gra. Nem k\u00f6z\u00f6lte az elektromos roller\/robog\u00f3 piaci bevezet\u00e9s\u00e9nek tervezett d\u00e1tum\u00e1t sem.<\/p>\n<p>Kor\u00e1bban azonban a n\u00e9met Welt lap arr\u00f3l sz\u00e1molt be, hogy a felek a NIU tavalyi Genfi Aut\u00f3szalonon bemutatott \u201eStreetmate\u201d modellj\u00e9nek a k\u00f6z\u00f6s gy\u00e1rt\u00e1s\u00e1ban \u00e1llapodtak meg.<\/p>\n<p>A NIU Genfben bemutatott elektromos roller\/robog\u00f3j\u00e1val \u00fclve \u00e9s \u00e1llva is lehet k\u00f6zlekedni, legnagyobb sebess\u00e9ge 45 kilom\u00e9ter \u00f3r\u00e1nk\u00e9nt, hat\u00f3t\u00e1vja pedig 35 kilom\u00e9ter. A Volkswagen szint\u00e9n a Genfi Aut\u00f3szalonon jelentette be, hogy foglalkozik egy 15 kilom\u00e9teres hat\u00f3t\u00e1v\u00fa v\u00e1rosi roller\/robog\u00f3 gy\u00e1rt\u00e1s\u00e1nak a terveivel.<\/p>\n<div id=\"attachment_999996\" style=\"width: 1410px\" class=\"wp-caption aligncenter\">\n<p class=\"wp-caption-text\">Fot\u00f3: AFP<\/p>\n<\/div>\n<p>A NIU az elektromos robog\u00f3val K\u00edn\u00e1ban tavaly el\u00e9rt \u00e9rt\u00e9kes\u00edt\u00e9si sikerei ut\u00e1n m\u00e1r kor\u00e1bban is jelezte, hogy az eur\u00f3pai piacra is be k\u00edv\u00e1n t\u00f6rni gy\u00e1rtm\u00e1ny\u00e1val.<\/p>\n<p>Eur\u00f3pa sz\u00e1mos nagyv\u00e1ros\u00e1ban m\u00e1r n\u00e9pszer\u0171 k\u00f6zleked\u00e9si eszk\u00f6znek sz\u00e1m\u00edtanak az elektromos robog\u00f3k \u00e9s rollerek, ut\u00f3bbiak j\u00e1rd\u00e1n t\u00f6rt\u00e9n\u0151 haszn\u00e1lat\u00e1val szemben azonban egyre t\u00f6bb biztons\u00e1gi agg\u00e1ly mer\u00fclt fel az ut\u00f3bbi id\u0151kben N\u00e9metorsz\u00e1gban.<\/p>\n<p>A n\u00e9met Sz\u00f6vets\u00e9gi Tan\u00e1cs (Bundesrat) m\u00e1jus k\u00f6zep\u00e9n szavaz a kis elektromos j\u00e1rm\u0171vek haszn\u00e1lat\u00e1t szab\u00e1lyoz\u00f3 t\u00f6rv\u00e9nytervezetr\u0151l.<\/p>\n<\/p><\/div>\n<p><script>\n    window.fbAsyncInit = function() {\n        FB.init({\n            appId      : \"204760236815359\",\n            xfbml      : true,\n            version    : \"v2.12\"\n        });\n        FB.AppEvents.logPageView();\n    };<\/p>\n<p>    (function(d, s, id){\n        var js, fjs = d.getElementsByTagName(s)[0];\n        if (d.getElementById(id)) {return;}\n        js = d.createElement(s); js.id = id;\n        js.src = \"http:\/\/connect.facebook.net\/hu_HU\/sdk.js\";\n        fjs.parentNode.insertBefore(js, fjs);\n    }(document, \"script\", \"facebook-jssdk\"));\n<\/script><br \/>\n<br \/>[ad_2]<br \/>\n<br \/><a href=\"https:\/\/www.vg.hu\/vallalatok\/kozlekedes\/kinai-ceggel-gyart-elektromos-robogokat-a-volkswagen-1495756\/\">Source link <\/a><\/p>\n","protected":false},"excerpt":{"rendered":"<p>[ad_1] Az egy\u00fcttm\u0171k\u00f6d\u00e9s pontosabb r\u00e9szleteit \u00e9s a gy\u00e1rtani tervezett k\u00e9tkerek\u0171 elektromos j\u00e1rm\u0171 m\u0171szaki param\u00e9tereit a sz\u00f3viv\u0151 nem hozta nyilv\u00e1noss\u00e1gra. Nem k\u00f6z\u00f6lte az elektromos roller\/robog\u00f3 piaci bevezet\u00e9s\u00e9nek tervezett d\u00e1tum\u00e1t sem. Kor\u00e1bban azonban a n\u00e9met Welt lap arr\u00f3l sz\u00e1molt be, hogy a felek a NIU tavalyi Genfi Aut\u00f3szalonon bemutatott \u201eStreetmate\u201d modellj\u00e9nek a k\u00f6z\u00f6s gy\u00e1rt\u00e1s\u00e1ban \u00e1llapodtak meg. A [&hellip;]<\/p>\n","protected":false},"author":2,"featured_media":1454,"comment_status":"open","ping_status":"open","sticky":false,"template":"","format":"standard","meta":{"footnotes":""},"categories":[1],"tags":[],"class_list":["post-1453","post","type-post","status-publish","format-standard","has-post-thumbnail","hentry","category-penzugyi-hirek"],"yoast_head":"<!-- This site is optimized with the Yoast SEO plugin v27.4 - https:\/\/yoast.com\/product\/yoast-seo-wordpress\/ -->\n<title>K\u00ednai c\u00e9ggel gy\u00e1rt elektromos robog\u00f3kat a Volkswagen - Super News<\/title>\n<meta name=\"robots\" content=\"index, follow, max-snippet:-1, max-image-preview:large, max-video-preview:-1\" \/>\n<link rel=\"canonical\" href=\"https:\/\/super-news.info\/hu\/kinai-ceggel-gyart-elektromos-robogokat-a-volkswagen\/\" \/>\n<meta property=\"og:locale\" content=\"hu_HU\" \/>\n<meta property=\"og:type\" content=\"article\" \/>\n<meta property=\"og:title\" content=\"K\u00ednai c\u00e9ggel gy\u00e1rt elektromos robog\u00f3kat a Volkswagen - Super News\" \/>\n<meta property=\"og:description\" content=\"[ad_1] Az egy\u00fcttm\u0171k\u00f6d\u00e9s pontosabb r\u00e9szleteit \u00e9s a gy\u00e1rtani tervezett k\u00e9tkerek\u0171 elektromos j\u00e1rm\u0171 m\u0171szaki param\u00e9tereit a sz\u00f3viv\u0151 nem hozta nyilv\u00e1noss\u00e1gra. Nem k\u00f6z\u00f6lte az elektromos roller\/robog\u00f3 piaci bevezet\u00e9s\u00e9nek tervezett d\u00e1tum\u00e1t sem. Kor\u00e1bban azonban a n\u00e9met Welt lap arr\u00f3l sz\u00e1molt be, hogy a felek a NIU tavalyi Genfi Aut\u00f3szalonon bemutatott \u201eStreetmate\u201d modellj\u00e9nek a k\u00f6z\u00f6s gy\u00e1rt\u00e1s\u00e1ban \u00e1llapodtak meg. A [&hellip;]\" \/>\n<meta property=\"og:url\" content=\"https:\/\/super-news.info\/hu\/kinai-ceggel-gyart-elektromos-robogokat-a-volkswagen\/\" \/>\n<meta property=\"og:site_name\" content=\"Super News\" \/>\n<meta property=\"article:published_time\" content=\"2019-05-07T00:04:14+00:00\" \/>\n<meta property=\"article:modified_time\" content=\"2019-05-07T00:04:15+00:00\" \/>\n<meta property=\"og:image\" content=\"https:\/\/super-news.info\/hu\/wp-content\/uploads\/sites\/3\/2019\/05\/K\u00ednai-c\u00e9ggel-gy\u00e1rt-elektromos-robog\u00f3kat-a-Volkswagen.jpg\" \/>\n\t<meta property=\"og:image:width\" content=\"1400\" \/>\n\t<meta property=\"og:image:height\" content=\"933\" \/>\n\t<meta property=\"og:image:type\" content=\"image\/jpeg\" \/>\n<meta name=\"author\" content=\"super-news\" \/>\n<meta name=\"twitter:card\" content=\"summary_large_image\" \/>\n<meta name=\"twitter:label1\" content=\"Szerz\u0151:\" \/>\n\t<meta name=\"twitter:data1\" content=\"super-news\" \/>\n\t<meta name=\"twitter:label2\" content=\"Becs\u00fclt olvas\u00e1si id\u0151\" \/>\n\t<meta name=\"twitter:data2\" content=\"1 perc\" \/>\n<script type=\"application\/ld+json\" class=\"yoast-schema-graph\">{\"@context\":\"https:\\\/\\\/schema.org\",\"@graph\":[{\"@type\":\"Article\",\"@id\":\"https:\\\/\\\/super-news.info\\\/hu\\\/kinai-ceggel-gyart-elektromos-robogokat-a-volkswagen\\\/#article\",\"isPartOf\":{\"@id\":\"https:\\\/\\\/super-news.info\\\/hu\\\/kinai-ceggel-gyart-elektromos-robogokat-a-volkswagen\\\/\"},\"author\":{\"name\":\"super-news\",\"@id\":\"https:\\\/\\\/super-news.info\\\/hu\\\/#\\\/schema\\\/person\\\/2d4068cb2f39cd10008c2fce578a7356\"},\"headline\":\"K\u00ednai c\u00e9ggel gy\u00e1rt elektromos robog\u00f3kat a Volkswagen\",\"datePublished\":\"2019-05-07T00:04:14+00:00\",\"dateModified\":\"2019-05-07T00:04:15+00:00\",\"mainEntityOfPage\":{\"@id\":\"https:\\\/\\\/super-news.info\\\/hu\\\/kinai-ceggel-gyart-elektromos-robogokat-a-volkswagen\\\/\"},\"wordCount\":286,\"commentCount\":0,\"image\":{\"@id\":\"https:\\\/\\\/super-news.info\\\/hu\\\/kinai-ceggel-gyart-elektromos-robogokat-a-volkswagen\\\/#primaryimage\"},\"thumbnailUrl\":\"https:\\\/\\\/super-news.info\\\/hu\\\/wp-content\\\/uploads\\\/sites\\\/3\\\/2019\\\/05\\\/K\u00ednai-c\u00e9ggel-gy\u00e1rt-elektromos-robog\u00f3kat-a-Volkswagen.jpg\",\"articleSection\":[\"P\u00c9NZ\u00dcGYI H\u00cdREK\"],\"inLanguage\":\"hu\",\"potentialAction\":[{\"@type\":\"CommentAction\",\"name\":\"Comment\",\"target\":[\"https:\\\/\\\/super-news.info\\\/hu\\\/kinai-ceggel-gyart-elektromos-robogokat-a-volkswagen\\\/#respond\"]}]},{\"@type\":\"WebPage\",\"@id\":\"https:\\\/\\\/super-news.info\\\/hu\\\/kinai-ceggel-gyart-elektromos-robogokat-a-volkswagen\\\/\",\"url\":\"https:\\\/\\\/super-news.info\\\/hu\\\/kinai-ceggel-gyart-elektromos-robogokat-a-volkswagen\\\/\",\"name\":\"K\u00ednai c\u00e9ggel gy\u00e1rt elektromos robog\u00f3kat a Volkswagen - Super News\",\"isPartOf\":{\"@id\":\"https:\\\/\\\/super-news.info\\\/hu\\\/#website\"},\"primaryImageOfPage\":{\"@id\":\"https:\\\/\\\/super-news.info\\\/hu\\\/kinai-ceggel-gyart-elektromos-robogokat-a-volkswagen\\\/#primaryimage\"},\"image\":{\"@id\":\"https:\\\/\\\/super-news.info\\\/hu\\\/kinai-ceggel-gyart-elektromos-robogokat-a-volkswagen\\\/#primaryimage\"},\"thumbnailUrl\":\"https:\\\/\\\/super-news.info\\\/hu\\\/wp-content\\\/uploads\\\/sites\\\/3\\\/2019\\\/05\\\/K\u00ednai-c\u00e9ggel-gy\u00e1rt-elektromos-robog\u00f3kat-a-Volkswagen.jpg\",\"datePublished\":\"2019-05-07T00:04:14+00:00\",\"dateModified\":\"2019-05-07T00:04:15+00:00\",\"author\":{\"@id\":\"https:\\\/\\\/super-news.info\\\/hu\\\/#\\\/schema\\\/person\\\/2d4068cb2f39cd10008c2fce578a7356\"},\"breadcrumb\":{\"@id\":\"https:\\\/\\\/super-news.info\\\/hu\\\/kinai-ceggel-gyart-elektromos-robogokat-a-volkswagen\\\/#breadcrumb\"},\"inLanguage\":\"hu\",\"potentialAction\":[{\"@type\":\"ReadAction\",\"target\":[\"https:\\\/\\\/super-news.info\\\/hu\\\/kinai-ceggel-gyart-elektromos-robogokat-a-volkswagen\\\/\"]}]},{\"@type\":\"ImageObject\",\"inLanguage\":\"hu\",\"@id\":\"https:\\\/\\\/super-news.info\\\/hu\\\/kinai-ceggel-gyart-elektromos-robogokat-a-volkswagen\\\/#primaryimage\",\"url\":\"https:\\\/\\\/super-news.info\\\/hu\\\/wp-content\\\/uploads\\\/sites\\\/3\\\/2019\\\/05\\\/K\u00ednai-c\u00e9ggel-gy\u00e1rt-elektromos-robog\u00f3kat-a-Volkswagen.jpg\",\"contentUrl\":\"https:\\\/\\\/super-news.info\\\/hu\\\/wp-content\\\/uploads\\\/sites\\\/3\\\/2019\\\/05\\\/K\u00ednai-c\u00e9ggel-gy\u00e1rt-elektromos-robog\u00f3kat-a-Volkswagen.jpg\",\"width\":1400,\"height\":933,\"caption\":\"K\u00ednai c\u00e9ggel gy\u00e1rt elektromos robog\u00f3kat a Volkswagen\"},{\"@type\":\"BreadcrumbList\",\"@id\":\"https:\\\/\\\/super-news.info\\\/hu\\\/kinai-ceggel-gyart-elektromos-robogokat-a-volkswagen\\\/#breadcrumb\",\"itemListElement\":[{\"@type\":\"ListItem\",\"position\":1,\"name\":\"\u0413\u043b\u0430\u0432\u043d\u0430\u044f \u0441\u0442\u0440\u0430\u043d\u0438\u0446\u0430\",\"item\":\"https:\\\/\\\/super-news.info\\\/hu\\\/\"},{\"@type\":\"ListItem\",\"position\":2,\"name\":\"K\u00ednai c\u00e9ggel gy\u00e1rt elektromos robog\u00f3kat a Volkswagen\"}]},{\"@type\":\"WebSite\",\"@id\":\"https:\\\/\\\/super-news.info\\\/hu\\\/#website\",\"url\":\"https:\\\/\\\/super-news.info\\\/hu\\\/\",\"name\":\"Super News\",\"description\":\"Super News Magyarorsz\u00e1g\",\"potentialAction\":[{\"@type\":\"SearchAction\",\"target\":{\"@type\":\"EntryPoint\",\"urlTemplate\":\"https:\\\/\\\/super-news.info\\\/hu\\\/?s={search_term_string}\"},\"query-input\":{\"@type\":\"PropertyValueSpecification\",\"valueRequired\":true,\"valueName\":\"search_term_string\"}}],\"inLanguage\":\"hu\"},{\"@type\":\"Person\",\"@id\":\"https:\\\/\\\/super-news.info\\\/hu\\\/#\\\/schema\\\/person\\\/2d4068cb2f39cd10008c2fce578a7356\",\"name\":\"super-news\",\"image\":{\"@type\":\"ImageObject\",\"inLanguage\":\"hu\",\"@id\":\"https:\\\/\\\/secure.gravatar.com\\\/avatar\\\/64ebac40b93f26a154f8a9b5b6fdccfc46f442b26b3dd6756dbff3bf9dc76fd7?s=96&d=mm&r=g\",\"url\":\"https:\\\/\\\/secure.gravatar.com\\\/avatar\\\/64ebac40b93f26a154f8a9b5b6fdccfc46f442b26b3dd6756dbff3bf9dc76fd7?s=96&d=mm&r=g\",\"contentUrl\":\"https:\\\/\\\/secure.gravatar.com\\\/avatar\\\/64ebac40b93f26a154f8a9b5b6fdccfc46f442b26b3dd6756dbff3bf9dc76fd7?s=96&d=mm&r=g\",\"caption\":\"super-news\"},\"url\":\"https:\\\/\\\/super-news.info\\\/hu\\\/author\\\/pt\\\/\"}]}<\/script>\n<!-- \/ Yoast SEO plugin. -->","yoast_head_json":{"title":"K\u00ednai c\u00e9ggel gy\u00e1rt elektromos robog\u00f3kat a Volkswagen - Super News","robots":{"index":"index","follow":"follow","max-snippet":"max-snippet:-1","max-image-preview":"max-image-preview:large","max-video-preview":"max-video-preview:-1"},"canonical":"https:\/\/super-news.info\/hu\/kinai-ceggel-gyart-elektromos-robogokat-a-volkswagen\/","og_locale":"hu_HU","og_type":"article","og_title":"K\u00ednai c\u00e9ggel gy\u00e1rt elektromos robog\u00f3kat a Volkswagen - Super News","og_description":"[ad_1] Az egy\u00fcttm\u0171k\u00f6d\u00e9s pontosabb r\u00e9szleteit \u00e9s a gy\u00e1rtani tervezett k\u00e9tkerek\u0171 elektromos j\u00e1rm\u0171 m\u0171szaki param\u00e9tereit a sz\u00f3viv\u0151 nem hozta nyilv\u00e1noss\u00e1gra. Nem k\u00f6z\u00f6lte az elektromos roller\/robog\u00f3 piaci bevezet\u00e9s\u00e9nek tervezett d\u00e1tum\u00e1t sem. Kor\u00e1bban azonban a n\u00e9met Welt lap arr\u00f3l sz\u00e1molt be, hogy a felek a NIU tavalyi Genfi Aut\u00f3szalonon bemutatott \u201eStreetmate\u201d modellj\u00e9nek a k\u00f6z\u00f6s gy\u00e1rt\u00e1s\u00e1ban \u00e1llapodtak meg. A [&hellip;]","og_url":"https:\/\/super-news.info\/hu\/kinai-ceggel-gyart-elektromos-robogokat-a-volkswagen\/","og_site_name":"Super News","article_published_time":"2019-05-07T00:04:14+00:00","article_modified_time":"2019-05-07T00:04:15+00:00","og_image":[{"width":1400,"height":933,"url":"https:\/\/super-news.info\/hu\/wp-content\/uploads\/sites\/3\/2019\/05\/K\u00ednai-c\u00e9ggel-gy\u00e1rt-elektromos-robog\u00f3kat-a-Volkswagen.jpg","type":"image\/jpeg"}],"author":"super-news","twitter_card":"summary_large_image","twitter_misc":{"Szerz\u0151:":"super-news","Becs\u00fclt olvas\u00e1si id\u0151":"1 perc"},"schema":{"@context":"https:\/\/schema.org","@graph":[{"@type":"Article","@id":"https:\/\/super-news.info\/hu\/kinai-ceggel-gyart-elektromos-robogokat-a-volkswagen\/#article","isPartOf":{"@id":"https:\/\/super-news.info\/hu\/kinai-ceggel-gyart-elektromos-robogokat-a-volkswagen\/"},"author":{"name":"super-news","@id":"https:\/\/super-news.info\/hu\/#\/schema\/person\/2d4068cb2f39cd10008c2fce578a7356"},"headline":"K\u00ednai c\u00e9ggel gy\u00e1rt elektromos robog\u00f3kat a Volkswagen","datePublished":"2019-05-07T00:04:14+00:00","dateModified":"2019-05-07T00:04:15+00:00","mainEntityOfPage":{"@id":"https:\/\/super-news.info\/hu\/kinai-ceggel-gyart-elektromos-robogokat-a-volkswagen\/"},"wordCount":286,"commentCount":0,"image":{"@id":"https:\/\/super-news.info\/hu\/kinai-ceggel-gyart-elektromos-robogokat-a-volkswagen\/#primaryimage"},"thumbnailUrl":"https:\/\/super-news.info\/hu\/wp-content\/uploads\/sites\/3\/2019\/05\/K\u00ednai-c\u00e9ggel-gy\u00e1rt-elektromos-robog\u00f3kat-a-Volkswagen.jpg","articleSection":["P\u00c9NZ\u00dcGYI H\u00cdREK"],"inLanguage":"hu","potentialAction":[{"@type":"CommentAction","name":"Comment","target":["https:\/\/super-news.info\/hu\/kinai-ceggel-gyart-elektromos-robogokat-a-volkswagen\/#respond"]}]},{"@type":"WebPage","@id":"https:\/\/super-news.info\/hu\/kinai-ceggel-gyart-elektromos-robogokat-a-volkswagen\/","url":"https:\/\/super-news.info\/hu\/kinai-ceggel-gyart-elektromos-robogokat-a-volkswagen\/","name":"K\u00ednai c\u00e9ggel gy\u00e1rt elektromos robog\u00f3kat a Volkswagen - Super News","isPartOf":{"@id":"https:\/\/super-news.info\/hu\/#website"},"primaryImageOfPage":{"@id":"https:\/\/super-news.info\/hu\/kinai-ceggel-gyart-elektromos-robogokat-a-volkswagen\/#primaryimage"},"image":{"@id":"https:\/\/super-news.info\/hu\/kinai-ceggel-gyart-elektromos-robogokat-a-volkswagen\/#primaryimage"},"thumbnailUrl":"https:\/\/super-news.info\/hu\/wp-content\/uploads\/sites\/3\/2019\/05\/K\u00ednai-c\u00e9ggel-gy\u00e1rt-elektromos-robog\u00f3kat-a-Volkswagen.jpg","datePublished":"2019-05-07T00:04:14+00:00","dateModified":"2019-05-07T00:04:15+00:00","author":{"@id":"https:\/\/super-news.info\/hu\/#\/schema\/person\/2d4068cb2f39cd10008c2fce578a7356"},"breadcrumb":{"@id":"https:\/\/super-news.info\/hu\/kinai-ceggel-gyart-elektromos-robogokat-a-volkswagen\/#breadcrumb"},"inLanguage":"hu","potentialAction":[{"@type":"ReadAction","target":["https:\/\/super-news.info\/hu\/kinai-ceggel-gyart-elektromos-robogokat-a-volkswagen\/"]}]},{"@type":"ImageObject","inLanguage":"hu","@id":"https:\/\/super-news.info\/hu\/kinai-ceggel-gyart-elektromos-robogokat-a-volkswagen\/#primaryimage","url":"https:\/\/super-news.info\/hu\/wp-content\/uploads\/sites\/3\/2019\/05\/K\u00ednai-c\u00e9ggel-gy\u00e1rt-elektromos-robog\u00f3kat-a-Volkswagen.jpg","contentUrl":"https:\/\/super-news.info\/hu\/wp-content\/uploads\/sites\/3\/2019\/05\/K\u00ednai-c\u00e9ggel-gy\u00e1rt-elektromos-robog\u00f3kat-a-Volkswagen.jpg","width":1400,"height":933,"caption":"K\u00ednai c\u00e9ggel gy\u00e1rt elektromos robog\u00f3kat a Volkswagen"},{"@type":"BreadcrumbList","@id":"https:\/\/super-news.info\/hu\/kinai-ceggel-gyart-elektromos-robogokat-a-volkswagen\/#breadcrumb","itemListElement":[{"@type":"ListItem","position":1,"name":"\u0413\u043b\u0430\u0432\u043d\u0430\u044f \u0441\u0442\u0440\u0430\u043d\u0438\u0446\u0430","item":"https:\/\/super-news.info\/hu\/"},{"@type":"ListItem","position":2,"name":"K\u00ednai c\u00e9ggel gy\u00e1rt elektromos robog\u00f3kat a Volkswagen"}]},{"@type":"WebSite","@id":"https:\/\/super-news.info\/hu\/#website","url":"https:\/\/super-news.info\/hu\/","name":"Super News","description":"Super News Magyarorsz\u00e1g","potentialAction":[{"@type":"SearchAction","target":{"@type":"EntryPoint","urlTemplate":"https:\/\/super-news.info\/hu\/?s={search_term_string}"},"query-input":{"@type":"PropertyValueSpecification","valueRequired":true,"valueName":"search_term_string"}}],"inLanguage":"hu"},{"@type":"Person","@id":"https:\/\/super-news.info\/hu\/#\/schema\/person\/2d4068cb2f39cd10008c2fce578a7356","name":"super-news","image":{"@type":"ImageObject","inLanguage":"hu","@id":"https:\/\/secure.gravatar.com\/avatar\/64ebac40b93f26a154f8a9b5b6fdccfc46f442b26b3dd6756dbff3bf9dc76fd7?s=96&d=mm&r=g","url":"https:\/\/secure.gravatar.com\/avatar\/64ebac40b93f26a154f8a9b5b6fdccfc46f442b26b3dd6756dbff3bf9dc76fd7?s=96&d=mm&r=g","contentUrl":"https:\/\/secure.gravatar.com\/avatar\/64ebac40b93f26a154f8a9b5b6fdccfc46f442b26b3dd6756dbff3bf9dc76fd7?s=96&d=mm&r=g","caption":"super-news"},"url":"https:\/\/super-news.info\/hu\/author\/pt\/"}]}},"_links":{"self":[{"href":"https:\/\/super-news.info\/hu\/wp-json\/wp\/v2\/posts\/1453","targetHints":{"allow":["GET"]}}],"collection":[{"href":"https:\/\/super-news.info\/hu\/wp-json\/wp\/v2\/posts"}],"about":[{"href":"https:\/\/super-news.info\/hu\/wp-json\/wp\/v2\/types\/post"}],"author":[{"embeddable":true,"href":"https:\/\/super-news.info\/hu\/wp-json\/wp\/v2\/users\/2"}],"replies":[{"embeddable":true,"href":"https:\/\/super-news.info\/hu\/wp-json\/wp\/v2\/comments?post=1453"}],"version-history":[{"count":1,"href":"https:\/\/super-news.info\/hu\/wp-json\/wp\/v2\/posts\/1453\/revisions"}],"predecessor-version":[{"id":1455,"href":"https:\/\/super-news.info\/hu\/wp-json\/wp\/v2\/posts\/1453\/revisions\/1455"}],"wp:featuredmedia":[{"embeddable":true,"href":"https:\/\/super-news.info\/hu\/wp-json\/wp\/v2\/media\/1454"}],"wp:attachment":[{"href":"https:\/\/super-news.info\/hu\/wp-json\/wp\/v2\/media?parent=1453"}],"wp:term":[{"taxonomy":"category","embeddable":true,"href":"https:\/\/super-news.info\/hu\/wp-json\/wp\/v2\/categories?post=1453"},{"taxonomy":"post_tag","embeddable":true,"href":"https:\/\/super-news.info\/hu\/wp-json\/wp\/v2\/tags?post=1453"}],"curies":[{"name":"wp","href":"https:\/\/api.w.org\/{rel}","templated":true}]}}