{"id":1450,"date":"2019-05-07T02:05:49","date_gmt":"2019-05-06T23:05:49","guid":{"rendered":"https:\/\/super-news.info\/hu\/befeszkelte-magat-a-francia-fovarosba-az-ikea\/"},"modified":"2019-05-07T02:05:50","modified_gmt":"2019-05-06T23:05:50","slug":"befeszkelte-magat-a-francia-fovarosba-az-ikea","status":"publish","type":"post","link":"https:\/\/super-news.info\/hu\/befeszkelte-magat-a-francia-fovarosba-az-ikea\/","title":{"rendered":"Bef\u00e9szkelte mag\u00e1t a francia f\u0151v\u00e1rosba az IKEA"},"content":{"rendered":"<p> [ad_1]<br \/>\n<\/p>\n<p>\n\t\t\t\t\t\t\t\tA b\u00fator-kiskereskedelmi v\u00e1llalat megnyitotta els\u0151 \u00e1ruh\u00e1z\u00e1t P\u00e1rizs k\u00f6zpontj\u00e1ban, a v\u00e1ltoz\u00f3 fogyaszt\u00f3i szok\u00e1sokhoz val\u00f3 alkalmazkod\u00e1s jegy\u00e9ben.\t\t\t\t\t\t\t<\/p>\n<div>\n<p>A vil\u00e1g legnagyobb b\u00fator-kiskereskedelmi v\u00e1llalata kor\u00e1bban \u00e1ltal\u00e1ban a v\u00e1rosok sz\u00e9l\u00e9n \u00e9p\u00edtett hatalmas \u00f6nkiszolg\u00e1l\u00f3 \u00fczleteket, \u00e9s \u00fczleti modellj\u00e9t most igaz\u00edtja hozz\u00e1 az \u00e1gazatban egyre er\u0151sebb verseny felt\u00e9teleihez \u00e9s az internetes v\u00e1s\u00e1rl\u00e1s egyre elterjedtebb\u00e9 v\u00e1l\u00e1s\u00e1hoz.<\/p>\n<p>Az \u00faj \u00e1ruh\u00e1zat h\u00e9tf\u0151n nyitott\u00e1k meg a Madeleine negyedben, ez az IKEA 34. franciaorsz\u00e1gi \u00fczlete.<\/p>\n<blockquote>\n<p>A Madeleine egy \u00faj innovat\u00edv laborteszt sz\u00e1munkra. Ki akarjuk szolg\u00e1lni azokat a v\u00e1s\u00e1rl\u00f3kat, akik ismerik \u00e9s szeretik az IKEA-t, de \u00fagy gondolj\u00e1k, hogy az IKEA t\u00fal messze van<\/p>\n<\/blockquote>\n<p>\u2013 mondta Jesper Brodin, az IKEA-\u00e1ruh\u00e1zak t\u00f6bbs\u00e9g\u00e9t birtokl\u00f3 Ingka csoport vez\u00e9rigazgat\u00f3ja. Hozz\u00e1tette, ha a Madeleine-projekt sikeresnek bizonyul, hasonl\u00f3, v\u00e1rosk\u00f6zponti \u00fczleteket nyitnak Franciaorsz\u00e1gban, de az Egyes\u00fclt \u00c1llamokban \u00e9s Jap\u00e1nban is.<\/p>\n<div id=\"attachment_717551\" style=\"width: 1410px\" class=\"wp-caption aligncenter\">\n<p class=\"wp-caption-text\">Fot\u00f3: AFP<\/p>\n<\/div>\n<p>Az IKEA, amelynek tavalyi \u00e9ves forgalma 39 milli\u00e1rd eur\u00f3 k\u00f6r\u00fcl volt, 400 milli\u00f3 eur\u00f3t tervez beruh\u00e1zni Franciaorsz\u00e1gban a k\u00f6vetkez\u0151 h\u00e1rom \u00e9vben. Ebb\u0151l az \u00f6sszegb\u0151l korszer\u0171s\u00edten\u00e9k a megl\u00e9v\u0151 \u00e1ruh\u00e1zakat, \u00fajakat \u00e9p\u00edten\u00e9nek belv\u00e1rosokban, \u00faj szolg\u00e1ltat\u00e1sokat k\u00edn\u00e1ln\u00e1nak \u00e9s jav\u00edtan\u00e1k az internetes el\u00e9rhet\u0151s\u00e9geket.<\/p>\n<p>N\u00e9metorsz\u00e1g \u00e9s az Egyes\u00fclt \u00c1llamok ut\u00e1n Franciaorsz\u00e1g az IKEA harmadik legnagyobb piaca.<\/p>\n<p>Az \u00faj p\u00e1rizsi \u00e1ruh\u00e1z k\u00e9tszintes, az 5400 n\u00e9gyzetm\u00e9teres ter\u00fcleten 140 alkalmazott seg\u00edti a fogyaszt\u00f3kat a v\u00e1s\u00e1rl\u00e1sban. Az \u00e1ruh\u00e1zban sal\u00e1tab\u00e1r \u00e9s \u00e9tterem v\u00e1rja a vend\u00e9geket, az \u00e9rdekl\u0151d\u0151k lakberendez\u00e9si, lak\u00e1sfel\u00faj\u00edt\u00e1si \u00e9s b\u00fatorjav\u00edt\u00e1si, valamint f\u0151z\u0151tanfolyamokon is r\u00e9szt vehetnek.<\/p>\n<p>Az IKEA nagyj\u00e1b\u00f3l t\u00edzezer embernek ad munk\u00e1t Franciaorsz\u00e1gban. A 2017\/18-as p\u00e9nz\u00fcgyi \u00e9vben a munkav\u00e1llal\u00f3k b\u00e9rt\u00f6mege 3 sz\u00e1zal\u00e9kkal 2,83 milli\u00e1rd eur\u00f3ra n\u0151tt.<\/p>\n<\/p><\/div>\n<p><script>\n    window.fbAsyncInit = function() {\n        FB.init({\n            appId      : \"204760236815359\",\n            xfbml      : true,\n            version    : \"v2.12\"\n        });\n        FB.AppEvents.logPageView();\n    };<\/p>\n<p>    (function(d, s, id){\n        var js, fjs = d.getElementsByTagName(s)[0];\n        if (d.getElementById(id)) {return;}\n        js = d.createElement(s); js.id = id;\n        js.src = \"http:\/\/connect.facebook.net\/hu_HU\/sdk.js\";\n        fjs.parentNode.insertBefore(js, fjs);\n    }(document, \"script\", \"facebook-jssdk\"));\n<\/script><br \/>\n<br \/>[ad_2]<br \/>\n<br \/><a href=\"https:\/\/www.vg.hu\/vallalatok\/kereskedelem\/befeszkelte-magat-a-francia-fovarosba-az-ikea-1495714\/\">Source link <\/a><\/p>\n","protected":false},"excerpt":{"rendered":"<p>[ad_1] A b\u00fator-kiskereskedelmi v\u00e1llalat megnyitotta els\u0151 \u00e1ruh\u00e1z\u00e1t P\u00e1rizs k\u00f6zpontj\u00e1ban, a v\u00e1ltoz\u00f3 fogyaszt\u00f3i szok\u00e1sokhoz val\u00f3 alkalmazkod\u00e1s jegy\u00e9ben. A vil\u00e1g legnagyobb b\u00fator-kiskereskedelmi v\u00e1llalata kor\u00e1bban \u00e1ltal\u00e1ban a v\u00e1rosok sz\u00e9l\u00e9n \u00e9p\u00edtett hatalmas \u00f6nkiszolg\u00e1l\u00f3 \u00fczleteket, \u00e9s \u00fczleti modellj\u00e9t most igaz\u00edtja hozz\u00e1 az \u00e1gazatban egyre er\u0151sebb verseny felt\u00e9teleihez \u00e9s az internetes v\u00e1s\u00e1rl\u00e1s egyre elterjedtebb\u00e9 v\u00e1l\u00e1s\u00e1hoz. Az \u00faj \u00e1ruh\u00e1zat h\u00e9tf\u0151n nyitott\u00e1k meg [&hellip;]<\/p>\n","protected":false},"author":2,"featured_media":1451,"comment_status":"open","ping_status":"open","sticky":false,"template":"","format":"standard","meta":{"footnotes":""},"categories":[1],"tags":[],"class_list":["post-1450","post","type-post","status-publish","format-standard","has-post-thumbnail","hentry","category-penzugyi-hirek"],"yoast_head":"<!-- This site is optimized with the Yoast SEO plugin v27.4 - https:\/\/yoast.com\/product\/yoast-seo-wordpress\/ -->\n<title>Bef\u00e9szkelte mag\u00e1t a francia f\u0151v\u00e1rosba az IKEA - Super News<\/title>\n<meta name=\"robots\" content=\"index, follow, max-snippet:-1, max-image-preview:large, max-video-preview:-1\" \/>\n<link rel=\"canonical\" href=\"https:\/\/super-news.info\/hu\/befeszkelte-magat-a-francia-fovarosba-az-ikea\/\" \/>\n<meta property=\"og:locale\" content=\"hu_HU\" \/>\n<meta property=\"og:type\" content=\"article\" \/>\n<meta property=\"og:title\" content=\"Bef\u00e9szkelte mag\u00e1t a francia f\u0151v\u00e1rosba az IKEA - Super News\" \/>\n<meta property=\"og:description\" content=\"[ad_1] A b\u00fator-kiskereskedelmi v\u00e1llalat megnyitotta els\u0151 \u00e1ruh\u00e1z\u00e1t P\u00e1rizs k\u00f6zpontj\u00e1ban, a v\u00e1ltoz\u00f3 fogyaszt\u00f3i szok\u00e1sokhoz val\u00f3 alkalmazkod\u00e1s jegy\u00e9ben. A vil\u00e1g legnagyobb b\u00fator-kiskereskedelmi v\u00e1llalata kor\u00e1bban \u00e1ltal\u00e1ban a v\u00e1rosok sz\u00e9l\u00e9n \u00e9p\u00edtett hatalmas \u00f6nkiszolg\u00e1l\u00f3 \u00fczleteket, \u00e9s \u00fczleti modellj\u00e9t most igaz\u00edtja hozz\u00e1 az \u00e1gazatban egyre er\u0151sebb verseny felt\u00e9teleihez \u00e9s az internetes v\u00e1s\u00e1rl\u00e1s egyre elterjedtebb\u00e9 v\u00e1l\u00e1s\u00e1hoz. Az \u00faj \u00e1ruh\u00e1zat h\u00e9tf\u0151n nyitott\u00e1k meg [&hellip;]\" \/>\n<meta property=\"og:url\" content=\"https:\/\/super-news.info\/hu\/befeszkelte-magat-a-francia-fovarosba-az-ikea\/\" \/>\n<meta property=\"og:site_name\" content=\"Super News\" \/>\n<meta property=\"article:published_time\" content=\"2019-05-06T23:05:49+00:00\" \/>\n<meta property=\"article:modified_time\" content=\"2019-05-06T23:05:50+00:00\" \/>\n<meta property=\"og:image\" content=\"https:\/\/super-news.info\/hu\/wp-content\/uploads\/sites\/3\/2019\/05\/Bef\u00e9szkelte-mag\u00e1t-a-francia-f\u0151v\u00e1rosba-az-IKEA.jpg\" \/>\n\t<meta property=\"og:image:width\" content=\"1400\" \/>\n\t<meta property=\"og:image:height\" content=\"932\" \/>\n\t<meta property=\"og:image:type\" content=\"image\/jpeg\" \/>\n<meta name=\"author\" content=\"super-news\" \/>\n<meta name=\"twitter:card\" content=\"summary_large_image\" \/>\n<meta name=\"twitter:label1\" content=\"Szerz\u0151:\" \/>\n\t<meta name=\"twitter:data1\" content=\"super-news\" \/>\n\t<meta name=\"twitter:label2\" content=\"Becs\u00fclt olvas\u00e1si id\u0151\" \/>\n\t<meta name=\"twitter:data2\" content=\"2 perc\" \/>\n<script type=\"application\/ld+json\" class=\"yoast-schema-graph\">{\"@context\":\"https:\\\/\\\/schema.org\",\"@graph\":[{\"@type\":\"Article\",\"@id\":\"https:\\\/\\\/super-news.info\\\/hu\\\/befeszkelte-magat-a-francia-fovarosba-az-ikea\\\/#article\",\"isPartOf\":{\"@id\":\"https:\\\/\\\/super-news.info\\\/hu\\\/befeszkelte-magat-a-francia-fovarosba-az-ikea\\\/\"},\"author\":{\"name\":\"super-news\",\"@id\":\"https:\\\/\\\/super-news.info\\\/hu\\\/#\\\/schema\\\/person\\\/2d4068cb2f39cd10008c2fce578a7356\"},\"headline\":\"Bef\u00e9szkelte mag\u00e1t a francia f\u0151v\u00e1rosba az IKEA\",\"datePublished\":\"2019-05-06T23:05:49+00:00\",\"dateModified\":\"2019-05-06T23:05:50+00:00\",\"mainEntityOfPage\":{\"@id\":\"https:\\\/\\\/super-news.info\\\/hu\\\/befeszkelte-magat-a-francia-fovarosba-az-ikea\\\/\"},\"wordCount\":372,\"commentCount\":0,\"image\":{\"@id\":\"https:\\\/\\\/super-news.info\\\/hu\\\/befeszkelte-magat-a-francia-fovarosba-az-ikea\\\/#primaryimage\"},\"thumbnailUrl\":\"https:\\\/\\\/super-news.info\\\/hu\\\/wp-content\\\/uploads\\\/sites\\\/3\\\/2019\\\/05\\\/Bef\u00e9szkelte-mag\u00e1t-a-francia-f\u0151v\u00e1rosba-az-IKEA.jpg\",\"articleSection\":[\"P\u00c9NZ\u00dcGYI H\u00cdREK\"],\"inLanguage\":\"hu\",\"potentialAction\":[{\"@type\":\"CommentAction\",\"name\":\"Comment\",\"target\":[\"https:\\\/\\\/super-news.info\\\/hu\\\/befeszkelte-magat-a-francia-fovarosba-az-ikea\\\/#respond\"]}]},{\"@type\":\"WebPage\",\"@id\":\"https:\\\/\\\/super-news.info\\\/hu\\\/befeszkelte-magat-a-francia-fovarosba-az-ikea\\\/\",\"url\":\"https:\\\/\\\/super-news.info\\\/hu\\\/befeszkelte-magat-a-francia-fovarosba-az-ikea\\\/\",\"name\":\"Bef\u00e9szkelte mag\u00e1t a francia f\u0151v\u00e1rosba az IKEA - Super News\",\"isPartOf\":{\"@id\":\"https:\\\/\\\/super-news.info\\\/hu\\\/#website\"},\"primaryImageOfPage\":{\"@id\":\"https:\\\/\\\/super-news.info\\\/hu\\\/befeszkelte-magat-a-francia-fovarosba-az-ikea\\\/#primaryimage\"},\"image\":{\"@id\":\"https:\\\/\\\/super-news.info\\\/hu\\\/befeszkelte-magat-a-francia-fovarosba-az-ikea\\\/#primaryimage\"},\"thumbnailUrl\":\"https:\\\/\\\/super-news.info\\\/hu\\\/wp-content\\\/uploads\\\/sites\\\/3\\\/2019\\\/05\\\/Bef\u00e9szkelte-mag\u00e1t-a-francia-f\u0151v\u00e1rosba-az-IKEA.jpg\",\"datePublished\":\"2019-05-06T23:05:49+00:00\",\"dateModified\":\"2019-05-06T23:05:50+00:00\",\"author\":{\"@id\":\"https:\\\/\\\/super-news.info\\\/hu\\\/#\\\/schema\\\/person\\\/2d4068cb2f39cd10008c2fce578a7356\"},\"breadcrumb\":{\"@id\":\"https:\\\/\\\/super-news.info\\\/hu\\\/befeszkelte-magat-a-francia-fovarosba-az-ikea\\\/#breadcrumb\"},\"inLanguage\":\"hu\",\"potentialAction\":[{\"@type\":\"ReadAction\",\"target\":[\"https:\\\/\\\/super-news.info\\\/hu\\\/befeszkelte-magat-a-francia-fovarosba-az-ikea\\\/\"]}]},{\"@type\":\"ImageObject\",\"inLanguage\":\"hu\",\"@id\":\"https:\\\/\\\/super-news.info\\\/hu\\\/befeszkelte-magat-a-francia-fovarosba-az-ikea\\\/#primaryimage\",\"url\":\"https:\\\/\\\/super-news.info\\\/hu\\\/wp-content\\\/uploads\\\/sites\\\/3\\\/2019\\\/05\\\/Bef\u00e9szkelte-mag\u00e1t-a-francia-f\u0151v\u00e1rosba-az-IKEA.jpg\",\"contentUrl\":\"https:\\\/\\\/super-news.info\\\/hu\\\/wp-content\\\/uploads\\\/sites\\\/3\\\/2019\\\/05\\\/Bef\u00e9szkelte-mag\u00e1t-a-francia-f\u0151v\u00e1rosba-az-IKEA.jpg\",\"width\":1400,\"height\":932,\"caption\":\"Bef\u00e9szkelte mag\u00e1t a francia f\u0151v\u00e1rosba az IKEA\"},{\"@type\":\"BreadcrumbList\",\"@id\":\"https:\\\/\\\/super-news.info\\\/hu\\\/befeszkelte-magat-a-francia-fovarosba-az-ikea\\\/#breadcrumb\",\"itemListElement\":[{\"@type\":\"ListItem\",\"position\":1,\"name\":\"\u0413\u043b\u0430\u0432\u043d\u0430\u044f \u0441\u0442\u0440\u0430\u043d\u0438\u0446\u0430\",\"item\":\"https:\\\/\\\/super-news.info\\\/hu\\\/\"},{\"@type\":\"ListItem\",\"position\":2,\"name\":\"Bef\u00e9szkelte mag\u00e1t a francia f\u0151v\u00e1rosba az IKEA\"}]},{\"@type\":\"WebSite\",\"@id\":\"https:\\\/\\\/super-news.info\\\/hu\\\/#website\",\"url\":\"https:\\\/\\\/super-news.info\\\/hu\\\/\",\"name\":\"Super News\",\"description\":\"Super News Magyarorsz\u00e1g\",\"potentialAction\":[{\"@type\":\"SearchAction\",\"target\":{\"@type\":\"EntryPoint\",\"urlTemplate\":\"https:\\\/\\\/super-news.info\\\/hu\\\/?s={search_term_string}\"},\"query-input\":{\"@type\":\"PropertyValueSpecification\",\"valueRequired\":true,\"valueName\":\"search_term_string\"}}],\"inLanguage\":\"hu\"},{\"@type\":\"Person\",\"@id\":\"https:\\\/\\\/super-news.info\\\/hu\\\/#\\\/schema\\\/person\\\/2d4068cb2f39cd10008c2fce578a7356\",\"name\":\"super-news\",\"image\":{\"@type\":\"ImageObject\",\"inLanguage\":\"hu\",\"@id\":\"https:\\\/\\\/secure.gravatar.com\\\/avatar\\\/64ebac40b93f26a154f8a9b5b6fdccfc46f442b26b3dd6756dbff3bf9dc76fd7?s=96&d=mm&r=g\",\"url\":\"https:\\\/\\\/secure.gravatar.com\\\/avatar\\\/64ebac40b93f26a154f8a9b5b6fdccfc46f442b26b3dd6756dbff3bf9dc76fd7?s=96&d=mm&r=g\",\"contentUrl\":\"https:\\\/\\\/secure.gravatar.com\\\/avatar\\\/64ebac40b93f26a154f8a9b5b6fdccfc46f442b26b3dd6756dbff3bf9dc76fd7?s=96&d=mm&r=g\",\"caption\":\"super-news\"},\"url\":\"https:\\\/\\\/super-news.info\\\/hu\\\/author\\\/pt\\\/\"}]}<\/script>\n<!-- \/ Yoast SEO plugin. -->","yoast_head_json":{"title":"Bef\u00e9szkelte mag\u00e1t a francia f\u0151v\u00e1rosba az IKEA - Super News","robots":{"index":"index","follow":"follow","max-snippet":"max-snippet:-1","max-image-preview":"max-image-preview:large","max-video-preview":"max-video-preview:-1"},"canonical":"https:\/\/super-news.info\/hu\/befeszkelte-magat-a-francia-fovarosba-az-ikea\/","og_locale":"hu_HU","og_type":"article","og_title":"Bef\u00e9szkelte mag\u00e1t a francia f\u0151v\u00e1rosba az IKEA - Super News","og_description":"[ad_1] A b\u00fator-kiskereskedelmi v\u00e1llalat megnyitotta els\u0151 \u00e1ruh\u00e1z\u00e1t P\u00e1rizs k\u00f6zpontj\u00e1ban, a v\u00e1ltoz\u00f3 fogyaszt\u00f3i szok\u00e1sokhoz val\u00f3 alkalmazkod\u00e1s jegy\u00e9ben. A vil\u00e1g legnagyobb b\u00fator-kiskereskedelmi v\u00e1llalata kor\u00e1bban \u00e1ltal\u00e1ban a v\u00e1rosok sz\u00e9l\u00e9n \u00e9p\u00edtett hatalmas \u00f6nkiszolg\u00e1l\u00f3 \u00fczleteket, \u00e9s \u00fczleti modellj\u00e9t most igaz\u00edtja hozz\u00e1 az \u00e1gazatban egyre er\u0151sebb verseny felt\u00e9teleihez \u00e9s az internetes v\u00e1s\u00e1rl\u00e1s egyre elterjedtebb\u00e9 v\u00e1l\u00e1s\u00e1hoz. Az \u00faj \u00e1ruh\u00e1zat h\u00e9tf\u0151n nyitott\u00e1k meg [&hellip;]","og_url":"https:\/\/super-news.info\/hu\/befeszkelte-magat-a-francia-fovarosba-az-ikea\/","og_site_name":"Super News","article_published_time":"2019-05-06T23:05:49+00:00","article_modified_time":"2019-05-06T23:05:50+00:00","og_image":[{"width":1400,"height":932,"url":"https:\/\/super-news.info\/hu\/wp-content\/uploads\/sites\/3\/2019\/05\/Bef\u00e9szkelte-mag\u00e1t-a-francia-f\u0151v\u00e1rosba-az-IKEA.jpg","type":"image\/jpeg"}],"author":"super-news","twitter_card":"summary_large_image","twitter_misc":{"Szerz\u0151:":"super-news","Becs\u00fclt olvas\u00e1si id\u0151":"2 perc"},"schema":{"@context":"https:\/\/schema.org","@graph":[{"@type":"Article","@id":"https:\/\/super-news.info\/hu\/befeszkelte-magat-a-francia-fovarosba-az-ikea\/#article","isPartOf":{"@id":"https:\/\/super-news.info\/hu\/befeszkelte-magat-a-francia-fovarosba-az-ikea\/"},"author":{"name":"super-news","@id":"https:\/\/super-news.info\/hu\/#\/schema\/person\/2d4068cb2f39cd10008c2fce578a7356"},"headline":"Bef\u00e9szkelte mag\u00e1t a francia f\u0151v\u00e1rosba az IKEA","datePublished":"2019-05-06T23:05:49+00:00","dateModified":"2019-05-06T23:05:50+00:00","mainEntityOfPage":{"@id":"https:\/\/super-news.info\/hu\/befeszkelte-magat-a-francia-fovarosba-az-ikea\/"},"wordCount":372,"commentCount":0,"image":{"@id":"https:\/\/super-news.info\/hu\/befeszkelte-magat-a-francia-fovarosba-az-ikea\/#primaryimage"},"thumbnailUrl":"https:\/\/super-news.info\/hu\/wp-content\/uploads\/sites\/3\/2019\/05\/Bef\u00e9szkelte-mag\u00e1t-a-francia-f\u0151v\u00e1rosba-az-IKEA.jpg","articleSection":["P\u00c9NZ\u00dcGYI H\u00cdREK"],"inLanguage":"hu","potentialAction":[{"@type":"CommentAction","name":"Comment","target":["https:\/\/super-news.info\/hu\/befeszkelte-magat-a-francia-fovarosba-az-ikea\/#respond"]}]},{"@type":"WebPage","@id":"https:\/\/super-news.info\/hu\/befeszkelte-magat-a-francia-fovarosba-az-ikea\/","url":"https:\/\/super-news.info\/hu\/befeszkelte-magat-a-francia-fovarosba-az-ikea\/","name":"Bef\u00e9szkelte mag\u00e1t a francia f\u0151v\u00e1rosba az IKEA - Super News","isPartOf":{"@id":"https:\/\/super-news.info\/hu\/#website"},"primaryImageOfPage":{"@id":"https:\/\/super-news.info\/hu\/befeszkelte-magat-a-francia-fovarosba-az-ikea\/#primaryimage"},"image":{"@id":"https:\/\/super-news.info\/hu\/befeszkelte-magat-a-francia-fovarosba-az-ikea\/#primaryimage"},"thumbnailUrl":"https:\/\/super-news.info\/hu\/wp-content\/uploads\/sites\/3\/2019\/05\/Bef\u00e9szkelte-mag\u00e1t-a-francia-f\u0151v\u00e1rosba-az-IKEA.jpg","datePublished":"2019-05-06T23:05:49+00:00","dateModified":"2019-05-06T23:05:50+00:00","author":{"@id":"https:\/\/super-news.info\/hu\/#\/schema\/person\/2d4068cb2f39cd10008c2fce578a7356"},"breadcrumb":{"@id":"https:\/\/super-news.info\/hu\/befeszkelte-magat-a-francia-fovarosba-az-ikea\/#breadcrumb"},"inLanguage":"hu","potentialAction":[{"@type":"ReadAction","target":["https:\/\/super-news.info\/hu\/befeszkelte-magat-a-francia-fovarosba-az-ikea\/"]}]},{"@type":"ImageObject","inLanguage":"hu","@id":"https:\/\/super-news.info\/hu\/befeszkelte-magat-a-francia-fovarosba-az-ikea\/#primaryimage","url":"https:\/\/super-news.info\/hu\/wp-content\/uploads\/sites\/3\/2019\/05\/Bef\u00e9szkelte-mag\u00e1t-a-francia-f\u0151v\u00e1rosba-az-IKEA.jpg","contentUrl":"https:\/\/super-news.info\/hu\/wp-content\/uploads\/sites\/3\/2019\/05\/Bef\u00e9szkelte-mag\u00e1t-a-francia-f\u0151v\u00e1rosba-az-IKEA.jpg","width":1400,"height":932,"caption":"Bef\u00e9szkelte mag\u00e1t a francia f\u0151v\u00e1rosba az IKEA"},{"@type":"BreadcrumbList","@id":"https:\/\/super-news.info\/hu\/befeszkelte-magat-a-francia-fovarosba-az-ikea\/#breadcrumb","itemListElement":[{"@type":"ListItem","position":1,"name":"\u0413\u043b\u0430\u0432\u043d\u0430\u044f \u0441\u0442\u0440\u0430\u043d\u0438\u0446\u0430","item":"https:\/\/super-news.info\/hu\/"},{"@type":"ListItem","position":2,"name":"Bef\u00e9szkelte mag\u00e1t a francia f\u0151v\u00e1rosba az IKEA"}]},{"@type":"WebSite","@id":"https:\/\/super-news.info\/hu\/#website","url":"https:\/\/super-news.info\/hu\/","name":"Super News","description":"Super News Magyarorsz\u00e1g","potentialAction":[{"@type":"SearchAction","target":{"@type":"EntryPoint","urlTemplate":"https:\/\/super-news.info\/hu\/?s={search_term_string}"},"query-input":{"@type":"PropertyValueSpecification","valueRequired":true,"valueName":"search_term_string"}}],"inLanguage":"hu"},{"@type":"Person","@id":"https:\/\/super-news.info\/hu\/#\/schema\/person\/2d4068cb2f39cd10008c2fce578a7356","name":"super-news","image":{"@type":"ImageObject","inLanguage":"hu","@id":"https:\/\/secure.gravatar.com\/avatar\/64ebac40b93f26a154f8a9b5b6fdccfc46f442b26b3dd6756dbff3bf9dc76fd7?s=96&d=mm&r=g","url":"https:\/\/secure.gravatar.com\/avatar\/64ebac40b93f26a154f8a9b5b6fdccfc46f442b26b3dd6756dbff3bf9dc76fd7?s=96&d=mm&r=g","contentUrl":"https:\/\/secure.gravatar.com\/avatar\/64ebac40b93f26a154f8a9b5b6fdccfc46f442b26b3dd6756dbff3bf9dc76fd7?s=96&d=mm&r=g","caption":"super-news"},"url":"https:\/\/super-news.info\/hu\/author\/pt\/"}]}},"_links":{"self":[{"href":"https:\/\/super-news.info\/hu\/wp-json\/wp\/v2\/posts\/1450","targetHints":{"allow":["GET"]}}],"collection":[{"href":"https:\/\/super-news.info\/hu\/wp-json\/wp\/v2\/posts"}],"about":[{"href":"https:\/\/super-news.info\/hu\/wp-json\/wp\/v2\/types\/post"}],"author":[{"embeddable":true,"href":"https:\/\/super-news.info\/hu\/wp-json\/wp\/v2\/users\/2"}],"replies":[{"embeddable":true,"href":"https:\/\/super-news.info\/hu\/wp-json\/wp\/v2\/comments?post=1450"}],"version-history":[{"count":1,"href":"https:\/\/super-news.info\/hu\/wp-json\/wp\/v2\/posts\/1450\/revisions"}],"predecessor-version":[{"id":1452,"href":"https:\/\/super-news.info\/hu\/wp-json\/wp\/v2\/posts\/1450\/revisions\/1452"}],"wp:featuredmedia":[{"embeddable":true,"href":"https:\/\/super-news.info\/hu\/wp-json\/wp\/v2\/media\/1451"}],"wp:attachment":[{"href":"https:\/\/super-news.info\/hu\/wp-json\/wp\/v2\/media?parent=1450"}],"wp:term":[{"taxonomy":"category","embeddable":true,"href":"https:\/\/super-news.info\/hu\/wp-json\/wp\/v2\/categories?post=1450"},{"taxonomy":"post_tag","embeddable":true,"href":"https:\/\/super-news.info\/hu\/wp-json\/wp\/v2\/tags?post=1450"}],"curies":[{"name":"wp","href":"https:\/\/api.w.org\/{rel}","templated":true}]}}