{"id":1435,"date":"2019-05-06T19:11:15","date_gmt":"2019-05-06T16:11:15","guid":{"rendered":"https:\/\/super-news.info\/hu\/nem-mindennapi-veszteseggel-zart-europa\/"},"modified":"2019-05-06T19:11:17","modified_gmt":"2019-05-06T16:11:17","slug":"nem-mindennapi-veszteseggel-zart-europa","status":"publish","type":"post","link":"https:\/\/super-news.info\/hu\/nem-mindennapi-veszteseggel-zart-europa\/","title":{"rendered":"Nem mindennapi vesztes\u00e9ggel z\u00e1rt Eur\u00f3pa"},"content":{"rendered":"<p> [ad_1]<br \/>\n<\/p>\n<p>\n\t\t\t\t\t\t\t\tNegat\u00edv kezd\u00e9s ut\u00e1n nagy vesztes\u00e9ggel fejezt\u00e9k be a h\u00e9tf\u0151i keresked\u00e9st a f\u0151bb eur\u00f3pai \u00e9rt\u00e9kpap\u00edrpiacok.\t\t\t\t\t\t\t<\/p>\n<div>\n<p>Az eur\u00f3pai keresked\u00e9si id\u0151 v\u00e9g\u00e9n a Stoxx 600 p\u00e1neur\u00f3pai index 1,03 sz\u00e1zal\u00e9k vesztes\u00e9get mutatott, az eur\u00f3\u00f6vezeti EuroStoxx50 index pedig 1,07 sz\u00e1zal\u00e9kkal gyeng\u00fclt.<\/p>\n<ul>\n<li>Londonban banksz\u00fcnnap miatt h\u00e9tf\u0151n z\u00e1rva voltak az \u00e9rt\u00e9kpap\u00edrpiacok.<\/li>\n<li>Frankfurtban 0,97 sz\u00e1zal\u00e9kkal cs\u00f6kkent z\u00e1r\u00e1sra a DAX index,<\/li>\n<li>a p\u00e1rizsi CAC-40 index 1,09 sz\u00e1zal\u00e9kkal gyeng\u00fclt.<\/li>\n<\/ul>\n<p>Napk\u00f6zben mindk\u00e9t index k\u00e9t sz\u00e1zal\u00e9kot meghalad\u00f3 vesztes\u00e9gben is j\u00e1rt. Madridban 0,64 sz\u00e1zal\u00e9kot, Mil\u00e1n\u00f3ban 1,47 sz\u00e1zal\u00e9kot vesz\u00edtett \u00e9rt\u00e9k\u00e9b\u0151l z\u00e1r\u00e1sra a vezet\u0151 t\u0151zsdeindex.<\/p>\n<div id=\"attachment_1492510\" style=\"width: 1410px\" class=\"wp-caption aligncenter\">\n<p class=\"wp-caption-text\">Fot\u00f3: MARC TIRL \/ DPA \/ AFP<\/p>\n<\/div>\n<p>H\u00e9tf\u0151n vil\u00e1gszerte az amerikai-k\u00ednai kereskedelmi visz\u00e1ly val\u00f3sz\u00edn\u0171 elm\u00e9rgesed\u00e9s\u00e9re ir\u00e1nyult a befektet\u0151i figyelem. Donald Trump amerikai eln\u00f6k egy vas\u00e1rnapi Twitter \u00fczenetben annak a sz\u00e1nd\u00e9k\u00e1nak adott hangot, hogy a kereskedelmi t\u00e1rgyal\u00e1sok vontatott el\u0151rehalad\u00e1sa miatt m\u00e1jus 10-\u00e9n 200 milli\u00e1rd doll\u00e1r \u00e9rt\u00e9k\u0171 k\u00ednai \u00e1ruimport v\u00e1mt\u00e9tel\u00e9t 10 sz\u00e1zal\u00e9kr\u00f3l 25 sz\u00e1zal\u00e9kra emeli. Kil\u00e1t\u00e1sba helyezte egy\u00fattal, hogy k\u00f6vetkez\u0151 l\u00e9p\u00e9sk\u00e9nt tov\u00e1bbi 325 milli\u00e1rd doll\u00e1rnyi k\u00ednai import v\u00e1mj\u00e1t emeli meg szint\u00e9n 25 sz\u00e1zal\u00e9kra.<\/p>\n<div class=\"aframe\">\n<h3>Gyeng\u00e9lkedett a pesti t\u0151zsde<\/h3>\n<p>A Budapesti \u00c9rt\u00e9kt\u0151zsde r\u00e9szv\u00e9nyindexe, a BUX 228,01 pontos, 0,55 sz\u00e1zal\u00e9kos cs\u00f6kken\u00e9ssel, 41 547,35 ponton z\u00e1rt.<\/p>\n<\/div>\n<p>\u00a0<\/p>\n<\/p><\/div>\n<p><script>\n    window.fbAsyncInit = function() {\n        FB.init({\n            appId      : \"204760236815359\",\n            xfbml      : true,\n            version    : \"v2.12\"\n        });\n        FB.AppEvents.logPageView();\n    };<\/p>\n<p>    (function(d, s, id){\n        var js, fjs = d.getElementsByTagName(s)[0];\n        if (d.getElementById(id)) {return;}\n        js = d.createElement(s); js.id = id;\n        js.src = \"http:\/\/connect.facebook.net\/hu_HU\/sdk.js\";\n        fjs.parentNode.insertBefore(js, fjs);\n    }(document, \"script\", \"facebook-jssdk\"));\n<\/script><br \/>\n<br \/>[ad_2]<br \/>\n<br \/><a href=\"https:\/\/www.vg.hu\/penzugy\/tozsde\/nem-mindennapi-veszteseggel-zart-europa-1496284\/\">Source link <\/a><\/p>\n","protected":false},"excerpt":{"rendered":"<p>[ad_1] Negat\u00edv kezd\u00e9s ut\u00e1n nagy vesztes\u00e9ggel fejezt\u00e9k be a h\u00e9tf\u0151i keresked\u00e9st a f\u0151bb eur\u00f3pai \u00e9rt\u00e9kpap\u00edrpiacok. Az eur\u00f3pai keresked\u00e9si id\u0151 v\u00e9g\u00e9n a Stoxx 600 p\u00e1neur\u00f3pai index 1,03 sz\u00e1zal\u00e9k vesztes\u00e9get mutatott, az eur\u00f3\u00f6vezeti EuroStoxx50 index pedig 1,07 sz\u00e1zal\u00e9kkal gyeng\u00fclt. Londonban banksz\u00fcnnap miatt h\u00e9tf\u0151n z\u00e1rva voltak az \u00e9rt\u00e9kpap\u00edrpiacok. Frankfurtban 0,97 sz\u00e1zal\u00e9kkal cs\u00f6kkent z\u00e1r\u00e1sra a DAX index, a p\u00e1rizsi [&hellip;]<\/p>\n","protected":false},"author":2,"featured_media":1436,"comment_status":"open","ping_status":"open","sticky":false,"template":"","format":"standard","meta":{"footnotes":""},"categories":[1],"tags":[],"class_list":["post-1435","post","type-post","status-publish","format-standard","has-post-thumbnail","hentry","category-penzugyi-hirek"],"yoast_head":"<!-- This site is optimized with the Yoast SEO plugin v27.4 - https:\/\/yoast.com\/product\/yoast-seo-wordpress\/ -->\n<title>Nem mindennapi vesztes\u00e9ggel z\u00e1rt Eur\u00f3pa - Super News<\/title>\n<meta name=\"robots\" content=\"index, follow, max-snippet:-1, max-image-preview:large, max-video-preview:-1\" \/>\n<link rel=\"canonical\" href=\"https:\/\/super-news.info\/hu\/nem-mindennapi-veszteseggel-zart-europa\/\" \/>\n<meta property=\"og:locale\" content=\"hu_HU\" \/>\n<meta property=\"og:type\" content=\"article\" \/>\n<meta property=\"og:title\" content=\"Nem mindennapi vesztes\u00e9ggel z\u00e1rt Eur\u00f3pa - Super News\" \/>\n<meta property=\"og:description\" content=\"[ad_1] Negat\u00edv kezd\u00e9s ut\u00e1n nagy vesztes\u00e9ggel fejezt\u00e9k be a h\u00e9tf\u0151i keresked\u00e9st a f\u0151bb eur\u00f3pai \u00e9rt\u00e9kpap\u00edrpiacok. Az eur\u00f3pai keresked\u00e9si id\u0151 v\u00e9g\u00e9n a Stoxx 600 p\u00e1neur\u00f3pai index 1,03 sz\u00e1zal\u00e9k vesztes\u00e9get mutatott, az eur\u00f3\u00f6vezeti EuroStoxx50 index pedig 1,07 sz\u00e1zal\u00e9kkal gyeng\u00fclt. Londonban banksz\u00fcnnap miatt h\u00e9tf\u0151n z\u00e1rva voltak az \u00e9rt\u00e9kpap\u00edrpiacok. Frankfurtban 0,97 sz\u00e1zal\u00e9kkal cs\u00f6kkent z\u00e1r\u00e1sra a DAX index, a p\u00e1rizsi [&hellip;]\" \/>\n<meta property=\"og:url\" content=\"https:\/\/super-news.info\/hu\/nem-mindennapi-veszteseggel-zart-europa\/\" \/>\n<meta property=\"og:site_name\" content=\"Super News\" \/>\n<meta property=\"article:published_time\" content=\"2019-05-06T16:11:15+00:00\" \/>\n<meta property=\"article:modified_time\" content=\"2019-05-06T16:11:17+00:00\" \/>\n<meta property=\"og:image\" content=\"https:\/\/super-news.info\/hu\/wp-content\/uploads\/sites\/3\/2019\/05\/Nem-mindennapi-vesztes\u00e9ggel-z\u00e1rt-Eur\u00f3pa.jpg\" \/>\n\t<meta property=\"og:image:width\" content=\"1400\" \/>\n\t<meta property=\"og:image:height\" content=\"931\" \/>\n\t<meta property=\"og:image:type\" content=\"image\/jpeg\" \/>\n<meta name=\"author\" content=\"super-news\" \/>\n<meta name=\"twitter:card\" content=\"summary_large_image\" \/>\n<meta name=\"twitter:label1\" content=\"Szerz\u0151:\" \/>\n\t<meta name=\"twitter:data1\" content=\"super-news\" \/>\n\t<meta name=\"twitter:label2\" content=\"Becs\u00fclt olvas\u00e1si id\u0151\" \/>\n\t<meta name=\"twitter:data2\" content=\"1 perc\" \/>\n<script type=\"application\/ld+json\" class=\"yoast-schema-graph\">{\"@context\":\"https:\\\/\\\/schema.org\",\"@graph\":[{\"@type\":\"Article\",\"@id\":\"https:\\\/\\\/super-news.info\\\/hu\\\/nem-mindennapi-veszteseggel-zart-europa\\\/#article\",\"isPartOf\":{\"@id\":\"https:\\\/\\\/super-news.info\\\/hu\\\/nem-mindennapi-veszteseggel-zart-europa\\\/\"},\"author\":{\"name\":\"super-news\",\"@id\":\"https:\\\/\\\/super-news.info\\\/hu\\\/#\\\/schema\\\/person\\\/2d4068cb2f39cd10008c2fce578a7356\"},\"headline\":\"Nem mindennapi vesztes\u00e9ggel z\u00e1rt Eur\u00f3pa\",\"datePublished\":\"2019-05-06T16:11:15+00:00\",\"dateModified\":\"2019-05-06T16:11:17+00:00\",\"mainEntityOfPage\":{\"@id\":\"https:\\\/\\\/super-news.info\\\/hu\\\/nem-mindennapi-veszteseggel-zart-europa\\\/\"},\"wordCount\":286,\"commentCount\":0,\"image\":{\"@id\":\"https:\\\/\\\/super-news.info\\\/hu\\\/nem-mindennapi-veszteseggel-zart-europa\\\/#primaryimage\"},\"thumbnailUrl\":\"https:\\\/\\\/super-news.info\\\/hu\\\/wp-content\\\/uploads\\\/sites\\\/3\\\/2019\\\/05\\\/Nem-mindennapi-vesztes\u00e9ggel-z\u00e1rt-Eur\u00f3pa.jpg\",\"articleSection\":[\"P\u00c9NZ\u00dcGYI H\u00cdREK\"],\"inLanguage\":\"hu\",\"potentialAction\":[{\"@type\":\"CommentAction\",\"name\":\"Comment\",\"target\":[\"https:\\\/\\\/super-news.info\\\/hu\\\/nem-mindennapi-veszteseggel-zart-europa\\\/#respond\"]}]},{\"@type\":\"WebPage\",\"@id\":\"https:\\\/\\\/super-news.info\\\/hu\\\/nem-mindennapi-veszteseggel-zart-europa\\\/\",\"url\":\"https:\\\/\\\/super-news.info\\\/hu\\\/nem-mindennapi-veszteseggel-zart-europa\\\/\",\"name\":\"Nem mindennapi vesztes\u00e9ggel z\u00e1rt Eur\u00f3pa - Super News\",\"isPartOf\":{\"@id\":\"https:\\\/\\\/super-news.info\\\/hu\\\/#website\"},\"primaryImageOfPage\":{\"@id\":\"https:\\\/\\\/super-news.info\\\/hu\\\/nem-mindennapi-veszteseggel-zart-europa\\\/#primaryimage\"},\"image\":{\"@id\":\"https:\\\/\\\/super-news.info\\\/hu\\\/nem-mindennapi-veszteseggel-zart-europa\\\/#primaryimage\"},\"thumbnailUrl\":\"https:\\\/\\\/super-news.info\\\/hu\\\/wp-content\\\/uploads\\\/sites\\\/3\\\/2019\\\/05\\\/Nem-mindennapi-vesztes\u00e9ggel-z\u00e1rt-Eur\u00f3pa.jpg\",\"datePublished\":\"2019-05-06T16:11:15+00:00\",\"dateModified\":\"2019-05-06T16:11:17+00:00\",\"author\":{\"@id\":\"https:\\\/\\\/super-news.info\\\/hu\\\/#\\\/schema\\\/person\\\/2d4068cb2f39cd10008c2fce578a7356\"},\"breadcrumb\":{\"@id\":\"https:\\\/\\\/super-news.info\\\/hu\\\/nem-mindennapi-veszteseggel-zart-europa\\\/#breadcrumb\"},\"inLanguage\":\"hu\",\"potentialAction\":[{\"@type\":\"ReadAction\",\"target\":[\"https:\\\/\\\/super-news.info\\\/hu\\\/nem-mindennapi-veszteseggel-zart-europa\\\/\"]}]},{\"@type\":\"ImageObject\",\"inLanguage\":\"hu\",\"@id\":\"https:\\\/\\\/super-news.info\\\/hu\\\/nem-mindennapi-veszteseggel-zart-europa\\\/#primaryimage\",\"url\":\"https:\\\/\\\/super-news.info\\\/hu\\\/wp-content\\\/uploads\\\/sites\\\/3\\\/2019\\\/05\\\/Nem-mindennapi-vesztes\u00e9ggel-z\u00e1rt-Eur\u00f3pa.jpg\",\"contentUrl\":\"https:\\\/\\\/super-news.info\\\/hu\\\/wp-content\\\/uploads\\\/sites\\\/3\\\/2019\\\/05\\\/Nem-mindennapi-vesztes\u00e9ggel-z\u00e1rt-Eur\u00f3pa.jpg\",\"width\":1400,\"height\":931,\"caption\":\"Nem mindennapi vesztes\u00e9ggel z\u00e1rt Eur\u00f3pa\"},{\"@type\":\"BreadcrumbList\",\"@id\":\"https:\\\/\\\/super-news.info\\\/hu\\\/nem-mindennapi-veszteseggel-zart-europa\\\/#breadcrumb\",\"itemListElement\":[{\"@type\":\"ListItem\",\"position\":1,\"name\":\"\u0413\u043b\u0430\u0432\u043d\u0430\u044f \u0441\u0442\u0440\u0430\u043d\u0438\u0446\u0430\",\"item\":\"https:\\\/\\\/super-news.info\\\/hu\\\/\"},{\"@type\":\"ListItem\",\"position\":2,\"name\":\"Nem mindennapi vesztes\u00e9ggel z\u00e1rt Eur\u00f3pa\"}]},{\"@type\":\"WebSite\",\"@id\":\"https:\\\/\\\/super-news.info\\\/hu\\\/#website\",\"url\":\"https:\\\/\\\/super-news.info\\\/hu\\\/\",\"name\":\"Super News\",\"description\":\"Super News Magyarorsz\u00e1g\",\"potentialAction\":[{\"@type\":\"SearchAction\",\"target\":{\"@type\":\"EntryPoint\",\"urlTemplate\":\"https:\\\/\\\/super-news.info\\\/hu\\\/?s={search_term_string}\"},\"query-input\":{\"@type\":\"PropertyValueSpecification\",\"valueRequired\":true,\"valueName\":\"search_term_string\"}}],\"inLanguage\":\"hu\"},{\"@type\":\"Person\",\"@id\":\"https:\\\/\\\/super-news.info\\\/hu\\\/#\\\/schema\\\/person\\\/2d4068cb2f39cd10008c2fce578a7356\",\"name\":\"super-news\",\"image\":{\"@type\":\"ImageObject\",\"inLanguage\":\"hu\",\"@id\":\"https:\\\/\\\/secure.gravatar.com\\\/avatar\\\/64ebac40b93f26a154f8a9b5b6fdccfc46f442b26b3dd6756dbff3bf9dc76fd7?s=96&d=mm&r=g\",\"url\":\"https:\\\/\\\/secure.gravatar.com\\\/avatar\\\/64ebac40b93f26a154f8a9b5b6fdccfc46f442b26b3dd6756dbff3bf9dc76fd7?s=96&d=mm&r=g\",\"contentUrl\":\"https:\\\/\\\/secure.gravatar.com\\\/avatar\\\/64ebac40b93f26a154f8a9b5b6fdccfc46f442b26b3dd6756dbff3bf9dc76fd7?s=96&d=mm&r=g\",\"caption\":\"super-news\"},\"url\":\"https:\\\/\\\/super-news.info\\\/hu\\\/author\\\/pt\\\/\"}]}<\/script>\n<!-- \/ Yoast SEO plugin. -->","yoast_head_json":{"title":"Nem mindennapi vesztes\u00e9ggel z\u00e1rt Eur\u00f3pa - Super News","robots":{"index":"index","follow":"follow","max-snippet":"max-snippet:-1","max-image-preview":"max-image-preview:large","max-video-preview":"max-video-preview:-1"},"canonical":"https:\/\/super-news.info\/hu\/nem-mindennapi-veszteseggel-zart-europa\/","og_locale":"hu_HU","og_type":"article","og_title":"Nem mindennapi vesztes\u00e9ggel z\u00e1rt Eur\u00f3pa - Super News","og_description":"[ad_1] Negat\u00edv kezd\u00e9s ut\u00e1n nagy vesztes\u00e9ggel fejezt\u00e9k be a h\u00e9tf\u0151i keresked\u00e9st a f\u0151bb eur\u00f3pai \u00e9rt\u00e9kpap\u00edrpiacok. Az eur\u00f3pai keresked\u00e9si id\u0151 v\u00e9g\u00e9n a Stoxx 600 p\u00e1neur\u00f3pai index 1,03 sz\u00e1zal\u00e9k vesztes\u00e9get mutatott, az eur\u00f3\u00f6vezeti EuroStoxx50 index pedig 1,07 sz\u00e1zal\u00e9kkal gyeng\u00fclt. Londonban banksz\u00fcnnap miatt h\u00e9tf\u0151n z\u00e1rva voltak az \u00e9rt\u00e9kpap\u00edrpiacok. Frankfurtban 0,97 sz\u00e1zal\u00e9kkal cs\u00f6kkent z\u00e1r\u00e1sra a DAX index, a p\u00e1rizsi [&hellip;]","og_url":"https:\/\/super-news.info\/hu\/nem-mindennapi-veszteseggel-zart-europa\/","og_site_name":"Super News","article_published_time":"2019-05-06T16:11:15+00:00","article_modified_time":"2019-05-06T16:11:17+00:00","og_image":[{"width":1400,"height":931,"url":"https:\/\/super-news.info\/hu\/wp-content\/uploads\/sites\/3\/2019\/05\/Nem-mindennapi-vesztes\u00e9ggel-z\u00e1rt-Eur\u00f3pa.jpg","type":"image\/jpeg"}],"author":"super-news","twitter_card":"summary_large_image","twitter_misc":{"Szerz\u0151:":"super-news","Becs\u00fclt olvas\u00e1si id\u0151":"1 perc"},"schema":{"@context":"https:\/\/schema.org","@graph":[{"@type":"Article","@id":"https:\/\/super-news.info\/hu\/nem-mindennapi-veszteseggel-zart-europa\/#article","isPartOf":{"@id":"https:\/\/super-news.info\/hu\/nem-mindennapi-veszteseggel-zart-europa\/"},"author":{"name":"super-news","@id":"https:\/\/super-news.info\/hu\/#\/schema\/person\/2d4068cb2f39cd10008c2fce578a7356"},"headline":"Nem mindennapi vesztes\u00e9ggel z\u00e1rt Eur\u00f3pa","datePublished":"2019-05-06T16:11:15+00:00","dateModified":"2019-05-06T16:11:17+00:00","mainEntityOfPage":{"@id":"https:\/\/super-news.info\/hu\/nem-mindennapi-veszteseggel-zart-europa\/"},"wordCount":286,"commentCount":0,"image":{"@id":"https:\/\/super-news.info\/hu\/nem-mindennapi-veszteseggel-zart-europa\/#primaryimage"},"thumbnailUrl":"https:\/\/super-news.info\/hu\/wp-content\/uploads\/sites\/3\/2019\/05\/Nem-mindennapi-vesztes\u00e9ggel-z\u00e1rt-Eur\u00f3pa.jpg","articleSection":["P\u00c9NZ\u00dcGYI H\u00cdREK"],"inLanguage":"hu","potentialAction":[{"@type":"CommentAction","name":"Comment","target":["https:\/\/super-news.info\/hu\/nem-mindennapi-veszteseggel-zart-europa\/#respond"]}]},{"@type":"WebPage","@id":"https:\/\/super-news.info\/hu\/nem-mindennapi-veszteseggel-zart-europa\/","url":"https:\/\/super-news.info\/hu\/nem-mindennapi-veszteseggel-zart-europa\/","name":"Nem mindennapi vesztes\u00e9ggel z\u00e1rt Eur\u00f3pa - Super News","isPartOf":{"@id":"https:\/\/super-news.info\/hu\/#website"},"primaryImageOfPage":{"@id":"https:\/\/super-news.info\/hu\/nem-mindennapi-veszteseggel-zart-europa\/#primaryimage"},"image":{"@id":"https:\/\/super-news.info\/hu\/nem-mindennapi-veszteseggel-zart-europa\/#primaryimage"},"thumbnailUrl":"https:\/\/super-news.info\/hu\/wp-content\/uploads\/sites\/3\/2019\/05\/Nem-mindennapi-vesztes\u00e9ggel-z\u00e1rt-Eur\u00f3pa.jpg","datePublished":"2019-05-06T16:11:15+00:00","dateModified":"2019-05-06T16:11:17+00:00","author":{"@id":"https:\/\/super-news.info\/hu\/#\/schema\/person\/2d4068cb2f39cd10008c2fce578a7356"},"breadcrumb":{"@id":"https:\/\/super-news.info\/hu\/nem-mindennapi-veszteseggel-zart-europa\/#breadcrumb"},"inLanguage":"hu","potentialAction":[{"@type":"ReadAction","target":["https:\/\/super-news.info\/hu\/nem-mindennapi-veszteseggel-zart-europa\/"]}]},{"@type":"ImageObject","inLanguage":"hu","@id":"https:\/\/super-news.info\/hu\/nem-mindennapi-veszteseggel-zart-europa\/#primaryimage","url":"https:\/\/super-news.info\/hu\/wp-content\/uploads\/sites\/3\/2019\/05\/Nem-mindennapi-vesztes\u00e9ggel-z\u00e1rt-Eur\u00f3pa.jpg","contentUrl":"https:\/\/super-news.info\/hu\/wp-content\/uploads\/sites\/3\/2019\/05\/Nem-mindennapi-vesztes\u00e9ggel-z\u00e1rt-Eur\u00f3pa.jpg","width":1400,"height":931,"caption":"Nem mindennapi vesztes\u00e9ggel z\u00e1rt Eur\u00f3pa"},{"@type":"BreadcrumbList","@id":"https:\/\/super-news.info\/hu\/nem-mindennapi-veszteseggel-zart-europa\/#breadcrumb","itemListElement":[{"@type":"ListItem","position":1,"name":"\u0413\u043b\u0430\u0432\u043d\u0430\u044f \u0441\u0442\u0440\u0430\u043d\u0438\u0446\u0430","item":"https:\/\/super-news.info\/hu\/"},{"@type":"ListItem","position":2,"name":"Nem mindennapi vesztes\u00e9ggel z\u00e1rt Eur\u00f3pa"}]},{"@type":"WebSite","@id":"https:\/\/super-news.info\/hu\/#website","url":"https:\/\/super-news.info\/hu\/","name":"Super News","description":"Super News Magyarorsz\u00e1g","potentialAction":[{"@type":"SearchAction","target":{"@type":"EntryPoint","urlTemplate":"https:\/\/super-news.info\/hu\/?s={search_term_string}"},"query-input":{"@type":"PropertyValueSpecification","valueRequired":true,"valueName":"search_term_string"}}],"inLanguage":"hu"},{"@type":"Person","@id":"https:\/\/super-news.info\/hu\/#\/schema\/person\/2d4068cb2f39cd10008c2fce578a7356","name":"super-news","image":{"@type":"ImageObject","inLanguage":"hu","@id":"https:\/\/secure.gravatar.com\/avatar\/64ebac40b93f26a154f8a9b5b6fdccfc46f442b26b3dd6756dbff3bf9dc76fd7?s=96&d=mm&r=g","url":"https:\/\/secure.gravatar.com\/avatar\/64ebac40b93f26a154f8a9b5b6fdccfc46f442b26b3dd6756dbff3bf9dc76fd7?s=96&d=mm&r=g","contentUrl":"https:\/\/secure.gravatar.com\/avatar\/64ebac40b93f26a154f8a9b5b6fdccfc46f442b26b3dd6756dbff3bf9dc76fd7?s=96&d=mm&r=g","caption":"super-news"},"url":"https:\/\/super-news.info\/hu\/author\/pt\/"}]}},"_links":{"self":[{"href":"https:\/\/super-news.info\/hu\/wp-json\/wp\/v2\/posts\/1435","targetHints":{"allow":["GET"]}}],"collection":[{"href":"https:\/\/super-news.info\/hu\/wp-json\/wp\/v2\/posts"}],"about":[{"href":"https:\/\/super-news.info\/hu\/wp-json\/wp\/v2\/types\/post"}],"author":[{"embeddable":true,"href":"https:\/\/super-news.info\/hu\/wp-json\/wp\/v2\/users\/2"}],"replies":[{"embeddable":true,"href":"https:\/\/super-news.info\/hu\/wp-json\/wp\/v2\/comments?post=1435"}],"version-history":[{"count":1,"href":"https:\/\/super-news.info\/hu\/wp-json\/wp\/v2\/posts\/1435\/revisions"}],"predecessor-version":[{"id":1437,"href":"https:\/\/super-news.info\/hu\/wp-json\/wp\/v2\/posts\/1435\/revisions\/1437"}],"wp:featuredmedia":[{"embeddable":true,"href":"https:\/\/super-news.info\/hu\/wp-json\/wp\/v2\/media\/1436"}],"wp:attachment":[{"href":"https:\/\/super-news.info\/hu\/wp-json\/wp\/v2\/media?parent=1435"}],"wp:term":[{"taxonomy":"category","embeddable":true,"href":"https:\/\/super-news.info\/hu\/wp-json\/wp\/v2\/categories?post=1435"},{"taxonomy":"post_tag","embeddable":true,"href":"https:\/\/super-news.info\/hu\/wp-json\/wp\/v2\/tags?post=1435"}],"curies":[{"name":"wp","href":"https:\/\/api.w.org\/{rel}","templated":true}]}}