{"id":1429,"date":"2019-05-06T16:00:04","date_gmt":"2019-05-06T13:00:04","guid":{"rendered":"https:\/\/super-news.info\/hu\/a-kedvezmenyes-afa-kivezetese-miatt-csokkenhettek-az-epitesi-engedelyek\/"},"modified":"2019-05-06T16:00:05","modified_gmt":"2019-05-06T13:00:05","slug":"a-kedvezmenyes-afa-kivezetese-miatt-csokkenhettek-az-epitesi-engedelyek","status":"publish","type":"post","link":"https:\/\/super-news.info\/hu\/a-kedvezmenyes-afa-kivezetese-miatt-csokkenhettek-az-epitesi-engedelyek\/","title":{"rendered":"A kedvezm\u00e9nyes \u00e1fa kivezet\u00e9se miatt cs\u00f6kkenhettek az \u00e9p\u00edt\u00e9si enged\u00e9lyek"},"content":{"rendered":"<p> [ad_1]<br \/>\n<\/p>\n<p>\n\t\t\t\t\t\t\t\tElemz\u0151k szerint az \u00faj \u00e9p\u00edt\u00e9s\u0171 ingatlanokra \u00e9v v\u00e9g\u00e9ig \u00e9rv\u00e9nyben l\u00e9v\u0151, kedvezm\u00e9nyes lak\u00e1s\u00e1fa kivezet\u00e9se miatt cs\u00f6kkent az \u00e9p\u00edt\u00e9si enged\u00e9lyek sz\u00e1ma, ugyanakkor hozz\u00e1tett\u00e9k, hogy a csal\u00e1di otthonteremt\u00e9si kedvezm\u00e9ny (csok) sz\u00e9les\u00edt\u00e9se el\u0151seg\u00edtheti a lak\u00e1spiac tov\u00e1bbi n\u00f6veked\u00e9s\u00e9t.\t\t\t\t\t\t\t<\/p>\n<div>\n<p>A K\u00f6zponti Statisztikai Hivatal h\u00e9tf\u0151n tette k\u00f6zz\u00e9, hogy az els\u0151 negyed\u00e9vben 3661 \u00faj lak\u00e1s \u00e9p\u00fclt, 7,9 sz\u00e1zal\u00e9kkal t\u00f6bb, mint egy \u00e9vvel kor\u00e1bban. A kiadott \u00e9p\u00edt\u00e9si enged\u00e9lyek \u00e9s egyszer\u0171 bejelent\u00e9sek alapj\u00e1n \u00e9p\u00edtend\u0151 lak\u00e1sok sz\u00e1ma 9639 volt, 2,1 sz\u00e1zal\u00e9kkal kevesebb, mint tavaly m\u00e1rcius v\u00e9g\u00e9n.<\/p>\n<p>Suppan Gergely, a Takar\u00e9kbank elemz\u0151je \u00fagy l\u00e1tja, hogy<\/p>\n<p>a kedvezm\u00e9nyes lak\u00e1s\u00e1fa kivezet\u00e9s\u00e9nek hat\u00e1sa m\u00e1r t\u00fckr\u00f6z\u0151dik az \u00e9p\u00edt\u00e9si enged\u00e9lyek megtorpan\u00e1s\u00e1ban, azonban a csal\u00e1dv\u00e9delmi akci\u00f3terv \u00faj lend\u00fcletet adhat az \u00e9p\u00edtkez\u00e9seknek.<\/p>\n<div class=\"aframe aframe-half float-right clearfix\">\n<h3>Varga: id\u00e9n is folytat\u00f3dik a dinamikus b\u0151v\u00fcl\u00e9s<\/h3>\n<p>A p\u00e9nz\u00fcgyminiszter szerint id\u00e9n is folytat\u00f3dik a lak\u00e1s\u00e9p\u00edt\u00e9sek dinamikus b\u0151v\u00fcl\u00e9se, a magyar gazdas\u00e1g teljes\u00edtm\u00e9nye \u00e9s a meghozott korm\u00e1nyzati int\u00e9zked\u00e9sek szavai szerint megfelel\u0151 h\u00e1tteret adnak az \u00e9p\u00edt\u0151ipar tov\u00e1bbi n\u00f6veked\u00e9s\u00e9nek, \u00edgy a lak\u00e1s\u00e9p\u00edt\u00e9sek sz\u00e1ma ak\u00e1r 20 sz\u00e1zal\u00e9kkal is emelkedhet az id\u00e9n. Varga Mih\u00e1ly szerint a b\u0151v\u00fcl\u00e9st a csal\u00e1dv\u00e9delmi akci\u00f3terv keret\u00e9ben kib\u0151v\u00edtett otthonteremt\u00e9si kedvezm\u00e9ny, a javul\u00f3 foglalkoztat\u00e1si \u00e9s j\u00f6vedelmi helyzet, az \u00e9l\u00e9nk\u00fcl\u0151 hitelez\u00e9s, valamint a kedvezm\u00e9nyes lak\u00e1s\u00e1fa is t\u00e1mogatta. Hozz\u00e1tette, hogy az els\u0151 h\u00e1rom h\u00f3napban a f\u0151v\u00e1rosban tov\u00e1bbra is kiemelked\u0151 m\u00e9rt\u00e9kben, m\u00e1sf\u00e9lszeres\u00e9re emelkedett az \u00e1tadott lak\u00e1sok sz\u00e1ma, m\u00edg a kiadott lak\u00e1s\u00e9p\u00edt\u00e9si enged\u00e9lyek a k\u00f6zs\u00e9gekben mutattak nagyon dinamikus, 46 sz\u00e1zal\u00e9kos emelked\u00e9st.<\/p>\n<\/div>\n<p>A Takar\u00e9kbank elemz\u0151je szerint az id\u00e9n \u00e9s j\u00f6v\u0151re jelent\u0151s lak\u00e1s\u00e1tad\u00e1si hull\u00e1mra lehet sz\u00e1m\u00edtani, amit n\u00e9mileg lass\u00edthat, hogy 2023-ig kaptak halad\u00e9kot a kedvezm\u00e9nyes lak\u00e1s\u00e1fa megtart\u00e1s\u00e1ra a tavaly november 1. el\u0151tt \u00e9p\u00edt\u00e9si enged\u00e9llyel rendelkez\u0151 lak\u00e1sokra.<\/p>\n<p>A t\u00e1rsash\u00e1z\u00e9p\u00edt\u00e9sek \u00e9s az ingatlanfejleszt\u00e9sek d\u00f6nt\u0151 r\u00e9sze Budapesten zajlik, a lak\u00e1s\u00e1tad\u00e1sok sz\u00e1ma id\u00e9n \u00e9s j\u00f6v\u0151re a f\u0151v\u00e1rosban meghaladhatj\u00e1k a 10 ezret, orsz\u00e1gosan pedig a 25 ezret. A kivitelez\u00e9seket ugyanakkor h\u00e1tr\u00e1ltatja a munkaer\u0151- \u00e9s kapacit\u00e1shi\u00e1ny, egyes tervezett t\u00e1rsash\u00e1z beruh\u00e1z\u00e1sokat m\u00e1r visszavontak, \u00edgy feltehet\u0151en nem \u00e9p\u00fcl annyi lak\u00e1s, mint ah\u00e1ny enged\u00e9ly kiad\u00e1s\u00e1ra sor ker\u00fclt \u2013 \u00edrja Suppan Gergely.<\/p>\n<h3>A kisebb telep\u00fcl\u00e9sen megugrott a kiadott \u00e9p\u00edt\u00e9si enged\u00e9lyek sz\u00e1ma<\/h3>\n<p>Valk\u00f3 D\u00e1vid, az OTP Ingatlanpont vezet\u0151 elemz\u0151je azt emelte ki, hogy a kiadott \u00e9p\u00edt\u00e9si enged\u00e9lyek sz\u00e1ma \u00e9ves szinten Budapesten \u00e9s a nagyobb v\u00e1rosokban esett vissza legink\u00e1bb, 8-9 sz\u00e1zal\u00e9kkal. Szerinte is nagy szerepe lehet ebben az 5 sz\u00e1zal\u00e9kos \u00e1fa \u00e9v v\u00e9gi kifut\u00e1s\u00e1nak, mivel 2020-t\u00f3l \u00fajra 27 sz\u00e1zal\u00e9kra emelkedik a lak\u00e1s\u00e1fa.<\/p>\n<div id=\"attachment_1414957\" style=\"width: 1410px\" class=\"wp-caption aligncenter\">\n<p class=\"wp-caption-text\">Fot\u00f3: VG \/ Kallus Gy\u00f6rgy<\/p>\n<\/div>\n<p>Az OTP Ingatlanpont vezet\u0151 elemz\u0151je arra h\u00edvja fel a figyelmet, hogy m\u00edg a v\u00e1rosokban visszaes\u00e9s tapasztalhat\u00f3, a k\u00f6zs\u00e9gekben, a tavalyi els\u0151 negyed\u00e9vhez k\u00e9pest 46 sz\u00e1zal\u00e9kkal t\u00f6bb \u00e9p\u00edt\u00e9si enged\u00e9lyt adtak ki, ami egyr\u00e9szt a nagyv\u00e1rosok er\u0151teljes \u00e1remelked\u00e9se miatt a kisebb telep\u00fcl\u00e9seken megfigyelhet\u0151 kereslet\u00e9l\u00e9nk\u00fcl\u00e9s, m\u00e1sr\u00e9szt a k\u00f6zelm\u00faltban a vid\u00e9ki lak\u00e1spiac \u00e9l\u00e9nk\u00edt\u00e9s\u00e9re tett korm\u00e1nyzati bejelent\u00e9sek hozad\u00e9ka lehet.<\/p>\n<p>Reg\u0151s G\u00e1bor, a Sz\u00e1zadv\u00e9g elemz\u0151je azt emelte ki, hogy<\/p>\n<p>az \u00faj lak\u00e1sok optim\u00e1lis \u00e9ves darabsz\u00e1ma a k\u00f6rnyez\u0151 orsz\u00e1gokkal val\u00f3 \u00f6sszehasonl\u00edt\u00e1s alapj\u00e1n 30 ezer k\u00f6r\u00fcl lehet, \u00edgy a tavalyi 18 ezer ut\u00e1n m\u00e9g van tere a n\u00f6veked\u00e9snek, amelynek el\u00e9r\u00e9s\u00e9t a csok seg\u00edtheti.<\/p>\n<p>Az els\u0151 negyed\u00e9vben a kor\u00e1bbin\u00e1l szer\u00e9nyebb, de m\u00e9g \u00edgy is hat\u00e1rozott volt a lak\u00e1s\u00e9p\u00edt\u00e9sek sz\u00e1m\u00e1nak n\u00f6veked\u00e9se. Budapesten az er\u0151s b\u00e1zisid\u0151szaki adat mellett is m\u00e1sf\u00e9lszer annyi lak\u00e1s \u00e9p\u00fclt, mint egy \u00e9vvel kor\u00e1bban. Enn\u00e9l t\u00f6bb \u00e9p\u00edtkez\u00e9st csak Pest megy\u00e9ben fejeztek be, m\u00edg a lista harmadik hely\u00e9n Gy\u0151r-Moson-Sopron megye \u00e1ll.<\/p>\n<p>A Sz\u00e1zadv\u00e9g elemz\u0151je kiemelte, hogy azokban a r\u00e9gi\u00f3kban \u00e9p\u00fcl kiemelked\u0151en sok lak\u00e1s, ahol a munkaer\u0151 ir\u00e1nti kereslet is magas, ahova sz\u00edvesen k\u00f6lt\u00f6znek az orsz\u00e1g m\u00e1s r\u00e9szeib\u0151l.<\/p>\n<\/p><\/div>\n<p><script>\n    window.fbAsyncInit = function() {\n        FB.init({\n            appId      : \"204760236815359\",\n            xfbml      : true,\n            version    : \"v2.12\"\n        });\n        FB.AppEvents.logPageView();\n    };<\/p>\n<p>    (function(d, s, id){\n        var js, fjs = d.getElementsByTagName(s)[0];\n        if (d.getElementById(id)) {return;}\n        js = d.createElement(s); js.id = id;\n        js.src = \"http:\/\/connect.facebook.net\/hu_HU\/sdk.js\";\n        fjs.parentNode.insertBefore(js, fjs);\n    }(document, \"script\", \"facebook-jssdk\"));\n<\/script><br \/>\n<br \/>[ad_2]<br \/>\n<br \/><a href=\"https:\/\/www.vg.hu\/gazdasag\/gazdasagi-hirek\/a-kedvezmenyes-afa-kivezetese-miatt-csokkenhettek-az-epitesi-engedelyek-1494982\/\">Source link <\/a><\/p>\n","protected":false},"excerpt":{"rendered":"<p>[ad_1] Elemz\u0151k szerint az \u00faj \u00e9p\u00edt\u00e9s\u0171 ingatlanokra \u00e9v v\u00e9g\u00e9ig \u00e9rv\u00e9nyben l\u00e9v\u0151, kedvezm\u00e9nyes lak\u00e1s\u00e1fa kivezet\u00e9se miatt cs\u00f6kkent az \u00e9p\u00edt\u00e9si enged\u00e9lyek sz\u00e1ma, ugyanakkor hozz\u00e1tett\u00e9k, hogy a csal\u00e1di otthonteremt\u00e9si kedvezm\u00e9ny (csok) sz\u00e9les\u00edt\u00e9se el\u0151seg\u00edtheti a lak\u00e1spiac tov\u00e1bbi n\u00f6veked\u00e9s\u00e9t. A K\u00f6zponti Statisztikai Hivatal h\u00e9tf\u0151n tette k\u00f6zz\u00e9, hogy az els\u0151 negyed\u00e9vben 3661 \u00faj lak\u00e1s \u00e9p\u00fclt, 7,9 sz\u00e1zal\u00e9kkal t\u00f6bb, mint egy \u00e9vvel [&hellip;]<\/p>\n","protected":false},"author":2,"featured_media":1430,"comment_status":"open","ping_status":"open","sticky":false,"template":"","format":"standard","meta":{"footnotes":""},"categories":[1],"tags":[],"class_list":["post-1429","post","type-post","status-publish","format-standard","has-post-thumbnail","hentry","category-penzugyi-hirek"],"yoast_head":"<!-- This site is optimized with the Yoast SEO plugin v27.4 - https:\/\/yoast.com\/product\/yoast-seo-wordpress\/ -->\n<title>A kedvezm\u00e9nyes \u00e1fa kivezet\u00e9se miatt cs\u00f6kkenhettek az \u00e9p\u00edt\u00e9si enged\u00e9lyek - Super News<\/title>\n<meta name=\"robots\" content=\"index, follow, max-snippet:-1, max-image-preview:large, max-video-preview:-1\" \/>\n<link rel=\"canonical\" href=\"https:\/\/super-news.info\/hu\/a-kedvezmenyes-afa-kivezetese-miatt-csokkenhettek-az-epitesi-engedelyek\/\" \/>\n<meta property=\"og:locale\" content=\"hu_HU\" \/>\n<meta property=\"og:type\" content=\"article\" \/>\n<meta property=\"og:title\" content=\"A kedvezm\u00e9nyes \u00e1fa kivezet\u00e9se miatt cs\u00f6kkenhettek az \u00e9p\u00edt\u00e9si enged\u00e9lyek - Super News\" \/>\n<meta property=\"og:description\" content=\"[ad_1] Elemz\u0151k szerint az \u00faj \u00e9p\u00edt\u00e9s\u0171 ingatlanokra \u00e9v v\u00e9g\u00e9ig \u00e9rv\u00e9nyben l\u00e9v\u0151, kedvezm\u00e9nyes lak\u00e1s\u00e1fa kivezet\u00e9se miatt cs\u00f6kkent az \u00e9p\u00edt\u00e9si enged\u00e9lyek sz\u00e1ma, ugyanakkor hozz\u00e1tett\u00e9k, hogy a csal\u00e1di otthonteremt\u00e9si kedvezm\u00e9ny (csok) sz\u00e9les\u00edt\u00e9se el\u0151seg\u00edtheti a lak\u00e1spiac tov\u00e1bbi n\u00f6veked\u00e9s\u00e9t. A K\u00f6zponti Statisztikai Hivatal h\u00e9tf\u0151n tette k\u00f6zz\u00e9, hogy az els\u0151 negyed\u00e9vben 3661 \u00faj lak\u00e1s \u00e9p\u00fclt, 7,9 sz\u00e1zal\u00e9kkal t\u00f6bb, mint egy \u00e9vvel [&hellip;]\" \/>\n<meta property=\"og:url\" content=\"https:\/\/super-news.info\/hu\/a-kedvezmenyes-afa-kivezetese-miatt-csokkenhettek-az-epitesi-engedelyek\/\" \/>\n<meta property=\"og:site_name\" content=\"Super News\" \/>\n<meta property=\"article:published_time\" content=\"2019-05-06T13:00:04+00:00\" \/>\n<meta property=\"article:modified_time\" content=\"2019-05-06T13:00:05+00:00\" \/>\n<meta property=\"og:image\" content=\"https:\/\/super-news.info\/hu\/wp-content\/uploads\/sites\/3\/2019\/05\/A-kedvezm\u00e9nyes-\u00e1fa-kivezet\u00e9se-miatt-cs\u00f6kkenhettek-az-\u00e9p\u00edt\u00e9si-enged\u00e9lyek.jpg\" \/>\n\t<meta property=\"og:image:width\" content=\"1400\" \/>\n\t<meta property=\"og:image:height\" content=\"787\" \/>\n\t<meta property=\"og:image:type\" content=\"image\/jpeg\" \/>\n<meta name=\"author\" content=\"super-news\" \/>\n<meta name=\"twitter:card\" content=\"summary_large_image\" \/>\n<meta name=\"twitter:label1\" content=\"Szerz\u0151:\" \/>\n\t<meta name=\"twitter:data1\" content=\"super-news\" \/>\n\t<meta name=\"twitter:label2\" content=\"Becs\u00fclt olvas\u00e1si id\u0151\" \/>\n\t<meta name=\"twitter:data2\" content=\"4 perc\" \/>\n<script type=\"application\/ld+json\" class=\"yoast-schema-graph\">{\"@context\":\"https:\\\/\\\/schema.org\",\"@graph\":[{\"@type\":\"Article\",\"@id\":\"https:\\\/\\\/super-news.info\\\/hu\\\/a-kedvezmenyes-afa-kivezetese-miatt-csokkenhettek-az-epitesi-engedelyek\\\/#article\",\"isPartOf\":{\"@id\":\"https:\\\/\\\/super-news.info\\\/hu\\\/a-kedvezmenyes-afa-kivezetese-miatt-csokkenhettek-az-epitesi-engedelyek\\\/\"},\"author\":{\"name\":\"super-news\",\"@id\":\"https:\\\/\\\/super-news.info\\\/hu\\\/#\\\/schema\\\/person\\\/2d4068cb2f39cd10008c2fce578a7356\"},\"headline\":\"A kedvezm\u00e9nyes \u00e1fa kivezet\u00e9se miatt cs\u00f6kkenhettek az \u00e9p\u00edt\u00e9si enged\u00e9lyek\",\"datePublished\":\"2019-05-06T13:00:04+00:00\",\"dateModified\":\"2019-05-06T13:00:05+00:00\",\"mainEntityOfPage\":{\"@id\":\"https:\\\/\\\/super-news.info\\\/hu\\\/a-kedvezmenyes-afa-kivezetese-miatt-csokkenhettek-az-epitesi-engedelyek\\\/\"},\"wordCount\":889,\"commentCount\":0,\"image\":{\"@id\":\"https:\\\/\\\/super-news.info\\\/hu\\\/a-kedvezmenyes-afa-kivezetese-miatt-csokkenhettek-az-epitesi-engedelyek\\\/#primaryimage\"},\"thumbnailUrl\":\"https:\\\/\\\/super-news.info\\\/hu\\\/wp-content\\\/uploads\\\/sites\\\/3\\\/2019\\\/05\\\/A-kedvezm\u00e9nyes-\u00e1fa-kivezet\u00e9se-miatt-cs\u00f6kkenhettek-az-\u00e9p\u00edt\u00e9si-enged\u00e9lyek.jpg\",\"articleSection\":[\"P\u00c9NZ\u00dcGYI H\u00cdREK\"],\"inLanguage\":\"hu\",\"potentialAction\":[{\"@type\":\"CommentAction\",\"name\":\"Comment\",\"target\":[\"https:\\\/\\\/super-news.info\\\/hu\\\/a-kedvezmenyes-afa-kivezetese-miatt-csokkenhettek-az-epitesi-engedelyek\\\/#respond\"]}]},{\"@type\":\"WebPage\",\"@id\":\"https:\\\/\\\/super-news.info\\\/hu\\\/a-kedvezmenyes-afa-kivezetese-miatt-csokkenhettek-az-epitesi-engedelyek\\\/\",\"url\":\"https:\\\/\\\/super-news.info\\\/hu\\\/a-kedvezmenyes-afa-kivezetese-miatt-csokkenhettek-az-epitesi-engedelyek\\\/\",\"name\":\"A kedvezm\u00e9nyes \u00e1fa kivezet\u00e9se miatt cs\u00f6kkenhettek az \u00e9p\u00edt\u00e9si enged\u00e9lyek - Super News\",\"isPartOf\":{\"@id\":\"https:\\\/\\\/super-news.info\\\/hu\\\/#website\"},\"primaryImageOfPage\":{\"@id\":\"https:\\\/\\\/super-news.info\\\/hu\\\/a-kedvezmenyes-afa-kivezetese-miatt-csokkenhettek-az-epitesi-engedelyek\\\/#primaryimage\"},\"image\":{\"@id\":\"https:\\\/\\\/super-news.info\\\/hu\\\/a-kedvezmenyes-afa-kivezetese-miatt-csokkenhettek-az-epitesi-engedelyek\\\/#primaryimage\"},\"thumbnailUrl\":\"https:\\\/\\\/super-news.info\\\/hu\\\/wp-content\\\/uploads\\\/sites\\\/3\\\/2019\\\/05\\\/A-kedvezm\u00e9nyes-\u00e1fa-kivezet\u00e9se-miatt-cs\u00f6kkenhettek-az-\u00e9p\u00edt\u00e9si-enged\u00e9lyek.jpg\",\"datePublished\":\"2019-05-06T13:00:04+00:00\",\"dateModified\":\"2019-05-06T13:00:05+00:00\",\"author\":{\"@id\":\"https:\\\/\\\/super-news.info\\\/hu\\\/#\\\/schema\\\/person\\\/2d4068cb2f39cd10008c2fce578a7356\"},\"breadcrumb\":{\"@id\":\"https:\\\/\\\/super-news.info\\\/hu\\\/a-kedvezmenyes-afa-kivezetese-miatt-csokkenhettek-az-epitesi-engedelyek\\\/#breadcrumb\"},\"inLanguage\":\"hu\",\"potentialAction\":[{\"@type\":\"ReadAction\",\"target\":[\"https:\\\/\\\/super-news.info\\\/hu\\\/a-kedvezmenyes-afa-kivezetese-miatt-csokkenhettek-az-epitesi-engedelyek\\\/\"]}]},{\"@type\":\"ImageObject\",\"inLanguage\":\"hu\",\"@id\":\"https:\\\/\\\/super-news.info\\\/hu\\\/a-kedvezmenyes-afa-kivezetese-miatt-csokkenhettek-az-epitesi-engedelyek\\\/#primaryimage\",\"url\":\"https:\\\/\\\/super-news.info\\\/hu\\\/wp-content\\\/uploads\\\/sites\\\/3\\\/2019\\\/05\\\/A-kedvezm\u00e9nyes-\u00e1fa-kivezet\u00e9se-miatt-cs\u00f6kkenhettek-az-\u00e9p\u00edt\u00e9si-enged\u00e9lyek.jpg\",\"contentUrl\":\"https:\\\/\\\/super-news.info\\\/hu\\\/wp-content\\\/uploads\\\/sites\\\/3\\\/2019\\\/05\\\/A-kedvezm\u00e9nyes-\u00e1fa-kivezet\u00e9se-miatt-cs\u00f6kkenhettek-az-\u00e9p\u00edt\u00e9si-enged\u00e9lyek.jpg\",\"width\":1400,\"height\":787,\"caption\":\"A kedvezm\u00e9nyes \u00e1fa kivezet\u00e9se miatt cs\u00f6kkenhettek az \u00e9p\u00edt\u00e9si enged\u00e9lyek\"},{\"@type\":\"BreadcrumbList\",\"@id\":\"https:\\\/\\\/super-news.info\\\/hu\\\/a-kedvezmenyes-afa-kivezetese-miatt-csokkenhettek-az-epitesi-engedelyek\\\/#breadcrumb\",\"itemListElement\":[{\"@type\":\"ListItem\",\"position\":1,\"name\":\"\u0413\u043b\u0430\u0432\u043d\u0430\u044f \u0441\u0442\u0440\u0430\u043d\u0438\u0446\u0430\",\"item\":\"https:\\\/\\\/super-news.info\\\/hu\\\/\"},{\"@type\":\"ListItem\",\"position\":2,\"name\":\"A kedvezm\u00e9nyes \u00e1fa kivezet\u00e9se miatt cs\u00f6kkenhettek az \u00e9p\u00edt\u00e9si enged\u00e9lyek\"}]},{\"@type\":\"WebSite\",\"@id\":\"https:\\\/\\\/super-news.info\\\/hu\\\/#website\",\"url\":\"https:\\\/\\\/super-news.info\\\/hu\\\/\",\"name\":\"Super News\",\"description\":\"Super News Magyarorsz\u00e1g\",\"potentialAction\":[{\"@type\":\"SearchAction\",\"target\":{\"@type\":\"EntryPoint\",\"urlTemplate\":\"https:\\\/\\\/super-news.info\\\/hu\\\/?s={search_term_string}\"},\"query-input\":{\"@type\":\"PropertyValueSpecification\",\"valueRequired\":true,\"valueName\":\"search_term_string\"}}],\"inLanguage\":\"hu\"},{\"@type\":\"Person\",\"@id\":\"https:\\\/\\\/super-news.info\\\/hu\\\/#\\\/schema\\\/person\\\/2d4068cb2f39cd10008c2fce578a7356\",\"name\":\"super-news\",\"image\":{\"@type\":\"ImageObject\",\"inLanguage\":\"hu\",\"@id\":\"https:\\\/\\\/secure.gravatar.com\\\/avatar\\\/64ebac40b93f26a154f8a9b5b6fdccfc46f442b26b3dd6756dbff3bf9dc76fd7?s=96&d=mm&r=g\",\"url\":\"https:\\\/\\\/secure.gravatar.com\\\/avatar\\\/64ebac40b93f26a154f8a9b5b6fdccfc46f442b26b3dd6756dbff3bf9dc76fd7?s=96&d=mm&r=g\",\"contentUrl\":\"https:\\\/\\\/secure.gravatar.com\\\/avatar\\\/64ebac40b93f26a154f8a9b5b6fdccfc46f442b26b3dd6756dbff3bf9dc76fd7?s=96&d=mm&r=g\",\"caption\":\"super-news\"},\"url\":\"https:\\\/\\\/super-news.info\\\/hu\\\/author\\\/pt\\\/\"}]}<\/script>\n<!-- \/ Yoast SEO plugin. -->","yoast_head_json":{"title":"A kedvezm\u00e9nyes \u00e1fa kivezet\u00e9se miatt cs\u00f6kkenhettek az \u00e9p\u00edt\u00e9si enged\u00e9lyek - Super News","robots":{"index":"index","follow":"follow","max-snippet":"max-snippet:-1","max-image-preview":"max-image-preview:large","max-video-preview":"max-video-preview:-1"},"canonical":"https:\/\/super-news.info\/hu\/a-kedvezmenyes-afa-kivezetese-miatt-csokkenhettek-az-epitesi-engedelyek\/","og_locale":"hu_HU","og_type":"article","og_title":"A kedvezm\u00e9nyes \u00e1fa kivezet\u00e9se miatt cs\u00f6kkenhettek az \u00e9p\u00edt\u00e9si enged\u00e9lyek - Super News","og_description":"[ad_1] Elemz\u0151k szerint az \u00faj \u00e9p\u00edt\u00e9s\u0171 ingatlanokra \u00e9v v\u00e9g\u00e9ig \u00e9rv\u00e9nyben l\u00e9v\u0151, kedvezm\u00e9nyes lak\u00e1s\u00e1fa kivezet\u00e9se miatt cs\u00f6kkent az \u00e9p\u00edt\u00e9si enged\u00e9lyek sz\u00e1ma, ugyanakkor hozz\u00e1tett\u00e9k, hogy a csal\u00e1di otthonteremt\u00e9si kedvezm\u00e9ny (csok) sz\u00e9les\u00edt\u00e9se el\u0151seg\u00edtheti a lak\u00e1spiac tov\u00e1bbi n\u00f6veked\u00e9s\u00e9t. A K\u00f6zponti Statisztikai Hivatal h\u00e9tf\u0151n tette k\u00f6zz\u00e9, hogy az els\u0151 negyed\u00e9vben 3661 \u00faj lak\u00e1s \u00e9p\u00fclt, 7,9 sz\u00e1zal\u00e9kkal t\u00f6bb, mint egy \u00e9vvel [&hellip;]","og_url":"https:\/\/super-news.info\/hu\/a-kedvezmenyes-afa-kivezetese-miatt-csokkenhettek-az-epitesi-engedelyek\/","og_site_name":"Super News","article_published_time":"2019-05-06T13:00:04+00:00","article_modified_time":"2019-05-06T13:00:05+00:00","og_image":[{"width":1400,"height":787,"url":"https:\/\/super-news.info\/hu\/wp-content\/uploads\/sites\/3\/2019\/05\/A-kedvezm\u00e9nyes-\u00e1fa-kivezet\u00e9se-miatt-cs\u00f6kkenhettek-az-\u00e9p\u00edt\u00e9si-enged\u00e9lyek.jpg","type":"image\/jpeg"}],"author":"super-news","twitter_card":"summary_large_image","twitter_misc":{"Szerz\u0151:":"super-news","Becs\u00fclt olvas\u00e1si id\u0151":"4 perc"},"schema":{"@context":"https:\/\/schema.org","@graph":[{"@type":"Article","@id":"https:\/\/super-news.info\/hu\/a-kedvezmenyes-afa-kivezetese-miatt-csokkenhettek-az-epitesi-engedelyek\/#article","isPartOf":{"@id":"https:\/\/super-news.info\/hu\/a-kedvezmenyes-afa-kivezetese-miatt-csokkenhettek-az-epitesi-engedelyek\/"},"author":{"name":"super-news","@id":"https:\/\/super-news.info\/hu\/#\/schema\/person\/2d4068cb2f39cd10008c2fce578a7356"},"headline":"A kedvezm\u00e9nyes \u00e1fa kivezet\u00e9se miatt cs\u00f6kkenhettek az \u00e9p\u00edt\u00e9si enged\u00e9lyek","datePublished":"2019-05-06T13:00:04+00:00","dateModified":"2019-05-06T13:00:05+00:00","mainEntityOfPage":{"@id":"https:\/\/super-news.info\/hu\/a-kedvezmenyes-afa-kivezetese-miatt-csokkenhettek-az-epitesi-engedelyek\/"},"wordCount":889,"commentCount":0,"image":{"@id":"https:\/\/super-news.info\/hu\/a-kedvezmenyes-afa-kivezetese-miatt-csokkenhettek-az-epitesi-engedelyek\/#primaryimage"},"thumbnailUrl":"https:\/\/super-news.info\/hu\/wp-content\/uploads\/sites\/3\/2019\/05\/A-kedvezm\u00e9nyes-\u00e1fa-kivezet\u00e9se-miatt-cs\u00f6kkenhettek-az-\u00e9p\u00edt\u00e9si-enged\u00e9lyek.jpg","articleSection":["P\u00c9NZ\u00dcGYI H\u00cdREK"],"inLanguage":"hu","potentialAction":[{"@type":"CommentAction","name":"Comment","target":["https:\/\/super-news.info\/hu\/a-kedvezmenyes-afa-kivezetese-miatt-csokkenhettek-az-epitesi-engedelyek\/#respond"]}]},{"@type":"WebPage","@id":"https:\/\/super-news.info\/hu\/a-kedvezmenyes-afa-kivezetese-miatt-csokkenhettek-az-epitesi-engedelyek\/","url":"https:\/\/super-news.info\/hu\/a-kedvezmenyes-afa-kivezetese-miatt-csokkenhettek-az-epitesi-engedelyek\/","name":"A kedvezm\u00e9nyes \u00e1fa kivezet\u00e9se miatt cs\u00f6kkenhettek az \u00e9p\u00edt\u00e9si enged\u00e9lyek - Super News","isPartOf":{"@id":"https:\/\/super-news.info\/hu\/#website"},"primaryImageOfPage":{"@id":"https:\/\/super-news.info\/hu\/a-kedvezmenyes-afa-kivezetese-miatt-csokkenhettek-az-epitesi-engedelyek\/#primaryimage"},"image":{"@id":"https:\/\/super-news.info\/hu\/a-kedvezmenyes-afa-kivezetese-miatt-csokkenhettek-az-epitesi-engedelyek\/#primaryimage"},"thumbnailUrl":"https:\/\/super-news.info\/hu\/wp-content\/uploads\/sites\/3\/2019\/05\/A-kedvezm\u00e9nyes-\u00e1fa-kivezet\u00e9se-miatt-cs\u00f6kkenhettek-az-\u00e9p\u00edt\u00e9si-enged\u00e9lyek.jpg","datePublished":"2019-05-06T13:00:04+00:00","dateModified":"2019-05-06T13:00:05+00:00","author":{"@id":"https:\/\/super-news.info\/hu\/#\/schema\/person\/2d4068cb2f39cd10008c2fce578a7356"},"breadcrumb":{"@id":"https:\/\/super-news.info\/hu\/a-kedvezmenyes-afa-kivezetese-miatt-csokkenhettek-az-epitesi-engedelyek\/#breadcrumb"},"inLanguage":"hu","potentialAction":[{"@type":"ReadAction","target":["https:\/\/super-news.info\/hu\/a-kedvezmenyes-afa-kivezetese-miatt-csokkenhettek-az-epitesi-engedelyek\/"]}]},{"@type":"ImageObject","inLanguage":"hu","@id":"https:\/\/super-news.info\/hu\/a-kedvezmenyes-afa-kivezetese-miatt-csokkenhettek-az-epitesi-engedelyek\/#primaryimage","url":"https:\/\/super-news.info\/hu\/wp-content\/uploads\/sites\/3\/2019\/05\/A-kedvezm\u00e9nyes-\u00e1fa-kivezet\u00e9se-miatt-cs\u00f6kkenhettek-az-\u00e9p\u00edt\u00e9si-enged\u00e9lyek.jpg","contentUrl":"https:\/\/super-news.info\/hu\/wp-content\/uploads\/sites\/3\/2019\/05\/A-kedvezm\u00e9nyes-\u00e1fa-kivezet\u00e9se-miatt-cs\u00f6kkenhettek-az-\u00e9p\u00edt\u00e9si-enged\u00e9lyek.jpg","width":1400,"height":787,"caption":"A kedvezm\u00e9nyes \u00e1fa kivezet\u00e9se miatt cs\u00f6kkenhettek az \u00e9p\u00edt\u00e9si enged\u00e9lyek"},{"@type":"BreadcrumbList","@id":"https:\/\/super-news.info\/hu\/a-kedvezmenyes-afa-kivezetese-miatt-csokkenhettek-az-epitesi-engedelyek\/#breadcrumb","itemListElement":[{"@type":"ListItem","position":1,"name":"\u0413\u043b\u0430\u0432\u043d\u0430\u044f \u0441\u0442\u0440\u0430\u043d\u0438\u0446\u0430","item":"https:\/\/super-news.info\/hu\/"},{"@type":"ListItem","position":2,"name":"A kedvezm\u00e9nyes \u00e1fa kivezet\u00e9se miatt cs\u00f6kkenhettek az \u00e9p\u00edt\u00e9si enged\u00e9lyek"}]},{"@type":"WebSite","@id":"https:\/\/super-news.info\/hu\/#website","url":"https:\/\/super-news.info\/hu\/","name":"Super News","description":"Super News Magyarorsz\u00e1g","potentialAction":[{"@type":"SearchAction","target":{"@type":"EntryPoint","urlTemplate":"https:\/\/super-news.info\/hu\/?s={search_term_string}"},"query-input":{"@type":"PropertyValueSpecification","valueRequired":true,"valueName":"search_term_string"}}],"inLanguage":"hu"},{"@type":"Person","@id":"https:\/\/super-news.info\/hu\/#\/schema\/person\/2d4068cb2f39cd10008c2fce578a7356","name":"super-news","image":{"@type":"ImageObject","inLanguage":"hu","@id":"https:\/\/secure.gravatar.com\/avatar\/64ebac40b93f26a154f8a9b5b6fdccfc46f442b26b3dd6756dbff3bf9dc76fd7?s=96&d=mm&r=g","url":"https:\/\/secure.gravatar.com\/avatar\/64ebac40b93f26a154f8a9b5b6fdccfc46f442b26b3dd6756dbff3bf9dc76fd7?s=96&d=mm&r=g","contentUrl":"https:\/\/secure.gravatar.com\/avatar\/64ebac40b93f26a154f8a9b5b6fdccfc46f442b26b3dd6756dbff3bf9dc76fd7?s=96&d=mm&r=g","caption":"super-news"},"url":"https:\/\/super-news.info\/hu\/author\/pt\/"}]}},"_links":{"self":[{"href":"https:\/\/super-news.info\/hu\/wp-json\/wp\/v2\/posts\/1429","targetHints":{"allow":["GET"]}}],"collection":[{"href":"https:\/\/super-news.info\/hu\/wp-json\/wp\/v2\/posts"}],"about":[{"href":"https:\/\/super-news.info\/hu\/wp-json\/wp\/v2\/types\/post"}],"author":[{"embeddable":true,"href":"https:\/\/super-news.info\/hu\/wp-json\/wp\/v2\/users\/2"}],"replies":[{"embeddable":true,"href":"https:\/\/super-news.info\/hu\/wp-json\/wp\/v2\/comments?post=1429"}],"version-history":[{"count":1,"href":"https:\/\/super-news.info\/hu\/wp-json\/wp\/v2\/posts\/1429\/revisions"}],"predecessor-version":[{"id":1431,"href":"https:\/\/super-news.info\/hu\/wp-json\/wp\/v2\/posts\/1429\/revisions\/1431"}],"wp:featuredmedia":[{"embeddable":true,"href":"https:\/\/super-news.info\/hu\/wp-json\/wp\/v2\/media\/1430"}],"wp:attachment":[{"href":"https:\/\/super-news.info\/hu\/wp-json\/wp\/v2\/media?parent=1429"}],"wp:term":[{"taxonomy":"category","embeddable":true,"href":"https:\/\/super-news.info\/hu\/wp-json\/wp\/v2\/categories?post=1429"},{"taxonomy":"post_tag","embeddable":true,"href":"https:\/\/super-news.info\/hu\/wp-json\/wp\/v2\/tags?post=1429"}],"curies":[{"name":"wp","href":"https:\/\/api.w.org\/{rel}","templated":true}]}}