{"id":1426,"date":"2019-05-06T14:48:14","date_gmt":"2019-05-06T11:48:14","guid":{"rendered":"https:\/\/super-news.info\/hu\/megnyitott-az-uj-takarekbank-vilaggazdasag\/"},"modified":"2019-05-06T14:48:15","modified_gmt":"2019-05-06T11:48:15","slug":"megnyitott-az-uj-takarekbank-vilaggazdasag","status":"publish","type":"post","link":"https:\/\/super-news.info\/hu\/megnyitott-az-uj-takarekbank-vilaggazdasag\/","title":{"rendered":"Megnyitott az \u00faj Takar\u00e9kbank | Vil\u00e1ggazdas\u00e1g"},"content":{"rendered":"<p> [ad_1]<br \/>\n<\/p>\n<p>\n\t\t\t\t\t\t\t\tH\u00e9t megy\u00e9ben \u00e9s a f\u0151v\u00e1rosban \u00f6sszesen 139 fi\u00f3kkal m\u00e1jus 6-\u00e1n megnyitott a Takar\u00e9k Csoport \u00faj, univerz\u00e1lis kereskedelmi bankja. A tervek szerint okt\u00f3ber v\u00e9g\u00e9ig a t\u00f6bbi 11 takar\u00e9ksz\u00f6vetkezet \u00e9s a Takar\u00e9k Kereskedelmi Bank Zrt. is csatlakozik a Takar\u00e9kbankhoz \u2013 ezzel a p\u00e9nzint\u00e9zet aggreg\u00e1lt m\u00e9rlegf\u0151\u00f6sszege v\u00e1rhat\u00f3an meghaladja majd a 2300 milli\u00e1rd forintot.\t\t\t\t\t\t\t<\/p>\n<div>\n<p>Az \u00faj Takar\u00e9kbank indul\u00e1sakor t\u00f6bb mint 140 ezer lakoss\u00e1gi \u00e9s 28 ezer v\u00e1llalkoz\u00f3i sz\u00e1ml\u00e1t vezet, ez ut\u00f3bbiakon bel\u00fcl az agr\u00e1r\u00fcgyfelek ar\u00e1nya megk\u00f6zel\u00edti a t\u00edz sz\u00e1zal\u00e9kot. A p\u00e9nzint\u00e9zetn\u00e9l 173 \u00f6nkorm\u00e1nyzat bankol.<\/p>\n<p>A Takar\u00e9kbank kezdetben h\u00e9t megy\u00e9ben (Baranya, Fej\u00e9r, Gy\u0151r-Moson-Sopron, Kom\u00e1rom-Esztergom, Pest, Veszpr\u00e9m, valamint kisebb m\u00e9rt\u00e9kben Tolna) \u00e9s Budapesten lesz jelen \u00f6sszesen 139 fi\u00f3kkal.<\/p>\n<p>Emellett 2 Takar\u00e9k Mobil bankfi\u00f3k (Takar\u00e9k-busz) szolg\u00e1lja ki folyamatosan az \u00fcgyfeleket Fej\u00e9r \u00e9s Pest megye ter\u00fclet\u00e9n, \u00f6sszesen 13 kistelep\u00fcl\u00e9sen.<\/p>\n<p>J\u00f3 h\u00edr az \u00e9rintett \u00fcgyfelek sz\u00e1m\u00e1ra, hogy a h\u00e1rom p\u00e9nzint\u00e9zet egyes\u00fcl\u00e9s\u00e9vel egys\u00e9ges alapokra helyezt\u00e9k az informatikai rendszert is, \u00edgy ezent\u00fal a megn\u00f6vekedett h\u00e1l\u00f3zat b\u00e1rmely fi\u00f3kj\u00e1ban int\u00e9zhetik majd p\u00e9nz\u00fcgyeiket. A Takar\u00e9k Csoport r\u00e9szek\u00e9nt m\u0171k\u00f6d\u0151 region\u00e1lis p\u00e9nzint\u00e9zetek az egyes\u00fcl\u00e9sig \u00f6n\u00e1ll\u00f3an m\u0171k\u00f6dtek, gyakran teljesen k\u00fcl\u00f6nb\u00f6z\u0151 informatikai rendszereik nem voltak \u00f6sszekapcsolva, ez\u00e9rt automatikusan nem tudt\u00e1k kiszolg\u00e1lni egym\u00e1s \u00fcgyfeleit. A takar\u00e9kok fokozatos egyes\u00fcl\u00e9snek egyik legfontosabb hozad\u00e9ka lesz az orsz\u00e1gos \u00e1tj\u00e1rhat\u00f3s\u00e1g a Takar\u00e9kbank valamennyi fi\u00f3kja k\u00f6z\u00f6tt.<\/p>\n<div id=\"attachment_1494688\" style=\"width: 1410px\" class=\"wp-caption aligncenter\">\n<p class=\"wp-caption-text\">Fot\u00f3: MTI\/M\u00e1th\u00e9 Zolt\u00e1n<\/p>\n<\/div>\n<p>Az \u00faj Takar\u00e9kbank megnyit\u00e1sa az els\u0151 l\u00e9p\u00e9s a takar\u00e9kok teljes, orsz\u00e1gos f\u00fazi\u00f3ja fel\u00e9 \u2013 a tervek szerint okt\u00f3ber v\u00e9g\u00e9ig a t\u00f6bbi 11 takar\u00e9ksz\u00f6vetkezet \u00e9s a Takar\u00e9k Kereskedelmi Bank is beolvad az \u00faj kereskedelmi bankba.<\/p>\n<p>Ezzel az \u00e9v v\u00e9g\u00e9re a Takar\u00e9kbank aggreg\u00e1lt m\u00e9rlegf\u0151\u00f6sszege v\u00e1rhat\u00f3an t\u00f6bb mint 2300 milli\u00e1rd forintra n\u0151, \u00fcgyfeleinek sz\u00e1ma meghaladja az egymilli\u00f3t, \u00e9s 750 fi\u00f3kj\u00e1val a legnagyobb, orsz\u00e1gos fi\u00f3kh\u00e1l\u00f3zatot \u00fczemelteti majd a hazai p\u00e9nzint\u00e9zetek k\u00f6z\u00f6tt.<\/p>\n<p>Emellett a kistelep\u00fcl\u00e9seken \u00e9l\u0151 \u00fcgyfeleket tov\u00e1bbi 15 Takar\u00e9k Mobil bankfi\u00f3k (Takar\u00e9k-busz) szolg\u00e1lja majd ki az orsz\u00e1g \u00f6sszes megy\u00e9j\u00e9ben.<\/p>\n<p>Az \u00faj Takar\u00e9kbank h\u00e1rom takar\u00e9k egyes\u00fcl\u00e9s\u00e9vel j\u00f6tt l\u00e9tre \u00fagy, hogy a Pannon Takar\u00e9k Bank Zrt. \u00e9s a B3 TAKAR\u00c9K Sz\u00f6vetkezet 2019. \u00e1prilis 30-\u00e1n beolvadt a Moh\u00e1csi Takar\u00e9k Bank Zrt.-be, amely ezzel egyidej\u0171leg Takar\u00e9kbank Zrt.-re v\u00e1ltoztatta a nev\u00e9t. Ugyanezzel a d\u00e1tummal a Takar\u00e9k Csoport k\u00f6zponti bankja, a MTB Zrt. az \u00faj Takar\u00e9kbankra ruh\u00e1zta \u00e1t v\u00e1llalati \u00e9s lakoss\u00e1gi sz\u00e1mlaszerz\u0151d\u00e9s-, bet\u00e9t- \u00e9s hitel\u00e1llom\u00e1nyait. Az egyes\u00fclt hitelint\u00e9zetek kor\u00e1bbi k\u00f6zpontjaiban a h\u00e1tt\u00e9rm\u0171veleti igazgat\u00f3s\u00e1g egys\u00e9gei (oper\u00e1ci\u00f3, hitelfeldolgoz\u00e1s, hitel h\u00e1tt\u00e9rm\u0171veleti oszt\u00e1ly stb.) m\u0171k\u00f6dnek, a dolgoz\u00f3kat is ide csoportos\u00edtott\u00e1k \u00e1t. Munkav\u00e1llal\u00f3inak indul\u00f3 l\u00e9tsz\u00e1ma 2019. m\u00e1jusban 957 f\u0151.<\/p>\n<p><img loading=\"lazy\" decoding=\"async\" class=\"size-full wp-image-1494676 alignleft\" src=\"https:\/\/super-news.info\/hu\/wp-content\/uploads\/sites\/3\/2019\/05\/1557143294_496_Megnyitott-az-uj-Takarekbank-Vilaggazdasag.jpg\" alt=\"\" width=\"387\" height=\"240\"  \/><\/p>\n<p>Vida J\u00f3zsef, a Takar\u00e9k Csoport k\u00f6zponti bankj\u00e1nak eln\u00f6k-vez\u00e9rigazgat\u00f3ja t\u00f6rt\u00e9nelmi jelent\u0151s\u00e9g\u0171nek \u00e9rt\u00e9kelte az \u00faj Takar\u00e9kbank megnyit\u00e1s\u00e1t a takar\u00e9ksz\u00f6vetkezetek m\u00e1sf\u00e9l \u00e9vsz\u00e1zados t\u00f6rt\u00e9nelm\u00e9ben. Mint hangs\u00falyozta, ez a l\u00e9p\u00e9s alapvet\u0151 felt\u00e9tele \u00e9s egyben garanci\u00e1ja a Takar\u00e9k Csoport gy\u00f6keres meg\u00faj\u00edt\u00e1s\u00e1nak, ami hossz\u00fa \u00e9vekre el\u0151re meghat\u00e1rozza a Csoport j\u00f6v\u0151j\u00e9t.<\/p>\n<p>Az orsz\u00e1gos lefedetts\u00e9g\u0171, a hazai p\u00e9nzint\u00e9zetek k\u00f6z\u00fcl a legnagyobb fi\u00f3kh\u00e1l\u00f3zatot \u00fczemeltet\u0151 Takar\u00e9kbank a helyi csal\u00e1dok \u00e9s gener\u00e1ci\u00f3k, valamint a helyi k\u00f6z\u00f6ss\u00e9gek bankja k\u00edv\u00e1n lenni. Az \u00faj Takar\u00e9kbank jelent\u0151s \u00fczleti korszer\u0171s\u00edt\u00e9st tervez, \u00faj term\u00e9kekkel \u00e9s szolg\u00e1ltat\u00e1sokkal, \u00faj, korszer\u0171, digit\u00e1lis csatorn\u00e1k alkalmaz\u00e1s\u00e1val k\u00edv\u00e1n a piacra l\u00e9pni, mik\u00f6zben a hagyom\u00e1nyos banki \u00fcgyint\u00e9z\u00e9st is sz\u00e9les k\u00f6r\u0171en biztos\u00edtja \u00fcgyfelei sz\u00e1m\u00e1ra.<\/p>\n<\/p><\/div>\n<p><script>\n    window.fbAsyncInit = function() {\n        FB.init({\n            appId      : \"204760236815359\",\n            xfbml      : true,\n            version    : \"v2.12\"\n        });\n        FB.AppEvents.logPageView();\n    };<\/p>\n<p>    (function(d, s, id){\n        var js, fjs = d.getElementsByTagName(s)[0];\n        if (d.getElementById(id)) {return;}\n        js = d.createElement(s); js.id = id;\n        js.src = \"http:\/\/connect.facebook.net\/hu_HU\/sdk.js\";\n        fjs.parentNode.insertBefore(js, fjs);\n    }(document, \"script\", \"facebook-jssdk\"));\n<\/script><br \/>\n<br \/>[ad_2]<br \/>\n<br \/><a href=\"https:\/\/www.vg.hu\/penzugy\/penzugyi-szolgaltatok\/megnyitott-az-uj-takarekbank-1494667\/\">Source link <\/a><\/p>\n","protected":false},"excerpt":{"rendered":"<p>[ad_1] H\u00e9t megy\u00e9ben \u00e9s a f\u0151v\u00e1rosban \u00f6sszesen 139 fi\u00f3kkal m\u00e1jus 6-\u00e1n megnyitott a Takar\u00e9k Csoport \u00faj, univerz\u00e1lis kereskedelmi bankja. A tervek szerint okt\u00f3ber v\u00e9g\u00e9ig a t\u00f6bbi 11 takar\u00e9ksz\u00f6vetkezet \u00e9s a Takar\u00e9k Kereskedelmi Bank Zrt. is csatlakozik a Takar\u00e9kbankhoz \u2013 ezzel a p\u00e9nzint\u00e9zet aggreg\u00e1lt m\u00e9rlegf\u0151\u00f6sszege v\u00e1rhat\u00f3an meghaladja majd a 2300 milli\u00e1rd forintot. Az \u00faj Takar\u00e9kbank indul\u00e1sakor [&hellip;]<\/p>\n","protected":false},"author":2,"featured_media":1427,"comment_status":"open","ping_status":"open","sticky":false,"template":"","format":"standard","meta":{"footnotes":""},"categories":[1],"tags":[],"class_list":["post-1426","post","type-post","status-publish","format-standard","has-post-thumbnail","hentry","category-penzugyi-hirek"],"yoast_head":"<!-- This site is optimized with the Yoast SEO plugin v27.4 - https:\/\/yoast.com\/product\/yoast-seo-wordpress\/ -->\n<title>Megnyitott az \u00faj Takar\u00e9kbank | Vil\u00e1ggazdas\u00e1g - Super News<\/title>\n<meta name=\"robots\" content=\"index, follow, max-snippet:-1, max-image-preview:large, max-video-preview:-1\" \/>\n<link rel=\"canonical\" href=\"https:\/\/super-news.info\/hu\/megnyitott-az-uj-takarekbank-vilaggazdasag\/\" \/>\n<meta property=\"og:locale\" content=\"hu_HU\" \/>\n<meta property=\"og:type\" content=\"article\" \/>\n<meta property=\"og:title\" content=\"Megnyitott az \u00faj Takar\u00e9kbank | Vil\u00e1ggazdas\u00e1g - Super News\" \/>\n<meta property=\"og:description\" content=\"[ad_1] H\u00e9t megy\u00e9ben \u00e9s a f\u0151v\u00e1rosban \u00f6sszesen 139 fi\u00f3kkal m\u00e1jus 6-\u00e1n megnyitott a Takar\u00e9k Csoport \u00faj, univerz\u00e1lis kereskedelmi bankja. A tervek szerint okt\u00f3ber v\u00e9g\u00e9ig a t\u00f6bbi 11 takar\u00e9ksz\u00f6vetkezet \u00e9s a Takar\u00e9k Kereskedelmi Bank Zrt. is csatlakozik a Takar\u00e9kbankhoz \u2013 ezzel a p\u00e9nzint\u00e9zet aggreg\u00e1lt m\u00e9rlegf\u0151\u00f6sszege v\u00e1rhat\u00f3an meghaladja majd a 2300 milli\u00e1rd forintot. Az \u00faj Takar\u00e9kbank indul\u00e1sakor [&hellip;]\" \/>\n<meta property=\"og:url\" content=\"https:\/\/super-news.info\/hu\/megnyitott-az-uj-takarekbank-vilaggazdasag\/\" \/>\n<meta property=\"og:site_name\" content=\"Super News\" \/>\n<meta property=\"article:published_time\" content=\"2019-05-06T11:48:14+00:00\" \/>\n<meta property=\"article:modified_time\" content=\"2019-05-06T11:48:15+00:00\" \/>\n<meta property=\"og:image\" content=\"https:\/\/super-news.info\/hu\/wp-content\/uploads\/sites\/3\/2019\/05\/Megnyitott-az-\u00faj-Takar\u00e9kbank-Vil\u00e1ggazdas\u00e1g.jpg\" \/>\n\t<meta property=\"og:image:width\" content=\"1400\" \/>\n\t<meta property=\"og:image:height\" content=\"874\" \/>\n\t<meta property=\"og:image:type\" content=\"image\/jpeg\" \/>\n<meta name=\"author\" content=\"super-news\" \/>\n<meta name=\"twitter:card\" content=\"summary_large_image\" \/>\n<meta name=\"twitter:label1\" content=\"Szerz\u0151:\" \/>\n\t<meta name=\"twitter:data1\" content=\"super-news\" \/>\n\t<meta name=\"twitter:label2\" content=\"Becs\u00fclt olvas\u00e1si id\u0151\" \/>\n\t<meta name=\"twitter:data2\" content=\"4 perc\" \/>\n<script type=\"application\/ld+json\" class=\"yoast-schema-graph\">{\"@context\":\"https:\\\/\\\/schema.org\",\"@graph\":[{\"@type\":\"Article\",\"@id\":\"https:\\\/\\\/super-news.info\\\/hu\\\/megnyitott-az-uj-takarekbank-vilaggazdasag\\\/#article\",\"isPartOf\":{\"@id\":\"https:\\\/\\\/super-news.info\\\/hu\\\/megnyitott-az-uj-takarekbank-vilaggazdasag\\\/\"},\"author\":{\"name\":\"super-news\",\"@id\":\"https:\\\/\\\/super-news.info\\\/hu\\\/#\\\/schema\\\/person\\\/2d4068cb2f39cd10008c2fce578a7356\"},\"headline\":\"Megnyitott az \u00faj Takar\u00e9kbank | Vil\u00e1ggazdas\u00e1g\",\"datePublished\":\"2019-05-06T11:48:14+00:00\",\"dateModified\":\"2019-05-06T11:48:15+00:00\",\"mainEntityOfPage\":{\"@id\":\"https:\\\/\\\/super-news.info\\\/hu\\\/megnyitott-az-uj-takarekbank-vilaggazdasag\\\/\"},\"wordCount\":772,\"commentCount\":0,\"image\":{\"@id\":\"https:\\\/\\\/super-news.info\\\/hu\\\/megnyitott-az-uj-takarekbank-vilaggazdasag\\\/#primaryimage\"},\"thumbnailUrl\":\"https:\\\/\\\/super-news.info\\\/hu\\\/wp-content\\\/uploads\\\/sites\\\/3\\\/2019\\\/05\\\/Megnyitott-az-\u00faj-Takar\u00e9kbank-Vil\u00e1ggazdas\u00e1g.jpg\",\"articleSection\":[\"P\u00c9NZ\u00dcGYI H\u00cdREK\"],\"inLanguage\":\"hu\",\"potentialAction\":[{\"@type\":\"CommentAction\",\"name\":\"Comment\",\"target\":[\"https:\\\/\\\/super-news.info\\\/hu\\\/megnyitott-az-uj-takarekbank-vilaggazdasag\\\/#respond\"]}]},{\"@type\":\"WebPage\",\"@id\":\"https:\\\/\\\/super-news.info\\\/hu\\\/megnyitott-az-uj-takarekbank-vilaggazdasag\\\/\",\"url\":\"https:\\\/\\\/super-news.info\\\/hu\\\/megnyitott-az-uj-takarekbank-vilaggazdasag\\\/\",\"name\":\"Megnyitott az \u00faj Takar\u00e9kbank | Vil\u00e1ggazdas\u00e1g - Super News\",\"isPartOf\":{\"@id\":\"https:\\\/\\\/super-news.info\\\/hu\\\/#website\"},\"primaryImageOfPage\":{\"@id\":\"https:\\\/\\\/super-news.info\\\/hu\\\/megnyitott-az-uj-takarekbank-vilaggazdasag\\\/#primaryimage\"},\"image\":{\"@id\":\"https:\\\/\\\/super-news.info\\\/hu\\\/megnyitott-az-uj-takarekbank-vilaggazdasag\\\/#primaryimage\"},\"thumbnailUrl\":\"https:\\\/\\\/super-news.info\\\/hu\\\/wp-content\\\/uploads\\\/sites\\\/3\\\/2019\\\/05\\\/Megnyitott-az-\u00faj-Takar\u00e9kbank-Vil\u00e1ggazdas\u00e1g.jpg\",\"datePublished\":\"2019-05-06T11:48:14+00:00\",\"dateModified\":\"2019-05-06T11:48:15+00:00\",\"author\":{\"@id\":\"https:\\\/\\\/super-news.info\\\/hu\\\/#\\\/schema\\\/person\\\/2d4068cb2f39cd10008c2fce578a7356\"},\"breadcrumb\":{\"@id\":\"https:\\\/\\\/super-news.info\\\/hu\\\/megnyitott-az-uj-takarekbank-vilaggazdasag\\\/#breadcrumb\"},\"inLanguage\":\"hu\",\"potentialAction\":[{\"@type\":\"ReadAction\",\"target\":[\"https:\\\/\\\/super-news.info\\\/hu\\\/megnyitott-az-uj-takarekbank-vilaggazdasag\\\/\"]}]},{\"@type\":\"ImageObject\",\"inLanguage\":\"hu\",\"@id\":\"https:\\\/\\\/super-news.info\\\/hu\\\/megnyitott-az-uj-takarekbank-vilaggazdasag\\\/#primaryimage\",\"url\":\"https:\\\/\\\/super-news.info\\\/hu\\\/wp-content\\\/uploads\\\/sites\\\/3\\\/2019\\\/05\\\/Megnyitott-az-\u00faj-Takar\u00e9kbank-Vil\u00e1ggazdas\u00e1g.jpg\",\"contentUrl\":\"https:\\\/\\\/super-news.info\\\/hu\\\/wp-content\\\/uploads\\\/sites\\\/3\\\/2019\\\/05\\\/Megnyitott-az-\u00faj-Takar\u00e9kbank-Vil\u00e1ggazdas\u00e1g.jpg\",\"width\":1400,\"height\":874,\"caption\":\"Megnyitott az \u00faj Takar\u00e9kbank | Vil\u00e1ggazdas\u00e1g\"},{\"@type\":\"BreadcrumbList\",\"@id\":\"https:\\\/\\\/super-news.info\\\/hu\\\/megnyitott-az-uj-takarekbank-vilaggazdasag\\\/#breadcrumb\",\"itemListElement\":[{\"@type\":\"ListItem\",\"position\":1,\"name\":\"\u0413\u043b\u0430\u0432\u043d\u0430\u044f \u0441\u0442\u0440\u0430\u043d\u0438\u0446\u0430\",\"item\":\"https:\\\/\\\/super-news.info\\\/hu\\\/\"},{\"@type\":\"ListItem\",\"position\":2,\"name\":\"Megnyitott az \u00faj Takar\u00e9kbank | Vil\u00e1ggazdas\u00e1g\"}]},{\"@type\":\"WebSite\",\"@id\":\"https:\\\/\\\/super-news.info\\\/hu\\\/#website\",\"url\":\"https:\\\/\\\/super-news.info\\\/hu\\\/\",\"name\":\"Super News\",\"description\":\"Super News Magyarorsz\u00e1g\",\"potentialAction\":[{\"@type\":\"SearchAction\",\"target\":{\"@type\":\"EntryPoint\",\"urlTemplate\":\"https:\\\/\\\/super-news.info\\\/hu\\\/?s={search_term_string}\"},\"query-input\":{\"@type\":\"PropertyValueSpecification\",\"valueRequired\":true,\"valueName\":\"search_term_string\"}}],\"inLanguage\":\"hu\"},{\"@type\":\"Person\",\"@id\":\"https:\\\/\\\/super-news.info\\\/hu\\\/#\\\/schema\\\/person\\\/2d4068cb2f39cd10008c2fce578a7356\",\"name\":\"super-news\",\"image\":{\"@type\":\"ImageObject\",\"inLanguage\":\"hu\",\"@id\":\"https:\\\/\\\/secure.gravatar.com\\\/avatar\\\/64ebac40b93f26a154f8a9b5b6fdccfc46f442b26b3dd6756dbff3bf9dc76fd7?s=96&d=mm&r=g\",\"url\":\"https:\\\/\\\/secure.gravatar.com\\\/avatar\\\/64ebac40b93f26a154f8a9b5b6fdccfc46f442b26b3dd6756dbff3bf9dc76fd7?s=96&d=mm&r=g\",\"contentUrl\":\"https:\\\/\\\/secure.gravatar.com\\\/avatar\\\/64ebac40b93f26a154f8a9b5b6fdccfc46f442b26b3dd6756dbff3bf9dc76fd7?s=96&d=mm&r=g\",\"caption\":\"super-news\"},\"url\":\"https:\\\/\\\/super-news.info\\\/hu\\\/author\\\/pt\\\/\"}]}<\/script>\n<!-- \/ Yoast SEO plugin. -->","yoast_head_json":{"title":"Megnyitott az \u00faj Takar\u00e9kbank | Vil\u00e1ggazdas\u00e1g - Super News","robots":{"index":"index","follow":"follow","max-snippet":"max-snippet:-1","max-image-preview":"max-image-preview:large","max-video-preview":"max-video-preview:-1"},"canonical":"https:\/\/super-news.info\/hu\/megnyitott-az-uj-takarekbank-vilaggazdasag\/","og_locale":"hu_HU","og_type":"article","og_title":"Megnyitott az \u00faj Takar\u00e9kbank | Vil\u00e1ggazdas\u00e1g - Super News","og_description":"[ad_1] H\u00e9t megy\u00e9ben \u00e9s a f\u0151v\u00e1rosban \u00f6sszesen 139 fi\u00f3kkal m\u00e1jus 6-\u00e1n megnyitott a Takar\u00e9k Csoport \u00faj, univerz\u00e1lis kereskedelmi bankja. A tervek szerint okt\u00f3ber v\u00e9g\u00e9ig a t\u00f6bbi 11 takar\u00e9ksz\u00f6vetkezet \u00e9s a Takar\u00e9k Kereskedelmi Bank Zrt. is csatlakozik a Takar\u00e9kbankhoz \u2013 ezzel a p\u00e9nzint\u00e9zet aggreg\u00e1lt m\u00e9rlegf\u0151\u00f6sszege v\u00e1rhat\u00f3an meghaladja majd a 2300 milli\u00e1rd forintot. Az \u00faj Takar\u00e9kbank indul\u00e1sakor [&hellip;]","og_url":"https:\/\/super-news.info\/hu\/megnyitott-az-uj-takarekbank-vilaggazdasag\/","og_site_name":"Super News","article_published_time":"2019-05-06T11:48:14+00:00","article_modified_time":"2019-05-06T11:48:15+00:00","og_image":[{"width":1400,"height":874,"url":"https:\/\/super-news.info\/hu\/wp-content\/uploads\/sites\/3\/2019\/05\/Megnyitott-az-\u00faj-Takar\u00e9kbank-Vil\u00e1ggazdas\u00e1g.jpg","type":"image\/jpeg"}],"author":"super-news","twitter_card":"summary_large_image","twitter_misc":{"Szerz\u0151:":"super-news","Becs\u00fclt olvas\u00e1si id\u0151":"4 perc"},"schema":{"@context":"https:\/\/schema.org","@graph":[{"@type":"Article","@id":"https:\/\/super-news.info\/hu\/megnyitott-az-uj-takarekbank-vilaggazdasag\/#article","isPartOf":{"@id":"https:\/\/super-news.info\/hu\/megnyitott-az-uj-takarekbank-vilaggazdasag\/"},"author":{"name":"super-news","@id":"https:\/\/super-news.info\/hu\/#\/schema\/person\/2d4068cb2f39cd10008c2fce578a7356"},"headline":"Megnyitott az \u00faj Takar\u00e9kbank | Vil\u00e1ggazdas\u00e1g","datePublished":"2019-05-06T11:48:14+00:00","dateModified":"2019-05-06T11:48:15+00:00","mainEntityOfPage":{"@id":"https:\/\/super-news.info\/hu\/megnyitott-az-uj-takarekbank-vilaggazdasag\/"},"wordCount":772,"commentCount":0,"image":{"@id":"https:\/\/super-news.info\/hu\/megnyitott-az-uj-takarekbank-vilaggazdasag\/#primaryimage"},"thumbnailUrl":"https:\/\/super-news.info\/hu\/wp-content\/uploads\/sites\/3\/2019\/05\/Megnyitott-az-\u00faj-Takar\u00e9kbank-Vil\u00e1ggazdas\u00e1g.jpg","articleSection":["P\u00c9NZ\u00dcGYI H\u00cdREK"],"inLanguage":"hu","potentialAction":[{"@type":"CommentAction","name":"Comment","target":["https:\/\/super-news.info\/hu\/megnyitott-az-uj-takarekbank-vilaggazdasag\/#respond"]}]},{"@type":"WebPage","@id":"https:\/\/super-news.info\/hu\/megnyitott-az-uj-takarekbank-vilaggazdasag\/","url":"https:\/\/super-news.info\/hu\/megnyitott-az-uj-takarekbank-vilaggazdasag\/","name":"Megnyitott az \u00faj Takar\u00e9kbank | Vil\u00e1ggazdas\u00e1g - Super News","isPartOf":{"@id":"https:\/\/super-news.info\/hu\/#website"},"primaryImageOfPage":{"@id":"https:\/\/super-news.info\/hu\/megnyitott-az-uj-takarekbank-vilaggazdasag\/#primaryimage"},"image":{"@id":"https:\/\/super-news.info\/hu\/megnyitott-az-uj-takarekbank-vilaggazdasag\/#primaryimage"},"thumbnailUrl":"https:\/\/super-news.info\/hu\/wp-content\/uploads\/sites\/3\/2019\/05\/Megnyitott-az-\u00faj-Takar\u00e9kbank-Vil\u00e1ggazdas\u00e1g.jpg","datePublished":"2019-05-06T11:48:14+00:00","dateModified":"2019-05-06T11:48:15+00:00","author":{"@id":"https:\/\/super-news.info\/hu\/#\/schema\/person\/2d4068cb2f39cd10008c2fce578a7356"},"breadcrumb":{"@id":"https:\/\/super-news.info\/hu\/megnyitott-az-uj-takarekbank-vilaggazdasag\/#breadcrumb"},"inLanguage":"hu","potentialAction":[{"@type":"ReadAction","target":["https:\/\/super-news.info\/hu\/megnyitott-az-uj-takarekbank-vilaggazdasag\/"]}]},{"@type":"ImageObject","inLanguage":"hu","@id":"https:\/\/super-news.info\/hu\/megnyitott-az-uj-takarekbank-vilaggazdasag\/#primaryimage","url":"https:\/\/super-news.info\/hu\/wp-content\/uploads\/sites\/3\/2019\/05\/Megnyitott-az-\u00faj-Takar\u00e9kbank-Vil\u00e1ggazdas\u00e1g.jpg","contentUrl":"https:\/\/super-news.info\/hu\/wp-content\/uploads\/sites\/3\/2019\/05\/Megnyitott-az-\u00faj-Takar\u00e9kbank-Vil\u00e1ggazdas\u00e1g.jpg","width":1400,"height":874,"caption":"Megnyitott az \u00faj Takar\u00e9kbank | Vil\u00e1ggazdas\u00e1g"},{"@type":"BreadcrumbList","@id":"https:\/\/super-news.info\/hu\/megnyitott-az-uj-takarekbank-vilaggazdasag\/#breadcrumb","itemListElement":[{"@type":"ListItem","position":1,"name":"\u0413\u043b\u0430\u0432\u043d\u0430\u044f \u0441\u0442\u0440\u0430\u043d\u0438\u0446\u0430","item":"https:\/\/super-news.info\/hu\/"},{"@type":"ListItem","position":2,"name":"Megnyitott az \u00faj Takar\u00e9kbank | Vil\u00e1ggazdas\u00e1g"}]},{"@type":"WebSite","@id":"https:\/\/super-news.info\/hu\/#website","url":"https:\/\/super-news.info\/hu\/","name":"Super News","description":"Super News Magyarorsz\u00e1g","potentialAction":[{"@type":"SearchAction","target":{"@type":"EntryPoint","urlTemplate":"https:\/\/super-news.info\/hu\/?s={search_term_string}"},"query-input":{"@type":"PropertyValueSpecification","valueRequired":true,"valueName":"search_term_string"}}],"inLanguage":"hu"},{"@type":"Person","@id":"https:\/\/super-news.info\/hu\/#\/schema\/person\/2d4068cb2f39cd10008c2fce578a7356","name":"super-news","image":{"@type":"ImageObject","inLanguage":"hu","@id":"https:\/\/secure.gravatar.com\/avatar\/64ebac40b93f26a154f8a9b5b6fdccfc46f442b26b3dd6756dbff3bf9dc76fd7?s=96&d=mm&r=g","url":"https:\/\/secure.gravatar.com\/avatar\/64ebac40b93f26a154f8a9b5b6fdccfc46f442b26b3dd6756dbff3bf9dc76fd7?s=96&d=mm&r=g","contentUrl":"https:\/\/secure.gravatar.com\/avatar\/64ebac40b93f26a154f8a9b5b6fdccfc46f442b26b3dd6756dbff3bf9dc76fd7?s=96&d=mm&r=g","caption":"super-news"},"url":"https:\/\/super-news.info\/hu\/author\/pt\/"}]}},"_links":{"self":[{"href":"https:\/\/super-news.info\/hu\/wp-json\/wp\/v2\/posts\/1426","targetHints":{"allow":["GET"]}}],"collection":[{"href":"https:\/\/super-news.info\/hu\/wp-json\/wp\/v2\/posts"}],"about":[{"href":"https:\/\/super-news.info\/hu\/wp-json\/wp\/v2\/types\/post"}],"author":[{"embeddable":true,"href":"https:\/\/super-news.info\/hu\/wp-json\/wp\/v2\/users\/2"}],"replies":[{"embeddable":true,"href":"https:\/\/super-news.info\/hu\/wp-json\/wp\/v2\/comments?post=1426"}],"version-history":[{"count":1,"href":"https:\/\/super-news.info\/hu\/wp-json\/wp\/v2\/posts\/1426\/revisions"}],"predecessor-version":[{"id":1428,"href":"https:\/\/super-news.info\/hu\/wp-json\/wp\/v2\/posts\/1426\/revisions\/1428"}],"wp:featuredmedia":[{"embeddable":true,"href":"https:\/\/super-news.info\/hu\/wp-json\/wp\/v2\/media\/1427"}],"wp:attachment":[{"href":"https:\/\/super-news.info\/hu\/wp-json\/wp\/v2\/media?parent=1426"}],"wp:term":[{"taxonomy":"category","embeddable":true,"href":"https:\/\/super-news.info\/hu\/wp-json\/wp\/v2\/categories?post=1426"},{"taxonomy":"post_tag","embeddable":true,"href":"https:\/\/super-news.info\/hu\/wp-json\/wp\/v2\/tags?post=1426"}],"curies":[{"name":"wp","href":"https:\/\/api.w.org\/{rel}","templated":true}]}}