{"id":1402,"date":"2019-05-06T07:47:17","date_gmt":"2019-05-06T04:47:17","guid":{"rendered":"https:\/\/super-news.info\/hu\/egyutt-a-versenykepesseg-javitasaert-vilaggazdasag\/"},"modified":"2019-05-06T07:47:18","modified_gmt":"2019-05-06T04:47:18","slug":"egyutt-a-versenykepesseg-javitasaert-vilaggazdasag","status":"publish","type":"post","link":"https:\/\/super-news.info\/hu\/egyutt-a-versenykepesseg-javitasaert-vilaggazdasag\/","title":{"rendered":"Egy\u00fctt a versenyk\u00e9pess\u00e9g jav\u00edt\u00e1s\u00e1\u00e9rt | Vil\u00e1ggazdas\u00e1g"},"content":{"rendered":"<p> [ad_1]<br \/>\n<\/p>\n<p>\n\t\t\t\t\t\t\t\tAz eur\u00f3pai j\u00f3l\u00e9t n\u00f6vel\u00e9s\u00e9t, a kontinens versenyk\u00e9pess\u00e9g\u00e9nek jav\u00edt\u00e1s\u00e1t c\u00e9lz\u00f3 hatpontos v\u00e1llal\u00e1st tett k\u00f6zz\u00e9 a Gy\u00e1riparosok Eur\u00f3pai Kerekasztala. A szervezetben a Molt \u2013 egyben eg\u00e9sz K\u00f6z\u00e9p-Eur\u00f3p\u00e1t \u2013 a Vil\u00e1ggazdas\u00e1gnak nyilatkoz\u00f3 \u00c1ldott Zolt\u00e1n, a Mol csoport \u00e9s a Slovnaft fel\u00fcgyel\u0151bizotts\u00e1g\u00e1nak eln\u00f6ke k\u00e9pviseli.\t\t\t\t\t\t\t<\/p>\n<div>\n<p><strong>Kinek c\u00edmezte a Gy\u00e1riparosok Eur\u00f3pai Kerekasztala (ERT) a napokban bejelentett v\u00e1llal\u00e1s\u00e1t, \u00e9s honnan v\u00e1r visszajelz\u00e9st?<\/strong><\/p>\n<p>Az ERT-t olyan, nagy \u00e9s r\u00e9gi, eur\u00f3pai, r\u00e9szben glob\u00e1lis h\u00e1l\u00f3zattal is rendelkez\u0151 v\u00e1llalatok alkotj\u00e1k, amelyek k\u00e9pesek befoly\u00e1solni a kontinens versenyk\u00e9pess\u00e9g\u00e9t. Ebb\u0151l ad\u00f3d\u00f3an a v\u00e1llal\u00e1sunkr\u00f3l k\u00f6zz\u00e9tett nyilatkozatunk c\u00e9lk\u00f6z\u00f6ns\u00e9g\u00e9nek nyilv\u00e1nval\u00f3an az olyan eur\u00f3pai politikusokat tekintj\u00fck, akik tehetnek a versenyk\u00e9pess\u00e9g jav\u00edt\u00e1s\u00e1\u00e9rt. A t\u0151l\u00fck \u00e9rkez\u0151 reag\u00e1l\u00e1sok v\u00e1rhat\u00f3an az ERT Helsinkiben tartand\u00f3, m\u00e1jusi test\u00fcleti \u00fcl\u00e9s\u00e9n v\u00e1lnak ismertt\u00e9. (A szervezet \u00e9vente k\u00e9t \u00fcl\u00e9st tart.) Mik\u00f6zben azonban a legl\u00e9nyegesebb c\u00e9lunk az eur\u00f3pai politikusok el\u00e9r\u00e9se, kicsit m\u00e1r az \u00faj, a v\u00e1laszt\u00e1sok ut\u00e1ni garnit\u00far\u00e1t is meg k\u00edv\u00e1ntuk sz\u00f3laltatni, pozicion\u00e1lni magunkat el\u0151tt\u00fck.<\/p>\n<div id=\"attachment_1494250\" style=\"width: 1290px\" class=\"wp-caption aligncenter\">\n<p class=\"wp-caption-text\">Fot\u00f3: VG<\/p>\n<\/div>\n<p><strong>A r\u00e9szt vev\u0151 c\u00e9gek k\u00f6nnyen d\u0171l\u0151re jutottak egym\u00e1ssal?<\/strong><\/p>\n<p>Mivel a hat pontot megfogalmaz\u00f3 \u00f6tven\u00f6t c\u00e9g nagyon elt\u00e9r\u0151 ter\u00fcleten m\u0171k\u00f6dik \u2013 p\u00e9ld\u00e1ul olajt\u00e1rsas\u00e1gb\u00f3l is van h\u00e1rom-n\u00e9gy a Mol mellett \u2013, olyan konszenzust kellett tal\u00e1lnunk, amely mellett minden v\u00e1llalat ki\u00e1ll. Ilyen ter\u00fclet a diversity and inclusion, azaz a t\u00e1rsadalmi befogad\u00e1s \u00e9s a sokf\u00e9les\u00e9g elve, ennek k\u00f6vet\u00e9se ugyanis mindenkinek hasznos. A Mol sz\u00e1m\u00e1ra egy\u00e9bk\u00e9nt a hat pontb\u00f3l az els\u0151 n\u00e9gy sokkal k\u00e9zzelfoghat\u00f3bb, de akt\u00edvan k\u00e9pviselj\u00fck az utols\u00f3 kett\u0151t is, amely ink\u00e1bb azokat a v\u00e1llalatokat \u00e9rinti, amelyek t\u00e1voli orsz\u00e1gokkal, p\u00e9ld\u00e1ul K\u00edn\u00e1val vagy az Egyes\u00fclt \u00c1llamokkal kereskednek, \u00e9s amelyeknek a szabadkereskedelmi \u00e9s a szabadalmi k\u00e9rd\u00e9sek az els\u0151dlegesek. Az \u00fczenet teh\u00e1t kiment. K\u00edv\u00e1ncsian v\u00e1rjuk, hogyan reag\u00e1lnak majd r\u00e1 az \u00faj br\u00fcsszeli illet\u00e9kesek, \u00e9s hogy mik\u00e9nt tudjuk az elk\u00e9pzel\u00e9seink megval\u00f3s\u00edt\u00e1s\u00e1t folytatni.<\/p>\n<p><strong>A hat pontb\u00f3l t\u00f6bb is olyan, amelynek a teljes\u00edt\u00e9se egy\u00e9bk\u00e9nt is \u00fczleti \u00e9rdek\u00fck a c\u00e9geknek. Mi\u00e9rt ker\u00fcltek ezek a v\u00e1llal\u00e1sok k\u00f6z\u00e9?<\/strong><\/p>\n<p>Val\u00f3ban vannak ilyen, egyszer\u0171en a versenyk\u00e9pess\u00e9get \u00e9rint\u0151 pontok, p\u00e9ld\u00e1ul a digitaliz\u00e1ci\u00f3, amelyb\u0151l nem szabad kimaradni. \u00c1m ipar\u00e1gank\u00e9nt m\u00e1s-m\u00e1s a digitaliz\u00e1ci\u00f3s szint, \u00edgy lemaradhat az olajipar is, ha nem tart l\u00e9p\u00e9st ezen a t\u00e9ren. A big data kezel\u00e9se viszont f\u0151k\u00e9nt a lakoss\u00e1gi fogyaszt\u00f3i szegmensben dolgoz\u00f3 c\u00e9geknek fontos. En\u00e9lk\u00fcl ma m\u00e1r neh\u00e9z olyan k\u00edn\u00e1latot ny\u00fajtaniuk a fogyaszt\u00f3knak, amely mellett versenyk\u00e9pesek maradhatnak. M\u00e1s pontok viszont nem ilyen egy\u00e9rtelm\u0171ek, r\u00e1ad\u00e1sul nem is mindenki foglalkozik vel\u00fck azonos s\u00fallyal.<\/p>\n<p style=\"text-align: right;\"><em>A teljes cikket a Vil\u00e1ggazdas\u00e1g h\u00e9tf\u0151i sz\u00e1m\u00e1ban olvashatja<\/em><\/p>\n<\/p><\/div>\n<p><script>\n    window.fbAsyncInit = function() {\n        FB.init({\n            appId      : \"204760236815359\",\n            xfbml      : true,\n            version    : \"v2.12\"\n        });\n        FB.AppEvents.logPageView();\n    };<\/p>\n<p>    (function(d, s, id){\n        var js, fjs = d.getElementsByTagName(s)[0];\n        if (d.getElementById(id)) {return;}\n        js = d.createElement(s); js.id = id;\n        js.src = \"http:\/\/connect.facebook.net\/hu_HU\/sdk.js\";\n        fjs.parentNode.insertBefore(js, fjs);\n    }(document, \"script\", \"facebook-jssdk\"));\n<\/script><br \/>\n<br \/>[ad_2]<br \/>\n<br \/><a href=\"https:\/\/www.vg.hu\/gazdasag\/gazdasagi-hirek\/egyutt-a-versenykepesseg-javitasaert-2-1494229\/\">Source link <\/a><\/p>\n","protected":false},"excerpt":{"rendered":"<p>[ad_1] Az eur\u00f3pai j\u00f3l\u00e9t n\u00f6vel\u00e9s\u00e9t, a kontinens versenyk\u00e9pess\u00e9g\u00e9nek jav\u00edt\u00e1s\u00e1t c\u00e9lz\u00f3 hatpontos v\u00e1llal\u00e1st tett k\u00f6zz\u00e9 a Gy\u00e1riparosok Eur\u00f3pai Kerekasztala. A szervezetben a Molt \u2013 egyben eg\u00e9sz K\u00f6z\u00e9p-Eur\u00f3p\u00e1t \u2013 a Vil\u00e1ggazdas\u00e1gnak nyilatkoz\u00f3 \u00c1ldott Zolt\u00e1n, a Mol csoport \u00e9s a Slovnaft fel\u00fcgyel\u0151bizotts\u00e1g\u00e1nak eln\u00f6ke k\u00e9pviseli. Kinek c\u00edmezte a Gy\u00e1riparosok Eur\u00f3pai Kerekasztala (ERT) a napokban bejelentett v\u00e1llal\u00e1s\u00e1t, \u00e9s honnan v\u00e1r [&hellip;]<\/p>\n","protected":false},"author":2,"featured_media":1403,"comment_status":"open","ping_status":"open","sticky":false,"template":"","format":"standard","meta":{"footnotes":""},"categories":[1],"tags":[],"class_list":["post-1402","post","type-post","status-publish","format-standard","has-post-thumbnail","hentry","category-penzugyi-hirek"],"yoast_head":"<!-- This site is optimized with the Yoast SEO plugin v27.4 - https:\/\/yoast.com\/product\/yoast-seo-wordpress\/ -->\n<title>Egy\u00fctt a versenyk\u00e9pess\u00e9g jav\u00edt\u00e1s\u00e1\u00e9rt | Vil\u00e1ggazdas\u00e1g - Super News<\/title>\n<meta name=\"robots\" content=\"index, follow, max-snippet:-1, max-image-preview:large, max-video-preview:-1\" \/>\n<link rel=\"canonical\" href=\"https:\/\/super-news.info\/hu\/egyutt-a-versenykepesseg-javitasaert-vilaggazdasag\/\" \/>\n<meta property=\"og:locale\" content=\"hu_HU\" \/>\n<meta property=\"og:type\" content=\"article\" \/>\n<meta property=\"og:title\" content=\"Egy\u00fctt a versenyk\u00e9pess\u00e9g jav\u00edt\u00e1s\u00e1\u00e9rt | Vil\u00e1ggazdas\u00e1g - Super News\" \/>\n<meta property=\"og:description\" content=\"[ad_1] Az eur\u00f3pai j\u00f3l\u00e9t n\u00f6vel\u00e9s\u00e9t, a kontinens versenyk\u00e9pess\u00e9g\u00e9nek jav\u00edt\u00e1s\u00e1t c\u00e9lz\u00f3 hatpontos v\u00e1llal\u00e1st tett k\u00f6zz\u00e9 a Gy\u00e1riparosok Eur\u00f3pai Kerekasztala. A szervezetben a Molt \u2013 egyben eg\u00e9sz K\u00f6z\u00e9p-Eur\u00f3p\u00e1t \u2013 a Vil\u00e1ggazdas\u00e1gnak nyilatkoz\u00f3 \u00c1ldott Zolt\u00e1n, a Mol csoport \u00e9s a Slovnaft fel\u00fcgyel\u0151bizotts\u00e1g\u00e1nak eln\u00f6ke k\u00e9pviseli. Kinek c\u00edmezte a Gy\u00e1riparosok Eur\u00f3pai Kerekasztala (ERT) a napokban bejelentett v\u00e1llal\u00e1s\u00e1t, \u00e9s honnan v\u00e1r [&hellip;]\" \/>\n<meta property=\"og:url\" content=\"https:\/\/super-news.info\/hu\/egyutt-a-versenykepesseg-javitasaert-vilaggazdasag\/\" \/>\n<meta property=\"og:site_name\" content=\"Super News\" \/>\n<meta property=\"article:published_time\" content=\"2019-05-06T04:47:17+00:00\" \/>\n<meta property=\"article:modified_time\" content=\"2019-05-06T04:47:18+00:00\" \/>\n<meta property=\"og:image\" content=\"https:\/\/super-news.info\/hu\/wp-content\/uploads\/sites\/3\/2019\/05\/Egy\u00fctt-a-versenyk\u00e9pess\u00e9g-jav\u00edt\u00e1s\u00e1\u00e9rt-Vil\u00e1ggazdas\u00e1g.jpeg\" \/>\n\t<meta property=\"og:image:width\" content=\"1280\" \/>\n\t<meta property=\"og:image:height\" content=\"853\" \/>\n\t<meta property=\"og:image:type\" content=\"image\/jpeg\" \/>\n<meta name=\"author\" content=\"super-news\" \/>\n<meta name=\"twitter:card\" content=\"summary_large_image\" \/>\n<meta name=\"twitter:label1\" content=\"Szerz\u0151:\" \/>\n\t<meta name=\"twitter:data1\" content=\"super-news\" \/>\n\t<meta name=\"twitter:label2\" content=\"Becs\u00fclt olvas\u00e1si id\u0151\" \/>\n\t<meta name=\"twitter:data2\" content=\"3 perc\" \/>\n<script type=\"application\/ld+json\" class=\"yoast-schema-graph\">{\"@context\":\"https:\\\/\\\/schema.org\",\"@graph\":[{\"@type\":\"Article\",\"@id\":\"https:\\\/\\\/super-news.info\\\/hu\\\/egyutt-a-versenykepesseg-javitasaert-vilaggazdasag\\\/#article\",\"isPartOf\":{\"@id\":\"https:\\\/\\\/super-news.info\\\/hu\\\/egyutt-a-versenykepesseg-javitasaert-vilaggazdasag\\\/\"},\"author\":{\"name\":\"super-news\",\"@id\":\"https:\\\/\\\/super-news.info\\\/hu\\\/#\\\/schema\\\/person\\\/2d4068cb2f39cd10008c2fce578a7356\"},\"headline\":\"Egy\u00fctt a versenyk\u00e9pess\u00e9g jav\u00edt\u00e1s\u00e1\u00e9rt | Vil\u00e1ggazdas\u00e1g\",\"datePublished\":\"2019-05-06T04:47:17+00:00\",\"dateModified\":\"2019-05-06T04:47:18+00:00\",\"mainEntityOfPage\":{\"@id\":\"https:\\\/\\\/super-news.info\\\/hu\\\/egyutt-a-versenykepesseg-javitasaert-vilaggazdasag\\\/\"},\"wordCount\":609,\"commentCount\":0,\"image\":{\"@id\":\"https:\\\/\\\/super-news.info\\\/hu\\\/egyutt-a-versenykepesseg-javitasaert-vilaggazdasag\\\/#primaryimage\"},\"thumbnailUrl\":\"https:\\\/\\\/super-news.info\\\/hu\\\/wp-content\\\/uploads\\\/sites\\\/3\\\/2019\\\/05\\\/Egy\u00fctt-a-versenyk\u00e9pess\u00e9g-jav\u00edt\u00e1s\u00e1\u00e9rt-Vil\u00e1ggazdas\u00e1g.jpeg\",\"articleSection\":[\"P\u00c9NZ\u00dcGYI H\u00cdREK\"],\"inLanguage\":\"hu\",\"potentialAction\":[{\"@type\":\"CommentAction\",\"name\":\"Comment\",\"target\":[\"https:\\\/\\\/super-news.info\\\/hu\\\/egyutt-a-versenykepesseg-javitasaert-vilaggazdasag\\\/#respond\"]}]},{\"@type\":\"WebPage\",\"@id\":\"https:\\\/\\\/super-news.info\\\/hu\\\/egyutt-a-versenykepesseg-javitasaert-vilaggazdasag\\\/\",\"url\":\"https:\\\/\\\/super-news.info\\\/hu\\\/egyutt-a-versenykepesseg-javitasaert-vilaggazdasag\\\/\",\"name\":\"Egy\u00fctt a versenyk\u00e9pess\u00e9g jav\u00edt\u00e1s\u00e1\u00e9rt | Vil\u00e1ggazdas\u00e1g - Super News\",\"isPartOf\":{\"@id\":\"https:\\\/\\\/super-news.info\\\/hu\\\/#website\"},\"primaryImageOfPage\":{\"@id\":\"https:\\\/\\\/super-news.info\\\/hu\\\/egyutt-a-versenykepesseg-javitasaert-vilaggazdasag\\\/#primaryimage\"},\"image\":{\"@id\":\"https:\\\/\\\/super-news.info\\\/hu\\\/egyutt-a-versenykepesseg-javitasaert-vilaggazdasag\\\/#primaryimage\"},\"thumbnailUrl\":\"https:\\\/\\\/super-news.info\\\/hu\\\/wp-content\\\/uploads\\\/sites\\\/3\\\/2019\\\/05\\\/Egy\u00fctt-a-versenyk\u00e9pess\u00e9g-jav\u00edt\u00e1s\u00e1\u00e9rt-Vil\u00e1ggazdas\u00e1g.jpeg\",\"datePublished\":\"2019-05-06T04:47:17+00:00\",\"dateModified\":\"2019-05-06T04:47:18+00:00\",\"author\":{\"@id\":\"https:\\\/\\\/super-news.info\\\/hu\\\/#\\\/schema\\\/person\\\/2d4068cb2f39cd10008c2fce578a7356\"},\"breadcrumb\":{\"@id\":\"https:\\\/\\\/super-news.info\\\/hu\\\/egyutt-a-versenykepesseg-javitasaert-vilaggazdasag\\\/#breadcrumb\"},\"inLanguage\":\"hu\",\"potentialAction\":[{\"@type\":\"ReadAction\",\"target\":[\"https:\\\/\\\/super-news.info\\\/hu\\\/egyutt-a-versenykepesseg-javitasaert-vilaggazdasag\\\/\"]}]},{\"@type\":\"ImageObject\",\"inLanguage\":\"hu\",\"@id\":\"https:\\\/\\\/super-news.info\\\/hu\\\/egyutt-a-versenykepesseg-javitasaert-vilaggazdasag\\\/#primaryimage\",\"url\":\"https:\\\/\\\/super-news.info\\\/hu\\\/wp-content\\\/uploads\\\/sites\\\/3\\\/2019\\\/05\\\/Egy\u00fctt-a-versenyk\u00e9pess\u00e9g-jav\u00edt\u00e1s\u00e1\u00e9rt-Vil\u00e1ggazdas\u00e1g.jpeg\",\"contentUrl\":\"https:\\\/\\\/super-news.info\\\/hu\\\/wp-content\\\/uploads\\\/sites\\\/3\\\/2019\\\/05\\\/Egy\u00fctt-a-versenyk\u00e9pess\u00e9g-jav\u00edt\u00e1s\u00e1\u00e9rt-Vil\u00e1ggazdas\u00e1g.jpeg\",\"width\":1280,\"height\":853,\"caption\":\"Egy\u00fctt a versenyk\u00e9pess\u00e9g jav\u00edt\u00e1s\u00e1\u00e9rt | Vil\u00e1ggazdas\u00e1g\"},{\"@type\":\"BreadcrumbList\",\"@id\":\"https:\\\/\\\/super-news.info\\\/hu\\\/egyutt-a-versenykepesseg-javitasaert-vilaggazdasag\\\/#breadcrumb\",\"itemListElement\":[{\"@type\":\"ListItem\",\"position\":1,\"name\":\"\u0413\u043b\u0430\u0432\u043d\u0430\u044f \u0441\u0442\u0440\u0430\u043d\u0438\u0446\u0430\",\"item\":\"https:\\\/\\\/super-news.info\\\/hu\\\/\"},{\"@type\":\"ListItem\",\"position\":2,\"name\":\"Egy\u00fctt a versenyk\u00e9pess\u00e9g jav\u00edt\u00e1s\u00e1\u00e9rt | Vil\u00e1ggazdas\u00e1g\"}]},{\"@type\":\"WebSite\",\"@id\":\"https:\\\/\\\/super-news.info\\\/hu\\\/#website\",\"url\":\"https:\\\/\\\/super-news.info\\\/hu\\\/\",\"name\":\"Super News\",\"description\":\"Super News Magyarorsz\u00e1g\",\"potentialAction\":[{\"@type\":\"SearchAction\",\"target\":{\"@type\":\"EntryPoint\",\"urlTemplate\":\"https:\\\/\\\/super-news.info\\\/hu\\\/?s={search_term_string}\"},\"query-input\":{\"@type\":\"PropertyValueSpecification\",\"valueRequired\":true,\"valueName\":\"search_term_string\"}}],\"inLanguage\":\"hu\"},{\"@type\":\"Person\",\"@id\":\"https:\\\/\\\/super-news.info\\\/hu\\\/#\\\/schema\\\/person\\\/2d4068cb2f39cd10008c2fce578a7356\",\"name\":\"super-news\",\"image\":{\"@type\":\"ImageObject\",\"inLanguage\":\"hu\",\"@id\":\"https:\\\/\\\/secure.gravatar.com\\\/avatar\\\/64ebac40b93f26a154f8a9b5b6fdccfc46f442b26b3dd6756dbff3bf9dc76fd7?s=96&d=mm&r=g\",\"url\":\"https:\\\/\\\/secure.gravatar.com\\\/avatar\\\/64ebac40b93f26a154f8a9b5b6fdccfc46f442b26b3dd6756dbff3bf9dc76fd7?s=96&d=mm&r=g\",\"contentUrl\":\"https:\\\/\\\/secure.gravatar.com\\\/avatar\\\/64ebac40b93f26a154f8a9b5b6fdccfc46f442b26b3dd6756dbff3bf9dc76fd7?s=96&d=mm&r=g\",\"caption\":\"super-news\"},\"url\":\"https:\\\/\\\/super-news.info\\\/hu\\\/author\\\/pt\\\/\"}]}<\/script>\n<!-- \/ Yoast SEO plugin. -->","yoast_head_json":{"title":"Egy\u00fctt a versenyk\u00e9pess\u00e9g jav\u00edt\u00e1s\u00e1\u00e9rt | Vil\u00e1ggazdas\u00e1g - Super News","robots":{"index":"index","follow":"follow","max-snippet":"max-snippet:-1","max-image-preview":"max-image-preview:large","max-video-preview":"max-video-preview:-1"},"canonical":"https:\/\/super-news.info\/hu\/egyutt-a-versenykepesseg-javitasaert-vilaggazdasag\/","og_locale":"hu_HU","og_type":"article","og_title":"Egy\u00fctt a versenyk\u00e9pess\u00e9g jav\u00edt\u00e1s\u00e1\u00e9rt | Vil\u00e1ggazdas\u00e1g - Super News","og_description":"[ad_1] Az eur\u00f3pai j\u00f3l\u00e9t n\u00f6vel\u00e9s\u00e9t, a kontinens versenyk\u00e9pess\u00e9g\u00e9nek jav\u00edt\u00e1s\u00e1t c\u00e9lz\u00f3 hatpontos v\u00e1llal\u00e1st tett k\u00f6zz\u00e9 a Gy\u00e1riparosok Eur\u00f3pai Kerekasztala. A szervezetben a Molt \u2013 egyben eg\u00e9sz K\u00f6z\u00e9p-Eur\u00f3p\u00e1t \u2013 a Vil\u00e1ggazdas\u00e1gnak nyilatkoz\u00f3 \u00c1ldott Zolt\u00e1n, a Mol csoport \u00e9s a Slovnaft fel\u00fcgyel\u0151bizotts\u00e1g\u00e1nak eln\u00f6ke k\u00e9pviseli. Kinek c\u00edmezte a Gy\u00e1riparosok Eur\u00f3pai Kerekasztala (ERT) a napokban bejelentett v\u00e1llal\u00e1s\u00e1t, \u00e9s honnan v\u00e1r [&hellip;]","og_url":"https:\/\/super-news.info\/hu\/egyutt-a-versenykepesseg-javitasaert-vilaggazdasag\/","og_site_name":"Super News","article_published_time":"2019-05-06T04:47:17+00:00","article_modified_time":"2019-05-06T04:47:18+00:00","og_image":[{"width":1280,"height":853,"url":"https:\/\/super-news.info\/hu\/wp-content\/uploads\/sites\/3\/2019\/05\/Egy\u00fctt-a-versenyk\u00e9pess\u00e9g-jav\u00edt\u00e1s\u00e1\u00e9rt-Vil\u00e1ggazdas\u00e1g.jpeg","type":"image\/jpeg"}],"author":"super-news","twitter_card":"summary_large_image","twitter_misc":{"Szerz\u0151:":"super-news","Becs\u00fclt olvas\u00e1si id\u0151":"3 perc"},"schema":{"@context":"https:\/\/schema.org","@graph":[{"@type":"Article","@id":"https:\/\/super-news.info\/hu\/egyutt-a-versenykepesseg-javitasaert-vilaggazdasag\/#article","isPartOf":{"@id":"https:\/\/super-news.info\/hu\/egyutt-a-versenykepesseg-javitasaert-vilaggazdasag\/"},"author":{"name":"super-news","@id":"https:\/\/super-news.info\/hu\/#\/schema\/person\/2d4068cb2f39cd10008c2fce578a7356"},"headline":"Egy\u00fctt a versenyk\u00e9pess\u00e9g jav\u00edt\u00e1s\u00e1\u00e9rt | Vil\u00e1ggazdas\u00e1g","datePublished":"2019-05-06T04:47:17+00:00","dateModified":"2019-05-06T04:47:18+00:00","mainEntityOfPage":{"@id":"https:\/\/super-news.info\/hu\/egyutt-a-versenykepesseg-javitasaert-vilaggazdasag\/"},"wordCount":609,"commentCount":0,"image":{"@id":"https:\/\/super-news.info\/hu\/egyutt-a-versenykepesseg-javitasaert-vilaggazdasag\/#primaryimage"},"thumbnailUrl":"https:\/\/super-news.info\/hu\/wp-content\/uploads\/sites\/3\/2019\/05\/Egy\u00fctt-a-versenyk\u00e9pess\u00e9g-jav\u00edt\u00e1s\u00e1\u00e9rt-Vil\u00e1ggazdas\u00e1g.jpeg","articleSection":["P\u00c9NZ\u00dcGYI H\u00cdREK"],"inLanguage":"hu","potentialAction":[{"@type":"CommentAction","name":"Comment","target":["https:\/\/super-news.info\/hu\/egyutt-a-versenykepesseg-javitasaert-vilaggazdasag\/#respond"]}]},{"@type":"WebPage","@id":"https:\/\/super-news.info\/hu\/egyutt-a-versenykepesseg-javitasaert-vilaggazdasag\/","url":"https:\/\/super-news.info\/hu\/egyutt-a-versenykepesseg-javitasaert-vilaggazdasag\/","name":"Egy\u00fctt a versenyk\u00e9pess\u00e9g jav\u00edt\u00e1s\u00e1\u00e9rt | Vil\u00e1ggazdas\u00e1g - Super News","isPartOf":{"@id":"https:\/\/super-news.info\/hu\/#website"},"primaryImageOfPage":{"@id":"https:\/\/super-news.info\/hu\/egyutt-a-versenykepesseg-javitasaert-vilaggazdasag\/#primaryimage"},"image":{"@id":"https:\/\/super-news.info\/hu\/egyutt-a-versenykepesseg-javitasaert-vilaggazdasag\/#primaryimage"},"thumbnailUrl":"https:\/\/super-news.info\/hu\/wp-content\/uploads\/sites\/3\/2019\/05\/Egy\u00fctt-a-versenyk\u00e9pess\u00e9g-jav\u00edt\u00e1s\u00e1\u00e9rt-Vil\u00e1ggazdas\u00e1g.jpeg","datePublished":"2019-05-06T04:47:17+00:00","dateModified":"2019-05-06T04:47:18+00:00","author":{"@id":"https:\/\/super-news.info\/hu\/#\/schema\/person\/2d4068cb2f39cd10008c2fce578a7356"},"breadcrumb":{"@id":"https:\/\/super-news.info\/hu\/egyutt-a-versenykepesseg-javitasaert-vilaggazdasag\/#breadcrumb"},"inLanguage":"hu","potentialAction":[{"@type":"ReadAction","target":["https:\/\/super-news.info\/hu\/egyutt-a-versenykepesseg-javitasaert-vilaggazdasag\/"]}]},{"@type":"ImageObject","inLanguage":"hu","@id":"https:\/\/super-news.info\/hu\/egyutt-a-versenykepesseg-javitasaert-vilaggazdasag\/#primaryimage","url":"https:\/\/super-news.info\/hu\/wp-content\/uploads\/sites\/3\/2019\/05\/Egy\u00fctt-a-versenyk\u00e9pess\u00e9g-jav\u00edt\u00e1s\u00e1\u00e9rt-Vil\u00e1ggazdas\u00e1g.jpeg","contentUrl":"https:\/\/super-news.info\/hu\/wp-content\/uploads\/sites\/3\/2019\/05\/Egy\u00fctt-a-versenyk\u00e9pess\u00e9g-jav\u00edt\u00e1s\u00e1\u00e9rt-Vil\u00e1ggazdas\u00e1g.jpeg","width":1280,"height":853,"caption":"Egy\u00fctt a versenyk\u00e9pess\u00e9g jav\u00edt\u00e1s\u00e1\u00e9rt | Vil\u00e1ggazdas\u00e1g"},{"@type":"BreadcrumbList","@id":"https:\/\/super-news.info\/hu\/egyutt-a-versenykepesseg-javitasaert-vilaggazdasag\/#breadcrumb","itemListElement":[{"@type":"ListItem","position":1,"name":"\u0413\u043b\u0430\u0432\u043d\u0430\u044f \u0441\u0442\u0440\u0430\u043d\u0438\u0446\u0430","item":"https:\/\/super-news.info\/hu\/"},{"@type":"ListItem","position":2,"name":"Egy\u00fctt a versenyk\u00e9pess\u00e9g jav\u00edt\u00e1s\u00e1\u00e9rt | Vil\u00e1ggazdas\u00e1g"}]},{"@type":"WebSite","@id":"https:\/\/super-news.info\/hu\/#website","url":"https:\/\/super-news.info\/hu\/","name":"Super News","description":"Super News Magyarorsz\u00e1g","potentialAction":[{"@type":"SearchAction","target":{"@type":"EntryPoint","urlTemplate":"https:\/\/super-news.info\/hu\/?s={search_term_string}"},"query-input":{"@type":"PropertyValueSpecification","valueRequired":true,"valueName":"search_term_string"}}],"inLanguage":"hu"},{"@type":"Person","@id":"https:\/\/super-news.info\/hu\/#\/schema\/person\/2d4068cb2f39cd10008c2fce578a7356","name":"super-news","image":{"@type":"ImageObject","inLanguage":"hu","@id":"https:\/\/secure.gravatar.com\/avatar\/64ebac40b93f26a154f8a9b5b6fdccfc46f442b26b3dd6756dbff3bf9dc76fd7?s=96&d=mm&r=g","url":"https:\/\/secure.gravatar.com\/avatar\/64ebac40b93f26a154f8a9b5b6fdccfc46f442b26b3dd6756dbff3bf9dc76fd7?s=96&d=mm&r=g","contentUrl":"https:\/\/secure.gravatar.com\/avatar\/64ebac40b93f26a154f8a9b5b6fdccfc46f442b26b3dd6756dbff3bf9dc76fd7?s=96&d=mm&r=g","caption":"super-news"},"url":"https:\/\/super-news.info\/hu\/author\/pt\/"}]}},"_links":{"self":[{"href":"https:\/\/super-news.info\/hu\/wp-json\/wp\/v2\/posts\/1402","targetHints":{"allow":["GET"]}}],"collection":[{"href":"https:\/\/super-news.info\/hu\/wp-json\/wp\/v2\/posts"}],"about":[{"href":"https:\/\/super-news.info\/hu\/wp-json\/wp\/v2\/types\/post"}],"author":[{"embeddable":true,"href":"https:\/\/super-news.info\/hu\/wp-json\/wp\/v2\/users\/2"}],"replies":[{"embeddable":true,"href":"https:\/\/super-news.info\/hu\/wp-json\/wp\/v2\/comments?post=1402"}],"version-history":[{"count":1,"href":"https:\/\/super-news.info\/hu\/wp-json\/wp\/v2\/posts\/1402\/revisions"}],"predecessor-version":[{"id":1404,"href":"https:\/\/super-news.info\/hu\/wp-json\/wp\/v2\/posts\/1402\/revisions\/1404"}],"wp:featuredmedia":[{"embeddable":true,"href":"https:\/\/super-news.info\/hu\/wp-json\/wp\/v2\/media\/1403"}],"wp:attachment":[{"href":"https:\/\/super-news.info\/hu\/wp-json\/wp\/v2\/media?parent=1402"}],"wp:term":[{"taxonomy":"category","embeddable":true,"href":"https:\/\/super-news.info\/hu\/wp-json\/wp\/v2\/categories?post=1402"},{"taxonomy":"post_tag","embeddable":true,"href":"https:\/\/super-news.info\/hu\/wp-json\/wp\/v2\/tags?post=1402"}],"curies":[{"name":"wp","href":"https:\/\/api.w.org\/{rel}","templated":true}]}}