{"id":1399,"date":"2019-05-06T03:29:15","date_gmt":"2019-05-06T00:29:15","guid":{"rendered":"https:\/\/super-news.info\/hu\/trump-minden-lehetseges-ebben-a-vilagban\/"},"modified":"2019-05-06T03:29:16","modified_gmt":"2019-05-06T00:29:16","slug":"trump-minden-lehetseges-ebben-a-vilagban","status":"publish","type":"post","link":"https:\/\/super-news.info\/hu\/trump-minden-lehetseges-ebben-a-vilagban\/","title":{"rendered":"Trump: Minden lehets\u00e9ges ebben a vil\u00e1gban"},"content":{"rendered":"<p> [ad_1]<br \/>\n<\/p>\n<p>\n\t\t\t\t\t\t\t\t\u00c9szak-Korea rak\u00e9ta-sorozatvet\u0151ivel \u00e9s c\u00e9lra vezethet\u0151, harct\u00e9ri ballisztikus rak\u00e9t\u00e1ival \u201ecsap\u00e1sm\u00e9r\u0151 gyakorlatot\u201d tartott szombat reggel \u2013 jelentette az orsz\u00e1g \u00e1llami m\u00e9di\u00e1ja vas\u00e1rnap hajnalban, csaknem egy nappal a gyakorlatot k\u00f6vet\u0151en.\t\t\t\t\t\t\t<\/p>\n<div>\n<p>A d\u00e9l-koreai hadsereg az \u00e9szlelt katonai tev\u00e9kenys\u00e9gr\u0151l r\u00f6gt\u00f6n azut\u00e1n sz\u00e1molt be, hogy \u00c9szak-Korea a vonszani rak\u00e9tab\u00e1zisr\u00f3l kil\u0151tt t\u00f6bb r\u00f6vid hat\u00f3t\u00e1vols\u00e1g\u00fa rak\u00e9t\u00e1t a Jap\u00e1n-tenger fel\u00e9.<\/p>\n<p>A KCNA \u00e9szak-koreai \u00e1llami h\u00edr\u00fcgyn\u00f6ks\u00e9g hozz\u00e1tette a besz\u00e1mol\u00f3j\u00e1hoz, hogy szem\u00e9lyesen Kim Dzsong Un, az orsz\u00e1g vezet\u0151je fel\u00fcgyelte a gyakorlatot. Ennek c\u00e9lja \u201enagy \u0171rm\u00e9ret\u0171, nagy hat\u00f3t\u00e1vols\u00e1g\u00fa rak\u00e9ta-sorozatvet\u0151k \u00e9s harct\u00e9ri ballisztikus rak\u00e9t\u00e1k m\u0171k\u00f6d\u0151k\u00e9pess\u00e9g\u00e9nek \u00e9s tal\u00e1lati pontoss\u00e1g\u00e1nak felm\u00e9r\u00e9se\u201d volt. Kim Dzsong Un eml\u00e9keztette a rak\u00e9tacsapatok katon\u00e1it, hogy<\/p>\n<blockquote>\n<p>a b\u00e9k\u00e9t \u00e9s a biztons\u00e1got csak az er\u0151 birtok\u00e1ban lehet garant\u00e1lni.<\/p>\n<\/blockquote>\n<p>Szak\u00e9rt\u0151k szerint a rak\u00e9tagyakorlat szemmel l\u00e1that\u00f3an gondosan megtervezett l\u00e9p\u00e9s volt, nyom\u00e1sgyakorl\u00e1s annak \u00e9rdek\u00e9ben, hogy az Egyes\u00fclt \u00c1llamok legyen rugalmasabb Phenjannal nukle\u00e1ris t\u00e1rgyal\u00e1saikon, de nem olyan s\u00falyos, hogy miatta Washington megszak\u00edtsa ezeket a t\u00e1rgyal\u00e1sokat. Donald Trump amerikai eln\u00f6k \u00e9s Kim Dzsong Un m\u00e1sodik, id\u00e9n febru\u00e1ri cs\u00facstal\u00e1lkoz\u00f3ja ut\u00e1n ugyanis megrekedtek e t\u00e1rgyal\u00e1sok amiatt, hogy a felek \u00f6sszek\u00fcl\u00f6nb\u00f6ztek egyr\u00e9szt Phenjan nukle\u00e1ris leszerel\u00e9si l\u00e9p\u00e9seinek \u00fctem\u00e9n, m\u00e1sr\u00e9szt az amerikai szankci\u00f3k\u00f6nny\u00edt\u00e9sek elmarad\u00e1s\u00e1n.<\/p>\n<div id=\"attachment_1380277\" style=\"width: 1410px\" class=\"wp-caption aligncenter\">\n<p class=\"wp-caption-text\">Donald Trump amerikai eln\u00f6k (b) \u00e9s Kim Dzsong Un \u00e9szak-koreai vezet\u0151 a hanoi Metropole sz\u00e1llod\u00e1ban 2019. febru\u00e1r 27-\u00e9n, k\u00e9tnapos cs\u00facstal\u00e1lkoz\u00f3juk els\u0151 napj\u00e1n<br \/>Fot\u00f3: MTI\/AP\/Evan Vucci<\/p>\n<\/div>\n<p>Mindenesetre Trump amerikai eln\u00f6k a rak\u00e9tagyakorlat h\u00edr\u00e9nek hallat\u00e1n ezt \u00edrta a Twitteren:<\/p>\n<blockquote>\n<p>Minden lehets\u00e9ges ebben a rendk\u00edv\u00fcl \u00e9rdekes vil\u00e1gban, de felt\u00e9telezem, hogy Kim Dzsong Un teljesen tiszt\u00e1ban van \u00c9szak-Korea nagy gazdas\u00e1gi potenci\u00e1lj\u00e1val, \u00e9s nem fog tenni semmi olyat, ami megakad\u00e1lyozn\u00e1 ezt, \u00e9s v\u00e9get vetne ennek (a fejl\u0151d\u00e9snek). Azt is tudja, hogy \u00e9n az \u0151 oldal\u00e1n \u00e1llok, \u00e9s \u0151 nem akarja megszegni a nekem tett \u00edg\u00e9ret\u00e9t. Meglesz a meg\u00e1llapod\u00e1s.<\/p>\n<\/blockquote>\n<p>Kim \u00e1prilisban azt mondta egy besz\u00e9d\u00e9ben, hogy hajland\u00f3 ism\u00e9t tal\u00e1lkozni Trumppal, ha az amerikai eln\u00f6k m\u00e9g az \u00e9v v\u00e9ge el\u0151tt tesz Phenjannak egy elfogadhat\u00f3 meg\u00e1llapod\u00e1si javaslatot. Egy elemz\u0151 szerint ha ez nem t\u00f6rt\u00e9nik meg, akkor elk\u00e9pzelhet\u0151, hogy \u00c9szak-Korea fel\u00faj\u00edtja a k\u00eds\u00e9rleteket nagy hat\u00f3t\u00e1vols\u00e1g\u00fa rak\u00e9t\u00e1ival.<\/p>\n<\/p><\/div>\n<p><script>\n    window.fbAsyncInit = function() {\n        FB.init({\n            appId      : \"204760236815359\",\n            xfbml      : true,\n            version    : \"v2.12\"\n        });\n        FB.AppEvents.logPageView();\n    };<\/p>\n<p>    (function(d, s, id){\n        var js, fjs = d.getElementsByTagName(s)[0];\n        if (d.getElementById(id)) {return;}\n        js = d.createElement(s); js.id = id;\n        js.src = \"http:\/\/connect.facebook.net\/hu_HU\/sdk.js\";\n        fjs.parentNode.insertBefore(js, fjs);\n    }(document, \"script\", \"facebook-jssdk\"));\n<\/script><br \/>\n<br \/>[ad_2]<br \/>\n<br \/><a href=\"https:\/\/www.vg.hu\/kozelet\/kozeleti-hirek\/trump-minden-lehetseges-ebben-a-vilagban-1493245\/\">Source link <\/a><\/p>\n","protected":false},"excerpt":{"rendered":"<p>[ad_1] \u00c9szak-Korea rak\u00e9ta-sorozatvet\u0151ivel \u00e9s c\u00e9lra vezethet\u0151, harct\u00e9ri ballisztikus rak\u00e9t\u00e1ival \u201ecsap\u00e1sm\u00e9r\u0151 gyakorlatot\u201d tartott szombat reggel \u2013 jelentette az orsz\u00e1g \u00e1llami m\u00e9di\u00e1ja vas\u00e1rnap hajnalban, csaknem egy nappal a gyakorlatot k\u00f6vet\u0151en. A d\u00e9l-koreai hadsereg az \u00e9szlelt katonai tev\u00e9kenys\u00e9gr\u0151l r\u00f6gt\u00f6n azut\u00e1n sz\u00e1molt be, hogy \u00c9szak-Korea a vonszani rak\u00e9tab\u00e1zisr\u00f3l kil\u0151tt t\u00f6bb r\u00f6vid hat\u00f3t\u00e1vols\u00e1g\u00fa rak\u00e9t\u00e1t a Jap\u00e1n-tenger fel\u00e9. A KCNA \u00e9szak-koreai [&hellip;]<\/p>\n","protected":false},"author":2,"featured_media":1400,"comment_status":"open","ping_status":"open","sticky":false,"template":"","format":"standard","meta":{"footnotes":""},"categories":[1],"tags":[],"class_list":["post-1399","post","type-post","status-publish","format-standard","has-post-thumbnail","hentry","category-penzugyi-hirek"],"yoast_head":"<!-- This site is optimized with the Yoast SEO plugin v27.4 - https:\/\/yoast.com\/product\/yoast-seo-wordpress\/ -->\n<title>Trump: Minden lehets\u00e9ges ebben a vil\u00e1gban - Super News<\/title>\n<meta name=\"robots\" content=\"index, follow, max-snippet:-1, max-image-preview:large, max-video-preview:-1\" \/>\n<link rel=\"canonical\" href=\"https:\/\/super-news.info\/hu\/trump-minden-lehetseges-ebben-a-vilagban\/\" \/>\n<meta property=\"og:locale\" content=\"hu_HU\" \/>\n<meta property=\"og:type\" content=\"article\" \/>\n<meta property=\"og:title\" content=\"Trump: Minden lehets\u00e9ges ebben a vil\u00e1gban - Super News\" \/>\n<meta property=\"og:description\" content=\"[ad_1] \u00c9szak-Korea rak\u00e9ta-sorozatvet\u0151ivel \u00e9s c\u00e9lra vezethet\u0151, harct\u00e9ri ballisztikus rak\u00e9t\u00e1ival \u201ecsap\u00e1sm\u00e9r\u0151 gyakorlatot\u201d tartott szombat reggel \u2013 jelentette az orsz\u00e1g \u00e1llami m\u00e9di\u00e1ja vas\u00e1rnap hajnalban, csaknem egy nappal a gyakorlatot k\u00f6vet\u0151en. A d\u00e9l-koreai hadsereg az \u00e9szlelt katonai tev\u00e9kenys\u00e9gr\u0151l r\u00f6gt\u00f6n azut\u00e1n sz\u00e1molt be, hogy \u00c9szak-Korea a vonszani rak\u00e9tab\u00e1zisr\u00f3l kil\u0151tt t\u00f6bb r\u00f6vid hat\u00f3t\u00e1vols\u00e1g\u00fa rak\u00e9t\u00e1t a Jap\u00e1n-tenger fel\u00e9. A KCNA \u00e9szak-koreai [&hellip;]\" \/>\n<meta property=\"og:url\" content=\"https:\/\/super-news.info\/hu\/trump-minden-lehetseges-ebben-a-vilagban\/\" \/>\n<meta property=\"og:site_name\" content=\"Super News\" \/>\n<meta property=\"article:published_time\" content=\"2019-05-06T00:29:15+00:00\" \/>\n<meta property=\"article:modified_time\" content=\"2019-05-06T00:29:16+00:00\" \/>\n<meta property=\"og:image\" content=\"https:\/\/super-news.info\/hu\/wp-content\/uploads\/sites\/3\/2019\/05\/Trump-Minden-lehets\u00e9ges-ebben-a-vil\u00e1gban.jpeg\" \/>\n\t<meta property=\"og:image:width\" content=\"1400\" \/>\n\t<meta property=\"og:image:height\" content=\"933\" \/>\n\t<meta property=\"og:image:type\" content=\"image\/jpeg\" \/>\n<meta name=\"author\" content=\"super-news\" \/>\n<meta name=\"twitter:card\" content=\"summary_large_image\" \/>\n<meta name=\"twitter:label1\" content=\"Szerz\u0151:\" \/>\n\t<meta name=\"twitter:data1\" content=\"super-news\" \/>\n\t<meta name=\"twitter:label2\" content=\"Becs\u00fclt olvas\u00e1si id\u0151\" \/>\n\t<meta name=\"twitter:data2\" content=\"2 perc\" \/>\n<script type=\"application\/ld+json\" class=\"yoast-schema-graph\">{\"@context\":\"https:\\\/\\\/schema.org\",\"@graph\":[{\"@type\":\"Article\",\"@id\":\"https:\\\/\\\/super-news.info\\\/hu\\\/trump-minden-lehetseges-ebben-a-vilagban\\\/#article\",\"isPartOf\":{\"@id\":\"https:\\\/\\\/super-news.info\\\/hu\\\/trump-minden-lehetseges-ebben-a-vilagban\\\/\"},\"author\":{\"name\":\"super-news\",\"@id\":\"https:\\\/\\\/super-news.info\\\/hu\\\/#\\\/schema\\\/person\\\/2d4068cb2f39cd10008c2fce578a7356\"},\"headline\":\"Trump: Minden lehets\u00e9ges ebben a vil\u00e1gban\",\"datePublished\":\"2019-05-06T00:29:15+00:00\",\"dateModified\":\"2019-05-06T00:29:16+00:00\",\"mainEntityOfPage\":{\"@id\":\"https:\\\/\\\/super-news.info\\\/hu\\\/trump-minden-lehetseges-ebben-a-vilagban\\\/\"},\"wordCount\":493,\"commentCount\":0,\"image\":{\"@id\":\"https:\\\/\\\/super-news.info\\\/hu\\\/trump-minden-lehetseges-ebben-a-vilagban\\\/#primaryimage\"},\"thumbnailUrl\":\"https:\\\/\\\/super-news.info\\\/hu\\\/wp-content\\\/uploads\\\/sites\\\/3\\\/2019\\\/05\\\/Trump-Minden-lehets\u00e9ges-ebben-a-vil\u00e1gban.jpeg\",\"articleSection\":[\"P\u00c9NZ\u00dcGYI H\u00cdREK\"],\"inLanguage\":\"hu\",\"potentialAction\":[{\"@type\":\"CommentAction\",\"name\":\"Comment\",\"target\":[\"https:\\\/\\\/super-news.info\\\/hu\\\/trump-minden-lehetseges-ebben-a-vilagban\\\/#respond\"]}]},{\"@type\":\"WebPage\",\"@id\":\"https:\\\/\\\/super-news.info\\\/hu\\\/trump-minden-lehetseges-ebben-a-vilagban\\\/\",\"url\":\"https:\\\/\\\/super-news.info\\\/hu\\\/trump-minden-lehetseges-ebben-a-vilagban\\\/\",\"name\":\"Trump: Minden lehets\u00e9ges ebben a vil\u00e1gban - Super News\",\"isPartOf\":{\"@id\":\"https:\\\/\\\/super-news.info\\\/hu\\\/#website\"},\"primaryImageOfPage\":{\"@id\":\"https:\\\/\\\/super-news.info\\\/hu\\\/trump-minden-lehetseges-ebben-a-vilagban\\\/#primaryimage\"},\"image\":{\"@id\":\"https:\\\/\\\/super-news.info\\\/hu\\\/trump-minden-lehetseges-ebben-a-vilagban\\\/#primaryimage\"},\"thumbnailUrl\":\"https:\\\/\\\/super-news.info\\\/hu\\\/wp-content\\\/uploads\\\/sites\\\/3\\\/2019\\\/05\\\/Trump-Minden-lehets\u00e9ges-ebben-a-vil\u00e1gban.jpeg\",\"datePublished\":\"2019-05-06T00:29:15+00:00\",\"dateModified\":\"2019-05-06T00:29:16+00:00\",\"author\":{\"@id\":\"https:\\\/\\\/super-news.info\\\/hu\\\/#\\\/schema\\\/person\\\/2d4068cb2f39cd10008c2fce578a7356\"},\"breadcrumb\":{\"@id\":\"https:\\\/\\\/super-news.info\\\/hu\\\/trump-minden-lehetseges-ebben-a-vilagban\\\/#breadcrumb\"},\"inLanguage\":\"hu\",\"potentialAction\":[{\"@type\":\"ReadAction\",\"target\":[\"https:\\\/\\\/super-news.info\\\/hu\\\/trump-minden-lehetseges-ebben-a-vilagban\\\/\"]}]},{\"@type\":\"ImageObject\",\"inLanguage\":\"hu\",\"@id\":\"https:\\\/\\\/super-news.info\\\/hu\\\/trump-minden-lehetseges-ebben-a-vilagban\\\/#primaryimage\",\"url\":\"https:\\\/\\\/super-news.info\\\/hu\\\/wp-content\\\/uploads\\\/sites\\\/3\\\/2019\\\/05\\\/Trump-Minden-lehets\u00e9ges-ebben-a-vil\u00e1gban.jpeg\",\"contentUrl\":\"https:\\\/\\\/super-news.info\\\/hu\\\/wp-content\\\/uploads\\\/sites\\\/3\\\/2019\\\/05\\\/Trump-Minden-lehets\u00e9ges-ebben-a-vil\u00e1gban.jpeg\",\"width\":1400,\"height\":933,\"caption\":\"Trump: Minden lehets\u00e9ges ebben a vil\u00e1gban\"},{\"@type\":\"BreadcrumbList\",\"@id\":\"https:\\\/\\\/super-news.info\\\/hu\\\/trump-minden-lehetseges-ebben-a-vilagban\\\/#breadcrumb\",\"itemListElement\":[{\"@type\":\"ListItem\",\"position\":1,\"name\":\"\u0413\u043b\u0430\u0432\u043d\u0430\u044f \u0441\u0442\u0440\u0430\u043d\u0438\u0446\u0430\",\"item\":\"https:\\\/\\\/super-news.info\\\/hu\\\/\"},{\"@type\":\"ListItem\",\"position\":2,\"name\":\"Trump: Minden lehets\u00e9ges ebben a vil\u00e1gban\"}]},{\"@type\":\"WebSite\",\"@id\":\"https:\\\/\\\/super-news.info\\\/hu\\\/#website\",\"url\":\"https:\\\/\\\/super-news.info\\\/hu\\\/\",\"name\":\"Super News\",\"description\":\"Super News Magyarorsz\u00e1g\",\"potentialAction\":[{\"@type\":\"SearchAction\",\"target\":{\"@type\":\"EntryPoint\",\"urlTemplate\":\"https:\\\/\\\/super-news.info\\\/hu\\\/?s={search_term_string}\"},\"query-input\":{\"@type\":\"PropertyValueSpecification\",\"valueRequired\":true,\"valueName\":\"search_term_string\"}}],\"inLanguage\":\"hu\"},{\"@type\":\"Person\",\"@id\":\"https:\\\/\\\/super-news.info\\\/hu\\\/#\\\/schema\\\/person\\\/2d4068cb2f39cd10008c2fce578a7356\",\"name\":\"super-news\",\"image\":{\"@type\":\"ImageObject\",\"inLanguage\":\"hu\",\"@id\":\"https:\\\/\\\/secure.gravatar.com\\\/avatar\\\/64ebac40b93f26a154f8a9b5b6fdccfc46f442b26b3dd6756dbff3bf9dc76fd7?s=96&d=mm&r=g\",\"url\":\"https:\\\/\\\/secure.gravatar.com\\\/avatar\\\/64ebac40b93f26a154f8a9b5b6fdccfc46f442b26b3dd6756dbff3bf9dc76fd7?s=96&d=mm&r=g\",\"contentUrl\":\"https:\\\/\\\/secure.gravatar.com\\\/avatar\\\/64ebac40b93f26a154f8a9b5b6fdccfc46f442b26b3dd6756dbff3bf9dc76fd7?s=96&d=mm&r=g\",\"caption\":\"super-news\"},\"url\":\"https:\\\/\\\/super-news.info\\\/hu\\\/author\\\/pt\\\/\"}]}<\/script>\n<!-- \/ Yoast SEO plugin. -->","yoast_head_json":{"title":"Trump: Minden lehets\u00e9ges ebben a vil\u00e1gban - Super News","robots":{"index":"index","follow":"follow","max-snippet":"max-snippet:-1","max-image-preview":"max-image-preview:large","max-video-preview":"max-video-preview:-1"},"canonical":"https:\/\/super-news.info\/hu\/trump-minden-lehetseges-ebben-a-vilagban\/","og_locale":"hu_HU","og_type":"article","og_title":"Trump: Minden lehets\u00e9ges ebben a vil\u00e1gban - Super News","og_description":"[ad_1] \u00c9szak-Korea rak\u00e9ta-sorozatvet\u0151ivel \u00e9s c\u00e9lra vezethet\u0151, harct\u00e9ri ballisztikus rak\u00e9t\u00e1ival \u201ecsap\u00e1sm\u00e9r\u0151 gyakorlatot\u201d tartott szombat reggel \u2013 jelentette az orsz\u00e1g \u00e1llami m\u00e9di\u00e1ja vas\u00e1rnap hajnalban, csaknem egy nappal a gyakorlatot k\u00f6vet\u0151en. A d\u00e9l-koreai hadsereg az \u00e9szlelt katonai tev\u00e9kenys\u00e9gr\u0151l r\u00f6gt\u00f6n azut\u00e1n sz\u00e1molt be, hogy \u00c9szak-Korea a vonszani rak\u00e9tab\u00e1zisr\u00f3l kil\u0151tt t\u00f6bb r\u00f6vid hat\u00f3t\u00e1vols\u00e1g\u00fa rak\u00e9t\u00e1t a Jap\u00e1n-tenger fel\u00e9. A KCNA \u00e9szak-koreai [&hellip;]","og_url":"https:\/\/super-news.info\/hu\/trump-minden-lehetseges-ebben-a-vilagban\/","og_site_name":"Super News","article_published_time":"2019-05-06T00:29:15+00:00","article_modified_time":"2019-05-06T00:29:16+00:00","og_image":[{"width":1400,"height":933,"url":"https:\/\/super-news.info\/hu\/wp-content\/uploads\/sites\/3\/2019\/05\/Trump-Minden-lehets\u00e9ges-ebben-a-vil\u00e1gban.jpeg","type":"image\/jpeg"}],"author":"super-news","twitter_card":"summary_large_image","twitter_misc":{"Szerz\u0151:":"super-news","Becs\u00fclt olvas\u00e1si id\u0151":"2 perc"},"schema":{"@context":"https:\/\/schema.org","@graph":[{"@type":"Article","@id":"https:\/\/super-news.info\/hu\/trump-minden-lehetseges-ebben-a-vilagban\/#article","isPartOf":{"@id":"https:\/\/super-news.info\/hu\/trump-minden-lehetseges-ebben-a-vilagban\/"},"author":{"name":"super-news","@id":"https:\/\/super-news.info\/hu\/#\/schema\/person\/2d4068cb2f39cd10008c2fce578a7356"},"headline":"Trump: Minden lehets\u00e9ges ebben a vil\u00e1gban","datePublished":"2019-05-06T00:29:15+00:00","dateModified":"2019-05-06T00:29:16+00:00","mainEntityOfPage":{"@id":"https:\/\/super-news.info\/hu\/trump-minden-lehetseges-ebben-a-vilagban\/"},"wordCount":493,"commentCount":0,"image":{"@id":"https:\/\/super-news.info\/hu\/trump-minden-lehetseges-ebben-a-vilagban\/#primaryimage"},"thumbnailUrl":"https:\/\/super-news.info\/hu\/wp-content\/uploads\/sites\/3\/2019\/05\/Trump-Minden-lehets\u00e9ges-ebben-a-vil\u00e1gban.jpeg","articleSection":["P\u00c9NZ\u00dcGYI H\u00cdREK"],"inLanguage":"hu","potentialAction":[{"@type":"CommentAction","name":"Comment","target":["https:\/\/super-news.info\/hu\/trump-minden-lehetseges-ebben-a-vilagban\/#respond"]}]},{"@type":"WebPage","@id":"https:\/\/super-news.info\/hu\/trump-minden-lehetseges-ebben-a-vilagban\/","url":"https:\/\/super-news.info\/hu\/trump-minden-lehetseges-ebben-a-vilagban\/","name":"Trump: Minden lehets\u00e9ges ebben a vil\u00e1gban - Super News","isPartOf":{"@id":"https:\/\/super-news.info\/hu\/#website"},"primaryImageOfPage":{"@id":"https:\/\/super-news.info\/hu\/trump-minden-lehetseges-ebben-a-vilagban\/#primaryimage"},"image":{"@id":"https:\/\/super-news.info\/hu\/trump-minden-lehetseges-ebben-a-vilagban\/#primaryimage"},"thumbnailUrl":"https:\/\/super-news.info\/hu\/wp-content\/uploads\/sites\/3\/2019\/05\/Trump-Minden-lehets\u00e9ges-ebben-a-vil\u00e1gban.jpeg","datePublished":"2019-05-06T00:29:15+00:00","dateModified":"2019-05-06T00:29:16+00:00","author":{"@id":"https:\/\/super-news.info\/hu\/#\/schema\/person\/2d4068cb2f39cd10008c2fce578a7356"},"breadcrumb":{"@id":"https:\/\/super-news.info\/hu\/trump-minden-lehetseges-ebben-a-vilagban\/#breadcrumb"},"inLanguage":"hu","potentialAction":[{"@type":"ReadAction","target":["https:\/\/super-news.info\/hu\/trump-minden-lehetseges-ebben-a-vilagban\/"]}]},{"@type":"ImageObject","inLanguage":"hu","@id":"https:\/\/super-news.info\/hu\/trump-minden-lehetseges-ebben-a-vilagban\/#primaryimage","url":"https:\/\/super-news.info\/hu\/wp-content\/uploads\/sites\/3\/2019\/05\/Trump-Minden-lehets\u00e9ges-ebben-a-vil\u00e1gban.jpeg","contentUrl":"https:\/\/super-news.info\/hu\/wp-content\/uploads\/sites\/3\/2019\/05\/Trump-Minden-lehets\u00e9ges-ebben-a-vil\u00e1gban.jpeg","width":1400,"height":933,"caption":"Trump: Minden lehets\u00e9ges ebben a vil\u00e1gban"},{"@type":"BreadcrumbList","@id":"https:\/\/super-news.info\/hu\/trump-minden-lehetseges-ebben-a-vilagban\/#breadcrumb","itemListElement":[{"@type":"ListItem","position":1,"name":"\u0413\u043b\u0430\u0432\u043d\u0430\u044f \u0441\u0442\u0440\u0430\u043d\u0438\u0446\u0430","item":"https:\/\/super-news.info\/hu\/"},{"@type":"ListItem","position":2,"name":"Trump: Minden lehets\u00e9ges ebben a vil\u00e1gban"}]},{"@type":"WebSite","@id":"https:\/\/super-news.info\/hu\/#website","url":"https:\/\/super-news.info\/hu\/","name":"Super News","description":"Super News Magyarorsz\u00e1g","potentialAction":[{"@type":"SearchAction","target":{"@type":"EntryPoint","urlTemplate":"https:\/\/super-news.info\/hu\/?s={search_term_string}"},"query-input":{"@type":"PropertyValueSpecification","valueRequired":true,"valueName":"search_term_string"}}],"inLanguage":"hu"},{"@type":"Person","@id":"https:\/\/super-news.info\/hu\/#\/schema\/person\/2d4068cb2f39cd10008c2fce578a7356","name":"super-news","image":{"@type":"ImageObject","inLanguage":"hu","@id":"https:\/\/secure.gravatar.com\/avatar\/64ebac40b93f26a154f8a9b5b6fdccfc46f442b26b3dd6756dbff3bf9dc76fd7?s=96&d=mm&r=g","url":"https:\/\/secure.gravatar.com\/avatar\/64ebac40b93f26a154f8a9b5b6fdccfc46f442b26b3dd6756dbff3bf9dc76fd7?s=96&d=mm&r=g","contentUrl":"https:\/\/secure.gravatar.com\/avatar\/64ebac40b93f26a154f8a9b5b6fdccfc46f442b26b3dd6756dbff3bf9dc76fd7?s=96&d=mm&r=g","caption":"super-news"},"url":"https:\/\/super-news.info\/hu\/author\/pt\/"}]}},"_links":{"self":[{"href":"https:\/\/super-news.info\/hu\/wp-json\/wp\/v2\/posts\/1399","targetHints":{"allow":["GET"]}}],"collection":[{"href":"https:\/\/super-news.info\/hu\/wp-json\/wp\/v2\/posts"}],"about":[{"href":"https:\/\/super-news.info\/hu\/wp-json\/wp\/v2\/types\/post"}],"author":[{"embeddable":true,"href":"https:\/\/super-news.info\/hu\/wp-json\/wp\/v2\/users\/2"}],"replies":[{"embeddable":true,"href":"https:\/\/super-news.info\/hu\/wp-json\/wp\/v2\/comments?post=1399"}],"version-history":[{"count":1,"href":"https:\/\/super-news.info\/hu\/wp-json\/wp\/v2\/posts\/1399\/revisions"}],"predecessor-version":[{"id":1401,"href":"https:\/\/super-news.info\/hu\/wp-json\/wp\/v2\/posts\/1399\/revisions\/1401"}],"wp:featuredmedia":[{"embeddable":true,"href":"https:\/\/super-news.info\/hu\/wp-json\/wp\/v2\/media\/1400"}],"wp:attachment":[{"href":"https:\/\/super-news.info\/hu\/wp-json\/wp\/v2\/media?parent=1399"}],"wp:term":[{"taxonomy":"category","embeddable":true,"href":"https:\/\/super-news.info\/hu\/wp-json\/wp\/v2\/categories?post=1399"},{"taxonomy":"post_tag","embeddable":true,"href":"https:\/\/super-news.info\/hu\/wp-json\/wp\/v2\/tags?post=1399"}],"curies":[{"name":"wp","href":"https:\/\/api.w.org\/{rel}","templated":true}]}}