{"id":1396,"date":"2019-05-06T02:26:11","date_gmt":"2019-05-05T23:26:11","guid":{"rendered":"https:\/\/super-news.info\/hu\/negyedevel-csokkentek-globalisan-a-kulfoldi-beruhazasok\/"},"modified":"2019-05-06T02:26:12","modified_gmt":"2019-05-05T23:26:12","slug":"negyedevel-csokkentek-globalisan-a-kulfoldi-beruhazasok","status":"publish","type":"post","link":"https:\/\/super-news.info\/hu\/negyedevel-csokkentek-globalisan-a-kulfoldi-beruhazasok\/","title":{"rendered":"Negyed\u00e9vel cs\u00f6kkentek glob\u00e1lisan a k\u00fclf\u00f6ldi beruh\u00e1z\u00e1sok"},"content":{"rendered":"<p> [ad_1]<br \/>\n<\/p>\n<p>\n\t\t\t\t\t\t\t\tTavaly jelent\u0151sen, 27 sz\u00e1zal\u00e9kkal cs\u00f6kkentek a k\u00f6zvetlen k\u00fclf\u00f6ldi beruh\u00e1z\u00e1sok (FDI) a vil\u00e1gon, miut\u00e1n a megel\u0151z\u0151 \u00e9vben 16 sz\u00e1zal\u00e9k volt a visszaes\u00e9s \u2013 \u00e1ll az OECD jelent\u00e9s\u00e9ben, amely szerint a tavaly Magyarorsz\u00e1gra \u00e9rkezett FDI csaknem megdupl\u00e1z\u00f3dott.\t\t\t\t\t\t\t<\/p>\n<div>\n<p>A Gazdas\u00e1gi Egy\u00fcttm\u0171k\u00f6d\u00e9si \u00e9s Fejleszt\u00e9si Szervezet (OECD) honlapj\u00e1ra felker\u00fclt jelent\u00e9s szerint<\/p>\n<p>tavaly glob\u00e1lisan 1097 milli\u00e1rd doll\u00e1rt tett ki a k\u00f6zvetlen k\u00fclf\u00f6ldi beruh\u00e1z\u00e1s \u00e9rt\u00e9ke, ami a glob\u00e1lis GDP 1,3 sz\u00e1zal\u00e9ka volt, 1999 \u00f3ta a legkevesebb.<\/p>\n<p>A jelent\u00e9s \u00f6ssze\u00e1ll\u00edt\u00f3i az FDI tavalyi cs\u00f6kken\u00e9s\u00e9\u00e9rt els\u0151sorban az amerikai ad\u00f3reformokat okolt\u00e1k, aminek a k\u00f6vetkezt\u00e9ben az amerikai c\u00e9gek k\u00fclf\u00f6ldi \u00e9rdekelts\u00e9geikn\u00e9l keletkezett nyeres\u00e9g\u00fckb\u0151l egy jelent\u0151s r\u00e9szt repatri\u00e1ltak, azaz visszautaltak az Egyes\u00fclt \u00c1llamokba, ahol kedvez\u0151bb\u00e9 v\u00e1lt az ad\u00f3z\u00e1s felt\u00e9tele.<\/p>\n<div id=\"attachment_924619\" style=\"width: 1410px\" class=\"wp-caption aligncenter\">\n<p class=\"wp-caption-text\">Fot\u00f3: AFP\/Eric Piermont<\/p>\n<\/div>\n<p>A 36 OECD-orsz\u00e1gba ir\u00e1nyult FDI tavaly 23 sz\u00e1zal\u00e9kkal, 625 milli\u00e1rd doll\u00e1rra zuhant, legnagyobb m\u00e9rt\u00e9kben \u00cdrorsz\u00e1g \u00e9s Sv\u00e1jc volt \u00e9rintett. Ek\u00f6zben n\u0151tt a k\u00f6zvetlen k\u00fclf\u00f6ldi beruh\u00e1z\u00e1s Spanyolorsz\u00e1gban, Belgiumban, Ausztr\u00e1li\u00e1ban, Hollandi\u00e1ban, \u00e9s Kanad\u00e1ban.<\/p>\n<p>Az Eur\u00f3pai Uni\u00f3ban ir\u00e1nyul\u00f3 FDI 20 sz\u00e1zal\u00e9kkal cs\u00f6kkent tavaly.<\/p>\n<h3>Magyarorsz\u00e1gon nagyot n\u0151ttek a k\u00fclf\u00f6ldi beruh\u00e1z\u00e1sok<\/h3>\n<p>Az OECD orsz\u00e1gokra lebontott t\u00e1bl\u00e1zata szerint a Magyarorsz\u00e1gra tavaly ir\u00e1nyult FDI 6,389 milli\u00e1rd doll\u00e1r volt, csaknem a dupl\u00e1ja az egy \u00e9vvel kor\u00e1bbi 3,260 milli\u00e1rd doll\u00e1rnak. A Magyarorsz\u00e1gr\u00f3l v\u00e9grehajtott FDI \u00e9rt\u00e9ke 1,991 milli\u00e1rd doll\u00e1rra emelkedett a 2017. \u00e9vi 1,119 milli\u00e1rd doll\u00e1rr\u00f3l.<\/p>\n<p>A legfejlettebb h\u00fasz orsz\u00e1gban (G20) v\u00e9grehajtott FDI 2 sz\u00e1zal\u00e9kkal cs\u00f6kkent, az OECD szervezet\u00e9n k\u00edv\u00fcli 20 vezet\u0151 orsz\u00e1g eset\u00e9ben a k\u00f6zvetlen k\u00fclf\u00f6ldi beruh\u00e1z\u00e1s ugyanakkor 8 sz\u00e1zal\u00e9kkal n\u0151tt, els\u0151sorban K\u00edn\u00e1nak \u00e9s Indi\u00e1nak k\u00f6sz\u00f6nhet\u0151en.<\/p>\n<p>A legt\u00f6bb FDI<\/p>\n<ul>\n<li>Jap\u00e1nb\u00f3l (143 milli\u00e1rd doll\u00e1r),<\/li>\n<li>K\u00edn\u00e1b\u00f3l (96 milli\u00e1rd doll\u00e1r) \u00e9s<\/li>\n<li>Franciaorsz\u00e1gb\u00f3l (93 milli\u00e1rd doll\u00e1r)<\/li>\n<\/ul>\n<p>sz\u00e1rmazott, m\u00edg a legt\u00f6bb FDI<\/p>\n<ul>\n<li>az Egyes\u00fclt \u00c1llamokba (270 milli\u00e1rd doll\u00e1r),<\/li>\n<li>K\u00edn\u00e1ba (203 milli\u00e1rd doll\u00e1r),<\/li>\n<li>Hollandi\u00e1ba (70 milli\u00e1rd doll\u00e1r),<\/li>\n<li>Nagy-Britanni\u00e1ba (64 milli\u00e1rd doll\u00e1r) \u00e9s<\/li>\n<li>Braz\u00edli\u00e1ba (61 milli\u00e1rd doll\u00e1r)<\/li>\n<\/ul>\n<p>ir\u00e1nyult.<\/p>\n<\/p><\/div>\n<p><script>\n    window.fbAsyncInit = function() {\n        FB.init({\n            appId      : \"204760236815359\",\n            xfbml      : true,\n            version    : \"v2.12\"\n        });\n        FB.AppEvents.logPageView();\n    };<\/p>\n<p>    (function(d, s, id){\n        var js, fjs = d.getElementsByTagName(s)[0];\n        if (d.getElementById(id)) {return;}\n        js = d.createElement(s); js.id = id;\n        js.src = \"http:\/\/connect.facebook.net\/hu_HU\/sdk.js\";\n        fjs.parentNode.insertBefore(js, fjs);\n    }(document, \"script\", \"facebook-jssdk\"));\n<\/script><br \/>\n<br \/>[ad_2]<br \/>\n<br \/><a href=\"https:\/\/www.vg.hu\/gazdasag\/gazdasagi-hirek\/negyedevel-csokkentek-globalisan-a-kulfoldi-beruhazasok-1493314\/\">Source link <\/a><\/p>\n","protected":false},"excerpt":{"rendered":"<p>[ad_1] Tavaly jelent\u0151sen, 27 sz\u00e1zal\u00e9kkal cs\u00f6kkentek a k\u00f6zvetlen k\u00fclf\u00f6ldi beruh\u00e1z\u00e1sok (FDI) a vil\u00e1gon, miut\u00e1n a megel\u0151z\u0151 \u00e9vben 16 sz\u00e1zal\u00e9k volt a visszaes\u00e9s \u2013 \u00e1ll az OECD jelent\u00e9s\u00e9ben, amely szerint a tavaly Magyarorsz\u00e1gra \u00e9rkezett FDI csaknem megdupl\u00e1z\u00f3dott. A Gazdas\u00e1gi Egy\u00fcttm\u0171k\u00f6d\u00e9si \u00e9s Fejleszt\u00e9si Szervezet (OECD) honlapj\u00e1ra felker\u00fclt jelent\u00e9s szerint tavaly glob\u00e1lisan 1097 milli\u00e1rd doll\u00e1rt tett ki a [&hellip;]<\/p>\n","protected":false},"author":2,"featured_media":1397,"comment_status":"open","ping_status":"open","sticky":false,"template":"","format":"standard","meta":{"footnotes":""},"categories":[1],"tags":[],"class_list":["post-1396","post","type-post","status-publish","format-standard","has-post-thumbnail","hentry","category-penzugyi-hirek"],"yoast_head":"<!-- This site is optimized with the Yoast SEO plugin v27.4 - https:\/\/yoast.com\/product\/yoast-seo-wordpress\/ -->\n<title>Negyed\u00e9vel cs\u00f6kkentek glob\u00e1lisan a k\u00fclf\u00f6ldi beruh\u00e1z\u00e1sok - Super News<\/title>\n<meta name=\"robots\" content=\"index, follow, max-snippet:-1, max-image-preview:large, max-video-preview:-1\" \/>\n<link rel=\"canonical\" href=\"https:\/\/super-news.info\/hu\/negyedevel-csokkentek-globalisan-a-kulfoldi-beruhazasok\/\" \/>\n<meta property=\"og:locale\" content=\"hu_HU\" \/>\n<meta property=\"og:type\" content=\"article\" \/>\n<meta property=\"og:title\" content=\"Negyed\u00e9vel cs\u00f6kkentek glob\u00e1lisan a k\u00fclf\u00f6ldi beruh\u00e1z\u00e1sok - Super News\" \/>\n<meta property=\"og:description\" content=\"[ad_1] Tavaly jelent\u0151sen, 27 sz\u00e1zal\u00e9kkal cs\u00f6kkentek a k\u00f6zvetlen k\u00fclf\u00f6ldi beruh\u00e1z\u00e1sok (FDI) a vil\u00e1gon, miut\u00e1n a megel\u0151z\u0151 \u00e9vben 16 sz\u00e1zal\u00e9k volt a visszaes\u00e9s \u2013 \u00e1ll az OECD jelent\u00e9s\u00e9ben, amely szerint a tavaly Magyarorsz\u00e1gra \u00e9rkezett FDI csaknem megdupl\u00e1z\u00f3dott. A Gazdas\u00e1gi Egy\u00fcttm\u0171k\u00f6d\u00e9si \u00e9s Fejleszt\u00e9si Szervezet (OECD) honlapj\u00e1ra felker\u00fclt jelent\u00e9s szerint tavaly glob\u00e1lisan 1097 milli\u00e1rd doll\u00e1rt tett ki a [&hellip;]\" \/>\n<meta property=\"og:url\" content=\"https:\/\/super-news.info\/hu\/negyedevel-csokkentek-globalisan-a-kulfoldi-beruhazasok\/\" \/>\n<meta property=\"og:site_name\" content=\"Super News\" \/>\n<meta property=\"article:published_time\" content=\"2019-05-05T23:26:11+00:00\" \/>\n<meta property=\"article:modified_time\" content=\"2019-05-05T23:26:12+00:00\" \/>\n<meta property=\"og:image\" content=\"https:\/\/super-news.info\/hu\/wp-content\/uploads\/sites\/3\/2019\/05\/Negyed\u00e9vel-cs\u00f6kkentek-glob\u00e1lisan-a-k\u00fclf\u00f6ldi-beruh\u00e1z\u00e1sok.jpg\" \/>\n\t<meta property=\"og:image:width\" content=\"1400\" \/>\n\t<meta property=\"og:image:height\" content=\"805\" \/>\n\t<meta property=\"og:image:type\" content=\"image\/jpeg\" \/>\n<meta name=\"author\" content=\"super-news\" \/>\n<meta name=\"twitter:card\" content=\"summary_large_image\" \/>\n<meta name=\"twitter:label1\" content=\"Szerz\u0151:\" \/>\n\t<meta name=\"twitter:data1\" content=\"super-news\" \/>\n\t<meta name=\"twitter:label2\" content=\"Becs\u00fclt olvas\u00e1si id\u0151\" \/>\n\t<meta name=\"twitter:data2\" content=\"2 perc\" \/>\n<script type=\"application\/ld+json\" class=\"yoast-schema-graph\">{\"@context\":\"https:\\\/\\\/schema.org\",\"@graph\":[{\"@type\":\"Article\",\"@id\":\"https:\\\/\\\/super-news.info\\\/hu\\\/negyedevel-csokkentek-globalisan-a-kulfoldi-beruhazasok\\\/#article\",\"isPartOf\":{\"@id\":\"https:\\\/\\\/super-news.info\\\/hu\\\/negyedevel-csokkentek-globalisan-a-kulfoldi-beruhazasok\\\/\"},\"author\":{\"name\":\"super-news\",\"@id\":\"https:\\\/\\\/super-news.info\\\/hu\\\/#\\\/schema\\\/person\\\/2d4068cb2f39cd10008c2fce578a7356\"},\"headline\":\"Negyed\u00e9vel cs\u00f6kkentek glob\u00e1lisan a k\u00fclf\u00f6ldi beruh\u00e1z\u00e1sok\",\"datePublished\":\"2019-05-05T23:26:11+00:00\",\"dateModified\":\"2019-05-05T23:26:12+00:00\",\"mainEntityOfPage\":{\"@id\":\"https:\\\/\\\/super-news.info\\\/hu\\\/negyedevel-csokkentek-globalisan-a-kulfoldi-beruhazasok\\\/\"},\"wordCount\":448,\"commentCount\":0,\"image\":{\"@id\":\"https:\\\/\\\/super-news.info\\\/hu\\\/negyedevel-csokkentek-globalisan-a-kulfoldi-beruhazasok\\\/#primaryimage\"},\"thumbnailUrl\":\"https:\\\/\\\/super-news.info\\\/hu\\\/wp-content\\\/uploads\\\/sites\\\/3\\\/2019\\\/05\\\/Negyed\u00e9vel-cs\u00f6kkentek-glob\u00e1lisan-a-k\u00fclf\u00f6ldi-beruh\u00e1z\u00e1sok.jpg\",\"articleSection\":[\"P\u00c9NZ\u00dcGYI H\u00cdREK\"],\"inLanguage\":\"hu\",\"potentialAction\":[{\"@type\":\"CommentAction\",\"name\":\"Comment\",\"target\":[\"https:\\\/\\\/super-news.info\\\/hu\\\/negyedevel-csokkentek-globalisan-a-kulfoldi-beruhazasok\\\/#respond\"]}]},{\"@type\":\"WebPage\",\"@id\":\"https:\\\/\\\/super-news.info\\\/hu\\\/negyedevel-csokkentek-globalisan-a-kulfoldi-beruhazasok\\\/\",\"url\":\"https:\\\/\\\/super-news.info\\\/hu\\\/negyedevel-csokkentek-globalisan-a-kulfoldi-beruhazasok\\\/\",\"name\":\"Negyed\u00e9vel cs\u00f6kkentek glob\u00e1lisan a k\u00fclf\u00f6ldi beruh\u00e1z\u00e1sok - Super News\",\"isPartOf\":{\"@id\":\"https:\\\/\\\/super-news.info\\\/hu\\\/#website\"},\"primaryImageOfPage\":{\"@id\":\"https:\\\/\\\/super-news.info\\\/hu\\\/negyedevel-csokkentek-globalisan-a-kulfoldi-beruhazasok\\\/#primaryimage\"},\"image\":{\"@id\":\"https:\\\/\\\/super-news.info\\\/hu\\\/negyedevel-csokkentek-globalisan-a-kulfoldi-beruhazasok\\\/#primaryimage\"},\"thumbnailUrl\":\"https:\\\/\\\/super-news.info\\\/hu\\\/wp-content\\\/uploads\\\/sites\\\/3\\\/2019\\\/05\\\/Negyed\u00e9vel-cs\u00f6kkentek-glob\u00e1lisan-a-k\u00fclf\u00f6ldi-beruh\u00e1z\u00e1sok.jpg\",\"datePublished\":\"2019-05-05T23:26:11+00:00\",\"dateModified\":\"2019-05-05T23:26:12+00:00\",\"author\":{\"@id\":\"https:\\\/\\\/super-news.info\\\/hu\\\/#\\\/schema\\\/person\\\/2d4068cb2f39cd10008c2fce578a7356\"},\"breadcrumb\":{\"@id\":\"https:\\\/\\\/super-news.info\\\/hu\\\/negyedevel-csokkentek-globalisan-a-kulfoldi-beruhazasok\\\/#breadcrumb\"},\"inLanguage\":\"hu\",\"potentialAction\":[{\"@type\":\"ReadAction\",\"target\":[\"https:\\\/\\\/super-news.info\\\/hu\\\/negyedevel-csokkentek-globalisan-a-kulfoldi-beruhazasok\\\/\"]}]},{\"@type\":\"ImageObject\",\"inLanguage\":\"hu\",\"@id\":\"https:\\\/\\\/super-news.info\\\/hu\\\/negyedevel-csokkentek-globalisan-a-kulfoldi-beruhazasok\\\/#primaryimage\",\"url\":\"https:\\\/\\\/super-news.info\\\/hu\\\/wp-content\\\/uploads\\\/sites\\\/3\\\/2019\\\/05\\\/Negyed\u00e9vel-cs\u00f6kkentek-glob\u00e1lisan-a-k\u00fclf\u00f6ldi-beruh\u00e1z\u00e1sok.jpg\",\"contentUrl\":\"https:\\\/\\\/super-news.info\\\/hu\\\/wp-content\\\/uploads\\\/sites\\\/3\\\/2019\\\/05\\\/Negyed\u00e9vel-cs\u00f6kkentek-glob\u00e1lisan-a-k\u00fclf\u00f6ldi-beruh\u00e1z\u00e1sok.jpg\",\"width\":1400,\"height\":805,\"caption\":\"Negyed\u00e9vel cs\u00f6kkentek glob\u00e1lisan a k\u00fclf\u00f6ldi beruh\u00e1z\u00e1sok\"},{\"@type\":\"BreadcrumbList\",\"@id\":\"https:\\\/\\\/super-news.info\\\/hu\\\/negyedevel-csokkentek-globalisan-a-kulfoldi-beruhazasok\\\/#breadcrumb\",\"itemListElement\":[{\"@type\":\"ListItem\",\"position\":1,\"name\":\"\u0413\u043b\u0430\u0432\u043d\u0430\u044f \u0441\u0442\u0440\u0430\u043d\u0438\u0446\u0430\",\"item\":\"https:\\\/\\\/super-news.info\\\/hu\\\/\"},{\"@type\":\"ListItem\",\"position\":2,\"name\":\"Negyed\u00e9vel cs\u00f6kkentek glob\u00e1lisan a k\u00fclf\u00f6ldi beruh\u00e1z\u00e1sok\"}]},{\"@type\":\"WebSite\",\"@id\":\"https:\\\/\\\/super-news.info\\\/hu\\\/#website\",\"url\":\"https:\\\/\\\/super-news.info\\\/hu\\\/\",\"name\":\"Super News\",\"description\":\"Super News Magyarorsz\u00e1g\",\"potentialAction\":[{\"@type\":\"SearchAction\",\"target\":{\"@type\":\"EntryPoint\",\"urlTemplate\":\"https:\\\/\\\/super-news.info\\\/hu\\\/?s={search_term_string}\"},\"query-input\":{\"@type\":\"PropertyValueSpecification\",\"valueRequired\":true,\"valueName\":\"search_term_string\"}}],\"inLanguage\":\"hu\"},{\"@type\":\"Person\",\"@id\":\"https:\\\/\\\/super-news.info\\\/hu\\\/#\\\/schema\\\/person\\\/2d4068cb2f39cd10008c2fce578a7356\",\"name\":\"super-news\",\"image\":{\"@type\":\"ImageObject\",\"inLanguage\":\"hu\",\"@id\":\"https:\\\/\\\/secure.gravatar.com\\\/avatar\\\/64ebac40b93f26a154f8a9b5b6fdccfc46f442b26b3dd6756dbff3bf9dc76fd7?s=96&d=mm&r=g\",\"url\":\"https:\\\/\\\/secure.gravatar.com\\\/avatar\\\/64ebac40b93f26a154f8a9b5b6fdccfc46f442b26b3dd6756dbff3bf9dc76fd7?s=96&d=mm&r=g\",\"contentUrl\":\"https:\\\/\\\/secure.gravatar.com\\\/avatar\\\/64ebac40b93f26a154f8a9b5b6fdccfc46f442b26b3dd6756dbff3bf9dc76fd7?s=96&d=mm&r=g\",\"caption\":\"super-news\"},\"url\":\"https:\\\/\\\/super-news.info\\\/hu\\\/author\\\/pt\\\/\"}]}<\/script>\n<!-- \/ Yoast SEO plugin. -->","yoast_head_json":{"title":"Negyed\u00e9vel cs\u00f6kkentek glob\u00e1lisan a k\u00fclf\u00f6ldi beruh\u00e1z\u00e1sok - Super News","robots":{"index":"index","follow":"follow","max-snippet":"max-snippet:-1","max-image-preview":"max-image-preview:large","max-video-preview":"max-video-preview:-1"},"canonical":"https:\/\/super-news.info\/hu\/negyedevel-csokkentek-globalisan-a-kulfoldi-beruhazasok\/","og_locale":"hu_HU","og_type":"article","og_title":"Negyed\u00e9vel cs\u00f6kkentek glob\u00e1lisan a k\u00fclf\u00f6ldi beruh\u00e1z\u00e1sok - Super News","og_description":"[ad_1] Tavaly jelent\u0151sen, 27 sz\u00e1zal\u00e9kkal cs\u00f6kkentek a k\u00f6zvetlen k\u00fclf\u00f6ldi beruh\u00e1z\u00e1sok (FDI) a vil\u00e1gon, miut\u00e1n a megel\u0151z\u0151 \u00e9vben 16 sz\u00e1zal\u00e9k volt a visszaes\u00e9s \u2013 \u00e1ll az OECD jelent\u00e9s\u00e9ben, amely szerint a tavaly Magyarorsz\u00e1gra \u00e9rkezett FDI csaknem megdupl\u00e1z\u00f3dott. A Gazdas\u00e1gi Egy\u00fcttm\u0171k\u00f6d\u00e9si \u00e9s Fejleszt\u00e9si Szervezet (OECD) honlapj\u00e1ra felker\u00fclt jelent\u00e9s szerint tavaly glob\u00e1lisan 1097 milli\u00e1rd doll\u00e1rt tett ki a [&hellip;]","og_url":"https:\/\/super-news.info\/hu\/negyedevel-csokkentek-globalisan-a-kulfoldi-beruhazasok\/","og_site_name":"Super News","article_published_time":"2019-05-05T23:26:11+00:00","article_modified_time":"2019-05-05T23:26:12+00:00","og_image":[{"width":1400,"height":805,"url":"https:\/\/super-news.info\/hu\/wp-content\/uploads\/sites\/3\/2019\/05\/Negyed\u00e9vel-cs\u00f6kkentek-glob\u00e1lisan-a-k\u00fclf\u00f6ldi-beruh\u00e1z\u00e1sok.jpg","type":"image\/jpeg"}],"author":"super-news","twitter_card":"summary_large_image","twitter_misc":{"Szerz\u0151:":"super-news","Becs\u00fclt olvas\u00e1si id\u0151":"2 perc"},"schema":{"@context":"https:\/\/schema.org","@graph":[{"@type":"Article","@id":"https:\/\/super-news.info\/hu\/negyedevel-csokkentek-globalisan-a-kulfoldi-beruhazasok\/#article","isPartOf":{"@id":"https:\/\/super-news.info\/hu\/negyedevel-csokkentek-globalisan-a-kulfoldi-beruhazasok\/"},"author":{"name":"super-news","@id":"https:\/\/super-news.info\/hu\/#\/schema\/person\/2d4068cb2f39cd10008c2fce578a7356"},"headline":"Negyed\u00e9vel cs\u00f6kkentek glob\u00e1lisan a k\u00fclf\u00f6ldi beruh\u00e1z\u00e1sok","datePublished":"2019-05-05T23:26:11+00:00","dateModified":"2019-05-05T23:26:12+00:00","mainEntityOfPage":{"@id":"https:\/\/super-news.info\/hu\/negyedevel-csokkentek-globalisan-a-kulfoldi-beruhazasok\/"},"wordCount":448,"commentCount":0,"image":{"@id":"https:\/\/super-news.info\/hu\/negyedevel-csokkentek-globalisan-a-kulfoldi-beruhazasok\/#primaryimage"},"thumbnailUrl":"https:\/\/super-news.info\/hu\/wp-content\/uploads\/sites\/3\/2019\/05\/Negyed\u00e9vel-cs\u00f6kkentek-glob\u00e1lisan-a-k\u00fclf\u00f6ldi-beruh\u00e1z\u00e1sok.jpg","articleSection":["P\u00c9NZ\u00dcGYI H\u00cdREK"],"inLanguage":"hu","potentialAction":[{"@type":"CommentAction","name":"Comment","target":["https:\/\/super-news.info\/hu\/negyedevel-csokkentek-globalisan-a-kulfoldi-beruhazasok\/#respond"]}]},{"@type":"WebPage","@id":"https:\/\/super-news.info\/hu\/negyedevel-csokkentek-globalisan-a-kulfoldi-beruhazasok\/","url":"https:\/\/super-news.info\/hu\/negyedevel-csokkentek-globalisan-a-kulfoldi-beruhazasok\/","name":"Negyed\u00e9vel cs\u00f6kkentek glob\u00e1lisan a k\u00fclf\u00f6ldi beruh\u00e1z\u00e1sok - Super News","isPartOf":{"@id":"https:\/\/super-news.info\/hu\/#website"},"primaryImageOfPage":{"@id":"https:\/\/super-news.info\/hu\/negyedevel-csokkentek-globalisan-a-kulfoldi-beruhazasok\/#primaryimage"},"image":{"@id":"https:\/\/super-news.info\/hu\/negyedevel-csokkentek-globalisan-a-kulfoldi-beruhazasok\/#primaryimage"},"thumbnailUrl":"https:\/\/super-news.info\/hu\/wp-content\/uploads\/sites\/3\/2019\/05\/Negyed\u00e9vel-cs\u00f6kkentek-glob\u00e1lisan-a-k\u00fclf\u00f6ldi-beruh\u00e1z\u00e1sok.jpg","datePublished":"2019-05-05T23:26:11+00:00","dateModified":"2019-05-05T23:26:12+00:00","author":{"@id":"https:\/\/super-news.info\/hu\/#\/schema\/person\/2d4068cb2f39cd10008c2fce578a7356"},"breadcrumb":{"@id":"https:\/\/super-news.info\/hu\/negyedevel-csokkentek-globalisan-a-kulfoldi-beruhazasok\/#breadcrumb"},"inLanguage":"hu","potentialAction":[{"@type":"ReadAction","target":["https:\/\/super-news.info\/hu\/negyedevel-csokkentek-globalisan-a-kulfoldi-beruhazasok\/"]}]},{"@type":"ImageObject","inLanguage":"hu","@id":"https:\/\/super-news.info\/hu\/negyedevel-csokkentek-globalisan-a-kulfoldi-beruhazasok\/#primaryimage","url":"https:\/\/super-news.info\/hu\/wp-content\/uploads\/sites\/3\/2019\/05\/Negyed\u00e9vel-cs\u00f6kkentek-glob\u00e1lisan-a-k\u00fclf\u00f6ldi-beruh\u00e1z\u00e1sok.jpg","contentUrl":"https:\/\/super-news.info\/hu\/wp-content\/uploads\/sites\/3\/2019\/05\/Negyed\u00e9vel-cs\u00f6kkentek-glob\u00e1lisan-a-k\u00fclf\u00f6ldi-beruh\u00e1z\u00e1sok.jpg","width":1400,"height":805,"caption":"Negyed\u00e9vel cs\u00f6kkentek glob\u00e1lisan a k\u00fclf\u00f6ldi beruh\u00e1z\u00e1sok"},{"@type":"BreadcrumbList","@id":"https:\/\/super-news.info\/hu\/negyedevel-csokkentek-globalisan-a-kulfoldi-beruhazasok\/#breadcrumb","itemListElement":[{"@type":"ListItem","position":1,"name":"\u0413\u043b\u0430\u0432\u043d\u0430\u044f \u0441\u0442\u0440\u0430\u043d\u0438\u0446\u0430","item":"https:\/\/super-news.info\/hu\/"},{"@type":"ListItem","position":2,"name":"Negyed\u00e9vel cs\u00f6kkentek glob\u00e1lisan a k\u00fclf\u00f6ldi beruh\u00e1z\u00e1sok"}]},{"@type":"WebSite","@id":"https:\/\/super-news.info\/hu\/#website","url":"https:\/\/super-news.info\/hu\/","name":"Super News","description":"Super News Magyarorsz\u00e1g","potentialAction":[{"@type":"SearchAction","target":{"@type":"EntryPoint","urlTemplate":"https:\/\/super-news.info\/hu\/?s={search_term_string}"},"query-input":{"@type":"PropertyValueSpecification","valueRequired":true,"valueName":"search_term_string"}}],"inLanguage":"hu"},{"@type":"Person","@id":"https:\/\/super-news.info\/hu\/#\/schema\/person\/2d4068cb2f39cd10008c2fce578a7356","name":"super-news","image":{"@type":"ImageObject","inLanguage":"hu","@id":"https:\/\/secure.gravatar.com\/avatar\/64ebac40b93f26a154f8a9b5b6fdccfc46f442b26b3dd6756dbff3bf9dc76fd7?s=96&d=mm&r=g","url":"https:\/\/secure.gravatar.com\/avatar\/64ebac40b93f26a154f8a9b5b6fdccfc46f442b26b3dd6756dbff3bf9dc76fd7?s=96&d=mm&r=g","contentUrl":"https:\/\/secure.gravatar.com\/avatar\/64ebac40b93f26a154f8a9b5b6fdccfc46f442b26b3dd6756dbff3bf9dc76fd7?s=96&d=mm&r=g","caption":"super-news"},"url":"https:\/\/super-news.info\/hu\/author\/pt\/"}]}},"_links":{"self":[{"href":"https:\/\/super-news.info\/hu\/wp-json\/wp\/v2\/posts\/1396","targetHints":{"allow":["GET"]}}],"collection":[{"href":"https:\/\/super-news.info\/hu\/wp-json\/wp\/v2\/posts"}],"about":[{"href":"https:\/\/super-news.info\/hu\/wp-json\/wp\/v2\/types\/post"}],"author":[{"embeddable":true,"href":"https:\/\/super-news.info\/hu\/wp-json\/wp\/v2\/users\/2"}],"replies":[{"embeddable":true,"href":"https:\/\/super-news.info\/hu\/wp-json\/wp\/v2\/comments?post=1396"}],"version-history":[{"count":1,"href":"https:\/\/super-news.info\/hu\/wp-json\/wp\/v2\/posts\/1396\/revisions"}],"predecessor-version":[{"id":1398,"href":"https:\/\/super-news.info\/hu\/wp-json\/wp\/v2\/posts\/1396\/revisions\/1398"}],"wp:featuredmedia":[{"embeddable":true,"href":"https:\/\/super-news.info\/hu\/wp-json\/wp\/v2\/media\/1397"}],"wp:attachment":[{"href":"https:\/\/super-news.info\/hu\/wp-json\/wp\/v2\/media?parent=1396"}],"wp:term":[{"taxonomy":"category","embeddable":true,"href":"https:\/\/super-news.info\/hu\/wp-json\/wp\/v2\/categories?post=1396"},{"taxonomy":"post_tag","embeddable":true,"href":"https:\/\/super-news.info\/hu\/wp-json\/wp\/v2\/tags?post=1396"}],"curies":[{"name":"wp","href":"https:\/\/api.w.org\/{rel}","templated":true}]}}