{"id":1382,"date":"2019-05-05T19:57:04","date_gmt":"2019-05-05T16:57:04","guid":{"rendered":"https:\/\/super-news.info\/hu\/szerdan-mar-20-fok-is-lehet\/"},"modified":"2019-05-05T19:57:05","modified_gmt":"2019-05-05T16:57:05","slug":"szerdan-mar-20-fok-is-lehet","status":"publish","type":"post","link":"https:\/\/super-news.info\/hu\/szerdan-mar-20-fok-is-lehet\/","title":{"rendered":"Szerd\u00e1n m\u00e1r 20 fok is lehet"},"content":{"rendered":"<p> [ad_1]<br \/>\n<\/p>\n<p>\n\t\t\t\t\t\t\t\t\u00c1tmeneti leh\u0171l\u00e9s ut\u00e1n \u00fajra melegszik az id\u0151. Sok es\u0151, naps\u00fct\u00e9s, de k\u00f6d is v\u00e1rhat\u00f3 a j\u00f6v\u0151 h\u00e9ten \u2013 der\u00fcl ki az Orsz\u00e1gos Meteorol\u00f3giai Szolg\u00e1lat orsz\u00e1gos, k\u00f6z\u00e9pt\u00e1v\u00fa el\u0151rejelz\u00e9s\u00e9b\u0151l.\t\t\t\t\t\t\t<\/p>\n<div>\n<p><strong>H\u00e9tf\u0151<\/strong> d\u00e9lel\u0151tt m\u00e9g orsz\u00e1gszerte kell ism\u00e9tl\u0151d\u0151 es\u0151re, z\u00e1porra sz\u00e1m\u00edtani, majd d\u00e9lut\u00e1nt\u00f3l fokozatosan sz\u0171nik a csapad\u00e9k, az esti \u00f3r\u00e1kban m\u00e1r ink\u00e1bb csak a Duna-Tisza k\u00f6z\u00f6tti s\u00e1vban eshet. Kezdetben az Alpokalja, illetve a Bakony cs\u00facsain, k\u00e9s\u0151bb az \u00c9szaki-k\u00f6z\u00e9phegys\u00e9g magasabban fekv\u0151 r\u00e9szein havaz\u00e1s is el\u0151fordulhat. Sokfel\u00e9 lesz er\u0151s, a Dun\u00e1nt\u00fal nyugati r\u00e9sz\u00e9n, illetve a Zempl\u00e9n t\u00e9rs\u00e9g\u00e9ben viharos a sz\u00e9l, majd az esti \u00f3r\u00e1kra vesz\u00edt erej\u00e9b\u0151l a l\u00e9gmozg\u00e1s, de er\u0151s l\u00f6k\u00e9sek m\u00e9g ekkor is el\u0151fordulhatnak. A leghidegebb \u00f3r\u00e1kban 2-8 fok lesz. Napk\u00f6zben 6-12 fokig melegszik a leveg\u0151.<\/p>\n<p><strong>Kedden<\/strong> a t\u00f6bb-kevesebb naps\u00fct\u00e9s mellett napk\u00f6zben m\u00e1r nem v\u00e1rhat\u00f3 csapad\u00e9k. A sz\u00e9l meg\u00e9l\u00e9nk\u00fcl, f\u0151k\u00e9nt a Dun\u00e1nt\u00falon \u00e9s \u00e9szakkeleten meger\u0151s\u00f6dik. A legalacsonyabb h\u0151m\u00e9rs\u00e9klet 2-7 fok k\u00f6z\u00f6tt alakul, de a sz\u00e9lv\u00e9dett helyeken gyenge talaj menti fagy is lehet. A legmagasabb h\u0151m\u00e9rs\u00e9klet 11-16 fok k\u00f6z\u00f6tt alakul.<\/p>\n<p><strong>Szerd\u00e1n<\/strong> a k\u00f6dfoltok gyors feloszl\u00e1s\u00e1t k\u00f6vet\u0151en gomolyfelh\u0151s, napos id\u0151 v\u00e1rhat\u00f3. Napk\u00f6zben csapad\u00e9k nem lesz, de estefel\u00e9 a Nyugat-Dun\u00e1nt\u00falon m\u00e1r eleredhet az es\u0151. A l\u00e9gmozg\u00e1s meg\u00e9l\u00e9nk\u00fcl, d\u00e9lut\u00e1n, estefel\u00e9 a Kisalf\u00f6ld t\u00e9rs\u00e9g\u00e9ben meger\u0151s\u00f6dik, egy-egy viharos sz\u00e9ll\u00f6k\u00e9s is el\u0151fordulhat. A minimumh\u0151m\u00e9rs\u00e9klet \u00e1ltal\u00e1ban 0 \u00e9s plusz 6 fok k\u00f6z\u00f6tt alakul, de helyenk\u00e9nt gyeng\u00e9n fagyhat. A nappali maximumok 15 \u00e9s 20 fok k\u00f6z\u00f6tt alakulnak.<\/p>\n<div id=\"attachment_1447174\" style=\"width: 1010px\" class=\"wp-caption aligncenter\">\n<p class=\"wp-caption-text\">Fot\u00f3: Shutterstock<\/p>\n<\/div>\n<p><strong>Cs\u00fct\u00f6rt\u00f6k\u00f6n<\/strong> t\u00f6bb helyen v\u00e1rhat\u00f3 es\u0151, z\u00e1por. A sz\u00e9l meg\u00e9l\u00e9nk\u00fcl, helyenk\u00e9nt meger\u0151s\u00f6dik. A leghidegebb \u00f3r\u00e1kban 4-10, napk\u00f6zben 10-16 fok k\u00f6z\u00f6tt alakul a h\u0151m\u00e9rs\u00e9klet.<\/p>\n<p><strong>P\u00e9nteken \u00e9s szombaton<\/strong> t\u00f6bb \u00f3r\u00e1ra kis\u00fct a nap. P\u00e9nteken elsz\u00f3rtan \u2013 nagyobb es\u00e9llyel keleten, \u00e9szakkeleten \u2013 z\u00e1por, esetleg zivatar el\u0151fordulhat. Szombaton sz\u00f3rv\u00e1nyosan v\u00e1rhat\u00f3 es\u0151, z\u00e1por. P\u00e9nteken m\u00e9g helyenk\u00e9nt meger\u0151s\u00f6dik a sz\u00e9l, szombaton m\u00e9rs\u00e9kelt marad a l\u00e9gmozg\u00e1s. A minimumh\u0151m\u00e9rs\u00e9klet p\u00e9nteken 4-10, szombaton 5-11 fok k\u00f6z\u00f6tt val\u00f3sz\u00edn\u0171. A nappali maximumok p\u00e9nteken 15-21, szombaton 18-23 fok k\u00f6z\u00f6tt alakulnak.<\/p>\n<p><strong>Vas\u00e1rnap<\/strong> t\u00f6bb helyen v\u00e1rhat\u00f3 es\u0151, z\u00e1por. A sz\u00e9l meger\u0151s\u00f6dik, helyenk\u00e9nt vihaross\u00e1 fokoz\u00f3dik. A legalacsonyabb h\u0151m\u00e9rs\u00e9klet 6-12, a legmagasabb h\u0151m\u00e9rs\u00e9klet 12-20 fok k\u00f6z\u00f6tt alakul \u2013 olvashat\u00f3 az el\u0151rejelz\u00e9sben.<\/p>\n<\/p><\/div>\n<p><script>\n    window.fbAsyncInit = function() {\n        FB.init({\n            appId      : \"204760236815359\",\n            xfbml      : true,\n            version    : \"v2.12\"\n        });\n        FB.AppEvents.logPageView();\n    };<\/p>\n<p>    (function(d, s, id){\n        var js, fjs = d.getElementsByTagName(s)[0];\n        if (d.getElementById(id)) {return;}\n        js = d.createElement(s); js.id = id;\n        js.src = \"http:\/\/connect.facebook.net\/hu_HU\/sdk.js\";\n        fjs.parentNode.insertBefore(js, fjs);\n    }(document, \"script\", \"facebook-jssdk\"));\n<\/script><br \/>\n<br \/>[ad_2]<br \/>\n<br \/><a href=\"https:\/\/www.vg.hu\/kozelet\/kozeleti-hirek\/szerdan-mar-20-fok-is-lehet-1494100\/\">Source link <\/a><\/p>\n","protected":false},"excerpt":{"rendered":"<p>[ad_1] \u00c1tmeneti leh\u0171l\u00e9s ut\u00e1n \u00fajra melegszik az id\u0151. Sok es\u0151, naps\u00fct\u00e9s, de k\u00f6d is v\u00e1rhat\u00f3 a j\u00f6v\u0151 h\u00e9ten \u2013 der\u00fcl ki az Orsz\u00e1gos Meteorol\u00f3giai Szolg\u00e1lat orsz\u00e1gos, k\u00f6z\u00e9pt\u00e1v\u00fa el\u0151rejelz\u00e9s\u00e9b\u0151l. H\u00e9tf\u0151 d\u00e9lel\u0151tt m\u00e9g orsz\u00e1gszerte kell ism\u00e9tl\u0151d\u0151 es\u0151re, z\u00e1porra sz\u00e1m\u00edtani, majd d\u00e9lut\u00e1nt\u00f3l fokozatosan sz\u0171nik a csapad\u00e9k, az esti \u00f3r\u00e1kban m\u00e1r ink\u00e1bb csak a Duna-Tisza k\u00f6z\u00f6tti s\u00e1vban eshet. Kezdetben [&hellip;]<\/p>\n","protected":false},"author":2,"featured_media":1383,"comment_status":"open","ping_status":"open","sticky":false,"template":"","format":"standard","meta":{"footnotes":""},"categories":[1],"tags":[],"class_list":["post-1382","post","type-post","status-publish","format-standard","has-post-thumbnail","hentry","category-penzugyi-hirek"],"yoast_head":"<!-- This site is optimized with the Yoast SEO plugin v27.4 - https:\/\/yoast.com\/product\/yoast-seo-wordpress\/ -->\n<title>Szerd\u00e1n m\u00e1r 20 fok is lehet - Super News<\/title>\n<meta name=\"robots\" content=\"index, follow, max-snippet:-1, max-image-preview:large, max-video-preview:-1\" \/>\n<link rel=\"canonical\" href=\"https:\/\/super-news.info\/hu\/szerdan-mar-20-fok-is-lehet\/\" \/>\n<meta property=\"og:locale\" content=\"hu_HU\" \/>\n<meta property=\"og:type\" content=\"article\" \/>\n<meta property=\"og:title\" content=\"Szerd\u00e1n m\u00e1r 20 fok is lehet - Super News\" \/>\n<meta property=\"og:description\" content=\"[ad_1] \u00c1tmeneti leh\u0171l\u00e9s ut\u00e1n \u00fajra melegszik az id\u0151. Sok es\u0151, naps\u00fct\u00e9s, de k\u00f6d is v\u00e1rhat\u00f3 a j\u00f6v\u0151 h\u00e9ten \u2013 der\u00fcl ki az Orsz\u00e1gos Meteorol\u00f3giai Szolg\u00e1lat orsz\u00e1gos, k\u00f6z\u00e9pt\u00e1v\u00fa el\u0151rejelz\u00e9s\u00e9b\u0151l. H\u00e9tf\u0151 d\u00e9lel\u0151tt m\u00e9g orsz\u00e1gszerte kell ism\u00e9tl\u0151d\u0151 es\u0151re, z\u00e1porra sz\u00e1m\u00edtani, majd d\u00e9lut\u00e1nt\u00f3l fokozatosan sz\u0171nik a csapad\u00e9k, az esti \u00f3r\u00e1kban m\u00e1r ink\u00e1bb csak a Duna-Tisza k\u00f6z\u00f6tti s\u00e1vban eshet. Kezdetben [&hellip;]\" \/>\n<meta property=\"og:url\" content=\"https:\/\/super-news.info\/hu\/szerdan-mar-20-fok-is-lehet\/\" \/>\n<meta property=\"og:site_name\" content=\"Super News\" \/>\n<meta property=\"article:published_time\" content=\"2019-05-05T16:57:04+00:00\" \/>\n<meta property=\"article:modified_time\" content=\"2019-05-05T16:57:05+00:00\" \/>\n<meta property=\"og:image\" content=\"https:\/\/super-news.info\/hu\/wp-content\/uploads\/sites\/3\/2019\/05\/Szerd\u00e1n-m\u00e1r-20-fok-is-lehet.jpg\" \/>\n\t<meta property=\"og:image:width\" content=\"1000\" \/>\n\t<meta property=\"og:image:height\" content=\"667\" \/>\n\t<meta property=\"og:image:type\" content=\"image\/jpeg\" \/>\n<meta name=\"author\" content=\"super-news\" \/>\n<meta name=\"twitter:card\" content=\"summary_large_image\" \/>\n<meta name=\"twitter:label1\" content=\"Szerz\u0151:\" \/>\n\t<meta name=\"twitter:data1\" content=\"super-news\" \/>\n\t<meta name=\"twitter:label2\" content=\"Becs\u00fclt olvas\u00e1si id\u0151\" \/>\n\t<meta name=\"twitter:data2\" content=\"3 perc\" \/>\n<script type=\"application\/ld+json\" class=\"yoast-schema-graph\">{\"@context\":\"https:\\\/\\\/schema.org\",\"@graph\":[{\"@type\":\"Article\",\"@id\":\"https:\\\/\\\/super-news.info\\\/hu\\\/szerdan-mar-20-fok-is-lehet\\\/#article\",\"isPartOf\":{\"@id\":\"https:\\\/\\\/super-news.info\\\/hu\\\/szerdan-mar-20-fok-is-lehet\\\/\"},\"author\":{\"name\":\"super-news\",\"@id\":\"https:\\\/\\\/super-news.info\\\/hu\\\/#\\\/schema\\\/person\\\/2d4068cb2f39cd10008c2fce578a7356\"},\"headline\":\"Szerd\u00e1n m\u00e1r 20 fok is lehet\",\"datePublished\":\"2019-05-05T16:57:04+00:00\",\"dateModified\":\"2019-05-05T16:57:05+00:00\",\"mainEntityOfPage\":{\"@id\":\"https:\\\/\\\/super-news.info\\\/hu\\\/szerdan-mar-20-fok-is-lehet\\\/\"},\"wordCount\":539,\"commentCount\":0,\"image\":{\"@id\":\"https:\\\/\\\/super-news.info\\\/hu\\\/szerdan-mar-20-fok-is-lehet\\\/#primaryimage\"},\"thumbnailUrl\":\"https:\\\/\\\/super-news.info\\\/hu\\\/wp-content\\\/uploads\\\/sites\\\/3\\\/2019\\\/05\\\/Szerd\u00e1n-m\u00e1r-20-fok-is-lehet.jpg\",\"articleSection\":[\"P\u00c9NZ\u00dcGYI H\u00cdREK\"],\"inLanguage\":\"hu\",\"potentialAction\":[{\"@type\":\"CommentAction\",\"name\":\"Comment\",\"target\":[\"https:\\\/\\\/super-news.info\\\/hu\\\/szerdan-mar-20-fok-is-lehet\\\/#respond\"]}]},{\"@type\":\"WebPage\",\"@id\":\"https:\\\/\\\/super-news.info\\\/hu\\\/szerdan-mar-20-fok-is-lehet\\\/\",\"url\":\"https:\\\/\\\/super-news.info\\\/hu\\\/szerdan-mar-20-fok-is-lehet\\\/\",\"name\":\"Szerd\u00e1n m\u00e1r 20 fok is lehet - Super News\",\"isPartOf\":{\"@id\":\"https:\\\/\\\/super-news.info\\\/hu\\\/#website\"},\"primaryImageOfPage\":{\"@id\":\"https:\\\/\\\/super-news.info\\\/hu\\\/szerdan-mar-20-fok-is-lehet\\\/#primaryimage\"},\"image\":{\"@id\":\"https:\\\/\\\/super-news.info\\\/hu\\\/szerdan-mar-20-fok-is-lehet\\\/#primaryimage\"},\"thumbnailUrl\":\"https:\\\/\\\/super-news.info\\\/hu\\\/wp-content\\\/uploads\\\/sites\\\/3\\\/2019\\\/05\\\/Szerd\u00e1n-m\u00e1r-20-fok-is-lehet.jpg\",\"datePublished\":\"2019-05-05T16:57:04+00:00\",\"dateModified\":\"2019-05-05T16:57:05+00:00\",\"author\":{\"@id\":\"https:\\\/\\\/super-news.info\\\/hu\\\/#\\\/schema\\\/person\\\/2d4068cb2f39cd10008c2fce578a7356\"},\"breadcrumb\":{\"@id\":\"https:\\\/\\\/super-news.info\\\/hu\\\/szerdan-mar-20-fok-is-lehet\\\/#breadcrumb\"},\"inLanguage\":\"hu\",\"potentialAction\":[{\"@type\":\"ReadAction\",\"target\":[\"https:\\\/\\\/super-news.info\\\/hu\\\/szerdan-mar-20-fok-is-lehet\\\/\"]}]},{\"@type\":\"ImageObject\",\"inLanguage\":\"hu\",\"@id\":\"https:\\\/\\\/super-news.info\\\/hu\\\/szerdan-mar-20-fok-is-lehet\\\/#primaryimage\",\"url\":\"https:\\\/\\\/super-news.info\\\/hu\\\/wp-content\\\/uploads\\\/sites\\\/3\\\/2019\\\/05\\\/Szerd\u00e1n-m\u00e1r-20-fok-is-lehet.jpg\",\"contentUrl\":\"https:\\\/\\\/super-news.info\\\/hu\\\/wp-content\\\/uploads\\\/sites\\\/3\\\/2019\\\/05\\\/Szerd\u00e1n-m\u00e1r-20-fok-is-lehet.jpg\",\"width\":1000,\"height\":667,\"caption\":\"Szerd\u00e1n m\u00e1r 20 fok is lehet\"},{\"@type\":\"BreadcrumbList\",\"@id\":\"https:\\\/\\\/super-news.info\\\/hu\\\/szerdan-mar-20-fok-is-lehet\\\/#breadcrumb\",\"itemListElement\":[{\"@type\":\"ListItem\",\"position\":1,\"name\":\"\u0413\u043b\u0430\u0432\u043d\u0430\u044f \u0441\u0442\u0440\u0430\u043d\u0438\u0446\u0430\",\"item\":\"https:\\\/\\\/super-news.info\\\/hu\\\/\"},{\"@type\":\"ListItem\",\"position\":2,\"name\":\"Szerd\u00e1n m\u00e1r 20 fok is lehet\"}]},{\"@type\":\"WebSite\",\"@id\":\"https:\\\/\\\/super-news.info\\\/hu\\\/#website\",\"url\":\"https:\\\/\\\/super-news.info\\\/hu\\\/\",\"name\":\"Super News\",\"description\":\"Super News Magyarorsz\u00e1g\",\"potentialAction\":[{\"@type\":\"SearchAction\",\"target\":{\"@type\":\"EntryPoint\",\"urlTemplate\":\"https:\\\/\\\/super-news.info\\\/hu\\\/?s={search_term_string}\"},\"query-input\":{\"@type\":\"PropertyValueSpecification\",\"valueRequired\":true,\"valueName\":\"search_term_string\"}}],\"inLanguage\":\"hu\"},{\"@type\":\"Person\",\"@id\":\"https:\\\/\\\/super-news.info\\\/hu\\\/#\\\/schema\\\/person\\\/2d4068cb2f39cd10008c2fce578a7356\",\"name\":\"super-news\",\"image\":{\"@type\":\"ImageObject\",\"inLanguage\":\"hu\",\"@id\":\"https:\\\/\\\/secure.gravatar.com\\\/avatar\\\/64ebac40b93f26a154f8a9b5b6fdccfc46f442b26b3dd6756dbff3bf9dc76fd7?s=96&d=mm&r=g\",\"url\":\"https:\\\/\\\/secure.gravatar.com\\\/avatar\\\/64ebac40b93f26a154f8a9b5b6fdccfc46f442b26b3dd6756dbff3bf9dc76fd7?s=96&d=mm&r=g\",\"contentUrl\":\"https:\\\/\\\/secure.gravatar.com\\\/avatar\\\/64ebac40b93f26a154f8a9b5b6fdccfc46f442b26b3dd6756dbff3bf9dc76fd7?s=96&d=mm&r=g\",\"caption\":\"super-news\"},\"url\":\"https:\\\/\\\/super-news.info\\\/hu\\\/author\\\/pt\\\/\"}]}<\/script>\n<!-- \/ Yoast SEO plugin. -->","yoast_head_json":{"title":"Szerd\u00e1n m\u00e1r 20 fok is lehet - Super News","robots":{"index":"index","follow":"follow","max-snippet":"max-snippet:-1","max-image-preview":"max-image-preview:large","max-video-preview":"max-video-preview:-1"},"canonical":"https:\/\/super-news.info\/hu\/szerdan-mar-20-fok-is-lehet\/","og_locale":"hu_HU","og_type":"article","og_title":"Szerd\u00e1n m\u00e1r 20 fok is lehet - Super News","og_description":"[ad_1] \u00c1tmeneti leh\u0171l\u00e9s ut\u00e1n \u00fajra melegszik az id\u0151. Sok es\u0151, naps\u00fct\u00e9s, de k\u00f6d is v\u00e1rhat\u00f3 a j\u00f6v\u0151 h\u00e9ten \u2013 der\u00fcl ki az Orsz\u00e1gos Meteorol\u00f3giai Szolg\u00e1lat orsz\u00e1gos, k\u00f6z\u00e9pt\u00e1v\u00fa el\u0151rejelz\u00e9s\u00e9b\u0151l. H\u00e9tf\u0151 d\u00e9lel\u0151tt m\u00e9g orsz\u00e1gszerte kell ism\u00e9tl\u0151d\u0151 es\u0151re, z\u00e1porra sz\u00e1m\u00edtani, majd d\u00e9lut\u00e1nt\u00f3l fokozatosan sz\u0171nik a csapad\u00e9k, az esti \u00f3r\u00e1kban m\u00e1r ink\u00e1bb csak a Duna-Tisza k\u00f6z\u00f6tti s\u00e1vban eshet. Kezdetben [&hellip;]","og_url":"https:\/\/super-news.info\/hu\/szerdan-mar-20-fok-is-lehet\/","og_site_name":"Super News","article_published_time":"2019-05-05T16:57:04+00:00","article_modified_time":"2019-05-05T16:57:05+00:00","og_image":[{"width":1000,"height":667,"url":"https:\/\/super-news.info\/hu\/wp-content\/uploads\/sites\/3\/2019\/05\/Szerd\u00e1n-m\u00e1r-20-fok-is-lehet.jpg","type":"image\/jpeg"}],"author":"super-news","twitter_card":"summary_large_image","twitter_misc":{"Szerz\u0151:":"super-news","Becs\u00fclt olvas\u00e1si id\u0151":"3 perc"},"schema":{"@context":"https:\/\/schema.org","@graph":[{"@type":"Article","@id":"https:\/\/super-news.info\/hu\/szerdan-mar-20-fok-is-lehet\/#article","isPartOf":{"@id":"https:\/\/super-news.info\/hu\/szerdan-mar-20-fok-is-lehet\/"},"author":{"name":"super-news","@id":"https:\/\/super-news.info\/hu\/#\/schema\/person\/2d4068cb2f39cd10008c2fce578a7356"},"headline":"Szerd\u00e1n m\u00e1r 20 fok is lehet","datePublished":"2019-05-05T16:57:04+00:00","dateModified":"2019-05-05T16:57:05+00:00","mainEntityOfPage":{"@id":"https:\/\/super-news.info\/hu\/szerdan-mar-20-fok-is-lehet\/"},"wordCount":539,"commentCount":0,"image":{"@id":"https:\/\/super-news.info\/hu\/szerdan-mar-20-fok-is-lehet\/#primaryimage"},"thumbnailUrl":"https:\/\/super-news.info\/hu\/wp-content\/uploads\/sites\/3\/2019\/05\/Szerd\u00e1n-m\u00e1r-20-fok-is-lehet.jpg","articleSection":["P\u00c9NZ\u00dcGYI H\u00cdREK"],"inLanguage":"hu","potentialAction":[{"@type":"CommentAction","name":"Comment","target":["https:\/\/super-news.info\/hu\/szerdan-mar-20-fok-is-lehet\/#respond"]}]},{"@type":"WebPage","@id":"https:\/\/super-news.info\/hu\/szerdan-mar-20-fok-is-lehet\/","url":"https:\/\/super-news.info\/hu\/szerdan-mar-20-fok-is-lehet\/","name":"Szerd\u00e1n m\u00e1r 20 fok is lehet - Super News","isPartOf":{"@id":"https:\/\/super-news.info\/hu\/#website"},"primaryImageOfPage":{"@id":"https:\/\/super-news.info\/hu\/szerdan-mar-20-fok-is-lehet\/#primaryimage"},"image":{"@id":"https:\/\/super-news.info\/hu\/szerdan-mar-20-fok-is-lehet\/#primaryimage"},"thumbnailUrl":"https:\/\/super-news.info\/hu\/wp-content\/uploads\/sites\/3\/2019\/05\/Szerd\u00e1n-m\u00e1r-20-fok-is-lehet.jpg","datePublished":"2019-05-05T16:57:04+00:00","dateModified":"2019-05-05T16:57:05+00:00","author":{"@id":"https:\/\/super-news.info\/hu\/#\/schema\/person\/2d4068cb2f39cd10008c2fce578a7356"},"breadcrumb":{"@id":"https:\/\/super-news.info\/hu\/szerdan-mar-20-fok-is-lehet\/#breadcrumb"},"inLanguage":"hu","potentialAction":[{"@type":"ReadAction","target":["https:\/\/super-news.info\/hu\/szerdan-mar-20-fok-is-lehet\/"]}]},{"@type":"ImageObject","inLanguage":"hu","@id":"https:\/\/super-news.info\/hu\/szerdan-mar-20-fok-is-lehet\/#primaryimage","url":"https:\/\/super-news.info\/hu\/wp-content\/uploads\/sites\/3\/2019\/05\/Szerd\u00e1n-m\u00e1r-20-fok-is-lehet.jpg","contentUrl":"https:\/\/super-news.info\/hu\/wp-content\/uploads\/sites\/3\/2019\/05\/Szerd\u00e1n-m\u00e1r-20-fok-is-lehet.jpg","width":1000,"height":667,"caption":"Szerd\u00e1n m\u00e1r 20 fok is lehet"},{"@type":"BreadcrumbList","@id":"https:\/\/super-news.info\/hu\/szerdan-mar-20-fok-is-lehet\/#breadcrumb","itemListElement":[{"@type":"ListItem","position":1,"name":"\u0413\u043b\u0430\u0432\u043d\u0430\u044f \u0441\u0442\u0440\u0430\u043d\u0438\u0446\u0430","item":"https:\/\/super-news.info\/hu\/"},{"@type":"ListItem","position":2,"name":"Szerd\u00e1n m\u00e1r 20 fok is lehet"}]},{"@type":"WebSite","@id":"https:\/\/super-news.info\/hu\/#website","url":"https:\/\/super-news.info\/hu\/","name":"Super News","description":"Super News Magyarorsz\u00e1g","potentialAction":[{"@type":"SearchAction","target":{"@type":"EntryPoint","urlTemplate":"https:\/\/super-news.info\/hu\/?s={search_term_string}"},"query-input":{"@type":"PropertyValueSpecification","valueRequired":true,"valueName":"search_term_string"}}],"inLanguage":"hu"},{"@type":"Person","@id":"https:\/\/super-news.info\/hu\/#\/schema\/person\/2d4068cb2f39cd10008c2fce578a7356","name":"super-news","image":{"@type":"ImageObject","inLanguage":"hu","@id":"https:\/\/secure.gravatar.com\/avatar\/64ebac40b93f26a154f8a9b5b6fdccfc46f442b26b3dd6756dbff3bf9dc76fd7?s=96&d=mm&r=g","url":"https:\/\/secure.gravatar.com\/avatar\/64ebac40b93f26a154f8a9b5b6fdccfc46f442b26b3dd6756dbff3bf9dc76fd7?s=96&d=mm&r=g","contentUrl":"https:\/\/secure.gravatar.com\/avatar\/64ebac40b93f26a154f8a9b5b6fdccfc46f442b26b3dd6756dbff3bf9dc76fd7?s=96&d=mm&r=g","caption":"super-news"},"url":"https:\/\/super-news.info\/hu\/author\/pt\/"}]}},"_links":{"self":[{"href":"https:\/\/super-news.info\/hu\/wp-json\/wp\/v2\/posts\/1382","targetHints":{"allow":["GET"]}}],"collection":[{"href":"https:\/\/super-news.info\/hu\/wp-json\/wp\/v2\/posts"}],"about":[{"href":"https:\/\/super-news.info\/hu\/wp-json\/wp\/v2\/types\/post"}],"author":[{"embeddable":true,"href":"https:\/\/super-news.info\/hu\/wp-json\/wp\/v2\/users\/2"}],"replies":[{"embeddable":true,"href":"https:\/\/super-news.info\/hu\/wp-json\/wp\/v2\/comments?post=1382"}],"version-history":[{"count":1,"href":"https:\/\/super-news.info\/hu\/wp-json\/wp\/v2\/posts\/1382\/revisions"}],"predecessor-version":[{"id":1384,"href":"https:\/\/super-news.info\/hu\/wp-json\/wp\/v2\/posts\/1382\/revisions\/1384"}],"wp:featuredmedia":[{"embeddable":true,"href":"https:\/\/super-news.info\/hu\/wp-json\/wp\/v2\/media\/1383"}],"wp:attachment":[{"href":"https:\/\/super-news.info\/hu\/wp-json\/wp\/v2\/media?parent=1382"}],"wp:term":[{"taxonomy":"category","embeddable":true,"href":"https:\/\/super-news.info\/hu\/wp-json\/wp\/v2\/categories?post=1382"},{"taxonomy":"post_tag","embeddable":true,"href":"https:\/\/super-news.info\/hu\/wp-json\/wp\/v2\/tags?post=1382"}],"curies":[{"name":"wp","href":"https:\/\/api.w.org\/{rel}","templated":true}]}}