{"id":1376,"date":"2019-05-05T18:43:04","date_gmt":"2019-05-05T15:43:04","guid":{"rendered":"https:\/\/super-news.info\/hu\/kotelezove-tennek-a-kanyarooltast-nemetorszagban\/"},"modified":"2019-05-05T18:43:05","modified_gmt":"2019-05-05T15:43:05","slug":"kotelezove-tennek-a-kanyarooltast-nemetorszagban","status":"publish","type":"post","link":"https:\/\/super-news.info\/hu\/kotelezove-tennek-a-kanyarooltast-nemetorszagban\/","title":{"rendered":"K\u00f6telez\u0151v\u00e9 tenn\u00e9k a kanyar\u00f3olt\u00e1st N\u00e9metorsz\u00e1gban"},"content":{"rendered":"<p> [ad_1]<br \/>\n<\/p>\n<p>\n\t\t\t\t\t\t\t\tK\u00f6telez\u0151v\u00e9 tehetik a kanyar\u00f3 elleni olt\u00e1st a kisgyermekek sz\u00e1m\u00e1ra N\u00e9metorsz\u00e1gban, a sz\u00f6vets\u00e9gi eg\u00e9szs\u00e9g\u00fcgyi miniszt\u00e9rium javaslata szerint ak\u00e1r ki is tilthatj\u00e1k \u0151ket az \u00f3vod\u00e1kb\u00f3l, ha sz\u00fcleik nem gondoskodnak a v\u00e9d\u0151olt\u00e1sr\u00f3l.\t\t\t\t\t\t\t<\/p>\n<div>\n<p>A t\u00e1rca vezet\u0151je, Jens Spahn a Bild am Sonntag c\u00edm\u0171 vas\u00e1rnapi lapnak elmondta: a korm\u00e1ny c\u00e9lja, hogy az \u00f3vod\u00e1ba ker\u00fcl\u0151 gyerekek mind v\u00e9dettek legyenek a kanyar\u00f3val szemben. Ez\u00e9rt a tervezett \u00faj szab\u00e1lyok szerint a felv\u00e9tel egyik felt\u00e9tele a kanyar\u00f3olt\u00e1s bead\u00e1s\u00e1r\u00f3l sz\u00f3l\u00f3 igazol\u00e1s lesz. A v\u00e9d\u0151olt\u00e1ssal nem rendelkez\u0151 gyermekeket valamennyi \u00f3vod\u00e1b\u00f3l ki kell z\u00e1rni.<\/p>\n<p>Az iskolarendszerben a tank\u00f6telezetts\u00e9g miatt nem lehet a kitilt\u00e1s eszk\u00f6z\u00e9t alkalmazni, az olt\u00e1si k\u00f6telezetts\u00e9gnek ellenszeg\u00fcl\u0151 sz\u00fcl\u0151k gyermekeit is be kell iskol\u00e1zni. A miniszt\u00e9rium vel\u00fck szemben a p\u00e9nzb\u00fcntet\u00e9s eszk\u00f6z\u00e9t javasolja, a tervezet szerint ak\u00e1r 2500 eur\u00f3ba (810 ezer forint) is ker\u00fclhet a v\u00e9d\u0151olt\u00e1s beadat\u00e1s\u00e1nak elmulaszt\u00e1sa.<\/p>\n<p>A k\u00f6telezetts\u00e9g al\u00f3l csak eg\u00e9szs\u00e9gi okok miatt, orvosi szakv\u00e9lem\u00e9ny alapj\u00e1n lehet felment\u00e9st szerezni a t\u00f6rv\u00e9nyjavaslat szerint.<\/p>\n<div id=\"attachment_1478353\" style=\"width: 1410px\" class=\"wp-caption aligncenter\">\n<p class=\"wp-caption-text\">Fot\u00f3: AFP<\/p>\n<\/div>\n<p>N\u00e9metorsz\u00e1gban nincsen \u00e1ltal\u00e1nos, sz\u00f6vets\u00e9gi szint\u0171 olt\u00e1si k\u00f6telezetts\u00e9g, mindenki \u00f6n\u00e1ll\u00f3an d\u00f6nthet arr\u00f3l, hogy milyen betegs\u00e9g ellen oltatja be mag\u00e1t vagy kiskor\u00fa gyermek\u00e9t. Az egyetlen kiv\u00e9tel Brandenburg tartom\u00e1ny, ahol alig egy h\u00f3napja, \u00e1prilis k\u00f6zep\u00e9n d\u00f6nt\u00f6tt a helyi t\u00f6rv\u00e9nyhoz\u00e1s (Landtag) a kanyar\u00f3 elleni v\u00e9d\u0151olt\u00e1s k\u00f6telez\u0151v\u00e9 t\u00e9tel\u00e9r\u0151l.<\/p>\n<p>A Robert Koch orsz\u00e1gos j\u00e1rv\u00e1ny\u00fcgyi int\u00e9zet (RKI) legut\u00f3bbi, 2017-es adatai szerint 93 sz\u00e1zal\u00e9kos az els\u0151 oszt\u00e1lyos \u00e1ltal\u00e1nos iskol\u00e1s gyermekek k\u00f6r\u00e9ben mindazok ar\u00e1nya, akik megkapt\u00e1k a kanyar\u00f3 elleni olt\u00e1s mindk\u00e9t adagj\u00e1t, vagyis teljesen v\u00e9dettek a betegs\u00e9ggel szemben. Ez nem megfelel\u0151 ar\u00e1ny, \u201ea kanyar\u00f3t ki kell irtani\u201d, amihez legkevesebb 95 sz\u00e1zal\u00e9kos \u00fagynevezett \u00e1toltotts\u00e1gi ar\u00e1ny sz\u00fcks\u00e9ges \u2013 mondta Jens Spahn a Bild am Sonntagnak.<\/p>\n<p>A miniszt\u00e9rium javaslata ir\u00e1nyv\u00e1lt\u00e1st jelez az olt\u00e1si k\u00f6telezetts\u00e9gr\u0151l N\u00e9metorsz\u00e1gban \u00e9vtizedek \u00f3ta folytatott k\u00f6z\u00e9leti vit\u00e1ban.<\/p>\n<p>A korm\u00e1ny eddig a k\u00f6telezetts\u00e9g bevezet\u00e9se helyett a t\u00e1rsadalmi \u00f6sszefog\u00e1s \u00f6szt\u00f6nz\u00e9s\u00e9ben, az eg\u00e9szs\u00e9g\u00fcgyi hat\u00f3s\u00e1gok, az orvosok, iskol\u00e1k, \u00f3vod\u00e1k \u00e9s a csal\u00e1dok k\u00f6z\u00f6s er\u0151fesz\u00edt\u00e9seiben l\u00e1tta a megold\u00e1st.<\/p>\n<h3>Megugrott a kanyar\u00f3sok sz\u00e1ma<\/h3>\n<p>A kanyar\u00f3 er\u0151sen fert\u0151z\u0151 betegs\u00e9g, vaks\u00e1got, s\u00fckets\u00e9get \u00e9s agyk\u00e1rosod\u00e1st okozhat, hal\u00e1los is lehet. A vil\u00e1g sz\u00e1mos t\u00e9rs\u00e9g\u00e9ben, k\u00f6zt\u00fck Eur\u00f3p\u00e1ban is terjed. A fert\u0151z\u00f6ttek sz\u00e1ma 2018-ban megh\u00e1romszoroz\u00f3dott, az egy \u00e9vvel kor\u00e1bbi 25 863-r\u00f3l 82 596-ra emelkedett, a kanyar\u00f3ban meghaltak sz\u00e1ma pedig 35-r\u0151l 72-re emelkedett az Eg\u00e9szs\u00e9g\u00fcgyi Vil\u00e1gszervezet (WHO) eur\u00f3pai statisztikai r\u00e9gi\u00f3j\u00e1ban, amelybe 53 orsz\u00e1g tartozik, az Eur\u00f3pai Uni\u00f3 (EU) tag\u00e1llami mellett a Balk\u00e1n EU-n k\u00edv\u00fcli orsz\u00e1gai, Ukrajna, Feh\u00e9roroszorsz\u00e1g, Oroszorsz\u00e1g, a kauk\u00e1zusi t\u00e9rs\u00e9g t\u00f6bb orsz\u00e1ga, valamint T\u00f6r\u00f6korsz\u00e1g \u00e9s Izrael. A WHO szerint a betegs\u00e9g terjed\u00e9s\u00e9nek egyik oka a nem megfelel\u0151 \u00e1toltotts\u00e1gi ar\u00e1ny.<\/p>\n<\/p><\/div>\n<p><script>\n    window.fbAsyncInit = function() {\n        FB.init({\n            appId      : \"204760236815359\",\n            xfbml      : true,\n            version    : \"v2.12\"\n        });\n        FB.AppEvents.logPageView();\n    };<\/p>\n<p>    (function(d, s, id){\n        var js, fjs = d.getElementsByTagName(s)[0];\n        if (d.getElementById(id)) {return;}\n        js = d.createElement(s); js.id = id;\n        js.src = \"http:\/\/connect.facebook.net\/hu_HU\/sdk.js\";\n        fjs.parentNode.insertBefore(js, fjs);\n    }(document, \"script\", \"facebook-jssdk\"));\n<\/script><br \/>\n<br \/>[ad_2]<br \/>\n<br \/><a href=\"https:\/\/www.vg.hu\/kozelet\/egeszsegugy-kozelet\/kotelezove-tennek-a-kanyarooltast-nemetorszagban-1493527\/\">Source link <\/a><\/p>\n","protected":false},"excerpt":{"rendered":"<p>[ad_1] K\u00f6telez\u0151v\u00e9 tehetik a kanyar\u00f3 elleni olt\u00e1st a kisgyermekek sz\u00e1m\u00e1ra N\u00e9metorsz\u00e1gban, a sz\u00f6vets\u00e9gi eg\u00e9szs\u00e9g\u00fcgyi miniszt\u00e9rium javaslata szerint ak\u00e1r ki is tilthatj\u00e1k \u0151ket az \u00f3vod\u00e1kb\u00f3l, ha sz\u00fcleik nem gondoskodnak a v\u00e9d\u0151olt\u00e1sr\u00f3l. A t\u00e1rca vezet\u0151je, Jens Spahn a Bild am Sonntag c\u00edm\u0171 vas\u00e1rnapi lapnak elmondta: a korm\u00e1ny c\u00e9lja, hogy az \u00f3vod\u00e1ba ker\u00fcl\u0151 gyerekek mind v\u00e9dettek legyenek a [&hellip;]<\/p>\n","protected":false},"author":2,"featured_media":1377,"comment_status":"open","ping_status":"open","sticky":false,"template":"","format":"standard","meta":{"footnotes":""},"categories":[1],"tags":[],"class_list":["post-1376","post","type-post","status-publish","format-standard","has-post-thumbnail","hentry","category-penzugyi-hirek"],"yoast_head":"<!-- This site is optimized with the Yoast SEO plugin v27.4 - https:\/\/yoast.com\/product\/yoast-seo-wordpress\/ -->\n<title>K\u00f6telez\u0151v\u00e9 tenn\u00e9k a kanyar\u00f3olt\u00e1st N\u00e9metorsz\u00e1gban - Super News<\/title>\n<meta name=\"robots\" content=\"index, follow, max-snippet:-1, max-image-preview:large, max-video-preview:-1\" \/>\n<link rel=\"canonical\" href=\"https:\/\/super-news.info\/hu\/kotelezove-tennek-a-kanyarooltast-nemetorszagban\/\" \/>\n<meta property=\"og:locale\" content=\"hu_HU\" \/>\n<meta property=\"og:type\" content=\"article\" \/>\n<meta property=\"og:title\" content=\"K\u00f6telez\u0151v\u00e9 tenn\u00e9k a kanyar\u00f3olt\u00e1st N\u00e9metorsz\u00e1gban - Super News\" \/>\n<meta property=\"og:description\" content=\"[ad_1] K\u00f6telez\u0151v\u00e9 tehetik a kanyar\u00f3 elleni olt\u00e1st a kisgyermekek sz\u00e1m\u00e1ra N\u00e9metorsz\u00e1gban, a sz\u00f6vets\u00e9gi eg\u00e9szs\u00e9g\u00fcgyi miniszt\u00e9rium javaslata szerint ak\u00e1r ki is tilthatj\u00e1k \u0151ket az \u00f3vod\u00e1kb\u00f3l, ha sz\u00fcleik nem gondoskodnak a v\u00e9d\u0151olt\u00e1sr\u00f3l. A t\u00e1rca vezet\u0151je, Jens Spahn a Bild am Sonntag c\u00edm\u0171 vas\u00e1rnapi lapnak elmondta: a korm\u00e1ny c\u00e9lja, hogy az \u00f3vod\u00e1ba ker\u00fcl\u0151 gyerekek mind v\u00e9dettek legyenek a [&hellip;]\" \/>\n<meta property=\"og:url\" content=\"https:\/\/super-news.info\/hu\/kotelezove-tennek-a-kanyarooltast-nemetorszagban\/\" \/>\n<meta property=\"og:site_name\" content=\"Super News\" \/>\n<meta property=\"article:published_time\" content=\"2019-05-05T15:43:04+00:00\" \/>\n<meta property=\"article:modified_time\" content=\"2019-05-05T15:43:05+00:00\" \/>\n<meta property=\"og:image\" content=\"https:\/\/super-news.info\/hu\/wp-content\/uploads\/sites\/3\/2019\/05\/K\u00f6telez\u0151v\u00e9-tenn\u00e9k-a-kanyar\u00f3olt\u00e1st-N\u00e9metorsz\u00e1gban.jpg\" \/>\n\t<meta property=\"og:image:width\" content=\"1400\" \/>\n\t<meta property=\"og:image:height\" content=\"954\" \/>\n\t<meta property=\"og:image:type\" content=\"image\/jpeg\" \/>\n<meta name=\"author\" content=\"super-news\" \/>\n<meta name=\"twitter:card\" content=\"summary_large_image\" \/>\n<meta name=\"twitter:label1\" content=\"Szerz\u0151:\" \/>\n\t<meta name=\"twitter:data1\" content=\"super-news\" \/>\n\t<meta name=\"twitter:label2\" content=\"Becs\u00fclt olvas\u00e1si id\u0151\" \/>\n\t<meta name=\"twitter:data2\" content=\"3 perc\" \/>\n<script type=\"application\/ld+json\" class=\"yoast-schema-graph\">{\"@context\":\"https:\\\/\\\/schema.org\",\"@graph\":[{\"@type\":\"Article\",\"@id\":\"https:\\\/\\\/super-news.info\\\/hu\\\/kotelezove-tennek-a-kanyarooltast-nemetorszagban\\\/#article\",\"isPartOf\":{\"@id\":\"https:\\\/\\\/super-news.info\\\/hu\\\/kotelezove-tennek-a-kanyarooltast-nemetorszagban\\\/\"},\"author\":{\"name\":\"super-news\",\"@id\":\"https:\\\/\\\/super-news.info\\\/hu\\\/#\\\/schema\\\/person\\\/2d4068cb2f39cd10008c2fce578a7356\"},\"headline\":\"K\u00f6telez\u0151v\u00e9 tenn\u00e9k a kanyar\u00f3olt\u00e1st N\u00e9metorsz\u00e1gban\",\"datePublished\":\"2019-05-05T15:43:04+00:00\",\"dateModified\":\"2019-05-05T15:43:05+00:00\",\"mainEntityOfPage\":{\"@id\":\"https:\\\/\\\/super-news.info\\\/hu\\\/kotelezove-tennek-a-kanyarooltast-nemetorszagban\\\/\"},\"wordCount\":637,\"commentCount\":0,\"image\":{\"@id\":\"https:\\\/\\\/super-news.info\\\/hu\\\/kotelezove-tennek-a-kanyarooltast-nemetorszagban\\\/#primaryimage\"},\"thumbnailUrl\":\"https:\\\/\\\/super-news.info\\\/hu\\\/wp-content\\\/uploads\\\/sites\\\/3\\\/2019\\\/05\\\/K\u00f6telez\u0151v\u00e9-tenn\u00e9k-a-kanyar\u00f3olt\u00e1st-N\u00e9metorsz\u00e1gban.jpg\",\"articleSection\":[\"P\u00c9NZ\u00dcGYI H\u00cdREK\"],\"inLanguage\":\"hu\",\"potentialAction\":[{\"@type\":\"CommentAction\",\"name\":\"Comment\",\"target\":[\"https:\\\/\\\/super-news.info\\\/hu\\\/kotelezove-tennek-a-kanyarooltast-nemetorszagban\\\/#respond\"]}]},{\"@type\":\"WebPage\",\"@id\":\"https:\\\/\\\/super-news.info\\\/hu\\\/kotelezove-tennek-a-kanyarooltast-nemetorszagban\\\/\",\"url\":\"https:\\\/\\\/super-news.info\\\/hu\\\/kotelezove-tennek-a-kanyarooltast-nemetorszagban\\\/\",\"name\":\"K\u00f6telez\u0151v\u00e9 tenn\u00e9k a kanyar\u00f3olt\u00e1st N\u00e9metorsz\u00e1gban - Super News\",\"isPartOf\":{\"@id\":\"https:\\\/\\\/super-news.info\\\/hu\\\/#website\"},\"primaryImageOfPage\":{\"@id\":\"https:\\\/\\\/super-news.info\\\/hu\\\/kotelezove-tennek-a-kanyarooltast-nemetorszagban\\\/#primaryimage\"},\"image\":{\"@id\":\"https:\\\/\\\/super-news.info\\\/hu\\\/kotelezove-tennek-a-kanyarooltast-nemetorszagban\\\/#primaryimage\"},\"thumbnailUrl\":\"https:\\\/\\\/super-news.info\\\/hu\\\/wp-content\\\/uploads\\\/sites\\\/3\\\/2019\\\/05\\\/K\u00f6telez\u0151v\u00e9-tenn\u00e9k-a-kanyar\u00f3olt\u00e1st-N\u00e9metorsz\u00e1gban.jpg\",\"datePublished\":\"2019-05-05T15:43:04+00:00\",\"dateModified\":\"2019-05-05T15:43:05+00:00\",\"author\":{\"@id\":\"https:\\\/\\\/super-news.info\\\/hu\\\/#\\\/schema\\\/person\\\/2d4068cb2f39cd10008c2fce578a7356\"},\"breadcrumb\":{\"@id\":\"https:\\\/\\\/super-news.info\\\/hu\\\/kotelezove-tennek-a-kanyarooltast-nemetorszagban\\\/#breadcrumb\"},\"inLanguage\":\"hu\",\"potentialAction\":[{\"@type\":\"ReadAction\",\"target\":[\"https:\\\/\\\/super-news.info\\\/hu\\\/kotelezove-tennek-a-kanyarooltast-nemetorszagban\\\/\"]}]},{\"@type\":\"ImageObject\",\"inLanguage\":\"hu\",\"@id\":\"https:\\\/\\\/super-news.info\\\/hu\\\/kotelezove-tennek-a-kanyarooltast-nemetorszagban\\\/#primaryimage\",\"url\":\"https:\\\/\\\/super-news.info\\\/hu\\\/wp-content\\\/uploads\\\/sites\\\/3\\\/2019\\\/05\\\/K\u00f6telez\u0151v\u00e9-tenn\u00e9k-a-kanyar\u00f3olt\u00e1st-N\u00e9metorsz\u00e1gban.jpg\",\"contentUrl\":\"https:\\\/\\\/super-news.info\\\/hu\\\/wp-content\\\/uploads\\\/sites\\\/3\\\/2019\\\/05\\\/K\u00f6telez\u0151v\u00e9-tenn\u00e9k-a-kanyar\u00f3olt\u00e1st-N\u00e9metorsz\u00e1gban.jpg\",\"width\":1400,\"height\":954,\"caption\":\"K\u00f6telez\u0151v\u00e9 tenn\u00e9k a kanyar\u00f3olt\u00e1st N\u00e9metorsz\u00e1gban\"},{\"@type\":\"BreadcrumbList\",\"@id\":\"https:\\\/\\\/super-news.info\\\/hu\\\/kotelezove-tennek-a-kanyarooltast-nemetorszagban\\\/#breadcrumb\",\"itemListElement\":[{\"@type\":\"ListItem\",\"position\":1,\"name\":\"\u0413\u043b\u0430\u0432\u043d\u0430\u044f \u0441\u0442\u0440\u0430\u043d\u0438\u0446\u0430\",\"item\":\"https:\\\/\\\/super-news.info\\\/hu\\\/\"},{\"@type\":\"ListItem\",\"position\":2,\"name\":\"K\u00f6telez\u0151v\u00e9 tenn\u00e9k a kanyar\u00f3olt\u00e1st N\u00e9metorsz\u00e1gban\"}]},{\"@type\":\"WebSite\",\"@id\":\"https:\\\/\\\/super-news.info\\\/hu\\\/#website\",\"url\":\"https:\\\/\\\/super-news.info\\\/hu\\\/\",\"name\":\"Super News\",\"description\":\"Super News Magyarorsz\u00e1g\",\"potentialAction\":[{\"@type\":\"SearchAction\",\"target\":{\"@type\":\"EntryPoint\",\"urlTemplate\":\"https:\\\/\\\/super-news.info\\\/hu\\\/?s={search_term_string}\"},\"query-input\":{\"@type\":\"PropertyValueSpecification\",\"valueRequired\":true,\"valueName\":\"search_term_string\"}}],\"inLanguage\":\"hu\"},{\"@type\":\"Person\",\"@id\":\"https:\\\/\\\/super-news.info\\\/hu\\\/#\\\/schema\\\/person\\\/2d4068cb2f39cd10008c2fce578a7356\",\"name\":\"super-news\",\"image\":{\"@type\":\"ImageObject\",\"inLanguage\":\"hu\",\"@id\":\"https:\\\/\\\/secure.gravatar.com\\\/avatar\\\/64ebac40b93f26a154f8a9b5b6fdccfc46f442b26b3dd6756dbff3bf9dc76fd7?s=96&d=mm&r=g\",\"url\":\"https:\\\/\\\/secure.gravatar.com\\\/avatar\\\/64ebac40b93f26a154f8a9b5b6fdccfc46f442b26b3dd6756dbff3bf9dc76fd7?s=96&d=mm&r=g\",\"contentUrl\":\"https:\\\/\\\/secure.gravatar.com\\\/avatar\\\/64ebac40b93f26a154f8a9b5b6fdccfc46f442b26b3dd6756dbff3bf9dc76fd7?s=96&d=mm&r=g\",\"caption\":\"super-news\"},\"url\":\"https:\\\/\\\/super-news.info\\\/hu\\\/author\\\/pt\\\/\"}]}<\/script>\n<!-- \/ Yoast SEO plugin. -->","yoast_head_json":{"title":"K\u00f6telez\u0151v\u00e9 tenn\u00e9k a kanyar\u00f3olt\u00e1st N\u00e9metorsz\u00e1gban - Super News","robots":{"index":"index","follow":"follow","max-snippet":"max-snippet:-1","max-image-preview":"max-image-preview:large","max-video-preview":"max-video-preview:-1"},"canonical":"https:\/\/super-news.info\/hu\/kotelezove-tennek-a-kanyarooltast-nemetorszagban\/","og_locale":"hu_HU","og_type":"article","og_title":"K\u00f6telez\u0151v\u00e9 tenn\u00e9k a kanyar\u00f3olt\u00e1st N\u00e9metorsz\u00e1gban - Super News","og_description":"[ad_1] K\u00f6telez\u0151v\u00e9 tehetik a kanyar\u00f3 elleni olt\u00e1st a kisgyermekek sz\u00e1m\u00e1ra N\u00e9metorsz\u00e1gban, a sz\u00f6vets\u00e9gi eg\u00e9szs\u00e9g\u00fcgyi miniszt\u00e9rium javaslata szerint ak\u00e1r ki is tilthatj\u00e1k \u0151ket az \u00f3vod\u00e1kb\u00f3l, ha sz\u00fcleik nem gondoskodnak a v\u00e9d\u0151olt\u00e1sr\u00f3l. A t\u00e1rca vezet\u0151je, Jens Spahn a Bild am Sonntag c\u00edm\u0171 vas\u00e1rnapi lapnak elmondta: a korm\u00e1ny c\u00e9lja, hogy az \u00f3vod\u00e1ba ker\u00fcl\u0151 gyerekek mind v\u00e9dettek legyenek a [&hellip;]","og_url":"https:\/\/super-news.info\/hu\/kotelezove-tennek-a-kanyarooltast-nemetorszagban\/","og_site_name":"Super News","article_published_time":"2019-05-05T15:43:04+00:00","article_modified_time":"2019-05-05T15:43:05+00:00","og_image":[{"width":1400,"height":954,"url":"https:\/\/super-news.info\/hu\/wp-content\/uploads\/sites\/3\/2019\/05\/K\u00f6telez\u0151v\u00e9-tenn\u00e9k-a-kanyar\u00f3olt\u00e1st-N\u00e9metorsz\u00e1gban.jpg","type":"image\/jpeg"}],"author":"super-news","twitter_card":"summary_large_image","twitter_misc":{"Szerz\u0151:":"super-news","Becs\u00fclt olvas\u00e1si id\u0151":"3 perc"},"schema":{"@context":"https:\/\/schema.org","@graph":[{"@type":"Article","@id":"https:\/\/super-news.info\/hu\/kotelezove-tennek-a-kanyarooltast-nemetorszagban\/#article","isPartOf":{"@id":"https:\/\/super-news.info\/hu\/kotelezove-tennek-a-kanyarooltast-nemetorszagban\/"},"author":{"name":"super-news","@id":"https:\/\/super-news.info\/hu\/#\/schema\/person\/2d4068cb2f39cd10008c2fce578a7356"},"headline":"K\u00f6telez\u0151v\u00e9 tenn\u00e9k a kanyar\u00f3olt\u00e1st N\u00e9metorsz\u00e1gban","datePublished":"2019-05-05T15:43:04+00:00","dateModified":"2019-05-05T15:43:05+00:00","mainEntityOfPage":{"@id":"https:\/\/super-news.info\/hu\/kotelezove-tennek-a-kanyarooltast-nemetorszagban\/"},"wordCount":637,"commentCount":0,"image":{"@id":"https:\/\/super-news.info\/hu\/kotelezove-tennek-a-kanyarooltast-nemetorszagban\/#primaryimage"},"thumbnailUrl":"https:\/\/super-news.info\/hu\/wp-content\/uploads\/sites\/3\/2019\/05\/K\u00f6telez\u0151v\u00e9-tenn\u00e9k-a-kanyar\u00f3olt\u00e1st-N\u00e9metorsz\u00e1gban.jpg","articleSection":["P\u00c9NZ\u00dcGYI H\u00cdREK"],"inLanguage":"hu","potentialAction":[{"@type":"CommentAction","name":"Comment","target":["https:\/\/super-news.info\/hu\/kotelezove-tennek-a-kanyarooltast-nemetorszagban\/#respond"]}]},{"@type":"WebPage","@id":"https:\/\/super-news.info\/hu\/kotelezove-tennek-a-kanyarooltast-nemetorszagban\/","url":"https:\/\/super-news.info\/hu\/kotelezove-tennek-a-kanyarooltast-nemetorszagban\/","name":"K\u00f6telez\u0151v\u00e9 tenn\u00e9k a kanyar\u00f3olt\u00e1st N\u00e9metorsz\u00e1gban - Super News","isPartOf":{"@id":"https:\/\/super-news.info\/hu\/#website"},"primaryImageOfPage":{"@id":"https:\/\/super-news.info\/hu\/kotelezove-tennek-a-kanyarooltast-nemetorszagban\/#primaryimage"},"image":{"@id":"https:\/\/super-news.info\/hu\/kotelezove-tennek-a-kanyarooltast-nemetorszagban\/#primaryimage"},"thumbnailUrl":"https:\/\/super-news.info\/hu\/wp-content\/uploads\/sites\/3\/2019\/05\/K\u00f6telez\u0151v\u00e9-tenn\u00e9k-a-kanyar\u00f3olt\u00e1st-N\u00e9metorsz\u00e1gban.jpg","datePublished":"2019-05-05T15:43:04+00:00","dateModified":"2019-05-05T15:43:05+00:00","author":{"@id":"https:\/\/super-news.info\/hu\/#\/schema\/person\/2d4068cb2f39cd10008c2fce578a7356"},"breadcrumb":{"@id":"https:\/\/super-news.info\/hu\/kotelezove-tennek-a-kanyarooltast-nemetorszagban\/#breadcrumb"},"inLanguage":"hu","potentialAction":[{"@type":"ReadAction","target":["https:\/\/super-news.info\/hu\/kotelezove-tennek-a-kanyarooltast-nemetorszagban\/"]}]},{"@type":"ImageObject","inLanguage":"hu","@id":"https:\/\/super-news.info\/hu\/kotelezove-tennek-a-kanyarooltast-nemetorszagban\/#primaryimage","url":"https:\/\/super-news.info\/hu\/wp-content\/uploads\/sites\/3\/2019\/05\/K\u00f6telez\u0151v\u00e9-tenn\u00e9k-a-kanyar\u00f3olt\u00e1st-N\u00e9metorsz\u00e1gban.jpg","contentUrl":"https:\/\/super-news.info\/hu\/wp-content\/uploads\/sites\/3\/2019\/05\/K\u00f6telez\u0151v\u00e9-tenn\u00e9k-a-kanyar\u00f3olt\u00e1st-N\u00e9metorsz\u00e1gban.jpg","width":1400,"height":954,"caption":"K\u00f6telez\u0151v\u00e9 tenn\u00e9k a kanyar\u00f3olt\u00e1st N\u00e9metorsz\u00e1gban"},{"@type":"BreadcrumbList","@id":"https:\/\/super-news.info\/hu\/kotelezove-tennek-a-kanyarooltast-nemetorszagban\/#breadcrumb","itemListElement":[{"@type":"ListItem","position":1,"name":"\u0413\u043b\u0430\u0432\u043d\u0430\u044f \u0441\u0442\u0440\u0430\u043d\u0438\u0446\u0430","item":"https:\/\/super-news.info\/hu\/"},{"@type":"ListItem","position":2,"name":"K\u00f6telez\u0151v\u00e9 tenn\u00e9k a kanyar\u00f3olt\u00e1st N\u00e9metorsz\u00e1gban"}]},{"@type":"WebSite","@id":"https:\/\/super-news.info\/hu\/#website","url":"https:\/\/super-news.info\/hu\/","name":"Super News","description":"Super News Magyarorsz\u00e1g","potentialAction":[{"@type":"SearchAction","target":{"@type":"EntryPoint","urlTemplate":"https:\/\/super-news.info\/hu\/?s={search_term_string}"},"query-input":{"@type":"PropertyValueSpecification","valueRequired":true,"valueName":"search_term_string"}}],"inLanguage":"hu"},{"@type":"Person","@id":"https:\/\/super-news.info\/hu\/#\/schema\/person\/2d4068cb2f39cd10008c2fce578a7356","name":"super-news","image":{"@type":"ImageObject","inLanguage":"hu","@id":"https:\/\/secure.gravatar.com\/avatar\/64ebac40b93f26a154f8a9b5b6fdccfc46f442b26b3dd6756dbff3bf9dc76fd7?s=96&d=mm&r=g","url":"https:\/\/secure.gravatar.com\/avatar\/64ebac40b93f26a154f8a9b5b6fdccfc46f442b26b3dd6756dbff3bf9dc76fd7?s=96&d=mm&r=g","contentUrl":"https:\/\/secure.gravatar.com\/avatar\/64ebac40b93f26a154f8a9b5b6fdccfc46f442b26b3dd6756dbff3bf9dc76fd7?s=96&d=mm&r=g","caption":"super-news"},"url":"https:\/\/super-news.info\/hu\/author\/pt\/"}]}},"_links":{"self":[{"href":"https:\/\/super-news.info\/hu\/wp-json\/wp\/v2\/posts\/1376","targetHints":{"allow":["GET"]}}],"collection":[{"href":"https:\/\/super-news.info\/hu\/wp-json\/wp\/v2\/posts"}],"about":[{"href":"https:\/\/super-news.info\/hu\/wp-json\/wp\/v2\/types\/post"}],"author":[{"embeddable":true,"href":"https:\/\/super-news.info\/hu\/wp-json\/wp\/v2\/users\/2"}],"replies":[{"embeddable":true,"href":"https:\/\/super-news.info\/hu\/wp-json\/wp\/v2\/comments?post=1376"}],"version-history":[{"count":1,"href":"https:\/\/super-news.info\/hu\/wp-json\/wp\/v2\/posts\/1376\/revisions"}],"predecessor-version":[{"id":1378,"href":"https:\/\/super-news.info\/hu\/wp-json\/wp\/v2\/posts\/1376\/revisions\/1378"}],"wp:featuredmedia":[{"embeddable":true,"href":"https:\/\/super-news.info\/hu\/wp-json\/wp\/v2\/media\/1377"}],"wp:attachment":[{"href":"https:\/\/super-news.info\/hu\/wp-json\/wp\/v2\/media?parent=1376"}],"wp:term":[{"taxonomy":"category","embeddable":true,"href":"https:\/\/super-news.info\/hu\/wp-json\/wp\/v2\/categories?post=1376"},{"taxonomy":"post_tag","embeddable":true,"href":"https:\/\/super-news.info\/hu\/wp-json\/wp\/v2\/tags?post=1376"}],"curies":[{"name":"wp","href":"https:\/\/api.w.org\/{rel}","templated":true}]}}