{"id":1362,"date":"2019-05-05T13:10:41","date_gmt":"2019-05-05T10:10:41","guid":{"rendered":"https:\/\/super-news.info\/hu\/harom-het-mulva-ep-valasztas-vilaggazdasag\/"},"modified":"2019-05-05T13:10:42","modified_gmt":"2019-05-05T10:10:42","slug":"harom-het-mulva-ep-valasztas-vilaggazdasag","status":"publish","type":"post","link":"https:\/\/super-news.info\/hu\/harom-het-mulva-ep-valasztas-vilaggazdasag\/","title":{"rendered":"H\u00e1rom h\u00e9t m\u00falva EP-v\u00e1laszt\u00e1s | Vil\u00e1ggazdas\u00e1g"},"content":{"rendered":"<p> [ad_1]<br \/>\n<\/p>\n<p>\n\t\t\t\t\t\t\t\tH\u00e1rom h\u00e9t m\u00falva, m\u00e1jus 26-\u00e1n, vas\u00e1rnap valamivel kevesebb mint 8 milli\u00f3 v\u00e1laszt\u00f3polg\u00e1r d\u00f6nthet arr\u00f3l, kik foglalhatj\u00e1k el az Eur\u00f3pai Parlamentben (EP) a Magyarorsz\u00e1gnak j\u00e1r\u00f3 21 k\u00e9pvisel\u0151i helyet.\t\t\t\t\t\t\t<\/p>\n<div>\n<p>A v\u00e1laszt\u00e1s egyfordul\u00f3s, a v\u00e1laszt\u00f3polg\u00e1rok kilenc p\u00e1rtlista egyik\u00e9re szavazhatnak. A szavaz\u00f3lapon sorrendben a k\u00f6vetkez\u0151 p\u00e1rtok \u00e9s p\u00e1rtsz\u00f6vets\u00e9gek list\u00e1i szerepelnek majd: MSZP-P\u00e1rbesz\u00e9d, Magyar K\u00e9tfark\u00fa Kutya P\u00e1rt, Jobbik Magyarorsz\u00e1g\u00e9rt Mozgalom, Fidesz-KDNP, Momentum Mozgalom, Demokratikus Koal\u00edci\u00f3, Mi Haz\u00e1nk Mozgalom, Magyar Munk\u00e1sp\u00e1rt, Lehet M\u00e1s a Politika. A Nemzeti V\u00e1laszt\u00e1si Bizotts\u00e1g a h\u00e9ten j\u00f3v\u00e1hagyta a szavaz\u00f3lapok mint\u00e1it.<\/p>\n<p>Az EP magyar tagjainak v\u00e1laszt\u00e1s\u00e1t m\u00e1rcius 1-j\u00e9n \u00edrta ki \u00c1der J\u00e1nos k\u00f6zt\u00e1rsas\u00e1gi eln\u00f6k.<\/p>\n<p>A m\u00e1jus 26-i szavaz\u00e1son a v\u00e1laszt\u00f3polg\u00e1rok 10 277 hazai szavaz\u00f3k\u00f6rben, 132 k\u00fclk\u00e9pviseleten szem\u00e9lyesen szavazhatnak, a t\u00f6bb mint 85 ezer regisztr\u00e1lt v\u00e1laszt\u00f3polg\u00e1r pedig lev\u00e9lben adhatja le szavazat\u00e1t.<\/p>\n<p>Az EP-v\u00e1laszt\u00e1s ar\u00e1nyos v\u00e1laszt\u00e1si rendszerben, list\u00e1s szavaz\u00e1ssal t\u00f6rt\u00e9nik. A v\u00e1laszt\u00e1son Magyarorsz\u00e1g ter\u00fclete egy v\u00e1laszt\u00f3ker\u00fcletet alkot, a mand\u00e1tumokat az \u00fagynevezett legnagyobb marad\u00e9k elve szerint osztj\u00e1k ki.<\/p>\n<p>A lista\u00e1ll\u00edt\u00e1shoz legal\u00e1bb 20 ezer v\u00e1laszt\u00f3polg\u00e1r al\u00e1\u00edr\u00e1ssal hiteles\u00edtett aj\u00e1nl\u00e1sa volt sz\u00fcks\u00e9ges. Mand\u00e1tumot az a p\u00e1rt kaphat, amelyik a voksol\u00e1son t\u00f6bb szavazatot kap, mint az \u00f6sszes list\u00e1ra leadott \u00f6sszes \u00e9rv\u00e9nyes szavazat \u00f6t sz\u00e1zal\u00e9ka.<\/p>\n<p>A list\u00e1r\u00f3l a jel\u00f6ltek a p\u00e1rt \u00e1ltal eredetileg bejelentett sorrendben jutnak mand\u00e1tumhoz.<\/p>\n<p>Az EP magyar tagjainak v\u00e1laszt\u00e1s\u00e1n v\u00e1laszt\u00f3joga van mintegy 7,9 milli\u00f3, Magyarorsz\u00e1g ter\u00fclet\u00e9n lak\u00f3hellyel rendelkez\u0151 nagykor\u00fa magyar \u00e1llampolg\u00e1rnak, k\u00f6z\u00fcl\u00fck vas\u00e1rnap reggelig 20 361-en jelezt\u00e9k, hogy a szavaz\u00e1s napj\u00e1n a lak\u00f3hely\u00fckt\u0151l elt\u00e9r\u0151, m\u00e1s magyarorsz\u00e1gi telep\u00fcl\u00e9sen k\u00edv\u00e1nnak szavazni. Az \u00e1tjelentkez\u00e9si k\u00e9relmeket m\u00e1jus 22-\u00e9n 16 \u00f3r\u00e1ig lehet beny\u00fajtani, \u00f6t \u00e9vvel ezel\u0151tt 69 200-an jelezt\u00e9k, hogy nem a lak\u00f3hely\u00fck\u00f6n szavazn\u00e1nak.<\/p>\n<div id=\"attachment_1434436\" style=\"width: 1410px\" class=\"wp-caption aligncenter\">\n<p class=\"wp-caption-text\">Fot\u00f3: MTI\/EPA\/Patrick Seeger<\/p>\n<\/div>\n<p>A magyarorsz\u00e1gi lak\u00f3hellyel rendelkez\u0151, de a szavaz\u00e1s napj\u00e1n nem Magyarorsz\u00e1gon tart\u00f3zkod\u00f3 magyar \u00e1llampolg\u00e1rok 93 orsz\u00e1g 132 magyar k\u00fclk\u00e9pviselet\u00e9n adhatj\u00e1k le majd voksukat a magyarorsz\u00e1gi szavaz\u00e1s napj\u00e1n (A K\u00fclgazdas\u00e1gi \u00e9s K\u00fcl\u00fcgyminiszt\u00e9rium t\u00e1j\u00e9koztat\u00e1sa szerint Szud\u00e1nban \u00e9s L\u00edbi\u00e1ban nem biztos\u00edthat\u00f3ak a k\u00fclk\u00e9pviseleti szavaz\u00e1s felt\u00e9telei). Az id\u0151eltol\u00f3d\u00e1s miatt az amerikai kontinensen a magyarorsz\u00e1gi szavaz\u00e1st megel\u0151z\u0151 napon, m\u00e1jus 25-\u00e9n, szombaton lesz a voksol\u00e1s. H\u00e1rom h\u00e9ttel a szavaz\u00e1s el\u0151tt 10 375-en jelezt\u00e9k, hogy valamelyik k\u00fclk\u00e9pviseleten voksoln\u00e1nak. \u00d6t \u00e9vvel ezel\u0151tt a k\u00fclk\u00e9pviseleti n\u00e9vjegyz\u00e9kben 7572-en szerepeltek, k\u00f6z\u00fcl\u00fck 6253-an el is mentek szavazni. A k\u00fclk\u00e9pviseleti n\u00e9vjegyz\u00e9kbe v\u00e9telt m\u00e1jus 17-\u00e9n 16 \u00f3r\u00e1ig lehet k\u00e9rni a lak\u00f3hely szerinti telep\u00fcl\u00e9s jegyz\u0151j\u00e9t\u0151l vagy online a www.valasztas.hu-n.<\/p>\n<p>V\u00e1laszt\u00f3joga van az EP-v\u00e1laszt\u00e1son az EU m\u00e1s tag\u00e1llam\u00e1nak magyarorsz\u00e1gi tart\u00f3zkod\u00e1si hellyel rendelkez\u0151 v\u00e1laszt\u00f3polg\u00e1r\u00e1nak (amennyiben magyar list\u00e1ra k\u00edv\u00e1n szavazni). A Nemzeti V\u00e1laszt\u00e1si Iroda (NVI) 113 ezer eur\u00f3pai uni\u00f3s \u00e1llampolg\u00e1rt t\u00e1j\u00e9koztatott arr\u00f3l, hogy v\u00e1laszt\u00f3jogukat Magyarorsz\u00e1gon is gyakorolhatj\u00e1k az EP-v\u00e1laszt\u00e1son, k\u00f6z\u00fcl\u00fck m\u00e1r 3 096-an jelezt\u00e9k, hogy a magyar list\u00e1kra voksoln\u00e1nak. \u00d6t \u00e9vvel ezel\u0151tt 1622-en szerepeltek a n\u00e9vjegyz\u00e9kben a szavaz\u00e1s napj\u00e1n.<\/p>\n<h3>Bekavar a Brexit cs\u00fasz\u00e1sa<\/h3>\n<p>Emellett \u2013 v\u00e1laszt\u00e1si regisztr\u00e1ci\u00f3t k\u00f6vet\u0151en \u2013 szavazhatnak azok a nagykor\u00fa magyar \u00e1llampolg\u00e1rok is, akiknek sem Magyarorsz\u00e1gon, sem az EU m\u00e1s tag\u00e1llam\u00e1ban nincs lakc\u00edm\u00fck. Regisztr\u00e1lni m\u00e1jus 2-\u00e1n 16 \u00f3r\u00e1ig lehetett, a Nemzeti V\u00e1laszt\u00e1si Iroda nyilv\u00e1ntart\u00e1sa szerint 85 502 lev\u00e9lben szavaz\u00f3 szerepel a n\u00e9vjegyz\u00e9kben. A h\u00e9t k\u00f6zep\u00e9n m\u00e9g 117 ezer lev\u00e9lben szavaz\u00f3 szerepelt az NVI nyilv\u00e1ntart\u00e1s\u00e1ban, de mostanra t\u00f6r\u00f6lt\u00e9k bel\u0151le azokat a Nagy-Britanni\u00e1ban \u00e9l\u0151 magyar \u00e1llampolg\u00e1rokat, akik a Brexit elmarad\u00e1sa miatt nem szavazhatnak lev\u00e9lben.<\/p>\n<p>A Nemzeti V\u00e1laszt\u00e1si Iroda p\u00e9nteken k\u00f6z\u00f6lte, hogy levelet k\u00fcld azoknak a Nagy-Britanni\u00e1ban \u00e9l\u0151, magyar lakc\u00edmmel nem rendelkez\u0151 magyar \u00e1llampolg\u00e1roknak, akik az eur\u00f3pai parlamenti v\u00e1laszt\u00e1s el\u0151tt k\u00e9rt\u00e9k felv\u00e9tel\u00fcket a lev\u00e9lben szavaz\u00f3k n\u00e9vjegyz\u00e9k\u00e9be. \u0150k eddig lev\u00e9lben szavazhattak volna a magyarorsz\u00e1gi p\u00e1rtlist\u00e1kra, mivel a Brexit eset\u00e9n EU-n k\u00edv\u00fcli lak\u00f3hellyel rendelkeztek volna.<\/p>\n<p>Tekintettel azonban arra, hogy \u00e1prilis 30-ig az Egyes\u00fclt Kir\u00e1lys\u00e1g nem l\u00e9pett ki az Eur\u00f3pai Uni\u00f3b\u00f3l, az Eur\u00f3pai Parlament tagjainak megv\u00e1laszt\u00e1sakor m\u00e9g uni\u00f3s tag\u00e1llam lesz, ez\u00e9rt a Nagy-Britanni\u00e1ban \u00e9l\u0151, magyarorsz\u00e1gi lakc\u00edmmel nem rendelkez\u0151 magyar \u00e1llampolg\u00e1rok nem szavazhatnak lev\u00e9lben. A Brexit cs\u00fasz\u00e1sa miatt \u0151k a brit list\u00e1kra szavazhatnak. Ehhez azonban a brit jogszab\u00e1lyoknak megfelel\u0151en m\u00e1jus 7-\u00e9ig fel kell vetetni\u00fck magukat az ottani v\u00e1laszt\u00f3i n\u00e9vjegyz\u00e9kbe.<\/p>\n<\/p><\/div>\n<p><script>\n    window.fbAsyncInit = function() {\n        FB.init({\n            appId      : \"204760236815359\",\n            xfbml      : true,\n            version    : \"v2.12\"\n        });\n        FB.AppEvents.logPageView();\n    };<\/p>\n<p>    (function(d, s, id){\n        var js, fjs = d.getElementsByTagName(s)[0];\n        if (d.getElementById(id)) {return;}\n        js = d.createElement(s); js.id = id;\n        js.src = \"http:\/\/connect.facebook.net\/hu_HU\/sdk.js\";\n        fjs.parentNode.insertBefore(js, fjs);\n    }(document, \"script\", \"facebook-jssdk\"));\n<\/script><br \/>\n<br \/>[ad_2]<br \/>\n<br \/><a href=\"https:\/\/www.vg.hu\/kozelet\/kozeleti-hirek\/harom-het-mulva-ep-valasztas-1493200\/\">Source link <\/a><\/p>\n","protected":false},"excerpt":{"rendered":"<p>[ad_1] H\u00e1rom h\u00e9t m\u00falva, m\u00e1jus 26-\u00e1n, vas\u00e1rnap valamivel kevesebb mint 8 milli\u00f3 v\u00e1laszt\u00f3polg\u00e1r d\u00f6nthet arr\u00f3l, kik foglalhatj\u00e1k el az Eur\u00f3pai Parlamentben (EP) a Magyarorsz\u00e1gnak j\u00e1r\u00f3 21 k\u00e9pvisel\u0151i helyet. A v\u00e1laszt\u00e1s egyfordul\u00f3s, a v\u00e1laszt\u00f3polg\u00e1rok kilenc p\u00e1rtlista egyik\u00e9re szavazhatnak. A szavaz\u00f3lapon sorrendben a k\u00f6vetkez\u0151 p\u00e1rtok \u00e9s p\u00e1rtsz\u00f6vets\u00e9gek list\u00e1i szerepelnek majd: MSZP-P\u00e1rbesz\u00e9d, Magyar K\u00e9tfark\u00fa Kutya P\u00e1rt, Jobbik Magyarorsz\u00e1g\u00e9rt [&hellip;]<\/p>\n","protected":false},"author":2,"featured_media":1363,"comment_status":"open","ping_status":"open","sticky":false,"template":"","format":"standard","meta":{"footnotes":""},"categories":[1],"tags":[],"class_list":["post-1362","post","type-post","status-publish","format-standard","has-post-thumbnail","hentry","category-penzugyi-hirek"],"yoast_head":"<!-- This site is optimized with the Yoast SEO plugin v27.4 - https:\/\/yoast.com\/product\/yoast-seo-wordpress\/ -->\n<title>H\u00e1rom h\u00e9t m\u00falva EP-v\u00e1laszt\u00e1s | Vil\u00e1ggazdas\u00e1g - Super News<\/title>\n<meta name=\"robots\" content=\"index, follow, max-snippet:-1, max-image-preview:large, max-video-preview:-1\" \/>\n<link rel=\"canonical\" href=\"https:\/\/super-news.info\/hu\/harom-het-mulva-ep-valasztas-vilaggazdasag\/\" \/>\n<meta property=\"og:locale\" content=\"hu_HU\" \/>\n<meta property=\"og:type\" content=\"article\" \/>\n<meta property=\"og:title\" content=\"H\u00e1rom h\u00e9t m\u00falva EP-v\u00e1laszt\u00e1s | Vil\u00e1ggazdas\u00e1g - Super News\" \/>\n<meta property=\"og:description\" content=\"[ad_1] H\u00e1rom h\u00e9t m\u00falva, m\u00e1jus 26-\u00e1n, vas\u00e1rnap valamivel kevesebb mint 8 milli\u00f3 v\u00e1laszt\u00f3polg\u00e1r d\u00f6nthet arr\u00f3l, kik foglalhatj\u00e1k el az Eur\u00f3pai Parlamentben (EP) a Magyarorsz\u00e1gnak j\u00e1r\u00f3 21 k\u00e9pvisel\u0151i helyet. A v\u00e1laszt\u00e1s egyfordul\u00f3s, a v\u00e1laszt\u00f3polg\u00e1rok kilenc p\u00e1rtlista egyik\u00e9re szavazhatnak. A szavaz\u00f3lapon sorrendben a k\u00f6vetkez\u0151 p\u00e1rtok \u00e9s p\u00e1rtsz\u00f6vets\u00e9gek list\u00e1i szerepelnek majd: MSZP-P\u00e1rbesz\u00e9d, Magyar K\u00e9tfark\u00fa Kutya P\u00e1rt, Jobbik Magyarorsz\u00e1g\u00e9rt [&hellip;]\" \/>\n<meta property=\"og:url\" content=\"https:\/\/super-news.info\/hu\/harom-het-mulva-ep-valasztas-vilaggazdasag\/\" \/>\n<meta property=\"og:site_name\" content=\"Super News\" \/>\n<meta property=\"article:published_time\" content=\"2019-05-05T10:10:41+00:00\" \/>\n<meta property=\"article:modified_time\" content=\"2019-05-05T10:10:42+00:00\" \/>\n<meta property=\"og:image\" content=\"https:\/\/super-news.info\/hu\/wp-content\/uploads\/sites\/3\/2019\/05\/H\u00e1rom-h\u00e9t-m\u00falva-EP-v\u00e1laszt\u00e1s-Vil\u00e1ggazdas\u00e1g.jpg\" \/>\n\t<meta property=\"og:image:width\" content=\"1400\" \/>\n\t<meta property=\"og:image:height\" content=\"923\" \/>\n\t<meta property=\"og:image:type\" content=\"image\/jpeg\" \/>\n<meta name=\"author\" content=\"super-news\" \/>\n<meta name=\"twitter:card\" content=\"summary_large_image\" \/>\n<meta name=\"twitter:label1\" content=\"Szerz\u0151:\" \/>\n\t<meta name=\"twitter:data1\" content=\"super-news\" \/>\n\t<meta name=\"twitter:label2\" content=\"Becs\u00fclt olvas\u00e1si id\u0151\" \/>\n\t<meta name=\"twitter:data2\" content=\"5 perc\" \/>\n<script type=\"application\/ld+json\" class=\"yoast-schema-graph\">{\"@context\":\"https:\\\/\\\/schema.org\",\"@graph\":[{\"@type\":\"Article\",\"@id\":\"https:\\\/\\\/super-news.info\\\/hu\\\/harom-het-mulva-ep-valasztas-vilaggazdasag\\\/#article\",\"isPartOf\":{\"@id\":\"https:\\\/\\\/super-news.info\\\/hu\\\/harom-het-mulva-ep-valasztas-vilaggazdasag\\\/\"},\"author\":{\"name\":\"super-news\",\"@id\":\"https:\\\/\\\/super-news.info\\\/hu\\\/#\\\/schema\\\/person\\\/2d4068cb2f39cd10008c2fce578a7356\"},\"headline\":\"H\u00e1rom h\u00e9t m\u00falva EP-v\u00e1laszt\u00e1s | Vil\u00e1ggazdas\u00e1g\",\"datePublished\":\"2019-05-05T10:10:41+00:00\",\"dateModified\":\"2019-05-05T10:10:42+00:00\",\"mainEntityOfPage\":{\"@id\":\"https:\\\/\\\/super-news.info\\\/hu\\\/harom-het-mulva-ep-valasztas-vilaggazdasag\\\/\"},\"wordCount\":969,\"commentCount\":0,\"image\":{\"@id\":\"https:\\\/\\\/super-news.info\\\/hu\\\/harom-het-mulva-ep-valasztas-vilaggazdasag\\\/#primaryimage\"},\"thumbnailUrl\":\"https:\\\/\\\/super-news.info\\\/hu\\\/wp-content\\\/uploads\\\/sites\\\/3\\\/2019\\\/05\\\/H\u00e1rom-h\u00e9t-m\u00falva-EP-v\u00e1laszt\u00e1s-Vil\u00e1ggazdas\u00e1g.jpg\",\"articleSection\":[\"P\u00c9NZ\u00dcGYI H\u00cdREK\"],\"inLanguage\":\"hu\",\"potentialAction\":[{\"@type\":\"CommentAction\",\"name\":\"Comment\",\"target\":[\"https:\\\/\\\/super-news.info\\\/hu\\\/harom-het-mulva-ep-valasztas-vilaggazdasag\\\/#respond\"]}]},{\"@type\":\"WebPage\",\"@id\":\"https:\\\/\\\/super-news.info\\\/hu\\\/harom-het-mulva-ep-valasztas-vilaggazdasag\\\/\",\"url\":\"https:\\\/\\\/super-news.info\\\/hu\\\/harom-het-mulva-ep-valasztas-vilaggazdasag\\\/\",\"name\":\"H\u00e1rom h\u00e9t m\u00falva EP-v\u00e1laszt\u00e1s | Vil\u00e1ggazdas\u00e1g - Super News\",\"isPartOf\":{\"@id\":\"https:\\\/\\\/super-news.info\\\/hu\\\/#website\"},\"primaryImageOfPage\":{\"@id\":\"https:\\\/\\\/super-news.info\\\/hu\\\/harom-het-mulva-ep-valasztas-vilaggazdasag\\\/#primaryimage\"},\"image\":{\"@id\":\"https:\\\/\\\/super-news.info\\\/hu\\\/harom-het-mulva-ep-valasztas-vilaggazdasag\\\/#primaryimage\"},\"thumbnailUrl\":\"https:\\\/\\\/super-news.info\\\/hu\\\/wp-content\\\/uploads\\\/sites\\\/3\\\/2019\\\/05\\\/H\u00e1rom-h\u00e9t-m\u00falva-EP-v\u00e1laszt\u00e1s-Vil\u00e1ggazdas\u00e1g.jpg\",\"datePublished\":\"2019-05-05T10:10:41+00:00\",\"dateModified\":\"2019-05-05T10:10:42+00:00\",\"author\":{\"@id\":\"https:\\\/\\\/super-news.info\\\/hu\\\/#\\\/schema\\\/person\\\/2d4068cb2f39cd10008c2fce578a7356\"},\"breadcrumb\":{\"@id\":\"https:\\\/\\\/super-news.info\\\/hu\\\/harom-het-mulva-ep-valasztas-vilaggazdasag\\\/#breadcrumb\"},\"inLanguage\":\"hu\",\"potentialAction\":[{\"@type\":\"ReadAction\",\"target\":[\"https:\\\/\\\/super-news.info\\\/hu\\\/harom-het-mulva-ep-valasztas-vilaggazdasag\\\/\"]}]},{\"@type\":\"ImageObject\",\"inLanguage\":\"hu\",\"@id\":\"https:\\\/\\\/super-news.info\\\/hu\\\/harom-het-mulva-ep-valasztas-vilaggazdasag\\\/#primaryimage\",\"url\":\"https:\\\/\\\/super-news.info\\\/hu\\\/wp-content\\\/uploads\\\/sites\\\/3\\\/2019\\\/05\\\/H\u00e1rom-h\u00e9t-m\u00falva-EP-v\u00e1laszt\u00e1s-Vil\u00e1ggazdas\u00e1g.jpg\",\"contentUrl\":\"https:\\\/\\\/super-news.info\\\/hu\\\/wp-content\\\/uploads\\\/sites\\\/3\\\/2019\\\/05\\\/H\u00e1rom-h\u00e9t-m\u00falva-EP-v\u00e1laszt\u00e1s-Vil\u00e1ggazdas\u00e1g.jpg\",\"width\":1400,\"height\":923,\"caption\":\"H\u00e1rom h\u00e9t m\u00falva EP-v\u00e1laszt\u00e1s | Vil\u00e1ggazdas\u00e1g\"},{\"@type\":\"BreadcrumbList\",\"@id\":\"https:\\\/\\\/super-news.info\\\/hu\\\/harom-het-mulva-ep-valasztas-vilaggazdasag\\\/#breadcrumb\",\"itemListElement\":[{\"@type\":\"ListItem\",\"position\":1,\"name\":\"\u0413\u043b\u0430\u0432\u043d\u0430\u044f \u0441\u0442\u0440\u0430\u043d\u0438\u0446\u0430\",\"item\":\"https:\\\/\\\/super-news.info\\\/hu\\\/\"},{\"@type\":\"ListItem\",\"position\":2,\"name\":\"H\u00e1rom h\u00e9t m\u00falva EP-v\u00e1laszt\u00e1s | Vil\u00e1ggazdas\u00e1g\"}]},{\"@type\":\"WebSite\",\"@id\":\"https:\\\/\\\/super-news.info\\\/hu\\\/#website\",\"url\":\"https:\\\/\\\/super-news.info\\\/hu\\\/\",\"name\":\"Super News\",\"description\":\"Super News Magyarorsz\u00e1g\",\"potentialAction\":[{\"@type\":\"SearchAction\",\"target\":{\"@type\":\"EntryPoint\",\"urlTemplate\":\"https:\\\/\\\/super-news.info\\\/hu\\\/?s={search_term_string}\"},\"query-input\":{\"@type\":\"PropertyValueSpecification\",\"valueRequired\":true,\"valueName\":\"search_term_string\"}}],\"inLanguage\":\"hu\"},{\"@type\":\"Person\",\"@id\":\"https:\\\/\\\/super-news.info\\\/hu\\\/#\\\/schema\\\/person\\\/2d4068cb2f39cd10008c2fce578a7356\",\"name\":\"super-news\",\"image\":{\"@type\":\"ImageObject\",\"inLanguage\":\"hu\",\"@id\":\"https:\\\/\\\/secure.gravatar.com\\\/avatar\\\/64ebac40b93f26a154f8a9b5b6fdccfc46f442b26b3dd6756dbff3bf9dc76fd7?s=96&d=mm&r=g\",\"url\":\"https:\\\/\\\/secure.gravatar.com\\\/avatar\\\/64ebac40b93f26a154f8a9b5b6fdccfc46f442b26b3dd6756dbff3bf9dc76fd7?s=96&d=mm&r=g\",\"contentUrl\":\"https:\\\/\\\/secure.gravatar.com\\\/avatar\\\/64ebac40b93f26a154f8a9b5b6fdccfc46f442b26b3dd6756dbff3bf9dc76fd7?s=96&d=mm&r=g\",\"caption\":\"super-news\"},\"url\":\"https:\\\/\\\/super-news.info\\\/hu\\\/author\\\/pt\\\/\"}]}<\/script>\n<!-- \/ Yoast SEO plugin. -->","yoast_head_json":{"title":"H\u00e1rom h\u00e9t m\u00falva EP-v\u00e1laszt\u00e1s | Vil\u00e1ggazdas\u00e1g - Super News","robots":{"index":"index","follow":"follow","max-snippet":"max-snippet:-1","max-image-preview":"max-image-preview:large","max-video-preview":"max-video-preview:-1"},"canonical":"https:\/\/super-news.info\/hu\/harom-het-mulva-ep-valasztas-vilaggazdasag\/","og_locale":"hu_HU","og_type":"article","og_title":"H\u00e1rom h\u00e9t m\u00falva EP-v\u00e1laszt\u00e1s | Vil\u00e1ggazdas\u00e1g - Super News","og_description":"[ad_1] H\u00e1rom h\u00e9t m\u00falva, m\u00e1jus 26-\u00e1n, vas\u00e1rnap valamivel kevesebb mint 8 milli\u00f3 v\u00e1laszt\u00f3polg\u00e1r d\u00f6nthet arr\u00f3l, kik foglalhatj\u00e1k el az Eur\u00f3pai Parlamentben (EP) a Magyarorsz\u00e1gnak j\u00e1r\u00f3 21 k\u00e9pvisel\u0151i helyet. A v\u00e1laszt\u00e1s egyfordul\u00f3s, a v\u00e1laszt\u00f3polg\u00e1rok kilenc p\u00e1rtlista egyik\u00e9re szavazhatnak. A szavaz\u00f3lapon sorrendben a k\u00f6vetkez\u0151 p\u00e1rtok \u00e9s p\u00e1rtsz\u00f6vets\u00e9gek list\u00e1i szerepelnek majd: MSZP-P\u00e1rbesz\u00e9d, Magyar K\u00e9tfark\u00fa Kutya P\u00e1rt, Jobbik Magyarorsz\u00e1g\u00e9rt [&hellip;]","og_url":"https:\/\/super-news.info\/hu\/harom-het-mulva-ep-valasztas-vilaggazdasag\/","og_site_name":"Super News","article_published_time":"2019-05-05T10:10:41+00:00","article_modified_time":"2019-05-05T10:10:42+00:00","og_image":[{"width":1400,"height":923,"url":"https:\/\/super-news.info\/hu\/wp-content\/uploads\/sites\/3\/2019\/05\/H\u00e1rom-h\u00e9t-m\u00falva-EP-v\u00e1laszt\u00e1s-Vil\u00e1ggazdas\u00e1g.jpg","type":"image\/jpeg"}],"author":"super-news","twitter_card":"summary_large_image","twitter_misc":{"Szerz\u0151:":"super-news","Becs\u00fclt olvas\u00e1si id\u0151":"5 perc"},"schema":{"@context":"https:\/\/schema.org","@graph":[{"@type":"Article","@id":"https:\/\/super-news.info\/hu\/harom-het-mulva-ep-valasztas-vilaggazdasag\/#article","isPartOf":{"@id":"https:\/\/super-news.info\/hu\/harom-het-mulva-ep-valasztas-vilaggazdasag\/"},"author":{"name":"super-news","@id":"https:\/\/super-news.info\/hu\/#\/schema\/person\/2d4068cb2f39cd10008c2fce578a7356"},"headline":"H\u00e1rom h\u00e9t m\u00falva EP-v\u00e1laszt\u00e1s | Vil\u00e1ggazdas\u00e1g","datePublished":"2019-05-05T10:10:41+00:00","dateModified":"2019-05-05T10:10:42+00:00","mainEntityOfPage":{"@id":"https:\/\/super-news.info\/hu\/harom-het-mulva-ep-valasztas-vilaggazdasag\/"},"wordCount":969,"commentCount":0,"image":{"@id":"https:\/\/super-news.info\/hu\/harom-het-mulva-ep-valasztas-vilaggazdasag\/#primaryimage"},"thumbnailUrl":"https:\/\/super-news.info\/hu\/wp-content\/uploads\/sites\/3\/2019\/05\/H\u00e1rom-h\u00e9t-m\u00falva-EP-v\u00e1laszt\u00e1s-Vil\u00e1ggazdas\u00e1g.jpg","articleSection":["P\u00c9NZ\u00dcGYI H\u00cdREK"],"inLanguage":"hu","potentialAction":[{"@type":"CommentAction","name":"Comment","target":["https:\/\/super-news.info\/hu\/harom-het-mulva-ep-valasztas-vilaggazdasag\/#respond"]}]},{"@type":"WebPage","@id":"https:\/\/super-news.info\/hu\/harom-het-mulva-ep-valasztas-vilaggazdasag\/","url":"https:\/\/super-news.info\/hu\/harom-het-mulva-ep-valasztas-vilaggazdasag\/","name":"H\u00e1rom h\u00e9t m\u00falva EP-v\u00e1laszt\u00e1s | Vil\u00e1ggazdas\u00e1g - Super News","isPartOf":{"@id":"https:\/\/super-news.info\/hu\/#website"},"primaryImageOfPage":{"@id":"https:\/\/super-news.info\/hu\/harom-het-mulva-ep-valasztas-vilaggazdasag\/#primaryimage"},"image":{"@id":"https:\/\/super-news.info\/hu\/harom-het-mulva-ep-valasztas-vilaggazdasag\/#primaryimage"},"thumbnailUrl":"https:\/\/super-news.info\/hu\/wp-content\/uploads\/sites\/3\/2019\/05\/H\u00e1rom-h\u00e9t-m\u00falva-EP-v\u00e1laszt\u00e1s-Vil\u00e1ggazdas\u00e1g.jpg","datePublished":"2019-05-05T10:10:41+00:00","dateModified":"2019-05-05T10:10:42+00:00","author":{"@id":"https:\/\/super-news.info\/hu\/#\/schema\/person\/2d4068cb2f39cd10008c2fce578a7356"},"breadcrumb":{"@id":"https:\/\/super-news.info\/hu\/harom-het-mulva-ep-valasztas-vilaggazdasag\/#breadcrumb"},"inLanguage":"hu","potentialAction":[{"@type":"ReadAction","target":["https:\/\/super-news.info\/hu\/harom-het-mulva-ep-valasztas-vilaggazdasag\/"]}]},{"@type":"ImageObject","inLanguage":"hu","@id":"https:\/\/super-news.info\/hu\/harom-het-mulva-ep-valasztas-vilaggazdasag\/#primaryimage","url":"https:\/\/super-news.info\/hu\/wp-content\/uploads\/sites\/3\/2019\/05\/H\u00e1rom-h\u00e9t-m\u00falva-EP-v\u00e1laszt\u00e1s-Vil\u00e1ggazdas\u00e1g.jpg","contentUrl":"https:\/\/super-news.info\/hu\/wp-content\/uploads\/sites\/3\/2019\/05\/H\u00e1rom-h\u00e9t-m\u00falva-EP-v\u00e1laszt\u00e1s-Vil\u00e1ggazdas\u00e1g.jpg","width":1400,"height":923,"caption":"H\u00e1rom h\u00e9t m\u00falva EP-v\u00e1laszt\u00e1s | Vil\u00e1ggazdas\u00e1g"},{"@type":"BreadcrumbList","@id":"https:\/\/super-news.info\/hu\/harom-het-mulva-ep-valasztas-vilaggazdasag\/#breadcrumb","itemListElement":[{"@type":"ListItem","position":1,"name":"\u0413\u043b\u0430\u0432\u043d\u0430\u044f \u0441\u0442\u0440\u0430\u043d\u0438\u0446\u0430","item":"https:\/\/super-news.info\/hu\/"},{"@type":"ListItem","position":2,"name":"H\u00e1rom h\u00e9t m\u00falva EP-v\u00e1laszt\u00e1s | Vil\u00e1ggazdas\u00e1g"}]},{"@type":"WebSite","@id":"https:\/\/super-news.info\/hu\/#website","url":"https:\/\/super-news.info\/hu\/","name":"Super News","description":"Super News Magyarorsz\u00e1g","potentialAction":[{"@type":"SearchAction","target":{"@type":"EntryPoint","urlTemplate":"https:\/\/super-news.info\/hu\/?s={search_term_string}"},"query-input":{"@type":"PropertyValueSpecification","valueRequired":true,"valueName":"search_term_string"}}],"inLanguage":"hu"},{"@type":"Person","@id":"https:\/\/super-news.info\/hu\/#\/schema\/person\/2d4068cb2f39cd10008c2fce578a7356","name":"super-news","image":{"@type":"ImageObject","inLanguage":"hu","@id":"https:\/\/secure.gravatar.com\/avatar\/64ebac40b93f26a154f8a9b5b6fdccfc46f442b26b3dd6756dbff3bf9dc76fd7?s=96&d=mm&r=g","url":"https:\/\/secure.gravatar.com\/avatar\/64ebac40b93f26a154f8a9b5b6fdccfc46f442b26b3dd6756dbff3bf9dc76fd7?s=96&d=mm&r=g","contentUrl":"https:\/\/secure.gravatar.com\/avatar\/64ebac40b93f26a154f8a9b5b6fdccfc46f442b26b3dd6756dbff3bf9dc76fd7?s=96&d=mm&r=g","caption":"super-news"},"url":"https:\/\/super-news.info\/hu\/author\/pt\/"}]}},"_links":{"self":[{"href":"https:\/\/super-news.info\/hu\/wp-json\/wp\/v2\/posts\/1362","targetHints":{"allow":["GET"]}}],"collection":[{"href":"https:\/\/super-news.info\/hu\/wp-json\/wp\/v2\/posts"}],"about":[{"href":"https:\/\/super-news.info\/hu\/wp-json\/wp\/v2\/types\/post"}],"author":[{"embeddable":true,"href":"https:\/\/super-news.info\/hu\/wp-json\/wp\/v2\/users\/2"}],"replies":[{"embeddable":true,"href":"https:\/\/super-news.info\/hu\/wp-json\/wp\/v2\/comments?post=1362"}],"version-history":[{"count":1,"href":"https:\/\/super-news.info\/hu\/wp-json\/wp\/v2\/posts\/1362\/revisions"}],"predecessor-version":[{"id":1364,"href":"https:\/\/super-news.info\/hu\/wp-json\/wp\/v2\/posts\/1362\/revisions\/1364"}],"wp:featuredmedia":[{"embeddable":true,"href":"https:\/\/super-news.info\/hu\/wp-json\/wp\/v2\/media\/1363"}],"wp:attachment":[{"href":"https:\/\/super-news.info\/hu\/wp-json\/wp\/v2\/media?parent=1362"}],"wp:term":[{"taxonomy":"category","embeddable":true,"href":"https:\/\/super-news.info\/hu\/wp-json\/wp\/v2\/categories?post=1362"},{"taxonomy":"post_tag","embeddable":true,"href":"https:\/\/super-news.info\/hu\/wp-json\/wp\/v2\/tags?post=1362"}],"curies":[{"name":"wp","href":"https:\/\/api.w.org\/{rel}","templated":true}]}}