{"id":1353,"date":"2019-05-04T23:31:11","date_gmt":"2019-05-04T20:31:11","guid":{"rendered":"https:\/\/super-news.info\/hu\/a-digitalizacio-nagyban-atformalja-a-munkaeropiacot-erre-fel-kell-keszulni\/"},"modified":"2019-05-04T23:31:12","modified_gmt":"2019-05-04T20:31:12","slug":"a-digitalizacio-nagyban-atformalja-a-munkaeropiacot-erre-fel-kell-keszulni","status":"publish","type":"post","link":"https:\/\/super-news.info\/hu\/a-digitalizacio-nagyban-atformalja-a-munkaeropiacot-erre-fel-kell-keszulni\/","title":{"rendered":"A digitaliz\u00e1ci\u00f3 nagyban \u00e1tform\u00e1lja a munkaer\u0151piacot, erre fel kell k\u00e9sz\u00fclni"},"content":{"rendered":"<p> [ad_1]<br \/>\n<\/p>\n<p>\n\t\t\t\t\t\t\t\tA digitaliz\u00e1ci\u00f3, a technol\u00f3giai fejl\u0151d\u00e9s drasztikusan \u00e1talak\u00edtja a munkaer\u0151piacot, a korm\u00e1nyoknak m\u00e1r most fel kell k\u00e9sz\u00fclni\u00fck arra, hogy a v\u00e1ltoz\u00e1sokkal ne a dolgoz\u00f3k j\u00e1rjanak rosszul, h\u00edvja fel a figyelmet friss tanulm\u00e1ny\u00e1ban az OECD. A P\u00e9nz\u00fcgyminiszt\u00e9rium foglalkoztat\u00e1spolitikai \u00e1llamtitk\u00e1ra szerint itthon tov\u00e1bbra is kedvez\u0151ek maradhatnak a munkaer\u0151piaci folyamatok \u2013 \u00edrta szombati lapsz\u00e1m\u00e1ban a Magyar Nemzet.\t\t\t\t\t\t\t<\/p>\n<div>\n<p>Bod\u00f3 S\u00e1ndor foglalkoztat\u00e1spolitik\u00e1\u00e9rt \u00e9s v\u00e1llalati kapcsolatok\u00e9rt felel\u0151s \u00e1llamtitk\u00e1r az OECD jelent\u00e9sre reag\u00e1lva a lapnak elmondta:<\/p>\n<blockquote>\n<p>az OECD-tag\u00e1llamok t\u00f6bbs\u00e9g\u00e9ben az alacsony fizet\u00e9s\u0171 \u00e1ll\u00e1sok gyarapodtak, ezzel szemben a k\u00f6zepes b\u00e9rszint\u0171 munkahelyek ar\u00e1nya a tag\u00e1llamok k\u00f6z\u00fcl Magyarorsz\u00e1gon n\u0151tt az egyik legnagyobb m\u00e9rt\u00e9kben, mintegy 10 sz\u00e1zal\u00e9kponttal az elm\u00falt \u00e9vekben.<\/p>\n<\/blockquote>\n<p>Hozz\u00e1tette, hogy a folyamatok a fiatalok munkaer\u0151piaci helyzet\u00e9re is kedvez\u0151en hatottak: t\u00f6bb mint t\u00edz sz\u00e1zal\u00e9kponttal cs\u00f6kkent a k\u00f6z\u00e9pfok\u00fa v\u00e9gzetts\u00e9g\u0171 fiatalok k\u00f6r\u00e9ben az alacsony b\u00e9rez\u00e9s\u0171 foglalkoztat\u00e1s.<\/p>\n<div id=\"attachment_1468627\" style=\"width: 1034px\" class=\"wp-caption alignnone\">\n<p class=\"wp-caption-text\">Fot\u00f3: AFP<\/p>\n<\/div>\n<p>Az \u00e1llamtitk\u00e1r arra is felh\u00edvta a figyelmet, hogy a foglalkoztat\u00e1si r\u00e1ta n\u00f6vel\u00e9s\u00e9ben \u00f3ri\u00e1si eredm\u00e9nyt tud felmutatni Magyarorsz\u00e1g: a foglalkoztatottak ar\u00e1nya tavaly 69,3 sz\u00e1zal\u00e9kos volt, meghaladta az OECD 68,4 sz\u00e1zal\u00e9kos \u00e1tlag\u00e1t, m\u00edg 2010-ben az 55 sz\u00e1zal\u00e9kos mutat\u00f3nk m\u00e9g jelent\u0151sen elmaradt az akkor 64,4 sz\u00e1zal\u00e9kos OECD-\u00e1tlagt\u00f3l. A 2018-as 3,7 sz\u00e1zal\u00e9kos munkan\u00e9lk\u00fclis\u00e9gi r\u00e1t\u00e1val Magyarorsz\u00e1g a hatodik helyen \u00e1ll az OECD-tagorsz\u00e1gok k\u00f6z\u00f6tt, m\u00edg 2010-ben az \u00e1ll\u00e1stalanok ar\u00e1nya 11,2 sz\u00e1zal\u00e9k volt, amivel a 29. helyen \u00e1lltunk a 36 tagorsz\u00e1g k\u00f6z\u00f6tt \u2013 tette hozz\u00e1 Bod\u00f3 S\u00e1ndor.<\/p>\n<p>A Magyar Nemzet a vil\u00e1gszervezet tanulm\u00e1ny\u00e1b\u00f3l kiemeli:<\/p>\n<p>a k\u00f6vetkez\u0151 \u00e9vekben a munkahelyek 14 sz\u00e1zal\u00e9ka megsz\u0171nhet, 32 sz\u00e1zal\u00e9ka jelent\u0151sen \u00e1talakulhat a digitaliz\u00e1ci\u00f3val.<\/p>\n<p>Az el\u0151rejelz\u00e9sek szerint az alacsony b\u00e9rszint\u0171 munkahelyek ar\u00e1nya valamelyest n\u0151 a folyamat sor\u00e1n, m\u00edg a k\u00f6zepes sz\u00ednvonal\u00fa \u00e1ll\u00e1sok ar\u00e1nya drasztikusan cs\u00f6kkenhet.<\/p>\n<p>A vil\u00e1gszervezet szerint egyre ink\u00e1bb elker\u00fclhetetlen az \u00e9lethosszon \u00e1t tart\u00f3 tanul\u00e1s, a feln\u0151ttk\u00e9pz\u00e9s moderniz\u00e1l\u00e1sa, a szoci\u00e1lis v\u00e9delem er\u0151s\u00edt\u00e9se. Emellett a szoci\u00e1lis p\u00e1rbesz\u00e9d er\u0151s\u00edt\u00e9se is n\u00e9lk\u00fcl\u00f6zhetetlen, mivel a munk\u00e1ltat\u00f3kkal k\u00f6t\u00f6tt megegyez\u00e9sek kulcsszerepet j\u00e1tszanak abban, hogy a digitaliz\u00e1ci\u00f3nak ne a dolgoz\u00f3 legyen a k\u00e1rvallottja.<\/p>\n<\/p><\/div>\n<p><script>\n    window.fbAsyncInit = function() {\n        FB.init({\n            appId      : \"204760236815359\",\n            xfbml      : true,\n            version    : \"v2.12\"\n        });\n        FB.AppEvents.logPageView();\n    };<\/p>\n<p>    (function(d, s, id){\n        var js, fjs = d.getElementsByTagName(s)[0];\n        if (d.getElementById(id)) {return;}\n        js = d.createElement(s); js.id = id;\n        js.src = \"http:\/\/connect.facebook.net\/hu_HU\/sdk.js\";\n        fjs.parentNode.insertBefore(js, fjs);\n    }(document, \"script\", \"facebook-jssdk\"));\n<\/script><br \/>\n<br \/>[ad_2]<br \/>\n<br \/><a href=\"https:\/\/www.vg.hu\/gazdasag\/gazdasagi-hirek\/a-digitalizacio-nagyban-atalakitja-a-munkaeropiaci-viszonyokat-erre-fel-kell-keszulni-1492573\/\">Source link <\/a><\/p>\n","protected":false},"excerpt":{"rendered":"<p>[ad_1] A digitaliz\u00e1ci\u00f3, a technol\u00f3giai fejl\u0151d\u00e9s drasztikusan \u00e1talak\u00edtja a munkaer\u0151piacot, a korm\u00e1nyoknak m\u00e1r most fel kell k\u00e9sz\u00fclni\u00fck arra, hogy a v\u00e1ltoz\u00e1sokkal ne a dolgoz\u00f3k j\u00e1rjanak rosszul, h\u00edvja fel a figyelmet friss tanulm\u00e1ny\u00e1ban az OECD. A P\u00e9nz\u00fcgyminiszt\u00e9rium foglalkoztat\u00e1spolitikai \u00e1llamtitk\u00e1ra szerint itthon tov\u00e1bbra is kedvez\u0151ek maradhatnak a munkaer\u0151piaci folyamatok \u2013 \u00edrta szombati lapsz\u00e1m\u00e1ban a Magyar Nemzet. Bod\u00f3 [&hellip;]<\/p>\n","protected":false},"author":2,"featured_media":1354,"comment_status":"open","ping_status":"open","sticky":false,"template":"","format":"standard","meta":{"footnotes":""},"categories":[1],"tags":[],"class_list":["post-1353","post","type-post","status-publish","format-standard","has-post-thumbnail","hentry","category-penzugyi-hirek"],"yoast_head":"<!-- This site is optimized with the Yoast SEO plugin v27.4 - https:\/\/yoast.com\/product\/yoast-seo-wordpress\/ -->\n<title>A digitaliz\u00e1ci\u00f3 nagyban \u00e1tform\u00e1lja a munkaer\u0151piacot, erre fel kell k\u00e9sz\u00fclni - Super News<\/title>\n<meta name=\"robots\" content=\"index, follow, max-snippet:-1, max-image-preview:large, max-video-preview:-1\" \/>\n<link rel=\"canonical\" href=\"https:\/\/super-news.info\/hu\/a-digitalizacio-nagyban-atformalja-a-munkaeropiacot-erre-fel-kell-keszulni\/\" \/>\n<meta property=\"og:locale\" content=\"hu_HU\" \/>\n<meta property=\"og:type\" content=\"article\" \/>\n<meta property=\"og:title\" content=\"A digitaliz\u00e1ci\u00f3 nagyban \u00e1tform\u00e1lja a munkaer\u0151piacot, erre fel kell k\u00e9sz\u00fclni - Super News\" \/>\n<meta property=\"og:description\" content=\"[ad_1] A digitaliz\u00e1ci\u00f3, a technol\u00f3giai fejl\u0151d\u00e9s drasztikusan \u00e1talak\u00edtja a munkaer\u0151piacot, a korm\u00e1nyoknak m\u00e1r most fel kell k\u00e9sz\u00fclni\u00fck arra, hogy a v\u00e1ltoz\u00e1sokkal ne a dolgoz\u00f3k j\u00e1rjanak rosszul, h\u00edvja fel a figyelmet friss tanulm\u00e1ny\u00e1ban az OECD. A P\u00e9nz\u00fcgyminiszt\u00e9rium foglalkoztat\u00e1spolitikai \u00e1llamtitk\u00e1ra szerint itthon tov\u00e1bbra is kedvez\u0151ek maradhatnak a munkaer\u0151piaci folyamatok \u2013 \u00edrta szombati lapsz\u00e1m\u00e1ban a Magyar Nemzet. Bod\u00f3 [&hellip;]\" \/>\n<meta property=\"og:url\" content=\"https:\/\/super-news.info\/hu\/a-digitalizacio-nagyban-atformalja-a-munkaeropiacot-erre-fel-kell-keszulni\/\" \/>\n<meta property=\"og:site_name\" content=\"Super News\" \/>\n<meta property=\"article:published_time\" content=\"2019-05-04T20:31:11+00:00\" \/>\n<meta property=\"article:modified_time\" content=\"2019-05-04T20:31:12+00:00\" \/>\n<meta property=\"og:image\" content=\"https:\/\/super-news.info\/hu\/wp-content\/uploads\/sites\/3\/2019\/05\/A-digitaliz\u00e1ci\u00f3-nagyban-\u00e1tform\u00e1lja-a-munkaer\u0151piacot-erre-fel-kell-k\u00e9sz\u00fclni.jpg\" \/>\n\t<meta property=\"og:image:width\" content=\"1024\" \/>\n\t<meta property=\"og:image:height\" content=\"675\" \/>\n\t<meta property=\"og:image:type\" content=\"image\/jpeg\" \/>\n<meta name=\"author\" content=\"super-news\" \/>\n<meta name=\"twitter:card\" content=\"summary_large_image\" \/>\n<meta name=\"twitter:label1\" content=\"Szerz\u0151:\" \/>\n\t<meta name=\"twitter:data1\" content=\"super-news\" \/>\n\t<meta name=\"twitter:label2\" content=\"Becs\u00fclt olvas\u00e1si id\u0151\" \/>\n\t<meta name=\"twitter:data2\" content=\"2 perc\" \/>\n<script type=\"application\/ld+json\" class=\"yoast-schema-graph\">{\"@context\":\"https:\\\/\\\/schema.org\",\"@graph\":[{\"@type\":\"Article\",\"@id\":\"https:\\\/\\\/super-news.info\\\/hu\\\/a-digitalizacio-nagyban-atformalja-a-munkaeropiacot-erre-fel-kell-keszulni\\\/#article\",\"isPartOf\":{\"@id\":\"https:\\\/\\\/super-news.info\\\/hu\\\/a-digitalizacio-nagyban-atformalja-a-munkaeropiacot-erre-fel-kell-keszulni\\\/\"},\"author\":{\"name\":\"super-news\",\"@id\":\"https:\\\/\\\/super-news.info\\\/hu\\\/#\\\/schema\\\/person\\\/2d4068cb2f39cd10008c2fce578a7356\"},\"headline\":\"A digitaliz\u00e1ci\u00f3 nagyban \u00e1tform\u00e1lja a munkaer\u0151piacot, erre fel kell k\u00e9sz\u00fclni\",\"datePublished\":\"2019-05-04T20:31:11+00:00\",\"dateModified\":\"2019-05-04T20:31:12+00:00\",\"mainEntityOfPage\":{\"@id\":\"https:\\\/\\\/super-news.info\\\/hu\\\/a-digitalizacio-nagyban-atformalja-a-munkaeropiacot-erre-fel-kell-keszulni\\\/\"},\"wordCount\":471,\"commentCount\":0,\"image\":{\"@id\":\"https:\\\/\\\/super-news.info\\\/hu\\\/a-digitalizacio-nagyban-atformalja-a-munkaeropiacot-erre-fel-kell-keszulni\\\/#primaryimage\"},\"thumbnailUrl\":\"https:\\\/\\\/super-news.info\\\/hu\\\/wp-content\\\/uploads\\\/sites\\\/3\\\/2019\\\/05\\\/A-digitaliz\u00e1ci\u00f3-nagyban-\u00e1tform\u00e1lja-a-munkaer\u0151piacot-erre-fel-kell-k\u00e9sz\u00fclni.jpg\",\"articleSection\":[\"P\u00c9NZ\u00dcGYI H\u00cdREK\"],\"inLanguage\":\"hu\",\"potentialAction\":[{\"@type\":\"CommentAction\",\"name\":\"Comment\",\"target\":[\"https:\\\/\\\/super-news.info\\\/hu\\\/a-digitalizacio-nagyban-atformalja-a-munkaeropiacot-erre-fel-kell-keszulni\\\/#respond\"]}]},{\"@type\":\"WebPage\",\"@id\":\"https:\\\/\\\/super-news.info\\\/hu\\\/a-digitalizacio-nagyban-atformalja-a-munkaeropiacot-erre-fel-kell-keszulni\\\/\",\"url\":\"https:\\\/\\\/super-news.info\\\/hu\\\/a-digitalizacio-nagyban-atformalja-a-munkaeropiacot-erre-fel-kell-keszulni\\\/\",\"name\":\"A digitaliz\u00e1ci\u00f3 nagyban \u00e1tform\u00e1lja a munkaer\u0151piacot, erre fel kell k\u00e9sz\u00fclni - Super News\",\"isPartOf\":{\"@id\":\"https:\\\/\\\/super-news.info\\\/hu\\\/#website\"},\"primaryImageOfPage\":{\"@id\":\"https:\\\/\\\/super-news.info\\\/hu\\\/a-digitalizacio-nagyban-atformalja-a-munkaeropiacot-erre-fel-kell-keszulni\\\/#primaryimage\"},\"image\":{\"@id\":\"https:\\\/\\\/super-news.info\\\/hu\\\/a-digitalizacio-nagyban-atformalja-a-munkaeropiacot-erre-fel-kell-keszulni\\\/#primaryimage\"},\"thumbnailUrl\":\"https:\\\/\\\/super-news.info\\\/hu\\\/wp-content\\\/uploads\\\/sites\\\/3\\\/2019\\\/05\\\/A-digitaliz\u00e1ci\u00f3-nagyban-\u00e1tform\u00e1lja-a-munkaer\u0151piacot-erre-fel-kell-k\u00e9sz\u00fclni.jpg\",\"datePublished\":\"2019-05-04T20:31:11+00:00\",\"dateModified\":\"2019-05-04T20:31:12+00:00\",\"author\":{\"@id\":\"https:\\\/\\\/super-news.info\\\/hu\\\/#\\\/schema\\\/person\\\/2d4068cb2f39cd10008c2fce578a7356\"},\"breadcrumb\":{\"@id\":\"https:\\\/\\\/super-news.info\\\/hu\\\/a-digitalizacio-nagyban-atformalja-a-munkaeropiacot-erre-fel-kell-keszulni\\\/#breadcrumb\"},\"inLanguage\":\"hu\",\"potentialAction\":[{\"@type\":\"ReadAction\",\"target\":[\"https:\\\/\\\/super-news.info\\\/hu\\\/a-digitalizacio-nagyban-atformalja-a-munkaeropiacot-erre-fel-kell-keszulni\\\/\"]}]},{\"@type\":\"ImageObject\",\"inLanguage\":\"hu\",\"@id\":\"https:\\\/\\\/super-news.info\\\/hu\\\/a-digitalizacio-nagyban-atformalja-a-munkaeropiacot-erre-fel-kell-keszulni\\\/#primaryimage\",\"url\":\"https:\\\/\\\/super-news.info\\\/hu\\\/wp-content\\\/uploads\\\/sites\\\/3\\\/2019\\\/05\\\/A-digitaliz\u00e1ci\u00f3-nagyban-\u00e1tform\u00e1lja-a-munkaer\u0151piacot-erre-fel-kell-k\u00e9sz\u00fclni.jpg\",\"contentUrl\":\"https:\\\/\\\/super-news.info\\\/hu\\\/wp-content\\\/uploads\\\/sites\\\/3\\\/2019\\\/05\\\/A-digitaliz\u00e1ci\u00f3-nagyban-\u00e1tform\u00e1lja-a-munkaer\u0151piacot-erre-fel-kell-k\u00e9sz\u00fclni.jpg\",\"width\":1024,\"height\":675,\"caption\":\"A digitaliz\u00e1ci\u00f3 nagyban \u00e1tform\u00e1lja a munkaer\u0151piacot, erre fel kell k\u00e9sz\u00fclni\"},{\"@type\":\"BreadcrumbList\",\"@id\":\"https:\\\/\\\/super-news.info\\\/hu\\\/a-digitalizacio-nagyban-atformalja-a-munkaeropiacot-erre-fel-kell-keszulni\\\/#breadcrumb\",\"itemListElement\":[{\"@type\":\"ListItem\",\"position\":1,\"name\":\"\u0413\u043b\u0430\u0432\u043d\u0430\u044f \u0441\u0442\u0440\u0430\u043d\u0438\u0446\u0430\",\"item\":\"https:\\\/\\\/super-news.info\\\/hu\\\/\"},{\"@type\":\"ListItem\",\"position\":2,\"name\":\"A digitaliz\u00e1ci\u00f3 nagyban \u00e1tform\u00e1lja a munkaer\u0151piacot, erre fel kell k\u00e9sz\u00fclni\"}]},{\"@type\":\"WebSite\",\"@id\":\"https:\\\/\\\/super-news.info\\\/hu\\\/#website\",\"url\":\"https:\\\/\\\/super-news.info\\\/hu\\\/\",\"name\":\"Super News\",\"description\":\"Super News Magyarorsz\u00e1g\",\"potentialAction\":[{\"@type\":\"SearchAction\",\"target\":{\"@type\":\"EntryPoint\",\"urlTemplate\":\"https:\\\/\\\/super-news.info\\\/hu\\\/?s={search_term_string}\"},\"query-input\":{\"@type\":\"PropertyValueSpecification\",\"valueRequired\":true,\"valueName\":\"search_term_string\"}}],\"inLanguage\":\"hu\"},{\"@type\":\"Person\",\"@id\":\"https:\\\/\\\/super-news.info\\\/hu\\\/#\\\/schema\\\/person\\\/2d4068cb2f39cd10008c2fce578a7356\",\"name\":\"super-news\",\"image\":{\"@type\":\"ImageObject\",\"inLanguage\":\"hu\",\"@id\":\"https:\\\/\\\/secure.gravatar.com\\\/avatar\\\/64ebac40b93f26a154f8a9b5b6fdccfc46f442b26b3dd6756dbff3bf9dc76fd7?s=96&d=mm&r=g\",\"url\":\"https:\\\/\\\/secure.gravatar.com\\\/avatar\\\/64ebac40b93f26a154f8a9b5b6fdccfc46f442b26b3dd6756dbff3bf9dc76fd7?s=96&d=mm&r=g\",\"contentUrl\":\"https:\\\/\\\/secure.gravatar.com\\\/avatar\\\/64ebac40b93f26a154f8a9b5b6fdccfc46f442b26b3dd6756dbff3bf9dc76fd7?s=96&d=mm&r=g\",\"caption\":\"super-news\"},\"url\":\"https:\\\/\\\/super-news.info\\\/hu\\\/author\\\/pt\\\/\"}]}<\/script>\n<!-- \/ Yoast SEO plugin. -->","yoast_head_json":{"title":"A digitaliz\u00e1ci\u00f3 nagyban \u00e1tform\u00e1lja a munkaer\u0151piacot, erre fel kell k\u00e9sz\u00fclni - Super News","robots":{"index":"index","follow":"follow","max-snippet":"max-snippet:-1","max-image-preview":"max-image-preview:large","max-video-preview":"max-video-preview:-1"},"canonical":"https:\/\/super-news.info\/hu\/a-digitalizacio-nagyban-atformalja-a-munkaeropiacot-erre-fel-kell-keszulni\/","og_locale":"hu_HU","og_type":"article","og_title":"A digitaliz\u00e1ci\u00f3 nagyban \u00e1tform\u00e1lja a munkaer\u0151piacot, erre fel kell k\u00e9sz\u00fclni - Super News","og_description":"[ad_1] A digitaliz\u00e1ci\u00f3, a technol\u00f3giai fejl\u0151d\u00e9s drasztikusan \u00e1talak\u00edtja a munkaer\u0151piacot, a korm\u00e1nyoknak m\u00e1r most fel kell k\u00e9sz\u00fclni\u00fck arra, hogy a v\u00e1ltoz\u00e1sokkal ne a dolgoz\u00f3k j\u00e1rjanak rosszul, h\u00edvja fel a figyelmet friss tanulm\u00e1ny\u00e1ban az OECD. A P\u00e9nz\u00fcgyminiszt\u00e9rium foglalkoztat\u00e1spolitikai \u00e1llamtitk\u00e1ra szerint itthon tov\u00e1bbra is kedvez\u0151ek maradhatnak a munkaer\u0151piaci folyamatok \u2013 \u00edrta szombati lapsz\u00e1m\u00e1ban a Magyar Nemzet. Bod\u00f3 [&hellip;]","og_url":"https:\/\/super-news.info\/hu\/a-digitalizacio-nagyban-atformalja-a-munkaeropiacot-erre-fel-kell-keszulni\/","og_site_name":"Super News","article_published_time":"2019-05-04T20:31:11+00:00","article_modified_time":"2019-05-04T20:31:12+00:00","og_image":[{"width":1024,"height":675,"url":"https:\/\/super-news.info\/hu\/wp-content\/uploads\/sites\/3\/2019\/05\/A-digitaliz\u00e1ci\u00f3-nagyban-\u00e1tform\u00e1lja-a-munkaer\u0151piacot-erre-fel-kell-k\u00e9sz\u00fclni.jpg","type":"image\/jpeg"}],"author":"super-news","twitter_card":"summary_large_image","twitter_misc":{"Szerz\u0151:":"super-news","Becs\u00fclt olvas\u00e1si id\u0151":"2 perc"},"schema":{"@context":"https:\/\/schema.org","@graph":[{"@type":"Article","@id":"https:\/\/super-news.info\/hu\/a-digitalizacio-nagyban-atformalja-a-munkaeropiacot-erre-fel-kell-keszulni\/#article","isPartOf":{"@id":"https:\/\/super-news.info\/hu\/a-digitalizacio-nagyban-atformalja-a-munkaeropiacot-erre-fel-kell-keszulni\/"},"author":{"name":"super-news","@id":"https:\/\/super-news.info\/hu\/#\/schema\/person\/2d4068cb2f39cd10008c2fce578a7356"},"headline":"A digitaliz\u00e1ci\u00f3 nagyban \u00e1tform\u00e1lja a munkaer\u0151piacot, erre fel kell k\u00e9sz\u00fclni","datePublished":"2019-05-04T20:31:11+00:00","dateModified":"2019-05-04T20:31:12+00:00","mainEntityOfPage":{"@id":"https:\/\/super-news.info\/hu\/a-digitalizacio-nagyban-atformalja-a-munkaeropiacot-erre-fel-kell-keszulni\/"},"wordCount":471,"commentCount":0,"image":{"@id":"https:\/\/super-news.info\/hu\/a-digitalizacio-nagyban-atformalja-a-munkaeropiacot-erre-fel-kell-keszulni\/#primaryimage"},"thumbnailUrl":"https:\/\/super-news.info\/hu\/wp-content\/uploads\/sites\/3\/2019\/05\/A-digitaliz\u00e1ci\u00f3-nagyban-\u00e1tform\u00e1lja-a-munkaer\u0151piacot-erre-fel-kell-k\u00e9sz\u00fclni.jpg","articleSection":["P\u00c9NZ\u00dcGYI H\u00cdREK"],"inLanguage":"hu","potentialAction":[{"@type":"CommentAction","name":"Comment","target":["https:\/\/super-news.info\/hu\/a-digitalizacio-nagyban-atformalja-a-munkaeropiacot-erre-fel-kell-keszulni\/#respond"]}]},{"@type":"WebPage","@id":"https:\/\/super-news.info\/hu\/a-digitalizacio-nagyban-atformalja-a-munkaeropiacot-erre-fel-kell-keszulni\/","url":"https:\/\/super-news.info\/hu\/a-digitalizacio-nagyban-atformalja-a-munkaeropiacot-erre-fel-kell-keszulni\/","name":"A digitaliz\u00e1ci\u00f3 nagyban \u00e1tform\u00e1lja a munkaer\u0151piacot, erre fel kell k\u00e9sz\u00fclni - Super News","isPartOf":{"@id":"https:\/\/super-news.info\/hu\/#website"},"primaryImageOfPage":{"@id":"https:\/\/super-news.info\/hu\/a-digitalizacio-nagyban-atformalja-a-munkaeropiacot-erre-fel-kell-keszulni\/#primaryimage"},"image":{"@id":"https:\/\/super-news.info\/hu\/a-digitalizacio-nagyban-atformalja-a-munkaeropiacot-erre-fel-kell-keszulni\/#primaryimage"},"thumbnailUrl":"https:\/\/super-news.info\/hu\/wp-content\/uploads\/sites\/3\/2019\/05\/A-digitaliz\u00e1ci\u00f3-nagyban-\u00e1tform\u00e1lja-a-munkaer\u0151piacot-erre-fel-kell-k\u00e9sz\u00fclni.jpg","datePublished":"2019-05-04T20:31:11+00:00","dateModified":"2019-05-04T20:31:12+00:00","author":{"@id":"https:\/\/super-news.info\/hu\/#\/schema\/person\/2d4068cb2f39cd10008c2fce578a7356"},"breadcrumb":{"@id":"https:\/\/super-news.info\/hu\/a-digitalizacio-nagyban-atformalja-a-munkaeropiacot-erre-fel-kell-keszulni\/#breadcrumb"},"inLanguage":"hu","potentialAction":[{"@type":"ReadAction","target":["https:\/\/super-news.info\/hu\/a-digitalizacio-nagyban-atformalja-a-munkaeropiacot-erre-fel-kell-keszulni\/"]}]},{"@type":"ImageObject","inLanguage":"hu","@id":"https:\/\/super-news.info\/hu\/a-digitalizacio-nagyban-atformalja-a-munkaeropiacot-erre-fel-kell-keszulni\/#primaryimage","url":"https:\/\/super-news.info\/hu\/wp-content\/uploads\/sites\/3\/2019\/05\/A-digitaliz\u00e1ci\u00f3-nagyban-\u00e1tform\u00e1lja-a-munkaer\u0151piacot-erre-fel-kell-k\u00e9sz\u00fclni.jpg","contentUrl":"https:\/\/super-news.info\/hu\/wp-content\/uploads\/sites\/3\/2019\/05\/A-digitaliz\u00e1ci\u00f3-nagyban-\u00e1tform\u00e1lja-a-munkaer\u0151piacot-erre-fel-kell-k\u00e9sz\u00fclni.jpg","width":1024,"height":675,"caption":"A digitaliz\u00e1ci\u00f3 nagyban \u00e1tform\u00e1lja a munkaer\u0151piacot, erre fel kell k\u00e9sz\u00fclni"},{"@type":"BreadcrumbList","@id":"https:\/\/super-news.info\/hu\/a-digitalizacio-nagyban-atformalja-a-munkaeropiacot-erre-fel-kell-keszulni\/#breadcrumb","itemListElement":[{"@type":"ListItem","position":1,"name":"\u0413\u043b\u0430\u0432\u043d\u0430\u044f \u0441\u0442\u0440\u0430\u043d\u0438\u0446\u0430","item":"https:\/\/super-news.info\/hu\/"},{"@type":"ListItem","position":2,"name":"A digitaliz\u00e1ci\u00f3 nagyban \u00e1tform\u00e1lja a munkaer\u0151piacot, erre fel kell k\u00e9sz\u00fclni"}]},{"@type":"WebSite","@id":"https:\/\/super-news.info\/hu\/#website","url":"https:\/\/super-news.info\/hu\/","name":"Super News","description":"Super News Magyarorsz\u00e1g","potentialAction":[{"@type":"SearchAction","target":{"@type":"EntryPoint","urlTemplate":"https:\/\/super-news.info\/hu\/?s={search_term_string}"},"query-input":{"@type":"PropertyValueSpecification","valueRequired":true,"valueName":"search_term_string"}}],"inLanguage":"hu"},{"@type":"Person","@id":"https:\/\/super-news.info\/hu\/#\/schema\/person\/2d4068cb2f39cd10008c2fce578a7356","name":"super-news","image":{"@type":"ImageObject","inLanguage":"hu","@id":"https:\/\/secure.gravatar.com\/avatar\/64ebac40b93f26a154f8a9b5b6fdccfc46f442b26b3dd6756dbff3bf9dc76fd7?s=96&d=mm&r=g","url":"https:\/\/secure.gravatar.com\/avatar\/64ebac40b93f26a154f8a9b5b6fdccfc46f442b26b3dd6756dbff3bf9dc76fd7?s=96&d=mm&r=g","contentUrl":"https:\/\/secure.gravatar.com\/avatar\/64ebac40b93f26a154f8a9b5b6fdccfc46f442b26b3dd6756dbff3bf9dc76fd7?s=96&d=mm&r=g","caption":"super-news"},"url":"https:\/\/super-news.info\/hu\/author\/pt\/"}]}},"_links":{"self":[{"href":"https:\/\/super-news.info\/hu\/wp-json\/wp\/v2\/posts\/1353","targetHints":{"allow":["GET"]}}],"collection":[{"href":"https:\/\/super-news.info\/hu\/wp-json\/wp\/v2\/posts"}],"about":[{"href":"https:\/\/super-news.info\/hu\/wp-json\/wp\/v2\/types\/post"}],"author":[{"embeddable":true,"href":"https:\/\/super-news.info\/hu\/wp-json\/wp\/v2\/users\/2"}],"replies":[{"embeddable":true,"href":"https:\/\/super-news.info\/hu\/wp-json\/wp\/v2\/comments?post=1353"}],"version-history":[{"count":1,"href":"https:\/\/super-news.info\/hu\/wp-json\/wp\/v2\/posts\/1353\/revisions"}],"predecessor-version":[{"id":1355,"href":"https:\/\/super-news.info\/hu\/wp-json\/wp\/v2\/posts\/1353\/revisions\/1355"}],"wp:featuredmedia":[{"embeddable":true,"href":"https:\/\/super-news.info\/hu\/wp-json\/wp\/v2\/media\/1354"}],"wp:attachment":[{"href":"https:\/\/super-news.info\/hu\/wp-json\/wp\/v2\/media?parent=1353"}],"wp:term":[{"taxonomy":"category","embeddable":true,"href":"https:\/\/super-news.info\/hu\/wp-json\/wp\/v2\/categories?post=1353"},{"taxonomy":"post_tag","embeddable":true,"href":"https:\/\/super-news.info\/hu\/wp-json\/wp\/v2\/tags?post=1353"}],"curies":[{"name":"wp","href":"https:\/\/api.w.org\/{rel}","templated":true}]}}