{"id":1347,"date":"2019-05-04T21:36:04","date_gmt":"2019-05-04T18:36:04","guid":{"rendered":"https:\/\/super-news.info\/hu\/megkezdodott-a-vizisport-evad-a-velencei-tonal\/"},"modified":"2019-05-04T21:36:05","modified_gmt":"2019-05-04T18:36:05","slug":"megkezdodott-a-vizisport-evad-a-velencei-tonal","status":"publish","type":"post","link":"https:\/\/super-news.info\/hu\/megkezdodott-a-vizisport-evad-a-velencei-tonal\/","title":{"rendered":"Megkezd\u0151d\u00f6tt a v\u00edzisport-\u00e9vad a Velencei-t\u00f3n\u00e1l"},"content":{"rendered":"<p> [ad_1]<br \/>\n<\/p>\n<p>\n\t\t\t\t\t\t\t\tMegkoszor\u00fazt\u00e1k a tavat a Velencei-tavi V\u00edzi Sportiskola (VVSI) szombati szezonnyit\u00f3j\u00e1n, ezzel hivatalosan is megkezd\u0151d\u00f6tt a 2019-es \u00e9vad.\t\t\t\t\t\t\t<\/p>\n<div>\n<p>Az \u00fcnneps\u00e9gen Solt\u00e9sz Mikl\u00f3s, a Minisztereln\u00f6ks\u00e9g egyh\u00e1zi \u00e9s nemzetis\u00e9gi kapcsolatok\u00e9rt felel\u0151s \u00e1llamtitk\u00e1ra, a Velencei-tavi V\u00edzisport Sz\u00f6vets\u00e9g eln\u00f6ke hangs\u00falyozta: nem minden gyerek lesz \u00e9lsportol\u00f3, olimpiai- vagy vil\u00e1gbajnok, az csak a piramis cs\u00facsa.<\/p>\n<blockquote>\n<p>Enn\u00e9l sokkal fontosabb, hogy szeress\u00e9k a vizet, a k\u00f6z\u00f6ss\u00e9get, a v\u00e1lasztott sport\u00e1gat \u00e9s embereket faragjanak bel\u0151l\u00fck.<\/p>\n<\/blockquote>\n<p>Mint mondta, a VVSI-n\u00e9l pall\u00e9roz\u00f3d\u00f3 gyerekek k\u00e9s\u0151bb az \u00e9let sok ter\u00fclet\u00e9n megjelennek, a sport pedig seg\u00edt nekik a helyt\u00e1ll\u00e1sban.<\/p>\n<div id=\"attachment_1072944\" style=\"width: 1034px\" class=\"wp-caption alignnone\">\n<p class=\"wp-caption-text\">Fot\u00f3: MTI\/H. Szab\u00f3 S\u00e1ndor<\/p>\n<\/div>\n<p>Tessely Zolt\u00e1n, a Pann\u00f3nia Sz\u00edve program \u00e9s a Velencei-t\u00f3 ter\u00fcletfejleszt\u00e9s\u00e9\u00e9rt felel\u0151s minisztereln\u00f6ki biztos, a t\u00e9rs\u00e9g orsz\u00e1ggy\u0171l\u00e9si k\u00e9pvisel\u0151je r\u00e1mutatott, hogy a sportiskol\u00e1ban minden nap a fiatalokr\u00f3l sz\u00f3l. \u00dagy v\u00e9lte, a nagyszer\u0171 k\u00f6rnyezet id\u00e9n is lehet\u0151s\u00e9get ad nekik arra, hogy l\u00e9p\u00e9seket tegyenek saj\u00e1t \u00e1lmaik megval\u00f3sul\u00e1s\u00e1\u00e9rt.<\/p>\n<p>L. Simon L\u00e1szl\u00f3 orsz\u00e1ggy\u0171l\u00e9si k\u00e9pvisel\u0151 jelent\u0151s dolognak nevezte az \u00e9szaki evez\u0151sp\u00e1lya teljes fel\u00faj\u00edt\u00e1s\u00e1t, amely vil\u00e1gversenyek megrendez\u00e9s\u00e9re lesz alkalmas. Jelezte, hogy<\/p>\n<p>az els\u0151 komoly versenyt szeptemberben rendezik a p\u00e1ly\u00e1n, amikor masters evez\u0151s v\u00e9b\u00e9nek ad otthont.<\/p>\n<p>De\u00e1k Csaba, a VVSI \u00fcgyvezet\u0151 igazgat\u00f3ja elmondta, hogy a klub sz\u00edneiben mintegy h\u00e1romsz\u00e1z, ut\u00e1np\u00f3tl\u00e1skor\u00fa gyerek sportol: a vitorl\u00e1z\u00f3k \u00f6tvenen, az evez\u0151s\u00f6k sz\u00e1zan vannak, a kajak-kenusok l\u00e9tsz\u00e1ma pedig sz\u00e1z\u00f6tven.<\/p>\n<\/p><\/div>\n<p><script>\n    window.fbAsyncInit = function() {\n        FB.init({\n            appId      : \"204760236815359\",\n            xfbml      : true,\n            version    : \"v2.12\"\n        });\n        FB.AppEvents.logPageView();\n    };<\/p>\n<p>    (function(d, s, id){\n        var js, fjs = d.getElementsByTagName(s)[0];\n        if (d.getElementById(id)) {return;}\n        js = d.createElement(s); js.id = id;\n        js.src = \"http:\/\/connect.facebook.net\/hu_HU\/sdk.js\";\n        fjs.parentNode.insertBefore(js, fjs);\n    }(document, \"script\", \"facebook-jssdk\"));\n<\/script><br \/>\n<br \/>[ad_2]<br \/>\n<br \/><a href=\"https:\/\/www.vg.hu\/kozelet\/sport\/megnyilt-a-vizisport-evad-a-velencei-tonal-1492705\/\">Source link <\/a><\/p>\n","protected":false},"excerpt":{"rendered":"<p>[ad_1] Megkoszor\u00fazt\u00e1k a tavat a Velencei-tavi V\u00edzi Sportiskola (VVSI) szombati szezonnyit\u00f3j\u00e1n, ezzel hivatalosan is megkezd\u0151d\u00f6tt a 2019-es \u00e9vad. Az \u00fcnneps\u00e9gen Solt\u00e9sz Mikl\u00f3s, a Minisztereln\u00f6ks\u00e9g egyh\u00e1zi \u00e9s nemzetis\u00e9gi kapcsolatok\u00e9rt felel\u0151s \u00e1llamtitk\u00e1ra, a Velencei-tavi V\u00edzisport Sz\u00f6vets\u00e9g eln\u00f6ke hangs\u00falyozta: nem minden gyerek lesz \u00e9lsportol\u00f3, olimpiai- vagy vil\u00e1gbajnok, az csak a piramis cs\u00facsa. Enn\u00e9l sokkal fontosabb, hogy szeress\u00e9k a [&hellip;]<\/p>\n","protected":false},"author":2,"featured_media":1348,"comment_status":"open","ping_status":"open","sticky":false,"template":"","format":"standard","meta":{"footnotes":""},"categories":[1],"tags":[],"class_list":["post-1347","post","type-post","status-publish","format-standard","has-post-thumbnail","hentry","category-penzugyi-hirek"],"yoast_head":"<!-- This site is optimized with the Yoast SEO plugin v27.4 - https:\/\/yoast.com\/product\/yoast-seo-wordpress\/ -->\n<title>Megkezd\u0151d\u00f6tt a v\u00edzisport-\u00e9vad a Velencei-t\u00f3n\u00e1l - Super News<\/title>\n<meta name=\"robots\" content=\"index, follow, max-snippet:-1, max-image-preview:large, max-video-preview:-1\" \/>\n<link rel=\"canonical\" href=\"https:\/\/super-news.info\/hu\/megkezdodott-a-vizisport-evad-a-velencei-tonal\/\" \/>\n<meta property=\"og:locale\" content=\"hu_HU\" \/>\n<meta property=\"og:type\" content=\"article\" \/>\n<meta property=\"og:title\" content=\"Megkezd\u0151d\u00f6tt a v\u00edzisport-\u00e9vad a Velencei-t\u00f3n\u00e1l - Super News\" \/>\n<meta property=\"og:description\" content=\"[ad_1] Megkoszor\u00fazt\u00e1k a tavat a Velencei-tavi V\u00edzi Sportiskola (VVSI) szombati szezonnyit\u00f3j\u00e1n, ezzel hivatalosan is megkezd\u0151d\u00f6tt a 2019-es \u00e9vad. Az \u00fcnneps\u00e9gen Solt\u00e9sz Mikl\u00f3s, a Minisztereln\u00f6ks\u00e9g egyh\u00e1zi \u00e9s nemzetis\u00e9gi kapcsolatok\u00e9rt felel\u0151s \u00e1llamtitk\u00e1ra, a Velencei-tavi V\u00edzisport Sz\u00f6vets\u00e9g eln\u00f6ke hangs\u00falyozta: nem minden gyerek lesz \u00e9lsportol\u00f3, olimpiai- vagy vil\u00e1gbajnok, az csak a piramis cs\u00facsa. Enn\u00e9l sokkal fontosabb, hogy szeress\u00e9k a [&hellip;]\" \/>\n<meta property=\"og:url\" content=\"https:\/\/super-news.info\/hu\/megkezdodott-a-vizisport-evad-a-velencei-tonal\/\" \/>\n<meta property=\"og:site_name\" content=\"Super News\" \/>\n<meta property=\"article:published_time\" content=\"2019-05-04T18:36:04+00:00\" \/>\n<meta property=\"article:modified_time\" content=\"2019-05-04T18:36:05+00:00\" \/>\n<meta property=\"og:image\" content=\"https:\/\/super-news.info\/hu\/wp-content\/uploads\/sites\/3\/2019\/05\/Megkezd\u0151d\u00f6tt-a-v\u00edzisport-\u00e9vad-a-Velencei-t\u00f3n\u00e1l.jpg\" \/>\n\t<meta property=\"og:image:width\" content=\"1024\" \/>\n\t<meta property=\"og:image:height\" content=\"680\" \/>\n\t<meta property=\"og:image:type\" content=\"image\/jpeg\" \/>\n<meta name=\"author\" content=\"super-news\" \/>\n<meta name=\"twitter:card\" content=\"summary_large_image\" \/>\n<meta name=\"twitter:label1\" content=\"Szerz\u0151:\" \/>\n\t<meta name=\"twitter:data1\" content=\"super-news\" \/>\n\t<meta name=\"twitter:label2\" content=\"Becs\u00fclt olvas\u00e1si id\u0151\" \/>\n\t<meta name=\"twitter:data2\" content=\"2 perc\" \/>\n<script type=\"application\/ld+json\" class=\"yoast-schema-graph\">{\"@context\":\"https:\\\/\\\/schema.org\",\"@graph\":[{\"@type\":\"Article\",\"@id\":\"https:\\\/\\\/super-news.info\\\/hu\\\/megkezdodott-a-vizisport-evad-a-velencei-tonal\\\/#article\",\"isPartOf\":{\"@id\":\"https:\\\/\\\/super-news.info\\\/hu\\\/megkezdodott-a-vizisport-evad-a-velencei-tonal\\\/\"},\"author\":{\"name\":\"super-news\",\"@id\":\"https:\\\/\\\/super-news.info\\\/hu\\\/#\\\/schema\\\/person\\\/2d4068cb2f39cd10008c2fce578a7356\"},\"headline\":\"Megkezd\u0151d\u00f6tt a v\u00edzisport-\u00e9vad a Velencei-t\u00f3n\u00e1l\",\"datePublished\":\"2019-05-04T18:36:04+00:00\",\"dateModified\":\"2019-05-04T18:36:05+00:00\",\"mainEntityOfPage\":{\"@id\":\"https:\\\/\\\/super-news.info\\\/hu\\\/megkezdodott-a-vizisport-evad-a-velencei-tonal\\\/\"},\"wordCount\":319,\"commentCount\":0,\"image\":{\"@id\":\"https:\\\/\\\/super-news.info\\\/hu\\\/megkezdodott-a-vizisport-evad-a-velencei-tonal\\\/#primaryimage\"},\"thumbnailUrl\":\"https:\\\/\\\/super-news.info\\\/hu\\\/wp-content\\\/uploads\\\/sites\\\/3\\\/2019\\\/05\\\/Megkezd\u0151d\u00f6tt-a-v\u00edzisport-\u00e9vad-a-Velencei-t\u00f3n\u00e1l.jpg\",\"articleSection\":[\"P\u00c9NZ\u00dcGYI H\u00cdREK\"],\"inLanguage\":\"hu\",\"potentialAction\":[{\"@type\":\"CommentAction\",\"name\":\"Comment\",\"target\":[\"https:\\\/\\\/super-news.info\\\/hu\\\/megkezdodott-a-vizisport-evad-a-velencei-tonal\\\/#respond\"]}]},{\"@type\":\"WebPage\",\"@id\":\"https:\\\/\\\/super-news.info\\\/hu\\\/megkezdodott-a-vizisport-evad-a-velencei-tonal\\\/\",\"url\":\"https:\\\/\\\/super-news.info\\\/hu\\\/megkezdodott-a-vizisport-evad-a-velencei-tonal\\\/\",\"name\":\"Megkezd\u0151d\u00f6tt a v\u00edzisport-\u00e9vad a Velencei-t\u00f3n\u00e1l - Super News\",\"isPartOf\":{\"@id\":\"https:\\\/\\\/super-news.info\\\/hu\\\/#website\"},\"primaryImageOfPage\":{\"@id\":\"https:\\\/\\\/super-news.info\\\/hu\\\/megkezdodott-a-vizisport-evad-a-velencei-tonal\\\/#primaryimage\"},\"image\":{\"@id\":\"https:\\\/\\\/super-news.info\\\/hu\\\/megkezdodott-a-vizisport-evad-a-velencei-tonal\\\/#primaryimage\"},\"thumbnailUrl\":\"https:\\\/\\\/super-news.info\\\/hu\\\/wp-content\\\/uploads\\\/sites\\\/3\\\/2019\\\/05\\\/Megkezd\u0151d\u00f6tt-a-v\u00edzisport-\u00e9vad-a-Velencei-t\u00f3n\u00e1l.jpg\",\"datePublished\":\"2019-05-04T18:36:04+00:00\",\"dateModified\":\"2019-05-04T18:36:05+00:00\",\"author\":{\"@id\":\"https:\\\/\\\/super-news.info\\\/hu\\\/#\\\/schema\\\/person\\\/2d4068cb2f39cd10008c2fce578a7356\"},\"breadcrumb\":{\"@id\":\"https:\\\/\\\/super-news.info\\\/hu\\\/megkezdodott-a-vizisport-evad-a-velencei-tonal\\\/#breadcrumb\"},\"inLanguage\":\"hu\",\"potentialAction\":[{\"@type\":\"ReadAction\",\"target\":[\"https:\\\/\\\/super-news.info\\\/hu\\\/megkezdodott-a-vizisport-evad-a-velencei-tonal\\\/\"]}]},{\"@type\":\"ImageObject\",\"inLanguage\":\"hu\",\"@id\":\"https:\\\/\\\/super-news.info\\\/hu\\\/megkezdodott-a-vizisport-evad-a-velencei-tonal\\\/#primaryimage\",\"url\":\"https:\\\/\\\/super-news.info\\\/hu\\\/wp-content\\\/uploads\\\/sites\\\/3\\\/2019\\\/05\\\/Megkezd\u0151d\u00f6tt-a-v\u00edzisport-\u00e9vad-a-Velencei-t\u00f3n\u00e1l.jpg\",\"contentUrl\":\"https:\\\/\\\/super-news.info\\\/hu\\\/wp-content\\\/uploads\\\/sites\\\/3\\\/2019\\\/05\\\/Megkezd\u0151d\u00f6tt-a-v\u00edzisport-\u00e9vad-a-Velencei-t\u00f3n\u00e1l.jpg\",\"width\":1024,\"height\":680,\"caption\":\"Megkezd\u0151d\u00f6tt a v\u00edzisport-\u00e9vad a Velencei-t\u00f3n\u00e1l\"},{\"@type\":\"BreadcrumbList\",\"@id\":\"https:\\\/\\\/super-news.info\\\/hu\\\/megkezdodott-a-vizisport-evad-a-velencei-tonal\\\/#breadcrumb\",\"itemListElement\":[{\"@type\":\"ListItem\",\"position\":1,\"name\":\"\u0413\u043b\u0430\u0432\u043d\u0430\u044f \u0441\u0442\u0440\u0430\u043d\u0438\u0446\u0430\",\"item\":\"https:\\\/\\\/super-news.info\\\/hu\\\/\"},{\"@type\":\"ListItem\",\"position\":2,\"name\":\"Megkezd\u0151d\u00f6tt a v\u00edzisport-\u00e9vad a Velencei-t\u00f3n\u00e1l\"}]},{\"@type\":\"WebSite\",\"@id\":\"https:\\\/\\\/super-news.info\\\/hu\\\/#website\",\"url\":\"https:\\\/\\\/super-news.info\\\/hu\\\/\",\"name\":\"Super News\",\"description\":\"Super News Magyarorsz\u00e1g\",\"potentialAction\":[{\"@type\":\"SearchAction\",\"target\":{\"@type\":\"EntryPoint\",\"urlTemplate\":\"https:\\\/\\\/super-news.info\\\/hu\\\/?s={search_term_string}\"},\"query-input\":{\"@type\":\"PropertyValueSpecification\",\"valueRequired\":true,\"valueName\":\"search_term_string\"}}],\"inLanguage\":\"hu\"},{\"@type\":\"Person\",\"@id\":\"https:\\\/\\\/super-news.info\\\/hu\\\/#\\\/schema\\\/person\\\/2d4068cb2f39cd10008c2fce578a7356\",\"name\":\"super-news\",\"image\":{\"@type\":\"ImageObject\",\"inLanguage\":\"hu\",\"@id\":\"https:\\\/\\\/secure.gravatar.com\\\/avatar\\\/64ebac40b93f26a154f8a9b5b6fdccfc46f442b26b3dd6756dbff3bf9dc76fd7?s=96&d=mm&r=g\",\"url\":\"https:\\\/\\\/secure.gravatar.com\\\/avatar\\\/64ebac40b93f26a154f8a9b5b6fdccfc46f442b26b3dd6756dbff3bf9dc76fd7?s=96&d=mm&r=g\",\"contentUrl\":\"https:\\\/\\\/secure.gravatar.com\\\/avatar\\\/64ebac40b93f26a154f8a9b5b6fdccfc46f442b26b3dd6756dbff3bf9dc76fd7?s=96&d=mm&r=g\",\"caption\":\"super-news\"},\"url\":\"https:\\\/\\\/super-news.info\\\/hu\\\/author\\\/pt\\\/\"}]}<\/script>\n<!-- \/ Yoast SEO plugin. -->","yoast_head_json":{"title":"Megkezd\u0151d\u00f6tt a v\u00edzisport-\u00e9vad a Velencei-t\u00f3n\u00e1l - Super News","robots":{"index":"index","follow":"follow","max-snippet":"max-snippet:-1","max-image-preview":"max-image-preview:large","max-video-preview":"max-video-preview:-1"},"canonical":"https:\/\/super-news.info\/hu\/megkezdodott-a-vizisport-evad-a-velencei-tonal\/","og_locale":"hu_HU","og_type":"article","og_title":"Megkezd\u0151d\u00f6tt a v\u00edzisport-\u00e9vad a Velencei-t\u00f3n\u00e1l - Super News","og_description":"[ad_1] Megkoszor\u00fazt\u00e1k a tavat a Velencei-tavi V\u00edzi Sportiskola (VVSI) szombati szezonnyit\u00f3j\u00e1n, ezzel hivatalosan is megkezd\u0151d\u00f6tt a 2019-es \u00e9vad. Az \u00fcnneps\u00e9gen Solt\u00e9sz Mikl\u00f3s, a Minisztereln\u00f6ks\u00e9g egyh\u00e1zi \u00e9s nemzetis\u00e9gi kapcsolatok\u00e9rt felel\u0151s \u00e1llamtitk\u00e1ra, a Velencei-tavi V\u00edzisport Sz\u00f6vets\u00e9g eln\u00f6ke hangs\u00falyozta: nem minden gyerek lesz \u00e9lsportol\u00f3, olimpiai- vagy vil\u00e1gbajnok, az csak a piramis cs\u00facsa. Enn\u00e9l sokkal fontosabb, hogy szeress\u00e9k a [&hellip;]","og_url":"https:\/\/super-news.info\/hu\/megkezdodott-a-vizisport-evad-a-velencei-tonal\/","og_site_name":"Super News","article_published_time":"2019-05-04T18:36:04+00:00","article_modified_time":"2019-05-04T18:36:05+00:00","og_image":[{"width":1024,"height":680,"url":"https:\/\/super-news.info\/hu\/wp-content\/uploads\/sites\/3\/2019\/05\/Megkezd\u0151d\u00f6tt-a-v\u00edzisport-\u00e9vad-a-Velencei-t\u00f3n\u00e1l.jpg","type":"image\/jpeg"}],"author":"super-news","twitter_card":"summary_large_image","twitter_misc":{"Szerz\u0151:":"super-news","Becs\u00fclt olvas\u00e1si id\u0151":"2 perc"},"schema":{"@context":"https:\/\/schema.org","@graph":[{"@type":"Article","@id":"https:\/\/super-news.info\/hu\/megkezdodott-a-vizisport-evad-a-velencei-tonal\/#article","isPartOf":{"@id":"https:\/\/super-news.info\/hu\/megkezdodott-a-vizisport-evad-a-velencei-tonal\/"},"author":{"name":"super-news","@id":"https:\/\/super-news.info\/hu\/#\/schema\/person\/2d4068cb2f39cd10008c2fce578a7356"},"headline":"Megkezd\u0151d\u00f6tt a v\u00edzisport-\u00e9vad a Velencei-t\u00f3n\u00e1l","datePublished":"2019-05-04T18:36:04+00:00","dateModified":"2019-05-04T18:36:05+00:00","mainEntityOfPage":{"@id":"https:\/\/super-news.info\/hu\/megkezdodott-a-vizisport-evad-a-velencei-tonal\/"},"wordCount":319,"commentCount":0,"image":{"@id":"https:\/\/super-news.info\/hu\/megkezdodott-a-vizisport-evad-a-velencei-tonal\/#primaryimage"},"thumbnailUrl":"https:\/\/super-news.info\/hu\/wp-content\/uploads\/sites\/3\/2019\/05\/Megkezd\u0151d\u00f6tt-a-v\u00edzisport-\u00e9vad-a-Velencei-t\u00f3n\u00e1l.jpg","articleSection":["P\u00c9NZ\u00dcGYI H\u00cdREK"],"inLanguage":"hu","potentialAction":[{"@type":"CommentAction","name":"Comment","target":["https:\/\/super-news.info\/hu\/megkezdodott-a-vizisport-evad-a-velencei-tonal\/#respond"]}]},{"@type":"WebPage","@id":"https:\/\/super-news.info\/hu\/megkezdodott-a-vizisport-evad-a-velencei-tonal\/","url":"https:\/\/super-news.info\/hu\/megkezdodott-a-vizisport-evad-a-velencei-tonal\/","name":"Megkezd\u0151d\u00f6tt a v\u00edzisport-\u00e9vad a Velencei-t\u00f3n\u00e1l - Super News","isPartOf":{"@id":"https:\/\/super-news.info\/hu\/#website"},"primaryImageOfPage":{"@id":"https:\/\/super-news.info\/hu\/megkezdodott-a-vizisport-evad-a-velencei-tonal\/#primaryimage"},"image":{"@id":"https:\/\/super-news.info\/hu\/megkezdodott-a-vizisport-evad-a-velencei-tonal\/#primaryimage"},"thumbnailUrl":"https:\/\/super-news.info\/hu\/wp-content\/uploads\/sites\/3\/2019\/05\/Megkezd\u0151d\u00f6tt-a-v\u00edzisport-\u00e9vad-a-Velencei-t\u00f3n\u00e1l.jpg","datePublished":"2019-05-04T18:36:04+00:00","dateModified":"2019-05-04T18:36:05+00:00","author":{"@id":"https:\/\/super-news.info\/hu\/#\/schema\/person\/2d4068cb2f39cd10008c2fce578a7356"},"breadcrumb":{"@id":"https:\/\/super-news.info\/hu\/megkezdodott-a-vizisport-evad-a-velencei-tonal\/#breadcrumb"},"inLanguage":"hu","potentialAction":[{"@type":"ReadAction","target":["https:\/\/super-news.info\/hu\/megkezdodott-a-vizisport-evad-a-velencei-tonal\/"]}]},{"@type":"ImageObject","inLanguage":"hu","@id":"https:\/\/super-news.info\/hu\/megkezdodott-a-vizisport-evad-a-velencei-tonal\/#primaryimage","url":"https:\/\/super-news.info\/hu\/wp-content\/uploads\/sites\/3\/2019\/05\/Megkezd\u0151d\u00f6tt-a-v\u00edzisport-\u00e9vad-a-Velencei-t\u00f3n\u00e1l.jpg","contentUrl":"https:\/\/super-news.info\/hu\/wp-content\/uploads\/sites\/3\/2019\/05\/Megkezd\u0151d\u00f6tt-a-v\u00edzisport-\u00e9vad-a-Velencei-t\u00f3n\u00e1l.jpg","width":1024,"height":680,"caption":"Megkezd\u0151d\u00f6tt a v\u00edzisport-\u00e9vad a Velencei-t\u00f3n\u00e1l"},{"@type":"BreadcrumbList","@id":"https:\/\/super-news.info\/hu\/megkezdodott-a-vizisport-evad-a-velencei-tonal\/#breadcrumb","itemListElement":[{"@type":"ListItem","position":1,"name":"\u0413\u043b\u0430\u0432\u043d\u0430\u044f \u0441\u0442\u0440\u0430\u043d\u0438\u0446\u0430","item":"https:\/\/super-news.info\/hu\/"},{"@type":"ListItem","position":2,"name":"Megkezd\u0151d\u00f6tt a v\u00edzisport-\u00e9vad a Velencei-t\u00f3n\u00e1l"}]},{"@type":"WebSite","@id":"https:\/\/super-news.info\/hu\/#website","url":"https:\/\/super-news.info\/hu\/","name":"Super News","description":"Super News Magyarorsz\u00e1g","potentialAction":[{"@type":"SearchAction","target":{"@type":"EntryPoint","urlTemplate":"https:\/\/super-news.info\/hu\/?s={search_term_string}"},"query-input":{"@type":"PropertyValueSpecification","valueRequired":true,"valueName":"search_term_string"}}],"inLanguage":"hu"},{"@type":"Person","@id":"https:\/\/super-news.info\/hu\/#\/schema\/person\/2d4068cb2f39cd10008c2fce578a7356","name":"super-news","image":{"@type":"ImageObject","inLanguage":"hu","@id":"https:\/\/secure.gravatar.com\/avatar\/64ebac40b93f26a154f8a9b5b6fdccfc46f442b26b3dd6756dbff3bf9dc76fd7?s=96&d=mm&r=g","url":"https:\/\/secure.gravatar.com\/avatar\/64ebac40b93f26a154f8a9b5b6fdccfc46f442b26b3dd6756dbff3bf9dc76fd7?s=96&d=mm&r=g","contentUrl":"https:\/\/secure.gravatar.com\/avatar\/64ebac40b93f26a154f8a9b5b6fdccfc46f442b26b3dd6756dbff3bf9dc76fd7?s=96&d=mm&r=g","caption":"super-news"},"url":"https:\/\/super-news.info\/hu\/author\/pt\/"}]}},"_links":{"self":[{"href":"https:\/\/super-news.info\/hu\/wp-json\/wp\/v2\/posts\/1347","targetHints":{"allow":["GET"]}}],"collection":[{"href":"https:\/\/super-news.info\/hu\/wp-json\/wp\/v2\/posts"}],"about":[{"href":"https:\/\/super-news.info\/hu\/wp-json\/wp\/v2\/types\/post"}],"author":[{"embeddable":true,"href":"https:\/\/super-news.info\/hu\/wp-json\/wp\/v2\/users\/2"}],"replies":[{"embeddable":true,"href":"https:\/\/super-news.info\/hu\/wp-json\/wp\/v2\/comments?post=1347"}],"version-history":[{"count":1,"href":"https:\/\/super-news.info\/hu\/wp-json\/wp\/v2\/posts\/1347\/revisions"}],"predecessor-version":[{"id":1349,"href":"https:\/\/super-news.info\/hu\/wp-json\/wp\/v2\/posts\/1347\/revisions\/1349"}],"wp:featuredmedia":[{"embeddable":true,"href":"https:\/\/super-news.info\/hu\/wp-json\/wp\/v2\/media\/1348"}],"wp:attachment":[{"href":"https:\/\/super-news.info\/hu\/wp-json\/wp\/v2\/media?parent=1347"}],"wp:term":[{"taxonomy":"category","embeddable":true,"href":"https:\/\/super-news.info\/hu\/wp-json\/wp\/v2\/categories?post=1347"},{"taxonomy":"post_tag","embeddable":true,"href":"https:\/\/super-news.info\/hu\/wp-json\/wp\/v2\/tags?post=1347"}],"curies":[{"name":"wp","href":"https:\/\/api.w.org\/{rel}","templated":true}]}}