{"id":1338,"date":"2019-05-04T18:27:12","date_gmt":"2019-05-04T15:27:12","guid":{"rendered":"https:\/\/super-news.info\/hu\/vegso-nyugalomra-helyeztek-janos-nehai-luxemburgi-nagyherceget\/"},"modified":"2019-05-04T18:27:13","modified_gmt":"2019-05-04T15:27:13","slug":"vegso-nyugalomra-helyeztek-janos-nehai-luxemburgi-nagyherceget","status":"publish","type":"post","link":"https:\/\/super-news.info\/hu\/vegso-nyugalomra-helyeztek-janos-nehai-luxemburgi-nagyherceget\/","title":{"rendered":"V\u00e9gs\u0151 nyugalomra helyezt\u00e9k J\u00e1nos n\u00e9hai luxemburgi nagyherceget"},"content":{"rendered":"<p> [ad_1]<br \/>\n<\/p>\n<p>\n\t\t\t\t\t\t\t\tA luxembourgi Notre-Dame-sz\u00e9kesegyh\u00e1zban tartott gy\u00e1szszertart\u00e1son a t\u00f6bbi k\u00f6z\u00f6tt a belga, a d\u00e1n, a monac\u00f3i, a holland, a norv\u00e9g, a sv\u00e9d \u00e9s a spanyol uralkod\u00f3i csal\u00e1d k\u00e9pviseltette mag\u00e1t. A nagyherceget a sz\u00e9kesegyh\u00e1zban, az uralkod\u00f3i csal\u00e1d kript\u00e1j\u00e1ban temett\u00e9k el feles\u00e9ge, Jozefina Sarolta mell\u00e9, aki 2005-ben halt meg.\t\t\t\t\t\t\t<\/p>\n<div>\n<p>A nagyherceg, aki 1921-ben sz\u00fcletett a luxembourgi Berg kast\u00e9lyban F\u00e9lix Bourbon-p\u00e1rmai herceg \u00e9s Sarolta luxemburgi nagyhercegn\u0151 gyermekek\u00e9nt, 1964 november\u00e9t\u0151l volt a hercegs\u00e9g uralkod\u00f3ja, miut\u00e1n \u00e9desanyja lemondott jav\u00e1ra a tr\u00f3nr\u00f3l. J\u00e1nos 36 \u00e9vig uralkodott \u00e9s 2000 okt\u00f3ber\u00e9ben adta \u00e1t c\u00edm\u00e9t legid\u0151sebb fi\u00e1nak, Henriknek.<\/p>\n<p>A Nassau-Weilburg-h\u00e1z \u00f6t\u00f6dik uralkod\u00f3ja \u00e1prilis 23-\u00e1n hunyt el 98 \u00e9ves kor\u00e1ban.<\/p>\n<p>\u00a0<\/p>\n<div id=\"attachment_1492792\" style=\"width: 1034px\" class=\"wp-caption alignnone\">\n<p class=\"wp-caption-text\">Gy\u00e1szol\u00f3k sora<br \/>Fot\u00f3: Harald Tittel \/ dpa<\/p>\n<\/div>\n<p>A nagyherceg iskol\u00e1it Luxemburg mellett az Egyes\u00fclt Kir\u00e1lys\u00e1gban \u00e9s Kanad\u00e1ban v\u00e9gezte. A m\u00e1sodik vil\u00e1gh\u00e1bor\u00fa alatt csal\u00e1dj\u00e1val el\u0151bb Portug\u00e1li\u00e1ba, majd az Egyes\u00fclt \u00c1llamokba menek\u00fclt. A kontinensre 1944-ben t\u00e9rt vissza, csatlakozott a brit hadsereghez, Normandi\u00e1ban szolg\u00e1lt \u00e9s sz\u00e1mos kit\u00fcntet\u00e9st szerzett.<\/p>\n<p>Akt\u00edvan r\u00e9szt vett a k\u00f6z\u00e9letben, a Luxemburgi Olimpiai Bizotts\u00e1g eln\u00f6ke volt, \u00e9s beker\u00fclt a Nemzetk\u00f6zi Olimpiai Bizotts\u00e1g eln\u00f6ks\u00e9g\u00e9be is. Szabadidej\u00e9ben egyebek mellett f\u00e9nyk\u00e9pezett, s\u00edelt, lovagolt \u00e9s vad\u00e1szott. Rajongott a klasszikus zen\u00e9\u00e9rt, m\u0171kincseket gy\u0171jt\u00f6tt, kert\u00e9szkedett, \u00e9s \u00e9rdekl\u0151d\u00f6tt a k\u00f6rnyezetv\u00e9delem ir\u00e1nt.<\/p>\n<p>1953-ban vette feles\u00e9g\u00fcl Jozefina Sarolta belga kir\u00e1lyi hercegn\u0151t, akit\u0151l \u00f6t gyermeke sz\u00fcletett.<\/p>\n<\/p><\/div>\n<p><script>\n    window.fbAsyncInit = function() {\n        FB.init({\n            appId      : \"204760236815359\",\n            xfbml      : true,\n            version    : \"v2.12\"\n        });\n        FB.AppEvents.logPageView();\n    };<\/p>\n<p>    (function(d, s, id){\n        var js, fjs = d.getElementsByTagName(s)[0];\n        if (d.getElementById(id)) {return;}\n        js = d.createElement(s); js.id = id;\n        js.src = \"http:\/\/connect.facebook.net\/hu_HU\/sdk.js\";\n        fjs.parentNode.insertBefore(js, fjs);\n    }(document, \"script\", \"facebook-jssdk\"));\n<\/script><br \/>\n<br \/>[ad_2]<br \/>\n<br \/><a href=\"https:\/\/www.vg.hu\/kozelet\/kozeleti-hirek\/vegso-nyugalomra-helyeztek-janos-nehai-luxemburgi-nagyherceget-1492783\/\">Source link <\/a><\/p>\n","protected":false},"excerpt":{"rendered":"<p>[ad_1] A luxembourgi Notre-Dame-sz\u00e9kesegyh\u00e1zban tartott gy\u00e1szszertart\u00e1son a t\u00f6bbi k\u00f6z\u00f6tt a belga, a d\u00e1n, a monac\u00f3i, a holland, a norv\u00e9g, a sv\u00e9d \u00e9s a spanyol uralkod\u00f3i csal\u00e1d k\u00e9pviseltette mag\u00e1t. A nagyherceget a sz\u00e9kesegyh\u00e1zban, az uralkod\u00f3i csal\u00e1d kript\u00e1j\u00e1ban temett\u00e9k el feles\u00e9ge, Jozefina Sarolta mell\u00e9, aki 2005-ben halt meg. A nagyherceg, aki 1921-ben sz\u00fcletett a luxembourgi Berg kast\u00e9lyban [&hellip;]<\/p>\n","protected":false},"author":2,"featured_media":1339,"comment_status":"open","ping_status":"open","sticky":false,"template":"","format":"standard","meta":{"footnotes":""},"categories":[1],"tags":[],"class_list":["post-1338","post","type-post","status-publish","format-standard","has-post-thumbnail","hentry","category-penzugyi-hirek"],"yoast_head":"<!-- This site is optimized with the Yoast SEO plugin v27.4 - https:\/\/yoast.com\/product\/yoast-seo-wordpress\/ -->\n<title>V\u00e9gs\u0151 nyugalomra helyezt\u00e9k J\u00e1nos n\u00e9hai luxemburgi nagyherceget - Super News<\/title>\n<meta name=\"robots\" content=\"index, follow, max-snippet:-1, max-image-preview:large, max-video-preview:-1\" \/>\n<link rel=\"canonical\" href=\"https:\/\/super-news.info\/hu\/vegso-nyugalomra-helyeztek-janos-nehai-luxemburgi-nagyherceget\/\" \/>\n<meta property=\"og:locale\" content=\"hu_HU\" \/>\n<meta property=\"og:type\" content=\"article\" \/>\n<meta property=\"og:title\" content=\"V\u00e9gs\u0151 nyugalomra helyezt\u00e9k J\u00e1nos n\u00e9hai luxemburgi nagyherceget - Super News\" \/>\n<meta property=\"og:description\" content=\"[ad_1] A luxembourgi Notre-Dame-sz\u00e9kesegyh\u00e1zban tartott gy\u00e1szszertart\u00e1son a t\u00f6bbi k\u00f6z\u00f6tt a belga, a d\u00e1n, a monac\u00f3i, a holland, a norv\u00e9g, a sv\u00e9d \u00e9s a spanyol uralkod\u00f3i csal\u00e1d k\u00e9pviseltette mag\u00e1t. A nagyherceget a sz\u00e9kesegyh\u00e1zban, az uralkod\u00f3i csal\u00e1d kript\u00e1j\u00e1ban temett\u00e9k el feles\u00e9ge, Jozefina Sarolta mell\u00e9, aki 2005-ben halt meg. A nagyherceg, aki 1921-ben sz\u00fcletett a luxembourgi Berg kast\u00e9lyban [&hellip;]\" \/>\n<meta property=\"og:url\" content=\"https:\/\/super-news.info\/hu\/vegso-nyugalomra-helyeztek-janos-nehai-luxemburgi-nagyherceget\/\" \/>\n<meta property=\"og:site_name\" content=\"Super News\" \/>\n<meta property=\"article:published_time\" content=\"2019-05-04T15:27:12+00:00\" \/>\n<meta property=\"article:modified_time\" content=\"2019-05-04T15:27:13+00:00\" \/>\n<meta property=\"og:image\" content=\"https:\/\/super-news.info\/hu\/wp-content\/uploads\/sites\/3\/2019\/05\/V\u00e9gs\u0151-nyugalomra-helyezt\u00e9k-J\u00e1nos-n\u00e9hai-luxemburgi-nagyherceget.jpg\" \/>\n\t<meta property=\"og:image:width\" content=\"1024\" \/>\n\t<meta property=\"og:image:height\" content=\"683\" \/>\n\t<meta property=\"og:image:type\" content=\"image\/jpeg\" \/>\n<meta name=\"author\" content=\"super-news\" \/>\n<meta name=\"twitter:card\" content=\"summary_large_image\" \/>\n<meta name=\"twitter:label1\" content=\"Szerz\u0151:\" \/>\n\t<meta name=\"twitter:data1\" content=\"super-news\" \/>\n\t<meta name=\"twitter:label2\" content=\"Becs\u00fclt olvas\u00e1si id\u0151\" \/>\n\t<meta name=\"twitter:data2\" content=\"1 perc\" \/>\n<script type=\"application\/ld+json\" class=\"yoast-schema-graph\">{\"@context\":\"https:\\\/\\\/schema.org\",\"@graph\":[{\"@type\":\"Article\",\"@id\":\"https:\\\/\\\/super-news.info\\\/hu\\\/vegso-nyugalomra-helyeztek-janos-nehai-luxemburgi-nagyherceget\\\/#article\",\"isPartOf\":{\"@id\":\"https:\\\/\\\/super-news.info\\\/hu\\\/vegso-nyugalomra-helyeztek-janos-nehai-luxemburgi-nagyherceget\\\/\"},\"author\":{\"name\":\"super-news\",\"@id\":\"https:\\\/\\\/super-news.info\\\/hu\\\/#\\\/schema\\\/person\\\/2d4068cb2f39cd10008c2fce578a7356\"},\"headline\":\"V\u00e9gs\u0151 nyugalomra helyezt\u00e9k J\u00e1nos n\u00e9hai luxemburgi nagyherceget\",\"datePublished\":\"2019-05-04T15:27:12+00:00\",\"dateModified\":\"2019-05-04T15:27:13+00:00\",\"mainEntityOfPage\":{\"@id\":\"https:\\\/\\\/super-news.info\\\/hu\\\/vegso-nyugalomra-helyeztek-janos-nehai-luxemburgi-nagyherceget\\\/\"},\"wordCount\":308,\"commentCount\":0,\"image\":{\"@id\":\"https:\\\/\\\/super-news.info\\\/hu\\\/vegso-nyugalomra-helyeztek-janos-nehai-luxemburgi-nagyherceget\\\/#primaryimage\"},\"thumbnailUrl\":\"https:\\\/\\\/super-news.info\\\/hu\\\/wp-content\\\/uploads\\\/sites\\\/3\\\/2019\\\/05\\\/V\u00e9gs\u0151-nyugalomra-helyezt\u00e9k-J\u00e1nos-n\u00e9hai-luxemburgi-nagyherceget.jpg\",\"articleSection\":[\"P\u00c9NZ\u00dcGYI H\u00cdREK\"],\"inLanguage\":\"hu\",\"potentialAction\":[{\"@type\":\"CommentAction\",\"name\":\"Comment\",\"target\":[\"https:\\\/\\\/super-news.info\\\/hu\\\/vegso-nyugalomra-helyeztek-janos-nehai-luxemburgi-nagyherceget\\\/#respond\"]}]},{\"@type\":\"WebPage\",\"@id\":\"https:\\\/\\\/super-news.info\\\/hu\\\/vegso-nyugalomra-helyeztek-janos-nehai-luxemburgi-nagyherceget\\\/\",\"url\":\"https:\\\/\\\/super-news.info\\\/hu\\\/vegso-nyugalomra-helyeztek-janos-nehai-luxemburgi-nagyherceget\\\/\",\"name\":\"V\u00e9gs\u0151 nyugalomra helyezt\u00e9k J\u00e1nos n\u00e9hai luxemburgi nagyherceget - Super News\",\"isPartOf\":{\"@id\":\"https:\\\/\\\/super-news.info\\\/hu\\\/#website\"},\"primaryImageOfPage\":{\"@id\":\"https:\\\/\\\/super-news.info\\\/hu\\\/vegso-nyugalomra-helyeztek-janos-nehai-luxemburgi-nagyherceget\\\/#primaryimage\"},\"image\":{\"@id\":\"https:\\\/\\\/super-news.info\\\/hu\\\/vegso-nyugalomra-helyeztek-janos-nehai-luxemburgi-nagyherceget\\\/#primaryimage\"},\"thumbnailUrl\":\"https:\\\/\\\/super-news.info\\\/hu\\\/wp-content\\\/uploads\\\/sites\\\/3\\\/2019\\\/05\\\/V\u00e9gs\u0151-nyugalomra-helyezt\u00e9k-J\u00e1nos-n\u00e9hai-luxemburgi-nagyherceget.jpg\",\"datePublished\":\"2019-05-04T15:27:12+00:00\",\"dateModified\":\"2019-05-04T15:27:13+00:00\",\"author\":{\"@id\":\"https:\\\/\\\/super-news.info\\\/hu\\\/#\\\/schema\\\/person\\\/2d4068cb2f39cd10008c2fce578a7356\"},\"breadcrumb\":{\"@id\":\"https:\\\/\\\/super-news.info\\\/hu\\\/vegso-nyugalomra-helyeztek-janos-nehai-luxemburgi-nagyherceget\\\/#breadcrumb\"},\"inLanguage\":\"hu\",\"potentialAction\":[{\"@type\":\"ReadAction\",\"target\":[\"https:\\\/\\\/super-news.info\\\/hu\\\/vegso-nyugalomra-helyeztek-janos-nehai-luxemburgi-nagyherceget\\\/\"]}]},{\"@type\":\"ImageObject\",\"inLanguage\":\"hu\",\"@id\":\"https:\\\/\\\/super-news.info\\\/hu\\\/vegso-nyugalomra-helyeztek-janos-nehai-luxemburgi-nagyherceget\\\/#primaryimage\",\"url\":\"https:\\\/\\\/super-news.info\\\/hu\\\/wp-content\\\/uploads\\\/sites\\\/3\\\/2019\\\/05\\\/V\u00e9gs\u0151-nyugalomra-helyezt\u00e9k-J\u00e1nos-n\u00e9hai-luxemburgi-nagyherceget.jpg\",\"contentUrl\":\"https:\\\/\\\/super-news.info\\\/hu\\\/wp-content\\\/uploads\\\/sites\\\/3\\\/2019\\\/05\\\/V\u00e9gs\u0151-nyugalomra-helyezt\u00e9k-J\u00e1nos-n\u00e9hai-luxemburgi-nagyherceget.jpg\",\"width\":1024,\"height\":683,\"caption\":\"V\u00e9gs\u0151 nyugalomra helyezt\u00e9k J\u00e1nos n\u00e9hai luxemburgi nagyherceget\"},{\"@type\":\"BreadcrumbList\",\"@id\":\"https:\\\/\\\/super-news.info\\\/hu\\\/vegso-nyugalomra-helyeztek-janos-nehai-luxemburgi-nagyherceget\\\/#breadcrumb\",\"itemListElement\":[{\"@type\":\"ListItem\",\"position\":1,\"name\":\"\u0413\u043b\u0430\u0432\u043d\u0430\u044f \u0441\u0442\u0440\u0430\u043d\u0438\u0446\u0430\",\"item\":\"https:\\\/\\\/super-news.info\\\/hu\\\/\"},{\"@type\":\"ListItem\",\"position\":2,\"name\":\"V\u00e9gs\u0151 nyugalomra helyezt\u00e9k J\u00e1nos n\u00e9hai luxemburgi nagyherceget\"}]},{\"@type\":\"WebSite\",\"@id\":\"https:\\\/\\\/super-news.info\\\/hu\\\/#website\",\"url\":\"https:\\\/\\\/super-news.info\\\/hu\\\/\",\"name\":\"Super News\",\"description\":\"Super News Magyarorsz\u00e1g\",\"potentialAction\":[{\"@type\":\"SearchAction\",\"target\":{\"@type\":\"EntryPoint\",\"urlTemplate\":\"https:\\\/\\\/super-news.info\\\/hu\\\/?s={search_term_string}\"},\"query-input\":{\"@type\":\"PropertyValueSpecification\",\"valueRequired\":true,\"valueName\":\"search_term_string\"}}],\"inLanguage\":\"hu\"},{\"@type\":\"Person\",\"@id\":\"https:\\\/\\\/super-news.info\\\/hu\\\/#\\\/schema\\\/person\\\/2d4068cb2f39cd10008c2fce578a7356\",\"name\":\"super-news\",\"image\":{\"@type\":\"ImageObject\",\"inLanguage\":\"hu\",\"@id\":\"https:\\\/\\\/secure.gravatar.com\\\/avatar\\\/64ebac40b93f26a154f8a9b5b6fdccfc46f442b26b3dd6756dbff3bf9dc76fd7?s=96&d=mm&r=g\",\"url\":\"https:\\\/\\\/secure.gravatar.com\\\/avatar\\\/64ebac40b93f26a154f8a9b5b6fdccfc46f442b26b3dd6756dbff3bf9dc76fd7?s=96&d=mm&r=g\",\"contentUrl\":\"https:\\\/\\\/secure.gravatar.com\\\/avatar\\\/64ebac40b93f26a154f8a9b5b6fdccfc46f442b26b3dd6756dbff3bf9dc76fd7?s=96&d=mm&r=g\",\"caption\":\"super-news\"},\"url\":\"https:\\\/\\\/super-news.info\\\/hu\\\/author\\\/pt\\\/\"}]}<\/script>\n<!-- \/ Yoast SEO plugin. -->","yoast_head_json":{"title":"V\u00e9gs\u0151 nyugalomra helyezt\u00e9k J\u00e1nos n\u00e9hai luxemburgi nagyherceget - Super News","robots":{"index":"index","follow":"follow","max-snippet":"max-snippet:-1","max-image-preview":"max-image-preview:large","max-video-preview":"max-video-preview:-1"},"canonical":"https:\/\/super-news.info\/hu\/vegso-nyugalomra-helyeztek-janos-nehai-luxemburgi-nagyherceget\/","og_locale":"hu_HU","og_type":"article","og_title":"V\u00e9gs\u0151 nyugalomra helyezt\u00e9k J\u00e1nos n\u00e9hai luxemburgi nagyherceget - Super News","og_description":"[ad_1] A luxembourgi Notre-Dame-sz\u00e9kesegyh\u00e1zban tartott gy\u00e1szszertart\u00e1son a t\u00f6bbi k\u00f6z\u00f6tt a belga, a d\u00e1n, a monac\u00f3i, a holland, a norv\u00e9g, a sv\u00e9d \u00e9s a spanyol uralkod\u00f3i csal\u00e1d k\u00e9pviseltette mag\u00e1t. A nagyherceget a sz\u00e9kesegyh\u00e1zban, az uralkod\u00f3i csal\u00e1d kript\u00e1j\u00e1ban temett\u00e9k el feles\u00e9ge, Jozefina Sarolta mell\u00e9, aki 2005-ben halt meg. A nagyherceg, aki 1921-ben sz\u00fcletett a luxembourgi Berg kast\u00e9lyban [&hellip;]","og_url":"https:\/\/super-news.info\/hu\/vegso-nyugalomra-helyeztek-janos-nehai-luxemburgi-nagyherceget\/","og_site_name":"Super News","article_published_time":"2019-05-04T15:27:12+00:00","article_modified_time":"2019-05-04T15:27:13+00:00","og_image":[{"width":1024,"height":683,"url":"https:\/\/super-news.info\/hu\/wp-content\/uploads\/sites\/3\/2019\/05\/V\u00e9gs\u0151-nyugalomra-helyezt\u00e9k-J\u00e1nos-n\u00e9hai-luxemburgi-nagyherceget.jpg","type":"image\/jpeg"}],"author":"super-news","twitter_card":"summary_large_image","twitter_misc":{"Szerz\u0151:":"super-news","Becs\u00fclt olvas\u00e1si id\u0151":"1 perc"},"schema":{"@context":"https:\/\/schema.org","@graph":[{"@type":"Article","@id":"https:\/\/super-news.info\/hu\/vegso-nyugalomra-helyeztek-janos-nehai-luxemburgi-nagyherceget\/#article","isPartOf":{"@id":"https:\/\/super-news.info\/hu\/vegso-nyugalomra-helyeztek-janos-nehai-luxemburgi-nagyherceget\/"},"author":{"name":"super-news","@id":"https:\/\/super-news.info\/hu\/#\/schema\/person\/2d4068cb2f39cd10008c2fce578a7356"},"headline":"V\u00e9gs\u0151 nyugalomra helyezt\u00e9k J\u00e1nos n\u00e9hai luxemburgi nagyherceget","datePublished":"2019-05-04T15:27:12+00:00","dateModified":"2019-05-04T15:27:13+00:00","mainEntityOfPage":{"@id":"https:\/\/super-news.info\/hu\/vegso-nyugalomra-helyeztek-janos-nehai-luxemburgi-nagyherceget\/"},"wordCount":308,"commentCount":0,"image":{"@id":"https:\/\/super-news.info\/hu\/vegso-nyugalomra-helyeztek-janos-nehai-luxemburgi-nagyherceget\/#primaryimage"},"thumbnailUrl":"https:\/\/super-news.info\/hu\/wp-content\/uploads\/sites\/3\/2019\/05\/V\u00e9gs\u0151-nyugalomra-helyezt\u00e9k-J\u00e1nos-n\u00e9hai-luxemburgi-nagyherceget.jpg","articleSection":["P\u00c9NZ\u00dcGYI H\u00cdREK"],"inLanguage":"hu","potentialAction":[{"@type":"CommentAction","name":"Comment","target":["https:\/\/super-news.info\/hu\/vegso-nyugalomra-helyeztek-janos-nehai-luxemburgi-nagyherceget\/#respond"]}]},{"@type":"WebPage","@id":"https:\/\/super-news.info\/hu\/vegso-nyugalomra-helyeztek-janos-nehai-luxemburgi-nagyherceget\/","url":"https:\/\/super-news.info\/hu\/vegso-nyugalomra-helyeztek-janos-nehai-luxemburgi-nagyherceget\/","name":"V\u00e9gs\u0151 nyugalomra helyezt\u00e9k J\u00e1nos n\u00e9hai luxemburgi nagyherceget - Super News","isPartOf":{"@id":"https:\/\/super-news.info\/hu\/#website"},"primaryImageOfPage":{"@id":"https:\/\/super-news.info\/hu\/vegso-nyugalomra-helyeztek-janos-nehai-luxemburgi-nagyherceget\/#primaryimage"},"image":{"@id":"https:\/\/super-news.info\/hu\/vegso-nyugalomra-helyeztek-janos-nehai-luxemburgi-nagyherceget\/#primaryimage"},"thumbnailUrl":"https:\/\/super-news.info\/hu\/wp-content\/uploads\/sites\/3\/2019\/05\/V\u00e9gs\u0151-nyugalomra-helyezt\u00e9k-J\u00e1nos-n\u00e9hai-luxemburgi-nagyherceget.jpg","datePublished":"2019-05-04T15:27:12+00:00","dateModified":"2019-05-04T15:27:13+00:00","author":{"@id":"https:\/\/super-news.info\/hu\/#\/schema\/person\/2d4068cb2f39cd10008c2fce578a7356"},"breadcrumb":{"@id":"https:\/\/super-news.info\/hu\/vegso-nyugalomra-helyeztek-janos-nehai-luxemburgi-nagyherceget\/#breadcrumb"},"inLanguage":"hu","potentialAction":[{"@type":"ReadAction","target":["https:\/\/super-news.info\/hu\/vegso-nyugalomra-helyeztek-janos-nehai-luxemburgi-nagyherceget\/"]}]},{"@type":"ImageObject","inLanguage":"hu","@id":"https:\/\/super-news.info\/hu\/vegso-nyugalomra-helyeztek-janos-nehai-luxemburgi-nagyherceget\/#primaryimage","url":"https:\/\/super-news.info\/hu\/wp-content\/uploads\/sites\/3\/2019\/05\/V\u00e9gs\u0151-nyugalomra-helyezt\u00e9k-J\u00e1nos-n\u00e9hai-luxemburgi-nagyherceget.jpg","contentUrl":"https:\/\/super-news.info\/hu\/wp-content\/uploads\/sites\/3\/2019\/05\/V\u00e9gs\u0151-nyugalomra-helyezt\u00e9k-J\u00e1nos-n\u00e9hai-luxemburgi-nagyherceget.jpg","width":1024,"height":683,"caption":"V\u00e9gs\u0151 nyugalomra helyezt\u00e9k J\u00e1nos n\u00e9hai luxemburgi nagyherceget"},{"@type":"BreadcrumbList","@id":"https:\/\/super-news.info\/hu\/vegso-nyugalomra-helyeztek-janos-nehai-luxemburgi-nagyherceget\/#breadcrumb","itemListElement":[{"@type":"ListItem","position":1,"name":"\u0413\u043b\u0430\u0432\u043d\u0430\u044f \u0441\u0442\u0440\u0430\u043d\u0438\u0446\u0430","item":"https:\/\/super-news.info\/hu\/"},{"@type":"ListItem","position":2,"name":"V\u00e9gs\u0151 nyugalomra helyezt\u00e9k J\u00e1nos n\u00e9hai luxemburgi nagyherceget"}]},{"@type":"WebSite","@id":"https:\/\/super-news.info\/hu\/#website","url":"https:\/\/super-news.info\/hu\/","name":"Super News","description":"Super News Magyarorsz\u00e1g","potentialAction":[{"@type":"SearchAction","target":{"@type":"EntryPoint","urlTemplate":"https:\/\/super-news.info\/hu\/?s={search_term_string}"},"query-input":{"@type":"PropertyValueSpecification","valueRequired":true,"valueName":"search_term_string"}}],"inLanguage":"hu"},{"@type":"Person","@id":"https:\/\/super-news.info\/hu\/#\/schema\/person\/2d4068cb2f39cd10008c2fce578a7356","name":"super-news","image":{"@type":"ImageObject","inLanguage":"hu","@id":"https:\/\/secure.gravatar.com\/avatar\/64ebac40b93f26a154f8a9b5b6fdccfc46f442b26b3dd6756dbff3bf9dc76fd7?s=96&d=mm&r=g","url":"https:\/\/secure.gravatar.com\/avatar\/64ebac40b93f26a154f8a9b5b6fdccfc46f442b26b3dd6756dbff3bf9dc76fd7?s=96&d=mm&r=g","contentUrl":"https:\/\/secure.gravatar.com\/avatar\/64ebac40b93f26a154f8a9b5b6fdccfc46f442b26b3dd6756dbff3bf9dc76fd7?s=96&d=mm&r=g","caption":"super-news"},"url":"https:\/\/super-news.info\/hu\/author\/pt\/"}]}},"_links":{"self":[{"href":"https:\/\/super-news.info\/hu\/wp-json\/wp\/v2\/posts\/1338","targetHints":{"allow":["GET"]}}],"collection":[{"href":"https:\/\/super-news.info\/hu\/wp-json\/wp\/v2\/posts"}],"about":[{"href":"https:\/\/super-news.info\/hu\/wp-json\/wp\/v2\/types\/post"}],"author":[{"embeddable":true,"href":"https:\/\/super-news.info\/hu\/wp-json\/wp\/v2\/users\/2"}],"replies":[{"embeddable":true,"href":"https:\/\/super-news.info\/hu\/wp-json\/wp\/v2\/comments?post=1338"}],"version-history":[{"count":1,"href":"https:\/\/super-news.info\/hu\/wp-json\/wp\/v2\/posts\/1338\/revisions"}],"predecessor-version":[{"id":1340,"href":"https:\/\/super-news.info\/hu\/wp-json\/wp\/v2\/posts\/1338\/revisions\/1340"}],"wp:featuredmedia":[{"embeddable":true,"href":"https:\/\/super-news.info\/hu\/wp-json\/wp\/v2\/media\/1339"}],"wp:attachment":[{"href":"https:\/\/super-news.info\/hu\/wp-json\/wp\/v2\/media?parent=1338"}],"wp:term":[{"taxonomy":"category","embeddable":true,"href":"https:\/\/super-news.info\/hu\/wp-json\/wp\/v2\/categories?post=1338"},{"taxonomy":"post_tag","embeddable":true,"href":"https:\/\/super-news.info\/hu\/wp-json\/wp\/v2\/tags?post=1338"}],"curies":[{"name":"wp","href":"https:\/\/api.w.org\/{rel}","templated":true}]}}