{"id":1233,"date":"2019-05-03T01:50:16","date_gmt":"2019-05-02T22:50:16","guid":{"rendered":"https:\/\/super-news.info\/hu\/ezer-forint-felett-a-diakok-orabere\/"},"modified":"2019-05-03T01:50:18","modified_gmt":"2019-05-02T22:50:18","slug":"ezer-forint-felett-a-diakok-orabere","status":"publish","type":"post","link":"https:\/\/super-news.info\/hu\/ezer-forint-felett-a-diakok-orabere\/","title":{"rendered":"Ezer forint felett a di\u00e1kok \u00f3rab\u00e9re"},"content":{"rendered":"<p> [ad_1]<br \/>\n<\/p>\n<div>\n<p>Tov\u00e1bb n\u0151ttek az \u00f3rab\u00e9rek a di\u00e1kmunka szegmensben 2019 els\u0151 negyed\u00e9v\u00e9ben, a nappali tagozatos di\u00e1kok \u00e1ltal megkereshet\u0151 \u00e1tlagos \u00f3rab\u00e9r Budapesten nett\u00f3 1200 forint, vid\u00e9ken 10-30 sz\u00e1zal\u00e9kkal kevesebb \u2013 k\u00f6z\u00f6lte az iskolasz\u00f6vetkezeteket t\u00f6m\u00f6r\u00edt\u0151 Magyarorsz\u00e1gi Di\u00e1kv\u00e1llalkoz\u00e1sok Orsz\u00e1gos \u00c9rdekk\u00e9pviseleti Sz\u00f6vets\u00e9ge (Di\u00e1k\u00c9SZ) cs\u00fct\u00f6rt\u00f6k\u00f6n.<\/p>\n<div id=\"attachment_906413\" style=\"width: 1410px\" class=\"wp-caption aligncenter\">\n<p class=\"wp-caption-text\">Fot\u00f3: MTI\/Bal\u00e1zs Attila<\/p>\n<\/div>\n<p>A Di\u00e1k\u00c9SZ a piac fel\u00e9t lefed\u0151 tagjainak \u00f6sszes\u00edtett adatai alapj\u00e1n kimutatta, hogy a vid\u00e9ki v\u00e1rosok k\u00f6z\u00f6tt is jelent\u0151s az elt\u00e9r\u00e9s, a kisebb telep\u00fcl\u00e9seken, illetve a keleti r\u00e9gi\u00f3ban alacsonyabbak a b\u00e9rek, mint az \u00c9szak-Dun\u00e1nt\u00falon vagy a region\u00e1lis ipari k\u00f6zpontokban, p\u00e9ld\u00e1ul Debrecenben, Kecskem\u00e9ten vagy a gy\u0151ri r\u00e9gi\u00f3ban.<\/p>\n<p>A k\u00e9pzetts\u00e9get nem ig\u00e9nyl\u0151, gyors betan\u00edt\u00e1ssal v\u00e9gezhet\u0151 munk\u00e1k jellemz\u0151 nett\u00f3 \u00f3rab\u00e9re 800-1000 forint k\u00f6r\u00fcl van.<\/p>\n<p>Az egyetemi tanulm\u00e1nyokhoz kapcsol\u00f3d\u00f3 szakmai gyakornoki munk\u00e1k eset\u00e9ben IT, m\u00e9rn\u00f6ki \u00e9s p\u00e9nz\u00fcgyi ter\u00fcleteken nem ritk\u00e1n 1300-1500 forintos \u00f3rab\u00e9rekkel is tal\u00e1lkozhatnak a munk\u00e1t keres\u0151 di\u00e1kok.<\/p>\n<p>A nyelvismeretet, vagy speci\u00e1lis tud\u00e1st ig\u00e9nyl\u0151 munk\u00e1kn\u00e1l 1000-1300 forint k\u00f6z\u00f6tt alakult az \u00f3rab\u00e9r.<\/p>\n<div class=\"aframe\">\n<h3>M\u00e1r most nagy a helyezked\u00e9s, indul a d\u00f6mping a di\u00e1kok munkaer\u0151piac\u00e1n<\/h3>\n<p>A tavasz nem kiemelt id\u0151szak, a munkav\u00e1llal\u00f3i l\u00e9tsz\u00e1m sem tavasszal n\u0151 meg, hanem a tan\u00e9v v\u00e9g\u00e9n, a ny\u00e1r elej\u00e9n. Akik munk\u00e1t keresnek, azok most m\u00e1r c\u00e9lzottan keresik a lehet\u0151s\u00e9geket, a szakm\u00e1ba v\u00e1g\u00f3 munkat\u00edpusokat. Az orsz\u00e1g legnagyobb di\u00e1ksz\u00f6vetkezetei szerint a fiatalok ezer forint alatti \u00f3rab\u00e9rt k\u00edn\u00e1l\u00f3 munk\u00e1kra m\u00e1r r\u00e1 sem n\u00e9znek.<\/p>\n<\/div>\n<p>\u00a0<\/p>\n<\/p><\/div>\n<p><script>\n    window.fbAsyncInit = function() {\n        FB.init({\n            appId      : \"204760236815359\",\n            xfbml      : true,\n            version    : \"v2.12\"\n        });\n        FB.AppEvents.logPageView();\n    };<\/p>\n<p>    (function(d, s, id){\n        var js, fjs = d.getElementsByTagName(s)[0];\n        if (d.getElementById(id)) {return;}\n        js = d.createElement(s); js.id = id;\n        js.src = \"http:\/\/connect.facebook.net\/hu_HU\/sdk.js\";\n        fjs.parentNode.insertBefore(js, fjs);\n    }(document, \"script\", \"facebook-jssdk\"));\n<\/script><br \/>\n<br \/>[ad_2]<br \/>\n<br \/><a href=\"https:\/\/www.vg.hu\/gazdasag\/gazdasagi-hirek\/ezer-forint-felett-a-diakok-orabere-1491430\/\">Source link <\/a><\/p>\n","protected":false},"excerpt":{"rendered":"<p>[ad_1] Tov\u00e1bb n\u0151ttek az \u00f3rab\u00e9rek a di\u00e1kmunka szegmensben 2019 els\u0151 negyed\u00e9v\u00e9ben, a nappali tagozatos di\u00e1kok \u00e1ltal megkereshet\u0151 \u00e1tlagos \u00f3rab\u00e9r Budapesten nett\u00f3 1200 forint, vid\u00e9ken 10-30 sz\u00e1zal\u00e9kkal kevesebb \u2013 k\u00f6z\u00f6lte az iskolasz\u00f6vetkezeteket t\u00f6m\u00f6r\u00edt\u0151 Magyarorsz\u00e1gi Di\u00e1kv\u00e1llalkoz\u00e1sok Orsz\u00e1gos \u00c9rdekk\u00e9pviseleti Sz\u00f6vets\u00e9ge (Di\u00e1k\u00c9SZ) cs\u00fct\u00f6rt\u00f6k\u00f6n. Fot\u00f3: MTI\/Bal\u00e1zs Attila A Di\u00e1k\u00c9SZ a piac fel\u00e9t lefed\u0151 tagjainak \u00f6sszes\u00edtett adatai alapj\u00e1n kimutatta, hogy a [&hellip;]<\/p>\n","protected":false},"author":2,"featured_media":1234,"comment_status":"open","ping_status":"open","sticky":false,"template":"","format":"standard","meta":{"footnotes":""},"categories":[1],"tags":[],"class_list":["post-1233","post","type-post","status-publish","format-standard","has-post-thumbnail","hentry","category-penzugyi-hirek"],"yoast_head":"<!-- This site is optimized with the Yoast SEO plugin v27.4 - https:\/\/yoast.com\/product\/yoast-seo-wordpress\/ -->\n<title>Ezer forint felett a di\u00e1kok \u00f3rab\u00e9re - Super News<\/title>\n<meta name=\"robots\" content=\"index, follow, max-snippet:-1, max-image-preview:large, max-video-preview:-1\" \/>\n<link rel=\"canonical\" href=\"https:\/\/super-news.info\/hu\/ezer-forint-felett-a-diakok-orabere\/\" \/>\n<meta property=\"og:locale\" content=\"hu_HU\" \/>\n<meta property=\"og:type\" content=\"article\" \/>\n<meta property=\"og:title\" content=\"Ezer forint felett a di\u00e1kok \u00f3rab\u00e9re - Super News\" \/>\n<meta property=\"og:description\" content=\"[ad_1] Tov\u00e1bb n\u0151ttek az \u00f3rab\u00e9rek a di\u00e1kmunka szegmensben 2019 els\u0151 negyed\u00e9v\u00e9ben, a nappali tagozatos di\u00e1kok \u00e1ltal megkereshet\u0151 \u00e1tlagos \u00f3rab\u00e9r Budapesten nett\u00f3 1200 forint, vid\u00e9ken 10-30 sz\u00e1zal\u00e9kkal kevesebb \u2013 k\u00f6z\u00f6lte az iskolasz\u00f6vetkezeteket t\u00f6m\u00f6r\u00edt\u0151 Magyarorsz\u00e1gi Di\u00e1kv\u00e1llalkoz\u00e1sok Orsz\u00e1gos \u00c9rdekk\u00e9pviseleti Sz\u00f6vets\u00e9ge (Di\u00e1k\u00c9SZ) cs\u00fct\u00f6rt\u00f6k\u00f6n. Fot\u00f3: MTI\/Bal\u00e1zs Attila A Di\u00e1k\u00c9SZ a piac fel\u00e9t lefed\u0151 tagjainak \u00f6sszes\u00edtett adatai alapj\u00e1n kimutatta, hogy a [&hellip;]\" \/>\n<meta property=\"og:url\" content=\"https:\/\/super-news.info\/hu\/ezer-forint-felett-a-diakok-orabere\/\" \/>\n<meta property=\"og:site_name\" content=\"Super News\" \/>\n<meta property=\"article:published_time\" content=\"2019-05-02T22:50:16+00:00\" \/>\n<meta property=\"article:modified_time\" content=\"2019-05-02T22:50:18+00:00\" \/>\n<meta property=\"og:image\" content=\"https:\/\/super-news.info\/hu\/wp-content\/uploads\/sites\/3\/2019\/05\/Ezer-forint-felett-a-di\u00e1kok-\u00f3rab\u00e9re.jpg\" \/>\n\t<meta property=\"og:image:width\" content=\"1400\" \/>\n\t<meta property=\"og:image:height\" content=\"933\" \/>\n\t<meta property=\"og:image:type\" content=\"image\/jpeg\" \/>\n<meta name=\"author\" content=\"super-news\" \/>\n<meta name=\"twitter:card\" content=\"summary_large_image\" \/>\n<meta name=\"twitter:label1\" content=\"Szerz\u0151:\" \/>\n\t<meta name=\"twitter:data1\" content=\"super-news\" \/>\n\t<meta name=\"twitter:label2\" content=\"Becs\u00fclt olvas\u00e1si id\u0151\" \/>\n\t<meta name=\"twitter:data2\" content=\"2 perc\" \/>\n<script type=\"application\/ld+json\" class=\"yoast-schema-graph\">{\"@context\":\"https:\\\/\\\/schema.org\",\"@graph\":[{\"@type\":\"Article\",\"@id\":\"https:\\\/\\\/super-news.info\\\/hu\\\/ezer-forint-felett-a-diakok-orabere\\\/#article\",\"isPartOf\":{\"@id\":\"https:\\\/\\\/super-news.info\\\/hu\\\/ezer-forint-felett-a-diakok-orabere\\\/\"},\"author\":{\"name\":\"super-news\",\"@id\":\"https:\\\/\\\/super-news.info\\\/hu\\\/#\\\/schema\\\/person\\\/2d4068cb2f39cd10008c2fce578a7356\"},\"headline\":\"Ezer forint felett a di\u00e1kok \u00f3rab\u00e9re\",\"datePublished\":\"2019-05-02T22:50:16+00:00\",\"dateModified\":\"2019-05-02T22:50:18+00:00\",\"mainEntityOfPage\":{\"@id\":\"https:\\\/\\\/super-news.info\\\/hu\\\/ezer-forint-felett-a-diakok-orabere\\\/\"},\"wordCount\":333,\"commentCount\":0,\"image\":{\"@id\":\"https:\\\/\\\/super-news.info\\\/hu\\\/ezer-forint-felett-a-diakok-orabere\\\/#primaryimage\"},\"thumbnailUrl\":\"https:\\\/\\\/super-news.info\\\/hu\\\/wp-content\\\/uploads\\\/sites\\\/3\\\/2019\\\/05\\\/Ezer-forint-felett-a-di\u00e1kok-\u00f3rab\u00e9re.jpg\",\"articleSection\":[\"P\u00c9NZ\u00dcGYI H\u00cdREK\"],\"inLanguage\":\"hu\",\"potentialAction\":[{\"@type\":\"CommentAction\",\"name\":\"Comment\",\"target\":[\"https:\\\/\\\/super-news.info\\\/hu\\\/ezer-forint-felett-a-diakok-orabere\\\/#respond\"]}]},{\"@type\":\"WebPage\",\"@id\":\"https:\\\/\\\/super-news.info\\\/hu\\\/ezer-forint-felett-a-diakok-orabere\\\/\",\"url\":\"https:\\\/\\\/super-news.info\\\/hu\\\/ezer-forint-felett-a-diakok-orabere\\\/\",\"name\":\"Ezer forint felett a di\u00e1kok \u00f3rab\u00e9re - Super News\",\"isPartOf\":{\"@id\":\"https:\\\/\\\/super-news.info\\\/hu\\\/#website\"},\"primaryImageOfPage\":{\"@id\":\"https:\\\/\\\/super-news.info\\\/hu\\\/ezer-forint-felett-a-diakok-orabere\\\/#primaryimage\"},\"image\":{\"@id\":\"https:\\\/\\\/super-news.info\\\/hu\\\/ezer-forint-felett-a-diakok-orabere\\\/#primaryimage\"},\"thumbnailUrl\":\"https:\\\/\\\/super-news.info\\\/hu\\\/wp-content\\\/uploads\\\/sites\\\/3\\\/2019\\\/05\\\/Ezer-forint-felett-a-di\u00e1kok-\u00f3rab\u00e9re.jpg\",\"datePublished\":\"2019-05-02T22:50:16+00:00\",\"dateModified\":\"2019-05-02T22:50:18+00:00\",\"author\":{\"@id\":\"https:\\\/\\\/super-news.info\\\/hu\\\/#\\\/schema\\\/person\\\/2d4068cb2f39cd10008c2fce578a7356\"},\"breadcrumb\":{\"@id\":\"https:\\\/\\\/super-news.info\\\/hu\\\/ezer-forint-felett-a-diakok-orabere\\\/#breadcrumb\"},\"inLanguage\":\"hu\",\"potentialAction\":[{\"@type\":\"ReadAction\",\"target\":[\"https:\\\/\\\/super-news.info\\\/hu\\\/ezer-forint-felett-a-diakok-orabere\\\/\"]}]},{\"@type\":\"ImageObject\",\"inLanguage\":\"hu\",\"@id\":\"https:\\\/\\\/super-news.info\\\/hu\\\/ezer-forint-felett-a-diakok-orabere\\\/#primaryimage\",\"url\":\"https:\\\/\\\/super-news.info\\\/hu\\\/wp-content\\\/uploads\\\/sites\\\/3\\\/2019\\\/05\\\/Ezer-forint-felett-a-di\u00e1kok-\u00f3rab\u00e9re.jpg\",\"contentUrl\":\"https:\\\/\\\/super-news.info\\\/hu\\\/wp-content\\\/uploads\\\/sites\\\/3\\\/2019\\\/05\\\/Ezer-forint-felett-a-di\u00e1kok-\u00f3rab\u00e9re.jpg\",\"width\":1400,\"height\":933,\"caption\":\"Ezer forint felett a di\u00e1kok \u00f3rab\u00e9re\"},{\"@type\":\"BreadcrumbList\",\"@id\":\"https:\\\/\\\/super-news.info\\\/hu\\\/ezer-forint-felett-a-diakok-orabere\\\/#breadcrumb\",\"itemListElement\":[{\"@type\":\"ListItem\",\"position\":1,\"name\":\"\u0413\u043b\u0430\u0432\u043d\u0430\u044f \u0441\u0442\u0440\u0430\u043d\u0438\u0446\u0430\",\"item\":\"https:\\\/\\\/super-news.info\\\/hu\\\/\"},{\"@type\":\"ListItem\",\"position\":2,\"name\":\"Ezer forint felett a di\u00e1kok \u00f3rab\u00e9re\"}]},{\"@type\":\"WebSite\",\"@id\":\"https:\\\/\\\/super-news.info\\\/hu\\\/#website\",\"url\":\"https:\\\/\\\/super-news.info\\\/hu\\\/\",\"name\":\"Super News\",\"description\":\"Super News Magyarorsz\u00e1g\",\"potentialAction\":[{\"@type\":\"SearchAction\",\"target\":{\"@type\":\"EntryPoint\",\"urlTemplate\":\"https:\\\/\\\/super-news.info\\\/hu\\\/?s={search_term_string}\"},\"query-input\":{\"@type\":\"PropertyValueSpecification\",\"valueRequired\":true,\"valueName\":\"search_term_string\"}}],\"inLanguage\":\"hu\"},{\"@type\":\"Person\",\"@id\":\"https:\\\/\\\/super-news.info\\\/hu\\\/#\\\/schema\\\/person\\\/2d4068cb2f39cd10008c2fce578a7356\",\"name\":\"super-news\",\"image\":{\"@type\":\"ImageObject\",\"inLanguage\":\"hu\",\"@id\":\"https:\\\/\\\/secure.gravatar.com\\\/avatar\\\/64ebac40b93f26a154f8a9b5b6fdccfc46f442b26b3dd6756dbff3bf9dc76fd7?s=96&d=mm&r=g\",\"url\":\"https:\\\/\\\/secure.gravatar.com\\\/avatar\\\/64ebac40b93f26a154f8a9b5b6fdccfc46f442b26b3dd6756dbff3bf9dc76fd7?s=96&d=mm&r=g\",\"contentUrl\":\"https:\\\/\\\/secure.gravatar.com\\\/avatar\\\/64ebac40b93f26a154f8a9b5b6fdccfc46f442b26b3dd6756dbff3bf9dc76fd7?s=96&d=mm&r=g\",\"caption\":\"super-news\"},\"url\":\"https:\\\/\\\/super-news.info\\\/hu\\\/author\\\/pt\\\/\"}]}<\/script>\n<!-- \/ Yoast SEO plugin. -->","yoast_head_json":{"title":"Ezer forint felett a di\u00e1kok \u00f3rab\u00e9re - Super News","robots":{"index":"index","follow":"follow","max-snippet":"max-snippet:-1","max-image-preview":"max-image-preview:large","max-video-preview":"max-video-preview:-1"},"canonical":"https:\/\/super-news.info\/hu\/ezer-forint-felett-a-diakok-orabere\/","og_locale":"hu_HU","og_type":"article","og_title":"Ezer forint felett a di\u00e1kok \u00f3rab\u00e9re - Super News","og_description":"[ad_1] Tov\u00e1bb n\u0151ttek az \u00f3rab\u00e9rek a di\u00e1kmunka szegmensben 2019 els\u0151 negyed\u00e9v\u00e9ben, a nappali tagozatos di\u00e1kok \u00e1ltal megkereshet\u0151 \u00e1tlagos \u00f3rab\u00e9r Budapesten nett\u00f3 1200 forint, vid\u00e9ken 10-30 sz\u00e1zal\u00e9kkal kevesebb \u2013 k\u00f6z\u00f6lte az iskolasz\u00f6vetkezeteket t\u00f6m\u00f6r\u00edt\u0151 Magyarorsz\u00e1gi Di\u00e1kv\u00e1llalkoz\u00e1sok Orsz\u00e1gos \u00c9rdekk\u00e9pviseleti Sz\u00f6vets\u00e9ge (Di\u00e1k\u00c9SZ) cs\u00fct\u00f6rt\u00f6k\u00f6n. Fot\u00f3: MTI\/Bal\u00e1zs Attila A Di\u00e1k\u00c9SZ a piac fel\u00e9t lefed\u0151 tagjainak \u00f6sszes\u00edtett adatai alapj\u00e1n kimutatta, hogy a [&hellip;]","og_url":"https:\/\/super-news.info\/hu\/ezer-forint-felett-a-diakok-orabere\/","og_site_name":"Super News","article_published_time":"2019-05-02T22:50:16+00:00","article_modified_time":"2019-05-02T22:50:18+00:00","og_image":[{"width":1400,"height":933,"url":"https:\/\/super-news.info\/hu\/wp-content\/uploads\/sites\/3\/2019\/05\/Ezer-forint-felett-a-di\u00e1kok-\u00f3rab\u00e9re.jpg","type":"image\/jpeg"}],"author":"super-news","twitter_card":"summary_large_image","twitter_misc":{"Szerz\u0151:":"super-news","Becs\u00fclt olvas\u00e1si id\u0151":"2 perc"},"schema":{"@context":"https:\/\/schema.org","@graph":[{"@type":"Article","@id":"https:\/\/super-news.info\/hu\/ezer-forint-felett-a-diakok-orabere\/#article","isPartOf":{"@id":"https:\/\/super-news.info\/hu\/ezer-forint-felett-a-diakok-orabere\/"},"author":{"name":"super-news","@id":"https:\/\/super-news.info\/hu\/#\/schema\/person\/2d4068cb2f39cd10008c2fce578a7356"},"headline":"Ezer forint felett a di\u00e1kok \u00f3rab\u00e9re","datePublished":"2019-05-02T22:50:16+00:00","dateModified":"2019-05-02T22:50:18+00:00","mainEntityOfPage":{"@id":"https:\/\/super-news.info\/hu\/ezer-forint-felett-a-diakok-orabere\/"},"wordCount":333,"commentCount":0,"image":{"@id":"https:\/\/super-news.info\/hu\/ezer-forint-felett-a-diakok-orabere\/#primaryimage"},"thumbnailUrl":"https:\/\/super-news.info\/hu\/wp-content\/uploads\/sites\/3\/2019\/05\/Ezer-forint-felett-a-di\u00e1kok-\u00f3rab\u00e9re.jpg","articleSection":["P\u00c9NZ\u00dcGYI H\u00cdREK"],"inLanguage":"hu","potentialAction":[{"@type":"CommentAction","name":"Comment","target":["https:\/\/super-news.info\/hu\/ezer-forint-felett-a-diakok-orabere\/#respond"]}]},{"@type":"WebPage","@id":"https:\/\/super-news.info\/hu\/ezer-forint-felett-a-diakok-orabere\/","url":"https:\/\/super-news.info\/hu\/ezer-forint-felett-a-diakok-orabere\/","name":"Ezer forint felett a di\u00e1kok \u00f3rab\u00e9re - Super News","isPartOf":{"@id":"https:\/\/super-news.info\/hu\/#website"},"primaryImageOfPage":{"@id":"https:\/\/super-news.info\/hu\/ezer-forint-felett-a-diakok-orabere\/#primaryimage"},"image":{"@id":"https:\/\/super-news.info\/hu\/ezer-forint-felett-a-diakok-orabere\/#primaryimage"},"thumbnailUrl":"https:\/\/super-news.info\/hu\/wp-content\/uploads\/sites\/3\/2019\/05\/Ezer-forint-felett-a-di\u00e1kok-\u00f3rab\u00e9re.jpg","datePublished":"2019-05-02T22:50:16+00:00","dateModified":"2019-05-02T22:50:18+00:00","author":{"@id":"https:\/\/super-news.info\/hu\/#\/schema\/person\/2d4068cb2f39cd10008c2fce578a7356"},"breadcrumb":{"@id":"https:\/\/super-news.info\/hu\/ezer-forint-felett-a-diakok-orabere\/#breadcrumb"},"inLanguage":"hu","potentialAction":[{"@type":"ReadAction","target":["https:\/\/super-news.info\/hu\/ezer-forint-felett-a-diakok-orabere\/"]}]},{"@type":"ImageObject","inLanguage":"hu","@id":"https:\/\/super-news.info\/hu\/ezer-forint-felett-a-diakok-orabere\/#primaryimage","url":"https:\/\/super-news.info\/hu\/wp-content\/uploads\/sites\/3\/2019\/05\/Ezer-forint-felett-a-di\u00e1kok-\u00f3rab\u00e9re.jpg","contentUrl":"https:\/\/super-news.info\/hu\/wp-content\/uploads\/sites\/3\/2019\/05\/Ezer-forint-felett-a-di\u00e1kok-\u00f3rab\u00e9re.jpg","width":1400,"height":933,"caption":"Ezer forint felett a di\u00e1kok \u00f3rab\u00e9re"},{"@type":"BreadcrumbList","@id":"https:\/\/super-news.info\/hu\/ezer-forint-felett-a-diakok-orabere\/#breadcrumb","itemListElement":[{"@type":"ListItem","position":1,"name":"\u0413\u043b\u0430\u0432\u043d\u0430\u044f \u0441\u0442\u0440\u0430\u043d\u0438\u0446\u0430","item":"https:\/\/super-news.info\/hu\/"},{"@type":"ListItem","position":2,"name":"Ezer forint felett a di\u00e1kok \u00f3rab\u00e9re"}]},{"@type":"WebSite","@id":"https:\/\/super-news.info\/hu\/#website","url":"https:\/\/super-news.info\/hu\/","name":"Super News","description":"Super News Magyarorsz\u00e1g","potentialAction":[{"@type":"SearchAction","target":{"@type":"EntryPoint","urlTemplate":"https:\/\/super-news.info\/hu\/?s={search_term_string}"},"query-input":{"@type":"PropertyValueSpecification","valueRequired":true,"valueName":"search_term_string"}}],"inLanguage":"hu"},{"@type":"Person","@id":"https:\/\/super-news.info\/hu\/#\/schema\/person\/2d4068cb2f39cd10008c2fce578a7356","name":"super-news","image":{"@type":"ImageObject","inLanguage":"hu","@id":"https:\/\/secure.gravatar.com\/avatar\/64ebac40b93f26a154f8a9b5b6fdccfc46f442b26b3dd6756dbff3bf9dc76fd7?s=96&d=mm&r=g","url":"https:\/\/secure.gravatar.com\/avatar\/64ebac40b93f26a154f8a9b5b6fdccfc46f442b26b3dd6756dbff3bf9dc76fd7?s=96&d=mm&r=g","contentUrl":"https:\/\/secure.gravatar.com\/avatar\/64ebac40b93f26a154f8a9b5b6fdccfc46f442b26b3dd6756dbff3bf9dc76fd7?s=96&d=mm&r=g","caption":"super-news"},"url":"https:\/\/super-news.info\/hu\/author\/pt\/"}]}},"_links":{"self":[{"href":"https:\/\/super-news.info\/hu\/wp-json\/wp\/v2\/posts\/1233","targetHints":{"allow":["GET"]}}],"collection":[{"href":"https:\/\/super-news.info\/hu\/wp-json\/wp\/v2\/posts"}],"about":[{"href":"https:\/\/super-news.info\/hu\/wp-json\/wp\/v2\/types\/post"}],"author":[{"embeddable":true,"href":"https:\/\/super-news.info\/hu\/wp-json\/wp\/v2\/users\/2"}],"replies":[{"embeddable":true,"href":"https:\/\/super-news.info\/hu\/wp-json\/wp\/v2\/comments?post=1233"}],"version-history":[{"count":1,"href":"https:\/\/super-news.info\/hu\/wp-json\/wp\/v2\/posts\/1233\/revisions"}],"predecessor-version":[{"id":1235,"href":"https:\/\/super-news.info\/hu\/wp-json\/wp\/v2\/posts\/1233\/revisions\/1235"}],"wp:featuredmedia":[{"embeddable":true,"href":"https:\/\/super-news.info\/hu\/wp-json\/wp\/v2\/media\/1234"}],"wp:attachment":[{"href":"https:\/\/super-news.info\/hu\/wp-json\/wp\/v2\/media?parent=1233"}],"wp:term":[{"taxonomy":"category","embeddable":true,"href":"https:\/\/super-news.info\/hu\/wp-json\/wp\/v2\/categories?post=1233"},{"taxonomy":"post_tag","embeddable":true,"href":"https:\/\/super-news.info\/hu\/wp-json\/wp\/v2\/tags?post=1233"}],"curies":[{"name":"wp","href":"https:\/\/api.w.org\/{rel}","templated":true}]}}