{"id":9953,"date":"2019-08-30T20:58:23","date_gmt":"2019-08-30T17:58:23","guid":{"rendered":"https:\/\/super-news.info\/es\/el-paro-de-la-eurozona-se-mantiene-en-minimos-de-2008-pese-a-la-desaceleracion-economica\/"},"modified":"2019-08-30T20:58:24","modified_gmt":"2019-08-30T17:58:24","slug":"el-paro-de-la-eurozona-se-mantiene-en-minimos-de-2008-pese-a-la-desaceleracion-economica","status":"publish","type":"post","link":"https:\/\/super-news.info\/es\/el-paro-de-la-eurozona-se-mantiene-en-minimos-de-2008-pese-a-la-desaceleracion-economica\/","title":{"rendered":"El paro de la eurozona se mantiene en m\u00ednimos de 2008 pese a la desaceleraci\u00f3n econ\u00f3mica"},"content":{"rendered":"<p> [ad_1]<\/p>\n<div id=\"CuerpoNoticiav2\" itemprop=\"articleBody\">\n<p itemprop=\"description\">LUXEMBURGO, 30 Ago. (EUROPA PRESS) &#8211;<\/p>\n<p>La tasa de paro en la zona euro se mantuvo estable en julio en el 7,5%, su nivel m\u00e1s bajo desde julio de 2008, mientras que en el conjunto de la UE se mantuvo en el 6,3%, lo que supone su mejor lectura desde que en el a\u00f1o 2000 comenzara a elaborar sus registros Eurostat, que mantiene a Espa\u00f1a como el segundo pa\u00eds de la UE con peores cifras de paro, con un 13,9%, solo por detr\u00e1s del 17,2% de Grecia, que solamente dispone de datos hasta mayo de 2019.<\/p>\n<p>La oficina de estad\u00edstica comunitaria calcula que 15,613 millones de personas carec\u00edan de empleo en la UE en julio, de los que 12,322 millones se encontraban en la zona euro, lo que supone un aumento de 27.00 personas entre los Veintiocho con respecto a junio y un recorte de 16.000 en la eurozona. En comparaci\u00f3n con julio de 2018, la cifra de desempleados en la UE descendi\u00f3 en 1,093 millones de personas, al tiempo que en la zona euro lo hizo en 898.000.<\/p>\n<p><iframe id=\"ep-chart-203b51fc-1ce3-488f-9d15-5df8abb4a29b\" src=\"https:\/\/www.epdata.es\/embed\/203b51fc-1ce3-488f-9d15-5df8abb4a29b\/450\" style=\"width: 100%; min-height: 450px; overflow: hidden;\" frameborder=\"0\" scrolling=\"no\" height=\"450\"><\/iframe><\/p>\n<p>Entre los pa\u00edses de la UE cuyos datos estaban disponibles, las menores tasas de paro se observaron en la Rep\u00fablica Checa (2,1%) y Alemania (3%), mientras que las m\u00e1s altas fueron las de Grecia (17,2% en mayo de 2019) y Espa\u00f1a (13,9%).<\/p>\n<p>En comparaci\u00f3n con julio de 2018, el paro baj\u00f3 en 25 Estados miembros, mientras que se increment\u00f3 en Luxemburgo (del 5,6% al 5,7%), Lituania (del 6,1% al 6,4%) y Suecia (del 6,3% al 6,8%).<\/p>\n<p>El mayor descenso interanual de paro entre los pa\u00edses de la UE correspondi\u00f3 a Grecia, con una bajada del 19,4% al 17,2%, seguida de Croacia, que se situ\u00f3 en el 7,1% desde el 8,4% de un a\u00f1o antes.<\/p>\n<p>La tasa de paro masculina de la zona euro se situ\u00f3 en julio en el 7,2%, en l\u00ednea con el dato de junio, mientras que el desempleo femenino se mantuvo estable en el 7,9%. En Espa\u00f1a, la tasa de paro entre los hombres cay\u00f3 en una d\u00e9cima, hasta el 12,4%. De su lado el paro de las mujeres pas\u00f3 del 15,7% al 15,6%.<\/p>\n<p><iframe id=\"ep-chart-0838da6e-dfec-458c-b36b-d48e9e52fbe1\" src=\"https:\/\/www.epdata.es\/embed\/0838da6e-dfec-458c-b36b-d48e9e52fbe1\/450\" style=\"width: 100%; min-height: 450px; overflow: hidden;\" frameborder=\"0\" scrolling=\"no\" height=\"450\"><\/iframe><\/p>\n<h2 class=\"ladillo\">PARO JUVENIL<\/h2>\n<p>Asimismo, Eurostat ha informado de que en julio de 2019 hab\u00eda 3,19 millones de menores de 25 a\u00f1os desempleados en el conjunto de la UE, de los que 2,24 millones estaban en la zona euro, lo que supone 167.000 y 149.000 menos que hace un a\u00f1o, respectivamente.<\/p>\n<p>La tasa de desempleo juvenil entre los Veintiocho se redujo en julio al 14,3%, desde el 15% de un a\u00f1o antes, mientras que en el club de pa\u00edses que comparten la moneda comunitaria se situ\u00f3 en el 15,6%, desde el 16,7% de julio de 2018.<\/p>\n<p>Por su parte, Espa\u00f1a registr\u00f3 la segunda tasa de paro juvenil m\u00e1s elevada de la UE, con un 32,1%, solo por detr\u00e1s del 39,6% de Grecia en mayo de 2019, pero por delante de Italia, con un 28,9%.<\/p>\n<p>En t\u00e9rminos absolutos, la cifra de desempleados menores de 25 a\u00f1os en Espa\u00f1a en el s\u00e9ptimo mes de 2019 fue de 489.000 personas, lo que implica un descenso de 9.000 j\u00f3venes con respecto a junio y de 26.000 en comparaci\u00f3n con el mismo mes de 2018.<\/p>\n<\/div>\n<p>[ad_2]<br \/>\n<br \/><a href=\"https:\/\/www.europapress.es\/economia\/laboral-00346\/noticia-paro-eurozona-mantiene-minimos-2008-pese-desaceleracion-economica-20190830110110.html\">Source link <\/a><\/p>\n","protected":false},"excerpt":{"rendered":"<p>[ad_1] LUXEMBURGO, 30 Ago. (EUROPA PRESS) &#8211; La tasa de paro en la zona euro se mantuvo estable en julio en el 7,5%, su nivel m\u00e1s bajo desde julio de 2008, mientras que en el conjunto de la UE se mantuvo en el 6,3%, lo que supone su mejor lectura desde que en el a\u00f1o [&hellip;]<\/p>\n","protected":false},"author":2,"featured_media":9954,"comment_status":"open","ping_status":"open","sticky":false,"template":"","format":"standard","meta":{"footnotes":""},"categories":[1],"tags":[],"class_list":["post-9953","post","type-post","status-publish","format-standard","has-post-thumbnail","hentry","category-noticias-financieras"],"yoast_head":"<!-- This site is optimized with the Yoast SEO plugin v27.4 - https:\/\/yoast.com\/product\/yoast-seo-wordpress\/ -->\n<title>El paro de la eurozona se mantiene en m\u00ednimos de 2008 pese a la desaceleraci\u00f3n econ\u00f3mica - Super News<\/title>\n<meta name=\"robots\" content=\"index, follow, max-snippet:-1, max-image-preview:large, max-video-preview:-1\" \/>\n<link rel=\"canonical\" href=\"https:\/\/super-news.info\/es\/el-paro-de-la-eurozona-se-mantiene-en-minimos-de-2008-pese-a-la-desaceleracion-economica\/\" \/>\n<meta property=\"og:locale\" content=\"en_US\" \/>\n<meta property=\"og:type\" content=\"article\" \/>\n<meta property=\"og:title\" content=\"El paro de la eurozona se mantiene en m\u00ednimos de 2008 pese a la desaceleraci\u00f3n econ\u00f3mica - Super News\" \/>\n<meta property=\"og:description\" content=\"[ad_1] LUXEMBURGO, 30 Ago. (EUROPA PRESS) &#8211; La tasa de paro en la zona euro se mantuvo estable en julio en el 7,5%, su nivel m\u00e1s bajo desde julio de 2008, mientras que en el conjunto de la UE se mantuvo en el 6,3%, lo que supone su mejor lectura desde que en el a\u00f1o [&hellip;]\" \/>\n<meta property=\"og:url\" content=\"https:\/\/super-news.info\/es\/el-paro-de-la-eurozona-se-mantiene-en-minimos-de-2008-pese-a-la-desaceleracion-economica\/\" \/>\n<meta property=\"og:site_name\" content=\"Super News\" \/>\n<meta property=\"article:published_time\" content=\"2019-08-30T17:58:23+00:00\" \/>\n<meta property=\"article:modified_time\" content=\"2019-08-30T17:58:24+00:00\" \/>\n<meta property=\"og:image\" content=\"https:\/\/super-news.info\/es\/wp-content\/uploads\/sites\/4\/2019\/08\/El-paro-de-la-eurozona-se-mantiene-en-m-nimos-de.jpg\" \/>\n\t<meta property=\"og:image:width\" content=\"120\" \/>\n\t<meta property=\"og:image:height\" content=\"81\" \/>\n\t<meta property=\"og:image:type\" content=\"image\/jpeg\" \/>\n<meta name=\"author\" content=\"super-news\" \/>\n<meta name=\"twitter:card\" content=\"summary_large_image\" \/>\n<meta name=\"twitter:label1\" content=\"Written by\" \/>\n\t<meta name=\"twitter:data1\" content=\"super-news\" \/>\n\t<meta name=\"twitter:label2\" content=\"Est. reading time\" \/>\n\t<meta name=\"twitter:data2\" content=\"3 minutes\" \/>\n<script type=\"application\/ld+json\" class=\"yoast-schema-graph\">{\"@context\":\"https:\\\/\\\/schema.org\",\"@graph\":[{\"@type\":\"Article\",\"@id\":\"https:\\\/\\\/super-news.info\\\/es\\\/el-paro-de-la-eurozona-se-mantiene-en-minimos-de-2008-pese-a-la-desaceleracion-economica\\\/#article\",\"isPartOf\":{\"@id\":\"https:\\\/\\\/super-news.info\\\/es\\\/el-paro-de-la-eurozona-se-mantiene-en-minimos-de-2008-pese-a-la-desaceleracion-economica\\\/\"},\"author\":{\"name\":\"super-news\",\"@id\":\"https:\\\/\\\/super-news.info\\\/es\\\/#\\\/schema\\\/person\\\/2d4068cb2f39cd10008c2fce578a7356\"},\"headline\":\"El paro de la eurozona se mantiene en m\u00ednimos de 2008 pese a la desaceleraci\u00f3n econ\u00f3mica\",\"datePublished\":\"2019-08-30T17:58:23+00:00\",\"dateModified\":\"2019-08-30T17:58:24+00:00\",\"mainEntityOfPage\":{\"@id\":\"https:\\\/\\\/super-news.info\\\/es\\\/el-paro-de-la-eurozona-se-mantiene-en-minimos-de-2008-pese-a-la-desaceleracion-economica\\\/\"},\"wordCount\":530,\"commentCount\":0,\"image\":{\"@id\":\"https:\\\/\\\/super-news.info\\\/es\\\/el-paro-de-la-eurozona-se-mantiene-en-minimos-de-2008-pese-a-la-desaceleracion-economica\\\/#primaryimage\"},\"thumbnailUrl\":\"https:\\\/\\\/super-news.info\\\/es\\\/wp-content\\\/uploads\\\/sites\\\/4\\\/2019\\\/08\\\/El-paro-de-la-eurozona-se-mantiene-en-m-nimos-de.jpg\",\"articleSection\":[\"NOTICIAS FINANCIERAS\"],\"inLanguage\":\"en-US\",\"potentialAction\":[{\"@type\":\"CommentAction\",\"name\":\"Comment\",\"target\":[\"https:\\\/\\\/super-news.info\\\/es\\\/el-paro-de-la-eurozona-se-mantiene-en-minimos-de-2008-pese-a-la-desaceleracion-economica\\\/#respond\"]}]},{\"@type\":\"WebPage\",\"@id\":\"https:\\\/\\\/super-news.info\\\/es\\\/el-paro-de-la-eurozona-se-mantiene-en-minimos-de-2008-pese-a-la-desaceleracion-economica\\\/\",\"url\":\"https:\\\/\\\/super-news.info\\\/es\\\/el-paro-de-la-eurozona-se-mantiene-en-minimos-de-2008-pese-a-la-desaceleracion-economica\\\/\",\"name\":\"El paro de la eurozona se mantiene en m\u00ednimos de 2008 pese a la desaceleraci\u00f3n econ\u00f3mica - Super News\",\"isPartOf\":{\"@id\":\"https:\\\/\\\/super-news.info\\\/es\\\/#website\"},\"primaryImageOfPage\":{\"@id\":\"https:\\\/\\\/super-news.info\\\/es\\\/el-paro-de-la-eurozona-se-mantiene-en-minimos-de-2008-pese-a-la-desaceleracion-economica\\\/#primaryimage\"},\"image\":{\"@id\":\"https:\\\/\\\/super-news.info\\\/es\\\/el-paro-de-la-eurozona-se-mantiene-en-minimos-de-2008-pese-a-la-desaceleracion-economica\\\/#primaryimage\"},\"thumbnailUrl\":\"https:\\\/\\\/super-news.info\\\/es\\\/wp-content\\\/uploads\\\/sites\\\/4\\\/2019\\\/08\\\/El-paro-de-la-eurozona-se-mantiene-en-m-nimos-de.jpg\",\"datePublished\":\"2019-08-30T17:58:23+00:00\",\"dateModified\":\"2019-08-30T17:58:24+00:00\",\"author\":{\"@id\":\"https:\\\/\\\/super-news.info\\\/es\\\/#\\\/schema\\\/person\\\/2d4068cb2f39cd10008c2fce578a7356\"},\"breadcrumb\":{\"@id\":\"https:\\\/\\\/super-news.info\\\/es\\\/el-paro-de-la-eurozona-se-mantiene-en-minimos-de-2008-pese-a-la-desaceleracion-economica\\\/#breadcrumb\"},\"inLanguage\":\"en-US\",\"potentialAction\":[{\"@type\":\"ReadAction\",\"target\":[\"https:\\\/\\\/super-news.info\\\/es\\\/el-paro-de-la-eurozona-se-mantiene-en-minimos-de-2008-pese-a-la-desaceleracion-economica\\\/\"]}]},{\"@type\":\"ImageObject\",\"inLanguage\":\"en-US\",\"@id\":\"https:\\\/\\\/super-news.info\\\/es\\\/el-paro-de-la-eurozona-se-mantiene-en-minimos-de-2008-pese-a-la-desaceleracion-economica\\\/#primaryimage\",\"url\":\"https:\\\/\\\/super-news.info\\\/es\\\/wp-content\\\/uploads\\\/sites\\\/4\\\/2019\\\/08\\\/El-paro-de-la-eurozona-se-mantiene-en-m-nimos-de.jpg\",\"contentUrl\":\"https:\\\/\\\/super-news.info\\\/es\\\/wp-content\\\/uploads\\\/sites\\\/4\\\/2019\\\/08\\\/El-paro-de-la-eurozona-se-mantiene-en-m-nimos-de.jpg\",\"width\":120,\"height\":81,\"caption\":\"El paro de la eurozona se mantiene en m\u00ednimos de 2008 pese a la desaceleraci\u00f3n econ\u00f3mica\"},{\"@type\":\"BreadcrumbList\",\"@id\":\"https:\\\/\\\/super-news.info\\\/es\\\/el-paro-de-la-eurozona-se-mantiene-en-minimos-de-2008-pese-a-la-desaceleracion-economica\\\/#breadcrumb\",\"itemListElement\":[{\"@type\":\"ListItem\",\"position\":1,\"name\":\"\u0413\u043b\u0430\u0432\u043d\u0430\u044f \u0441\u0442\u0440\u0430\u043d\u0438\u0446\u0430\",\"item\":\"https:\\\/\\\/super-news.info\\\/es\\\/\"},{\"@type\":\"ListItem\",\"position\":2,\"name\":\"El paro de la eurozona se mantiene en m\u00ednimos de 2008 pese a la desaceleraci\u00f3n econ\u00f3mica\"}]},{\"@type\":\"WebSite\",\"@id\":\"https:\\\/\\\/super-news.info\\\/es\\\/#website\",\"url\":\"https:\\\/\\\/super-news.info\\\/es\\\/\",\"name\":\"Super News\",\"description\":\"Super News Espa\u00f1a\",\"potentialAction\":[{\"@type\":\"SearchAction\",\"target\":{\"@type\":\"EntryPoint\",\"urlTemplate\":\"https:\\\/\\\/super-news.info\\\/es\\\/?s={search_term_string}\"},\"query-input\":{\"@type\":\"PropertyValueSpecification\",\"valueRequired\":true,\"valueName\":\"search_term_string\"}}],\"inLanguage\":\"en-US\"},{\"@type\":\"Person\",\"@id\":\"https:\\\/\\\/super-news.info\\\/es\\\/#\\\/schema\\\/person\\\/2d4068cb2f39cd10008c2fce578a7356\",\"name\":\"super-news\",\"image\":{\"@type\":\"ImageObject\",\"inLanguage\":\"en-US\",\"@id\":\"https:\\\/\\\/secure.gravatar.com\\\/avatar\\\/64ebac40b93f26a154f8a9b5b6fdccfc46f442b26b3dd6756dbff3bf9dc76fd7?s=96&d=mm&r=g\",\"url\":\"https:\\\/\\\/secure.gravatar.com\\\/avatar\\\/64ebac40b93f26a154f8a9b5b6fdccfc46f442b26b3dd6756dbff3bf9dc76fd7?s=96&d=mm&r=g\",\"contentUrl\":\"https:\\\/\\\/secure.gravatar.com\\\/avatar\\\/64ebac40b93f26a154f8a9b5b6fdccfc46f442b26b3dd6756dbff3bf9dc76fd7?s=96&d=mm&r=g\",\"caption\":\"super-news\"},\"url\":\"https:\\\/\\\/super-news.info\\\/es\\\/author\\\/pt\\\/\"}]}<\/script>\n<!-- \/ Yoast SEO plugin. -->","yoast_head_json":{"title":"El paro de la eurozona se mantiene en m\u00ednimos de 2008 pese a la desaceleraci\u00f3n econ\u00f3mica - Super News","robots":{"index":"index","follow":"follow","max-snippet":"max-snippet:-1","max-image-preview":"max-image-preview:large","max-video-preview":"max-video-preview:-1"},"canonical":"https:\/\/super-news.info\/es\/el-paro-de-la-eurozona-se-mantiene-en-minimos-de-2008-pese-a-la-desaceleracion-economica\/","og_locale":"en_US","og_type":"article","og_title":"El paro de la eurozona se mantiene en m\u00ednimos de 2008 pese a la desaceleraci\u00f3n econ\u00f3mica - Super News","og_description":"[ad_1] LUXEMBURGO, 30 Ago. (EUROPA PRESS) &#8211; La tasa de paro en la zona euro se mantuvo estable en julio en el 7,5%, su nivel m\u00e1s bajo desde julio de 2008, mientras que en el conjunto de la UE se mantuvo en el 6,3%, lo que supone su mejor lectura desde que en el a\u00f1o [&hellip;]","og_url":"https:\/\/super-news.info\/es\/el-paro-de-la-eurozona-se-mantiene-en-minimos-de-2008-pese-a-la-desaceleracion-economica\/","og_site_name":"Super News","article_published_time":"2019-08-30T17:58:23+00:00","article_modified_time":"2019-08-30T17:58:24+00:00","og_image":[{"width":120,"height":81,"url":"https:\/\/super-news.info\/es\/wp-content\/uploads\/sites\/4\/2019\/08\/El-paro-de-la-eurozona-se-mantiene-en-m-nimos-de.jpg","type":"image\/jpeg"}],"author":"super-news","twitter_card":"summary_large_image","twitter_misc":{"Written by":"super-news","Est. reading time":"3 minutes"},"schema":{"@context":"https:\/\/schema.org","@graph":[{"@type":"Article","@id":"https:\/\/super-news.info\/es\/el-paro-de-la-eurozona-se-mantiene-en-minimos-de-2008-pese-a-la-desaceleracion-economica\/#article","isPartOf":{"@id":"https:\/\/super-news.info\/es\/el-paro-de-la-eurozona-se-mantiene-en-minimos-de-2008-pese-a-la-desaceleracion-economica\/"},"author":{"name":"super-news","@id":"https:\/\/super-news.info\/es\/#\/schema\/person\/2d4068cb2f39cd10008c2fce578a7356"},"headline":"El paro de la eurozona se mantiene en m\u00ednimos de 2008 pese a la desaceleraci\u00f3n econ\u00f3mica","datePublished":"2019-08-30T17:58:23+00:00","dateModified":"2019-08-30T17:58:24+00:00","mainEntityOfPage":{"@id":"https:\/\/super-news.info\/es\/el-paro-de-la-eurozona-se-mantiene-en-minimos-de-2008-pese-a-la-desaceleracion-economica\/"},"wordCount":530,"commentCount":0,"image":{"@id":"https:\/\/super-news.info\/es\/el-paro-de-la-eurozona-se-mantiene-en-minimos-de-2008-pese-a-la-desaceleracion-economica\/#primaryimage"},"thumbnailUrl":"https:\/\/super-news.info\/es\/wp-content\/uploads\/sites\/4\/2019\/08\/El-paro-de-la-eurozona-se-mantiene-en-m-nimos-de.jpg","articleSection":["NOTICIAS FINANCIERAS"],"inLanguage":"en-US","potentialAction":[{"@type":"CommentAction","name":"Comment","target":["https:\/\/super-news.info\/es\/el-paro-de-la-eurozona-se-mantiene-en-minimos-de-2008-pese-a-la-desaceleracion-economica\/#respond"]}]},{"@type":"WebPage","@id":"https:\/\/super-news.info\/es\/el-paro-de-la-eurozona-se-mantiene-en-minimos-de-2008-pese-a-la-desaceleracion-economica\/","url":"https:\/\/super-news.info\/es\/el-paro-de-la-eurozona-se-mantiene-en-minimos-de-2008-pese-a-la-desaceleracion-economica\/","name":"El paro de la eurozona se mantiene en m\u00ednimos de 2008 pese a la desaceleraci\u00f3n econ\u00f3mica - Super News","isPartOf":{"@id":"https:\/\/super-news.info\/es\/#website"},"primaryImageOfPage":{"@id":"https:\/\/super-news.info\/es\/el-paro-de-la-eurozona-se-mantiene-en-minimos-de-2008-pese-a-la-desaceleracion-economica\/#primaryimage"},"image":{"@id":"https:\/\/super-news.info\/es\/el-paro-de-la-eurozona-se-mantiene-en-minimos-de-2008-pese-a-la-desaceleracion-economica\/#primaryimage"},"thumbnailUrl":"https:\/\/super-news.info\/es\/wp-content\/uploads\/sites\/4\/2019\/08\/El-paro-de-la-eurozona-se-mantiene-en-m-nimos-de.jpg","datePublished":"2019-08-30T17:58:23+00:00","dateModified":"2019-08-30T17:58:24+00:00","author":{"@id":"https:\/\/super-news.info\/es\/#\/schema\/person\/2d4068cb2f39cd10008c2fce578a7356"},"breadcrumb":{"@id":"https:\/\/super-news.info\/es\/el-paro-de-la-eurozona-se-mantiene-en-minimos-de-2008-pese-a-la-desaceleracion-economica\/#breadcrumb"},"inLanguage":"en-US","potentialAction":[{"@type":"ReadAction","target":["https:\/\/super-news.info\/es\/el-paro-de-la-eurozona-se-mantiene-en-minimos-de-2008-pese-a-la-desaceleracion-economica\/"]}]},{"@type":"ImageObject","inLanguage":"en-US","@id":"https:\/\/super-news.info\/es\/el-paro-de-la-eurozona-se-mantiene-en-minimos-de-2008-pese-a-la-desaceleracion-economica\/#primaryimage","url":"https:\/\/super-news.info\/es\/wp-content\/uploads\/sites\/4\/2019\/08\/El-paro-de-la-eurozona-se-mantiene-en-m-nimos-de.jpg","contentUrl":"https:\/\/super-news.info\/es\/wp-content\/uploads\/sites\/4\/2019\/08\/El-paro-de-la-eurozona-se-mantiene-en-m-nimos-de.jpg","width":120,"height":81,"caption":"El paro de la eurozona se mantiene en m\u00ednimos de 2008 pese a la desaceleraci\u00f3n econ\u00f3mica"},{"@type":"BreadcrumbList","@id":"https:\/\/super-news.info\/es\/el-paro-de-la-eurozona-se-mantiene-en-minimos-de-2008-pese-a-la-desaceleracion-economica\/#breadcrumb","itemListElement":[{"@type":"ListItem","position":1,"name":"\u0413\u043b\u0430\u0432\u043d\u0430\u044f \u0441\u0442\u0440\u0430\u043d\u0438\u0446\u0430","item":"https:\/\/super-news.info\/es\/"},{"@type":"ListItem","position":2,"name":"El paro de la eurozona se mantiene en m\u00ednimos de 2008 pese a la desaceleraci\u00f3n econ\u00f3mica"}]},{"@type":"WebSite","@id":"https:\/\/super-news.info\/es\/#website","url":"https:\/\/super-news.info\/es\/","name":"Super News","description":"Super News Espa\u00f1a","potentialAction":[{"@type":"SearchAction","target":{"@type":"EntryPoint","urlTemplate":"https:\/\/super-news.info\/es\/?s={search_term_string}"},"query-input":{"@type":"PropertyValueSpecification","valueRequired":true,"valueName":"search_term_string"}}],"inLanguage":"en-US"},{"@type":"Person","@id":"https:\/\/super-news.info\/es\/#\/schema\/person\/2d4068cb2f39cd10008c2fce578a7356","name":"super-news","image":{"@type":"ImageObject","inLanguage":"en-US","@id":"https:\/\/secure.gravatar.com\/avatar\/64ebac40b93f26a154f8a9b5b6fdccfc46f442b26b3dd6756dbff3bf9dc76fd7?s=96&d=mm&r=g","url":"https:\/\/secure.gravatar.com\/avatar\/64ebac40b93f26a154f8a9b5b6fdccfc46f442b26b3dd6756dbff3bf9dc76fd7?s=96&d=mm&r=g","contentUrl":"https:\/\/secure.gravatar.com\/avatar\/64ebac40b93f26a154f8a9b5b6fdccfc46f442b26b3dd6756dbff3bf9dc76fd7?s=96&d=mm&r=g","caption":"super-news"},"url":"https:\/\/super-news.info\/es\/author\/pt\/"}]}},"_links":{"self":[{"href":"https:\/\/super-news.info\/es\/wp-json\/wp\/v2\/posts\/9953","targetHints":{"allow":["GET"]}}],"collection":[{"href":"https:\/\/super-news.info\/es\/wp-json\/wp\/v2\/posts"}],"about":[{"href":"https:\/\/super-news.info\/es\/wp-json\/wp\/v2\/types\/post"}],"author":[{"embeddable":true,"href":"https:\/\/super-news.info\/es\/wp-json\/wp\/v2\/users\/2"}],"replies":[{"embeddable":true,"href":"https:\/\/super-news.info\/es\/wp-json\/wp\/v2\/comments?post=9953"}],"version-history":[{"count":1,"href":"https:\/\/super-news.info\/es\/wp-json\/wp\/v2\/posts\/9953\/revisions"}],"predecessor-version":[{"id":9955,"href":"https:\/\/super-news.info\/es\/wp-json\/wp\/v2\/posts\/9953\/revisions\/9955"}],"wp:featuredmedia":[{"embeddable":true,"href":"https:\/\/super-news.info\/es\/wp-json\/wp\/v2\/media\/9954"}],"wp:attachment":[{"href":"https:\/\/super-news.info\/es\/wp-json\/wp\/v2\/media?parent=9953"}],"wp:term":[{"taxonomy":"category","embeddable":true,"href":"https:\/\/super-news.info\/es\/wp-json\/wp\/v2\/categories?post=9953"},{"taxonomy":"post_tag","embeddable":true,"href":"https:\/\/super-news.info\/es\/wp-json\/wp\/v2\/tags?post=9953"}],"curies":[{"name":"wp","href":"https:\/\/api.w.org\/{rel}","templated":true}]}}