{"id":9943,"date":"2019-08-30T18:45:26","date_gmt":"2019-08-30T15:45:26","guid":{"rendered":"https:\/\/super-news.info\/es\/lagarde-defendera-el-miercoles-en-la-eurocamara-su-nombramiento-como-nueva-presidenta-del-bce\/"},"modified":"2019-08-30T18:45:26","modified_gmt":"2019-08-30T15:45:26","slug":"lagarde-defendera-el-miercoles-en-la-eurocamara-su-nombramiento-como-nueva-presidenta-del-bce","status":"publish","type":"post","link":"https:\/\/super-news.info\/es\/lagarde-defendera-el-miercoles-en-la-eurocamara-su-nombramiento-como-nueva-presidenta-del-bce\/","title":{"rendered":"Lagarde defender\u00e1 el mi\u00e9rcoles en la Euroc\u00e1mara su nombramiento como nueva presidenta del BCE"},"content":{"rendered":"<p> [ad_1]<br \/>\n<br \/><img decoding=\"async\" src=\"https:\/\/img.europapress.es\/fotoweb\/fotonoticia_20190830164305_120.jpg\" \/><\/p>\n<div id=\"CuerpoNoticiav2\" itemprop=\"articleBody\">\n<h3 class=\"subsubhead\">Sostiene que es necesario mantener los est\u00edmulos y ve &#8220;prematura&#8221; la normalizaci\u00f3n de la pol\u00edtica econ\u00f3mica<\/h3>\n<p>   BRUSELAS, 30 Ago. (EUROPA PRESS) &#8211; <\/p>\n<p itemprop=\"description\">    Christine Lagarde defender\u00e1 el pr\u00f3ximo mi\u00e9rcoles en el Parlamento Europeo su nombramiento como nueva presidenta del Banco Central Europeo (BCE) ante unos eurodiputados a los que ya ha asegurado que la situaci\u00f3n econ\u00f3mica actual y la evoluci\u00f3n de los precios de la eurozona hacen necesario que el instituto emisor mantenga los est\u00edmulos durante un tiempo &#8220;prolongado&#8221; y que es &#8220;prematuro&#8221; hablar de normalizaci\u00f3n.<\/p>\n<p>   La directora gerente saliente del Fondo Monetario Internacional (FMI) comparecer\u00e1 el 4 de septiembre durante dos horas y media en la comisi\u00f3n de Asuntos Econ\u00f3micos de la Euroc\u00e1mara en una sesi\u00f3n comenzar\u00e1 a las 10.30 horas. Ya por la tarde, los eurodiputados de dicha comisi\u00f3n votar\u00e1n si creen que Lagarde es la persona adecuada para sustituir a Mario Draghi a partir del 1 de noviembre.<\/p>\n<p>   La francesa ha remitido a parlamentarios respuestas escritas a una serie de preguntas que le han sido planteadas y en varias ocasiones insiste en que &#8220;est\u00e1 claro que la pol\u00edtica monetaria necesita mantenerse en alto grado acomodaticia durante un futuro previsible&#8221;.<\/p>\n<p>   En sus respuestas, la candidata a presidir el BCE afirma que la pol\u00edtica monetaria de la instituci\u00f3n ha sido &#8220;efectiva y exitosa&#8221; pues, a la luz de los c\u00e1lculos del instituto emisor, el crecimiento de la eurozona y de la inflaci\u00f3n habr\u00eda sido 1,9 puntos porcentuales menor para el periodo 2016-2020 si no se  hubieran aplicado los est\u00edmulos.<\/p>\n<p>   Lagarde tambi\u00e9n advierte de que el entorno econ\u00f3mico actual supone &#8220;un desaf\u00edo claro a corto plazo&#8221; para el BCE. En este contexto, se\u00f1ala que el crecimiento del PIB de la zona euro se ha desacelerado y el crecimiento de los precios es &#8220;d\u00e9bil&#8221;.<\/p>\n<p>   &#8220;Por tanto (&#8230;) sigue siendo adecuado que el BCE aplique un amplio grado de pol\u00edtica monetaria acomodaticia para apoyar la expansi\u00f3n de la econom\u00eda y la convergencia de la inflaci\u00f3n a su objetivo de una forma sostenida&#8221;, afirma.<\/p>\n<p>   Despu\u00e9s de esto, la francesa retoma la idea repetida en numerosas ocasiones por su predecesor y remarca que la pol\u00edtica monetaria del BCE debe verse acompa\u00f1ada de &#8220;otras \u00e1reas pol\u00edticas&#8221; para &#8220;aprovechar todos los beneficios&#8221; de los est\u00edmulos.<\/p>\n<h2 class=\"ladillo\">ES &#8220;PREMATURO&#8221; HABLAR DE NORMALIZACI\u00d3N<\/h2>\n<p>   En opini\u00f3n de Lagarde, las indicaciones sobre el futuro de los tipos de inter\u00e9s, combinadas con las  reinversiones de una cantidad &#8220;considerable&#8221; de activos adquiridos y las nuevas operaciones de financiaci\u00f3n a plazo m\u00e1s largo con objetivo espec\u00edfico (TLTRO) aportan un est\u00edmulo monetario &#8220;significativo&#8221; que es &#8220;necesario&#8221; para conseguir el objetivo de inflaci\u00f3n.<\/p>\n<p>   &#8220;En la coyuntura actual, una normalizaci\u00f3n de la pol\u00edtica es prematura&#8221;, expone Lagarde en sus respuestas escritas, en las que a\u00f1ade que las incertidumbres derivadas de factores geopol\u00edticos, las presiones proteccionistas y las vulnerabilidades de los mercados emergentes &#8220;significan que los riesgos en las previsiones tienen principalmente a la baja&#8221; y que las presiones inflacionistas son bajas.<\/p>\n<p>   &#8220;Una acomodaci\u00f3n monetaria significativa ser\u00e1 necesaria durante un tiempo prolongado. Es, por tanto, importante mantener todas las herramientas en la mesa para responder adecuada y proporcionalmente si las perspectivas de inflaci\u00f3n a medio plazo se quedan lejos del objetivo del BCE&#8221;, insiste.<\/p>\n<p>    La candidata a presidir el BCE tambi\u00e9n deja claro en el documento que comparte la nueva orientaci\u00f3n a futuro del instituto emisor sobre posibles cambios en los tipos de inter\u00e9s, que se mantendr\u00e1n en su nivel actual &#8220;al menos  hasta el primer semestre de 2020&#8221; seg\u00fan la actualizaci\u00f3n aprobada en junio.<\/p>\n<p>   &#8220;Las \u00faltimas decisiones del Consejo de Gobierno sobre la orientaci\u00f3n a futuro de los tipos de inter\u00e9s son, en mi opini\u00f3n, correctas y tienen el objetivo de preservar unas condiciones de financiaci\u00f3n muy favorables para empresas y hogares&#8221;, apunta.<\/p>\n<p>   Lagarde defiende que los tipos de inter\u00e9s bajos han contribuido a hacer desaparecer los riesgos de deflaci\u00f3n y han impulsado el crecimiento econ\u00f3mico y la creaci\u00f3n de empleo, pero tambi\u00e9n reconoce que durante su mandato ser\u00e1 &#8220;claramente importante&#8221; seguir vigilando posibles efectos secundarios &#8220;no s\u00f3lo en relaci\u00f3n con la transmisi\u00f3n de la pol\u00edtica monetaria sino tambi\u00e9n en la estabilidad financiera&#8221;.<\/p>\n<\/div>\n<p>[ad_2]<br \/>\n<br \/><a href=\"https:\/\/www.europapress.es\/economia\/noticia-lagarde-defendera-miercoles-eurocamara-nombramiento-nueva-presidenta-bce-20190830164305.html\">Source link <\/a><\/p>\n","protected":false},"excerpt":{"rendered":"<p>[ad_1] Sostiene que es necesario mantener los est\u00edmulos y ve &#8220;prematura&#8221; la normalizaci\u00f3n de la pol\u00edtica econ\u00f3mica BRUSELAS, 30 Ago. (EUROPA PRESS) &#8211; Christine Lagarde defender\u00e1 el pr\u00f3ximo mi\u00e9rcoles en el Parlamento Europeo su nombramiento como nueva presidenta del Banco Central Europeo (BCE) ante unos eurodiputados a los que ya ha asegurado que la situaci\u00f3n [&hellip;]<\/p>\n","protected":false},"author":2,"featured_media":0,"comment_status":"open","ping_status":"open","sticky":false,"template":"","format":"standard","meta":{"footnotes":""},"categories":[1],"tags":[],"class_list":["post-9943","post","type-post","status-publish","format-standard","hentry","category-noticias-financieras"],"yoast_head":"<!-- This site is optimized with the Yoast SEO plugin v27.4 - https:\/\/yoast.com\/product\/yoast-seo-wordpress\/ -->\n<title>Lagarde defender\u00e1 el mi\u00e9rcoles en la Euroc\u00e1mara su nombramiento como nueva presidenta del BCE - Super News<\/title>\n<meta name=\"robots\" content=\"index, follow, max-snippet:-1, max-image-preview:large, max-video-preview:-1\" \/>\n<link rel=\"canonical\" href=\"https:\/\/super-news.info\/es\/lagarde-defendera-el-miercoles-en-la-eurocamara-su-nombramiento-como-nueva-presidenta-del-bce\/\" \/>\n<meta property=\"og:locale\" content=\"en_US\" \/>\n<meta property=\"og:type\" content=\"article\" \/>\n<meta property=\"og:title\" content=\"Lagarde defender\u00e1 el mi\u00e9rcoles en la Euroc\u00e1mara su nombramiento como nueva presidenta del BCE - Super News\" \/>\n<meta property=\"og:description\" content=\"[ad_1] Sostiene que es necesario mantener los est\u00edmulos y ve &#8220;prematura&#8221; la normalizaci\u00f3n de la pol\u00edtica econ\u00f3mica BRUSELAS, 30 Ago. (EUROPA PRESS) &#8211; Christine Lagarde defender\u00e1 el pr\u00f3ximo mi\u00e9rcoles en el Parlamento Europeo su nombramiento como nueva presidenta del Banco Central Europeo (BCE) ante unos eurodiputados a los que ya ha asegurado que la situaci\u00f3n [&hellip;]\" \/>\n<meta property=\"og:url\" content=\"https:\/\/super-news.info\/es\/lagarde-defendera-el-miercoles-en-la-eurocamara-su-nombramiento-como-nueva-presidenta-del-bce\/\" \/>\n<meta property=\"og:site_name\" content=\"Super News\" \/>\n<meta property=\"article:published_time\" content=\"2019-08-30T15:45:26+00:00\" \/>\n<meta property=\"og:image\" content=\"https:\/\/img.europapress.es\/fotoweb\/fotonoticia_20190830164305_120.jpg\" \/>\n<meta name=\"author\" content=\"super-news\" \/>\n<meta name=\"twitter:card\" content=\"summary_large_image\" \/>\n<meta name=\"twitter:label1\" content=\"Written by\" \/>\n\t<meta name=\"twitter:data1\" content=\"super-news\" \/>\n\t<meta name=\"twitter:label2\" content=\"Est. reading time\" \/>\n\t<meta name=\"twitter:data2\" content=\"4 minutes\" \/>\n<script type=\"application\/ld+json\" class=\"yoast-schema-graph\">{\"@context\":\"https:\\\/\\\/schema.org\",\"@graph\":[{\"@type\":\"Article\",\"@id\":\"https:\\\/\\\/super-news.info\\\/es\\\/lagarde-defendera-el-miercoles-en-la-eurocamara-su-nombramiento-como-nueva-presidenta-del-bce\\\/#article\",\"isPartOf\":{\"@id\":\"https:\\\/\\\/super-news.info\\\/es\\\/lagarde-defendera-el-miercoles-en-la-eurocamara-su-nombramiento-como-nueva-presidenta-del-bce\\\/\"},\"author\":{\"name\":\"super-news\",\"@id\":\"https:\\\/\\\/super-news.info\\\/es\\\/#\\\/schema\\\/person\\\/2d4068cb2f39cd10008c2fce578a7356\"},\"headline\":\"Lagarde defender\u00e1 el mi\u00e9rcoles en la Euroc\u00e1mara su nombramiento como nueva presidenta del BCE\",\"datePublished\":\"2019-08-30T15:45:26+00:00\",\"mainEntityOfPage\":{\"@id\":\"https:\\\/\\\/super-news.info\\\/es\\\/lagarde-defendera-el-miercoles-en-la-eurocamara-su-nombramiento-como-nueva-presidenta-del-bce\\\/\"},\"wordCount\":760,\"commentCount\":0,\"image\":{\"@id\":\"https:\\\/\\\/super-news.info\\\/es\\\/lagarde-defendera-el-miercoles-en-la-eurocamara-su-nombramiento-como-nueva-presidenta-del-bce\\\/#primaryimage\"},\"thumbnailUrl\":\"https:\\\/\\\/img.europapress.es\\\/fotoweb\\\/fotonoticia_20190830164305_120.jpg\",\"articleSection\":[\"NOTICIAS FINANCIERAS\"],\"inLanguage\":\"en-US\",\"potentialAction\":[{\"@type\":\"CommentAction\",\"name\":\"Comment\",\"target\":[\"https:\\\/\\\/super-news.info\\\/es\\\/lagarde-defendera-el-miercoles-en-la-eurocamara-su-nombramiento-como-nueva-presidenta-del-bce\\\/#respond\"]}]},{\"@type\":\"WebPage\",\"@id\":\"https:\\\/\\\/super-news.info\\\/es\\\/lagarde-defendera-el-miercoles-en-la-eurocamara-su-nombramiento-como-nueva-presidenta-del-bce\\\/\",\"url\":\"https:\\\/\\\/super-news.info\\\/es\\\/lagarde-defendera-el-miercoles-en-la-eurocamara-su-nombramiento-como-nueva-presidenta-del-bce\\\/\",\"name\":\"Lagarde defender\u00e1 el mi\u00e9rcoles en la Euroc\u00e1mara su nombramiento como nueva presidenta del BCE - Super News\",\"isPartOf\":{\"@id\":\"https:\\\/\\\/super-news.info\\\/es\\\/#website\"},\"primaryImageOfPage\":{\"@id\":\"https:\\\/\\\/super-news.info\\\/es\\\/lagarde-defendera-el-miercoles-en-la-eurocamara-su-nombramiento-como-nueva-presidenta-del-bce\\\/#primaryimage\"},\"image\":{\"@id\":\"https:\\\/\\\/super-news.info\\\/es\\\/lagarde-defendera-el-miercoles-en-la-eurocamara-su-nombramiento-como-nueva-presidenta-del-bce\\\/#primaryimage\"},\"thumbnailUrl\":\"https:\\\/\\\/img.europapress.es\\\/fotoweb\\\/fotonoticia_20190830164305_120.jpg\",\"datePublished\":\"2019-08-30T15:45:26+00:00\",\"author\":{\"@id\":\"https:\\\/\\\/super-news.info\\\/es\\\/#\\\/schema\\\/person\\\/2d4068cb2f39cd10008c2fce578a7356\"},\"breadcrumb\":{\"@id\":\"https:\\\/\\\/super-news.info\\\/es\\\/lagarde-defendera-el-miercoles-en-la-eurocamara-su-nombramiento-como-nueva-presidenta-del-bce\\\/#breadcrumb\"},\"inLanguage\":\"en-US\",\"potentialAction\":[{\"@type\":\"ReadAction\",\"target\":[\"https:\\\/\\\/super-news.info\\\/es\\\/lagarde-defendera-el-miercoles-en-la-eurocamara-su-nombramiento-como-nueva-presidenta-del-bce\\\/\"]}]},{\"@type\":\"ImageObject\",\"inLanguage\":\"en-US\",\"@id\":\"https:\\\/\\\/super-news.info\\\/es\\\/lagarde-defendera-el-miercoles-en-la-eurocamara-su-nombramiento-como-nueva-presidenta-del-bce\\\/#primaryimage\",\"url\":\"https:\\\/\\\/img.europapress.es\\\/fotoweb\\\/fotonoticia_20190830164305_120.jpg\",\"contentUrl\":\"https:\\\/\\\/img.europapress.es\\\/fotoweb\\\/fotonoticia_20190830164305_120.jpg\"},{\"@type\":\"BreadcrumbList\",\"@id\":\"https:\\\/\\\/super-news.info\\\/es\\\/lagarde-defendera-el-miercoles-en-la-eurocamara-su-nombramiento-como-nueva-presidenta-del-bce\\\/#breadcrumb\",\"itemListElement\":[{\"@type\":\"ListItem\",\"position\":1,\"name\":\"\u0413\u043b\u0430\u0432\u043d\u0430\u044f \u0441\u0442\u0440\u0430\u043d\u0438\u0446\u0430\",\"item\":\"https:\\\/\\\/super-news.info\\\/es\\\/\"},{\"@type\":\"ListItem\",\"position\":2,\"name\":\"Lagarde defender\u00e1 el mi\u00e9rcoles en la Euroc\u00e1mara su nombramiento como nueva presidenta del BCE\"}]},{\"@type\":\"WebSite\",\"@id\":\"https:\\\/\\\/super-news.info\\\/es\\\/#website\",\"url\":\"https:\\\/\\\/super-news.info\\\/es\\\/\",\"name\":\"Super News\",\"description\":\"Super News Espa\u00f1a\",\"potentialAction\":[{\"@type\":\"SearchAction\",\"target\":{\"@type\":\"EntryPoint\",\"urlTemplate\":\"https:\\\/\\\/super-news.info\\\/es\\\/?s={search_term_string}\"},\"query-input\":{\"@type\":\"PropertyValueSpecification\",\"valueRequired\":true,\"valueName\":\"search_term_string\"}}],\"inLanguage\":\"en-US\"},{\"@type\":\"Person\",\"@id\":\"https:\\\/\\\/super-news.info\\\/es\\\/#\\\/schema\\\/person\\\/2d4068cb2f39cd10008c2fce578a7356\",\"name\":\"super-news\",\"image\":{\"@type\":\"ImageObject\",\"inLanguage\":\"en-US\",\"@id\":\"https:\\\/\\\/secure.gravatar.com\\\/avatar\\\/64ebac40b93f26a154f8a9b5b6fdccfc46f442b26b3dd6756dbff3bf9dc76fd7?s=96&d=mm&r=g\",\"url\":\"https:\\\/\\\/secure.gravatar.com\\\/avatar\\\/64ebac40b93f26a154f8a9b5b6fdccfc46f442b26b3dd6756dbff3bf9dc76fd7?s=96&d=mm&r=g\",\"contentUrl\":\"https:\\\/\\\/secure.gravatar.com\\\/avatar\\\/64ebac40b93f26a154f8a9b5b6fdccfc46f442b26b3dd6756dbff3bf9dc76fd7?s=96&d=mm&r=g\",\"caption\":\"super-news\"},\"url\":\"https:\\\/\\\/super-news.info\\\/es\\\/author\\\/pt\\\/\"}]}<\/script>\n<!-- \/ Yoast SEO plugin. -->","yoast_head_json":{"title":"Lagarde defender\u00e1 el mi\u00e9rcoles en la Euroc\u00e1mara su nombramiento como nueva presidenta del BCE - Super News","robots":{"index":"index","follow":"follow","max-snippet":"max-snippet:-1","max-image-preview":"max-image-preview:large","max-video-preview":"max-video-preview:-1"},"canonical":"https:\/\/super-news.info\/es\/lagarde-defendera-el-miercoles-en-la-eurocamara-su-nombramiento-como-nueva-presidenta-del-bce\/","og_locale":"en_US","og_type":"article","og_title":"Lagarde defender\u00e1 el mi\u00e9rcoles en la Euroc\u00e1mara su nombramiento como nueva presidenta del BCE - Super News","og_description":"[ad_1] Sostiene que es necesario mantener los est\u00edmulos y ve &#8220;prematura&#8221; la normalizaci\u00f3n de la pol\u00edtica econ\u00f3mica BRUSELAS, 30 Ago. (EUROPA PRESS) &#8211; Christine Lagarde defender\u00e1 el pr\u00f3ximo mi\u00e9rcoles en el Parlamento Europeo su nombramiento como nueva presidenta del Banco Central Europeo (BCE) ante unos eurodiputados a los que ya ha asegurado que la situaci\u00f3n [&hellip;]","og_url":"https:\/\/super-news.info\/es\/lagarde-defendera-el-miercoles-en-la-eurocamara-su-nombramiento-como-nueva-presidenta-del-bce\/","og_site_name":"Super News","article_published_time":"2019-08-30T15:45:26+00:00","og_image":[{"url":"https:\/\/img.europapress.es\/fotoweb\/fotonoticia_20190830164305_120.jpg","type":"","width":"","height":""}],"author":"super-news","twitter_card":"summary_large_image","twitter_misc":{"Written by":"super-news","Est. reading time":"4 minutes"},"schema":{"@context":"https:\/\/schema.org","@graph":[{"@type":"Article","@id":"https:\/\/super-news.info\/es\/lagarde-defendera-el-miercoles-en-la-eurocamara-su-nombramiento-como-nueva-presidenta-del-bce\/#article","isPartOf":{"@id":"https:\/\/super-news.info\/es\/lagarde-defendera-el-miercoles-en-la-eurocamara-su-nombramiento-como-nueva-presidenta-del-bce\/"},"author":{"name":"super-news","@id":"https:\/\/super-news.info\/es\/#\/schema\/person\/2d4068cb2f39cd10008c2fce578a7356"},"headline":"Lagarde defender\u00e1 el mi\u00e9rcoles en la Euroc\u00e1mara su nombramiento como nueva presidenta del BCE","datePublished":"2019-08-30T15:45:26+00:00","mainEntityOfPage":{"@id":"https:\/\/super-news.info\/es\/lagarde-defendera-el-miercoles-en-la-eurocamara-su-nombramiento-como-nueva-presidenta-del-bce\/"},"wordCount":760,"commentCount":0,"image":{"@id":"https:\/\/super-news.info\/es\/lagarde-defendera-el-miercoles-en-la-eurocamara-su-nombramiento-como-nueva-presidenta-del-bce\/#primaryimage"},"thumbnailUrl":"https:\/\/img.europapress.es\/fotoweb\/fotonoticia_20190830164305_120.jpg","articleSection":["NOTICIAS FINANCIERAS"],"inLanguage":"en-US","potentialAction":[{"@type":"CommentAction","name":"Comment","target":["https:\/\/super-news.info\/es\/lagarde-defendera-el-miercoles-en-la-eurocamara-su-nombramiento-como-nueva-presidenta-del-bce\/#respond"]}]},{"@type":"WebPage","@id":"https:\/\/super-news.info\/es\/lagarde-defendera-el-miercoles-en-la-eurocamara-su-nombramiento-como-nueva-presidenta-del-bce\/","url":"https:\/\/super-news.info\/es\/lagarde-defendera-el-miercoles-en-la-eurocamara-su-nombramiento-como-nueva-presidenta-del-bce\/","name":"Lagarde defender\u00e1 el mi\u00e9rcoles en la Euroc\u00e1mara su nombramiento como nueva presidenta del BCE - Super News","isPartOf":{"@id":"https:\/\/super-news.info\/es\/#website"},"primaryImageOfPage":{"@id":"https:\/\/super-news.info\/es\/lagarde-defendera-el-miercoles-en-la-eurocamara-su-nombramiento-como-nueva-presidenta-del-bce\/#primaryimage"},"image":{"@id":"https:\/\/super-news.info\/es\/lagarde-defendera-el-miercoles-en-la-eurocamara-su-nombramiento-como-nueva-presidenta-del-bce\/#primaryimage"},"thumbnailUrl":"https:\/\/img.europapress.es\/fotoweb\/fotonoticia_20190830164305_120.jpg","datePublished":"2019-08-30T15:45:26+00:00","author":{"@id":"https:\/\/super-news.info\/es\/#\/schema\/person\/2d4068cb2f39cd10008c2fce578a7356"},"breadcrumb":{"@id":"https:\/\/super-news.info\/es\/lagarde-defendera-el-miercoles-en-la-eurocamara-su-nombramiento-como-nueva-presidenta-del-bce\/#breadcrumb"},"inLanguage":"en-US","potentialAction":[{"@type":"ReadAction","target":["https:\/\/super-news.info\/es\/lagarde-defendera-el-miercoles-en-la-eurocamara-su-nombramiento-como-nueva-presidenta-del-bce\/"]}]},{"@type":"ImageObject","inLanguage":"en-US","@id":"https:\/\/super-news.info\/es\/lagarde-defendera-el-miercoles-en-la-eurocamara-su-nombramiento-como-nueva-presidenta-del-bce\/#primaryimage","url":"https:\/\/img.europapress.es\/fotoweb\/fotonoticia_20190830164305_120.jpg","contentUrl":"https:\/\/img.europapress.es\/fotoweb\/fotonoticia_20190830164305_120.jpg"},{"@type":"BreadcrumbList","@id":"https:\/\/super-news.info\/es\/lagarde-defendera-el-miercoles-en-la-eurocamara-su-nombramiento-como-nueva-presidenta-del-bce\/#breadcrumb","itemListElement":[{"@type":"ListItem","position":1,"name":"\u0413\u043b\u0430\u0432\u043d\u0430\u044f \u0441\u0442\u0440\u0430\u043d\u0438\u0446\u0430","item":"https:\/\/super-news.info\/es\/"},{"@type":"ListItem","position":2,"name":"Lagarde defender\u00e1 el mi\u00e9rcoles en la Euroc\u00e1mara su nombramiento como nueva presidenta del BCE"}]},{"@type":"WebSite","@id":"https:\/\/super-news.info\/es\/#website","url":"https:\/\/super-news.info\/es\/","name":"Super News","description":"Super News Espa\u00f1a","potentialAction":[{"@type":"SearchAction","target":{"@type":"EntryPoint","urlTemplate":"https:\/\/super-news.info\/es\/?s={search_term_string}"},"query-input":{"@type":"PropertyValueSpecification","valueRequired":true,"valueName":"search_term_string"}}],"inLanguage":"en-US"},{"@type":"Person","@id":"https:\/\/super-news.info\/es\/#\/schema\/person\/2d4068cb2f39cd10008c2fce578a7356","name":"super-news","image":{"@type":"ImageObject","inLanguage":"en-US","@id":"https:\/\/secure.gravatar.com\/avatar\/64ebac40b93f26a154f8a9b5b6fdccfc46f442b26b3dd6756dbff3bf9dc76fd7?s=96&d=mm&r=g","url":"https:\/\/secure.gravatar.com\/avatar\/64ebac40b93f26a154f8a9b5b6fdccfc46f442b26b3dd6756dbff3bf9dc76fd7?s=96&d=mm&r=g","contentUrl":"https:\/\/secure.gravatar.com\/avatar\/64ebac40b93f26a154f8a9b5b6fdccfc46f442b26b3dd6756dbff3bf9dc76fd7?s=96&d=mm&r=g","caption":"super-news"},"url":"https:\/\/super-news.info\/es\/author\/pt\/"}]}},"_links":{"self":[{"href":"https:\/\/super-news.info\/es\/wp-json\/wp\/v2\/posts\/9943","targetHints":{"allow":["GET"]}}],"collection":[{"href":"https:\/\/super-news.info\/es\/wp-json\/wp\/v2\/posts"}],"about":[{"href":"https:\/\/super-news.info\/es\/wp-json\/wp\/v2\/types\/post"}],"author":[{"embeddable":true,"href":"https:\/\/super-news.info\/es\/wp-json\/wp\/v2\/users\/2"}],"replies":[{"embeddable":true,"href":"https:\/\/super-news.info\/es\/wp-json\/wp\/v2\/comments?post=9943"}],"version-history":[{"count":0,"href":"https:\/\/super-news.info\/es\/wp-json\/wp\/v2\/posts\/9943\/revisions"}],"wp:attachment":[{"href":"https:\/\/super-news.info\/es\/wp-json\/wp\/v2\/media?parent=9943"}],"wp:term":[{"taxonomy":"category","embeddable":true,"href":"https:\/\/super-news.info\/es\/wp-json\/wp\/v2\/categories?post=9943"},{"taxonomy":"post_tag","embeddable":true,"href":"https:\/\/super-news.info\/es\/wp-json\/wp\/v2\/tags?post=9943"}],"curies":[{"name":"wp","href":"https:\/\/api.w.org\/{rel}","templated":true}]}}