{"id":9934,"date":"2019-08-30T16:30:34","date_gmt":"2019-08-30T13:30:34","guid":{"rendered":"https:\/\/super-news.info\/es\/la-junta-de-ibercaja-renueva-a-victor-iglesias-como-consejero-delegado-y-reduce-a-11-el-numero-de-consejeros\/"},"modified":"2019-08-30T16:30:35","modified_gmt":"2019-08-30T13:30:35","slug":"la-junta-de-ibercaja-renueva-a-victor-iglesias-como-consejero-delegado-y-reduce-a-11-el-numero-de-consejeros","status":"publish","type":"post","link":"https:\/\/super-news.info\/es\/la-junta-de-ibercaja-renueva-a-victor-iglesias-como-consejero-delegado-y-reduce-a-11-el-numero-de-consejeros\/","title":{"rendered":"La Junta de Ibercaja renueva a V\u00edctor Iglesias como consejero delegado y reduce a 11 el n\u00famero de consejeros"},"content":{"rendered":"<p> [ad_1]<\/p>\n<div id=\"CuerpoNoticiav2\" itemprop=\"articleBody\">\n<p>ZARAGOZA, 30 Ago. (EUROPA PRESS) &#8211; <\/p>\n<p itemprop=\"description\">   La junta general extraordinaria de accionistas de Ibercaja ha acordado por unanimidad la renovaci\u00f3n por otros cuatro a\u00f1os del mandato como miembro del consejo de administraci\u00f3n, con la categor\u00eda de consejero ejecutivo, de V\u00edctor Iglesias, que continuar\u00e1 as\u00ed como consejero delegado de la entidad. Adem\u00e1s, ha acordado reducir a 11 el n\u00famero de consejeros.<\/p>\n<p>   Iglesias sustituy\u00f3 en 2015 a Jos\u00e9 Luis Aguirre Loaso, actual presidente de Ibercaja, quien ces\u00f3 por voluntad propia tras 28 a\u00f1os como ejecutivo de la entidad y los 11 \u00faltimos como director general y consejero delegado.<\/p>\n<p>   Adem\u00e1s, la junta ha decidido cesar en su cargo de consejeros del banco y de sus comisiones a Juan Pem\u00e1n y a Jorge Sim\u00f3n, y renovar el mandato, como miembro del Consejo de Administraci\u00f3n con la categor\u00eda de consejero dominical, y por plazo de cuatro a\u00f1os, a Emilio Jim\u00e9nez Labrador.<\/p>\n<p>   Estas medidas se deben, por un lado, a que se han extinguido, con fecha 24 de julio de 2019, los compromisos adquiridos entre la Caja de Ahorros y Monte de Piedad de Zaragoza, Arag\u00f3n y Rioja, Caja de Ahorros de la Inmaculada, Caja de Ahorros y Monte de Piedad del C\u00edrculo Cat\u00f3lico de Obreros de Burgos y Monte de Piedad y Caja General de Ahorros de Badajoz con Ibercaja Banco, y, por otro, por el acuerdo alcanzado por Fundaci\u00f3n Caja de Ahorros de la Inmaculada y Fundaci\u00f3n Caja Badajoz para agrupar sus acciones y concertar sus votos.<\/p>\n<p>   Asimismo, y al objeto de reducir el n\u00famero de consejeros dominicales designados en representaci\u00f3n de los intereses de la Fundaci\u00f3n Bancaria Ibercaja, la Junta de Accionistas ha acordado, tambi\u00e9n por unanimidad, el cese de Jes\u00fas Barreiro en su cargo de consejero del Banco. En virtud de acuerdo del Consejo de Administraci\u00f3n, Barreiro Sanz continuar\u00e1 desempe\u00f1ado el cargo de secretario del Consejo de Administraci\u00f3n y de sus comisiones, como secretario no consejero.<\/p>\n<p>   Como consecuencia de estos anteriores acuerdos, la Junta de Accionistas ha acordado, por unanimidad, reducir a once el n\u00famero de miembros del Consejo de Administraci\u00f3n de la Entidad. Todas las propuestas del Consejo de Administraci\u00f3n elevadas a la Junta de Accionistas relativas a los anteriores acuerdos fueron previamente informadas favorablemente por la Comisi\u00f3n de Nombramientos de la Entidad.<\/p>\n<\/div>\n<p>[ad_2]<br \/>\n<br \/><a href=\"https:\/\/www.europapress.es\/economia\/finanzas-00340\/noticia-junta-ibercaja-renueva-victor-iglesias-consejero-delegado-reduce-11-numero-consejeros-20190830121112.html\">Source link <\/a><\/p>\n","protected":false},"excerpt":{"rendered":"<p>[ad_1] ZARAGOZA, 30 Ago. (EUROPA PRESS) &#8211; La junta general extraordinaria de accionistas de Ibercaja ha acordado por unanimidad la renovaci\u00f3n por otros cuatro a\u00f1os del mandato como miembro del consejo de administraci\u00f3n, con la categor\u00eda de consejero ejecutivo, de V\u00edctor Iglesias, que continuar\u00e1 as\u00ed como consejero delegado de la entidad. Adem\u00e1s, ha acordado reducir [&hellip;]<\/p>\n","protected":false},"author":2,"featured_media":9935,"comment_status":"open","ping_status":"open","sticky":false,"template":"","format":"standard","meta":{"footnotes":""},"categories":[1],"tags":[],"class_list":["post-9934","post","type-post","status-publish","format-standard","has-post-thumbnail","hentry","category-noticias-financieras"],"yoast_head":"<!-- This site is optimized with the Yoast SEO plugin v27.4 - https:\/\/yoast.com\/product\/yoast-seo-wordpress\/ -->\n<title>La Junta de Ibercaja renueva a V\u00edctor Iglesias como consejero delegado y reduce a 11 el n\u00famero de consejeros - Super News<\/title>\n<meta name=\"robots\" content=\"index, follow, max-snippet:-1, max-image-preview:large, max-video-preview:-1\" \/>\n<link rel=\"canonical\" href=\"https:\/\/super-news.info\/es\/la-junta-de-ibercaja-renueva-a-victor-iglesias-como-consejero-delegado-y-reduce-a-11-el-numero-de-consejeros\/\" \/>\n<meta property=\"og:locale\" content=\"en_US\" \/>\n<meta property=\"og:type\" content=\"article\" \/>\n<meta property=\"og:title\" content=\"La Junta de Ibercaja renueva a V\u00edctor Iglesias como consejero delegado y reduce a 11 el n\u00famero de consejeros - Super News\" \/>\n<meta property=\"og:description\" content=\"[ad_1] ZARAGOZA, 30 Ago. (EUROPA PRESS) &#8211; La junta general extraordinaria de accionistas de Ibercaja ha acordado por unanimidad la renovaci\u00f3n por otros cuatro a\u00f1os del mandato como miembro del consejo de administraci\u00f3n, con la categor\u00eda de consejero ejecutivo, de V\u00edctor Iglesias, que continuar\u00e1 as\u00ed como consejero delegado de la entidad. Adem\u00e1s, ha acordado reducir [&hellip;]\" \/>\n<meta property=\"og:url\" content=\"https:\/\/super-news.info\/es\/la-junta-de-ibercaja-renueva-a-victor-iglesias-como-consejero-delegado-y-reduce-a-11-el-numero-de-consejeros\/\" \/>\n<meta property=\"og:site_name\" content=\"Super News\" \/>\n<meta property=\"article:published_time\" content=\"2019-08-30T13:30:34+00:00\" \/>\n<meta property=\"article:modified_time\" content=\"2019-08-30T13:30:35+00:00\" \/>\n<meta property=\"og:image\" content=\"https:\/\/super-news.info\/es\/wp-content\/uploads\/sites\/4\/2019\/08\/La-Junta-de-Ibercaja-renueva-a-V-ctor-Iglesias-como-consejero.jpg\" \/>\n\t<meta property=\"og:image:width\" content=\"120\" \/>\n\t<meta property=\"og:image:height\" content=\"67\" \/>\n\t<meta property=\"og:image:type\" content=\"image\/jpeg\" \/>\n<meta name=\"author\" content=\"super-news\" \/>\n<meta name=\"twitter:card\" content=\"summary_large_image\" \/>\n<meta name=\"twitter:label1\" content=\"Written by\" \/>\n\t<meta name=\"twitter:data1\" content=\"super-news\" \/>\n\t<meta name=\"twitter:label2\" content=\"Est. reading time\" \/>\n\t<meta name=\"twitter:data2\" content=\"2 minutes\" \/>\n<script type=\"application\/ld+json\" class=\"yoast-schema-graph\">{\"@context\":\"https:\\\/\\\/schema.org\",\"@graph\":[{\"@type\":\"Article\",\"@id\":\"https:\\\/\\\/super-news.info\\\/es\\\/la-junta-de-ibercaja-renueva-a-victor-iglesias-como-consejero-delegado-y-reduce-a-11-el-numero-de-consejeros\\\/#article\",\"isPartOf\":{\"@id\":\"https:\\\/\\\/super-news.info\\\/es\\\/la-junta-de-ibercaja-renueva-a-victor-iglesias-como-consejero-delegado-y-reduce-a-11-el-numero-de-consejeros\\\/\"},\"author\":{\"name\":\"super-news\",\"@id\":\"https:\\\/\\\/super-news.info\\\/es\\\/#\\\/schema\\\/person\\\/2d4068cb2f39cd10008c2fce578a7356\"},\"headline\":\"La Junta de Ibercaja renueva a V\u00edctor Iglesias como consejero delegado y reduce a 11 el n\u00famero de consejeros\",\"datePublished\":\"2019-08-30T13:30:34+00:00\",\"dateModified\":\"2019-08-30T13:30:35+00:00\",\"mainEntityOfPage\":{\"@id\":\"https:\\\/\\\/super-news.info\\\/es\\\/la-junta-de-ibercaja-renueva-a-victor-iglesias-como-consejero-delegado-y-reduce-a-11-el-numero-de-consejeros\\\/\"},\"wordCount\":421,\"commentCount\":0,\"image\":{\"@id\":\"https:\\\/\\\/super-news.info\\\/es\\\/la-junta-de-ibercaja-renueva-a-victor-iglesias-como-consejero-delegado-y-reduce-a-11-el-numero-de-consejeros\\\/#primaryimage\"},\"thumbnailUrl\":\"https:\\\/\\\/super-news.info\\\/es\\\/wp-content\\\/uploads\\\/sites\\\/4\\\/2019\\\/08\\\/La-Junta-de-Ibercaja-renueva-a-V-ctor-Iglesias-como-consejero.jpg\",\"articleSection\":[\"NOTICIAS FINANCIERAS\"],\"inLanguage\":\"en-US\",\"potentialAction\":[{\"@type\":\"CommentAction\",\"name\":\"Comment\",\"target\":[\"https:\\\/\\\/super-news.info\\\/es\\\/la-junta-de-ibercaja-renueva-a-victor-iglesias-como-consejero-delegado-y-reduce-a-11-el-numero-de-consejeros\\\/#respond\"]}]},{\"@type\":\"WebPage\",\"@id\":\"https:\\\/\\\/super-news.info\\\/es\\\/la-junta-de-ibercaja-renueva-a-victor-iglesias-como-consejero-delegado-y-reduce-a-11-el-numero-de-consejeros\\\/\",\"url\":\"https:\\\/\\\/super-news.info\\\/es\\\/la-junta-de-ibercaja-renueva-a-victor-iglesias-como-consejero-delegado-y-reduce-a-11-el-numero-de-consejeros\\\/\",\"name\":\"La Junta de Ibercaja renueva a V\u00edctor Iglesias como consejero delegado y reduce a 11 el n\u00famero de consejeros - Super News\",\"isPartOf\":{\"@id\":\"https:\\\/\\\/super-news.info\\\/es\\\/#website\"},\"primaryImageOfPage\":{\"@id\":\"https:\\\/\\\/super-news.info\\\/es\\\/la-junta-de-ibercaja-renueva-a-victor-iglesias-como-consejero-delegado-y-reduce-a-11-el-numero-de-consejeros\\\/#primaryimage\"},\"image\":{\"@id\":\"https:\\\/\\\/super-news.info\\\/es\\\/la-junta-de-ibercaja-renueva-a-victor-iglesias-como-consejero-delegado-y-reduce-a-11-el-numero-de-consejeros\\\/#primaryimage\"},\"thumbnailUrl\":\"https:\\\/\\\/super-news.info\\\/es\\\/wp-content\\\/uploads\\\/sites\\\/4\\\/2019\\\/08\\\/La-Junta-de-Ibercaja-renueva-a-V-ctor-Iglesias-como-consejero.jpg\",\"datePublished\":\"2019-08-30T13:30:34+00:00\",\"dateModified\":\"2019-08-30T13:30:35+00:00\",\"author\":{\"@id\":\"https:\\\/\\\/super-news.info\\\/es\\\/#\\\/schema\\\/person\\\/2d4068cb2f39cd10008c2fce578a7356\"},\"breadcrumb\":{\"@id\":\"https:\\\/\\\/super-news.info\\\/es\\\/la-junta-de-ibercaja-renueva-a-victor-iglesias-como-consejero-delegado-y-reduce-a-11-el-numero-de-consejeros\\\/#breadcrumb\"},\"inLanguage\":\"en-US\",\"potentialAction\":[{\"@type\":\"ReadAction\",\"target\":[\"https:\\\/\\\/super-news.info\\\/es\\\/la-junta-de-ibercaja-renueva-a-victor-iglesias-como-consejero-delegado-y-reduce-a-11-el-numero-de-consejeros\\\/\"]}]},{\"@type\":\"ImageObject\",\"inLanguage\":\"en-US\",\"@id\":\"https:\\\/\\\/super-news.info\\\/es\\\/la-junta-de-ibercaja-renueva-a-victor-iglesias-como-consejero-delegado-y-reduce-a-11-el-numero-de-consejeros\\\/#primaryimage\",\"url\":\"https:\\\/\\\/super-news.info\\\/es\\\/wp-content\\\/uploads\\\/sites\\\/4\\\/2019\\\/08\\\/La-Junta-de-Ibercaja-renueva-a-V-ctor-Iglesias-como-consejero.jpg\",\"contentUrl\":\"https:\\\/\\\/super-news.info\\\/es\\\/wp-content\\\/uploads\\\/sites\\\/4\\\/2019\\\/08\\\/La-Junta-de-Ibercaja-renueva-a-V-ctor-Iglesias-como-consejero.jpg\",\"width\":120,\"height\":67,\"caption\":\"La Junta de Ibercaja renueva a V\u00edctor Iglesias como consejero delegado y reduce a 11 el n\u00famero de consejeros\"},{\"@type\":\"BreadcrumbList\",\"@id\":\"https:\\\/\\\/super-news.info\\\/es\\\/la-junta-de-ibercaja-renueva-a-victor-iglesias-como-consejero-delegado-y-reduce-a-11-el-numero-de-consejeros\\\/#breadcrumb\",\"itemListElement\":[{\"@type\":\"ListItem\",\"position\":1,\"name\":\"\u0413\u043b\u0430\u0432\u043d\u0430\u044f \u0441\u0442\u0440\u0430\u043d\u0438\u0446\u0430\",\"item\":\"https:\\\/\\\/super-news.info\\\/es\\\/\"},{\"@type\":\"ListItem\",\"position\":2,\"name\":\"La Junta de Ibercaja renueva a V\u00edctor Iglesias como consejero delegado y reduce a 11 el n\u00famero de consejeros\"}]},{\"@type\":\"WebSite\",\"@id\":\"https:\\\/\\\/super-news.info\\\/es\\\/#website\",\"url\":\"https:\\\/\\\/super-news.info\\\/es\\\/\",\"name\":\"Super News\",\"description\":\"Super News Espa\u00f1a\",\"potentialAction\":[{\"@type\":\"SearchAction\",\"target\":{\"@type\":\"EntryPoint\",\"urlTemplate\":\"https:\\\/\\\/super-news.info\\\/es\\\/?s={search_term_string}\"},\"query-input\":{\"@type\":\"PropertyValueSpecification\",\"valueRequired\":true,\"valueName\":\"search_term_string\"}}],\"inLanguage\":\"en-US\"},{\"@type\":\"Person\",\"@id\":\"https:\\\/\\\/super-news.info\\\/es\\\/#\\\/schema\\\/person\\\/2d4068cb2f39cd10008c2fce578a7356\",\"name\":\"super-news\",\"image\":{\"@type\":\"ImageObject\",\"inLanguage\":\"en-US\",\"@id\":\"https:\\\/\\\/secure.gravatar.com\\\/avatar\\\/64ebac40b93f26a154f8a9b5b6fdccfc46f442b26b3dd6756dbff3bf9dc76fd7?s=96&d=mm&r=g\",\"url\":\"https:\\\/\\\/secure.gravatar.com\\\/avatar\\\/64ebac40b93f26a154f8a9b5b6fdccfc46f442b26b3dd6756dbff3bf9dc76fd7?s=96&d=mm&r=g\",\"contentUrl\":\"https:\\\/\\\/secure.gravatar.com\\\/avatar\\\/64ebac40b93f26a154f8a9b5b6fdccfc46f442b26b3dd6756dbff3bf9dc76fd7?s=96&d=mm&r=g\",\"caption\":\"super-news\"},\"url\":\"https:\\\/\\\/super-news.info\\\/es\\\/author\\\/pt\\\/\"}]}<\/script>\n<!-- \/ Yoast SEO plugin. -->","yoast_head_json":{"title":"La Junta de Ibercaja renueva a V\u00edctor Iglesias como consejero delegado y reduce a 11 el n\u00famero de consejeros - Super News","robots":{"index":"index","follow":"follow","max-snippet":"max-snippet:-1","max-image-preview":"max-image-preview:large","max-video-preview":"max-video-preview:-1"},"canonical":"https:\/\/super-news.info\/es\/la-junta-de-ibercaja-renueva-a-victor-iglesias-como-consejero-delegado-y-reduce-a-11-el-numero-de-consejeros\/","og_locale":"en_US","og_type":"article","og_title":"La Junta de Ibercaja renueva a V\u00edctor Iglesias como consejero delegado y reduce a 11 el n\u00famero de consejeros - Super News","og_description":"[ad_1] ZARAGOZA, 30 Ago. (EUROPA PRESS) &#8211; La junta general extraordinaria de accionistas de Ibercaja ha acordado por unanimidad la renovaci\u00f3n por otros cuatro a\u00f1os del mandato como miembro del consejo de administraci\u00f3n, con la categor\u00eda de consejero ejecutivo, de V\u00edctor Iglesias, que continuar\u00e1 as\u00ed como consejero delegado de la entidad. Adem\u00e1s, ha acordado reducir [&hellip;]","og_url":"https:\/\/super-news.info\/es\/la-junta-de-ibercaja-renueva-a-victor-iglesias-como-consejero-delegado-y-reduce-a-11-el-numero-de-consejeros\/","og_site_name":"Super News","article_published_time":"2019-08-30T13:30:34+00:00","article_modified_time":"2019-08-30T13:30:35+00:00","og_image":[{"width":120,"height":67,"url":"https:\/\/super-news.info\/es\/wp-content\/uploads\/sites\/4\/2019\/08\/La-Junta-de-Ibercaja-renueva-a-V-ctor-Iglesias-como-consejero.jpg","type":"image\/jpeg"}],"author":"super-news","twitter_card":"summary_large_image","twitter_misc":{"Written by":"super-news","Est. reading time":"2 minutes"},"schema":{"@context":"https:\/\/schema.org","@graph":[{"@type":"Article","@id":"https:\/\/super-news.info\/es\/la-junta-de-ibercaja-renueva-a-victor-iglesias-como-consejero-delegado-y-reduce-a-11-el-numero-de-consejeros\/#article","isPartOf":{"@id":"https:\/\/super-news.info\/es\/la-junta-de-ibercaja-renueva-a-victor-iglesias-como-consejero-delegado-y-reduce-a-11-el-numero-de-consejeros\/"},"author":{"name":"super-news","@id":"https:\/\/super-news.info\/es\/#\/schema\/person\/2d4068cb2f39cd10008c2fce578a7356"},"headline":"La Junta de Ibercaja renueva a V\u00edctor Iglesias como consejero delegado y reduce a 11 el n\u00famero de consejeros","datePublished":"2019-08-30T13:30:34+00:00","dateModified":"2019-08-30T13:30:35+00:00","mainEntityOfPage":{"@id":"https:\/\/super-news.info\/es\/la-junta-de-ibercaja-renueva-a-victor-iglesias-como-consejero-delegado-y-reduce-a-11-el-numero-de-consejeros\/"},"wordCount":421,"commentCount":0,"image":{"@id":"https:\/\/super-news.info\/es\/la-junta-de-ibercaja-renueva-a-victor-iglesias-como-consejero-delegado-y-reduce-a-11-el-numero-de-consejeros\/#primaryimage"},"thumbnailUrl":"https:\/\/super-news.info\/es\/wp-content\/uploads\/sites\/4\/2019\/08\/La-Junta-de-Ibercaja-renueva-a-V-ctor-Iglesias-como-consejero.jpg","articleSection":["NOTICIAS FINANCIERAS"],"inLanguage":"en-US","potentialAction":[{"@type":"CommentAction","name":"Comment","target":["https:\/\/super-news.info\/es\/la-junta-de-ibercaja-renueva-a-victor-iglesias-como-consejero-delegado-y-reduce-a-11-el-numero-de-consejeros\/#respond"]}]},{"@type":"WebPage","@id":"https:\/\/super-news.info\/es\/la-junta-de-ibercaja-renueva-a-victor-iglesias-como-consejero-delegado-y-reduce-a-11-el-numero-de-consejeros\/","url":"https:\/\/super-news.info\/es\/la-junta-de-ibercaja-renueva-a-victor-iglesias-como-consejero-delegado-y-reduce-a-11-el-numero-de-consejeros\/","name":"La Junta de Ibercaja renueva a V\u00edctor Iglesias como consejero delegado y reduce a 11 el n\u00famero de consejeros - Super News","isPartOf":{"@id":"https:\/\/super-news.info\/es\/#website"},"primaryImageOfPage":{"@id":"https:\/\/super-news.info\/es\/la-junta-de-ibercaja-renueva-a-victor-iglesias-como-consejero-delegado-y-reduce-a-11-el-numero-de-consejeros\/#primaryimage"},"image":{"@id":"https:\/\/super-news.info\/es\/la-junta-de-ibercaja-renueva-a-victor-iglesias-como-consejero-delegado-y-reduce-a-11-el-numero-de-consejeros\/#primaryimage"},"thumbnailUrl":"https:\/\/super-news.info\/es\/wp-content\/uploads\/sites\/4\/2019\/08\/La-Junta-de-Ibercaja-renueva-a-V-ctor-Iglesias-como-consejero.jpg","datePublished":"2019-08-30T13:30:34+00:00","dateModified":"2019-08-30T13:30:35+00:00","author":{"@id":"https:\/\/super-news.info\/es\/#\/schema\/person\/2d4068cb2f39cd10008c2fce578a7356"},"breadcrumb":{"@id":"https:\/\/super-news.info\/es\/la-junta-de-ibercaja-renueva-a-victor-iglesias-como-consejero-delegado-y-reduce-a-11-el-numero-de-consejeros\/#breadcrumb"},"inLanguage":"en-US","potentialAction":[{"@type":"ReadAction","target":["https:\/\/super-news.info\/es\/la-junta-de-ibercaja-renueva-a-victor-iglesias-como-consejero-delegado-y-reduce-a-11-el-numero-de-consejeros\/"]}]},{"@type":"ImageObject","inLanguage":"en-US","@id":"https:\/\/super-news.info\/es\/la-junta-de-ibercaja-renueva-a-victor-iglesias-como-consejero-delegado-y-reduce-a-11-el-numero-de-consejeros\/#primaryimage","url":"https:\/\/super-news.info\/es\/wp-content\/uploads\/sites\/4\/2019\/08\/La-Junta-de-Ibercaja-renueva-a-V-ctor-Iglesias-como-consejero.jpg","contentUrl":"https:\/\/super-news.info\/es\/wp-content\/uploads\/sites\/4\/2019\/08\/La-Junta-de-Ibercaja-renueva-a-V-ctor-Iglesias-como-consejero.jpg","width":120,"height":67,"caption":"La Junta de Ibercaja renueva a V\u00edctor Iglesias como consejero delegado y reduce a 11 el n\u00famero de consejeros"},{"@type":"BreadcrumbList","@id":"https:\/\/super-news.info\/es\/la-junta-de-ibercaja-renueva-a-victor-iglesias-como-consejero-delegado-y-reduce-a-11-el-numero-de-consejeros\/#breadcrumb","itemListElement":[{"@type":"ListItem","position":1,"name":"\u0413\u043b\u0430\u0432\u043d\u0430\u044f \u0441\u0442\u0440\u0430\u043d\u0438\u0446\u0430","item":"https:\/\/super-news.info\/es\/"},{"@type":"ListItem","position":2,"name":"La Junta de Ibercaja renueva a V\u00edctor Iglesias como consejero delegado y reduce a 11 el n\u00famero de consejeros"}]},{"@type":"WebSite","@id":"https:\/\/super-news.info\/es\/#website","url":"https:\/\/super-news.info\/es\/","name":"Super News","description":"Super News Espa\u00f1a","potentialAction":[{"@type":"SearchAction","target":{"@type":"EntryPoint","urlTemplate":"https:\/\/super-news.info\/es\/?s={search_term_string}"},"query-input":{"@type":"PropertyValueSpecification","valueRequired":true,"valueName":"search_term_string"}}],"inLanguage":"en-US"},{"@type":"Person","@id":"https:\/\/super-news.info\/es\/#\/schema\/person\/2d4068cb2f39cd10008c2fce578a7356","name":"super-news","image":{"@type":"ImageObject","inLanguage":"en-US","@id":"https:\/\/secure.gravatar.com\/avatar\/64ebac40b93f26a154f8a9b5b6fdccfc46f442b26b3dd6756dbff3bf9dc76fd7?s=96&d=mm&r=g","url":"https:\/\/secure.gravatar.com\/avatar\/64ebac40b93f26a154f8a9b5b6fdccfc46f442b26b3dd6756dbff3bf9dc76fd7?s=96&d=mm&r=g","contentUrl":"https:\/\/secure.gravatar.com\/avatar\/64ebac40b93f26a154f8a9b5b6fdccfc46f442b26b3dd6756dbff3bf9dc76fd7?s=96&d=mm&r=g","caption":"super-news"},"url":"https:\/\/super-news.info\/es\/author\/pt\/"}]}},"_links":{"self":[{"href":"https:\/\/super-news.info\/es\/wp-json\/wp\/v2\/posts\/9934","targetHints":{"allow":["GET"]}}],"collection":[{"href":"https:\/\/super-news.info\/es\/wp-json\/wp\/v2\/posts"}],"about":[{"href":"https:\/\/super-news.info\/es\/wp-json\/wp\/v2\/types\/post"}],"author":[{"embeddable":true,"href":"https:\/\/super-news.info\/es\/wp-json\/wp\/v2\/users\/2"}],"replies":[{"embeddable":true,"href":"https:\/\/super-news.info\/es\/wp-json\/wp\/v2\/comments?post=9934"}],"version-history":[{"count":1,"href":"https:\/\/super-news.info\/es\/wp-json\/wp\/v2\/posts\/9934\/revisions"}],"predecessor-version":[{"id":9936,"href":"https:\/\/super-news.info\/es\/wp-json\/wp\/v2\/posts\/9934\/revisions\/9936"}],"wp:featuredmedia":[{"embeddable":true,"href":"https:\/\/super-news.info\/es\/wp-json\/wp\/v2\/media\/9935"}],"wp:attachment":[{"href":"https:\/\/super-news.info\/es\/wp-json\/wp\/v2\/media?parent=9934"}],"wp:term":[{"taxonomy":"category","embeddable":true,"href":"https:\/\/super-news.info\/es\/wp-json\/wp\/v2\/categories?post=9934"},{"taxonomy":"post_tag","embeddable":true,"href":"https:\/\/super-news.info\/es\/wp-json\/wp\/v2\/tags?post=9934"}],"curies":[{"name":"wp","href":"https:\/\/api.w.org\/{rel}","templated":true}]}}