{"id":9919,"date":"2019-08-30T13:11:52","date_gmt":"2019-08-30T10:11:52","guid":{"rendered":"https:\/\/super-news.info\/es\/dia-aprueba-un-sueldo-de-tres-millones-para-el-nuevo-ceo-lo-que-supone-quintuplicar-el-de-curras-en-2017\/"},"modified":"2019-08-30T13:11:53","modified_gmt":"2019-08-30T10:11:53","slug":"dia-aprueba-un-sueldo-de-tres-millones-para-el-nuevo-ceo-lo-que-supone-quintuplicar-el-de-curras-en-2017","status":"publish","type":"post","link":"https:\/\/super-news.info\/es\/dia-aprueba-un-sueldo-de-tres-millones-para-el-nuevo-ceo-lo-que-supone-quintuplicar-el-de-curras-en-2017\/","title":{"rendered":"Dia aprueba un sueldo de tres millones para el nuevo CEO, lo que supone quintuplicar el de Curr\u00e1s en 2017"},"content":{"rendered":"<p> [ad_1]<\/p>\n<div id=\"CuerpoNoticiav2\" itemprop=\"articleBody\">\n<h3 class=\"subsubhead\">Los accionistas dan &#8216;luz verde&#8217; a la nueva financiaci\u00f3n y aprobar\u00e1 la ampliaci\u00f3n de 600 millones a partir de octubre<\/h3>\n<p>   MADRID, 30 Ago. (EUROPA PRESS) &#8211; <\/p>\n<p itemprop=\"description\">   Los accionistas de Dia han dado &#8216;luz verde&#8217; a las nuevas l\u00edneas financiaci\u00f3n de la cadena de supermercados para posteriormente aprobar en otra junta que se celebrar\u00e1 en el cuarto trimestre la ampliaci\u00f3n de capital de 600 millones de euros, respaldada por LetterOne, sociedad controlada por el inversor ruso Mikhail Fridman, propietaria de casi el 70% de la cadena de supermercados.<\/p>\n<p>   En la junta extraordionaria celebrada este viernes, los accionistas han aprobado con &#8220;mayor\u00eda suficiente&#8221;, la totalidad de las propuestas de acuerdo formuladas por el actual consejo de administraci\u00f3n, entre ellas el aumento de sueldo del nuevo consejero delegado, Karl-Heinz Holland, seg\u00fan ha informado la compa\u00f1\u00eda a la Comisi\u00f3n Nacional del Mercado de Valores (CNMV).<\/p>\n<p>   As\u00ed, adem\u00e1s de las nuevas l\u00edneas de financiaci\u00f3n, la junta de accionistas ha aprobado una retribuci\u00f3n fija anual de tres millones de euros para Holland, lo que supone un 400% m\u00e1s frente a los 600.000 euros de sueldo fijo que percibi\u00f3 Ricardo Curr\u00e1s al frente de la cadena de supermercados al cierre de 2017.<\/p>\n<p>   La compa\u00f1\u00eda no prev\u00e9 ninguna variaci\u00f3n de la retribuci\u00f3n fija para Holland hasta, al menos, el 31 de diciembre de 2022.<\/p>\n<p>   Asimismo, precisa que no percibir\u00e1 una retribuci\u00f3n variable (bonus anual) a corto plazo, pero s\u00ed que tomar\u00e1 parte en un sistema de incentivos que la cadena de supermercados tiene previsto poner en marcha para el periodo 2020-2022 y que lanzar\u00e1 a finales de este a\u00f1o.<\/p>\n<h2 class=\"ladillo\">RETRIBUCION EN ESPECIE.<\/h2>\n<p>   Adem\u00e1s, como retribuciones en especie, la cadena de supermercados aumir\u00e1 el coste del alojamiento del ex consejero delegado de Lidl en Madrid, seguro de vida y discapacidad, seguro m\u00e9dico y utilizaci\u00f3n de veh\u00edculo de empresa, conforme a las pol\u00edticas de Dia al respecto, todo ello hasta un importe m\u00e1ximo anual del 2,5% de su retribuci\u00f3n fija anual.<\/p>\n<p>   Holland, que cuenta con un contrato indefinido en el que se ha establecido un periodo inicial de prestaci\u00f3n de servicios comprendido entre el 21 de mayo de este a\u00f1o y el 31 de diciembre de 2022, deber\u00e1 prestar sus servicios de manera completa y exclusiva para el grupo y notificar su intenci\u00f3n de extinguir el contrato con tres meses de antelaci\u00f3n si se basa en determinadas causas, entre las que se encuentra el cambio de control de la firma, y de seis meses si se basa en cualquier otra causa.<\/p>\n<p>   En caso de extinci\u00f3n del contrato por parte de Holland por una causa espec\u00edfica antes de la finalizaci\u00f3n del periodo inicial, este tendr\u00e1 derecho a recibir una indemnizaci\u00f3n equivalente a la retribuci\u00f3n fija anual que hubiera percibido desde la fecha de finalizaci\u00f3n del periodo de preaviso hasta la finalizaci\u00f3n del per\u00edodo inicial.<\/p>\n<p>   La compa\u00f1\u00eda no prev\u00e9 el derecho a percibir ninguna indemnizaci\u00f3n en caso de extinci\u00f3n por decisi\u00f3n de la sociedad, al tiempo que existe una obligaci\u00f3n de no competencia post-contractual de seis meses en determinados supuestos de cese, siendo la compensaci\u00f3n econ\u00f3mica de 300.000 euros brutos.<\/p>\n<p>   Asimismo, la compa\u00f1\u00eda contempla la cl\u00e1usula &#8216;clawback&#8217; en el contrato de Holland, por lo que podr\u00e1 reclamarle en determinados supuestos el reembolso de los importes percibidos, en su caso, en concepto del LTI 2020-2022.<\/p>\n<p>   Por otro lado, la nueva pol\u00edtica de remuneraciones contempla una retribuci\u00f3n b\u00e1sica anual de 250.000 euros para el presidente del consejo de administraci\u00f3n, de 200.000 euros para el vicepresidente y de 100.000 para los miembros del \u00f3rgano rector.<\/p>\n<p>   Los accionistas han ratificado y reelegido a Stephan DuCharme, Michael Casey y Sergio Ferreira como consejeros dominicales; a Karl-Heinz Holland como consejero ejecutivo y a Christian Couvreux y Jos\u00e9 Wahnon Levy como consejeros independientes.<\/p>\n<p>   En la junta se ha fijado en ocho el n\u00famero de miembros del consejo de administraci\u00f3n y se ha mantenido la vacante existente tras la dimisi\u00f3n presentada el pasado 21 de mayo por Borja de la Cierva, previ\u00e9ndose expresamente que el consejo de administraci\u00f3n conserva la facultad de cubrirla por cooptaci\u00f3n a partir de este viernes.<\/p>\n<h2 class=\"ladillo\">OPERACION DE FIALIALIZACION.<\/h2>\n<p>   En la junta se ha ratificado la modificaci\u00f3n de la financiaci\u00f3n sindicada y de las nuevas l\u00edneas de financiaci\u00f3n, as\u00ed como del otorgamiento, ratificaci\u00f3n y extensi\u00f3n de garant\u00edas, y la aprobaci\u00f3n de una operaci\u00f3n de filializaci\u00f3n (&#8216;hive down&#8217;).<\/p>\n<p>   De esta forma, &#8220;como primer hito, no m\u00e1s tarde del 31 de diciembre de 2019&#8221;, Dia deber\u00e1 transmitir a filiales \u00edntegramente participadas de forma indirecta por la cadena todos los bienes inmuebles propiedad de la firma en Espa\u00f1a; determinados establecimientos comerciales de la cadena de que representan un 58% del Ebitda restringido y las participaciones en las filiales brasile\u00f1a, argentinas y portuguesa, en la medida en que sea viable desde un punto de vista legal, fiscal y regulatorio.<\/p>\n<p>   La cadena de supermercados ha celebrado esta junta extraordinaria meses despu\u00e9s de que haber alcanzado un acuerdo para la refinanciaci\u00f3n de su deuda y haber repagado los 306 millones de euros de los bonos &#8216;Euro Medium Term Notes&#8217; tras recibir una inyecci\u00f3n de capital de LetterOne, que ha permitido a la compa\u00f1\u00eda eludir la causa de disoluci\u00f3n en la que se encontraba.<\/p>\n<p>   A finales de mayo, la sociedad controlada por Fridman alcanz\u00f3 un acuerdo con las entidades acreedoras titulares de la deuda bancaria sindicada de Dia para su reestructuraci\u00f3n, en el que se contemplaban varias medidas como nuevas l\u00edneas de financiaci\u00f3n por 380 millones de euros para abordar las necesidades de liquidez de la empresa.<\/p>\n<\/div>\n<p>[ad_2]<br \/>\n<br \/><a href=\"https:\/\/www.europapress.es\/economia\/noticia-dia-aprueba-sueldo-tres-millones-nuevo-ceo-supone-quintuplicar-curras-2017-20190830113129.html\">Source link <\/a><\/p>\n","protected":false},"excerpt":{"rendered":"<p>[ad_1] Los accionistas dan &#8216;luz verde&#8217; a la nueva financiaci\u00f3n y aprobar\u00e1 la ampliaci\u00f3n de 600 millones a partir de octubre MADRID, 30 Ago. (EUROPA PRESS) &#8211; Los accionistas de Dia han dado &#8216;luz verde&#8217; a las nuevas l\u00edneas financiaci\u00f3n de la cadena de supermercados para posteriormente aprobar en otra junta que se celebrar\u00e1 en [&hellip;]<\/p>\n","protected":false},"author":2,"featured_media":9920,"comment_status":"open","ping_status":"open","sticky":false,"template":"","format":"standard","meta":{"footnotes":""},"categories":[1],"tags":[],"class_list":["post-9919","post","type-post","status-publish","format-standard","has-post-thumbnail","hentry","category-noticias-financieras"],"yoast_head":"<!-- This site is optimized with the Yoast SEO plugin v27.4 - https:\/\/yoast.com\/product\/yoast-seo-wordpress\/ -->\n<title>Dia aprueba un sueldo de tres millones para el nuevo CEO, lo que supone quintuplicar el de Curr\u00e1s en 2017 - Super News<\/title>\n<meta name=\"robots\" content=\"index, follow, max-snippet:-1, max-image-preview:large, max-video-preview:-1\" \/>\n<link rel=\"canonical\" href=\"https:\/\/super-news.info\/es\/dia-aprueba-un-sueldo-de-tres-millones-para-el-nuevo-ceo-lo-que-supone-quintuplicar-el-de-curras-en-2017\/\" \/>\n<meta property=\"og:locale\" content=\"en_US\" \/>\n<meta property=\"og:type\" content=\"article\" \/>\n<meta property=\"og:title\" content=\"Dia aprueba un sueldo de tres millones para el nuevo CEO, lo que supone quintuplicar el de Curr\u00e1s en 2017 - Super News\" \/>\n<meta property=\"og:description\" content=\"[ad_1] Los accionistas dan &#8216;luz verde&#8217; a la nueva financiaci\u00f3n y aprobar\u00e1 la ampliaci\u00f3n de 600 millones a partir de octubre MADRID, 30 Ago. (EUROPA PRESS) &#8211; Los accionistas de Dia han dado &#8216;luz verde&#8217; a las nuevas l\u00edneas financiaci\u00f3n de la cadena de supermercados para posteriormente aprobar en otra junta que se celebrar\u00e1 en [&hellip;]\" \/>\n<meta property=\"og:url\" content=\"https:\/\/super-news.info\/es\/dia-aprueba-un-sueldo-de-tres-millones-para-el-nuevo-ceo-lo-que-supone-quintuplicar-el-de-curras-en-2017\/\" \/>\n<meta property=\"og:site_name\" content=\"Super News\" \/>\n<meta property=\"article:published_time\" content=\"2019-08-30T10:11:52+00:00\" \/>\n<meta property=\"article:modified_time\" content=\"2019-08-30T10:11:53+00:00\" \/>\n<meta property=\"og:image\" content=\"https:\/\/super-news.info\/es\/wp-content\/uploads\/sites\/4\/2019\/08\/Dia-aprueba-un-sueldo-de-tres-millones-para-el-nuevo.jpg\" \/>\n\t<meta property=\"og:image:width\" content=\"120\" \/>\n\t<meta property=\"og:image:height\" content=\"80\" \/>\n\t<meta property=\"og:image:type\" content=\"image\/jpeg\" \/>\n<meta name=\"author\" content=\"super-news\" \/>\n<meta name=\"twitter:card\" content=\"summary_large_image\" \/>\n<meta name=\"twitter:label1\" content=\"Written by\" \/>\n\t<meta name=\"twitter:data1\" content=\"super-news\" \/>\n\t<meta name=\"twitter:label2\" content=\"Est. reading time\" \/>\n\t<meta name=\"twitter:data2\" content=\"5 minutes\" \/>\n<script type=\"application\/ld+json\" class=\"yoast-schema-graph\">{\"@context\":\"https:\\\/\\\/schema.org\",\"@graph\":[{\"@type\":\"Article\",\"@id\":\"https:\\\/\\\/super-news.info\\\/es\\\/dia-aprueba-un-sueldo-de-tres-millones-para-el-nuevo-ceo-lo-que-supone-quintuplicar-el-de-curras-en-2017\\\/#article\",\"isPartOf\":{\"@id\":\"https:\\\/\\\/super-news.info\\\/es\\\/dia-aprueba-un-sueldo-de-tres-millones-para-el-nuevo-ceo-lo-que-supone-quintuplicar-el-de-curras-en-2017\\\/\"},\"author\":{\"name\":\"super-news\",\"@id\":\"https:\\\/\\\/super-news.info\\\/es\\\/#\\\/schema\\\/person\\\/2d4068cb2f39cd10008c2fce578a7356\"},\"headline\":\"Dia aprueba un sueldo de tres millones para el nuevo CEO, lo que supone quintuplicar el de Curr\u00e1s en 2017\",\"datePublished\":\"2019-08-30T10:11:52+00:00\",\"dateModified\":\"2019-08-30T10:11:53+00:00\",\"mainEntityOfPage\":{\"@id\":\"https:\\\/\\\/super-news.info\\\/es\\\/dia-aprueba-un-sueldo-de-tres-millones-para-el-nuevo-ceo-lo-que-supone-quintuplicar-el-de-curras-en-2017\\\/\"},\"wordCount\":985,\"commentCount\":0,\"image\":{\"@id\":\"https:\\\/\\\/super-news.info\\\/es\\\/dia-aprueba-un-sueldo-de-tres-millones-para-el-nuevo-ceo-lo-que-supone-quintuplicar-el-de-curras-en-2017\\\/#primaryimage\"},\"thumbnailUrl\":\"https:\\\/\\\/super-news.info\\\/es\\\/wp-content\\\/uploads\\\/sites\\\/4\\\/2019\\\/08\\\/Dia-aprueba-un-sueldo-de-tres-millones-para-el-nuevo.jpg\",\"articleSection\":[\"NOTICIAS FINANCIERAS\"],\"inLanguage\":\"en-US\",\"potentialAction\":[{\"@type\":\"CommentAction\",\"name\":\"Comment\",\"target\":[\"https:\\\/\\\/super-news.info\\\/es\\\/dia-aprueba-un-sueldo-de-tres-millones-para-el-nuevo-ceo-lo-que-supone-quintuplicar-el-de-curras-en-2017\\\/#respond\"]}]},{\"@type\":\"WebPage\",\"@id\":\"https:\\\/\\\/super-news.info\\\/es\\\/dia-aprueba-un-sueldo-de-tres-millones-para-el-nuevo-ceo-lo-que-supone-quintuplicar-el-de-curras-en-2017\\\/\",\"url\":\"https:\\\/\\\/super-news.info\\\/es\\\/dia-aprueba-un-sueldo-de-tres-millones-para-el-nuevo-ceo-lo-que-supone-quintuplicar-el-de-curras-en-2017\\\/\",\"name\":\"Dia aprueba un sueldo de tres millones para el nuevo CEO, lo que supone quintuplicar el de Curr\u00e1s en 2017 - Super News\",\"isPartOf\":{\"@id\":\"https:\\\/\\\/super-news.info\\\/es\\\/#website\"},\"primaryImageOfPage\":{\"@id\":\"https:\\\/\\\/super-news.info\\\/es\\\/dia-aprueba-un-sueldo-de-tres-millones-para-el-nuevo-ceo-lo-que-supone-quintuplicar-el-de-curras-en-2017\\\/#primaryimage\"},\"image\":{\"@id\":\"https:\\\/\\\/super-news.info\\\/es\\\/dia-aprueba-un-sueldo-de-tres-millones-para-el-nuevo-ceo-lo-que-supone-quintuplicar-el-de-curras-en-2017\\\/#primaryimage\"},\"thumbnailUrl\":\"https:\\\/\\\/super-news.info\\\/es\\\/wp-content\\\/uploads\\\/sites\\\/4\\\/2019\\\/08\\\/Dia-aprueba-un-sueldo-de-tres-millones-para-el-nuevo.jpg\",\"datePublished\":\"2019-08-30T10:11:52+00:00\",\"dateModified\":\"2019-08-30T10:11:53+00:00\",\"author\":{\"@id\":\"https:\\\/\\\/super-news.info\\\/es\\\/#\\\/schema\\\/person\\\/2d4068cb2f39cd10008c2fce578a7356\"},\"breadcrumb\":{\"@id\":\"https:\\\/\\\/super-news.info\\\/es\\\/dia-aprueba-un-sueldo-de-tres-millones-para-el-nuevo-ceo-lo-que-supone-quintuplicar-el-de-curras-en-2017\\\/#breadcrumb\"},\"inLanguage\":\"en-US\",\"potentialAction\":[{\"@type\":\"ReadAction\",\"target\":[\"https:\\\/\\\/super-news.info\\\/es\\\/dia-aprueba-un-sueldo-de-tres-millones-para-el-nuevo-ceo-lo-que-supone-quintuplicar-el-de-curras-en-2017\\\/\"]}]},{\"@type\":\"ImageObject\",\"inLanguage\":\"en-US\",\"@id\":\"https:\\\/\\\/super-news.info\\\/es\\\/dia-aprueba-un-sueldo-de-tres-millones-para-el-nuevo-ceo-lo-que-supone-quintuplicar-el-de-curras-en-2017\\\/#primaryimage\",\"url\":\"https:\\\/\\\/super-news.info\\\/es\\\/wp-content\\\/uploads\\\/sites\\\/4\\\/2019\\\/08\\\/Dia-aprueba-un-sueldo-de-tres-millones-para-el-nuevo.jpg\",\"contentUrl\":\"https:\\\/\\\/super-news.info\\\/es\\\/wp-content\\\/uploads\\\/sites\\\/4\\\/2019\\\/08\\\/Dia-aprueba-un-sueldo-de-tres-millones-para-el-nuevo.jpg\",\"width\":120,\"height\":80,\"caption\":\"Dia aprueba un sueldo de tres millones para el nuevo CEO, lo que supone quintuplicar el de Curr\u00e1s en 2017\"},{\"@type\":\"BreadcrumbList\",\"@id\":\"https:\\\/\\\/super-news.info\\\/es\\\/dia-aprueba-un-sueldo-de-tres-millones-para-el-nuevo-ceo-lo-que-supone-quintuplicar-el-de-curras-en-2017\\\/#breadcrumb\",\"itemListElement\":[{\"@type\":\"ListItem\",\"position\":1,\"name\":\"\u0413\u043b\u0430\u0432\u043d\u0430\u044f \u0441\u0442\u0440\u0430\u043d\u0438\u0446\u0430\",\"item\":\"https:\\\/\\\/super-news.info\\\/es\\\/\"},{\"@type\":\"ListItem\",\"position\":2,\"name\":\"Dia aprueba un sueldo de tres millones para el nuevo CEO, lo que supone quintuplicar el de Curr\u00e1s en 2017\"}]},{\"@type\":\"WebSite\",\"@id\":\"https:\\\/\\\/super-news.info\\\/es\\\/#website\",\"url\":\"https:\\\/\\\/super-news.info\\\/es\\\/\",\"name\":\"Super News\",\"description\":\"Super News Espa\u00f1a\",\"potentialAction\":[{\"@type\":\"SearchAction\",\"target\":{\"@type\":\"EntryPoint\",\"urlTemplate\":\"https:\\\/\\\/super-news.info\\\/es\\\/?s={search_term_string}\"},\"query-input\":{\"@type\":\"PropertyValueSpecification\",\"valueRequired\":true,\"valueName\":\"search_term_string\"}}],\"inLanguage\":\"en-US\"},{\"@type\":\"Person\",\"@id\":\"https:\\\/\\\/super-news.info\\\/es\\\/#\\\/schema\\\/person\\\/2d4068cb2f39cd10008c2fce578a7356\",\"name\":\"super-news\",\"image\":{\"@type\":\"ImageObject\",\"inLanguage\":\"en-US\",\"@id\":\"https:\\\/\\\/secure.gravatar.com\\\/avatar\\\/64ebac40b93f26a154f8a9b5b6fdccfc46f442b26b3dd6756dbff3bf9dc76fd7?s=96&d=mm&r=g\",\"url\":\"https:\\\/\\\/secure.gravatar.com\\\/avatar\\\/64ebac40b93f26a154f8a9b5b6fdccfc46f442b26b3dd6756dbff3bf9dc76fd7?s=96&d=mm&r=g\",\"contentUrl\":\"https:\\\/\\\/secure.gravatar.com\\\/avatar\\\/64ebac40b93f26a154f8a9b5b6fdccfc46f442b26b3dd6756dbff3bf9dc76fd7?s=96&d=mm&r=g\",\"caption\":\"super-news\"},\"url\":\"https:\\\/\\\/super-news.info\\\/es\\\/author\\\/pt\\\/\"}]}<\/script>\n<!-- \/ Yoast SEO plugin. -->","yoast_head_json":{"title":"Dia aprueba un sueldo de tres millones para el nuevo CEO, lo que supone quintuplicar el de Curr\u00e1s en 2017 - Super News","robots":{"index":"index","follow":"follow","max-snippet":"max-snippet:-1","max-image-preview":"max-image-preview:large","max-video-preview":"max-video-preview:-1"},"canonical":"https:\/\/super-news.info\/es\/dia-aprueba-un-sueldo-de-tres-millones-para-el-nuevo-ceo-lo-que-supone-quintuplicar-el-de-curras-en-2017\/","og_locale":"en_US","og_type":"article","og_title":"Dia aprueba un sueldo de tres millones para el nuevo CEO, lo que supone quintuplicar el de Curr\u00e1s en 2017 - Super News","og_description":"[ad_1] Los accionistas dan &#8216;luz verde&#8217; a la nueva financiaci\u00f3n y aprobar\u00e1 la ampliaci\u00f3n de 600 millones a partir de octubre MADRID, 30 Ago. (EUROPA PRESS) &#8211; Los accionistas de Dia han dado &#8216;luz verde&#8217; a las nuevas l\u00edneas financiaci\u00f3n de la cadena de supermercados para posteriormente aprobar en otra junta que se celebrar\u00e1 en [&hellip;]","og_url":"https:\/\/super-news.info\/es\/dia-aprueba-un-sueldo-de-tres-millones-para-el-nuevo-ceo-lo-que-supone-quintuplicar-el-de-curras-en-2017\/","og_site_name":"Super News","article_published_time":"2019-08-30T10:11:52+00:00","article_modified_time":"2019-08-30T10:11:53+00:00","og_image":[{"width":120,"height":80,"url":"https:\/\/super-news.info\/es\/wp-content\/uploads\/sites\/4\/2019\/08\/Dia-aprueba-un-sueldo-de-tres-millones-para-el-nuevo.jpg","type":"image\/jpeg"}],"author":"super-news","twitter_card":"summary_large_image","twitter_misc":{"Written by":"super-news","Est. reading time":"5 minutes"},"schema":{"@context":"https:\/\/schema.org","@graph":[{"@type":"Article","@id":"https:\/\/super-news.info\/es\/dia-aprueba-un-sueldo-de-tres-millones-para-el-nuevo-ceo-lo-que-supone-quintuplicar-el-de-curras-en-2017\/#article","isPartOf":{"@id":"https:\/\/super-news.info\/es\/dia-aprueba-un-sueldo-de-tres-millones-para-el-nuevo-ceo-lo-que-supone-quintuplicar-el-de-curras-en-2017\/"},"author":{"name":"super-news","@id":"https:\/\/super-news.info\/es\/#\/schema\/person\/2d4068cb2f39cd10008c2fce578a7356"},"headline":"Dia aprueba un sueldo de tres millones para el nuevo CEO, lo que supone quintuplicar el de Curr\u00e1s en 2017","datePublished":"2019-08-30T10:11:52+00:00","dateModified":"2019-08-30T10:11:53+00:00","mainEntityOfPage":{"@id":"https:\/\/super-news.info\/es\/dia-aprueba-un-sueldo-de-tres-millones-para-el-nuevo-ceo-lo-que-supone-quintuplicar-el-de-curras-en-2017\/"},"wordCount":985,"commentCount":0,"image":{"@id":"https:\/\/super-news.info\/es\/dia-aprueba-un-sueldo-de-tres-millones-para-el-nuevo-ceo-lo-que-supone-quintuplicar-el-de-curras-en-2017\/#primaryimage"},"thumbnailUrl":"https:\/\/super-news.info\/es\/wp-content\/uploads\/sites\/4\/2019\/08\/Dia-aprueba-un-sueldo-de-tres-millones-para-el-nuevo.jpg","articleSection":["NOTICIAS FINANCIERAS"],"inLanguage":"en-US","potentialAction":[{"@type":"CommentAction","name":"Comment","target":["https:\/\/super-news.info\/es\/dia-aprueba-un-sueldo-de-tres-millones-para-el-nuevo-ceo-lo-que-supone-quintuplicar-el-de-curras-en-2017\/#respond"]}]},{"@type":"WebPage","@id":"https:\/\/super-news.info\/es\/dia-aprueba-un-sueldo-de-tres-millones-para-el-nuevo-ceo-lo-que-supone-quintuplicar-el-de-curras-en-2017\/","url":"https:\/\/super-news.info\/es\/dia-aprueba-un-sueldo-de-tres-millones-para-el-nuevo-ceo-lo-que-supone-quintuplicar-el-de-curras-en-2017\/","name":"Dia aprueba un sueldo de tres millones para el nuevo CEO, lo que supone quintuplicar el de Curr\u00e1s en 2017 - Super News","isPartOf":{"@id":"https:\/\/super-news.info\/es\/#website"},"primaryImageOfPage":{"@id":"https:\/\/super-news.info\/es\/dia-aprueba-un-sueldo-de-tres-millones-para-el-nuevo-ceo-lo-que-supone-quintuplicar-el-de-curras-en-2017\/#primaryimage"},"image":{"@id":"https:\/\/super-news.info\/es\/dia-aprueba-un-sueldo-de-tres-millones-para-el-nuevo-ceo-lo-que-supone-quintuplicar-el-de-curras-en-2017\/#primaryimage"},"thumbnailUrl":"https:\/\/super-news.info\/es\/wp-content\/uploads\/sites\/4\/2019\/08\/Dia-aprueba-un-sueldo-de-tres-millones-para-el-nuevo.jpg","datePublished":"2019-08-30T10:11:52+00:00","dateModified":"2019-08-30T10:11:53+00:00","author":{"@id":"https:\/\/super-news.info\/es\/#\/schema\/person\/2d4068cb2f39cd10008c2fce578a7356"},"breadcrumb":{"@id":"https:\/\/super-news.info\/es\/dia-aprueba-un-sueldo-de-tres-millones-para-el-nuevo-ceo-lo-que-supone-quintuplicar-el-de-curras-en-2017\/#breadcrumb"},"inLanguage":"en-US","potentialAction":[{"@type":"ReadAction","target":["https:\/\/super-news.info\/es\/dia-aprueba-un-sueldo-de-tres-millones-para-el-nuevo-ceo-lo-que-supone-quintuplicar-el-de-curras-en-2017\/"]}]},{"@type":"ImageObject","inLanguage":"en-US","@id":"https:\/\/super-news.info\/es\/dia-aprueba-un-sueldo-de-tres-millones-para-el-nuevo-ceo-lo-que-supone-quintuplicar-el-de-curras-en-2017\/#primaryimage","url":"https:\/\/super-news.info\/es\/wp-content\/uploads\/sites\/4\/2019\/08\/Dia-aprueba-un-sueldo-de-tres-millones-para-el-nuevo.jpg","contentUrl":"https:\/\/super-news.info\/es\/wp-content\/uploads\/sites\/4\/2019\/08\/Dia-aprueba-un-sueldo-de-tres-millones-para-el-nuevo.jpg","width":120,"height":80,"caption":"Dia aprueba un sueldo de tres millones para el nuevo CEO, lo que supone quintuplicar el de Curr\u00e1s en 2017"},{"@type":"BreadcrumbList","@id":"https:\/\/super-news.info\/es\/dia-aprueba-un-sueldo-de-tres-millones-para-el-nuevo-ceo-lo-que-supone-quintuplicar-el-de-curras-en-2017\/#breadcrumb","itemListElement":[{"@type":"ListItem","position":1,"name":"\u0413\u043b\u0430\u0432\u043d\u0430\u044f \u0441\u0442\u0440\u0430\u043d\u0438\u0446\u0430","item":"https:\/\/super-news.info\/es\/"},{"@type":"ListItem","position":2,"name":"Dia aprueba un sueldo de tres millones para el nuevo CEO, lo que supone quintuplicar el de Curr\u00e1s en 2017"}]},{"@type":"WebSite","@id":"https:\/\/super-news.info\/es\/#website","url":"https:\/\/super-news.info\/es\/","name":"Super News","description":"Super News Espa\u00f1a","potentialAction":[{"@type":"SearchAction","target":{"@type":"EntryPoint","urlTemplate":"https:\/\/super-news.info\/es\/?s={search_term_string}"},"query-input":{"@type":"PropertyValueSpecification","valueRequired":true,"valueName":"search_term_string"}}],"inLanguage":"en-US"},{"@type":"Person","@id":"https:\/\/super-news.info\/es\/#\/schema\/person\/2d4068cb2f39cd10008c2fce578a7356","name":"super-news","image":{"@type":"ImageObject","inLanguage":"en-US","@id":"https:\/\/secure.gravatar.com\/avatar\/64ebac40b93f26a154f8a9b5b6fdccfc46f442b26b3dd6756dbff3bf9dc76fd7?s=96&d=mm&r=g","url":"https:\/\/secure.gravatar.com\/avatar\/64ebac40b93f26a154f8a9b5b6fdccfc46f442b26b3dd6756dbff3bf9dc76fd7?s=96&d=mm&r=g","contentUrl":"https:\/\/secure.gravatar.com\/avatar\/64ebac40b93f26a154f8a9b5b6fdccfc46f442b26b3dd6756dbff3bf9dc76fd7?s=96&d=mm&r=g","caption":"super-news"},"url":"https:\/\/super-news.info\/es\/author\/pt\/"}]}},"_links":{"self":[{"href":"https:\/\/super-news.info\/es\/wp-json\/wp\/v2\/posts\/9919","targetHints":{"allow":["GET"]}}],"collection":[{"href":"https:\/\/super-news.info\/es\/wp-json\/wp\/v2\/posts"}],"about":[{"href":"https:\/\/super-news.info\/es\/wp-json\/wp\/v2\/types\/post"}],"author":[{"embeddable":true,"href":"https:\/\/super-news.info\/es\/wp-json\/wp\/v2\/users\/2"}],"replies":[{"embeddable":true,"href":"https:\/\/super-news.info\/es\/wp-json\/wp\/v2\/comments?post=9919"}],"version-history":[{"count":1,"href":"https:\/\/super-news.info\/es\/wp-json\/wp\/v2\/posts\/9919\/revisions"}],"predecessor-version":[{"id":9921,"href":"https:\/\/super-news.info\/es\/wp-json\/wp\/v2\/posts\/9919\/revisions\/9921"}],"wp:featuredmedia":[{"embeddable":true,"href":"https:\/\/super-news.info\/es\/wp-json\/wp\/v2\/media\/9920"}],"wp:attachment":[{"href":"https:\/\/super-news.info\/es\/wp-json\/wp\/v2\/media?parent=9919"}],"wp:term":[{"taxonomy":"category","embeddable":true,"href":"https:\/\/super-news.info\/es\/wp-json\/wp\/v2\/categories?post=9919"},{"taxonomy":"post_tag","embeddable":true,"href":"https:\/\/super-news.info\/es\/wp-json\/wp\/v2\/tags?post=9919"}],"curies":[{"name":"wp","href":"https:\/\/api.w.org\/{rel}","templated":true}]}}