{"id":9877,"date":"2019-08-29T22:39:26","date_gmt":"2019-08-29T19:39:26","guid":{"rendered":"https:\/\/super-news.info\/es\/el-frenazo-de-la-economia-pasa-factura-al-mercado-laboral-de-alemania\/"},"modified":"2019-08-29T22:39:27","modified_gmt":"2019-08-29T19:39:27","slug":"el-frenazo-de-la-economia-pasa-factura-al-mercado-laboral-de-alemania","status":"publish","type":"post","link":"https:\/\/super-news.info\/es\/el-frenazo-de-la-economia-pasa-factura-al-mercado-laboral-de-alemania\/","title":{"rendered":"El frenazo de la econom\u00eda pasa factura al mercado laboral de Alemania"},"content":{"rendered":"<p> [ad_1]<\/p>\n<div id=\"CuerpoNoticiav2\" itemprop=\"articleBody\">\n<p>NUREMBERG (ALEMANIA), 29 Ago. (EUROPA PRESS) &#8211; <\/p>\n<p itemprop=\"description\">   Alemania comienza a ofrecer s\u00edntomas de que el frenazo de la mayor econom\u00eda europea, al borde de la recesi\u00f3n tras contraerse un 0,1% en el segundo trimestre, est\u00e1 haciendo mella en el mercado laboral, despu\u00e9s de que el n\u00famero de desempleados haya aumentado en agosto en 4.000 personas y el pa\u00eds acumule cuatro meses en los que no ha logrado reducir el paro,  despu\u00e9s de 22 meses seguidos a la baja, seg\u00fan los datos ajustados estacionalmente de la Agencia Federal de Empleo.<\/p>\n<p>   De este modo, y a pesar de que la tasa de paro se haya mantenido estable en el 5%, el n\u00famero de desempleados en Alemania ha subido hasta 2,289 millones.<\/p>\n<p>   Asimismo, el subempleo ha registrado en agosto un incremento mensual de 3.000 personas en datos ajustados, hasta un total de 3,203 millones, cifra que representa un descenso de 29.000 subempleados en un a\u00f1o.<\/p>\n<p>   &#8220;La desaceleraci\u00f3n econ\u00f3mica est\u00e1 dejando su marca en el mercado laboral&#8221;, ha reconocido el director de la Agencia, Detlef Scheele, despu\u00e9s de que el desempleo y el subempleo hayan aumentado en agosto. &#8220;El crecimiento del empleo persiste, pero pierde impulso y la demanda de trabajadores de las empresas ha vuelto a caer desde niveles elevados&#8221;, ha a\u00f1adido.<\/p>\n<p>   En datos no corregidos estacionalmente, el n\u00famero de parados en Alemania aument\u00f3 en agosto en 43.900 personas, hasta 2,319 millones, elevando en una d\u00e9cima la tasa de paro, hasta el 5,1%.<\/p>\n<p>   &#8220;En datos no ajustados, se trata de la peor evoluci\u00f3n del mercado laboral en agosto desde la reunificaci\u00f3n&#8221;, ha se\u00f1alado Carsten Brzeski, economista jefe de ING Alemania, para quien los malos datos laborales de agosto significan que &#8220;el escudo de protecci\u00f3n contra la desaceleraci\u00f3n industrial y los problemas externos se hace cada vez m\u00e1s fino&#8221;.<\/p>\n<\/div>\n<p>[ad_2]<br \/>\n<br \/><a href=\"https:\/\/www.europapress.es\/economia\/laboral-00346\/noticia-frenazo-economia-pasa-factura-mercado-laboral-alemania-20190829125659.html\">Source link <\/a><\/p>\n","protected":false},"excerpt":{"rendered":"<p>[ad_1] NUREMBERG (ALEMANIA), 29 Ago. (EUROPA PRESS) &#8211; Alemania comienza a ofrecer s\u00edntomas de que el frenazo de la mayor econom\u00eda europea, al borde de la recesi\u00f3n tras contraerse un 0,1% en el segundo trimestre, est\u00e1 haciendo mella en el mercado laboral, despu\u00e9s de que el n\u00famero de desempleados haya aumentado en agosto en 4.000 [&hellip;]<\/p>\n","protected":false},"author":2,"featured_media":9878,"comment_status":"open","ping_status":"open","sticky":false,"template":"","format":"standard","meta":{"footnotes":""},"categories":[1],"tags":[],"class_list":["post-9877","post","type-post","status-publish","format-standard","has-post-thumbnail","hentry","category-noticias-financieras"],"yoast_head":"<!-- This site is optimized with the Yoast SEO plugin v27.4 - https:\/\/yoast.com\/product\/yoast-seo-wordpress\/ -->\n<title>El frenazo de la econom\u00eda pasa factura al mercado laboral de Alemania - Super News<\/title>\n<meta name=\"robots\" content=\"index, follow, max-snippet:-1, max-image-preview:large, max-video-preview:-1\" \/>\n<link rel=\"canonical\" href=\"https:\/\/super-news.info\/es\/el-frenazo-de-la-economia-pasa-factura-al-mercado-laboral-de-alemania\/\" \/>\n<meta property=\"og:locale\" content=\"en_US\" \/>\n<meta property=\"og:type\" content=\"article\" \/>\n<meta property=\"og:title\" content=\"El frenazo de la econom\u00eda pasa factura al mercado laboral de Alemania - Super News\" \/>\n<meta property=\"og:description\" content=\"[ad_1] NUREMBERG (ALEMANIA), 29 Ago. (EUROPA PRESS) &#8211; Alemania comienza a ofrecer s\u00edntomas de que el frenazo de la mayor econom\u00eda europea, al borde de la recesi\u00f3n tras contraerse un 0,1% en el segundo trimestre, est\u00e1 haciendo mella en el mercado laboral, despu\u00e9s de que el n\u00famero de desempleados haya aumentado en agosto en 4.000 [&hellip;]\" \/>\n<meta property=\"og:url\" content=\"https:\/\/super-news.info\/es\/el-frenazo-de-la-economia-pasa-factura-al-mercado-laboral-de-alemania\/\" \/>\n<meta property=\"og:site_name\" content=\"Super News\" \/>\n<meta property=\"article:published_time\" content=\"2019-08-29T19:39:26+00:00\" \/>\n<meta property=\"article:modified_time\" content=\"2019-08-29T19:39:27+00:00\" \/>\n<meta property=\"og:image\" content=\"https:\/\/super-news.info\/es\/wp-content\/uploads\/sites\/4\/2019\/08\/El-frenazo-de-la-econom-a-pasa-factura-al-mercado-laboral.jpg\" \/>\n\t<meta property=\"og:image:width\" content=\"120\" \/>\n\t<meta property=\"og:image:height\" content=\"80\" \/>\n\t<meta property=\"og:image:type\" content=\"image\/jpeg\" \/>\n<meta name=\"author\" content=\"super-news\" \/>\n<meta name=\"twitter:card\" content=\"summary_large_image\" \/>\n<meta name=\"twitter:label1\" content=\"Written by\" \/>\n\t<meta name=\"twitter:data1\" content=\"super-news\" \/>\n\t<meta name=\"twitter:label2\" content=\"Est. reading time\" \/>\n\t<meta name=\"twitter:data2\" content=\"2 minutes\" \/>\n<script type=\"application\/ld+json\" class=\"yoast-schema-graph\">{\"@context\":\"https:\\\/\\\/schema.org\",\"@graph\":[{\"@type\":\"Article\",\"@id\":\"https:\\\/\\\/super-news.info\\\/es\\\/el-frenazo-de-la-economia-pasa-factura-al-mercado-laboral-de-alemania\\\/#article\",\"isPartOf\":{\"@id\":\"https:\\\/\\\/super-news.info\\\/es\\\/el-frenazo-de-la-economia-pasa-factura-al-mercado-laboral-de-alemania\\\/\"},\"author\":{\"name\":\"super-news\",\"@id\":\"https:\\\/\\\/super-news.info\\\/es\\\/#\\\/schema\\\/person\\\/2d4068cb2f39cd10008c2fce578a7356\"},\"headline\":\"El frenazo de la econom\u00eda pasa factura al mercado laboral de Alemania\",\"datePublished\":\"2019-08-29T19:39:26+00:00\",\"dateModified\":\"2019-08-29T19:39:27+00:00\",\"mainEntityOfPage\":{\"@id\":\"https:\\\/\\\/super-news.info\\\/es\\\/el-frenazo-de-la-economia-pasa-factura-al-mercado-laboral-de-alemania\\\/\"},\"wordCount\":322,\"commentCount\":0,\"image\":{\"@id\":\"https:\\\/\\\/super-news.info\\\/es\\\/el-frenazo-de-la-economia-pasa-factura-al-mercado-laboral-de-alemania\\\/#primaryimage\"},\"thumbnailUrl\":\"https:\\\/\\\/super-news.info\\\/es\\\/wp-content\\\/uploads\\\/sites\\\/4\\\/2019\\\/08\\\/El-frenazo-de-la-econom-a-pasa-factura-al-mercado-laboral.jpg\",\"articleSection\":[\"NOTICIAS FINANCIERAS\"],\"inLanguage\":\"en-US\",\"potentialAction\":[{\"@type\":\"CommentAction\",\"name\":\"Comment\",\"target\":[\"https:\\\/\\\/super-news.info\\\/es\\\/el-frenazo-de-la-economia-pasa-factura-al-mercado-laboral-de-alemania\\\/#respond\"]}]},{\"@type\":\"WebPage\",\"@id\":\"https:\\\/\\\/super-news.info\\\/es\\\/el-frenazo-de-la-economia-pasa-factura-al-mercado-laboral-de-alemania\\\/\",\"url\":\"https:\\\/\\\/super-news.info\\\/es\\\/el-frenazo-de-la-economia-pasa-factura-al-mercado-laboral-de-alemania\\\/\",\"name\":\"El frenazo de la econom\u00eda pasa factura al mercado laboral de Alemania - Super News\",\"isPartOf\":{\"@id\":\"https:\\\/\\\/super-news.info\\\/es\\\/#website\"},\"primaryImageOfPage\":{\"@id\":\"https:\\\/\\\/super-news.info\\\/es\\\/el-frenazo-de-la-economia-pasa-factura-al-mercado-laboral-de-alemania\\\/#primaryimage\"},\"image\":{\"@id\":\"https:\\\/\\\/super-news.info\\\/es\\\/el-frenazo-de-la-economia-pasa-factura-al-mercado-laboral-de-alemania\\\/#primaryimage\"},\"thumbnailUrl\":\"https:\\\/\\\/super-news.info\\\/es\\\/wp-content\\\/uploads\\\/sites\\\/4\\\/2019\\\/08\\\/El-frenazo-de-la-econom-a-pasa-factura-al-mercado-laboral.jpg\",\"datePublished\":\"2019-08-29T19:39:26+00:00\",\"dateModified\":\"2019-08-29T19:39:27+00:00\",\"author\":{\"@id\":\"https:\\\/\\\/super-news.info\\\/es\\\/#\\\/schema\\\/person\\\/2d4068cb2f39cd10008c2fce578a7356\"},\"breadcrumb\":{\"@id\":\"https:\\\/\\\/super-news.info\\\/es\\\/el-frenazo-de-la-economia-pasa-factura-al-mercado-laboral-de-alemania\\\/#breadcrumb\"},\"inLanguage\":\"en-US\",\"potentialAction\":[{\"@type\":\"ReadAction\",\"target\":[\"https:\\\/\\\/super-news.info\\\/es\\\/el-frenazo-de-la-economia-pasa-factura-al-mercado-laboral-de-alemania\\\/\"]}]},{\"@type\":\"ImageObject\",\"inLanguage\":\"en-US\",\"@id\":\"https:\\\/\\\/super-news.info\\\/es\\\/el-frenazo-de-la-economia-pasa-factura-al-mercado-laboral-de-alemania\\\/#primaryimage\",\"url\":\"https:\\\/\\\/super-news.info\\\/es\\\/wp-content\\\/uploads\\\/sites\\\/4\\\/2019\\\/08\\\/El-frenazo-de-la-econom-a-pasa-factura-al-mercado-laboral.jpg\",\"contentUrl\":\"https:\\\/\\\/super-news.info\\\/es\\\/wp-content\\\/uploads\\\/sites\\\/4\\\/2019\\\/08\\\/El-frenazo-de-la-econom-a-pasa-factura-al-mercado-laboral.jpg\",\"width\":120,\"height\":80,\"caption\":\"El frenazo de la econom\u00eda pasa factura al mercado laboral de Alemania\"},{\"@type\":\"BreadcrumbList\",\"@id\":\"https:\\\/\\\/super-news.info\\\/es\\\/el-frenazo-de-la-economia-pasa-factura-al-mercado-laboral-de-alemania\\\/#breadcrumb\",\"itemListElement\":[{\"@type\":\"ListItem\",\"position\":1,\"name\":\"\u0413\u043b\u0430\u0432\u043d\u0430\u044f \u0441\u0442\u0440\u0430\u043d\u0438\u0446\u0430\",\"item\":\"https:\\\/\\\/super-news.info\\\/es\\\/\"},{\"@type\":\"ListItem\",\"position\":2,\"name\":\"El frenazo de la econom\u00eda pasa factura al mercado laboral de Alemania\"}]},{\"@type\":\"WebSite\",\"@id\":\"https:\\\/\\\/super-news.info\\\/es\\\/#website\",\"url\":\"https:\\\/\\\/super-news.info\\\/es\\\/\",\"name\":\"Super News\",\"description\":\"Super News Espa\u00f1a\",\"potentialAction\":[{\"@type\":\"SearchAction\",\"target\":{\"@type\":\"EntryPoint\",\"urlTemplate\":\"https:\\\/\\\/super-news.info\\\/es\\\/?s={search_term_string}\"},\"query-input\":{\"@type\":\"PropertyValueSpecification\",\"valueRequired\":true,\"valueName\":\"search_term_string\"}}],\"inLanguage\":\"en-US\"},{\"@type\":\"Person\",\"@id\":\"https:\\\/\\\/super-news.info\\\/es\\\/#\\\/schema\\\/person\\\/2d4068cb2f39cd10008c2fce578a7356\",\"name\":\"super-news\",\"image\":{\"@type\":\"ImageObject\",\"inLanguage\":\"en-US\",\"@id\":\"https:\\\/\\\/secure.gravatar.com\\\/avatar\\\/64ebac40b93f26a154f8a9b5b6fdccfc46f442b26b3dd6756dbff3bf9dc76fd7?s=96&d=mm&r=g\",\"url\":\"https:\\\/\\\/secure.gravatar.com\\\/avatar\\\/64ebac40b93f26a154f8a9b5b6fdccfc46f442b26b3dd6756dbff3bf9dc76fd7?s=96&d=mm&r=g\",\"contentUrl\":\"https:\\\/\\\/secure.gravatar.com\\\/avatar\\\/64ebac40b93f26a154f8a9b5b6fdccfc46f442b26b3dd6756dbff3bf9dc76fd7?s=96&d=mm&r=g\",\"caption\":\"super-news\"},\"url\":\"https:\\\/\\\/super-news.info\\\/es\\\/author\\\/pt\\\/\"}]}<\/script>\n<!-- \/ Yoast SEO plugin. -->","yoast_head_json":{"title":"El frenazo de la econom\u00eda pasa factura al mercado laboral de Alemania - Super News","robots":{"index":"index","follow":"follow","max-snippet":"max-snippet:-1","max-image-preview":"max-image-preview:large","max-video-preview":"max-video-preview:-1"},"canonical":"https:\/\/super-news.info\/es\/el-frenazo-de-la-economia-pasa-factura-al-mercado-laboral-de-alemania\/","og_locale":"en_US","og_type":"article","og_title":"El frenazo de la econom\u00eda pasa factura al mercado laboral de Alemania - Super News","og_description":"[ad_1] NUREMBERG (ALEMANIA), 29 Ago. (EUROPA PRESS) &#8211; Alemania comienza a ofrecer s\u00edntomas de que el frenazo de la mayor econom\u00eda europea, al borde de la recesi\u00f3n tras contraerse un 0,1% en el segundo trimestre, est\u00e1 haciendo mella en el mercado laboral, despu\u00e9s de que el n\u00famero de desempleados haya aumentado en agosto en 4.000 [&hellip;]","og_url":"https:\/\/super-news.info\/es\/el-frenazo-de-la-economia-pasa-factura-al-mercado-laboral-de-alemania\/","og_site_name":"Super News","article_published_time":"2019-08-29T19:39:26+00:00","article_modified_time":"2019-08-29T19:39:27+00:00","og_image":[{"width":120,"height":80,"url":"https:\/\/super-news.info\/es\/wp-content\/uploads\/sites\/4\/2019\/08\/El-frenazo-de-la-econom-a-pasa-factura-al-mercado-laboral.jpg","type":"image\/jpeg"}],"author":"super-news","twitter_card":"summary_large_image","twitter_misc":{"Written by":"super-news","Est. reading time":"2 minutes"},"schema":{"@context":"https:\/\/schema.org","@graph":[{"@type":"Article","@id":"https:\/\/super-news.info\/es\/el-frenazo-de-la-economia-pasa-factura-al-mercado-laboral-de-alemania\/#article","isPartOf":{"@id":"https:\/\/super-news.info\/es\/el-frenazo-de-la-economia-pasa-factura-al-mercado-laboral-de-alemania\/"},"author":{"name":"super-news","@id":"https:\/\/super-news.info\/es\/#\/schema\/person\/2d4068cb2f39cd10008c2fce578a7356"},"headline":"El frenazo de la econom\u00eda pasa factura al mercado laboral de Alemania","datePublished":"2019-08-29T19:39:26+00:00","dateModified":"2019-08-29T19:39:27+00:00","mainEntityOfPage":{"@id":"https:\/\/super-news.info\/es\/el-frenazo-de-la-economia-pasa-factura-al-mercado-laboral-de-alemania\/"},"wordCount":322,"commentCount":0,"image":{"@id":"https:\/\/super-news.info\/es\/el-frenazo-de-la-economia-pasa-factura-al-mercado-laboral-de-alemania\/#primaryimage"},"thumbnailUrl":"https:\/\/super-news.info\/es\/wp-content\/uploads\/sites\/4\/2019\/08\/El-frenazo-de-la-econom-a-pasa-factura-al-mercado-laboral.jpg","articleSection":["NOTICIAS FINANCIERAS"],"inLanguage":"en-US","potentialAction":[{"@type":"CommentAction","name":"Comment","target":["https:\/\/super-news.info\/es\/el-frenazo-de-la-economia-pasa-factura-al-mercado-laboral-de-alemania\/#respond"]}]},{"@type":"WebPage","@id":"https:\/\/super-news.info\/es\/el-frenazo-de-la-economia-pasa-factura-al-mercado-laboral-de-alemania\/","url":"https:\/\/super-news.info\/es\/el-frenazo-de-la-economia-pasa-factura-al-mercado-laboral-de-alemania\/","name":"El frenazo de la econom\u00eda pasa factura al mercado laboral de Alemania - Super News","isPartOf":{"@id":"https:\/\/super-news.info\/es\/#website"},"primaryImageOfPage":{"@id":"https:\/\/super-news.info\/es\/el-frenazo-de-la-economia-pasa-factura-al-mercado-laboral-de-alemania\/#primaryimage"},"image":{"@id":"https:\/\/super-news.info\/es\/el-frenazo-de-la-economia-pasa-factura-al-mercado-laboral-de-alemania\/#primaryimage"},"thumbnailUrl":"https:\/\/super-news.info\/es\/wp-content\/uploads\/sites\/4\/2019\/08\/El-frenazo-de-la-econom-a-pasa-factura-al-mercado-laboral.jpg","datePublished":"2019-08-29T19:39:26+00:00","dateModified":"2019-08-29T19:39:27+00:00","author":{"@id":"https:\/\/super-news.info\/es\/#\/schema\/person\/2d4068cb2f39cd10008c2fce578a7356"},"breadcrumb":{"@id":"https:\/\/super-news.info\/es\/el-frenazo-de-la-economia-pasa-factura-al-mercado-laboral-de-alemania\/#breadcrumb"},"inLanguage":"en-US","potentialAction":[{"@type":"ReadAction","target":["https:\/\/super-news.info\/es\/el-frenazo-de-la-economia-pasa-factura-al-mercado-laboral-de-alemania\/"]}]},{"@type":"ImageObject","inLanguage":"en-US","@id":"https:\/\/super-news.info\/es\/el-frenazo-de-la-economia-pasa-factura-al-mercado-laboral-de-alemania\/#primaryimage","url":"https:\/\/super-news.info\/es\/wp-content\/uploads\/sites\/4\/2019\/08\/El-frenazo-de-la-econom-a-pasa-factura-al-mercado-laboral.jpg","contentUrl":"https:\/\/super-news.info\/es\/wp-content\/uploads\/sites\/4\/2019\/08\/El-frenazo-de-la-econom-a-pasa-factura-al-mercado-laboral.jpg","width":120,"height":80,"caption":"El frenazo de la econom\u00eda pasa factura al mercado laboral de Alemania"},{"@type":"BreadcrumbList","@id":"https:\/\/super-news.info\/es\/el-frenazo-de-la-economia-pasa-factura-al-mercado-laboral-de-alemania\/#breadcrumb","itemListElement":[{"@type":"ListItem","position":1,"name":"\u0413\u043b\u0430\u0432\u043d\u0430\u044f \u0441\u0442\u0440\u0430\u043d\u0438\u0446\u0430","item":"https:\/\/super-news.info\/es\/"},{"@type":"ListItem","position":2,"name":"El frenazo de la econom\u00eda pasa factura al mercado laboral de Alemania"}]},{"@type":"WebSite","@id":"https:\/\/super-news.info\/es\/#website","url":"https:\/\/super-news.info\/es\/","name":"Super News","description":"Super News Espa\u00f1a","potentialAction":[{"@type":"SearchAction","target":{"@type":"EntryPoint","urlTemplate":"https:\/\/super-news.info\/es\/?s={search_term_string}"},"query-input":{"@type":"PropertyValueSpecification","valueRequired":true,"valueName":"search_term_string"}}],"inLanguage":"en-US"},{"@type":"Person","@id":"https:\/\/super-news.info\/es\/#\/schema\/person\/2d4068cb2f39cd10008c2fce578a7356","name":"super-news","image":{"@type":"ImageObject","inLanguage":"en-US","@id":"https:\/\/secure.gravatar.com\/avatar\/64ebac40b93f26a154f8a9b5b6fdccfc46f442b26b3dd6756dbff3bf9dc76fd7?s=96&d=mm&r=g","url":"https:\/\/secure.gravatar.com\/avatar\/64ebac40b93f26a154f8a9b5b6fdccfc46f442b26b3dd6756dbff3bf9dc76fd7?s=96&d=mm&r=g","contentUrl":"https:\/\/secure.gravatar.com\/avatar\/64ebac40b93f26a154f8a9b5b6fdccfc46f442b26b3dd6756dbff3bf9dc76fd7?s=96&d=mm&r=g","caption":"super-news"},"url":"https:\/\/super-news.info\/es\/author\/pt\/"}]}},"_links":{"self":[{"href":"https:\/\/super-news.info\/es\/wp-json\/wp\/v2\/posts\/9877","targetHints":{"allow":["GET"]}}],"collection":[{"href":"https:\/\/super-news.info\/es\/wp-json\/wp\/v2\/posts"}],"about":[{"href":"https:\/\/super-news.info\/es\/wp-json\/wp\/v2\/types\/post"}],"author":[{"embeddable":true,"href":"https:\/\/super-news.info\/es\/wp-json\/wp\/v2\/users\/2"}],"replies":[{"embeddable":true,"href":"https:\/\/super-news.info\/es\/wp-json\/wp\/v2\/comments?post=9877"}],"version-history":[{"count":1,"href":"https:\/\/super-news.info\/es\/wp-json\/wp\/v2\/posts\/9877\/revisions"}],"predecessor-version":[{"id":9879,"href":"https:\/\/super-news.info\/es\/wp-json\/wp\/v2\/posts\/9877\/revisions\/9879"}],"wp:featuredmedia":[{"embeddable":true,"href":"https:\/\/super-news.info\/es\/wp-json\/wp\/v2\/media\/9878"}],"wp:attachment":[{"href":"https:\/\/super-news.info\/es\/wp-json\/wp\/v2\/media?parent=9877"}],"wp:term":[{"taxonomy":"category","embeddable":true,"href":"https:\/\/super-news.info\/es\/wp-json\/wp\/v2\/categories?post=9877"},{"taxonomy":"post_tag","embeddable":true,"href":"https:\/\/super-news.info\/es\/wp-json\/wp\/v2\/tags?post=9877"}],"curies":[{"name":"wp","href":"https:\/\/api.w.org\/{rel}","templated":true}]}}