{"id":9865,"date":"2019-08-29T20:21:44","date_gmt":"2019-08-29T17:21:44","guid":{"rendered":"https:\/\/super-news.info\/es\/el-personal-de-tierra-de-iberia-en-el-prat-vuelve-a-la-huelga-este-viernes-y-sabado\/"},"modified":"2019-08-29T20:21:45","modified_gmt":"2019-08-29T17:21:45","slug":"el-personal-de-tierra-de-iberia-en-el-prat-vuelve-a-la-huelga-este-viernes-y-sabado","status":"publish","type":"post","link":"https:\/\/super-news.info\/es\/el-personal-de-tierra-de-iberia-en-el-prat-vuelve-a-la-huelga-este-viernes-y-sabado\/","title":{"rendered":"El personal de tierra de Iberia en El Prat vuelve a la huelga este viernes y s\u00e1bado"},"content":{"rendered":"<p> [ad_1]<\/p>\n<div id=\"CuerpoNoticiav2\" itemprop=\"articleBody\">\n<h3 class=\"subsubhead\">Servicios m\u00ednimos del 53% para los vuelos nacionales y extranjeros, y del 100% a las islas<\/h3>\n<p>   BARCELONA, 29 Ago. (EUROPA PRESS) &#8211; <\/p>\n<p itemprop=\"description\">   El personal de tierra de Iberia en el Aeropuerto de Barcelona vuelve a la huelga este viernes y el s\u00e1bado, despu\u00e9s de que las negociaciones con la aerol\u00ednea acabaran el mi\u00e9rcoles sin acuerdo.<\/p>\n<p>   La plantilla ha convocado huelga para exigir mejoras como una mayor estabilidad laboral, y los paros de esta semana se suman a los realizados durante el fin de semana pasado y en julio.<\/p>\n<p>   El comit\u00e9 de huelga pide que trabajadores temporales pasen a ser fijos y alerta de que el 50% de la plantilla de Iberia Airport Services en el Aeropuerto de Barcelona son trabajadores eventuales.<\/p>\n<p>   Sostiene que una mayor estabilidad permitir\u00e1 solventar cuestiones como la sobrecarga de trabajo y el abuso de las horas extraordinarias; facilitar\u00e1 la reorganizaci\u00f3n de los turnos y horarios para evitar trabajar hasta ocho y nueve d\u00edas seguidos, y se podr\u00e1 fomentar la conciliaci\u00f3n personal y familiar.<\/p>\n<p>   La plantilla de Iberia Barcelona es de unos 2.700 trabajadores, que se encargan de la facturaci\u00f3n, el embarque, la carga y descarga, la asistencia y el mantenimiento a los aviones, y dan servicios a una treintena de compa\u00f1\u00edas; entre ellas, Vueling, British Airways y Turkish Airlines.<\/p>\n<h2 class=\"ladillo\">AFECTACI\u00d3N <\/h2>\n<p>   El Ministerio de Fomento ha decretado unos servicios m\u00ednimos del 53% para los vuelos nacionales y extranjeros con alternativas de desplazamiento de m\u00e1s de cinco horas en transporte p\u00fablico; del 32% para los vuelos nacionales dentro de la Pen\u00ednsula con alternativas de menos de cinco horas, y del 100% para los vuelos a las islas Baleares y Canarias.<\/p>\n<p>   Vueling ha cancelado un total de 92 vuelos esta semana por los paros en el Aeropuerto de Barcelona &#8211;54 vuelos el viernes 30 de agosto y 38 el s\u00e1bado 31&#8211;, y la aerol\u00ednea ha ofrecido a los pasajeros afectados, que cifran en 14.000 usuarios, la reubicaci\u00f3n en otro vuelo adaptado a sus necesidades o el repago.<\/p>\n<p>   Por su parte, Iberia ha cancelado seis vuelos por la huelga de su plantilla: tres puentes a\u00e9reos Barcelona-Madrid para el viernes y tres m\u00e1s el s\u00e1bado.<\/p>\n<p>   Sin tener en cuenta la cancelaci\u00f3n de estos vuelos, se preve\u00eda el movimiento de unos 1.100 vuelos el viernes y 1.000 el s\u00e1bado, han informado fuentes de Aena.<\/p>\n<p>   El operador aeroportuario recomienda a los usuarios consultar con sus aerol\u00edneas las posibles afectaciones que pueden producirse antes de desplazarse hasta El Prat.<\/p>\n<h2 class=\"ladillo\">NEGOCIACIONES CON IBERIA<\/h2>\n<p>   La \u00faltima mediaci\u00f3n de los trabajadores con la direcci\u00f3n se celebr\u00f3 el mi\u00e9rcoles: los trabajadores anunciaron la desconvocatoria de huelga al mediod\u00eda pero dieron marcha atr\u00e1s por la tarde cuando la empresa acab\u00f3 no aceptando crear una comisi\u00f3n de seguimiento de los acuerdos alcanzados.<\/p>\n<p>   El secretario general de Trabajo de la Generalitat, Josep Ginesta, responsabiliz\u00f3 a Iberia de la no desconvocatoria de la huelga porque seg\u00fan \u00e9l decidi\u00f3 &#8220;romper la negociaci\u00f3n&#8221; y no formar parte de la comisi\u00f3n.<\/p>\n<p>   Ginesta sostuvo que el desencuentro entre ambas partes dificultaba la resoluci\u00f3n del conflicto, y critic\u00f3 que Iberia mira desde Madrid los problemas del Aeropuerto de Barcelona.<\/p>\n<h2 class=\"ladillo\">HUELGA DE LOS VIGILANTES DE SEGURIDAD <\/h2>\n<p>   La huelga del personal de tierra de Iberia coincide con la huelga indefinida de los vigilantes de los filtros de seguridad de El Prat, que arranc\u00f3 el viernes 9 de agosto.<\/p>\n<p>   Como los trabajadores de Iberia Barcelona, los de la empresa Trablisa, adjudicataria de los filtros en El Prat desde 2018, piden acabar con la sobrecarga de trabajo en el aeropuerto.<\/p>\n<p>   La Delegaci\u00f3n del Gobierno decret\u00f3 unos servicios m\u00ednimos del 90% y la incidencia de la huelga durante estas semanas ha sido m\u00ednima y no se han producido largas colas, a diferencia de la convocada por los vigilantes de los filtros en 2017, cuando la adjudicataria era Eulen.<\/p>\n<\/div>\n<p>[ad_2]<br \/>\n<br \/><a href=\"https:\/\/www.europapress.es\/catalunya\/noticia-personal-tierra-iberia-prat-vuelve-huelga-viernes-sabado-20190829145415.html\">Source link <\/a><\/p>\n","protected":false},"excerpt":{"rendered":"<p>[ad_1] Servicios m\u00ednimos del 53% para los vuelos nacionales y extranjeros, y del 100% a las islas BARCELONA, 29 Ago. (EUROPA PRESS) &#8211; El personal de tierra de Iberia en el Aeropuerto de Barcelona vuelve a la huelga este viernes y el s\u00e1bado, despu\u00e9s de que las negociaciones con la aerol\u00ednea acabaran el mi\u00e9rcoles sin [&hellip;]<\/p>\n","protected":false},"author":2,"featured_media":9866,"comment_status":"open","ping_status":"open","sticky":false,"template":"","format":"standard","meta":{"footnotes":""},"categories":[1],"tags":[],"class_list":["post-9865","post","type-post","status-publish","format-standard","has-post-thumbnail","hentry","category-noticias-financieras"],"yoast_head":"<!-- This site is optimized with the Yoast SEO plugin v27.4 - https:\/\/yoast.com\/product\/yoast-seo-wordpress\/ -->\n<title>El personal de tierra de Iberia en El Prat vuelve a la huelga este viernes y s\u00e1bado - Super News<\/title>\n<meta name=\"robots\" content=\"index, follow, max-snippet:-1, max-image-preview:large, max-video-preview:-1\" \/>\n<link rel=\"canonical\" href=\"https:\/\/super-news.info\/es\/el-personal-de-tierra-de-iberia-en-el-prat-vuelve-a-la-huelga-este-viernes-y-sabado\/\" \/>\n<meta property=\"og:locale\" content=\"en_US\" \/>\n<meta property=\"og:type\" content=\"article\" \/>\n<meta property=\"og:title\" content=\"El personal de tierra de Iberia en El Prat vuelve a la huelga este viernes y s\u00e1bado - Super News\" \/>\n<meta property=\"og:description\" content=\"[ad_1] Servicios m\u00ednimos del 53% para los vuelos nacionales y extranjeros, y del 100% a las islas BARCELONA, 29 Ago. (EUROPA PRESS) &#8211; El personal de tierra de Iberia en el Aeropuerto de Barcelona vuelve a la huelga este viernes y el s\u00e1bado, despu\u00e9s de que las negociaciones con la aerol\u00ednea acabaran el mi\u00e9rcoles sin [&hellip;]\" \/>\n<meta property=\"og:url\" content=\"https:\/\/super-news.info\/es\/el-personal-de-tierra-de-iberia-en-el-prat-vuelve-a-la-huelga-este-viernes-y-sabado\/\" \/>\n<meta property=\"og:site_name\" content=\"Super News\" \/>\n<meta property=\"article:published_time\" content=\"2019-08-29T17:21:44+00:00\" \/>\n<meta property=\"article:modified_time\" content=\"2019-08-29T17:21:45+00:00\" \/>\n<meta property=\"og:image\" content=\"https:\/\/super-news.info\/es\/wp-content\/uploads\/sites\/4\/2019\/08\/El-personal-de-tierra-de-Iberia-en-El-Prat-vuelve.jpg\" \/>\n\t<meta property=\"og:image:width\" content=\"120\" \/>\n\t<meta property=\"og:image:height\" content=\"80\" \/>\n\t<meta property=\"og:image:type\" content=\"image\/jpeg\" \/>\n<meta name=\"author\" content=\"super-news\" \/>\n<meta name=\"twitter:card\" content=\"summary_large_image\" \/>\n<meta name=\"twitter:label1\" content=\"Written by\" \/>\n\t<meta name=\"twitter:data1\" content=\"super-news\" \/>\n\t<meta name=\"twitter:label2\" content=\"Est. reading time\" \/>\n\t<meta name=\"twitter:data2\" content=\"3 minutes\" \/>\n<script type=\"application\/ld+json\" class=\"yoast-schema-graph\">{\"@context\":\"https:\\\/\\\/schema.org\",\"@graph\":[{\"@type\":\"Article\",\"@id\":\"https:\\\/\\\/super-news.info\\\/es\\\/el-personal-de-tierra-de-iberia-en-el-prat-vuelve-a-la-huelga-este-viernes-y-sabado\\\/#article\",\"isPartOf\":{\"@id\":\"https:\\\/\\\/super-news.info\\\/es\\\/el-personal-de-tierra-de-iberia-en-el-prat-vuelve-a-la-huelga-este-viernes-y-sabado\\\/\"},\"author\":{\"name\":\"super-news\",\"@id\":\"https:\\\/\\\/super-news.info\\\/es\\\/#\\\/schema\\\/person\\\/2d4068cb2f39cd10008c2fce578a7356\"},\"headline\":\"El personal de tierra de Iberia en El Prat vuelve a la huelga este viernes y s\u00e1bado\",\"datePublished\":\"2019-08-29T17:21:44+00:00\",\"dateModified\":\"2019-08-29T17:21:45+00:00\",\"mainEntityOfPage\":{\"@id\":\"https:\\\/\\\/super-news.info\\\/es\\\/el-personal-de-tierra-de-iberia-en-el-prat-vuelve-a-la-huelga-este-viernes-y-sabado\\\/\"},\"wordCount\":668,\"commentCount\":0,\"image\":{\"@id\":\"https:\\\/\\\/super-news.info\\\/es\\\/el-personal-de-tierra-de-iberia-en-el-prat-vuelve-a-la-huelga-este-viernes-y-sabado\\\/#primaryimage\"},\"thumbnailUrl\":\"https:\\\/\\\/super-news.info\\\/es\\\/wp-content\\\/uploads\\\/sites\\\/4\\\/2019\\\/08\\\/El-personal-de-tierra-de-Iberia-en-El-Prat-vuelve.jpg\",\"articleSection\":[\"NOTICIAS FINANCIERAS\"],\"inLanguage\":\"en-US\",\"potentialAction\":[{\"@type\":\"CommentAction\",\"name\":\"Comment\",\"target\":[\"https:\\\/\\\/super-news.info\\\/es\\\/el-personal-de-tierra-de-iberia-en-el-prat-vuelve-a-la-huelga-este-viernes-y-sabado\\\/#respond\"]}]},{\"@type\":\"WebPage\",\"@id\":\"https:\\\/\\\/super-news.info\\\/es\\\/el-personal-de-tierra-de-iberia-en-el-prat-vuelve-a-la-huelga-este-viernes-y-sabado\\\/\",\"url\":\"https:\\\/\\\/super-news.info\\\/es\\\/el-personal-de-tierra-de-iberia-en-el-prat-vuelve-a-la-huelga-este-viernes-y-sabado\\\/\",\"name\":\"El personal de tierra de Iberia en El Prat vuelve a la huelga este viernes y s\u00e1bado - Super News\",\"isPartOf\":{\"@id\":\"https:\\\/\\\/super-news.info\\\/es\\\/#website\"},\"primaryImageOfPage\":{\"@id\":\"https:\\\/\\\/super-news.info\\\/es\\\/el-personal-de-tierra-de-iberia-en-el-prat-vuelve-a-la-huelga-este-viernes-y-sabado\\\/#primaryimage\"},\"image\":{\"@id\":\"https:\\\/\\\/super-news.info\\\/es\\\/el-personal-de-tierra-de-iberia-en-el-prat-vuelve-a-la-huelga-este-viernes-y-sabado\\\/#primaryimage\"},\"thumbnailUrl\":\"https:\\\/\\\/super-news.info\\\/es\\\/wp-content\\\/uploads\\\/sites\\\/4\\\/2019\\\/08\\\/El-personal-de-tierra-de-Iberia-en-El-Prat-vuelve.jpg\",\"datePublished\":\"2019-08-29T17:21:44+00:00\",\"dateModified\":\"2019-08-29T17:21:45+00:00\",\"author\":{\"@id\":\"https:\\\/\\\/super-news.info\\\/es\\\/#\\\/schema\\\/person\\\/2d4068cb2f39cd10008c2fce578a7356\"},\"breadcrumb\":{\"@id\":\"https:\\\/\\\/super-news.info\\\/es\\\/el-personal-de-tierra-de-iberia-en-el-prat-vuelve-a-la-huelga-este-viernes-y-sabado\\\/#breadcrumb\"},\"inLanguage\":\"en-US\",\"potentialAction\":[{\"@type\":\"ReadAction\",\"target\":[\"https:\\\/\\\/super-news.info\\\/es\\\/el-personal-de-tierra-de-iberia-en-el-prat-vuelve-a-la-huelga-este-viernes-y-sabado\\\/\"]}]},{\"@type\":\"ImageObject\",\"inLanguage\":\"en-US\",\"@id\":\"https:\\\/\\\/super-news.info\\\/es\\\/el-personal-de-tierra-de-iberia-en-el-prat-vuelve-a-la-huelga-este-viernes-y-sabado\\\/#primaryimage\",\"url\":\"https:\\\/\\\/super-news.info\\\/es\\\/wp-content\\\/uploads\\\/sites\\\/4\\\/2019\\\/08\\\/El-personal-de-tierra-de-Iberia-en-El-Prat-vuelve.jpg\",\"contentUrl\":\"https:\\\/\\\/super-news.info\\\/es\\\/wp-content\\\/uploads\\\/sites\\\/4\\\/2019\\\/08\\\/El-personal-de-tierra-de-Iberia-en-El-Prat-vuelve.jpg\",\"width\":120,\"height\":80,\"caption\":\"El personal de tierra de Iberia en El Prat vuelve a la huelga este viernes y s\u00e1bado\"},{\"@type\":\"BreadcrumbList\",\"@id\":\"https:\\\/\\\/super-news.info\\\/es\\\/el-personal-de-tierra-de-iberia-en-el-prat-vuelve-a-la-huelga-este-viernes-y-sabado\\\/#breadcrumb\",\"itemListElement\":[{\"@type\":\"ListItem\",\"position\":1,\"name\":\"\u0413\u043b\u0430\u0432\u043d\u0430\u044f \u0441\u0442\u0440\u0430\u043d\u0438\u0446\u0430\",\"item\":\"https:\\\/\\\/super-news.info\\\/es\\\/\"},{\"@type\":\"ListItem\",\"position\":2,\"name\":\"El personal de tierra de Iberia en El Prat vuelve a la huelga este viernes y s\u00e1bado\"}]},{\"@type\":\"WebSite\",\"@id\":\"https:\\\/\\\/super-news.info\\\/es\\\/#website\",\"url\":\"https:\\\/\\\/super-news.info\\\/es\\\/\",\"name\":\"Super News\",\"description\":\"Super News Espa\u00f1a\",\"potentialAction\":[{\"@type\":\"SearchAction\",\"target\":{\"@type\":\"EntryPoint\",\"urlTemplate\":\"https:\\\/\\\/super-news.info\\\/es\\\/?s={search_term_string}\"},\"query-input\":{\"@type\":\"PropertyValueSpecification\",\"valueRequired\":true,\"valueName\":\"search_term_string\"}}],\"inLanguage\":\"en-US\"},{\"@type\":\"Person\",\"@id\":\"https:\\\/\\\/super-news.info\\\/es\\\/#\\\/schema\\\/person\\\/2d4068cb2f39cd10008c2fce578a7356\",\"name\":\"super-news\",\"image\":{\"@type\":\"ImageObject\",\"inLanguage\":\"en-US\",\"@id\":\"https:\\\/\\\/secure.gravatar.com\\\/avatar\\\/64ebac40b93f26a154f8a9b5b6fdccfc46f442b26b3dd6756dbff3bf9dc76fd7?s=96&d=mm&r=g\",\"url\":\"https:\\\/\\\/secure.gravatar.com\\\/avatar\\\/64ebac40b93f26a154f8a9b5b6fdccfc46f442b26b3dd6756dbff3bf9dc76fd7?s=96&d=mm&r=g\",\"contentUrl\":\"https:\\\/\\\/secure.gravatar.com\\\/avatar\\\/64ebac40b93f26a154f8a9b5b6fdccfc46f442b26b3dd6756dbff3bf9dc76fd7?s=96&d=mm&r=g\",\"caption\":\"super-news\"},\"url\":\"https:\\\/\\\/super-news.info\\\/es\\\/author\\\/pt\\\/\"}]}<\/script>\n<!-- \/ Yoast SEO plugin. -->","yoast_head_json":{"title":"El personal de tierra de Iberia en El Prat vuelve a la huelga este viernes y s\u00e1bado - Super News","robots":{"index":"index","follow":"follow","max-snippet":"max-snippet:-1","max-image-preview":"max-image-preview:large","max-video-preview":"max-video-preview:-1"},"canonical":"https:\/\/super-news.info\/es\/el-personal-de-tierra-de-iberia-en-el-prat-vuelve-a-la-huelga-este-viernes-y-sabado\/","og_locale":"en_US","og_type":"article","og_title":"El personal de tierra de Iberia en El Prat vuelve a la huelga este viernes y s\u00e1bado - Super News","og_description":"[ad_1] Servicios m\u00ednimos del 53% para los vuelos nacionales y extranjeros, y del 100% a las islas BARCELONA, 29 Ago. (EUROPA PRESS) &#8211; El personal de tierra de Iberia en el Aeropuerto de Barcelona vuelve a la huelga este viernes y el s\u00e1bado, despu\u00e9s de que las negociaciones con la aerol\u00ednea acabaran el mi\u00e9rcoles sin [&hellip;]","og_url":"https:\/\/super-news.info\/es\/el-personal-de-tierra-de-iberia-en-el-prat-vuelve-a-la-huelga-este-viernes-y-sabado\/","og_site_name":"Super News","article_published_time":"2019-08-29T17:21:44+00:00","article_modified_time":"2019-08-29T17:21:45+00:00","og_image":[{"width":120,"height":80,"url":"https:\/\/super-news.info\/es\/wp-content\/uploads\/sites\/4\/2019\/08\/El-personal-de-tierra-de-Iberia-en-El-Prat-vuelve.jpg","type":"image\/jpeg"}],"author":"super-news","twitter_card":"summary_large_image","twitter_misc":{"Written by":"super-news","Est. reading time":"3 minutes"},"schema":{"@context":"https:\/\/schema.org","@graph":[{"@type":"Article","@id":"https:\/\/super-news.info\/es\/el-personal-de-tierra-de-iberia-en-el-prat-vuelve-a-la-huelga-este-viernes-y-sabado\/#article","isPartOf":{"@id":"https:\/\/super-news.info\/es\/el-personal-de-tierra-de-iberia-en-el-prat-vuelve-a-la-huelga-este-viernes-y-sabado\/"},"author":{"name":"super-news","@id":"https:\/\/super-news.info\/es\/#\/schema\/person\/2d4068cb2f39cd10008c2fce578a7356"},"headline":"El personal de tierra de Iberia en El Prat vuelve a la huelga este viernes y s\u00e1bado","datePublished":"2019-08-29T17:21:44+00:00","dateModified":"2019-08-29T17:21:45+00:00","mainEntityOfPage":{"@id":"https:\/\/super-news.info\/es\/el-personal-de-tierra-de-iberia-en-el-prat-vuelve-a-la-huelga-este-viernes-y-sabado\/"},"wordCount":668,"commentCount":0,"image":{"@id":"https:\/\/super-news.info\/es\/el-personal-de-tierra-de-iberia-en-el-prat-vuelve-a-la-huelga-este-viernes-y-sabado\/#primaryimage"},"thumbnailUrl":"https:\/\/super-news.info\/es\/wp-content\/uploads\/sites\/4\/2019\/08\/El-personal-de-tierra-de-Iberia-en-El-Prat-vuelve.jpg","articleSection":["NOTICIAS FINANCIERAS"],"inLanguage":"en-US","potentialAction":[{"@type":"CommentAction","name":"Comment","target":["https:\/\/super-news.info\/es\/el-personal-de-tierra-de-iberia-en-el-prat-vuelve-a-la-huelga-este-viernes-y-sabado\/#respond"]}]},{"@type":"WebPage","@id":"https:\/\/super-news.info\/es\/el-personal-de-tierra-de-iberia-en-el-prat-vuelve-a-la-huelga-este-viernes-y-sabado\/","url":"https:\/\/super-news.info\/es\/el-personal-de-tierra-de-iberia-en-el-prat-vuelve-a-la-huelga-este-viernes-y-sabado\/","name":"El personal de tierra de Iberia en El Prat vuelve a la huelga este viernes y s\u00e1bado - Super News","isPartOf":{"@id":"https:\/\/super-news.info\/es\/#website"},"primaryImageOfPage":{"@id":"https:\/\/super-news.info\/es\/el-personal-de-tierra-de-iberia-en-el-prat-vuelve-a-la-huelga-este-viernes-y-sabado\/#primaryimage"},"image":{"@id":"https:\/\/super-news.info\/es\/el-personal-de-tierra-de-iberia-en-el-prat-vuelve-a-la-huelga-este-viernes-y-sabado\/#primaryimage"},"thumbnailUrl":"https:\/\/super-news.info\/es\/wp-content\/uploads\/sites\/4\/2019\/08\/El-personal-de-tierra-de-Iberia-en-El-Prat-vuelve.jpg","datePublished":"2019-08-29T17:21:44+00:00","dateModified":"2019-08-29T17:21:45+00:00","author":{"@id":"https:\/\/super-news.info\/es\/#\/schema\/person\/2d4068cb2f39cd10008c2fce578a7356"},"breadcrumb":{"@id":"https:\/\/super-news.info\/es\/el-personal-de-tierra-de-iberia-en-el-prat-vuelve-a-la-huelga-este-viernes-y-sabado\/#breadcrumb"},"inLanguage":"en-US","potentialAction":[{"@type":"ReadAction","target":["https:\/\/super-news.info\/es\/el-personal-de-tierra-de-iberia-en-el-prat-vuelve-a-la-huelga-este-viernes-y-sabado\/"]}]},{"@type":"ImageObject","inLanguage":"en-US","@id":"https:\/\/super-news.info\/es\/el-personal-de-tierra-de-iberia-en-el-prat-vuelve-a-la-huelga-este-viernes-y-sabado\/#primaryimage","url":"https:\/\/super-news.info\/es\/wp-content\/uploads\/sites\/4\/2019\/08\/El-personal-de-tierra-de-Iberia-en-El-Prat-vuelve.jpg","contentUrl":"https:\/\/super-news.info\/es\/wp-content\/uploads\/sites\/4\/2019\/08\/El-personal-de-tierra-de-Iberia-en-El-Prat-vuelve.jpg","width":120,"height":80,"caption":"El personal de tierra de Iberia en El Prat vuelve a la huelga este viernes y s\u00e1bado"},{"@type":"BreadcrumbList","@id":"https:\/\/super-news.info\/es\/el-personal-de-tierra-de-iberia-en-el-prat-vuelve-a-la-huelga-este-viernes-y-sabado\/#breadcrumb","itemListElement":[{"@type":"ListItem","position":1,"name":"\u0413\u043b\u0430\u0432\u043d\u0430\u044f \u0441\u0442\u0440\u0430\u043d\u0438\u0446\u0430","item":"https:\/\/super-news.info\/es\/"},{"@type":"ListItem","position":2,"name":"El personal de tierra de Iberia en El Prat vuelve a la huelga este viernes y s\u00e1bado"}]},{"@type":"WebSite","@id":"https:\/\/super-news.info\/es\/#website","url":"https:\/\/super-news.info\/es\/","name":"Super News","description":"Super News Espa\u00f1a","potentialAction":[{"@type":"SearchAction","target":{"@type":"EntryPoint","urlTemplate":"https:\/\/super-news.info\/es\/?s={search_term_string}"},"query-input":{"@type":"PropertyValueSpecification","valueRequired":true,"valueName":"search_term_string"}}],"inLanguage":"en-US"},{"@type":"Person","@id":"https:\/\/super-news.info\/es\/#\/schema\/person\/2d4068cb2f39cd10008c2fce578a7356","name":"super-news","image":{"@type":"ImageObject","inLanguage":"en-US","@id":"https:\/\/secure.gravatar.com\/avatar\/64ebac40b93f26a154f8a9b5b6fdccfc46f442b26b3dd6756dbff3bf9dc76fd7?s=96&d=mm&r=g","url":"https:\/\/secure.gravatar.com\/avatar\/64ebac40b93f26a154f8a9b5b6fdccfc46f442b26b3dd6756dbff3bf9dc76fd7?s=96&d=mm&r=g","contentUrl":"https:\/\/secure.gravatar.com\/avatar\/64ebac40b93f26a154f8a9b5b6fdccfc46f442b26b3dd6756dbff3bf9dc76fd7?s=96&d=mm&r=g","caption":"super-news"},"url":"https:\/\/super-news.info\/es\/author\/pt\/"}]}},"_links":{"self":[{"href":"https:\/\/super-news.info\/es\/wp-json\/wp\/v2\/posts\/9865","targetHints":{"allow":["GET"]}}],"collection":[{"href":"https:\/\/super-news.info\/es\/wp-json\/wp\/v2\/posts"}],"about":[{"href":"https:\/\/super-news.info\/es\/wp-json\/wp\/v2\/types\/post"}],"author":[{"embeddable":true,"href":"https:\/\/super-news.info\/es\/wp-json\/wp\/v2\/users\/2"}],"replies":[{"embeddable":true,"href":"https:\/\/super-news.info\/es\/wp-json\/wp\/v2\/comments?post=9865"}],"version-history":[{"count":1,"href":"https:\/\/super-news.info\/es\/wp-json\/wp\/v2\/posts\/9865\/revisions"}],"predecessor-version":[{"id":9867,"href":"https:\/\/super-news.info\/es\/wp-json\/wp\/v2\/posts\/9865\/revisions\/9867"}],"wp:featuredmedia":[{"embeddable":true,"href":"https:\/\/super-news.info\/es\/wp-json\/wp\/v2\/media\/9866"}],"wp:attachment":[{"href":"https:\/\/super-news.info\/es\/wp-json\/wp\/v2\/media?parent=9865"}],"wp:term":[{"taxonomy":"category","embeddable":true,"href":"https:\/\/super-news.info\/es\/wp-json\/wp\/v2\/categories?post=9865"},{"taxonomy":"post_tag","embeddable":true,"href":"https:\/\/super-news.info\/es\/wp-json\/wp\/v2\/tags?post=9865"}],"curies":[{"name":"wp","href":"https:\/\/api.w.org\/{rel}","templated":true}]}}