{"id":9856,"date":"2019-08-29T18:07:46","date_gmt":"2019-08-29T15:07:46","guid":{"rendered":"https:\/\/super-news.info\/es\/la-inflacion-de-alemania-se-modera-en-agosto-y-alienta-la-intervencion-del-bce\/"},"modified":"2019-08-29T18:07:47","modified_gmt":"2019-08-29T15:07:47","slug":"la-inflacion-de-alemania-se-modera-en-agosto-y-alienta-la-intervencion-del-bce","status":"publish","type":"post","link":"https:\/\/super-news.info\/es\/la-inflacion-de-alemania-se-modera-en-agosto-y-alienta-la-intervencion-del-bce\/","title":{"rendered":"La inflaci\u00f3n de Alemania se modera en agosto y alienta la intervenci\u00f3n del BCE"},"content":{"rendered":"<p> [ad_1]<\/p>\n<div id=\"CuerpoNoticiav2\" itemprop=\"articleBody\">\n<p>WIESBADEN (ALEMANIA), 29 Ago. (EUROPA PRESS) &#8211; <\/p>\n<p itemprop=\"description\">   La tasa de inflaci\u00f3n interanual de Alemania se ha situado en agosto en el 1,4%, tres d\u00e9cimas por debajo del nivel registrado el mes anterior, seg\u00fan el dato preliminar publicado por la Oficina Federal de Estad\u00edstica (Destatis).<\/p>\n<p>   El precio de la energ\u00eda se ha encarecido un 0,6% en agosto, muy por debajo del alza del 2,4% registrado en julio, mientras que los alimentos han subido un 2,7%, tras encarecerse un 2,1% el mes anterior. Por su parte, la subida de precios de los servicios ha sido del 1,6%, una d\u00e9cima m\u00e1s que el mes anterior.<\/p>\n<p>   Asimismo, la tasa de inflaci\u00f3n armonizada de Alemania, que sirve de referencia para Eurostat, se ha moderado en agosto al 1% desde el 1,1% de julio, lo que deja el camino expedito a una intervenci\u00f3n del Banco Central Europeo (BCE), que en su pr\u00f3xima reuni\u00f3n de septiembre podr\u00eda anunciar un nuevo paquete de est\u00edmulos.<\/p>\n<p>    &#8220;Aunque se trata de buenas noticias para los consumidores, la baja inflaci\u00f3n, combinada con las perspectivas de estancamiento de la econom\u00eda en el mejor de los casos, refuerza el caso para nuevos est\u00edmulos monetarios por parte del BCE&#8221;, ha se\u00f1alado el analista de ING Alemania, Carsten Brzeski.<\/p>\n<p>   &#8220;Pensamos que el BCE no quiere esperar a que la econom\u00eda de la zona euro vuelva a verse atrapada en una posible espiral deflacionista, sino que realizar\u00e1 un ataque preventivo&#8221;, ha apuntado.<\/p>\n<p>   En este sentido, desde ING Alemania anticipan que este nuevo paquete de est\u00edmulos incluir\u00e1 un recorte de 20 puntos b\u00e1sicos de la tasa de dep\u00f3sito, as\u00ed como un mecanismo por tramos para mitigar el impacto de los tipos negativos en la banca, adem\u00e1s de la reactivaci\u00f3n del programa de compra de activos a un ritmo de 30.000 millones de euros al mes.<\/p>\n<\/div>\n<p>[ad_2]<br \/>\n<br \/><a href=\"https:\/\/www.europapress.es\/economia\/macroeconomia-00338\/noticia-inflacion-alemania-modera-agosto-alienta-intervencion-bce-20190829163442.html\">Source link <\/a><\/p>\n","protected":false},"excerpt":{"rendered":"<p>[ad_1] WIESBADEN (ALEMANIA), 29 Ago. (EUROPA PRESS) &#8211; La tasa de inflaci\u00f3n interanual de Alemania se ha situado en agosto en el 1,4%, tres d\u00e9cimas por debajo del nivel registrado el mes anterior, seg\u00fan el dato preliminar publicado por la Oficina Federal de Estad\u00edstica (Destatis). El precio de la energ\u00eda se ha encarecido un 0,6% [&hellip;]<\/p>\n","protected":false},"author":2,"featured_media":9857,"comment_status":"open","ping_status":"open","sticky":false,"template":"","format":"standard","meta":{"footnotes":""},"categories":[1],"tags":[],"class_list":["post-9856","post","type-post","status-publish","format-standard","has-post-thumbnail","hentry","category-noticias-financieras"],"yoast_head":"<!-- This site is optimized with the Yoast SEO plugin v27.4 - https:\/\/yoast.com\/product\/yoast-seo-wordpress\/ -->\n<title>La inflaci\u00f3n de Alemania se modera en agosto y alienta la intervenci\u00f3n del BCE - Super News<\/title>\n<meta name=\"robots\" content=\"index, follow, max-snippet:-1, max-image-preview:large, max-video-preview:-1\" \/>\n<link rel=\"canonical\" href=\"https:\/\/super-news.info\/es\/la-inflacion-de-alemania-se-modera-en-agosto-y-alienta-la-intervencion-del-bce\/\" \/>\n<meta property=\"og:locale\" content=\"en_US\" \/>\n<meta property=\"og:type\" content=\"article\" \/>\n<meta property=\"og:title\" content=\"La inflaci\u00f3n de Alemania se modera en agosto y alienta la intervenci\u00f3n del BCE - Super News\" \/>\n<meta property=\"og:description\" content=\"[ad_1] WIESBADEN (ALEMANIA), 29 Ago. (EUROPA PRESS) &#8211; La tasa de inflaci\u00f3n interanual de Alemania se ha situado en agosto en el 1,4%, tres d\u00e9cimas por debajo del nivel registrado el mes anterior, seg\u00fan el dato preliminar publicado por la Oficina Federal de Estad\u00edstica (Destatis). El precio de la energ\u00eda se ha encarecido un 0,6% [&hellip;]\" \/>\n<meta property=\"og:url\" content=\"https:\/\/super-news.info\/es\/la-inflacion-de-alemania-se-modera-en-agosto-y-alienta-la-intervencion-del-bce\/\" \/>\n<meta property=\"og:site_name\" content=\"Super News\" \/>\n<meta property=\"article:published_time\" content=\"2019-08-29T15:07:46+00:00\" \/>\n<meta property=\"article:modified_time\" content=\"2019-08-29T15:07:47+00:00\" \/>\n<meta property=\"og:image\" content=\"https:\/\/super-news.info\/es\/wp-content\/uploads\/sites\/4\/2019\/08\/La-inflaci-n-de-Alemania-se-modera-en-agosto-y-alienta.jpg\" \/>\n\t<meta property=\"og:image:width\" content=\"120\" \/>\n\t<meta property=\"og:image:height\" content=\"80\" \/>\n\t<meta property=\"og:image:type\" content=\"image\/jpeg\" \/>\n<meta name=\"author\" content=\"super-news\" \/>\n<meta name=\"twitter:card\" content=\"summary_large_image\" \/>\n<meta name=\"twitter:label1\" content=\"Written by\" \/>\n\t<meta name=\"twitter:data1\" content=\"super-news\" \/>\n\t<meta name=\"twitter:label2\" content=\"Est. reading time\" \/>\n\t<meta name=\"twitter:data2\" content=\"2 minutes\" \/>\n<script type=\"application\/ld+json\" class=\"yoast-schema-graph\">{\"@context\":\"https:\\\/\\\/schema.org\",\"@graph\":[{\"@type\":\"Article\",\"@id\":\"https:\\\/\\\/super-news.info\\\/es\\\/la-inflacion-de-alemania-se-modera-en-agosto-y-alienta-la-intervencion-del-bce\\\/#article\",\"isPartOf\":{\"@id\":\"https:\\\/\\\/super-news.info\\\/es\\\/la-inflacion-de-alemania-se-modera-en-agosto-y-alienta-la-intervencion-del-bce\\\/\"},\"author\":{\"name\":\"super-news\",\"@id\":\"https:\\\/\\\/super-news.info\\\/es\\\/#\\\/schema\\\/person\\\/2d4068cb2f39cd10008c2fce578a7356\"},\"headline\":\"La inflaci\u00f3n de Alemania se modera en agosto y alienta la intervenci\u00f3n del BCE\",\"datePublished\":\"2019-08-29T15:07:46+00:00\",\"dateModified\":\"2019-08-29T15:07:47+00:00\",\"mainEntityOfPage\":{\"@id\":\"https:\\\/\\\/super-news.info\\\/es\\\/la-inflacion-de-alemania-se-modera-en-agosto-y-alienta-la-intervencion-del-bce\\\/\"},\"wordCount\":329,\"commentCount\":0,\"image\":{\"@id\":\"https:\\\/\\\/super-news.info\\\/es\\\/la-inflacion-de-alemania-se-modera-en-agosto-y-alienta-la-intervencion-del-bce\\\/#primaryimage\"},\"thumbnailUrl\":\"https:\\\/\\\/super-news.info\\\/es\\\/wp-content\\\/uploads\\\/sites\\\/4\\\/2019\\\/08\\\/La-inflaci-n-de-Alemania-se-modera-en-agosto-y-alienta.jpg\",\"articleSection\":[\"NOTICIAS FINANCIERAS\"],\"inLanguage\":\"en-US\",\"potentialAction\":[{\"@type\":\"CommentAction\",\"name\":\"Comment\",\"target\":[\"https:\\\/\\\/super-news.info\\\/es\\\/la-inflacion-de-alemania-se-modera-en-agosto-y-alienta-la-intervencion-del-bce\\\/#respond\"]}]},{\"@type\":\"WebPage\",\"@id\":\"https:\\\/\\\/super-news.info\\\/es\\\/la-inflacion-de-alemania-se-modera-en-agosto-y-alienta-la-intervencion-del-bce\\\/\",\"url\":\"https:\\\/\\\/super-news.info\\\/es\\\/la-inflacion-de-alemania-se-modera-en-agosto-y-alienta-la-intervencion-del-bce\\\/\",\"name\":\"La inflaci\u00f3n de Alemania se modera en agosto y alienta la intervenci\u00f3n del BCE - Super News\",\"isPartOf\":{\"@id\":\"https:\\\/\\\/super-news.info\\\/es\\\/#website\"},\"primaryImageOfPage\":{\"@id\":\"https:\\\/\\\/super-news.info\\\/es\\\/la-inflacion-de-alemania-se-modera-en-agosto-y-alienta-la-intervencion-del-bce\\\/#primaryimage\"},\"image\":{\"@id\":\"https:\\\/\\\/super-news.info\\\/es\\\/la-inflacion-de-alemania-se-modera-en-agosto-y-alienta-la-intervencion-del-bce\\\/#primaryimage\"},\"thumbnailUrl\":\"https:\\\/\\\/super-news.info\\\/es\\\/wp-content\\\/uploads\\\/sites\\\/4\\\/2019\\\/08\\\/La-inflaci-n-de-Alemania-se-modera-en-agosto-y-alienta.jpg\",\"datePublished\":\"2019-08-29T15:07:46+00:00\",\"dateModified\":\"2019-08-29T15:07:47+00:00\",\"author\":{\"@id\":\"https:\\\/\\\/super-news.info\\\/es\\\/#\\\/schema\\\/person\\\/2d4068cb2f39cd10008c2fce578a7356\"},\"breadcrumb\":{\"@id\":\"https:\\\/\\\/super-news.info\\\/es\\\/la-inflacion-de-alemania-se-modera-en-agosto-y-alienta-la-intervencion-del-bce\\\/#breadcrumb\"},\"inLanguage\":\"en-US\",\"potentialAction\":[{\"@type\":\"ReadAction\",\"target\":[\"https:\\\/\\\/super-news.info\\\/es\\\/la-inflacion-de-alemania-se-modera-en-agosto-y-alienta-la-intervencion-del-bce\\\/\"]}]},{\"@type\":\"ImageObject\",\"inLanguage\":\"en-US\",\"@id\":\"https:\\\/\\\/super-news.info\\\/es\\\/la-inflacion-de-alemania-se-modera-en-agosto-y-alienta-la-intervencion-del-bce\\\/#primaryimage\",\"url\":\"https:\\\/\\\/super-news.info\\\/es\\\/wp-content\\\/uploads\\\/sites\\\/4\\\/2019\\\/08\\\/La-inflaci-n-de-Alemania-se-modera-en-agosto-y-alienta.jpg\",\"contentUrl\":\"https:\\\/\\\/super-news.info\\\/es\\\/wp-content\\\/uploads\\\/sites\\\/4\\\/2019\\\/08\\\/La-inflaci-n-de-Alemania-se-modera-en-agosto-y-alienta.jpg\",\"width\":120,\"height\":80,\"caption\":\"La inflaci\u00f3n de Alemania se modera en agosto y alienta la intervenci\u00f3n del BCE\"},{\"@type\":\"BreadcrumbList\",\"@id\":\"https:\\\/\\\/super-news.info\\\/es\\\/la-inflacion-de-alemania-se-modera-en-agosto-y-alienta-la-intervencion-del-bce\\\/#breadcrumb\",\"itemListElement\":[{\"@type\":\"ListItem\",\"position\":1,\"name\":\"\u0413\u043b\u0430\u0432\u043d\u0430\u044f \u0441\u0442\u0440\u0430\u043d\u0438\u0446\u0430\",\"item\":\"https:\\\/\\\/super-news.info\\\/es\\\/\"},{\"@type\":\"ListItem\",\"position\":2,\"name\":\"La inflaci\u00f3n de Alemania se modera en agosto y alienta la intervenci\u00f3n del BCE\"}]},{\"@type\":\"WebSite\",\"@id\":\"https:\\\/\\\/super-news.info\\\/es\\\/#website\",\"url\":\"https:\\\/\\\/super-news.info\\\/es\\\/\",\"name\":\"Super News\",\"description\":\"Super News Espa\u00f1a\",\"potentialAction\":[{\"@type\":\"SearchAction\",\"target\":{\"@type\":\"EntryPoint\",\"urlTemplate\":\"https:\\\/\\\/super-news.info\\\/es\\\/?s={search_term_string}\"},\"query-input\":{\"@type\":\"PropertyValueSpecification\",\"valueRequired\":true,\"valueName\":\"search_term_string\"}}],\"inLanguage\":\"en-US\"},{\"@type\":\"Person\",\"@id\":\"https:\\\/\\\/super-news.info\\\/es\\\/#\\\/schema\\\/person\\\/2d4068cb2f39cd10008c2fce578a7356\",\"name\":\"super-news\",\"image\":{\"@type\":\"ImageObject\",\"inLanguage\":\"en-US\",\"@id\":\"https:\\\/\\\/secure.gravatar.com\\\/avatar\\\/64ebac40b93f26a154f8a9b5b6fdccfc46f442b26b3dd6756dbff3bf9dc76fd7?s=96&d=mm&r=g\",\"url\":\"https:\\\/\\\/secure.gravatar.com\\\/avatar\\\/64ebac40b93f26a154f8a9b5b6fdccfc46f442b26b3dd6756dbff3bf9dc76fd7?s=96&d=mm&r=g\",\"contentUrl\":\"https:\\\/\\\/secure.gravatar.com\\\/avatar\\\/64ebac40b93f26a154f8a9b5b6fdccfc46f442b26b3dd6756dbff3bf9dc76fd7?s=96&d=mm&r=g\",\"caption\":\"super-news\"},\"url\":\"https:\\\/\\\/super-news.info\\\/es\\\/author\\\/pt\\\/\"}]}<\/script>\n<!-- \/ Yoast SEO plugin. -->","yoast_head_json":{"title":"La inflaci\u00f3n de Alemania se modera en agosto y alienta la intervenci\u00f3n del BCE - Super News","robots":{"index":"index","follow":"follow","max-snippet":"max-snippet:-1","max-image-preview":"max-image-preview:large","max-video-preview":"max-video-preview:-1"},"canonical":"https:\/\/super-news.info\/es\/la-inflacion-de-alemania-se-modera-en-agosto-y-alienta-la-intervencion-del-bce\/","og_locale":"en_US","og_type":"article","og_title":"La inflaci\u00f3n de Alemania se modera en agosto y alienta la intervenci\u00f3n del BCE - Super News","og_description":"[ad_1] WIESBADEN (ALEMANIA), 29 Ago. (EUROPA PRESS) &#8211; La tasa de inflaci\u00f3n interanual de Alemania se ha situado en agosto en el 1,4%, tres d\u00e9cimas por debajo del nivel registrado el mes anterior, seg\u00fan el dato preliminar publicado por la Oficina Federal de Estad\u00edstica (Destatis). El precio de la energ\u00eda se ha encarecido un 0,6% [&hellip;]","og_url":"https:\/\/super-news.info\/es\/la-inflacion-de-alemania-se-modera-en-agosto-y-alienta-la-intervencion-del-bce\/","og_site_name":"Super News","article_published_time":"2019-08-29T15:07:46+00:00","article_modified_time":"2019-08-29T15:07:47+00:00","og_image":[{"width":120,"height":80,"url":"https:\/\/super-news.info\/es\/wp-content\/uploads\/sites\/4\/2019\/08\/La-inflaci-n-de-Alemania-se-modera-en-agosto-y-alienta.jpg","type":"image\/jpeg"}],"author":"super-news","twitter_card":"summary_large_image","twitter_misc":{"Written by":"super-news","Est. reading time":"2 minutes"},"schema":{"@context":"https:\/\/schema.org","@graph":[{"@type":"Article","@id":"https:\/\/super-news.info\/es\/la-inflacion-de-alemania-se-modera-en-agosto-y-alienta-la-intervencion-del-bce\/#article","isPartOf":{"@id":"https:\/\/super-news.info\/es\/la-inflacion-de-alemania-se-modera-en-agosto-y-alienta-la-intervencion-del-bce\/"},"author":{"name":"super-news","@id":"https:\/\/super-news.info\/es\/#\/schema\/person\/2d4068cb2f39cd10008c2fce578a7356"},"headline":"La inflaci\u00f3n de Alemania se modera en agosto y alienta la intervenci\u00f3n del BCE","datePublished":"2019-08-29T15:07:46+00:00","dateModified":"2019-08-29T15:07:47+00:00","mainEntityOfPage":{"@id":"https:\/\/super-news.info\/es\/la-inflacion-de-alemania-se-modera-en-agosto-y-alienta-la-intervencion-del-bce\/"},"wordCount":329,"commentCount":0,"image":{"@id":"https:\/\/super-news.info\/es\/la-inflacion-de-alemania-se-modera-en-agosto-y-alienta-la-intervencion-del-bce\/#primaryimage"},"thumbnailUrl":"https:\/\/super-news.info\/es\/wp-content\/uploads\/sites\/4\/2019\/08\/La-inflaci-n-de-Alemania-se-modera-en-agosto-y-alienta.jpg","articleSection":["NOTICIAS FINANCIERAS"],"inLanguage":"en-US","potentialAction":[{"@type":"CommentAction","name":"Comment","target":["https:\/\/super-news.info\/es\/la-inflacion-de-alemania-se-modera-en-agosto-y-alienta-la-intervencion-del-bce\/#respond"]}]},{"@type":"WebPage","@id":"https:\/\/super-news.info\/es\/la-inflacion-de-alemania-se-modera-en-agosto-y-alienta-la-intervencion-del-bce\/","url":"https:\/\/super-news.info\/es\/la-inflacion-de-alemania-se-modera-en-agosto-y-alienta-la-intervencion-del-bce\/","name":"La inflaci\u00f3n de Alemania se modera en agosto y alienta la intervenci\u00f3n del BCE - Super News","isPartOf":{"@id":"https:\/\/super-news.info\/es\/#website"},"primaryImageOfPage":{"@id":"https:\/\/super-news.info\/es\/la-inflacion-de-alemania-se-modera-en-agosto-y-alienta-la-intervencion-del-bce\/#primaryimage"},"image":{"@id":"https:\/\/super-news.info\/es\/la-inflacion-de-alemania-se-modera-en-agosto-y-alienta-la-intervencion-del-bce\/#primaryimage"},"thumbnailUrl":"https:\/\/super-news.info\/es\/wp-content\/uploads\/sites\/4\/2019\/08\/La-inflaci-n-de-Alemania-se-modera-en-agosto-y-alienta.jpg","datePublished":"2019-08-29T15:07:46+00:00","dateModified":"2019-08-29T15:07:47+00:00","author":{"@id":"https:\/\/super-news.info\/es\/#\/schema\/person\/2d4068cb2f39cd10008c2fce578a7356"},"breadcrumb":{"@id":"https:\/\/super-news.info\/es\/la-inflacion-de-alemania-se-modera-en-agosto-y-alienta-la-intervencion-del-bce\/#breadcrumb"},"inLanguage":"en-US","potentialAction":[{"@type":"ReadAction","target":["https:\/\/super-news.info\/es\/la-inflacion-de-alemania-se-modera-en-agosto-y-alienta-la-intervencion-del-bce\/"]}]},{"@type":"ImageObject","inLanguage":"en-US","@id":"https:\/\/super-news.info\/es\/la-inflacion-de-alemania-se-modera-en-agosto-y-alienta-la-intervencion-del-bce\/#primaryimage","url":"https:\/\/super-news.info\/es\/wp-content\/uploads\/sites\/4\/2019\/08\/La-inflaci-n-de-Alemania-se-modera-en-agosto-y-alienta.jpg","contentUrl":"https:\/\/super-news.info\/es\/wp-content\/uploads\/sites\/4\/2019\/08\/La-inflaci-n-de-Alemania-se-modera-en-agosto-y-alienta.jpg","width":120,"height":80,"caption":"La inflaci\u00f3n de Alemania se modera en agosto y alienta la intervenci\u00f3n del BCE"},{"@type":"BreadcrumbList","@id":"https:\/\/super-news.info\/es\/la-inflacion-de-alemania-se-modera-en-agosto-y-alienta-la-intervencion-del-bce\/#breadcrumb","itemListElement":[{"@type":"ListItem","position":1,"name":"\u0413\u043b\u0430\u0432\u043d\u0430\u044f \u0441\u0442\u0440\u0430\u043d\u0438\u0446\u0430","item":"https:\/\/super-news.info\/es\/"},{"@type":"ListItem","position":2,"name":"La inflaci\u00f3n de Alemania se modera en agosto y alienta la intervenci\u00f3n del BCE"}]},{"@type":"WebSite","@id":"https:\/\/super-news.info\/es\/#website","url":"https:\/\/super-news.info\/es\/","name":"Super News","description":"Super News Espa\u00f1a","potentialAction":[{"@type":"SearchAction","target":{"@type":"EntryPoint","urlTemplate":"https:\/\/super-news.info\/es\/?s={search_term_string}"},"query-input":{"@type":"PropertyValueSpecification","valueRequired":true,"valueName":"search_term_string"}}],"inLanguage":"en-US"},{"@type":"Person","@id":"https:\/\/super-news.info\/es\/#\/schema\/person\/2d4068cb2f39cd10008c2fce578a7356","name":"super-news","image":{"@type":"ImageObject","inLanguage":"en-US","@id":"https:\/\/secure.gravatar.com\/avatar\/64ebac40b93f26a154f8a9b5b6fdccfc46f442b26b3dd6756dbff3bf9dc76fd7?s=96&d=mm&r=g","url":"https:\/\/secure.gravatar.com\/avatar\/64ebac40b93f26a154f8a9b5b6fdccfc46f442b26b3dd6756dbff3bf9dc76fd7?s=96&d=mm&r=g","contentUrl":"https:\/\/secure.gravatar.com\/avatar\/64ebac40b93f26a154f8a9b5b6fdccfc46f442b26b3dd6756dbff3bf9dc76fd7?s=96&d=mm&r=g","caption":"super-news"},"url":"https:\/\/super-news.info\/es\/author\/pt\/"}]}},"_links":{"self":[{"href":"https:\/\/super-news.info\/es\/wp-json\/wp\/v2\/posts\/9856","targetHints":{"allow":["GET"]}}],"collection":[{"href":"https:\/\/super-news.info\/es\/wp-json\/wp\/v2\/posts"}],"about":[{"href":"https:\/\/super-news.info\/es\/wp-json\/wp\/v2\/types\/post"}],"author":[{"embeddable":true,"href":"https:\/\/super-news.info\/es\/wp-json\/wp\/v2\/users\/2"}],"replies":[{"embeddable":true,"href":"https:\/\/super-news.info\/es\/wp-json\/wp\/v2\/comments?post=9856"}],"version-history":[{"count":1,"href":"https:\/\/super-news.info\/es\/wp-json\/wp\/v2\/posts\/9856\/revisions"}],"predecessor-version":[{"id":9858,"href":"https:\/\/super-news.info\/es\/wp-json\/wp\/v2\/posts\/9856\/revisions\/9858"}],"wp:featuredmedia":[{"embeddable":true,"href":"https:\/\/super-news.info\/es\/wp-json\/wp\/v2\/media\/9857"}],"wp:attachment":[{"href":"https:\/\/super-news.info\/es\/wp-json\/wp\/v2\/media?parent=9856"}],"wp:term":[{"taxonomy":"category","embeddable":true,"href":"https:\/\/super-news.info\/es\/wp-json\/wp\/v2\/categories?post=9856"},{"taxonomy":"post_tag","embeddable":true,"href":"https:\/\/super-news.info\/es\/wp-json\/wp\/v2\/tags?post=9856"}],"curies":[{"name":"wp","href":"https:\/\/api.w.org\/{rel}","templated":true}]}}