{"id":9835,"date":"2019-08-29T13:39:21","date_gmt":"2019-08-29T10:39:21","guid":{"rendered":"https:\/\/super-news.info\/es\/renfe-cancela-unos-360-trenes-este-fin-de-semana-de-operacion-retorno-ante-los-paros-de-cgt\/"},"modified":"2019-08-29T13:39:22","modified_gmt":"2019-08-29T10:39:22","slug":"renfe-cancela-unos-360-trenes-este-fin-de-semana-de-operacion-retorno-ante-los-paros-de-cgt","status":"publish","type":"post","link":"https:\/\/super-news.info\/es\/renfe-cancela-unos-360-trenes-este-fin-de-semana-de-operacion-retorno-ante-los-paros-de-cgt\/","title":{"rendered":"Renfe cancela unos 360 trenes este fin de semana de &#8216;operaci\u00f3n retorno&#8217; ante los paros de CGT"},"content":{"rendered":"<p> [ad_1]<\/p>\n<div id=\"CuerpoNoticiav2\" itemprop=\"articleBody\">\n<h3 class=\"subsubhead\">Este sindicato tiene convocados paros parciales para este viernes 30 de agosto y el domingo 1 de septiembre<\/h3>\n<p>   MADRID, 29 Ago. (EUROPA PRESS) &#8211; <\/p>\n<p itemprop=\"description\">   Renfe cancelar\u00e1 unos 360 trenes de viajeros este fin de semana ante los paros parciales que CGT tiene convocados en la compa\u00f1\u00eda ferroviaria para este viernes 30 de agosto y el domingo 1 de septiembre, fechas que coinciden as\u00ed con la &#8216;operaci\u00f3n retorno&#8217; de las vacaciones de verano.<\/p>\n<p>   Se trata de las dos \u00faltimas jornadas del calendario de paros parciales que CGT ha llevado a cabo en Renfe este verano, que implican dos paros diarios, de cuatro horas cada uno, que tienen lugar entre las 12.00 y las 16.00 horas, y entre las 20.00 y las 24.00 horas.<\/p>\n<p>   No obstante, esta convocatoria obliga al Ministerio de Fomento a decretar servicios m\u00ednimos para garantizar la movilidad de los viajeros y a Renfe a cancelar los trenes que no forman parte de los mismos, que garantizan las circulaciones del 78% de los trenes AVE y Alta Velocidad habituales y el 65% de los de Media Distancia.<\/p>\n<p>   Del total de 360 trenes no incluidos en estos servicios m\u00ednimos y que se anulan este viernes y este domingo, 118 de ellos ser\u00e1n de AVE y de Larga Distancia y los 242 restantes de Media Distancia.<\/p>\n<p>   Por d\u00edas, este viernes, Renfe tendr\u00e1 que cancelar sesenta trenes AVE y de Larga Distancia, y otros 128 regionales.<\/p>\n<p>   En el caso del domingo 1 de septiembre, la convocatoria de paros lleva a anular la circulaci\u00f3n de 172 trenes, 58 de AVE y de Larga Distancia y otros 114 regionales.<\/p>\n<p>   Renfe procurar\u00e1 recolocar a los viajeros de los trenes cancelados en otras circulaciones, siempre que sea posible. Tambi\u00e9n da la oportunidad de cambiar la fecha de viaje o devolver el billete.<\/p>\n<p>   Respecto al servicios de Cercan\u00edas que Renfe presta en una docena de ciudades, entre ellas Madrid y Barcelona, los servicios m\u00ednimos cubren el 50% del servicio, que se eleva al 75% en &#8216;horas punta&#8217;. En cuanto a los trenes de Mercanc\u00edas, tienen la circulaci\u00f3n garantizada el 34% de los habituales.<\/p>\n<h2 class=\"ladillo\">D\u00cdA DE &#8220;EXCEPCIONAL MOVIMIENTO DE PASAJEROS&#8221;.<\/h2>\n<p>   En su resoluci\u00f3n de servicios m\u00ednimos, el Ministerio atribuye el porcentaje de servicios m\u00ednimos fijados al hecho de que los paros se convocan en d\u00edas de &#8220;excepcional movimiento de viajeros&#8221;.<\/p>\n<p>   Adem\u00e1s, en el caso del viernes, coinciden &#8220;la movilidad propia de d\u00edas laborales con la operaci\u00f3n retorno vacacional, afectando, por tanto, a todos los tipos de trenes&#8221;, argumenta Fomento.<\/p>\n<p>   &#8220;De no determinarse servicios m\u00ednimos, el ejercicio del derecho a la huelga originar\u00eda un da\u00f1o superior e innecesario para los ciudadanos&#8221;, concluye el Ministerio, que alerta del colapso en carreteras de acceso a las grandes capitales en caso de restringir el servicio de Cercan\u00edas o del perjuicio que se causar\u00eda al &#8220;excepcional n\u00famero de viajeros que ha reservado con gran antelaci\u00f3n billetes para estas fechas.<\/p>\n<p>   Con sus paros, continuaci\u00f3n de los del 31 de julio y el 14 de agosto, CGT pretende reclamar un aumento de la plantilla de Renfe.<\/p>\n<p>   Tambi\u00e9n denuncia la &#8220;imposibilidad&#8221; de cumplir el &#8220;esp\u00edritu&#8221; de la reducci\u00f3n de la jornada laboral semanal a 37,5 horas por la decisi\u00f3n de la empresa de aplicarla diariamente, con una disminuci\u00f3n de 17 minutos del tiempo de trabajo de cada d\u00eda, en vez de forma acumulada sumando d\u00edas libres.<\/p>\n<\/div>\n<p>[ad_2]<br \/>\n<br \/><a href=\"https:\/\/www.europapress.es\/economia\/noticia-renfe-cancela-360-trenes-fin-semana-operacion-retorno-paros-cgt-20190829120337.html\">Source link <\/a><\/p>\n","protected":false},"excerpt":{"rendered":"<p>[ad_1] Este sindicato tiene convocados paros parciales para este viernes 30 de agosto y el domingo 1 de septiembre MADRID, 29 Ago. (EUROPA PRESS) &#8211; Renfe cancelar\u00e1 unos 360 trenes de viajeros este fin de semana ante los paros parciales que CGT tiene convocados en la compa\u00f1\u00eda ferroviaria para este viernes 30 de agosto y [&hellip;]<\/p>\n","protected":false},"author":2,"featured_media":9836,"comment_status":"open","ping_status":"open","sticky":false,"template":"","format":"standard","meta":{"footnotes":""},"categories":[1],"tags":[],"class_list":["post-9835","post","type-post","status-publish","format-standard","has-post-thumbnail","hentry","category-noticias-financieras"],"yoast_head":"<!-- This site is optimized with the Yoast SEO plugin v27.4 - https:\/\/yoast.com\/product\/yoast-seo-wordpress\/ -->\n<title>Renfe cancela unos 360 trenes este fin de semana de &#039;operaci\u00f3n retorno&#039; ante los paros de CGT - Super News<\/title>\n<meta name=\"robots\" content=\"index, follow, max-snippet:-1, max-image-preview:large, max-video-preview:-1\" \/>\n<link rel=\"canonical\" href=\"https:\/\/super-news.info\/es\/renfe-cancela-unos-360-trenes-este-fin-de-semana-de-operacion-retorno-ante-los-paros-de-cgt\/\" \/>\n<meta property=\"og:locale\" content=\"en_US\" \/>\n<meta property=\"og:type\" content=\"article\" \/>\n<meta property=\"og:title\" content=\"Renfe cancela unos 360 trenes este fin de semana de &#039;operaci\u00f3n retorno&#039; ante los paros de CGT - Super News\" \/>\n<meta property=\"og:description\" content=\"[ad_1] Este sindicato tiene convocados paros parciales para este viernes 30 de agosto y el domingo 1 de septiembre MADRID, 29 Ago. (EUROPA PRESS) &#8211; Renfe cancelar\u00e1 unos 360 trenes de viajeros este fin de semana ante los paros parciales que CGT tiene convocados en la compa\u00f1\u00eda ferroviaria para este viernes 30 de agosto y [&hellip;]\" \/>\n<meta property=\"og:url\" content=\"https:\/\/super-news.info\/es\/renfe-cancela-unos-360-trenes-este-fin-de-semana-de-operacion-retorno-ante-los-paros-de-cgt\/\" \/>\n<meta property=\"og:site_name\" content=\"Super News\" \/>\n<meta property=\"article:published_time\" content=\"2019-08-29T10:39:21+00:00\" \/>\n<meta property=\"article:modified_time\" content=\"2019-08-29T10:39:22+00:00\" \/>\n<meta property=\"og:image\" content=\"https:\/\/super-news.info\/es\/wp-content\/uploads\/sites\/4\/2019\/08\/Renfe-cancela-unos-360-trenes-este-fin-de-semana-de.jpg\" \/>\n\t<meta property=\"og:image:width\" content=\"120\" \/>\n\t<meta property=\"og:image:height\" content=\"81\" \/>\n\t<meta property=\"og:image:type\" content=\"image\/jpeg\" \/>\n<meta name=\"author\" content=\"super-news\" \/>\n<meta name=\"twitter:card\" content=\"summary_large_image\" \/>\n<meta name=\"twitter:label1\" content=\"Written by\" \/>\n\t<meta name=\"twitter:data1\" content=\"super-news\" \/>\n\t<meta name=\"twitter:label2\" content=\"Est. reading time\" \/>\n\t<meta name=\"twitter:data2\" content=\"3 minutes\" \/>\n<script type=\"application\/ld+json\" class=\"yoast-schema-graph\">{\"@context\":\"https:\\\/\\\/schema.org\",\"@graph\":[{\"@type\":\"Article\",\"@id\":\"https:\\\/\\\/super-news.info\\\/es\\\/renfe-cancela-unos-360-trenes-este-fin-de-semana-de-operacion-retorno-ante-los-paros-de-cgt\\\/#article\",\"isPartOf\":{\"@id\":\"https:\\\/\\\/super-news.info\\\/es\\\/renfe-cancela-unos-360-trenes-este-fin-de-semana-de-operacion-retorno-ante-los-paros-de-cgt\\\/\"},\"author\":{\"name\":\"super-news\",\"@id\":\"https:\\\/\\\/super-news.info\\\/es\\\/#\\\/schema\\\/person\\\/2d4068cb2f39cd10008c2fce578a7356\"},\"headline\":\"Renfe cancela unos 360 trenes este fin de semana de &#8216;operaci\u00f3n retorno&#8217; ante los paros de CGT\",\"datePublished\":\"2019-08-29T10:39:21+00:00\",\"dateModified\":\"2019-08-29T10:39:22+00:00\",\"mainEntityOfPage\":{\"@id\":\"https:\\\/\\\/super-news.info\\\/es\\\/renfe-cancela-unos-360-trenes-este-fin-de-semana-de-operacion-retorno-ante-los-paros-de-cgt\\\/\"},\"wordCount\":579,\"commentCount\":0,\"image\":{\"@id\":\"https:\\\/\\\/super-news.info\\\/es\\\/renfe-cancela-unos-360-trenes-este-fin-de-semana-de-operacion-retorno-ante-los-paros-de-cgt\\\/#primaryimage\"},\"thumbnailUrl\":\"https:\\\/\\\/super-news.info\\\/es\\\/wp-content\\\/uploads\\\/sites\\\/4\\\/2019\\\/08\\\/Renfe-cancela-unos-360-trenes-este-fin-de-semana-de.jpg\",\"articleSection\":[\"NOTICIAS FINANCIERAS\"],\"inLanguage\":\"en-US\",\"potentialAction\":[{\"@type\":\"CommentAction\",\"name\":\"Comment\",\"target\":[\"https:\\\/\\\/super-news.info\\\/es\\\/renfe-cancela-unos-360-trenes-este-fin-de-semana-de-operacion-retorno-ante-los-paros-de-cgt\\\/#respond\"]}]},{\"@type\":\"WebPage\",\"@id\":\"https:\\\/\\\/super-news.info\\\/es\\\/renfe-cancela-unos-360-trenes-este-fin-de-semana-de-operacion-retorno-ante-los-paros-de-cgt\\\/\",\"url\":\"https:\\\/\\\/super-news.info\\\/es\\\/renfe-cancela-unos-360-trenes-este-fin-de-semana-de-operacion-retorno-ante-los-paros-de-cgt\\\/\",\"name\":\"Renfe cancela unos 360 trenes este fin de semana de 'operaci\u00f3n retorno' ante los paros de CGT - Super News\",\"isPartOf\":{\"@id\":\"https:\\\/\\\/super-news.info\\\/es\\\/#website\"},\"primaryImageOfPage\":{\"@id\":\"https:\\\/\\\/super-news.info\\\/es\\\/renfe-cancela-unos-360-trenes-este-fin-de-semana-de-operacion-retorno-ante-los-paros-de-cgt\\\/#primaryimage\"},\"image\":{\"@id\":\"https:\\\/\\\/super-news.info\\\/es\\\/renfe-cancela-unos-360-trenes-este-fin-de-semana-de-operacion-retorno-ante-los-paros-de-cgt\\\/#primaryimage\"},\"thumbnailUrl\":\"https:\\\/\\\/super-news.info\\\/es\\\/wp-content\\\/uploads\\\/sites\\\/4\\\/2019\\\/08\\\/Renfe-cancela-unos-360-trenes-este-fin-de-semana-de.jpg\",\"datePublished\":\"2019-08-29T10:39:21+00:00\",\"dateModified\":\"2019-08-29T10:39:22+00:00\",\"author\":{\"@id\":\"https:\\\/\\\/super-news.info\\\/es\\\/#\\\/schema\\\/person\\\/2d4068cb2f39cd10008c2fce578a7356\"},\"breadcrumb\":{\"@id\":\"https:\\\/\\\/super-news.info\\\/es\\\/renfe-cancela-unos-360-trenes-este-fin-de-semana-de-operacion-retorno-ante-los-paros-de-cgt\\\/#breadcrumb\"},\"inLanguage\":\"en-US\",\"potentialAction\":[{\"@type\":\"ReadAction\",\"target\":[\"https:\\\/\\\/super-news.info\\\/es\\\/renfe-cancela-unos-360-trenes-este-fin-de-semana-de-operacion-retorno-ante-los-paros-de-cgt\\\/\"]}]},{\"@type\":\"ImageObject\",\"inLanguage\":\"en-US\",\"@id\":\"https:\\\/\\\/super-news.info\\\/es\\\/renfe-cancela-unos-360-trenes-este-fin-de-semana-de-operacion-retorno-ante-los-paros-de-cgt\\\/#primaryimage\",\"url\":\"https:\\\/\\\/super-news.info\\\/es\\\/wp-content\\\/uploads\\\/sites\\\/4\\\/2019\\\/08\\\/Renfe-cancela-unos-360-trenes-este-fin-de-semana-de.jpg\",\"contentUrl\":\"https:\\\/\\\/super-news.info\\\/es\\\/wp-content\\\/uploads\\\/sites\\\/4\\\/2019\\\/08\\\/Renfe-cancela-unos-360-trenes-este-fin-de-semana-de.jpg\",\"width\":120,\"height\":81,\"caption\":\"Renfe cancela unos 360 trenes este fin de semana de 'operaci\u00f3n retorno' ante los paros de CGT\"},{\"@type\":\"BreadcrumbList\",\"@id\":\"https:\\\/\\\/super-news.info\\\/es\\\/renfe-cancela-unos-360-trenes-este-fin-de-semana-de-operacion-retorno-ante-los-paros-de-cgt\\\/#breadcrumb\",\"itemListElement\":[{\"@type\":\"ListItem\",\"position\":1,\"name\":\"\u0413\u043b\u0430\u0432\u043d\u0430\u044f \u0441\u0442\u0440\u0430\u043d\u0438\u0446\u0430\",\"item\":\"https:\\\/\\\/super-news.info\\\/es\\\/\"},{\"@type\":\"ListItem\",\"position\":2,\"name\":\"Renfe cancela unos 360 trenes este fin de semana de &#8216;operaci\u00f3n retorno&#8217; ante los paros de CGT\"}]},{\"@type\":\"WebSite\",\"@id\":\"https:\\\/\\\/super-news.info\\\/es\\\/#website\",\"url\":\"https:\\\/\\\/super-news.info\\\/es\\\/\",\"name\":\"Super News\",\"description\":\"Super News Espa\u00f1a\",\"potentialAction\":[{\"@type\":\"SearchAction\",\"target\":{\"@type\":\"EntryPoint\",\"urlTemplate\":\"https:\\\/\\\/super-news.info\\\/es\\\/?s={search_term_string}\"},\"query-input\":{\"@type\":\"PropertyValueSpecification\",\"valueRequired\":true,\"valueName\":\"search_term_string\"}}],\"inLanguage\":\"en-US\"},{\"@type\":\"Person\",\"@id\":\"https:\\\/\\\/super-news.info\\\/es\\\/#\\\/schema\\\/person\\\/2d4068cb2f39cd10008c2fce578a7356\",\"name\":\"super-news\",\"image\":{\"@type\":\"ImageObject\",\"inLanguage\":\"en-US\",\"@id\":\"https:\\\/\\\/secure.gravatar.com\\\/avatar\\\/64ebac40b93f26a154f8a9b5b6fdccfc46f442b26b3dd6756dbff3bf9dc76fd7?s=96&d=mm&r=g\",\"url\":\"https:\\\/\\\/secure.gravatar.com\\\/avatar\\\/64ebac40b93f26a154f8a9b5b6fdccfc46f442b26b3dd6756dbff3bf9dc76fd7?s=96&d=mm&r=g\",\"contentUrl\":\"https:\\\/\\\/secure.gravatar.com\\\/avatar\\\/64ebac40b93f26a154f8a9b5b6fdccfc46f442b26b3dd6756dbff3bf9dc76fd7?s=96&d=mm&r=g\",\"caption\":\"super-news\"},\"url\":\"https:\\\/\\\/super-news.info\\\/es\\\/author\\\/pt\\\/\"}]}<\/script>\n<!-- \/ Yoast SEO plugin. -->","yoast_head_json":{"title":"Renfe cancela unos 360 trenes este fin de semana de 'operaci\u00f3n retorno' ante los paros de CGT - Super News","robots":{"index":"index","follow":"follow","max-snippet":"max-snippet:-1","max-image-preview":"max-image-preview:large","max-video-preview":"max-video-preview:-1"},"canonical":"https:\/\/super-news.info\/es\/renfe-cancela-unos-360-trenes-este-fin-de-semana-de-operacion-retorno-ante-los-paros-de-cgt\/","og_locale":"en_US","og_type":"article","og_title":"Renfe cancela unos 360 trenes este fin de semana de 'operaci\u00f3n retorno' ante los paros de CGT - Super News","og_description":"[ad_1] Este sindicato tiene convocados paros parciales para este viernes 30 de agosto y el domingo 1 de septiembre MADRID, 29 Ago. (EUROPA PRESS) &#8211; Renfe cancelar\u00e1 unos 360 trenes de viajeros este fin de semana ante los paros parciales que CGT tiene convocados en la compa\u00f1\u00eda ferroviaria para este viernes 30 de agosto y [&hellip;]","og_url":"https:\/\/super-news.info\/es\/renfe-cancela-unos-360-trenes-este-fin-de-semana-de-operacion-retorno-ante-los-paros-de-cgt\/","og_site_name":"Super News","article_published_time":"2019-08-29T10:39:21+00:00","article_modified_time":"2019-08-29T10:39:22+00:00","og_image":[{"width":120,"height":81,"url":"https:\/\/super-news.info\/es\/wp-content\/uploads\/sites\/4\/2019\/08\/Renfe-cancela-unos-360-trenes-este-fin-de-semana-de.jpg","type":"image\/jpeg"}],"author":"super-news","twitter_card":"summary_large_image","twitter_misc":{"Written by":"super-news","Est. reading time":"3 minutes"},"schema":{"@context":"https:\/\/schema.org","@graph":[{"@type":"Article","@id":"https:\/\/super-news.info\/es\/renfe-cancela-unos-360-trenes-este-fin-de-semana-de-operacion-retorno-ante-los-paros-de-cgt\/#article","isPartOf":{"@id":"https:\/\/super-news.info\/es\/renfe-cancela-unos-360-trenes-este-fin-de-semana-de-operacion-retorno-ante-los-paros-de-cgt\/"},"author":{"name":"super-news","@id":"https:\/\/super-news.info\/es\/#\/schema\/person\/2d4068cb2f39cd10008c2fce578a7356"},"headline":"Renfe cancela unos 360 trenes este fin de semana de &#8216;operaci\u00f3n retorno&#8217; ante los paros de CGT","datePublished":"2019-08-29T10:39:21+00:00","dateModified":"2019-08-29T10:39:22+00:00","mainEntityOfPage":{"@id":"https:\/\/super-news.info\/es\/renfe-cancela-unos-360-trenes-este-fin-de-semana-de-operacion-retorno-ante-los-paros-de-cgt\/"},"wordCount":579,"commentCount":0,"image":{"@id":"https:\/\/super-news.info\/es\/renfe-cancela-unos-360-trenes-este-fin-de-semana-de-operacion-retorno-ante-los-paros-de-cgt\/#primaryimage"},"thumbnailUrl":"https:\/\/super-news.info\/es\/wp-content\/uploads\/sites\/4\/2019\/08\/Renfe-cancela-unos-360-trenes-este-fin-de-semana-de.jpg","articleSection":["NOTICIAS FINANCIERAS"],"inLanguage":"en-US","potentialAction":[{"@type":"CommentAction","name":"Comment","target":["https:\/\/super-news.info\/es\/renfe-cancela-unos-360-trenes-este-fin-de-semana-de-operacion-retorno-ante-los-paros-de-cgt\/#respond"]}]},{"@type":"WebPage","@id":"https:\/\/super-news.info\/es\/renfe-cancela-unos-360-trenes-este-fin-de-semana-de-operacion-retorno-ante-los-paros-de-cgt\/","url":"https:\/\/super-news.info\/es\/renfe-cancela-unos-360-trenes-este-fin-de-semana-de-operacion-retorno-ante-los-paros-de-cgt\/","name":"Renfe cancela unos 360 trenes este fin de semana de 'operaci\u00f3n retorno' ante los paros de CGT - Super News","isPartOf":{"@id":"https:\/\/super-news.info\/es\/#website"},"primaryImageOfPage":{"@id":"https:\/\/super-news.info\/es\/renfe-cancela-unos-360-trenes-este-fin-de-semana-de-operacion-retorno-ante-los-paros-de-cgt\/#primaryimage"},"image":{"@id":"https:\/\/super-news.info\/es\/renfe-cancela-unos-360-trenes-este-fin-de-semana-de-operacion-retorno-ante-los-paros-de-cgt\/#primaryimage"},"thumbnailUrl":"https:\/\/super-news.info\/es\/wp-content\/uploads\/sites\/4\/2019\/08\/Renfe-cancela-unos-360-trenes-este-fin-de-semana-de.jpg","datePublished":"2019-08-29T10:39:21+00:00","dateModified":"2019-08-29T10:39:22+00:00","author":{"@id":"https:\/\/super-news.info\/es\/#\/schema\/person\/2d4068cb2f39cd10008c2fce578a7356"},"breadcrumb":{"@id":"https:\/\/super-news.info\/es\/renfe-cancela-unos-360-trenes-este-fin-de-semana-de-operacion-retorno-ante-los-paros-de-cgt\/#breadcrumb"},"inLanguage":"en-US","potentialAction":[{"@type":"ReadAction","target":["https:\/\/super-news.info\/es\/renfe-cancela-unos-360-trenes-este-fin-de-semana-de-operacion-retorno-ante-los-paros-de-cgt\/"]}]},{"@type":"ImageObject","inLanguage":"en-US","@id":"https:\/\/super-news.info\/es\/renfe-cancela-unos-360-trenes-este-fin-de-semana-de-operacion-retorno-ante-los-paros-de-cgt\/#primaryimage","url":"https:\/\/super-news.info\/es\/wp-content\/uploads\/sites\/4\/2019\/08\/Renfe-cancela-unos-360-trenes-este-fin-de-semana-de.jpg","contentUrl":"https:\/\/super-news.info\/es\/wp-content\/uploads\/sites\/4\/2019\/08\/Renfe-cancela-unos-360-trenes-este-fin-de-semana-de.jpg","width":120,"height":81,"caption":"Renfe cancela unos 360 trenes este fin de semana de 'operaci\u00f3n retorno' ante los paros de CGT"},{"@type":"BreadcrumbList","@id":"https:\/\/super-news.info\/es\/renfe-cancela-unos-360-trenes-este-fin-de-semana-de-operacion-retorno-ante-los-paros-de-cgt\/#breadcrumb","itemListElement":[{"@type":"ListItem","position":1,"name":"\u0413\u043b\u0430\u0432\u043d\u0430\u044f \u0441\u0442\u0440\u0430\u043d\u0438\u0446\u0430","item":"https:\/\/super-news.info\/es\/"},{"@type":"ListItem","position":2,"name":"Renfe cancela unos 360 trenes este fin de semana de &#8216;operaci\u00f3n retorno&#8217; ante los paros de CGT"}]},{"@type":"WebSite","@id":"https:\/\/super-news.info\/es\/#website","url":"https:\/\/super-news.info\/es\/","name":"Super News","description":"Super News Espa\u00f1a","potentialAction":[{"@type":"SearchAction","target":{"@type":"EntryPoint","urlTemplate":"https:\/\/super-news.info\/es\/?s={search_term_string}"},"query-input":{"@type":"PropertyValueSpecification","valueRequired":true,"valueName":"search_term_string"}}],"inLanguage":"en-US"},{"@type":"Person","@id":"https:\/\/super-news.info\/es\/#\/schema\/person\/2d4068cb2f39cd10008c2fce578a7356","name":"super-news","image":{"@type":"ImageObject","inLanguage":"en-US","@id":"https:\/\/secure.gravatar.com\/avatar\/64ebac40b93f26a154f8a9b5b6fdccfc46f442b26b3dd6756dbff3bf9dc76fd7?s=96&d=mm&r=g","url":"https:\/\/secure.gravatar.com\/avatar\/64ebac40b93f26a154f8a9b5b6fdccfc46f442b26b3dd6756dbff3bf9dc76fd7?s=96&d=mm&r=g","contentUrl":"https:\/\/secure.gravatar.com\/avatar\/64ebac40b93f26a154f8a9b5b6fdccfc46f442b26b3dd6756dbff3bf9dc76fd7?s=96&d=mm&r=g","caption":"super-news"},"url":"https:\/\/super-news.info\/es\/author\/pt\/"}]}},"_links":{"self":[{"href":"https:\/\/super-news.info\/es\/wp-json\/wp\/v2\/posts\/9835","targetHints":{"allow":["GET"]}}],"collection":[{"href":"https:\/\/super-news.info\/es\/wp-json\/wp\/v2\/posts"}],"about":[{"href":"https:\/\/super-news.info\/es\/wp-json\/wp\/v2\/types\/post"}],"author":[{"embeddable":true,"href":"https:\/\/super-news.info\/es\/wp-json\/wp\/v2\/users\/2"}],"replies":[{"embeddable":true,"href":"https:\/\/super-news.info\/es\/wp-json\/wp\/v2\/comments?post=9835"}],"version-history":[{"count":1,"href":"https:\/\/super-news.info\/es\/wp-json\/wp\/v2\/posts\/9835\/revisions"}],"predecessor-version":[{"id":9837,"href":"https:\/\/super-news.info\/es\/wp-json\/wp\/v2\/posts\/9835\/revisions\/9837"}],"wp:featuredmedia":[{"embeddable":true,"href":"https:\/\/super-news.info\/es\/wp-json\/wp\/v2\/media\/9836"}],"wp:attachment":[{"href":"https:\/\/super-news.info\/es\/wp-json\/wp\/v2\/media?parent=9835"}],"wp:term":[{"taxonomy":"category","embeddable":true,"href":"https:\/\/super-news.info\/es\/wp-json\/wp\/v2\/categories?post=9835"},{"taxonomy":"post_tag","embeddable":true,"href":"https:\/\/super-news.info\/es\/wp-json\/wp\/v2\/tags?post=9835"}],"curies":[{"name":"wp","href":"https:\/\/api.w.org\/{rel}","templated":true}]}}