{"id":9829,"date":"2019-08-29T12:33:30","date_gmt":"2019-08-29T09:33:30","guid":{"rendered":"https:\/\/super-news.info\/es\/la-confianza-de-la-eurozona-rebota-en-agosto-a-pesar-de-la-desaceleracion-economica\/"},"modified":"2019-08-29T12:33:32","modified_gmt":"2019-08-29T09:33:32","slug":"la-confianza-de-la-eurozona-rebota-en-agosto-a-pesar-de-la-desaceleracion-economica","status":"publish","type":"post","link":"https:\/\/super-news.info\/es\/la-confianza-de-la-eurozona-rebota-en-agosto-a-pesar-de-la-desaceleracion-economica\/","title":{"rendered":"La confianza de la eurozona rebota en agosto a pesar de la desaceleraci\u00f3n econ\u00f3mica"},"content":{"rendered":"<p> [ad_1]<br \/>\n<\/p>\n<div id=\"CuerpoNoticiav2\" itemprop=\"articleBody\">\n<h3 class=\"subsubhead\">Repunta casi dos puntos en Espa\u00f1a y crece tambi\u00e9n en Alemania y Francia, pero cae en Italia<\/h3>\n<p>   BRUSELAS, 29 Ago. (EUROPA PRESS) &#8211; <\/p>\n<p itemprop=\"description\">   La confianza econ\u00f3mica de la zona euro ha aumentado cuatro d\u00e9cimas en agosto hasta los 103,1 puntos, desde los 102,7 puntos registrados en julio, cuando el indicador registr\u00f3 su nivel m\u00e1s bajo desde marzo de 2016, a pesar de la marcada desaceleraci\u00f3n del crecimiento del bloque del euro, seg\u00fan el Indicador de Sentimiento Econ\u00f3mico (ESI) elaborado por la Comisi\u00f3n Europea.<\/p>\n<p>   Por contra, la confianza econ\u00f3mica en el conjunto de la Uni\u00f3n Europea ha continuado con su ca\u00edda hasta los 101,4 puntos, seis d\u00e9cimas con respecto al dato de julio, registrando de esta forma su peor lectura desde diciembre de 2013.<\/p>\n<p>   La &#8220;leve&#8221; mejora de la confianza econ\u00f3mica en la eurozona se debi\u00f3 al &#8220;marcado&#8221; incremento en el sector industrial y en el comercio minorista, mientras que se ha deteriorado &#8220;significativamente&#8221; en el sector servicios, en la construcci\u00f3n y, en menor medida, entre consumidores.<\/p>\n<p>   Espa\u00f1a fue uno de los pa\u00edses de la moneda \u00fanica en la que m\u00e1s creci\u00f3 la confianza econ\u00f3mica en agosto, con una subida de 1,9 puntos hasta situarse en los 107,3 puntos. Tambi\u00e9n se expandi\u00f3 cuatro d\u00e9cimas en Alemania (100,6 puntos) y una en Francia (104 puntos), pero se contrajo nueve d\u00e9cimas en Italia (100,7 puntos).<\/p>\n<p>   En concreto, en Espa\u00f1a ha mejorado la confianza en el sector industrial que se ha situado en los 1,6 puntos desde los -3,0 de julio; en el sector servicios, que ha alcanzado los 14,8 puntos; y en el comercio minorista, hasta los 6,1 puntos. Por el contrario, ha descendido la confianza de los consumidores, hasta los -6,2 puntos, y en el sector de la construcci\u00f3n (casi cinco puntos, hasta los -8,4 puntos).<\/p>\n<p>   Por otra parte, la confianza de los empresarios de la zona euro ha aumentado 22 d\u00e9cimas en agosto para situarse en los 0,11 puntos, seg\u00fan refleja el indicador elaborado por el Ejecutivo comunitario. Este incremento contrasta con el importante empeoramiento del mes anterior, cuando registr\u00f3 su peor lectura desde septiembre de 2013 con un dato de -0,12 puntos.<\/p>\n<p>   En agosto, los gerentes de las empresas de la eurozona se mostraron m\u00e1s optimistas en sus an\u00e1lisis de producci\u00f3n pasada y evoluci\u00f3n de las exportaciones. Tambi\u00e9n hacen una mejor valoraci\u00f3n de sus niveles de inventarios y de la totalidad de sus encargos.<\/p>\n<\/div>\n<p>[ad_2]<br \/>\n<br \/><a href=\"https:\/\/www.europapress.es\/economia\/macroeconomia-00338\/noticia-confianza-eurozona-rebota-agosto-pesar-desaceleracion-economica-20190829111000.html\">Source link <\/a><\/p>\n","protected":false},"excerpt":{"rendered":"<p>[ad_1] Repunta casi dos puntos en Espa\u00f1a y crece tambi\u00e9n en Alemania y Francia, pero cae en Italia BRUSELAS, 29 Ago. (EUROPA PRESS) &#8211; La confianza econ\u00f3mica de la zona euro ha aumentado cuatro d\u00e9cimas en agosto hasta los 103,1 puntos, desde los 102,7 puntos registrados en julio, cuando el indicador registr\u00f3 su nivel m\u00e1s [&hellip;]<\/p>\n","protected":false},"author":2,"featured_media":9830,"comment_status":"open","ping_status":"open","sticky":false,"template":"","format":"standard","meta":{"footnotes":""},"categories":[1],"tags":[],"class_list":["post-9829","post","type-post","status-publish","format-standard","has-post-thumbnail","hentry","category-noticias-financieras"],"yoast_head":"<!-- This site is optimized with the Yoast SEO plugin v27.4 - https:\/\/yoast.com\/product\/yoast-seo-wordpress\/ -->\n<title>La confianza de la eurozona rebota en agosto a pesar de la desaceleraci\u00f3n econ\u00f3mica - Super News<\/title>\n<meta name=\"robots\" content=\"index, follow, max-snippet:-1, max-image-preview:large, max-video-preview:-1\" \/>\n<link rel=\"canonical\" href=\"https:\/\/super-news.info\/es\/la-confianza-de-la-eurozona-rebota-en-agosto-a-pesar-de-la-desaceleracion-economica\/\" \/>\n<meta property=\"og:locale\" content=\"en_US\" \/>\n<meta property=\"og:type\" content=\"article\" \/>\n<meta property=\"og:title\" content=\"La confianza de la eurozona rebota en agosto a pesar de la desaceleraci\u00f3n econ\u00f3mica - Super News\" \/>\n<meta property=\"og:description\" content=\"[ad_1] Repunta casi dos puntos en Espa\u00f1a y crece tambi\u00e9n en Alemania y Francia, pero cae en Italia BRUSELAS, 29 Ago. (EUROPA PRESS) &#8211; La confianza econ\u00f3mica de la zona euro ha aumentado cuatro d\u00e9cimas en agosto hasta los 103,1 puntos, desde los 102,7 puntos registrados en julio, cuando el indicador registr\u00f3 su nivel m\u00e1s [&hellip;]\" \/>\n<meta property=\"og:url\" content=\"https:\/\/super-news.info\/es\/la-confianza-de-la-eurozona-rebota-en-agosto-a-pesar-de-la-desaceleracion-economica\/\" \/>\n<meta property=\"og:site_name\" content=\"Super News\" \/>\n<meta property=\"article:published_time\" content=\"2019-08-29T09:33:30+00:00\" \/>\n<meta property=\"article:modified_time\" content=\"2019-08-29T09:33:32+00:00\" \/>\n<meta property=\"og:image\" content=\"https:\/\/super-news.info\/es\/wp-content\/uploads\/sites\/4\/2019\/08\/La-confianza-de-la-eurozona-rebota-en-agosto-a-pesar.jpg\" \/>\n\t<meta property=\"og:image:width\" content=\"800\" \/>\n\t<meta property=\"og:image:height\" content=\"523\" \/>\n\t<meta property=\"og:image:type\" content=\"image\/jpeg\" \/>\n<meta name=\"author\" content=\"super-news\" \/>\n<meta name=\"twitter:card\" content=\"summary_large_image\" \/>\n<meta name=\"twitter:label1\" content=\"Written by\" \/>\n\t<meta name=\"twitter:data1\" content=\"super-news\" \/>\n\t<meta name=\"twitter:label2\" content=\"Est. reading time\" \/>\n\t<meta name=\"twitter:data2\" content=\"2 minutes\" \/>\n<script type=\"application\/ld+json\" class=\"yoast-schema-graph\">{\"@context\":\"https:\\\/\\\/schema.org\",\"@graph\":[{\"@type\":\"Article\",\"@id\":\"https:\\\/\\\/super-news.info\\\/es\\\/la-confianza-de-la-eurozona-rebota-en-agosto-a-pesar-de-la-desaceleracion-economica\\\/#article\",\"isPartOf\":{\"@id\":\"https:\\\/\\\/super-news.info\\\/es\\\/la-confianza-de-la-eurozona-rebota-en-agosto-a-pesar-de-la-desaceleracion-economica\\\/\"},\"author\":{\"name\":\"super-news\",\"@id\":\"https:\\\/\\\/super-news.info\\\/es\\\/#\\\/schema\\\/person\\\/2d4068cb2f39cd10008c2fce578a7356\"},\"headline\":\"La confianza de la eurozona rebota en agosto a pesar de la desaceleraci\u00f3n econ\u00f3mica\",\"datePublished\":\"2019-08-29T09:33:30+00:00\",\"dateModified\":\"2019-08-29T09:33:32+00:00\",\"mainEntityOfPage\":{\"@id\":\"https:\\\/\\\/super-news.info\\\/es\\\/la-confianza-de-la-eurozona-rebota-en-agosto-a-pesar-de-la-desaceleracion-economica\\\/\"},\"wordCount\":429,\"commentCount\":0,\"image\":{\"@id\":\"https:\\\/\\\/super-news.info\\\/es\\\/la-confianza-de-la-eurozona-rebota-en-agosto-a-pesar-de-la-desaceleracion-economica\\\/#primaryimage\"},\"thumbnailUrl\":\"https:\\\/\\\/super-news.info\\\/es\\\/wp-content\\\/uploads\\\/sites\\\/4\\\/2019\\\/08\\\/La-confianza-de-la-eurozona-rebota-en-agosto-a-pesar.jpg\",\"articleSection\":[\"NOTICIAS FINANCIERAS\"],\"inLanguage\":\"en-US\",\"potentialAction\":[{\"@type\":\"CommentAction\",\"name\":\"Comment\",\"target\":[\"https:\\\/\\\/super-news.info\\\/es\\\/la-confianza-de-la-eurozona-rebota-en-agosto-a-pesar-de-la-desaceleracion-economica\\\/#respond\"]}]},{\"@type\":\"WebPage\",\"@id\":\"https:\\\/\\\/super-news.info\\\/es\\\/la-confianza-de-la-eurozona-rebota-en-agosto-a-pesar-de-la-desaceleracion-economica\\\/\",\"url\":\"https:\\\/\\\/super-news.info\\\/es\\\/la-confianza-de-la-eurozona-rebota-en-agosto-a-pesar-de-la-desaceleracion-economica\\\/\",\"name\":\"La confianza de la eurozona rebota en agosto a pesar de la desaceleraci\u00f3n econ\u00f3mica - Super News\",\"isPartOf\":{\"@id\":\"https:\\\/\\\/super-news.info\\\/es\\\/#website\"},\"primaryImageOfPage\":{\"@id\":\"https:\\\/\\\/super-news.info\\\/es\\\/la-confianza-de-la-eurozona-rebota-en-agosto-a-pesar-de-la-desaceleracion-economica\\\/#primaryimage\"},\"image\":{\"@id\":\"https:\\\/\\\/super-news.info\\\/es\\\/la-confianza-de-la-eurozona-rebota-en-agosto-a-pesar-de-la-desaceleracion-economica\\\/#primaryimage\"},\"thumbnailUrl\":\"https:\\\/\\\/super-news.info\\\/es\\\/wp-content\\\/uploads\\\/sites\\\/4\\\/2019\\\/08\\\/La-confianza-de-la-eurozona-rebota-en-agosto-a-pesar.jpg\",\"datePublished\":\"2019-08-29T09:33:30+00:00\",\"dateModified\":\"2019-08-29T09:33:32+00:00\",\"author\":{\"@id\":\"https:\\\/\\\/super-news.info\\\/es\\\/#\\\/schema\\\/person\\\/2d4068cb2f39cd10008c2fce578a7356\"},\"breadcrumb\":{\"@id\":\"https:\\\/\\\/super-news.info\\\/es\\\/la-confianza-de-la-eurozona-rebota-en-agosto-a-pesar-de-la-desaceleracion-economica\\\/#breadcrumb\"},\"inLanguage\":\"en-US\",\"potentialAction\":[{\"@type\":\"ReadAction\",\"target\":[\"https:\\\/\\\/super-news.info\\\/es\\\/la-confianza-de-la-eurozona-rebota-en-agosto-a-pesar-de-la-desaceleracion-economica\\\/\"]}]},{\"@type\":\"ImageObject\",\"inLanguage\":\"en-US\",\"@id\":\"https:\\\/\\\/super-news.info\\\/es\\\/la-confianza-de-la-eurozona-rebota-en-agosto-a-pesar-de-la-desaceleracion-economica\\\/#primaryimage\",\"url\":\"https:\\\/\\\/super-news.info\\\/es\\\/wp-content\\\/uploads\\\/sites\\\/4\\\/2019\\\/08\\\/La-confianza-de-la-eurozona-rebota-en-agosto-a-pesar.jpg\",\"contentUrl\":\"https:\\\/\\\/super-news.info\\\/es\\\/wp-content\\\/uploads\\\/sites\\\/4\\\/2019\\\/08\\\/La-confianza-de-la-eurozona-rebota-en-agosto-a-pesar.jpg\",\"width\":800,\"height\":523,\"caption\":\"La confianza de la eurozona rebota en agosto a pesar de la desaceleraci\u00f3n econ\u00f3mica\"},{\"@type\":\"BreadcrumbList\",\"@id\":\"https:\\\/\\\/super-news.info\\\/es\\\/la-confianza-de-la-eurozona-rebota-en-agosto-a-pesar-de-la-desaceleracion-economica\\\/#breadcrumb\",\"itemListElement\":[{\"@type\":\"ListItem\",\"position\":1,\"name\":\"\u0413\u043b\u0430\u0432\u043d\u0430\u044f \u0441\u0442\u0440\u0430\u043d\u0438\u0446\u0430\",\"item\":\"https:\\\/\\\/super-news.info\\\/es\\\/\"},{\"@type\":\"ListItem\",\"position\":2,\"name\":\"La confianza de la eurozona rebota en agosto a pesar de la desaceleraci\u00f3n econ\u00f3mica\"}]},{\"@type\":\"WebSite\",\"@id\":\"https:\\\/\\\/super-news.info\\\/es\\\/#website\",\"url\":\"https:\\\/\\\/super-news.info\\\/es\\\/\",\"name\":\"Super News\",\"description\":\"Super News Espa\u00f1a\",\"potentialAction\":[{\"@type\":\"SearchAction\",\"target\":{\"@type\":\"EntryPoint\",\"urlTemplate\":\"https:\\\/\\\/super-news.info\\\/es\\\/?s={search_term_string}\"},\"query-input\":{\"@type\":\"PropertyValueSpecification\",\"valueRequired\":true,\"valueName\":\"search_term_string\"}}],\"inLanguage\":\"en-US\"},{\"@type\":\"Person\",\"@id\":\"https:\\\/\\\/super-news.info\\\/es\\\/#\\\/schema\\\/person\\\/2d4068cb2f39cd10008c2fce578a7356\",\"name\":\"super-news\",\"image\":{\"@type\":\"ImageObject\",\"inLanguage\":\"en-US\",\"@id\":\"https:\\\/\\\/secure.gravatar.com\\\/avatar\\\/64ebac40b93f26a154f8a9b5b6fdccfc46f442b26b3dd6756dbff3bf9dc76fd7?s=96&d=mm&r=g\",\"url\":\"https:\\\/\\\/secure.gravatar.com\\\/avatar\\\/64ebac40b93f26a154f8a9b5b6fdccfc46f442b26b3dd6756dbff3bf9dc76fd7?s=96&d=mm&r=g\",\"contentUrl\":\"https:\\\/\\\/secure.gravatar.com\\\/avatar\\\/64ebac40b93f26a154f8a9b5b6fdccfc46f442b26b3dd6756dbff3bf9dc76fd7?s=96&d=mm&r=g\",\"caption\":\"super-news\"},\"url\":\"https:\\\/\\\/super-news.info\\\/es\\\/author\\\/pt\\\/\"}]}<\/script>\n<!-- \/ Yoast SEO plugin. -->","yoast_head_json":{"title":"La confianza de la eurozona rebota en agosto a pesar de la desaceleraci\u00f3n econ\u00f3mica - Super News","robots":{"index":"index","follow":"follow","max-snippet":"max-snippet:-1","max-image-preview":"max-image-preview:large","max-video-preview":"max-video-preview:-1"},"canonical":"https:\/\/super-news.info\/es\/la-confianza-de-la-eurozona-rebota-en-agosto-a-pesar-de-la-desaceleracion-economica\/","og_locale":"en_US","og_type":"article","og_title":"La confianza de la eurozona rebota en agosto a pesar de la desaceleraci\u00f3n econ\u00f3mica - Super News","og_description":"[ad_1] Repunta casi dos puntos en Espa\u00f1a y crece tambi\u00e9n en Alemania y Francia, pero cae en Italia BRUSELAS, 29 Ago. (EUROPA PRESS) &#8211; La confianza econ\u00f3mica de la zona euro ha aumentado cuatro d\u00e9cimas en agosto hasta los 103,1 puntos, desde los 102,7 puntos registrados en julio, cuando el indicador registr\u00f3 su nivel m\u00e1s [&hellip;]","og_url":"https:\/\/super-news.info\/es\/la-confianza-de-la-eurozona-rebota-en-agosto-a-pesar-de-la-desaceleracion-economica\/","og_site_name":"Super News","article_published_time":"2019-08-29T09:33:30+00:00","article_modified_time":"2019-08-29T09:33:32+00:00","og_image":[{"width":800,"height":523,"url":"https:\/\/super-news.info\/es\/wp-content\/uploads\/sites\/4\/2019\/08\/La-confianza-de-la-eurozona-rebota-en-agosto-a-pesar.jpg","type":"image\/jpeg"}],"author":"super-news","twitter_card":"summary_large_image","twitter_misc":{"Written by":"super-news","Est. reading time":"2 minutes"},"schema":{"@context":"https:\/\/schema.org","@graph":[{"@type":"Article","@id":"https:\/\/super-news.info\/es\/la-confianza-de-la-eurozona-rebota-en-agosto-a-pesar-de-la-desaceleracion-economica\/#article","isPartOf":{"@id":"https:\/\/super-news.info\/es\/la-confianza-de-la-eurozona-rebota-en-agosto-a-pesar-de-la-desaceleracion-economica\/"},"author":{"name":"super-news","@id":"https:\/\/super-news.info\/es\/#\/schema\/person\/2d4068cb2f39cd10008c2fce578a7356"},"headline":"La confianza de la eurozona rebota en agosto a pesar de la desaceleraci\u00f3n econ\u00f3mica","datePublished":"2019-08-29T09:33:30+00:00","dateModified":"2019-08-29T09:33:32+00:00","mainEntityOfPage":{"@id":"https:\/\/super-news.info\/es\/la-confianza-de-la-eurozona-rebota-en-agosto-a-pesar-de-la-desaceleracion-economica\/"},"wordCount":429,"commentCount":0,"image":{"@id":"https:\/\/super-news.info\/es\/la-confianza-de-la-eurozona-rebota-en-agosto-a-pesar-de-la-desaceleracion-economica\/#primaryimage"},"thumbnailUrl":"https:\/\/super-news.info\/es\/wp-content\/uploads\/sites\/4\/2019\/08\/La-confianza-de-la-eurozona-rebota-en-agosto-a-pesar.jpg","articleSection":["NOTICIAS FINANCIERAS"],"inLanguage":"en-US","potentialAction":[{"@type":"CommentAction","name":"Comment","target":["https:\/\/super-news.info\/es\/la-confianza-de-la-eurozona-rebota-en-agosto-a-pesar-de-la-desaceleracion-economica\/#respond"]}]},{"@type":"WebPage","@id":"https:\/\/super-news.info\/es\/la-confianza-de-la-eurozona-rebota-en-agosto-a-pesar-de-la-desaceleracion-economica\/","url":"https:\/\/super-news.info\/es\/la-confianza-de-la-eurozona-rebota-en-agosto-a-pesar-de-la-desaceleracion-economica\/","name":"La confianza de la eurozona rebota en agosto a pesar de la desaceleraci\u00f3n econ\u00f3mica - Super News","isPartOf":{"@id":"https:\/\/super-news.info\/es\/#website"},"primaryImageOfPage":{"@id":"https:\/\/super-news.info\/es\/la-confianza-de-la-eurozona-rebota-en-agosto-a-pesar-de-la-desaceleracion-economica\/#primaryimage"},"image":{"@id":"https:\/\/super-news.info\/es\/la-confianza-de-la-eurozona-rebota-en-agosto-a-pesar-de-la-desaceleracion-economica\/#primaryimage"},"thumbnailUrl":"https:\/\/super-news.info\/es\/wp-content\/uploads\/sites\/4\/2019\/08\/La-confianza-de-la-eurozona-rebota-en-agosto-a-pesar.jpg","datePublished":"2019-08-29T09:33:30+00:00","dateModified":"2019-08-29T09:33:32+00:00","author":{"@id":"https:\/\/super-news.info\/es\/#\/schema\/person\/2d4068cb2f39cd10008c2fce578a7356"},"breadcrumb":{"@id":"https:\/\/super-news.info\/es\/la-confianza-de-la-eurozona-rebota-en-agosto-a-pesar-de-la-desaceleracion-economica\/#breadcrumb"},"inLanguage":"en-US","potentialAction":[{"@type":"ReadAction","target":["https:\/\/super-news.info\/es\/la-confianza-de-la-eurozona-rebota-en-agosto-a-pesar-de-la-desaceleracion-economica\/"]}]},{"@type":"ImageObject","inLanguage":"en-US","@id":"https:\/\/super-news.info\/es\/la-confianza-de-la-eurozona-rebota-en-agosto-a-pesar-de-la-desaceleracion-economica\/#primaryimage","url":"https:\/\/super-news.info\/es\/wp-content\/uploads\/sites\/4\/2019\/08\/La-confianza-de-la-eurozona-rebota-en-agosto-a-pesar.jpg","contentUrl":"https:\/\/super-news.info\/es\/wp-content\/uploads\/sites\/4\/2019\/08\/La-confianza-de-la-eurozona-rebota-en-agosto-a-pesar.jpg","width":800,"height":523,"caption":"La confianza de la eurozona rebota en agosto a pesar de la desaceleraci\u00f3n econ\u00f3mica"},{"@type":"BreadcrumbList","@id":"https:\/\/super-news.info\/es\/la-confianza-de-la-eurozona-rebota-en-agosto-a-pesar-de-la-desaceleracion-economica\/#breadcrumb","itemListElement":[{"@type":"ListItem","position":1,"name":"\u0413\u043b\u0430\u0432\u043d\u0430\u044f \u0441\u0442\u0440\u0430\u043d\u0438\u0446\u0430","item":"https:\/\/super-news.info\/es\/"},{"@type":"ListItem","position":2,"name":"La confianza de la eurozona rebota en agosto a pesar de la desaceleraci\u00f3n econ\u00f3mica"}]},{"@type":"WebSite","@id":"https:\/\/super-news.info\/es\/#website","url":"https:\/\/super-news.info\/es\/","name":"Super News","description":"Super News Espa\u00f1a","potentialAction":[{"@type":"SearchAction","target":{"@type":"EntryPoint","urlTemplate":"https:\/\/super-news.info\/es\/?s={search_term_string}"},"query-input":{"@type":"PropertyValueSpecification","valueRequired":true,"valueName":"search_term_string"}}],"inLanguage":"en-US"},{"@type":"Person","@id":"https:\/\/super-news.info\/es\/#\/schema\/person\/2d4068cb2f39cd10008c2fce578a7356","name":"super-news","image":{"@type":"ImageObject","inLanguage":"en-US","@id":"https:\/\/secure.gravatar.com\/avatar\/64ebac40b93f26a154f8a9b5b6fdccfc46f442b26b3dd6756dbff3bf9dc76fd7?s=96&d=mm&r=g","url":"https:\/\/secure.gravatar.com\/avatar\/64ebac40b93f26a154f8a9b5b6fdccfc46f442b26b3dd6756dbff3bf9dc76fd7?s=96&d=mm&r=g","contentUrl":"https:\/\/secure.gravatar.com\/avatar\/64ebac40b93f26a154f8a9b5b6fdccfc46f442b26b3dd6756dbff3bf9dc76fd7?s=96&d=mm&r=g","caption":"super-news"},"url":"https:\/\/super-news.info\/es\/author\/pt\/"}]}},"_links":{"self":[{"href":"https:\/\/super-news.info\/es\/wp-json\/wp\/v2\/posts\/9829","targetHints":{"allow":["GET"]}}],"collection":[{"href":"https:\/\/super-news.info\/es\/wp-json\/wp\/v2\/posts"}],"about":[{"href":"https:\/\/super-news.info\/es\/wp-json\/wp\/v2\/types\/post"}],"author":[{"embeddable":true,"href":"https:\/\/super-news.info\/es\/wp-json\/wp\/v2\/users\/2"}],"replies":[{"embeddable":true,"href":"https:\/\/super-news.info\/es\/wp-json\/wp\/v2\/comments?post=9829"}],"version-history":[{"count":1,"href":"https:\/\/super-news.info\/es\/wp-json\/wp\/v2\/posts\/9829\/revisions"}],"predecessor-version":[{"id":9831,"href":"https:\/\/super-news.info\/es\/wp-json\/wp\/v2\/posts\/9829\/revisions\/9831"}],"wp:featuredmedia":[{"embeddable":true,"href":"https:\/\/super-news.info\/es\/wp-json\/wp\/v2\/media\/9830"}],"wp:attachment":[{"href":"https:\/\/super-news.info\/es\/wp-json\/wp\/v2\/media?parent=9829"}],"wp:term":[{"taxonomy":"category","embeddable":true,"href":"https:\/\/super-news.info\/es\/wp-json\/wp\/v2\/categories?post=9829"},{"taxonomy":"post_tag","embeddable":true,"href":"https:\/\/super-news.info\/es\/wp-json\/wp\/v2\/tags?post=9829"}],"curies":[{"name":"wp","href":"https:\/\/api.w.org\/{rel}","templated":true}]}}