{"id":98,"date":"2019-04-15T05:52:27","date_gmt":"2019-04-15T02:52:27","guid":{"rendered":"https:\/\/super-news.info\/es\/la-incertidumbre-nacional-se-mantiene-en-niveles-elevados-en-marzo-segun-ceprede\/"},"modified":"2019-04-15T05:52:28","modified_gmt":"2019-04-15T02:52:28","slug":"la-incertidumbre-nacional-se-mantiene-en-niveles-elevados-en-marzo-segun-ceprede","status":"publish","type":"post","link":"https:\/\/super-news.info\/es\/la-incertidumbre-nacional-se-mantiene-en-niveles-elevados-en-marzo-segun-ceprede\/","title":{"rendered":"La incertidumbre nacional se mantiene en niveles elevados en marzo, seg\u00fan Ceprede"},"content":{"rendered":"<p> [ad_1]<\/p>\n<div id=\"CuerpoNoticiav2\" itemprop=\"articleBody\">\n<!--inicio FechaNoticia--><\/p>\n<div class=\"FechaPublicacionNoticia\">Publicado 14\/04\/2019 10:44:54<abbr title=\"Central European Time\">CET<\/abbr><\/div>\n<p><!--fin FechaNoticia--><\/p>\n<p>MADRID, 14 Abr. (EUROPA PRESS) &#8211; <\/p>\n<p itemprop=\"description\">   El grado de incertidumbre global se situ\u00f3 en 66,6 puntos en marzo, alcanzando una cifra similar al mes anterior debido a la desconfianza empresarial, del consumidor y a la incertidumbre macroecon\u00f3mica, por lo que contin\u00faa en niveles medio-altos y en la crom\u00e1tica naranja.<\/p>\n<p>   As\u00ed se desprende del indicador de incertidumbre mensual a nivel nacional elaborado por Centro de Predicci\u00f3n Econ\u00f3mica (Ceprede) correspondiente al mes de marzo, previo a la celebraci\u00f3n de las elecciones generales el pr\u00f3ximo 28 de abril.<\/p>\n<p>   El an\u00e1lisis muestra que la desconfianza empresarial y del consumidor (97,5 puntos) junto con la incertidumbre macroecon\u00f3mica (95,4 puntos) contin\u00faan en m\u00e1ximos del per\u00edodo.<\/p>\n<p>   Mientras, la incertidumbre medi\u00e1tica se moder\u00f3 en el ultimo mes hasta los 54,3 puntos), pero creci\u00f3 en m\u00e1s de 40 enteros respecto a hace un a\u00f1o.<\/p>\n<p>   De esta forma, los componentes no han mostrado variaciones destacadas y todos repiten valores parecidos a los registrados en el mes anterior: la desconfianza empresarial y del consumidor junto con la incertidumbre macroecon\u00f3mica siguen en m\u00e1ximos, la incertidumbre financiera se mantiene bastante baja, siendo el componente que menos aporta a la incertidumbre global.<\/p>\n<p>   Ceprede elabora mensualmente este indicador que agrupa a once indicadores y considera cuatro dimensiones clave: desconfianza empresarial y del consumidor, volatilidad burs\u00e1til y de la prima en bonos, cambio econ\u00f3mico y de expectativas, e incertidumbre medi\u00e1tica.<\/p>\n<\/div>\n<p>[ad_2]<br \/>\n<br \/><a href=\"https:\/\/www.europapress.es\/economia\/macroeconomia-00338\/noticia-incertidumbre-nacional-mantiene-niveles-elevados-marzo-ceprede-20190414104454.html\">Source link <\/a><\/p>\n","protected":false},"excerpt":{"rendered":"<p>[ad_1] Publicado 14\/04\/2019 10:44:54CET MADRID, 14 Abr. (EUROPA PRESS) &#8211; El grado de incertidumbre global se situ\u00f3 en 66,6 puntos en marzo, alcanzando una cifra similar al mes anterior debido a la desconfianza empresarial, del consumidor y a la incertidumbre macroecon\u00f3mica, por lo que contin\u00faa en niveles medio-altos y en la crom\u00e1tica naranja. As\u00ed se [&hellip;]<\/p>\n","protected":false},"author":2,"featured_media":99,"comment_status":"open","ping_status":"open","sticky":false,"template":"","format":"standard","meta":{"footnotes":""},"categories":[1],"tags":[],"class_list":["post-98","post","type-post","status-publish","format-standard","has-post-thumbnail","hentry","category-noticias-financieras"],"yoast_head":"<!-- This site is optimized with the Yoast SEO plugin v27.4 - https:\/\/yoast.com\/product\/yoast-seo-wordpress\/ -->\n<title>La incertidumbre nacional se mantiene en niveles elevados en marzo, seg\u00fan Ceprede - Super News<\/title>\n<meta name=\"robots\" content=\"index, follow, max-snippet:-1, max-image-preview:large, max-video-preview:-1\" \/>\n<link rel=\"canonical\" href=\"https:\/\/super-news.info\/es\/la-incertidumbre-nacional-se-mantiene-en-niveles-elevados-en-marzo-segun-ceprede\/\" \/>\n<meta property=\"og:locale\" content=\"en_US\" \/>\n<meta property=\"og:type\" content=\"article\" \/>\n<meta property=\"og:title\" content=\"La incertidumbre nacional se mantiene en niveles elevados en marzo, seg\u00fan Ceprede - Super News\" \/>\n<meta property=\"og:description\" content=\"[ad_1] Publicado 14\/04\/2019 10:44:54CET MADRID, 14 Abr. (EUROPA PRESS) &#8211; El grado de incertidumbre global se situ\u00f3 en 66,6 puntos en marzo, alcanzando una cifra similar al mes anterior debido a la desconfianza empresarial, del consumidor y a la incertidumbre macroecon\u00f3mica, por lo que contin\u00faa en niveles medio-altos y en la crom\u00e1tica naranja. As\u00ed se [&hellip;]\" \/>\n<meta property=\"og:url\" content=\"https:\/\/super-news.info\/es\/la-incertidumbre-nacional-se-mantiene-en-niveles-elevados-en-marzo-segun-ceprede\/\" \/>\n<meta property=\"og:site_name\" content=\"Super News\" \/>\n<meta property=\"article:published_time\" content=\"2019-04-15T02:52:27+00:00\" \/>\n<meta property=\"article:modified_time\" content=\"2019-04-15T02:52:28+00:00\" \/>\n<meta property=\"og:image\" content=\"https:\/\/super-news.info\/es\/wp-content\/uploads\/sites\/4\/2019\/04\/La-incertidumbre-nacional-se-mantiene-en-niveles-elevados-en-marzo.jpg\" \/>\n\t<meta property=\"og:image:width\" content=\"120\" \/>\n\t<meta property=\"og:image:height\" content=\"90\" \/>\n\t<meta property=\"og:image:type\" content=\"image\/jpeg\" \/>\n<meta name=\"author\" content=\"super-news\" \/>\n<meta name=\"twitter:card\" content=\"summary_large_image\" \/>\n<meta name=\"twitter:label1\" content=\"Written by\" \/>\n\t<meta name=\"twitter:data1\" content=\"super-news\" \/>\n\t<meta name=\"twitter:label2\" content=\"Est. reading time\" \/>\n\t<meta name=\"twitter:data2\" content=\"1 minute\" \/>\n<script type=\"application\/ld+json\" class=\"yoast-schema-graph\">{\"@context\":\"https:\\\/\\\/schema.org\",\"@graph\":[{\"@type\":\"Article\",\"@id\":\"https:\\\/\\\/super-news.info\\\/es\\\/la-incertidumbre-nacional-se-mantiene-en-niveles-elevados-en-marzo-segun-ceprede\\\/#article\",\"isPartOf\":{\"@id\":\"https:\\\/\\\/super-news.info\\\/es\\\/la-incertidumbre-nacional-se-mantiene-en-niveles-elevados-en-marzo-segun-ceprede\\\/\"},\"author\":{\"name\":\"super-news\",\"@id\":\"https:\\\/\\\/super-news.info\\\/es\\\/#\\\/schema\\\/person\\\/2d4068cb2f39cd10008c2fce578a7356\"},\"headline\":\"La incertidumbre nacional se mantiene en niveles elevados en marzo, seg\u00fan Ceprede\",\"datePublished\":\"2019-04-15T02:52:27+00:00\",\"dateModified\":\"2019-04-15T02:52:28+00:00\",\"mainEntityOfPage\":{\"@id\":\"https:\\\/\\\/super-news.info\\\/es\\\/la-incertidumbre-nacional-se-mantiene-en-niveles-elevados-en-marzo-segun-ceprede\\\/\"},\"wordCount\":256,\"commentCount\":0,\"image\":{\"@id\":\"https:\\\/\\\/super-news.info\\\/es\\\/la-incertidumbre-nacional-se-mantiene-en-niveles-elevados-en-marzo-segun-ceprede\\\/#primaryimage\"},\"thumbnailUrl\":\"https:\\\/\\\/super-news.info\\\/es\\\/wp-content\\\/uploads\\\/sites\\\/4\\\/2019\\\/04\\\/La-incertidumbre-nacional-se-mantiene-en-niveles-elevados-en-marzo.jpg\",\"articleSection\":[\"NOTICIAS FINANCIERAS\"],\"inLanguage\":\"en-US\",\"potentialAction\":[{\"@type\":\"CommentAction\",\"name\":\"Comment\",\"target\":[\"https:\\\/\\\/super-news.info\\\/es\\\/la-incertidumbre-nacional-se-mantiene-en-niveles-elevados-en-marzo-segun-ceprede\\\/#respond\"]}]},{\"@type\":\"WebPage\",\"@id\":\"https:\\\/\\\/super-news.info\\\/es\\\/la-incertidumbre-nacional-se-mantiene-en-niveles-elevados-en-marzo-segun-ceprede\\\/\",\"url\":\"https:\\\/\\\/super-news.info\\\/es\\\/la-incertidumbre-nacional-se-mantiene-en-niveles-elevados-en-marzo-segun-ceprede\\\/\",\"name\":\"La incertidumbre nacional se mantiene en niveles elevados en marzo, seg\u00fan Ceprede - Super News\",\"isPartOf\":{\"@id\":\"https:\\\/\\\/super-news.info\\\/es\\\/#website\"},\"primaryImageOfPage\":{\"@id\":\"https:\\\/\\\/super-news.info\\\/es\\\/la-incertidumbre-nacional-se-mantiene-en-niveles-elevados-en-marzo-segun-ceprede\\\/#primaryimage\"},\"image\":{\"@id\":\"https:\\\/\\\/super-news.info\\\/es\\\/la-incertidumbre-nacional-se-mantiene-en-niveles-elevados-en-marzo-segun-ceprede\\\/#primaryimage\"},\"thumbnailUrl\":\"https:\\\/\\\/super-news.info\\\/es\\\/wp-content\\\/uploads\\\/sites\\\/4\\\/2019\\\/04\\\/La-incertidumbre-nacional-se-mantiene-en-niveles-elevados-en-marzo.jpg\",\"datePublished\":\"2019-04-15T02:52:27+00:00\",\"dateModified\":\"2019-04-15T02:52:28+00:00\",\"author\":{\"@id\":\"https:\\\/\\\/super-news.info\\\/es\\\/#\\\/schema\\\/person\\\/2d4068cb2f39cd10008c2fce578a7356\"},\"breadcrumb\":{\"@id\":\"https:\\\/\\\/super-news.info\\\/es\\\/la-incertidumbre-nacional-se-mantiene-en-niveles-elevados-en-marzo-segun-ceprede\\\/#breadcrumb\"},\"inLanguage\":\"en-US\",\"potentialAction\":[{\"@type\":\"ReadAction\",\"target\":[\"https:\\\/\\\/super-news.info\\\/es\\\/la-incertidumbre-nacional-se-mantiene-en-niveles-elevados-en-marzo-segun-ceprede\\\/\"]}]},{\"@type\":\"ImageObject\",\"inLanguage\":\"en-US\",\"@id\":\"https:\\\/\\\/super-news.info\\\/es\\\/la-incertidumbre-nacional-se-mantiene-en-niveles-elevados-en-marzo-segun-ceprede\\\/#primaryimage\",\"url\":\"https:\\\/\\\/super-news.info\\\/es\\\/wp-content\\\/uploads\\\/sites\\\/4\\\/2019\\\/04\\\/La-incertidumbre-nacional-se-mantiene-en-niveles-elevados-en-marzo.jpg\",\"contentUrl\":\"https:\\\/\\\/super-news.info\\\/es\\\/wp-content\\\/uploads\\\/sites\\\/4\\\/2019\\\/04\\\/La-incertidumbre-nacional-se-mantiene-en-niveles-elevados-en-marzo.jpg\",\"width\":120,\"height\":90,\"caption\":\"La incertidumbre nacional se mantiene en niveles elevados en marzo, seg\u00fan Ceprede\"},{\"@type\":\"BreadcrumbList\",\"@id\":\"https:\\\/\\\/super-news.info\\\/es\\\/la-incertidumbre-nacional-se-mantiene-en-niveles-elevados-en-marzo-segun-ceprede\\\/#breadcrumb\",\"itemListElement\":[{\"@type\":\"ListItem\",\"position\":1,\"name\":\"\u0413\u043b\u0430\u0432\u043d\u0430\u044f \u0441\u0442\u0440\u0430\u043d\u0438\u0446\u0430\",\"item\":\"https:\\\/\\\/super-news.info\\\/es\\\/\"},{\"@type\":\"ListItem\",\"position\":2,\"name\":\"La incertidumbre nacional se mantiene en niveles elevados en marzo, seg\u00fan Ceprede\"}]},{\"@type\":\"WebSite\",\"@id\":\"https:\\\/\\\/super-news.info\\\/es\\\/#website\",\"url\":\"https:\\\/\\\/super-news.info\\\/es\\\/\",\"name\":\"Super News\",\"description\":\"Super News Espa\u00f1a\",\"potentialAction\":[{\"@type\":\"SearchAction\",\"target\":{\"@type\":\"EntryPoint\",\"urlTemplate\":\"https:\\\/\\\/super-news.info\\\/es\\\/?s={search_term_string}\"},\"query-input\":{\"@type\":\"PropertyValueSpecification\",\"valueRequired\":true,\"valueName\":\"search_term_string\"}}],\"inLanguage\":\"en-US\"},{\"@type\":\"Person\",\"@id\":\"https:\\\/\\\/super-news.info\\\/es\\\/#\\\/schema\\\/person\\\/2d4068cb2f39cd10008c2fce578a7356\",\"name\":\"super-news\",\"image\":{\"@type\":\"ImageObject\",\"inLanguage\":\"en-US\",\"@id\":\"https:\\\/\\\/secure.gravatar.com\\\/avatar\\\/64ebac40b93f26a154f8a9b5b6fdccfc46f442b26b3dd6756dbff3bf9dc76fd7?s=96&d=mm&r=g\",\"url\":\"https:\\\/\\\/secure.gravatar.com\\\/avatar\\\/64ebac40b93f26a154f8a9b5b6fdccfc46f442b26b3dd6756dbff3bf9dc76fd7?s=96&d=mm&r=g\",\"contentUrl\":\"https:\\\/\\\/secure.gravatar.com\\\/avatar\\\/64ebac40b93f26a154f8a9b5b6fdccfc46f442b26b3dd6756dbff3bf9dc76fd7?s=96&d=mm&r=g\",\"caption\":\"super-news\"},\"url\":\"https:\\\/\\\/super-news.info\\\/es\\\/author\\\/pt\\\/\"}]}<\/script>\n<!-- \/ Yoast SEO plugin. -->","yoast_head_json":{"title":"La incertidumbre nacional se mantiene en niveles elevados en marzo, seg\u00fan Ceprede - Super News","robots":{"index":"index","follow":"follow","max-snippet":"max-snippet:-1","max-image-preview":"max-image-preview:large","max-video-preview":"max-video-preview:-1"},"canonical":"https:\/\/super-news.info\/es\/la-incertidumbre-nacional-se-mantiene-en-niveles-elevados-en-marzo-segun-ceprede\/","og_locale":"en_US","og_type":"article","og_title":"La incertidumbre nacional se mantiene en niveles elevados en marzo, seg\u00fan Ceprede - Super News","og_description":"[ad_1] Publicado 14\/04\/2019 10:44:54CET MADRID, 14 Abr. (EUROPA PRESS) &#8211; El grado de incertidumbre global se situ\u00f3 en 66,6 puntos en marzo, alcanzando una cifra similar al mes anterior debido a la desconfianza empresarial, del consumidor y a la incertidumbre macroecon\u00f3mica, por lo que contin\u00faa en niveles medio-altos y en la crom\u00e1tica naranja. As\u00ed se [&hellip;]","og_url":"https:\/\/super-news.info\/es\/la-incertidumbre-nacional-se-mantiene-en-niveles-elevados-en-marzo-segun-ceprede\/","og_site_name":"Super News","article_published_time":"2019-04-15T02:52:27+00:00","article_modified_time":"2019-04-15T02:52:28+00:00","og_image":[{"width":120,"height":90,"url":"https:\/\/super-news.info\/es\/wp-content\/uploads\/sites\/4\/2019\/04\/La-incertidumbre-nacional-se-mantiene-en-niveles-elevados-en-marzo.jpg","type":"image\/jpeg"}],"author":"super-news","twitter_card":"summary_large_image","twitter_misc":{"Written by":"super-news","Est. reading time":"1 minute"},"schema":{"@context":"https:\/\/schema.org","@graph":[{"@type":"Article","@id":"https:\/\/super-news.info\/es\/la-incertidumbre-nacional-se-mantiene-en-niveles-elevados-en-marzo-segun-ceprede\/#article","isPartOf":{"@id":"https:\/\/super-news.info\/es\/la-incertidumbre-nacional-se-mantiene-en-niveles-elevados-en-marzo-segun-ceprede\/"},"author":{"name":"super-news","@id":"https:\/\/super-news.info\/es\/#\/schema\/person\/2d4068cb2f39cd10008c2fce578a7356"},"headline":"La incertidumbre nacional se mantiene en niveles elevados en marzo, seg\u00fan Ceprede","datePublished":"2019-04-15T02:52:27+00:00","dateModified":"2019-04-15T02:52:28+00:00","mainEntityOfPage":{"@id":"https:\/\/super-news.info\/es\/la-incertidumbre-nacional-se-mantiene-en-niveles-elevados-en-marzo-segun-ceprede\/"},"wordCount":256,"commentCount":0,"image":{"@id":"https:\/\/super-news.info\/es\/la-incertidumbre-nacional-se-mantiene-en-niveles-elevados-en-marzo-segun-ceprede\/#primaryimage"},"thumbnailUrl":"https:\/\/super-news.info\/es\/wp-content\/uploads\/sites\/4\/2019\/04\/La-incertidumbre-nacional-se-mantiene-en-niveles-elevados-en-marzo.jpg","articleSection":["NOTICIAS FINANCIERAS"],"inLanguage":"en-US","potentialAction":[{"@type":"CommentAction","name":"Comment","target":["https:\/\/super-news.info\/es\/la-incertidumbre-nacional-se-mantiene-en-niveles-elevados-en-marzo-segun-ceprede\/#respond"]}]},{"@type":"WebPage","@id":"https:\/\/super-news.info\/es\/la-incertidumbre-nacional-se-mantiene-en-niveles-elevados-en-marzo-segun-ceprede\/","url":"https:\/\/super-news.info\/es\/la-incertidumbre-nacional-se-mantiene-en-niveles-elevados-en-marzo-segun-ceprede\/","name":"La incertidumbre nacional se mantiene en niveles elevados en marzo, seg\u00fan Ceprede - Super News","isPartOf":{"@id":"https:\/\/super-news.info\/es\/#website"},"primaryImageOfPage":{"@id":"https:\/\/super-news.info\/es\/la-incertidumbre-nacional-se-mantiene-en-niveles-elevados-en-marzo-segun-ceprede\/#primaryimage"},"image":{"@id":"https:\/\/super-news.info\/es\/la-incertidumbre-nacional-se-mantiene-en-niveles-elevados-en-marzo-segun-ceprede\/#primaryimage"},"thumbnailUrl":"https:\/\/super-news.info\/es\/wp-content\/uploads\/sites\/4\/2019\/04\/La-incertidumbre-nacional-se-mantiene-en-niveles-elevados-en-marzo.jpg","datePublished":"2019-04-15T02:52:27+00:00","dateModified":"2019-04-15T02:52:28+00:00","author":{"@id":"https:\/\/super-news.info\/es\/#\/schema\/person\/2d4068cb2f39cd10008c2fce578a7356"},"breadcrumb":{"@id":"https:\/\/super-news.info\/es\/la-incertidumbre-nacional-se-mantiene-en-niveles-elevados-en-marzo-segun-ceprede\/#breadcrumb"},"inLanguage":"en-US","potentialAction":[{"@type":"ReadAction","target":["https:\/\/super-news.info\/es\/la-incertidumbre-nacional-se-mantiene-en-niveles-elevados-en-marzo-segun-ceprede\/"]}]},{"@type":"ImageObject","inLanguage":"en-US","@id":"https:\/\/super-news.info\/es\/la-incertidumbre-nacional-se-mantiene-en-niveles-elevados-en-marzo-segun-ceprede\/#primaryimage","url":"https:\/\/super-news.info\/es\/wp-content\/uploads\/sites\/4\/2019\/04\/La-incertidumbre-nacional-se-mantiene-en-niveles-elevados-en-marzo.jpg","contentUrl":"https:\/\/super-news.info\/es\/wp-content\/uploads\/sites\/4\/2019\/04\/La-incertidumbre-nacional-se-mantiene-en-niveles-elevados-en-marzo.jpg","width":120,"height":90,"caption":"La incertidumbre nacional se mantiene en niveles elevados en marzo, seg\u00fan Ceprede"},{"@type":"BreadcrumbList","@id":"https:\/\/super-news.info\/es\/la-incertidumbre-nacional-se-mantiene-en-niveles-elevados-en-marzo-segun-ceprede\/#breadcrumb","itemListElement":[{"@type":"ListItem","position":1,"name":"\u0413\u043b\u0430\u0432\u043d\u0430\u044f \u0441\u0442\u0440\u0430\u043d\u0438\u0446\u0430","item":"https:\/\/super-news.info\/es\/"},{"@type":"ListItem","position":2,"name":"La incertidumbre nacional se mantiene en niveles elevados en marzo, seg\u00fan Ceprede"}]},{"@type":"WebSite","@id":"https:\/\/super-news.info\/es\/#website","url":"https:\/\/super-news.info\/es\/","name":"Super News","description":"Super News Espa\u00f1a","potentialAction":[{"@type":"SearchAction","target":{"@type":"EntryPoint","urlTemplate":"https:\/\/super-news.info\/es\/?s={search_term_string}"},"query-input":{"@type":"PropertyValueSpecification","valueRequired":true,"valueName":"search_term_string"}}],"inLanguage":"en-US"},{"@type":"Person","@id":"https:\/\/super-news.info\/es\/#\/schema\/person\/2d4068cb2f39cd10008c2fce578a7356","name":"super-news","image":{"@type":"ImageObject","inLanguage":"en-US","@id":"https:\/\/secure.gravatar.com\/avatar\/64ebac40b93f26a154f8a9b5b6fdccfc46f442b26b3dd6756dbff3bf9dc76fd7?s=96&d=mm&r=g","url":"https:\/\/secure.gravatar.com\/avatar\/64ebac40b93f26a154f8a9b5b6fdccfc46f442b26b3dd6756dbff3bf9dc76fd7?s=96&d=mm&r=g","contentUrl":"https:\/\/secure.gravatar.com\/avatar\/64ebac40b93f26a154f8a9b5b6fdccfc46f442b26b3dd6756dbff3bf9dc76fd7?s=96&d=mm&r=g","caption":"super-news"},"url":"https:\/\/super-news.info\/es\/author\/pt\/"}]}},"_links":{"self":[{"href":"https:\/\/super-news.info\/es\/wp-json\/wp\/v2\/posts\/98","targetHints":{"allow":["GET"]}}],"collection":[{"href":"https:\/\/super-news.info\/es\/wp-json\/wp\/v2\/posts"}],"about":[{"href":"https:\/\/super-news.info\/es\/wp-json\/wp\/v2\/types\/post"}],"author":[{"embeddable":true,"href":"https:\/\/super-news.info\/es\/wp-json\/wp\/v2\/users\/2"}],"replies":[{"embeddable":true,"href":"https:\/\/super-news.info\/es\/wp-json\/wp\/v2\/comments?post=98"}],"version-history":[{"count":1,"href":"https:\/\/super-news.info\/es\/wp-json\/wp\/v2\/posts\/98\/revisions"}],"predecessor-version":[{"id":100,"href":"https:\/\/super-news.info\/es\/wp-json\/wp\/v2\/posts\/98\/revisions\/100"}],"wp:featuredmedia":[{"embeddable":true,"href":"https:\/\/super-news.info\/es\/wp-json\/wp\/v2\/media\/99"}],"wp:attachment":[{"href":"https:\/\/super-news.info\/es\/wp-json\/wp\/v2\/media?parent=98"}],"wp:term":[{"taxonomy":"category","embeddable":true,"href":"https:\/\/super-news.info\/es\/wp-json\/wp\/v2\/categories?post=98"},{"taxonomy":"post_tag","embeddable":true,"href":"https:\/\/super-news.info\/es\/wp-json\/wp\/v2\/tags?post=98"}],"curies":[{"name":"wp","href":"https:\/\/api.w.org\/{rel}","templated":true}]}}