{"id":9793,"date":"2019-08-28T23:17:33","date_gmt":"2019-08-28T20:17:33","guid":{"rendered":"https:\/\/super-news.info\/es\/el-salario-medio-en-espana-recorta-su-poder-adquisitivo-en-133-euros-anuales-desde-2017\/"},"modified":"2019-08-28T23:17:34","modified_gmt":"2019-08-28T20:17:34","slug":"el-salario-medio-en-espana-recorta-su-poder-adquisitivo-en-133-euros-anuales-desde-2017","status":"publish","type":"post","link":"https:\/\/super-news.info\/es\/el-salario-medio-en-espana-recorta-su-poder-adquisitivo-en-133-euros-anuales-desde-2017\/","title":{"rendered":"El salario medio en Espa\u00f1a recorta su poder adquisitivo en 133 euros anuales desde 2017"},"content":{"rendered":"<p> [ad_1]<\/p>\n<div id=\"CuerpoNoticiav2\" itemprop=\"articleBody\">\n<h3 class=\"subsubhead\">Uno de cada cuatro parados de larga duraci\u00f3n de la UE reside en Espa\u00f1a<\/h3>\n<p itemprop=\"description\">MADRID, 28 Ago. (EUROPA PRESS) &#8211;<\/p>\n<p>El poder de compra del salario medio en Espa\u00f1a se ha reducido un 0,7% en los dos \u00faltimos dos a\u00f1os (desde el segundo trimestre de 2017 al mismo periodo de 2019), lo que equivale a decir que el asalariado medio tiene, al cabo de un a\u00f1o, 133 euros menos en su bolsillo de los que ten\u00eda hace dos a\u00f1os, seg\u00fan el Monitor Adecco de Oportunidades y Satisfacci\u00f3n en el Empleo elaborado por el grupo de recursos humanos e investigadores de Barcel\u00f3 y Asociados.<\/p>\n<p>El salario medio nacional pierde poder adquisitivo desde el primer trimestre de 2017, por lo que ya acumula diez trimestres consecutivos sin ganar poder de compra. Esta variable se obtiene al descontar la inflaci\u00f3n de la evoluci\u00f3n del salario medio, seg\u00fan el informe.<\/p>\n<p>Pese a haber reducido su poder adquisitivo en los \u00faltimos dos a\u00f1os, esta p\u00e9rdida del 0,7% del poder de compra del salario medio es la m\u00e1s baja en dos a\u00f1os.<\/p>\n<p><iframe id=\"ep-chart-d89f4e54-f21d-4e0b-aafd-0ba34019891a\" src=\"https:\/\/www.epdata.es\/embed\/d89f4e54-f21d-4e0b-aafd-0ba34019891a\/450\" style=\"width: 100%; min-height: 450px; overflow: hidden;\" frameborder=\"0\" scrolling=\"no\" height=\"450\"><\/iframe><\/p>\n<p>De acuerdo con el informe de Adecco, los salarios de siete comunidades aut\u00f3nomas han mejorado su poder adquisitivo respecto a hace dos a\u00f1os, especialmente Baleares, con m\u00e1s de 400 euros de mejora, y Galicia, con 251 euros anuales m\u00e1s que a mediados de 2017. Le siguen Navarra (199 euros), Canarias (163 euros), Catalu\u00f1a (118 euros), Extremadura (22 euros) y Asturias (9 euros).<\/p>\n<p>En las diez regiones restante el poder de compra de los salarios se ha reducido en los \u00faltimos dos a\u00f1os, principalmente en Castilla-La Mancha, con un descenso de 663 anuales desde el segundo trimestre de 2017, seguido de Murcia (-573 euros anuales), Andaluc\u00eda (-419 euros anuales), La Rioja (-403 euros), Madrid (-352 euros), Pa\u00eds Vasco (-251 euros), Comunidad Valenciana (-103 euros), Cantabria (87 euros), Arag\u00f3n (37 euros) y Castilla y Le\u00f3n (-22 euros).<\/p>\n<h2 class=\"ladillo\">BALEARES, LA MEJOR COMUNIDAD PARA TRABAJAR<\/h2>\n<p>Dejando a un lado el impacto de la inflaci\u00f3n sobre los salarios, Adecco destaca que el salario medio ordinario bruto se situ\u00f3 en el segundo trimestre en 1.674 euros mensuales, un 1,7% m\u00e1s en relaci\u00f3n al mismo periodo de 2018 y su octavo aumento trimestral consecutivo.<\/p>\n<p>Pa\u00eds Vasco y Madrid siguen presentando los salarios nominales ordinarios m\u00e1s elevados en promedio, con 1.973 y 1.964 euros al mes, respectivamente, frente a Extremadura y Murcia, que tienen los sueldos m\u00e1s bajos, con 1.358 y 1.433 euros, respectivamente.<\/p>\n<p>Seg\u00fan Adecco, las comunidades de Asturias, Baleares, Canarias, Cantabria, Castilla y Le\u00f3n, Catalu\u00f1a, Comunidad Valenciana, Galicia, Madrid y Navarra alcanzaron sus m\u00e1ximos niveles salariales medios en el segundo trimestre de este a\u00f1o.<\/p>\n<p>El estudio revela adem\u00e1s que Baleares, Catalu\u00f1a y Navarra son las comunidades que re\u00fanen las mejores condiciones para trabajar, mientras que las que peor valoraci\u00f3n reciben son Castilla-La Mancha, Canarias y Murcia.<\/p>\n<p>Para realizar esta clasificaci\u00f3n se toman en consideraci\u00f3n cinco \u00e1reas fundamentales del entorno laboral: remuneraci\u00f3n, seguridad laboral, oportunidades de empleo, conciliaci\u00f3n entre vida personal y familiar y conflictividad laboral.<\/p>\n<h2 class=\"ladillo\">UNO DE CADA CUATRO PARADOS DE LARGA DURACI\u00d3N EN LA UE EST\u00c1 EN ESPA\u00d1A<\/h2>\n<p>El informe de Adecco tambi\u00e9n pone de manifiesto que uno de cada tres parados espa\u00f1oles llevan en situaci\u00f3n de desempleo desde hace al menos dos a\u00f1os, la proporci\u00f3n m\u00e1s baja desde marzo de 2013 y casi cuatro puntos menos que el segundo trimestre de 2018.<\/p>\n<p>Pese a este descenso, Espa\u00f1a es el pa\u00eds con mayor n\u00famero de parados de larga duraci\u00f3n, con 1,1 millones, superando por poco a Italia, cuya poblaci\u00f3n es un 30% superior. De este modo, uno de cada cuatro parados de larga duraci\u00f3n de la UE reside en Espa\u00f1a.<\/p>\n<p>La proporci\u00f3n espa\u00f1ola de parados de larga duraci\u00f3n sobre el total de desempleados (32,4%) s\u00f3lo es superada por Grecia (50,4%), Italia (38,4%) y Bulgaria (36,8%) y se encuentra seis puntos por encima del promedio europeo (26,4%).<\/p>\n<\/div>\n<p>[ad_2]<br \/>\n<br \/><a href=\"https:\/\/www.europapress.es\/economia\/laboral-00346\/noticia-salario-medio-espana-recorta-poder-adquisitivo-133-euros-anuales-2017-20190828092941.html\">Source link <\/a><\/p>\n","protected":false},"excerpt":{"rendered":"<p>[ad_1] Uno de cada cuatro parados de larga duraci\u00f3n de la UE reside en Espa\u00f1a MADRID, 28 Ago. (EUROPA PRESS) &#8211; El poder de compra del salario medio en Espa\u00f1a se ha reducido un 0,7% en los dos \u00faltimos dos a\u00f1os (desde el segundo trimestre de 2017 al mismo periodo de 2019), lo que equivale [&hellip;]<\/p>\n","protected":false},"author":2,"featured_media":9794,"comment_status":"open","ping_status":"open","sticky":false,"template":"","format":"standard","meta":{"footnotes":""},"categories":[1],"tags":[],"class_list":["post-9793","post","type-post","status-publish","format-standard","has-post-thumbnail","hentry","category-noticias-financieras"],"yoast_head":"<!-- This site is optimized with the Yoast SEO plugin v27.4 - https:\/\/yoast.com\/product\/yoast-seo-wordpress\/ -->\n<title>El salario medio en Espa\u00f1a recorta su poder adquisitivo en 133 euros anuales desde 2017 - Super News<\/title>\n<meta name=\"robots\" content=\"index, follow, max-snippet:-1, max-image-preview:large, max-video-preview:-1\" \/>\n<link rel=\"canonical\" href=\"https:\/\/super-news.info\/es\/el-salario-medio-en-espana-recorta-su-poder-adquisitivo-en-133-euros-anuales-desde-2017\/\" \/>\n<meta property=\"og:locale\" content=\"en_US\" \/>\n<meta property=\"og:type\" content=\"article\" \/>\n<meta property=\"og:title\" content=\"El salario medio en Espa\u00f1a recorta su poder adquisitivo en 133 euros anuales desde 2017 - Super News\" \/>\n<meta property=\"og:description\" content=\"[ad_1] Uno de cada cuatro parados de larga duraci\u00f3n de la UE reside en Espa\u00f1a MADRID, 28 Ago. (EUROPA PRESS) &#8211; El poder de compra del salario medio en Espa\u00f1a se ha reducido un 0,7% en los dos \u00faltimos dos a\u00f1os (desde el segundo trimestre de 2017 al mismo periodo de 2019), lo que equivale [&hellip;]\" \/>\n<meta property=\"og:url\" content=\"https:\/\/super-news.info\/es\/el-salario-medio-en-espana-recorta-su-poder-adquisitivo-en-133-euros-anuales-desde-2017\/\" \/>\n<meta property=\"og:site_name\" content=\"Super News\" \/>\n<meta property=\"article:published_time\" content=\"2019-08-28T20:17:33+00:00\" \/>\n<meta property=\"article:modified_time\" content=\"2019-08-28T20:17:34+00:00\" \/>\n<meta property=\"og:image\" content=\"https:\/\/super-news.info\/es\/wp-content\/uploads\/sites\/4\/2019\/08\/El-salario-medio-en-Espa-a-recorta-su-poder-adquisitivo-en.jpg\" \/>\n\t<meta property=\"og:image:width\" content=\"120\" \/>\n\t<meta property=\"og:image:height\" content=\"71\" \/>\n\t<meta property=\"og:image:type\" content=\"image\/jpeg\" \/>\n<meta name=\"author\" content=\"super-news\" \/>\n<meta name=\"twitter:card\" content=\"summary_large_image\" \/>\n<meta name=\"twitter:label1\" content=\"Written by\" \/>\n\t<meta name=\"twitter:data1\" content=\"super-news\" \/>\n\t<meta name=\"twitter:label2\" content=\"Est. reading time\" \/>\n\t<meta name=\"twitter:data2\" content=\"3 minutes\" \/>\n<script type=\"application\/ld+json\" class=\"yoast-schema-graph\">{\"@context\":\"https:\\\/\\\/schema.org\",\"@graph\":[{\"@type\":\"Article\",\"@id\":\"https:\\\/\\\/super-news.info\\\/es\\\/el-salario-medio-en-espana-recorta-su-poder-adquisitivo-en-133-euros-anuales-desde-2017\\\/#article\",\"isPartOf\":{\"@id\":\"https:\\\/\\\/super-news.info\\\/es\\\/el-salario-medio-en-espana-recorta-su-poder-adquisitivo-en-133-euros-anuales-desde-2017\\\/\"},\"author\":{\"name\":\"super-news\",\"@id\":\"https:\\\/\\\/super-news.info\\\/es\\\/#\\\/schema\\\/person\\\/2d4068cb2f39cd10008c2fce578a7356\"},\"headline\":\"El salario medio en Espa\u00f1a recorta su poder adquisitivo en 133 euros anuales desde 2017\",\"datePublished\":\"2019-08-28T20:17:33+00:00\",\"dateModified\":\"2019-08-28T20:17:34+00:00\",\"mainEntityOfPage\":{\"@id\":\"https:\\\/\\\/super-news.info\\\/es\\\/el-salario-medio-en-espana-recorta-su-poder-adquisitivo-en-133-euros-anuales-desde-2017\\\/\"},\"wordCount\":684,\"commentCount\":0,\"image\":{\"@id\":\"https:\\\/\\\/super-news.info\\\/es\\\/el-salario-medio-en-espana-recorta-su-poder-adquisitivo-en-133-euros-anuales-desde-2017\\\/#primaryimage\"},\"thumbnailUrl\":\"https:\\\/\\\/super-news.info\\\/es\\\/wp-content\\\/uploads\\\/sites\\\/4\\\/2019\\\/08\\\/El-salario-medio-en-Espa-a-recorta-su-poder-adquisitivo-en.jpg\",\"articleSection\":[\"NOTICIAS FINANCIERAS\"],\"inLanguage\":\"en-US\",\"potentialAction\":[{\"@type\":\"CommentAction\",\"name\":\"Comment\",\"target\":[\"https:\\\/\\\/super-news.info\\\/es\\\/el-salario-medio-en-espana-recorta-su-poder-adquisitivo-en-133-euros-anuales-desde-2017\\\/#respond\"]}]},{\"@type\":\"WebPage\",\"@id\":\"https:\\\/\\\/super-news.info\\\/es\\\/el-salario-medio-en-espana-recorta-su-poder-adquisitivo-en-133-euros-anuales-desde-2017\\\/\",\"url\":\"https:\\\/\\\/super-news.info\\\/es\\\/el-salario-medio-en-espana-recorta-su-poder-adquisitivo-en-133-euros-anuales-desde-2017\\\/\",\"name\":\"El salario medio en Espa\u00f1a recorta su poder adquisitivo en 133 euros anuales desde 2017 - Super News\",\"isPartOf\":{\"@id\":\"https:\\\/\\\/super-news.info\\\/es\\\/#website\"},\"primaryImageOfPage\":{\"@id\":\"https:\\\/\\\/super-news.info\\\/es\\\/el-salario-medio-en-espana-recorta-su-poder-adquisitivo-en-133-euros-anuales-desde-2017\\\/#primaryimage\"},\"image\":{\"@id\":\"https:\\\/\\\/super-news.info\\\/es\\\/el-salario-medio-en-espana-recorta-su-poder-adquisitivo-en-133-euros-anuales-desde-2017\\\/#primaryimage\"},\"thumbnailUrl\":\"https:\\\/\\\/super-news.info\\\/es\\\/wp-content\\\/uploads\\\/sites\\\/4\\\/2019\\\/08\\\/El-salario-medio-en-Espa-a-recorta-su-poder-adquisitivo-en.jpg\",\"datePublished\":\"2019-08-28T20:17:33+00:00\",\"dateModified\":\"2019-08-28T20:17:34+00:00\",\"author\":{\"@id\":\"https:\\\/\\\/super-news.info\\\/es\\\/#\\\/schema\\\/person\\\/2d4068cb2f39cd10008c2fce578a7356\"},\"breadcrumb\":{\"@id\":\"https:\\\/\\\/super-news.info\\\/es\\\/el-salario-medio-en-espana-recorta-su-poder-adquisitivo-en-133-euros-anuales-desde-2017\\\/#breadcrumb\"},\"inLanguage\":\"en-US\",\"potentialAction\":[{\"@type\":\"ReadAction\",\"target\":[\"https:\\\/\\\/super-news.info\\\/es\\\/el-salario-medio-en-espana-recorta-su-poder-adquisitivo-en-133-euros-anuales-desde-2017\\\/\"]}]},{\"@type\":\"ImageObject\",\"inLanguage\":\"en-US\",\"@id\":\"https:\\\/\\\/super-news.info\\\/es\\\/el-salario-medio-en-espana-recorta-su-poder-adquisitivo-en-133-euros-anuales-desde-2017\\\/#primaryimage\",\"url\":\"https:\\\/\\\/super-news.info\\\/es\\\/wp-content\\\/uploads\\\/sites\\\/4\\\/2019\\\/08\\\/El-salario-medio-en-Espa-a-recorta-su-poder-adquisitivo-en.jpg\",\"contentUrl\":\"https:\\\/\\\/super-news.info\\\/es\\\/wp-content\\\/uploads\\\/sites\\\/4\\\/2019\\\/08\\\/El-salario-medio-en-Espa-a-recorta-su-poder-adquisitivo-en.jpg\",\"width\":120,\"height\":71,\"caption\":\"El salario medio en Espa\u00f1a recorta su poder adquisitivo en 133 euros anuales desde 2017\"},{\"@type\":\"BreadcrumbList\",\"@id\":\"https:\\\/\\\/super-news.info\\\/es\\\/el-salario-medio-en-espana-recorta-su-poder-adquisitivo-en-133-euros-anuales-desde-2017\\\/#breadcrumb\",\"itemListElement\":[{\"@type\":\"ListItem\",\"position\":1,\"name\":\"\u0413\u043b\u0430\u0432\u043d\u0430\u044f \u0441\u0442\u0440\u0430\u043d\u0438\u0446\u0430\",\"item\":\"https:\\\/\\\/super-news.info\\\/es\\\/\"},{\"@type\":\"ListItem\",\"position\":2,\"name\":\"El salario medio en Espa\u00f1a recorta su poder adquisitivo en 133 euros anuales desde 2017\"}]},{\"@type\":\"WebSite\",\"@id\":\"https:\\\/\\\/super-news.info\\\/es\\\/#website\",\"url\":\"https:\\\/\\\/super-news.info\\\/es\\\/\",\"name\":\"Super News\",\"description\":\"Super News Espa\u00f1a\",\"potentialAction\":[{\"@type\":\"SearchAction\",\"target\":{\"@type\":\"EntryPoint\",\"urlTemplate\":\"https:\\\/\\\/super-news.info\\\/es\\\/?s={search_term_string}\"},\"query-input\":{\"@type\":\"PropertyValueSpecification\",\"valueRequired\":true,\"valueName\":\"search_term_string\"}}],\"inLanguage\":\"en-US\"},{\"@type\":\"Person\",\"@id\":\"https:\\\/\\\/super-news.info\\\/es\\\/#\\\/schema\\\/person\\\/2d4068cb2f39cd10008c2fce578a7356\",\"name\":\"super-news\",\"image\":{\"@type\":\"ImageObject\",\"inLanguage\":\"en-US\",\"@id\":\"https:\\\/\\\/secure.gravatar.com\\\/avatar\\\/64ebac40b93f26a154f8a9b5b6fdccfc46f442b26b3dd6756dbff3bf9dc76fd7?s=96&d=mm&r=g\",\"url\":\"https:\\\/\\\/secure.gravatar.com\\\/avatar\\\/64ebac40b93f26a154f8a9b5b6fdccfc46f442b26b3dd6756dbff3bf9dc76fd7?s=96&d=mm&r=g\",\"contentUrl\":\"https:\\\/\\\/secure.gravatar.com\\\/avatar\\\/64ebac40b93f26a154f8a9b5b6fdccfc46f442b26b3dd6756dbff3bf9dc76fd7?s=96&d=mm&r=g\",\"caption\":\"super-news\"},\"url\":\"https:\\\/\\\/super-news.info\\\/es\\\/author\\\/pt\\\/\"}]}<\/script>\n<!-- \/ Yoast SEO plugin. -->","yoast_head_json":{"title":"El salario medio en Espa\u00f1a recorta su poder adquisitivo en 133 euros anuales desde 2017 - Super News","robots":{"index":"index","follow":"follow","max-snippet":"max-snippet:-1","max-image-preview":"max-image-preview:large","max-video-preview":"max-video-preview:-1"},"canonical":"https:\/\/super-news.info\/es\/el-salario-medio-en-espana-recorta-su-poder-adquisitivo-en-133-euros-anuales-desde-2017\/","og_locale":"en_US","og_type":"article","og_title":"El salario medio en Espa\u00f1a recorta su poder adquisitivo en 133 euros anuales desde 2017 - Super News","og_description":"[ad_1] Uno de cada cuatro parados de larga duraci\u00f3n de la UE reside en Espa\u00f1a MADRID, 28 Ago. (EUROPA PRESS) &#8211; El poder de compra del salario medio en Espa\u00f1a se ha reducido un 0,7% en los dos \u00faltimos dos a\u00f1os (desde el segundo trimestre de 2017 al mismo periodo de 2019), lo que equivale [&hellip;]","og_url":"https:\/\/super-news.info\/es\/el-salario-medio-en-espana-recorta-su-poder-adquisitivo-en-133-euros-anuales-desde-2017\/","og_site_name":"Super News","article_published_time":"2019-08-28T20:17:33+00:00","article_modified_time":"2019-08-28T20:17:34+00:00","og_image":[{"width":120,"height":71,"url":"https:\/\/super-news.info\/es\/wp-content\/uploads\/sites\/4\/2019\/08\/El-salario-medio-en-Espa-a-recorta-su-poder-adquisitivo-en.jpg","type":"image\/jpeg"}],"author":"super-news","twitter_card":"summary_large_image","twitter_misc":{"Written by":"super-news","Est. reading time":"3 minutes"},"schema":{"@context":"https:\/\/schema.org","@graph":[{"@type":"Article","@id":"https:\/\/super-news.info\/es\/el-salario-medio-en-espana-recorta-su-poder-adquisitivo-en-133-euros-anuales-desde-2017\/#article","isPartOf":{"@id":"https:\/\/super-news.info\/es\/el-salario-medio-en-espana-recorta-su-poder-adquisitivo-en-133-euros-anuales-desde-2017\/"},"author":{"name":"super-news","@id":"https:\/\/super-news.info\/es\/#\/schema\/person\/2d4068cb2f39cd10008c2fce578a7356"},"headline":"El salario medio en Espa\u00f1a recorta su poder adquisitivo en 133 euros anuales desde 2017","datePublished":"2019-08-28T20:17:33+00:00","dateModified":"2019-08-28T20:17:34+00:00","mainEntityOfPage":{"@id":"https:\/\/super-news.info\/es\/el-salario-medio-en-espana-recorta-su-poder-adquisitivo-en-133-euros-anuales-desde-2017\/"},"wordCount":684,"commentCount":0,"image":{"@id":"https:\/\/super-news.info\/es\/el-salario-medio-en-espana-recorta-su-poder-adquisitivo-en-133-euros-anuales-desde-2017\/#primaryimage"},"thumbnailUrl":"https:\/\/super-news.info\/es\/wp-content\/uploads\/sites\/4\/2019\/08\/El-salario-medio-en-Espa-a-recorta-su-poder-adquisitivo-en.jpg","articleSection":["NOTICIAS FINANCIERAS"],"inLanguage":"en-US","potentialAction":[{"@type":"CommentAction","name":"Comment","target":["https:\/\/super-news.info\/es\/el-salario-medio-en-espana-recorta-su-poder-adquisitivo-en-133-euros-anuales-desde-2017\/#respond"]}]},{"@type":"WebPage","@id":"https:\/\/super-news.info\/es\/el-salario-medio-en-espana-recorta-su-poder-adquisitivo-en-133-euros-anuales-desde-2017\/","url":"https:\/\/super-news.info\/es\/el-salario-medio-en-espana-recorta-su-poder-adquisitivo-en-133-euros-anuales-desde-2017\/","name":"El salario medio en Espa\u00f1a recorta su poder adquisitivo en 133 euros anuales desde 2017 - Super News","isPartOf":{"@id":"https:\/\/super-news.info\/es\/#website"},"primaryImageOfPage":{"@id":"https:\/\/super-news.info\/es\/el-salario-medio-en-espana-recorta-su-poder-adquisitivo-en-133-euros-anuales-desde-2017\/#primaryimage"},"image":{"@id":"https:\/\/super-news.info\/es\/el-salario-medio-en-espana-recorta-su-poder-adquisitivo-en-133-euros-anuales-desde-2017\/#primaryimage"},"thumbnailUrl":"https:\/\/super-news.info\/es\/wp-content\/uploads\/sites\/4\/2019\/08\/El-salario-medio-en-Espa-a-recorta-su-poder-adquisitivo-en.jpg","datePublished":"2019-08-28T20:17:33+00:00","dateModified":"2019-08-28T20:17:34+00:00","author":{"@id":"https:\/\/super-news.info\/es\/#\/schema\/person\/2d4068cb2f39cd10008c2fce578a7356"},"breadcrumb":{"@id":"https:\/\/super-news.info\/es\/el-salario-medio-en-espana-recorta-su-poder-adquisitivo-en-133-euros-anuales-desde-2017\/#breadcrumb"},"inLanguage":"en-US","potentialAction":[{"@type":"ReadAction","target":["https:\/\/super-news.info\/es\/el-salario-medio-en-espana-recorta-su-poder-adquisitivo-en-133-euros-anuales-desde-2017\/"]}]},{"@type":"ImageObject","inLanguage":"en-US","@id":"https:\/\/super-news.info\/es\/el-salario-medio-en-espana-recorta-su-poder-adquisitivo-en-133-euros-anuales-desde-2017\/#primaryimage","url":"https:\/\/super-news.info\/es\/wp-content\/uploads\/sites\/4\/2019\/08\/El-salario-medio-en-Espa-a-recorta-su-poder-adquisitivo-en.jpg","contentUrl":"https:\/\/super-news.info\/es\/wp-content\/uploads\/sites\/4\/2019\/08\/El-salario-medio-en-Espa-a-recorta-su-poder-adquisitivo-en.jpg","width":120,"height":71,"caption":"El salario medio en Espa\u00f1a recorta su poder adquisitivo en 133 euros anuales desde 2017"},{"@type":"BreadcrumbList","@id":"https:\/\/super-news.info\/es\/el-salario-medio-en-espana-recorta-su-poder-adquisitivo-en-133-euros-anuales-desde-2017\/#breadcrumb","itemListElement":[{"@type":"ListItem","position":1,"name":"\u0413\u043b\u0430\u0432\u043d\u0430\u044f \u0441\u0442\u0440\u0430\u043d\u0438\u0446\u0430","item":"https:\/\/super-news.info\/es\/"},{"@type":"ListItem","position":2,"name":"El salario medio en Espa\u00f1a recorta su poder adquisitivo en 133 euros anuales desde 2017"}]},{"@type":"WebSite","@id":"https:\/\/super-news.info\/es\/#website","url":"https:\/\/super-news.info\/es\/","name":"Super News","description":"Super News Espa\u00f1a","potentialAction":[{"@type":"SearchAction","target":{"@type":"EntryPoint","urlTemplate":"https:\/\/super-news.info\/es\/?s={search_term_string}"},"query-input":{"@type":"PropertyValueSpecification","valueRequired":true,"valueName":"search_term_string"}}],"inLanguage":"en-US"},{"@type":"Person","@id":"https:\/\/super-news.info\/es\/#\/schema\/person\/2d4068cb2f39cd10008c2fce578a7356","name":"super-news","image":{"@type":"ImageObject","inLanguage":"en-US","@id":"https:\/\/secure.gravatar.com\/avatar\/64ebac40b93f26a154f8a9b5b6fdccfc46f442b26b3dd6756dbff3bf9dc76fd7?s=96&d=mm&r=g","url":"https:\/\/secure.gravatar.com\/avatar\/64ebac40b93f26a154f8a9b5b6fdccfc46f442b26b3dd6756dbff3bf9dc76fd7?s=96&d=mm&r=g","contentUrl":"https:\/\/secure.gravatar.com\/avatar\/64ebac40b93f26a154f8a9b5b6fdccfc46f442b26b3dd6756dbff3bf9dc76fd7?s=96&d=mm&r=g","caption":"super-news"},"url":"https:\/\/super-news.info\/es\/author\/pt\/"}]}},"_links":{"self":[{"href":"https:\/\/super-news.info\/es\/wp-json\/wp\/v2\/posts\/9793","targetHints":{"allow":["GET"]}}],"collection":[{"href":"https:\/\/super-news.info\/es\/wp-json\/wp\/v2\/posts"}],"about":[{"href":"https:\/\/super-news.info\/es\/wp-json\/wp\/v2\/types\/post"}],"author":[{"embeddable":true,"href":"https:\/\/super-news.info\/es\/wp-json\/wp\/v2\/users\/2"}],"replies":[{"embeddable":true,"href":"https:\/\/super-news.info\/es\/wp-json\/wp\/v2\/comments?post=9793"}],"version-history":[{"count":1,"href":"https:\/\/super-news.info\/es\/wp-json\/wp\/v2\/posts\/9793\/revisions"}],"predecessor-version":[{"id":9795,"href":"https:\/\/super-news.info\/es\/wp-json\/wp\/v2\/posts\/9793\/revisions\/9795"}],"wp:featuredmedia":[{"embeddable":true,"href":"https:\/\/super-news.info\/es\/wp-json\/wp\/v2\/media\/9794"}],"wp:attachment":[{"href":"https:\/\/super-news.info\/es\/wp-json\/wp\/v2\/media?parent=9793"}],"wp:term":[{"taxonomy":"category","embeddable":true,"href":"https:\/\/super-news.info\/es\/wp-json\/wp\/v2\/categories?post=9793"},{"taxonomy":"post_tag","embeddable":true,"href":"https:\/\/super-news.info\/es\/wp-json\/wp\/v2\/tags?post=9793"}],"curies":[{"name":"wp","href":"https:\/\/api.w.org\/{rel}","templated":true}]}}