{"id":9758,"date":"2019-08-28T15:29:25","date_gmt":"2019-08-28T12:29:25","guid":{"rendered":"https:\/\/super-news.info\/es\/la-libra-responde-con-caidas-a-la-peticion-de-boris-johnson-de-suspender-el-parlamento\/"},"modified":"2019-08-28T15:29:25","modified_gmt":"2019-08-28T12:29:25","slug":"la-libra-responde-con-caidas-a-la-peticion-de-boris-johnson-de-suspender-el-parlamento","status":"publish","type":"post","link":"https:\/\/super-news.info\/es\/la-libra-responde-con-caidas-a-la-peticion-de-boris-johnson-de-suspender-el-parlamento\/","title":{"rendered":"La libra responde con ca\u00eddas a la petici\u00f3n de Boris Johnson de suspender el Parlamento"},"content":{"rendered":"<p> [ad_1]<\/p>\n<div id=\"CuerpoNoticiav2\" itemprop=\"articleBody\">\n<p>LONDRES, 28 Ago. (EUROPA PRESS) &#8211;  <\/p>\n<p itemprop=\"description\">   La cotizaci\u00f3n de la libra esterlina frente al d\u00f3lar y el euro registraba ca\u00eddas significativas, despu\u00e9s de que el primer ministro brit\u00e1nico, Boris Johnson, haya confirmado que el discurso de la Reina, en el que su Gobierno presentar\u00e1 sus planes para el pa\u00eds, se celebrar\u00e1 el 14 de octubre, con la consiguiente suspensi\u00f3n del Parlamento, lo que se interpreta como una maniobra para impedir el veto a un Brexit sin acuerdo.<\/p>\n<p>   Este retraso en el inicio del curso parlamentario en Reino Unido ha golpeado a la moneda brit\u00e1nica, que ca\u00eda hasta los 1,2213 d\u00f3lares, tras cerrar el martes en 1,2287, su peor cruce en la \u00faltima semana frente al &#8216;billete verde&#8217;.<\/p>\n<p>   En el caso del euro, la libra llegaba a debilitarse hasta los 1,0959 euros desde los 1,1077 del cierre de ayer, acerc\u00e1ndose a sus m\u00ednimos de la \u00faltima d\u00e9cada frente a la moneda com\u00fan europea.<\/p>\n<p>   &#8220;La libra esterlina es un bar\u00f3metro clave de la incertidumbre del &#8216;Brexit&#8217;: cuanto m\u00e1s incierto es el entorno pol\u00edtico del Reino Unido, m\u00e1s d\u00e9bil es la libra y viceversa&#8221;, se\u00f1ala Ann-Katrin Petersen, estratega de inversi\u00f3n de Allianz Global Investors.<\/p>\n<p>   En este sentido, Olivia \u00c1lvarez, analista de Monex Europe, apunta que &#8220;con el Parlamento fuera de juego, se incrementan las probabilidades de un &#8216;Brexit&#8217; sin acuerdo para el 31 de octubre, al limitarse el tiempo efectivo que tienen los comunes para detener al Gobierno&#8221;.<\/p>\n<p>   &#8220;Este escenario desata las perspectivas de una profunda recesi\u00f3n de la econom\u00eda y el consiguiente ajuste de la pol\u00edtica monetaria, factores determinantes para una aguda depreciaci\u00f3n de la libra esterlina&#8221;, a\u00f1ade \u00c1lvarez.<\/p>\n<p>   No obstante, la experta plantea que otros dos escenarios pueden surgir de este episodio, ya que, por una parte, el Reino Unido endurece su postura negociadora frente a la UE, lo que podr\u00eda llevar a Bruselas a conceder demandas claves para el acuerdo como \u00faltimo recurso para evitar un divorcio ca\u00f3tico, mientras que por otro lado, el bloqueo parlamentario podr\u00eda generar una crisis constitucional en el pa\u00eds, incrementando la presi\u00f3n para unas posibles elecciones generales.<\/p>\n<p>   En esta l\u00ednea, Holger Schmieding, economista jefe de Berenberg, se\u00f1ala que el primer ministro brit\u00e1nico podr\u00eda sostener que la suspensi\u00f3n parlamentaria refuerza su posici\u00f3n negociadora frente a la UE, que se tomar\u00eda &#8220;incluso m\u00e1s en serio&#8221; su amenaza de una retirada sin acuerdo el pr\u00f3ximo 31 de octubre.<\/p>\n<p>   Sin embargo, el analista se\u00f1ala que esta estrategia tiene tres pegas: ya que la UE ya se est\u00e1 tomando en serio el riesgo de un &#8216;Brexit&#8217; ca\u00f3tico, los socios europeos del Reino Unido siguen pensando que el pa\u00eds brit\u00e1nico es el que m\u00e1s tiene que perder en el peor escenario, mientras que la maniobra refuerza las sospechas de la UE de que el principal objetivo de Johnson ser\u00eda imponerse en unas elecciones anticipadas m\u00e1s que llegar a un acuerdo con la UE.<\/p>\n<\/div>\n<p>[ad_2]<br \/>\n<br \/><a href=\"https:\/\/www.europapress.es\/economia\/finanzas-00340\/noticia-libra-responde-caidas-peticion-boris-johnson-suspender-parlamento-20190828133819.html\">Source link <\/a><\/p>\n","protected":false},"excerpt":{"rendered":"<p>[ad_1] LONDRES, 28 Ago. (EUROPA PRESS) &#8211; La cotizaci\u00f3n de la libra esterlina frente al d\u00f3lar y el euro registraba ca\u00eddas significativas, despu\u00e9s de que el primer ministro brit\u00e1nico, Boris Johnson, haya confirmado que el discurso de la Reina, en el que su Gobierno presentar\u00e1 sus planes para el pa\u00eds, se celebrar\u00e1 el 14 de [&hellip;]<\/p>\n","protected":false},"author":2,"featured_media":9759,"comment_status":"open","ping_status":"open","sticky":false,"template":"","format":"standard","meta":{"footnotes":""},"categories":[1],"tags":[],"class_list":["post-9758","post","type-post","status-publish","format-standard","has-post-thumbnail","hentry","category-noticias-financieras"],"yoast_head":"<!-- This site is optimized with the Yoast SEO plugin v27.4 - https:\/\/yoast.com\/product\/yoast-seo-wordpress\/ -->\n<title>La libra responde con ca\u00eddas a la petici\u00f3n de Boris Johnson de suspender el Parlamento - Super News<\/title>\n<meta name=\"robots\" content=\"index, follow, max-snippet:-1, max-image-preview:large, max-video-preview:-1\" \/>\n<link rel=\"canonical\" href=\"https:\/\/super-news.info\/es\/la-libra-responde-con-caidas-a-la-peticion-de-boris-johnson-de-suspender-el-parlamento\/\" \/>\n<meta property=\"og:locale\" content=\"en_US\" \/>\n<meta property=\"og:type\" content=\"article\" \/>\n<meta property=\"og:title\" content=\"La libra responde con ca\u00eddas a la petici\u00f3n de Boris Johnson de suspender el Parlamento - Super News\" \/>\n<meta property=\"og:description\" content=\"[ad_1] LONDRES, 28 Ago. (EUROPA PRESS) &#8211; La cotizaci\u00f3n de la libra esterlina frente al d\u00f3lar y el euro registraba ca\u00eddas significativas, despu\u00e9s de que el primer ministro brit\u00e1nico, Boris Johnson, haya confirmado que el discurso de la Reina, en el que su Gobierno presentar\u00e1 sus planes para el pa\u00eds, se celebrar\u00e1 el 14 de [&hellip;]\" \/>\n<meta property=\"og:url\" content=\"https:\/\/super-news.info\/es\/la-libra-responde-con-caidas-a-la-peticion-de-boris-johnson-de-suspender-el-parlamento\/\" \/>\n<meta property=\"og:site_name\" content=\"Super News\" \/>\n<meta property=\"article:published_time\" content=\"2019-08-28T12:29:25+00:00\" \/>\n<meta property=\"og:image\" content=\"https:\/\/super-news.info\/es\/wp-content\/uploads\/sites\/4\/2019\/08\/La-libra-responde-con-ca-das-a-la-petici-n-de-Boris.jpg\" \/>\n\t<meta property=\"og:image:width\" content=\"120\" \/>\n\t<meta property=\"og:image:height\" content=\"80\" \/>\n\t<meta property=\"og:image:type\" content=\"image\/jpeg\" \/>\n<meta name=\"author\" content=\"super-news\" \/>\n<meta name=\"twitter:card\" content=\"summary_large_image\" \/>\n<meta name=\"twitter:label1\" content=\"Written by\" \/>\n\t<meta name=\"twitter:data1\" content=\"super-news\" \/>\n\t<meta name=\"twitter:label2\" content=\"Est. reading time\" \/>\n\t<meta name=\"twitter:data2\" content=\"3 minutes\" \/>\n<script type=\"application\/ld+json\" class=\"yoast-schema-graph\">{\"@context\":\"https:\\\/\\\/schema.org\",\"@graph\":[{\"@type\":\"Article\",\"@id\":\"https:\\\/\\\/super-news.info\\\/es\\\/la-libra-responde-con-caidas-a-la-peticion-de-boris-johnson-de-suspender-el-parlamento\\\/#article\",\"isPartOf\":{\"@id\":\"https:\\\/\\\/super-news.info\\\/es\\\/la-libra-responde-con-caidas-a-la-peticion-de-boris-johnson-de-suspender-el-parlamento\\\/\"},\"author\":{\"name\":\"super-news\",\"@id\":\"https:\\\/\\\/super-news.info\\\/es\\\/#\\\/schema\\\/person\\\/2d4068cb2f39cd10008c2fce578a7356\"},\"headline\":\"La libra responde con ca\u00eddas a la petici\u00f3n de Boris Johnson de suspender el Parlamento\",\"datePublished\":\"2019-08-28T12:29:25+00:00\",\"mainEntityOfPage\":{\"@id\":\"https:\\\/\\\/super-news.info\\\/es\\\/la-libra-responde-con-caidas-a-la-peticion-de-boris-johnson-de-suspender-el-parlamento\\\/\"},\"wordCount\":532,\"commentCount\":0,\"image\":{\"@id\":\"https:\\\/\\\/super-news.info\\\/es\\\/la-libra-responde-con-caidas-a-la-peticion-de-boris-johnson-de-suspender-el-parlamento\\\/#primaryimage\"},\"thumbnailUrl\":\"https:\\\/\\\/super-news.info\\\/es\\\/wp-content\\\/uploads\\\/sites\\\/4\\\/2019\\\/08\\\/La-libra-responde-con-ca-das-a-la-petici-n-de-Boris.jpg\",\"articleSection\":[\"NOTICIAS FINANCIERAS\"],\"inLanguage\":\"en-US\",\"potentialAction\":[{\"@type\":\"CommentAction\",\"name\":\"Comment\",\"target\":[\"https:\\\/\\\/super-news.info\\\/es\\\/la-libra-responde-con-caidas-a-la-peticion-de-boris-johnson-de-suspender-el-parlamento\\\/#respond\"]}]},{\"@type\":\"WebPage\",\"@id\":\"https:\\\/\\\/super-news.info\\\/es\\\/la-libra-responde-con-caidas-a-la-peticion-de-boris-johnson-de-suspender-el-parlamento\\\/\",\"url\":\"https:\\\/\\\/super-news.info\\\/es\\\/la-libra-responde-con-caidas-a-la-peticion-de-boris-johnson-de-suspender-el-parlamento\\\/\",\"name\":\"La libra responde con ca\u00eddas a la petici\u00f3n de Boris Johnson de suspender el Parlamento - Super News\",\"isPartOf\":{\"@id\":\"https:\\\/\\\/super-news.info\\\/es\\\/#website\"},\"primaryImageOfPage\":{\"@id\":\"https:\\\/\\\/super-news.info\\\/es\\\/la-libra-responde-con-caidas-a-la-peticion-de-boris-johnson-de-suspender-el-parlamento\\\/#primaryimage\"},\"image\":{\"@id\":\"https:\\\/\\\/super-news.info\\\/es\\\/la-libra-responde-con-caidas-a-la-peticion-de-boris-johnson-de-suspender-el-parlamento\\\/#primaryimage\"},\"thumbnailUrl\":\"https:\\\/\\\/super-news.info\\\/es\\\/wp-content\\\/uploads\\\/sites\\\/4\\\/2019\\\/08\\\/La-libra-responde-con-ca-das-a-la-petici-n-de-Boris.jpg\",\"datePublished\":\"2019-08-28T12:29:25+00:00\",\"author\":{\"@id\":\"https:\\\/\\\/super-news.info\\\/es\\\/#\\\/schema\\\/person\\\/2d4068cb2f39cd10008c2fce578a7356\"},\"breadcrumb\":{\"@id\":\"https:\\\/\\\/super-news.info\\\/es\\\/la-libra-responde-con-caidas-a-la-peticion-de-boris-johnson-de-suspender-el-parlamento\\\/#breadcrumb\"},\"inLanguage\":\"en-US\",\"potentialAction\":[{\"@type\":\"ReadAction\",\"target\":[\"https:\\\/\\\/super-news.info\\\/es\\\/la-libra-responde-con-caidas-a-la-peticion-de-boris-johnson-de-suspender-el-parlamento\\\/\"]}]},{\"@type\":\"ImageObject\",\"inLanguage\":\"en-US\",\"@id\":\"https:\\\/\\\/super-news.info\\\/es\\\/la-libra-responde-con-caidas-a-la-peticion-de-boris-johnson-de-suspender-el-parlamento\\\/#primaryimage\",\"url\":\"https:\\\/\\\/super-news.info\\\/es\\\/wp-content\\\/uploads\\\/sites\\\/4\\\/2019\\\/08\\\/La-libra-responde-con-ca-das-a-la-petici-n-de-Boris.jpg\",\"contentUrl\":\"https:\\\/\\\/super-news.info\\\/es\\\/wp-content\\\/uploads\\\/sites\\\/4\\\/2019\\\/08\\\/La-libra-responde-con-ca-das-a-la-petici-n-de-Boris.jpg\",\"width\":120,\"height\":80,\"caption\":\"La libra responde con ca\u00eddas a la petici\u00f3n de Boris Johnson de suspender el Parlamento\"},{\"@type\":\"BreadcrumbList\",\"@id\":\"https:\\\/\\\/super-news.info\\\/es\\\/la-libra-responde-con-caidas-a-la-peticion-de-boris-johnson-de-suspender-el-parlamento\\\/#breadcrumb\",\"itemListElement\":[{\"@type\":\"ListItem\",\"position\":1,\"name\":\"\u0413\u043b\u0430\u0432\u043d\u0430\u044f \u0441\u0442\u0440\u0430\u043d\u0438\u0446\u0430\",\"item\":\"https:\\\/\\\/super-news.info\\\/es\\\/\"},{\"@type\":\"ListItem\",\"position\":2,\"name\":\"La libra responde con ca\u00eddas a la petici\u00f3n de Boris Johnson de suspender el Parlamento\"}]},{\"@type\":\"WebSite\",\"@id\":\"https:\\\/\\\/super-news.info\\\/es\\\/#website\",\"url\":\"https:\\\/\\\/super-news.info\\\/es\\\/\",\"name\":\"Super News\",\"description\":\"Super News Espa\u00f1a\",\"potentialAction\":[{\"@type\":\"SearchAction\",\"target\":{\"@type\":\"EntryPoint\",\"urlTemplate\":\"https:\\\/\\\/super-news.info\\\/es\\\/?s={search_term_string}\"},\"query-input\":{\"@type\":\"PropertyValueSpecification\",\"valueRequired\":true,\"valueName\":\"search_term_string\"}}],\"inLanguage\":\"en-US\"},{\"@type\":\"Person\",\"@id\":\"https:\\\/\\\/super-news.info\\\/es\\\/#\\\/schema\\\/person\\\/2d4068cb2f39cd10008c2fce578a7356\",\"name\":\"super-news\",\"image\":{\"@type\":\"ImageObject\",\"inLanguage\":\"en-US\",\"@id\":\"https:\\\/\\\/secure.gravatar.com\\\/avatar\\\/64ebac40b93f26a154f8a9b5b6fdccfc46f442b26b3dd6756dbff3bf9dc76fd7?s=96&d=mm&r=g\",\"url\":\"https:\\\/\\\/secure.gravatar.com\\\/avatar\\\/64ebac40b93f26a154f8a9b5b6fdccfc46f442b26b3dd6756dbff3bf9dc76fd7?s=96&d=mm&r=g\",\"contentUrl\":\"https:\\\/\\\/secure.gravatar.com\\\/avatar\\\/64ebac40b93f26a154f8a9b5b6fdccfc46f442b26b3dd6756dbff3bf9dc76fd7?s=96&d=mm&r=g\",\"caption\":\"super-news\"},\"url\":\"https:\\\/\\\/super-news.info\\\/es\\\/author\\\/pt\\\/\"}]}<\/script>\n<!-- \/ Yoast SEO plugin. -->","yoast_head_json":{"title":"La libra responde con ca\u00eddas a la petici\u00f3n de Boris Johnson de suspender el Parlamento - Super News","robots":{"index":"index","follow":"follow","max-snippet":"max-snippet:-1","max-image-preview":"max-image-preview:large","max-video-preview":"max-video-preview:-1"},"canonical":"https:\/\/super-news.info\/es\/la-libra-responde-con-caidas-a-la-peticion-de-boris-johnson-de-suspender-el-parlamento\/","og_locale":"en_US","og_type":"article","og_title":"La libra responde con ca\u00eddas a la petici\u00f3n de Boris Johnson de suspender el Parlamento - Super News","og_description":"[ad_1] LONDRES, 28 Ago. (EUROPA PRESS) &#8211; La cotizaci\u00f3n de la libra esterlina frente al d\u00f3lar y el euro registraba ca\u00eddas significativas, despu\u00e9s de que el primer ministro brit\u00e1nico, Boris Johnson, haya confirmado que el discurso de la Reina, en el que su Gobierno presentar\u00e1 sus planes para el pa\u00eds, se celebrar\u00e1 el 14 de [&hellip;]","og_url":"https:\/\/super-news.info\/es\/la-libra-responde-con-caidas-a-la-peticion-de-boris-johnson-de-suspender-el-parlamento\/","og_site_name":"Super News","article_published_time":"2019-08-28T12:29:25+00:00","og_image":[{"width":120,"height":80,"url":"https:\/\/super-news.info\/es\/wp-content\/uploads\/sites\/4\/2019\/08\/La-libra-responde-con-ca-das-a-la-petici-n-de-Boris.jpg","type":"image\/jpeg"}],"author":"super-news","twitter_card":"summary_large_image","twitter_misc":{"Written by":"super-news","Est. reading time":"3 minutes"},"schema":{"@context":"https:\/\/schema.org","@graph":[{"@type":"Article","@id":"https:\/\/super-news.info\/es\/la-libra-responde-con-caidas-a-la-peticion-de-boris-johnson-de-suspender-el-parlamento\/#article","isPartOf":{"@id":"https:\/\/super-news.info\/es\/la-libra-responde-con-caidas-a-la-peticion-de-boris-johnson-de-suspender-el-parlamento\/"},"author":{"name":"super-news","@id":"https:\/\/super-news.info\/es\/#\/schema\/person\/2d4068cb2f39cd10008c2fce578a7356"},"headline":"La libra responde con ca\u00eddas a la petici\u00f3n de Boris Johnson de suspender el Parlamento","datePublished":"2019-08-28T12:29:25+00:00","mainEntityOfPage":{"@id":"https:\/\/super-news.info\/es\/la-libra-responde-con-caidas-a-la-peticion-de-boris-johnson-de-suspender-el-parlamento\/"},"wordCount":532,"commentCount":0,"image":{"@id":"https:\/\/super-news.info\/es\/la-libra-responde-con-caidas-a-la-peticion-de-boris-johnson-de-suspender-el-parlamento\/#primaryimage"},"thumbnailUrl":"https:\/\/super-news.info\/es\/wp-content\/uploads\/sites\/4\/2019\/08\/La-libra-responde-con-ca-das-a-la-petici-n-de-Boris.jpg","articleSection":["NOTICIAS FINANCIERAS"],"inLanguage":"en-US","potentialAction":[{"@type":"CommentAction","name":"Comment","target":["https:\/\/super-news.info\/es\/la-libra-responde-con-caidas-a-la-peticion-de-boris-johnson-de-suspender-el-parlamento\/#respond"]}]},{"@type":"WebPage","@id":"https:\/\/super-news.info\/es\/la-libra-responde-con-caidas-a-la-peticion-de-boris-johnson-de-suspender-el-parlamento\/","url":"https:\/\/super-news.info\/es\/la-libra-responde-con-caidas-a-la-peticion-de-boris-johnson-de-suspender-el-parlamento\/","name":"La libra responde con ca\u00eddas a la petici\u00f3n de Boris Johnson de suspender el Parlamento - Super News","isPartOf":{"@id":"https:\/\/super-news.info\/es\/#website"},"primaryImageOfPage":{"@id":"https:\/\/super-news.info\/es\/la-libra-responde-con-caidas-a-la-peticion-de-boris-johnson-de-suspender-el-parlamento\/#primaryimage"},"image":{"@id":"https:\/\/super-news.info\/es\/la-libra-responde-con-caidas-a-la-peticion-de-boris-johnson-de-suspender-el-parlamento\/#primaryimage"},"thumbnailUrl":"https:\/\/super-news.info\/es\/wp-content\/uploads\/sites\/4\/2019\/08\/La-libra-responde-con-ca-das-a-la-petici-n-de-Boris.jpg","datePublished":"2019-08-28T12:29:25+00:00","author":{"@id":"https:\/\/super-news.info\/es\/#\/schema\/person\/2d4068cb2f39cd10008c2fce578a7356"},"breadcrumb":{"@id":"https:\/\/super-news.info\/es\/la-libra-responde-con-caidas-a-la-peticion-de-boris-johnson-de-suspender-el-parlamento\/#breadcrumb"},"inLanguage":"en-US","potentialAction":[{"@type":"ReadAction","target":["https:\/\/super-news.info\/es\/la-libra-responde-con-caidas-a-la-peticion-de-boris-johnson-de-suspender-el-parlamento\/"]}]},{"@type":"ImageObject","inLanguage":"en-US","@id":"https:\/\/super-news.info\/es\/la-libra-responde-con-caidas-a-la-peticion-de-boris-johnson-de-suspender-el-parlamento\/#primaryimage","url":"https:\/\/super-news.info\/es\/wp-content\/uploads\/sites\/4\/2019\/08\/La-libra-responde-con-ca-das-a-la-petici-n-de-Boris.jpg","contentUrl":"https:\/\/super-news.info\/es\/wp-content\/uploads\/sites\/4\/2019\/08\/La-libra-responde-con-ca-das-a-la-petici-n-de-Boris.jpg","width":120,"height":80,"caption":"La libra responde con ca\u00eddas a la petici\u00f3n de Boris Johnson de suspender el Parlamento"},{"@type":"BreadcrumbList","@id":"https:\/\/super-news.info\/es\/la-libra-responde-con-caidas-a-la-peticion-de-boris-johnson-de-suspender-el-parlamento\/#breadcrumb","itemListElement":[{"@type":"ListItem","position":1,"name":"\u0413\u043b\u0430\u0432\u043d\u0430\u044f \u0441\u0442\u0440\u0430\u043d\u0438\u0446\u0430","item":"https:\/\/super-news.info\/es\/"},{"@type":"ListItem","position":2,"name":"La libra responde con ca\u00eddas a la petici\u00f3n de Boris Johnson de suspender el Parlamento"}]},{"@type":"WebSite","@id":"https:\/\/super-news.info\/es\/#website","url":"https:\/\/super-news.info\/es\/","name":"Super News","description":"Super News Espa\u00f1a","potentialAction":[{"@type":"SearchAction","target":{"@type":"EntryPoint","urlTemplate":"https:\/\/super-news.info\/es\/?s={search_term_string}"},"query-input":{"@type":"PropertyValueSpecification","valueRequired":true,"valueName":"search_term_string"}}],"inLanguage":"en-US"},{"@type":"Person","@id":"https:\/\/super-news.info\/es\/#\/schema\/person\/2d4068cb2f39cd10008c2fce578a7356","name":"super-news","image":{"@type":"ImageObject","inLanguage":"en-US","@id":"https:\/\/secure.gravatar.com\/avatar\/64ebac40b93f26a154f8a9b5b6fdccfc46f442b26b3dd6756dbff3bf9dc76fd7?s=96&d=mm&r=g","url":"https:\/\/secure.gravatar.com\/avatar\/64ebac40b93f26a154f8a9b5b6fdccfc46f442b26b3dd6756dbff3bf9dc76fd7?s=96&d=mm&r=g","contentUrl":"https:\/\/secure.gravatar.com\/avatar\/64ebac40b93f26a154f8a9b5b6fdccfc46f442b26b3dd6756dbff3bf9dc76fd7?s=96&d=mm&r=g","caption":"super-news"},"url":"https:\/\/super-news.info\/es\/author\/pt\/"}]}},"_links":{"self":[{"href":"https:\/\/super-news.info\/es\/wp-json\/wp\/v2\/posts\/9758","targetHints":{"allow":["GET"]}}],"collection":[{"href":"https:\/\/super-news.info\/es\/wp-json\/wp\/v2\/posts"}],"about":[{"href":"https:\/\/super-news.info\/es\/wp-json\/wp\/v2\/types\/post"}],"author":[{"embeddable":true,"href":"https:\/\/super-news.info\/es\/wp-json\/wp\/v2\/users\/2"}],"replies":[{"embeddable":true,"href":"https:\/\/super-news.info\/es\/wp-json\/wp\/v2\/comments?post=9758"}],"version-history":[{"count":1,"href":"https:\/\/super-news.info\/es\/wp-json\/wp\/v2\/posts\/9758\/revisions"}],"predecessor-version":[{"id":9760,"href":"https:\/\/super-news.info\/es\/wp-json\/wp\/v2\/posts\/9758\/revisions\/9760"}],"wp:featuredmedia":[{"embeddable":true,"href":"https:\/\/super-news.info\/es\/wp-json\/wp\/v2\/media\/9759"}],"wp:attachment":[{"href":"https:\/\/super-news.info\/es\/wp-json\/wp\/v2\/media?parent=9758"}],"wp:term":[{"taxonomy":"category","embeddable":true,"href":"https:\/\/super-news.info\/es\/wp-json\/wp\/v2\/categories?post=9758"},{"taxonomy":"post_tag","embeddable":true,"href":"https:\/\/super-news.info\/es\/wp-json\/wp\/v2\/tags?post=9758"}],"curies":[{"name":"wp","href":"https:\/\/api.w.org\/{rel}","templated":true}]}}