{"id":9752,"date":"2019-08-28T14:23:07","date_gmt":"2019-08-28T11:23:07","guid":{"rendered":"https:\/\/super-news.info\/es\/el-sepla-amenaza-con-una-huelga-en-ryanair-para-los-dias-19-20-22-27-y-29-de-septiembre\/"},"modified":"2019-08-28T14:23:08","modified_gmt":"2019-08-28T11:23:08","slug":"el-sepla-amenaza-con-una-huelga-en-ryanair-para-los-dias-19-20-22-27-y-29-de-septiembre","status":"publish","type":"post","link":"https:\/\/super-news.info\/es\/el-sepla-amenaza-con-una-huelga-en-ryanair-para-los-dias-19-20-22-27-y-29-de-septiembre\/","title":{"rendered":"El Sepla amenaza con una huelga en Ryanair para los d\u00edas 19, 20, 22, 27 y 29 de septiembre"},"content":{"rendered":"<p> [ad_1]<\/p>\n<div id=\"CuerpoNoticiav2\" itemprop=\"articleBody\">\n<p>MADRID, 28 Ago. (EUROPA PRESS) &#8211; <\/p>\n<p itemprop=\"description\">   El sindicato Sepla de pilotos ha registrado esta ma\u00f1ana un preaviso de huelga para los d\u00edas 19, 20, 22, 27 y 29 de septiembre, as\u00ed como la solicitud de mediaci\u00f3n ante el Servicio Interconfederal de Mediaci\u00f3n y Arbitraje (SIMA) para la resoluci\u00f3n de conflictos y, de no resolverse, se proceder\u00e1 a la convocatoria oficial de huelga ante los organismos pertinentes.<\/p>\n<p>   Los pilotos de Ryanair afiliados al Sepla hab\u00edan apoyado masivamente la adopci\u00f3n de medidas legales, entre ellas la huelga, como medida de protesta por el anunciado cierre de las bases de Tenerife Sur, Las Palmas de Gran Canaria, Lanzarote y Girona, con el 90% de los votos a favor.<\/p>\n<p>   La secci\u00f3n sindical de Sepla en Ryanair ha convocado una rueda de prensa esta parte para explicar los motivos de la convocatoria de paros en esta compa\u00f1\u00eda.<\/p>\n<p>   La huelga de diez d\u00edas de los tripulantes de cabina (TCP) en Ryanair, convocada por los sindicatos USO y Sitcpla, para septiembre (1, 2, 6, 8, 13, 15, 20, 22, 27 y 29) en contra de los cierres anunciados sigue en pie, tras fracasar la primera reuni\u00f3n de mediaci\u00f3n.<\/p>\n<\/div>\n<p>[ad_2]<br \/>\n<br \/><a href=\"https:\/\/www.europapress.es\/turismo\/transportes\/aerolineas\/noticia-sepla-amenaza-huelga-ryanair-dias-19-20-22-27-29-septiembre-20190828122640.html\">Source link <\/a><\/p>\n","protected":false},"excerpt":{"rendered":"<p>[ad_1] MADRID, 28 Ago. (EUROPA PRESS) &#8211; El sindicato Sepla de pilotos ha registrado esta ma\u00f1ana un preaviso de huelga para los d\u00edas 19, 20, 22, 27 y 29 de septiembre, as\u00ed como la solicitud de mediaci\u00f3n ante el Servicio Interconfederal de Mediaci\u00f3n y Arbitraje (SIMA) para la resoluci\u00f3n de conflictos y, de no resolverse, [&hellip;]<\/p>\n","protected":false},"author":2,"featured_media":9753,"comment_status":"open","ping_status":"open","sticky":false,"template":"","format":"standard","meta":{"footnotes":""},"categories":[1],"tags":[],"class_list":["post-9752","post","type-post","status-publish","format-standard","has-post-thumbnail","hentry","category-noticias-financieras"],"yoast_head":"<!-- This site is optimized with the Yoast SEO plugin v27.4 - https:\/\/yoast.com\/product\/yoast-seo-wordpress\/ -->\n<title>El Sepla amenaza con una huelga en Ryanair para los d\u00edas 19, 20, 22, 27 y 29 de septiembre - Super News<\/title>\n<meta name=\"robots\" content=\"index, follow, max-snippet:-1, max-image-preview:large, max-video-preview:-1\" \/>\n<link rel=\"canonical\" href=\"https:\/\/super-news.info\/es\/el-sepla-amenaza-con-una-huelga-en-ryanair-para-los-dias-19-20-22-27-y-29-de-septiembre\/\" \/>\n<meta property=\"og:locale\" content=\"en_US\" \/>\n<meta property=\"og:type\" content=\"article\" \/>\n<meta property=\"og:title\" content=\"El Sepla amenaza con una huelga en Ryanair para los d\u00edas 19, 20, 22, 27 y 29 de septiembre - Super News\" \/>\n<meta property=\"og:description\" content=\"[ad_1] MADRID, 28 Ago. (EUROPA PRESS) &#8211; El sindicato Sepla de pilotos ha registrado esta ma\u00f1ana un preaviso de huelga para los d\u00edas 19, 20, 22, 27 y 29 de septiembre, as\u00ed como la solicitud de mediaci\u00f3n ante el Servicio Interconfederal de Mediaci\u00f3n y Arbitraje (SIMA) para la resoluci\u00f3n de conflictos y, de no resolverse, [&hellip;]\" \/>\n<meta property=\"og:url\" content=\"https:\/\/super-news.info\/es\/el-sepla-amenaza-con-una-huelga-en-ryanair-para-los-dias-19-20-22-27-y-29-de-septiembre\/\" \/>\n<meta property=\"og:site_name\" content=\"Super News\" \/>\n<meta property=\"article:published_time\" content=\"2019-08-28T11:23:07+00:00\" \/>\n<meta property=\"article:modified_time\" content=\"2019-08-28T11:23:08+00:00\" \/>\n<meta property=\"og:image\" content=\"https:\/\/super-news.info\/es\/wp-content\/uploads\/sites\/4\/2019\/08\/El-Sepla-amenaza-con-una-huelga-en-Ryanair-para-los.jpg\" \/>\n\t<meta property=\"og:image:width\" content=\"120\" \/>\n\t<meta property=\"og:image:height\" content=\"80\" \/>\n\t<meta property=\"og:image:type\" content=\"image\/jpeg\" \/>\n<meta name=\"author\" content=\"super-news\" \/>\n<meta name=\"twitter:card\" content=\"summary_large_image\" \/>\n<meta name=\"twitter:label1\" content=\"Written by\" \/>\n\t<meta name=\"twitter:data1\" content=\"super-news\" \/>\n\t<meta name=\"twitter:label2\" content=\"Est. reading time\" \/>\n\t<meta name=\"twitter:data2\" content=\"1 minute\" \/>\n<script type=\"application\/ld+json\" class=\"yoast-schema-graph\">{\"@context\":\"https:\\\/\\\/schema.org\",\"@graph\":[{\"@type\":\"Article\",\"@id\":\"https:\\\/\\\/super-news.info\\\/es\\\/el-sepla-amenaza-con-una-huelga-en-ryanair-para-los-dias-19-20-22-27-y-29-de-septiembre\\\/#article\",\"isPartOf\":{\"@id\":\"https:\\\/\\\/super-news.info\\\/es\\\/el-sepla-amenaza-con-una-huelga-en-ryanair-para-los-dias-19-20-22-27-y-29-de-septiembre\\\/\"},\"author\":{\"name\":\"super-news\",\"@id\":\"https:\\\/\\\/super-news.info\\\/es\\\/#\\\/schema\\\/person\\\/2d4068cb2f39cd10008c2fce578a7356\"},\"headline\":\"El Sepla amenaza con una huelga en Ryanair para los d\u00edas 19, 20, 22, 27 y 29 de septiembre\",\"datePublished\":\"2019-08-28T11:23:07+00:00\",\"dateModified\":\"2019-08-28T11:23:08+00:00\",\"mainEntityOfPage\":{\"@id\":\"https:\\\/\\\/super-news.info\\\/es\\\/el-sepla-amenaza-con-una-huelga-en-ryanair-para-los-dias-19-20-22-27-y-29-de-septiembre\\\/\"},\"wordCount\":205,\"commentCount\":0,\"image\":{\"@id\":\"https:\\\/\\\/super-news.info\\\/es\\\/el-sepla-amenaza-con-una-huelga-en-ryanair-para-los-dias-19-20-22-27-y-29-de-septiembre\\\/#primaryimage\"},\"thumbnailUrl\":\"https:\\\/\\\/super-news.info\\\/es\\\/wp-content\\\/uploads\\\/sites\\\/4\\\/2019\\\/08\\\/El-Sepla-amenaza-con-una-huelga-en-Ryanair-para-los.jpg\",\"articleSection\":[\"NOTICIAS FINANCIERAS\"],\"inLanguage\":\"en-US\",\"potentialAction\":[{\"@type\":\"CommentAction\",\"name\":\"Comment\",\"target\":[\"https:\\\/\\\/super-news.info\\\/es\\\/el-sepla-amenaza-con-una-huelga-en-ryanair-para-los-dias-19-20-22-27-y-29-de-septiembre\\\/#respond\"]}]},{\"@type\":\"WebPage\",\"@id\":\"https:\\\/\\\/super-news.info\\\/es\\\/el-sepla-amenaza-con-una-huelga-en-ryanair-para-los-dias-19-20-22-27-y-29-de-septiembre\\\/\",\"url\":\"https:\\\/\\\/super-news.info\\\/es\\\/el-sepla-amenaza-con-una-huelga-en-ryanair-para-los-dias-19-20-22-27-y-29-de-septiembre\\\/\",\"name\":\"El Sepla amenaza con una huelga en Ryanair para los d\u00edas 19, 20, 22, 27 y 29 de septiembre - Super News\",\"isPartOf\":{\"@id\":\"https:\\\/\\\/super-news.info\\\/es\\\/#website\"},\"primaryImageOfPage\":{\"@id\":\"https:\\\/\\\/super-news.info\\\/es\\\/el-sepla-amenaza-con-una-huelga-en-ryanair-para-los-dias-19-20-22-27-y-29-de-septiembre\\\/#primaryimage\"},\"image\":{\"@id\":\"https:\\\/\\\/super-news.info\\\/es\\\/el-sepla-amenaza-con-una-huelga-en-ryanair-para-los-dias-19-20-22-27-y-29-de-septiembre\\\/#primaryimage\"},\"thumbnailUrl\":\"https:\\\/\\\/super-news.info\\\/es\\\/wp-content\\\/uploads\\\/sites\\\/4\\\/2019\\\/08\\\/El-Sepla-amenaza-con-una-huelga-en-Ryanair-para-los.jpg\",\"datePublished\":\"2019-08-28T11:23:07+00:00\",\"dateModified\":\"2019-08-28T11:23:08+00:00\",\"author\":{\"@id\":\"https:\\\/\\\/super-news.info\\\/es\\\/#\\\/schema\\\/person\\\/2d4068cb2f39cd10008c2fce578a7356\"},\"breadcrumb\":{\"@id\":\"https:\\\/\\\/super-news.info\\\/es\\\/el-sepla-amenaza-con-una-huelga-en-ryanair-para-los-dias-19-20-22-27-y-29-de-septiembre\\\/#breadcrumb\"},\"inLanguage\":\"en-US\",\"potentialAction\":[{\"@type\":\"ReadAction\",\"target\":[\"https:\\\/\\\/super-news.info\\\/es\\\/el-sepla-amenaza-con-una-huelga-en-ryanair-para-los-dias-19-20-22-27-y-29-de-septiembre\\\/\"]}]},{\"@type\":\"ImageObject\",\"inLanguage\":\"en-US\",\"@id\":\"https:\\\/\\\/super-news.info\\\/es\\\/el-sepla-amenaza-con-una-huelga-en-ryanair-para-los-dias-19-20-22-27-y-29-de-septiembre\\\/#primaryimage\",\"url\":\"https:\\\/\\\/super-news.info\\\/es\\\/wp-content\\\/uploads\\\/sites\\\/4\\\/2019\\\/08\\\/El-Sepla-amenaza-con-una-huelga-en-Ryanair-para-los.jpg\",\"contentUrl\":\"https:\\\/\\\/super-news.info\\\/es\\\/wp-content\\\/uploads\\\/sites\\\/4\\\/2019\\\/08\\\/El-Sepla-amenaza-con-una-huelga-en-Ryanair-para-los.jpg\",\"width\":120,\"height\":80,\"caption\":\"El Sepla amenaza con una huelga en Ryanair para los d\u00edas 19, 20, 22, 27 y 29 de septiembre\"},{\"@type\":\"BreadcrumbList\",\"@id\":\"https:\\\/\\\/super-news.info\\\/es\\\/el-sepla-amenaza-con-una-huelga-en-ryanair-para-los-dias-19-20-22-27-y-29-de-septiembre\\\/#breadcrumb\",\"itemListElement\":[{\"@type\":\"ListItem\",\"position\":1,\"name\":\"\u0413\u043b\u0430\u0432\u043d\u0430\u044f \u0441\u0442\u0440\u0430\u043d\u0438\u0446\u0430\",\"item\":\"https:\\\/\\\/super-news.info\\\/es\\\/\"},{\"@type\":\"ListItem\",\"position\":2,\"name\":\"El Sepla amenaza con una huelga en Ryanair para los d\u00edas 19, 20, 22, 27 y 29 de septiembre\"}]},{\"@type\":\"WebSite\",\"@id\":\"https:\\\/\\\/super-news.info\\\/es\\\/#website\",\"url\":\"https:\\\/\\\/super-news.info\\\/es\\\/\",\"name\":\"Super News\",\"description\":\"Super News Espa\u00f1a\",\"potentialAction\":[{\"@type\":\"SearchAction\",\"target\":{\"@type\":\"EntryPoint\",\"urlTemplate\":\"https:\\\/\\\/super-news.info\\\/es\\\/?s={search_term_string}\"},\"query-input\":{\"@type\":\"PropertyValueSpecification\",\"valueRequired\":true,\"valueName\":\"search_term_string\"}}],\"inLanguage\":\"en-US\"},{\"@type\":\"Person\",\"@id\":\"https:\\\/\\\/super-news.info\\\/es\\\/#\\\/schema\\\/person\\\/2d4068cb2f39cd10008c2fce578a7356\",\"name\":\"super-news\",\"image\":{\"@type\":\"ImageObject\",\"inLanguage\":\"en-US\",\"@id\":\"https:\\\/\\\/secure.gravatar.com\\\/avatar\\\/64ebac40b93f26a154f8a9b5b6fdccfc46f442b26b3dd6756dbff3bf9dc76fd7?s=96&d=mm&r=g\",\"url\":\"https:\\\/\\\/secure.gravatar.com\\\/avatar\\\/64ebac40b93f26a154f8a9b5b6fdccfc46f442b26b3dd6756dbff3bf9dc76fd7?s=96&d=mm&r=g\",\"contentUrl\":\"https:\\\/\\\/secure.gravatar.com\\\/avatar\\\/64ebac40b93f26a154f8a9b5b6fdccfc46f442b26b3dd6756dbff3bf9dc76fd7?s=96&d=mm&r=g\",\"caption\":\"super-news\"},\"url\":\"https:\\\/\\\/super-news.info\\\/es\\\/author\\\/pt\\\/\"}]}<\/script>\n<!-- \/ Yoast SEO plugin. -->","yoast_head_json":{"title":"El Sepla amenaza con una huelga en Ryanair para los d\u00edas 19, 20, 22, 27 y 29 de septiembre - Super News","robots":{"index":"index","follow":"follow","max-snippet":"max-snippet:-1","max-image-preview":"max-image-preview:large","max-video-preview":"max-video-preview:-1"},"canonical":"https:\/\/super-news.info\/es\/el-sepla-amenaza-con-una-huelga-en-ryanair-para-los-dias-19-20-22-27-y-29-de-septiembre\/","og_locale":"en_US","og_type":"article","og_title":"El Sepla amenaza con una huelga en Ryanair para los d\u00edas 19, 20, 22, 27 y 29 de septiembre - Super News","og_description":"[ad_1] MADRID, 28 Ago. (EUROPA PRESS) &#8211; El sindicato Sepla de pilotos ha registrado esta ma\u00f1ana un preaviso de huelga para los d\u00edas 19, 20, 22, 27 y 29 de septiembre, as\u00ed como la solicitud de mediaci\u00f3n ante el Servicio Interconfederal de Mediaci\u00f3n y Arbitraje (SIMA) para la resoluci\u00f3n de conflictos y, de no resolverse, [&hellip;]","og_url":"https:\/\/super-news.info\/es\/el-sepla-amenaza-con-una-huelga-en-ryanair-para-los-dias-19-20-22-27-y-29-de-septiembre\/","og_site_name":"Super News","article_published_time":"2019-08-28T11:23:07+00:00","article_modified_time":"2019-08-28T11:23:08+00:00","og_image":[{"width":120,"height":80,"url":"https:\/\/super-news.info\/es\/wp-content\/uploads\/sites\/4\/2019\/08\/El-Sepla-amenaza-con-una-huelga-en-Ryanair-para-los.jpg","type":"image\/jpeg"}],"author":"super-news","twitter_card":"summary_large_image","twitter_misc":{"Written by":"super-news","Est. reading time":"1 minute"},"schema":{"@context":"https:\/\/schema.org","@graph":[{"@type":"Article","@id":"https:\/\/super-news.info\/es\/el-sepla-amenaza-con-una-huelga-en-ryanair-para-los-dias-19-20-22-27-y-29-de-septiembre\/#article","isPartOf":{"@id":"https:\/\/super-news.info\/es\/el-sepla-amenaza-con-una-huelga-en-ryanair-para-los-dias-19-20-22-27-y-29-de-septiembre\/"},"author":{"name":"super-news","@id":"https:\/\/super-news.info\/es\/#\/schema\/person\/2d4068cb2f39cd10008c2fce578a7356"},"headline":"El Sepla amenaza con una huelga en Ryanair para los d\u00edas 19, 20, 22, 27 y 29 de septiembre","datePublished":"2019-08-28T11:23:07+00:00","dateModified":"2019-08-28T11:23:08+00:00","mainEntityOfPage":{"@id":"https:\/\/super-news.info\/es\/el-sepla-amenaza-con-una-huelga-en-ryanair-para-los-dias-19-20-22-27-y-29-de-septiembre\/"},"wordCount":205,"commentCount":0,"image":{"@id":"https:\/\/super-news.info\/es\/el-sepla-amenaza-con-una-huelga-en-ryanair-para-los-dias-19-20-22-27-y-29-de-septiembre\/#primaryimage"},"thumbnailUrl":"https:\/\/super-news.info\/es\/wp-content\/uploads\/sites\/4\/2019\/08\/El-Sepla-amenaza-con-una-huelga-en-Ryanair-para-los.jpg","articleSection":["NOTICIAS FINANCIERAS"],"inLanguage":"en-US","potentialAction":[{"@type":"CommentAction","name":"Comment","target":["https:\/\/super-news.info\/es\/el-sepla-amenaza-con-una-huelga-en-ryanair-para-los-dias-19-20-22-27-y-29-de-septiembre\/#respond"]}]},{"@type":"WebPage","@id":"https:\/\/super-news.info\/es\/el-sepla-amenaza-con-una-huelga-en-ryanair-para-los-dias-19-20-22-27-y-29-de-septiembre\/","url":"https:\/\/super-news.info\/es\/el-sepla-amenaza-con-una-huelga-en-ryanair-para-los-dias-19-20-22-27-y-29-de-septiembre\/","name":"El Sepla amenaza con una huelga en Ryanair para los d\u00edas 19, 20, 22, 27 y 29 de septiembre - Super News","isPartOf":{"@id":"https:\/\/super-news.info\/es\/#website"},"primaryImageOfPage":{"@id":"https:\/\/super-news.info\/es\/el-sepla-amenaza-con-una-huelga-en-ryanair-para-los-dias-19-20-22-27-y-29-de-septiembre\/#primaryimage"},"image":{"@id":"https:\/\/super-news.info\/es\/el-sepla-amenaza-con-una-huelga-en-ryanair-para-los-dias-19-20-22-27-y-29-de-septiembre\/#primaryimage"},"thumbnailUrl":"https:\/\/super-news.info\/es\/wp-content\/uploads\/sites\/4\/2019\/08\/El-Sepla-amenaza-con-una-huelga-en-Ryanair-para-los.jpg","datePublished":"2019-08-28T11:23:07+00:00","dateModified":"2019-08-28T11:23:08+00:00","author":{"@id":"https:\/\/super-news.info\/es\/#\/schema\/person\/2d4068cb2f39cd10008c2fce578a7356"},"breadcrumb":{"@id":"https:\/\/super-news.info\/es\/el-sepla-amenaza-con-una-huelga-en-ryanair-para-los-dias-19-20-22-27-y-29-de-septiembre\/#breadcrumb"},"inLanguage":"en-US","potentialAction":[{"@type":"ReadAction","target":["https:\/\/super-news.info\/es\/el-sepla-amenaza-con-una-huelga-en-ryanair-para-los-dias-19-20-22-27-y-29-de-septiembre\/"]}]},{"@type":"ImageObject","inLanguage":"en-US","@id":"https:\/\/super-news.info\/es\/el-sepla-amenaza-con-una-huelga-en-ryanair-para-los-dias-19-20-22-27-y-29-de-septiembre\/#primaryimage","url":"https:\/\/super-news.info\/es\/wp-content\/uploads\/sites\/4\/2019\/08\/El-Sepla-amenaza-con-una-huelga-en-Ryanair-para-los.jpg","contentUrl":"https:\/\/super-news.info\/es\/wp-content\/uploads\/sites\/4\/2019\/08\/El-Sepla-amenaza-con-una-huelga-en-Ryanair-para-los.jpg","width":120,"height":80,"caption":"El Sepla amenaza con una huelga en Ryanair para los d\u00edas 19, 20, 22, 27 y 29 de septiembre"},{"@type":"BreadcrumbList","@id":"https:\/\/super-news.info\/es\/el-sepla-amenaza-con-una-huelga-en-ryanair-para-los-dias-19-20-22-27-y-29-de-septiembre\/#breadcrumb","itemListElement":[{"@type":"ListItem","position":1,"name":"\u0413\u043b\u0430\u0432\u043d\u0430\u044f \u0441\u0442\u0440\u0430\u043d\u0438\u0446\u0430","item":"https:\/\/super-news.info\/es\/"},{"@type":"ListItem","position":2,"name":"El Sepla amenaza con una huelga en Ryanair para los d\u00edas 19, 20, 22, 27 y 29 de septiembre"}]},{"@type":"WebSite","@id":"https:\/\/super-news.info\/es\/#website","url":"https:\/\/super-news.info\/es\/","name":"Super News","description":"Super News Espa\u00f1a","potentialAction":[{"@type":"SearchAction","target":{"@type":"EntryPoint","urlTemplate":"https:\/\/super-news.info\/es\/?s={search_term_string}"},"query-input":{"@type":"PropertyValueSpecification","valueRequired":true,"valueName":"search_term_string"}}],"inLanguage":"en-US"},{"@type":"Person","@id":"https:\/\/super-news.info\/es\/#\/schema\/person\/2d4068cb2f39cd10008c2fce578a7356","name":"super-news","image":{"@type":"ImageObject","inLanguage":"en-US","@id":"https:\/\/secure.gravatar.com\/avatar\/64ebac40b93f26a154f8a9b5b6fdccfc46f442b26b3dd6756dbff3bf9dc76fd7?s=96&d=mm&r=g","url":"https:\/\/secure.gravatar.com\/avatar\/64ebac40b93f26a154f8a9b5b6fdccfc46f442b26b3dd6756dbff3bf9dc76fd7?s=96&d=mm&r=g","contentUrl":"https:\/\/secure.gravatar.com\/avatar\/64ebac40b93f26a154f8a9b5b6fdccfc46f442b26b3dd6756dbff3bf9dc76fd7?s=96&d=mm&r=g","caption":"super-news"},"url":"https:\/\/super-news.info\/es\/author\/pt\/"}]}},"_links":{"self":[{"href":"https:\/\/super-news.info\/es\/wp-json\/wp\/v2\/posts\/9752","targetHints":{"allow":["GET"]}}],"collection":[{"href":"https:\/\/super-news.info\/es\/wp-json\/wp\/v2\/posts"}],"about":[{"href":"https:\/\/super-news.info\/es\/wp-json\/wp\/v2\/types\/post"}],"author":[{"embeddable":true,"href":"https:\/\/super-news.info\/es\/wp-json\/wp\/v2\/users\/2"}],"replies":[{"embeddable":true,"href":"https:\/\/super-news.info\/es\/wp-json\/wp\/v2\/comments?post=9752"}],"version-history":[{"count":1,"href":"https:\/\/super-news.info\/es\/wp-json\/wp\/v2\/posts\/9752\/revisions"}],"predecessor-version":[{"id":9754,"href":"https:\/\/super-news.info\/es\/wp-json\/wp\/v2\/posts\/9752\/revisions\/9754"}],"wp:featuredmedia":[{"embeddable":true,"href":"https:\/\/super-news.info\/es\/wp-json\/wp\/v2\/media\/9753"}],"wp:attachment":[{"href":"https:\/\/super-news.info\/es\/wp-json\/wp\/v2\/media?parent=9752"}],"wp:term":[{"taxonomy":"category","embeddable":true,"href":"https:\/\/super-news.info\/es\/wp-json\/wp\/v2\/categories?post=9752"},{"taxonomy":"post_tag","embeddable":true,"href":"https:\/\/super-news.info\/es\/wp-json\/wp\/v2\/tags?post=9752"}],"curies":[{"name":"wp","href":"https:\/\/api.w.org\/{rel}","templated":true}]}}