{"id":9737,"date":"2019-08-28T10:57:35","date_gmt":"2019-08-28T07:57:35","guid":{"rendered":"https:\/\/super-news.info\/es\/la-confianza-de-los-consumidores-alemanes-desafia-la-desaceleracion-economica-segun-gfk\/"},"modified":"2019-08-28T10:57:36","modified_gmt":"2019-08-28T07:57:36","slug":"la-confianza-de-los-consumidores-alemanes-desafia-la-desaceleracion-economica-segun-gfk","status":"publish","type":"post","link":"https:\/\/super-news.info\/es\/la-confianza-de-los-consumidores-alemanes-desafia-la-desaceleracion-economica-segun-gfk\/","title":{"rendered":"La confianza de los consumidores alemanes desaf\u00eda la desaceleraci\u00f3n econ\u00f3mica, seg\u00fan Gfk"},"content":{"rendered":"<p> [ad_1]<\/p>\n<div id=\"CuerpoNoticiav2\" itemprop=\"articleBody\">\n<p>NUREMBERG (ALEMANIA), 28 Ago. (EUROPA PRESS) &#8211; <\/p>\n<p itemprop=\"description\">   La confianza de los consumidores alemanes se mantiene estable de cara al mes de septiembre a pesar del recrudecimiento de la guerra comercial y el empeoramiento de las expectativas econ\u00f3micas de Alemania, que se encuentra al borde de la recesi\u00f3n, seg\u00fan el \u00edndice elaborado por Gfk, que se mantiene estable en 9,7 puntos.<\/p>\n<p>   La desaceleraci\u00f3n econ\u00f3mica mundial, las guerras comerciales y las discusiones sobre el &#8216;Brexit&#8217; presionan cada vez m\u00e1s las perspectivas econ\u00f3micas de los consumidores, aunque por el momento la propensi\u00f3n a comprar se ha mantenido firme, incluso aumentando en agosto, a pesar de la ca\u00edda de las expectativas de ingresos, se\u00f1alan los responsables de la encuesta.<\/p>\n<p>   En este sentido, las expectativas econ\u00f3micas de los consumidores registraron una fuerte ca\u00edda de 8,3 puntos en agosto, hasta -12 enteros, su peor lectura desde enero de 2013 y 30 puntos menos que en el mismo periodo del a\u00f1o pasado.<\/p>\n<p>   &#8220;Los conflictos comerciales con Estados Unidos y la amenaza de aranceles para las exportaciones alemanas, as\u00ed como las perspectivas de un Brexit sin acuerdo suponen que los consumidores est\u00e1n viendo un mayor riesgo de recesi\u00f3n en Alemania&#8221;, apuntan desde Gfk.<\/p>\n<p>   De este modo, tras el crecimiento registrado en los meses anteriores, las expectativas de ingresos de los consumidores disminuyeron en agosto, cuando el indicador correspondiente se situ\u00f3 en 50,1 puntos, frente a los 50,8 del mes anterior, aunque el dato se mantiene apenas un punto por debajo de su nivel de agosto de 2018, lo que &#8220;evidencia su alto grado de estabilidad&#8221;.<\/p>\n<p>   &#8220;Que el indicador de ingresos pueda mantener este alto nivel en el futuro depender\u00e1 en gran medida de las condiciones del mercado laboral&#8221;, advierte la consultora, se\u00f1alando que es probable que la situaci\u00f3n se vuelva m\u00e1s dif\u00edcil en aquellas industrias que dependen en gran medida de las exportaciones, como el sector automotriz y sus proveedores, aunque destaca que todav\u00eda hay una gran demanda de mano de obra, particularmente en la industria de servicios.<\/p>\n<p>   Por su parte, despu\u00e9s de haber sufrido p\u00e9rdidas significativas el mes anterior, la propensi\u00f3n a comprar se recuper\u00f3 en agosto, cuando el indicador aument\u00f3 en 2,5 puntos, hasta 48,8 enteros, lo que supone seis puntos menos que hace un a\u00f1o, aunque &#8220;este nivel a\u00fan puede considerarse altamente satisfactorio&#8221;.<\/p>\n<p>   &#8220;Tanto la propensi\u00f3n a comprar como las expectativas de ingresos est\u00e1n desafiando la actual desaceleraci\u00f3n econ\u00f3mica&#8221;, subraya Gfk.<\/p>\n<\/div>\n<p>[ad_2]<br \/>\n<br \/><a href=\"https:\/\/www.europapress.es\/economia\/macroeconomia-00338\/noticia-confianza-consumidores-alemanes-desafia-desaceleracion-economica-gfk-20190828092158.html\">Source link <\/a><\/p>\n","protected":false},"excerpt":{"rendered":"<p>[ad_1] NUREMBERG (ALEMANIA), 28 Ago. (EUROPA PRESS) &#8211; La confianza de los consumidores alemanes se mantiene estable de cara al mes de septiembre a pesar del recrudecimiento de la guerra comercial y el empeoramiento de las expectativas econ\u00f3micas de Alemania, que se encuentra al borde de la recesi\u00f3n, seg\u00fan el \u00edndice elaborado por Gfk, que [&hellip;]<\/p>\n","protected":false},"author":2,"featured_media":9738,"comment_status":"open","ping_status":"open","sticky":false,"template":"","format":"standard","meta":{"footnotes":""},"categories":[1],"tags":[],"class_list":["post-9737","post","type-post","status-publish","format-standard","has-post-thumbnail","hentry","category-noticias-financieras"],"yoast_head":"<!-- This site is optimized with the Yoast SEO plugin v27.4 - https:\/\/yoast.com\/product\/yoast-seo-wordpress\/ -->\n<title>La confianza de los consumidores alemanes desaf\u00eda la desaceleraci\u00f3n econ\u00f3mica, seg\u00fan Gfk - Super News<\/title>\n<meta name=\"robots\" content=\"index, follow, max-snippet:-1, max-image-preview:large, max-video-preview:-1\" \/>\n<link rel=\"canonical\" href=\"https:\/\/super-news.info\/es\/la-confianza-de-los-consumidores-alemanes-desafia-la-desaceleracion-economica-segun-gfk\/\" \/>\n<meta property=\"og:locale\" content=\"en_US\" \/>\n<meta property=\"og:type\" content=\"article\" \/>\n<meta property=\"og:title\" content=\"La confianza de los consumidores alemanes desaf\u00eda la desaceleraci\u00f3n econ\u00f3mica, seg\u00fan Gfk - Super News\" \/>\n<meta property=\"og:description\" content=\"[ad_1] NUREMBERG (ALEMANIA), 28 Ago. (EUROPA PRESS) &#8211; La confianza de los consumidores alemanes se mantiene estable de cara al mes de septiembre a pesar del recrudecimiento de la guerra comercial y el empeoramiento de las expectativas econ\u00f3micas de Alemania, que se encuentra al borde de la recesi\u00f3n, seg\u00fan el \u00edndice elaborado por Gfk, que [&hellip;]\" \/>\n<meta property=\"og:url\" content=\"https:\/\/super-news.info\/es\/la-confianza-de-los-consumidores-alemanes-desafia-la-desaceleracion-economica-segun-gfk\/\" \/>\n<meta property=\"og:site_name\" content=\"Super News\" \/>\n<meta property=\"article:published_time\" content=\"2019-08-28T07:57:35+00:00\" \/>\n<meta property=\"article:modified_time\" content=\"2019-08-28T07:57:36+00:00\" \/>\n<meta property=\"og:image\" content=\"https:\/\/super-news.info\/es\/wp-content\/uploads\/sites\/4\/2019\/08\/La-confianza-de-los-consumidores-alemanes-desaf-a-la-desaceleraci-n-econ-mica.jpg\" \/>\n\t<meta property=\"og:image:width\" content=\"120\" \/>\n\t<meta property=\"og:image:height\" content=\"73\" \/>\n\t<meta property=\"og:image:type\" content=\"image\/jpeg\" \/>\n<meta name=\"author\" content=\"super-news\" \/>\n<meta name=\"twitter:card\" content=\"summary_large_image\" \/>\n<meta name=\"twitter:label1\" content=\"Written by\" \/>\n\t<meta name=\"twitter:data1\" content=\"super-news\" \/>\n\t<meta name=\"twitter:label2\" content=\"Est. reading time\" \/>\n\t<meta name=\"twitter:data2\" content=\"2 minutes\" \/>\n<script type=\"application\/ld+json\" class=\"yoast-schema-graph\">{\"@context\":\"https:\\\/\\\/schema.org\",\"@graph\":[{\"@type\":\"Article\",\"@id\":\"https:\\\/\\\/super-news.info\\\/es\\\/la-confianza-de-los-consumidores-alemanes-desafia-la-desaceleracion-economica-segun-gfk\\\/#article\",\"isPartOf\":{\"@id\":\"https:\\\/\\\/super-news.info\\\/es\\\/la-confianza-de-los-consumidores-alemanes-desafia-la-desaceleracion-economica-segun-gfk\\\/\"},\"author\":{\"name\":\"super-news\",\"@id\":\"https:\\\/\\\/super-news.info\\\/es\\\/#\\\/schema\\\/person\\\/2d4068cb2f39cd10008c2fce578a7356\"},\"headline\":\"La confianza de los consumidores alemanes desaf\u00eda la desaceleraci\u00f3n econ\u00f3mica, seg\u00fan Gfk\",\"datePublished\":\"2019-08-28T07:57:35+00:00\",\"dateModified\":\"2019-08-28T07:57:36+00:00\",\"mainEntityOfPage\":{\"@id\":\"https:\\\/\\\/super-news.info\\\/es\\\/la-confianza-de-los-consumidores-alemanes-desafia-la-desaceleracion-economica-segun-gfk\\\/\"},\"wordCount\":435,\"commentCount\":0,\"image\":{\"@id\":\"https:\\\/\\\/super-news.info\\\/es\\\/la-confianza-de-los-consumidores-alemanes-desafia-la-desaceleracion-economica-segun-gfk\\\/#primaryimage\"},\"thumbnailUrl\":\"https:\\\/\\\/super-news.info\\\/es\\\/wp-content\\\/uploads\\\/sites\\\/4\\\/2019\\\/08\\\/La-confianza-de-los-consumidores-alemanes-desaf-a-la-desaceleraci-n-econ-mica.jpg\",\"articleSection\":[\"NOTICIAS FINANCIERAS\"],\"inLanguage\":\"en-US\",\"potentialAction\":[{\"@type\":\"CommentAction\",\"name\":\"Comment\",\"target\":[\"https:\\\/\\\/super-news.info\\\/es\\\/la-confianza-de-los-consumidores-alemanes-desafia-la-desaceleracion-economica-segun-gfk\\\/#respond\"]}]},{\"@type\":\"WebPage\",\"@id\":\"https:\\\/\\\/super-news.info\\\/es\\\/la-confianza-de-los-consumidores-alemanes-desafia-la-desaceleracion-economica-segun-gfk\\\/\",\"url\":\"https:\\\/\\\/super-news.info\\\/es\\\/la-confianza-de-los-consumidores-alemanes-desafia-la-desaceleracion-economica-segun-gfk\\\/\",\"name\":\"La confianza de los consumidores alemanes desaf\u00eda la desaceleraci\u00f3n econ\u00f3mica, seg\u00fan Gfk - Super News\",\"isPartOf\":{\"@id\":\"https:\\\/\\\/super-news.info\\\/es\\\/#website\"},\"primaryImageOfPage\":{\"@id\":\"https:\\\/\\\/super-news.info\\\/es\\\/la-confianza-de-los-consumidores-alemanes-desafia-la-desaceleracion-economica-segun-gfk\\\/#primaryimage\"},\"image\":{\"@id\":\"https:\\\/\\\/super-news.info\\\/es\\\/la-confianza-de-los-consumidores-alemanes-desafia-la-desaceleracion-economica-segun-gfk\\\/#primaryimage\"},\"thumbnailUrl\":\"https:\\\/\\\/super-news.info\\\/es\\\/wp-content\\\/uploads\\\/sites\\\/4\\\/2019\\\/08\\\/La-confianza-de-los-consumidores-alemanes-desaf-a-la-desaceleraci-n-econ-mica.jpg\",\"datePublished\":\"2019-08-28T07:57:35+00:00\",\"dateModified\":\"2019-08-28T07:57:36+00:00\",\"author\":{\"@id\":\"https:\\\/\\\/super-news.info\\\/es\\\/#\\\/schema\\\/person\\\/2d4068cb2f39cd10008c2fce578a7356\"},\"breadcrumb\":{\"@id\":\"https:\\\/\\\/super-news.info\\\/es\\\/la-confianza-de-los-consumidores-alemanes-desafia-la-desaceleracion-economica-segun-gfk\\\/#breadcrumb\"},\"inLanguage\":\"en-US\",\"potentialAction\":[{\"@type\":\"ReadAction\",\"target\":[\"https:\\\/\\\/super-news.info\\\/es\\\/la-confianza-de-los-consumidores-alemanes-desafia-la-desaceleracion-economica-segun-gfk\\\/\"]}]},{\"@type\":\"ImageObject\",\"inLanguage\":\"en-US\",\"@id\":\"https:\\\/\\\/super-news.info\\\/es\\\/la-confianza-de-los-consumidores-alemanes-desafia-la-desaceleracion-economica-segun-gfk\\\/#primaryimage\",\"url\":\"https:\\\/\\\/super-news.info\\\/es\\\/wp-content\\\/uploads\\\/sites\\\/4\\\/2019\\\/08\\\/La-confianza-de-los-consumidores-alemanes-desaf-a-la-desaceleraci-n-econ-mica.jpg\",\"contentUrl\":\"https:\\\/\\\/super-news.info\\\/es\\\/wp-content\\\/uploads\\\/sites\\\/4\\\/2019\\\/08\\\/La-confianza-de-los-consumidores-alemanes-desaf-a-la-desaceleraci-n-econ-mica.jpg\",\"width\":120,\"height\":73,\"caption\":\"La confianza de los consumidores alemanes desaf\u00eda la desaceleraci\u00f3n econ\u00f3mica, seg\u00fan Gfk\"},{\"@type\":\"BreadcrumbList\",\"@id\":\"https:\\\/\\\/super-news.info\\\/es\\\/la-confianza-de-los-consumidores-alemanes-desafia-la-desaceleracion-economica-segun-gfk\\\/#breadcrumb\",\"itemListElement\":[{\"@type\":\"ListItem\",\"position\":1,\"name\":\"\u0413\u043b\u0430\u0432\u043d\u0430\u044f \u0441\u0442\u0440\u0430\u043d\u0438\u0446\u0430\",\"item\":\"https:\\\/\\\/super-news.info\\\/es\\\/\"},{\"@type\":\"ListItem\",\"position\":2,\"name\":\"La confianza de los consumidores alemanes desaf\u00eda la desaceleraci\u00f3n econ\u00f3mica, seg\u00fan Gfk\"}]},{\"@type\":\"WebSite\",\"@id\":\"https:\\\/\\\/super-news.info\\\/es\\\/#website\",\"url\":\"https:\\\/\\\/super-news.info\\\/es\\\/\",\"name\":\"Super News\",\"description\":\"Super News Espa\u00f1a\",\"potentialAction\":[{\"@type\":\"SearchAction\",\"target\":{\"@type\":\"EntryPoint\",\"urlTemplate\":\"https:\\\/\\\/super-news.info\\\/es\\\/?s={search_term_string}\"},\"query-input\":{\"@type\":\"PropertyValueSpecification\",\"valueRequired\":true,\"valueName\":\"search_term_string\"}}],\"inLanguage\":\"en-US\"},{\"@type\":\"Person\",\"@id\":\"https:\\\/\\\/super-news.info\\\/es\\\/#\\\/schema\\\/person\\\/2d4068cb2f39cd10008c2fce578a7356\",\"name\":\"super-news\",\"image\":{\"@type\":\"ImageObject\",\"inLanguage\":\"en-US\",\"@id\":\"https:\\\/\\\/secure.gravatar.com\\\/avatar\\\/64ebac40b93f26a154f8a9b5b6fdccfc46f442b26b3dd6756dbff3bf9dc76fd7?s=96&d=mm&r=g\",\"url\":\"https:\\\/\\\/secure.gravatar.com\\\/avatar\\\/64ebac40b93f26a154f8a9b5b6fdccfc46f442b26b3dd6756dbff3bf9dc76fd7?s=96&d=mm&r=g\",\"contentUrl\":\"https:\\\/\\\/secure.gravatar.com\\\/avatar\\\/64ebac40b93f26a154f8a9b5b6fdccfc46f442b26b3dd6756dbff3bf9dc76fd7?s=96&d=mm&r=g\",\"caption\":\"super-news\"},\"url\":\"https:\\\/\\\/super-news.info\\\/es\\\/author\\\/pt\\\/\"}]}<\/script>\n<!-- \/ Yoast SEO plugin. -->","yoast_head_json":{"title":"La confianza de los consumidores alemanes desaf\u00eda la desaceleraci\u00f3n econ\u00f3mica, seg\u00fan Gfk - Super News","robots":{"index":"index","follow":"follow","max-snippet":"max-snippet:-1","max-image-preview":"max-image-preview:large","max-video-preview":"max-video-preview:-1"},"canonical":"https:\/\/super-news.info\/es\/la-confianza-de-los-consumidores-alemanes-desafia-la-desaceleracion-economica-segun-gfk\/","og_locale":"en_US","og_type":"article","og_title":"La confianza de los consumidores alemanes desaf\u00eda la desaceleraci\u00f3n econ\u00f3mica, seg\u00fan Gfk - Super News","og_description":"[ad_1] NUREMBERG (ALEMANIA), 28 Ago. (EUROPA PRESS) &#8211; La confianza de los consumidores alemanes se mantiene estable de cara al mes de septiembre a pesar del recrudecimiento de la guerra comercial y el empeoramiento de las expectativas econ\u00f3micas de Alemania, que se encuentra al borde de la recesi\u00f3n, seg\u00fan el \u00edndice elaborado por Gfk, que [&hellip;]","og_url":"https:\/\/super-news.info\/es\/la-confianza-de-los-consumidores-alemanes-desafia-la-desaceleracion-economica-segun-gfk\/","og_site_name":"Super News","article_published_time":"2019-08-28T07:57:35+00:00","article_modified_time":"2019-08-28T07:57:36+00:00","og_image":[{"width":120,"height":73,"url":"https:\/\/super-news.info\/es\/wp-content\/uploads\/sites\/4\/2019\/08\/La-confianza-de-los-consumidores-alemanes-desaf-a-la-desaceleraci-n-econ-mica.jpg","type":"image\/jpeg"}],"author":"super-news","twitter_card":"summary_large_image","twitter_misc":{"Written by":"super-news","Est. reading time":"2 minutes"},"schema":{"@context":"https:\/\/schema.org","@graph":[{"@type":"Article","@id":"https:\/\/super-news.info\/es\/la-confianza-de-los-consumidores-alemanes-desafia-la-desaceleracion-economica-segun-gfk\/#article","isPartOf":{"@id":"https:\/\/super-news.info\/es\/la-confianza-de-los-consumidores-alemanes-desafia-la-desaceleracion-economica-segun-gfk\/"},"author":{"name":"super-news","@id":"https:\/\/super-news.info\/es\/#\/schema\/person\/2d4068cb2f39cd10008c2fce578a7356"},"headline":"La confianza de los consumidores alemanes desaf\u00eda la desaceleraci\u00f3n econ\u00f3mica, seg\u00fan Gfk","datePublished":"2019-08-28T07:57:35+00:00","dateModified":"2019-08-28T07:57:36+00:00","mainEntityOfPage":{"@id":"https:\/\/super-news.info\/es\/la-confianza-de-los-consumidores-alemanes-desafia-la-desaceleracion-economica-segun-gfk\/"},"wordCount":435,"commentCount":0,"image":{"@id":"https:\/\/super-news.info\/es\/la-confianza-de-los-consumidores-alemanes-desafia-la-desaceleracion-economica-segun-gfk\/#primaryimage"},"thumbnailUrl":"https:\/\/super-news.info\/es\/wp-content\/uploads\/sites\/4\/2019\/08\/La-confianza-de-los-consumidores-alemanes-desaf-a-la-desaceleraci-n-econ-mica.jpg","articleSection":["NOTICIAS FINANCIERAS"],"inLanguage":"en-US","potentialAction":[{"@type":"CommentAction","name":"Comment","target":["https:\/\/super-news.info\/es\/la-confianza-de-los-consumidores-alemanes-desafia-la-desaceleracion-economica-segun-gfk\/#respond"]}]},{"@type":"WebPage","@id":"https:\/\/super-news.info\/es\/la-confianza-de-los-consumidores-alemanes-desafia-la-desaceleracion-economica-segun-gfk\/","url":"https:\/\/super-news.info\/es\/la-confianza-de-los-consumidores-alemanes-desafia-la-desaceleracion-economica-segun-gfk\/","name":"La confianza de los consumidores alemanes desaf\u00eda la desaceleraci\u00f3n econ\u00f3mica, seg\u00fan Gfk - Super News","isPartOf":{"@id":"https:\/\/super-news.info\/es\/#website"},"primaryImageOfPage":{"@id":"https:\/\/super-news.info\/es\/la-confianza-de-los-consumidores-alemanes-desafia-la-desaceleracion-economica-segun-gfk\/#primaryimage"},"image":{"@id":"https:\/\/super-news.info\/es\/la-confianza-de-los-consumidores-alemanes-desafia-la-desaceleracion-economica-segun-gfk\/#primaryimage"},"thumbnailUrl":"https:\/\/super-news.info\/es\/wp-content\/uploads\/sites\/4\/2019\/08\/La-confianza-de-los-consumidores-alemanes-desaf-a-la-desaceleraci-n-econ-mica.jpg","datePublished":"2019-08-28T07:57:35+00:00","dateModified":"2019-08-28T07:57:36+00:00","author":{"@id":"https:\/\/super-news.info\/es\/#\/schema\/person\/2d4068cb2f39cd10008c2fce578a7356"},"breadcrumb":{"@id":"https:\/\/super-news.info\/es\/la-confianza-de-los-consumidores-alemanes-desafia-la-desaceleracion-economica-segun-gfk\/#breadcrumb"},"inLanguage":"en-US","potentialAction":[{"@type":"ReadAction","target":["https:\/\/super-news.info\/es\/la-confianza-de-los-consumidores-alemanes-desafia-la-desaceleracion-economica-segun-gfk\/"]}]},{"@type":"ImageObject","inLanguage":"en-US","@id":"https:\/\/super-news.info\/es\/la-confianza-de-los-consumidores-alemanes-desafia-la-desaceleracion-economica-segun-gfk\/#primaryimage","url":"https:\/\/super-news.info\/es\/wp-content\/uploads\/sites\/4\/2019\/08\/La-confianza-de-los-consumidores-alemanes-desaf-a-la-desaceleraci-n-econ-mica.jpg","contentUrl":"https:\/\/super-news.info\/es\/wp-content\/uploads\/sites\/4\/2019\/08\/La-confianza-de-los-consumidores-alemanes-desaf-a-la-desaceleraci-n-econ-mica.jpg","width":120,"height":73,"caption":"La confianza de los consumidores alemanes desaf\u00eda la desaceleraci\u00f3n econ\u00f3mica, seg\u00fan Gfk"},{"@type":"BreadcrumbList","@id":"https:\/\/super-news.info\/es\/la-confianza-de-los-consumidores-alemanes-desafia-la-desaceleracion-economica-segun-gfk\/#breadcrumb","itemListElement":[{"@type":"ListItem","position":1,"name":"\u0413\u043b\u0430\u0432\u043d\u0430\u044f \u0441\u0442\u0440\u0430\u043d\u0438\u0446\u0430","item":"https:\/\/super-news.info\/es\/"},{"@type":"ListItem","position":2,"name":"La confianza de los consumidores alemanes desaf\u00eda la desaceleraci\u00f3n econ\u00f3mica, seg\u00fan Gfk"}]},{"@type":"WebSite","@id":"https:\/\/super-news.info\/es\/#website","url":"https:\/\/super-news.info\/es\/","name":"Super News","description":"Super News Espa\u00f1a","potentialAction":[{"@type":"SearchAction","target":{"@type":"EntryPoint","urlTemplate":"https:\/\/super-news.info\/es\/?s={search_term_string}"},"query-input":{"@type":"PropertyValueSpecification","valueRequired":true,"valueName":"search_term_string"}}],"inLanguage":"en-US"},{"@type":"Person","@id":"https:\/\/super-news.info\/es\/#\/schema\/person\/2d4068cb2f39cd10008c2fce578a7356","name":"super-news","image":{"@type":"ImageObject","inLanguage":"en-US","@id":"https:\/\/secure.gravatar.com\/avatar\/64ebac40b93f26a154f8a9b5b6fdccfc46f442b26b3dd6756dbff3bf9dc76fd7?s=96&d=mm&r=g","url":"https:\/\/secure.gravatar.com\/avatar\/64ebac40b93f26a154f8a9b5b6fdccfc46f442b26b3dd6756dbff3bf9dc76fd7?s=96&d=mm&r=g","contentUrl":"https:\/\/secure.gravatar.com\/avatar\/64ebac40b93f26a154f8a9b5b6fdccfc46f442b26b3dd6756dbff3bf9dc76fd7?s=96&d=mm&r=g","caption":"super-news"},"url":"https:\/\/super-news.info\/es\/author\/pt\/"}]}},"_links":{"self":[{"href":"https:\/\/super-news.info\/es\/wp-json\/wp\/v2\/posts\/9737","targetHints":{"allow":["GET"]}}],"collection":[{"href":"https:\/\/super-news.info\/es\/wp-json\/wp\/v2\/posts"}],"about":[{"href":"https:\/\/super-news.info\/es\/wp-json\/wp\/v2\/types\/post"}],"author":[{"embeddable":true,"href":"https:\/\/super-news.info\/es\/wp-json\/wp\/v2\/users\/2"}],"replies":[{"embeddable":true,"href":"https:\/\/super-news.info\/es\/wp-json\/wp\/v2\/comments?post=9737"}],"version-history":[{"count":1,"href":"https:\/\/super-news.info\/es\/wp-json\/wp\/v2\/posts\/9737\/revisions"}],"predecessor-version":[{"id":9739,"href":"https:\/\/super-news.info\/es\/wp-json\/wp\/v2\/posts\/9737\/revisions\/9739"}],"wp:featuredmedia":[{"embeddable":true,"href":"https:\/\/super-news.info\/es\/wp-json\/wp\/v2\/media\/9738"}],"wp:attachment":[{"href":"https:\/\/super-news.info\/es\/wp-json\/wp\/v2\/media?parent=9737"}],"wp:term":[{"taxonomy":"category","embeddable":true,"href":"https:\/\/super-news.info\/es\/wp-json\/wp\/v2\/categories?post=9737"},{"taxonomy":"post_tag","embeddable":true,"href":"https:\/\/super-news.info\/es\/wp-json\/wp\/v2\/tags?post=9737"}],"curies":[{"name":"wp","href":"https:\/\/api.w.org\/{rel}","templated":true}]}}