{"id":9719,"date":"2019-08-28T02:56:30","date_gmt":"2019-08-27T23:56:30","guid":{"rendered":"https:\/\/super-news.info\/es\/el-gasto-en-pensiones-se-eleva-en-agosto-hasta-la-cifra-record-de-9-681-millones-un-5-mas\/"},"modified":"2020-11-19T18:21:55","modified_gmt":"2020-11-19T15:21:55","slug":"el-gasto-en-pensiones-se-eleva-en-agosto-hasta-la-cifra-record-de-9-681-millones-un-5-mas","status":"publish","type":"post","link":"https:\/\/super-news.info\/es\/el-gasto-en-pensiones-se-eleva-en-agosto-hasta-la-cifra-record-de-9-681-millones-un-5-mas\/","title":{"rendered":"El gasto en pensiones se eleva en agosto hasta la cifra r\u00e9cord de 9.681 millones, un 5% m\u00e1s"},"content":{"rendered":"<p><span class=\"fotoPie\">Econom\u00eda\/Laboral.- (AMP) El gasto en pensiones se eleva en agosto hasta la cifra r\u00e9cord de 9.681 millones, un 5% m\u00e1s<\/span> &#8211; EPDATA<\/p>\n<div id=\"CuerpoNoticiav2\">\n<h3 class=\"subsubhead\">La pensi\u00f3n media de jubilaci\u00f3n asciende a 1.139,83 euros, un 3,4% m\u00e1s<\/h3>\n<p>MADRID, 27 Ago. (EUROPA PRESS) &#8211;<\/p>\n<p>La Seguridad Social destin\u00f3 en el presente mes de agosto la cifra r\u00e9cord de 9.681,5 millones de euros al pago de las pensiones contributivas, un 5% m\u00e1s que en el mismo mes de 2018, seg\u00fan datos publicados este martes por el Ministerio de Trabajo, Migraciones y Seguridad Social.<\/p>\n<p>La mayor parte de los 9.681 millones de euros destinados a pagar la n\u00f3mina de las pensiones en agosto fue a parar a las pensiones de jubilaci\u00f3n, con 6.894 millones de euros (+5,2%), seguidas de las pensiones de viudedad, a las que se dedicaron 1.684,6 millones de euros (+5,1%).<\/p>\n<p>Al pago de las pensiones de incapacidad permanente se destinaron en agosto 939,3 millones de euros (+3,3%), las de orfandad supusieron 138,3 millones de euros (+3,4%) y las pensiones en favor de familiares totalizaron 24,6 millones de euros (+6,2%).<\/p>\n<p><iframe id=\"ep-chart-2d6dd986-9b78-480f-bfab-9b0e87738caa-106\" style=\"width: 100%; min-height: 450px; overflow: hidden;\" src=\"https:\/\/www.epdata.es\/embed\/2d6dd986-9b78-480f-bfab-9b0e87738caa-106\/450\" scrolling=\"no\" height=\"450\" frameborder=\"0\"><\/iframe><\/p>\n<p>El n\u00famero de pensiones avanz\u00f3 en agosto un 1,2% respecto al mismo mes de 2018, hasta 9.756.142 pensiones, nuevo r\u00e9cord del sistema.<\/p>\n<p>Aunque la tasa de crecimiento interanual del n\u00famero de pensiones no es de las m\u00e1s altas dentro en la serie hist\u00f3rica de la \u00faltima d\u00e9cada, con ella ya se acumulan 43 meses consecutivos de crecimientos superiores al 1%.<\/p>\n<p>Del total de pensiones, m\u00e1s de la mitad, 6.048.718, fueron pensiones de jubilaci\u00f3n, con un repunte del 1,8% respecto a agosto de 2018, mientras que 2.362.694 eran pensiones de viudedad (+0,1%), 960.052 de incapacidad permanente (+0,7%), 341.942 de orfandad (+0,2%), y 42.736 a favor de familiares (+2,2%).<\/p>\n<p><iframe id=\"ep-chart-042d5b9b-4669-4cdc-9a4e-d3b4fc0b8782\" style=\"width: 100%; min-height: 450px; overflow: hidden;\" src=\"https:\/\/www.epdata.es\/embed\/042d5b9b-4669-4cdc-9a4e-d3b4fc0b8782\/450\" scrolling=\"no\" height=\"450\" frameborder=\"0\"><\/iframe><\/p>\n<h2 class=\"ladillo\">LA PENSI\u00d3N MEDIA DE JUBILACI\u00d3N SUBE UN 3,4%<\/h2>\n<p>La subida de las pensiones de este a\u00f1o (+1,6% con car\u00e1cter general) tambi\u00e9n ha impulsado al alza la cuant\u00eda media de las prestaciones.<\/p>\n<p>As\u00ed, la pensi\u00f3n media de jubilaci\u00f3n se situ\u00f3 al inicio del presente mes en 1.139,83 euros mensuales, un 3,4% m\u00e1s que en igual mes de 2018. En cuanto a las nuevas altas, la pensi\u00f3n media de jubilaci\u00f3n (julio) es de 1.338,43 euros en el conjunto del sistema.<\/p>\n<p>Por su parte, la pensi\u00f3n media del sistema, que comprende las distintas clases de pensi\u00f3n (jubilaci\u00f3n, incapacidad permanente, viudedad, orfandad y a favor de familiares) se situ\u00f3 en agosto en 992,35 euros mensuales, lo que supone un aumento interanual del 3,7%.<\/p>\n<p><iframe id=\"ep-chart-077781fc-ce9a-4067-a8ee-1ad85b97af65\" style=\"width: 100%; min-height: 450px; overflow: hidden;\" src=\"https:\/\/www.epdata.es\/embed\/077781fc-ce9a-4067-a8ee-1ad85b97af65\/450\" scrolling=\"no\" height=\"450\" frameborder=\"0\"><\/iframe><\/p>\n<p>La pensi\u00f3n media de viudedad, por su parte, ha registrado el mayor avance interanual en valores relativos, un 5%, hasta los 713,01 euros mensuales, tras la subida de la base reguladora sobre la que se calcula esta prestaci\u00f3n desde el 56% al 60%.<\/p>\n<p>La pensi\u00f3n de incapacidad permanente alcanz\u00f3 en agosto una cuant\u00eda media de 978,47 euros mensuales, con un incremento interanual del 2,6%. Por su parte, la pensi\u00f3n media de orfandad ascendi\u00f3 a 404,62 euros mensuales, un 3,2% m\u00e1s que en agosto de 2018, mientras que la de a favor de familiares se situ\u00f3 en 577,01 euros al mes, con un repunte del 3,9%.<\/p>\n<\/div>\n<p><a href=\"https:\/\/www.europapress.es\/economia\/laboral-00346\/noticia-gasto-pensiones-eleva-agosto-cifra-record-9681-millones-mas-20190827090626.html\">Source link <\/a><\/p>\n","protected":false},"excerpt":{"rendered":"<p>Econom\u00eda\/Laboral.- (AMP) El gasto en pensiones se eleva en agosto hasta la cifra r\u00e9cord de 9.681 millones, un 5% m\u00e1s &#8211; EPDATA La pensi\u00f3n media de jubilaci\u00f3n asciende a 1.139,83 euros, un 3,4% m\u00e1s MADRID, 27 Ago. (EUROPA PRESS) &#8211; La Seguridad Social destin\u00f3 en el presente mes de agosto la cifra r\u00e9cord de 9.681,5 [&hellip;]<\/p>\n","protected":false},"author":2,"featured_media":9720,"comment_status":"open","ping_status":"open","sticky":false,"template":"","format":"standard","meta":{"footnotes":""},"categories":[1],"tags":[],"class_list":["post-9719","post","type-post","status-publish","format-standard","has-post-thumbnail","hentry","category-noticias-financieras"],"yoast_head":"<!-- This site is optimized with the Yoast SEO plugin v27.4 - https:\/\/yoast.com\/product\/yoast-seo-wordpress\/ -->\n<title>El gasto en pensiones se eleva en agosto hasta la cifra r\u00e9cord de 9.681 millones, un 5% m\u00e1s - Super News<\/title>\n<meta name=\"robots\" content=\"index, follow, max-snippet:-1, max-image-preview:large, max-video-preview:-1\" \/>\n<link rel=\"canonical\" href=\"https:\/\/super-news.info\/es\/el-gasto-en-pensiones-se-eleva-en-agosto-hasta-la-cifra-record-de-9-681-millones-un-5-mas\/\" \/>\n<meta property=\"og:locale\" content=\"en_US\" \/>\n<meta property=\"og:type\" content=\"article\" \/>\n<meta property=\"og:title\" content=\"El gasto en pensiones se eleva en agosto hasta la cifra r\u00e9cord de 9.681 millones, un 5% m\u00e1s - Super News\" \/>\n<meta property=\"og:description\" content=\"Econom\u00eda\/Laboral.- (AMP) El gasto en pensiones se eleva en agosto hasta la cifra r\u00e9cord de 9.681 millones, un 5% m\u00e1s &#8211; EPDATA La pensi\u00f3n media de jubilaci\u00f3n asciende a 1.139,83 euros, un 3,4% m\u00e1s MADRID, 27 Ago. (EUROPA PRESS) &#8211; La Seguridad Social destin\u00f3 en el presente mes de agosto la cifra r\u00e9cord de 9.681,5 [&hellip;]\" \/>\n<meta property=\"og:url\" content=\"https:\/\/super-news.info\/es\/el-gasto-en-pensiones-se-eleva-en-agosto-hasta-la-cifra-record-de-9-681-millones-un-5-mas\/\" \/>\n<meta property=\"og:site_name\" content=\"Super News\" \/>\n<meta property=\"article:published_time\" content=\"2019-08-27T23:56:30+00:00\" \/>\n<meta property=\"article:modified_time\" content=\"2020-11-19T15:21:55+00:00\" \/>\n<meta property=\"og:image\" content=\"https:\/\/super-news.info\/es\/wp-content\/uploads\/sites\/4\/2019\/08\/El-gasto-en-pensiones-se-eleva-en-agosto-hasta-la.jpg\" \/>\n\t<meta property=\"og:image:width\" content=\"120\" \/>\n\t<meta property=\"og:image:height\" content=\"81\" \/>\n\t<meta property=\"og:image:type\" content=\"image\/jpeg\" \/>\n<meta name=\"author\" content=\"super-news\" \/>\n<meta name=\"twitter:card\" content=\"summary_large_image\" \/>\n<meta name=\"twitter:label1\" content=\"Written by\" \/>\n\t<meta name=\"twitter:data1\" content=\"super-news\" \/>\n\t<meta name=\"twitter:label2\" content=\"Est. reading time\" \/>\n\t<meta name=\"twitter:data2\" content=\"2 minutes\" \/>\n<script type=\"application\/ld+json\" class=\"yoast-schema-graph\">{\"@context\":\"https:\\\/\\\/schema.org\",\"@graph\":[{\"@type\":\"Article\",\"@id\":\"https:\\\/\\\/super-news.info\\\/es\\\/el-gasto-en-pensiones-se-eleva-en-agosto-hasta-la-cifra-record-de-9-681-millones-un-5-mas\\\/#article\",\"isPartOf\":{\"@id\":\"https:\\\/\\\/super-news.info\\\/es\\\/el-gasto-en-pensiones-se-eleva-en-agosto-hasta-la-cifra-record-de-9-681-millones-un-5-mas\\\/\"},\"author\":{\"name\":\"super-news\",\"@id\":\"https:\\\/\\\/super-news.info\\\/es\\\/#\\\/schema\\\/person\\\/2d4068cb2f39cd10008c2fce578a7356\"},\"headline\":\"El gasto en pensiones se eleva en agosto hasta la cifra r\u00e9cord de 9.681 millones, un 5% m\u00e1s\",\"datePublished\":\"2019-08-27T23:56:30+00:00\",\"dateModified\":\"2020-11-19T15:21:55+00:00\",\"mainEntityOfPage\":{\"@id\":\"https:\\\/\\\/super-news.info\\\/es\\\/el-gasto-en-pensiones-se-eleva-en-agosto-hasta-la-cifra-record-de-9-681-millones-un-5-mas\\\/\"},\"wordCount\":514,\"commentCount\":0,\"image\":{\"@id\":\"https:\\\/\\\/super-news.info\\\/es\\\/el-gasto-en-pensiones-se-eleva-en-agosto-hasta-la-cifra-record-de-9-681-millones-un-5-mas\\\/#primaryimage\"},\"thumbnailUrl\":\"https:\\\/\\\/super-news.info\\\/es\\\/wp-content\\\/uploads\\\/sites\\\/4\\\/2019\\\/08\\\/El-gasto-en-pensiones-se-eleva-en-agosto-hasta-la.jpg\",\"articleSection\":[\"NOTICIAS FINANCIERAS\"],\"inLanguage\":\"en-US\",\"potentialAction\":[{\"@type\":\"CommentAction\",\"name\":\"Comment\",\"target\":[\"https:\\\/\\\/super-news.info\\\/es\\\/el-gasto-en-pensiones-se-eleva-en-agosto-hasta-la-cifra-record-de-9-681-millones-un-5-mas\\\/#respond\"]}]},{\"@type\":\"WebPage\",\"@id\":\"https:\\\/\\\/super-news.info\\\/es\\\/el-gasto-en-pensiones-se-eleva-en-agosto-hasta-la-cifra-record-de-9-681-millones-un-5-mas\\\/\",\"url\":\"https:\\\/\\\/super-news.info\\\/es\\\/el-gasto-en-pensiones-se-eleva-en-agosto-hasta-la-cifra-record-de-9-681-millones-un-5-mas\\\/\",\"name\":\"El gasto en pensiones se eleva en agosto hasta la cifra r\u00e9cord de 9.681 millones, un 5% m\u00e1s - Super News\",\"isPartOf\":{\"@id\":\"https:\\\/\\\/super-news.info\\\/es\\\/#website\"},\"primaryImageOfPage\":{\"@id\":\"https:\\\/\\\/super-news.info\\\/es\\\/el-gasto-en-pensiones-se-eleva-en-agosto-hasta-la-cifra-record-de-9-681-millones-un-5-mas\\\/#primaryimage\"},\"image\":{\"@id\":\"https:\\\/\\\/super-news.info\\\/es\\\/el-gasto-en-pensiones-se-eleva-en-agosto-hasta-la-cifra-record-de-9-681-millones-un-5-mas\\\/#primaryimage\"},\"thumbnailUrl\":\"https:\\\/\\\/super-news.info\\\/es\\\/wp-content\\\/uploads\\\/sites\\\/4\\\/2019\\\/08\\\/El-gasto-en-pensiones-se-eleva-en-agosto-hasta-la.jpg\",\"datePublished\":\"2019-08-27T23:56:30+00:00\",\"dateModified\":\"2020-11-19T15:21:55+00:00\",\"author\":{\"@id\":\"https:\\\/\\\/super-news.info\\\/es\\\/#\\\/schema\\\/person\\\/2d4068cb2f39cd10008c2fce578a7356\"},\"breadcrumb\":{\"@id\":\"https:\\\/\\\/super-news.info\\\/es\\\/el-gasto-en-pensiones-se-eleva-en-agosto-hasta-la-cifra-record-de-9-681-millones-un-5-mas\\\/#breadcrumb\"},\"inLanguage\":\"en-US\",\"potentialAction\":[{\"@type\":\"ReadAction\",\"target\":[\"https:\\\/\\\/super-news.info\\\/es\\\/el-gasto-en-pensiones-se-eleva-en-agosto-hasta-la-cifra-record-de-9-681-millones-un-5-mas\\\/\"]}]},{\"@type\":\"ImageObject\",\"inLanguage\":\"en-US\",\"@id\":\"https:\\\/\\\/super-news.info\\\/es\\\/el-gasto-en-pensiones-se-eleva-en-agosto-hasta-la-cifra-record-de-9-681-millones-un-5-mas\\\/#primaryimage\",\"url\":\"https:\\\/\\\/super-news.info\\\/es\\\/wp-content\\\/uploads\\\/sites\\\/4\\\/2019\\\/08\\\/El-gasto-en-pensiones-se-eleva-en-agosto-hasta-la.jpg\",\"contentUrl\":\"https:\\\/\\\/super-news.info\\\/es\\\/wp-content\\\/uploads\\\/sites\\\/4\\\/2019\\\/08\\\/El-gasto-en-pensiones-se-eleva-en-agosto-hasta-la.jpg\",\"width\":120,\"height\":81,\"caption\":\"El gasto en pensiones se eleva en agosto hasta la cifra r\u00e9cord de 9.681 millones, un 5% m\u00e1s\"},{\"@type\":\"BreadcrumbList\",\"@id\":\"https:\\\/\\\/super-news.info\\\/es\\\/el-gasto-en-pensiones-se-eleva-en-agosto-hasta-la-cifra-record-de-9-681-millones-un-5-mas\\\/#breadcrumb\",\"itemListElement\":[{\"@type\":\"ListItem\",\"position\":1,\"name\":\"\u0413\u043b\u0430\u0432\u043d\u0430\u044f \u0441\u0442\u0440\u0430\u043d\u0438\u0446\u0430\",\"item\":\"https:\\\/\\\/super-news.info\\\/es\\\/\"},{\"@type\":\"ListItem\",\"position\":2,\"name\":\"El gasto en pensiones se eleva en agosto hasta la cifra r\u00e9cord de 9.681 millones, un 5% m\u00e1s\"}]},{\"@type\":\"WebSite\",\"@id\":\"https:\\\/\\\/super-news.info\\\/es\\\/#website\",\"url\":\"https:\\\/\\\/super-news.info\\\/es\\\/\",\"name\":\"Super News\",\"description\":\"Super News Espa\u00f1a\",\"potentialAction\":[{\"@type\":\"SearchAction\",\"target\":{\"@type\":\"EntryPoint\",\"urlTemplate\":\"https:\\\/\\\/super-news.info\\\/es\\\/?s={search_term_string}\"},\"query-input\":{\"@type\":\"PropertyValueSpecification\",\"valueRequired\":true,\"valueName\":\"search_term_string\"}}],\"inLanguage\":\"en-US\"},{\"@type\":\"Person\",\"@id\":\"https:\\\/\\\/super-news.info\\\/es\\\/#\\\/schema\\\/person\\\/2d4068cb2f39cd10008c2fce578a7356\",\"name\":\"super-news\",\"image\":{\"@type\":\"ImageObject\",\"inLanguage\":\"en-US\",\"@id\":\"https:\\\/\\\/secure.gravatar.com\\\/avatar\\\/64ebac40b93f26a154f8a9b5b6fdccfc46f442b26b3dd6756dbff3bf9dc76fd7?s=96&d=mm&r=g\",\"url\":\"https:\\\/\\\/secure.gravatar.com\\\/avatar\\\/64ebac40b93f26a154f8a9b5b6fdccfc46f442b26b3dd6756dbff3bf9dc76fd7?s=96&d=mm&r=g\",\"contentUrl\":\"https:\\\/\\\/secure.gravatar.com\\\/avatar\\\/64ebac40b93f26a154f8a9b5b6fdccfc46f442b26b3dd6756dbff3bf9dc76fd7?s=96&d=mm&r=g\",\"caption\":\"super-news\"},\"url\":\"https:\\\/\\\/super-news.info\\\/es\\\/author\\\/pt\\\/\"}]}<\/script>\n<!-- \/ Yoast SEO plugin. -->","yoast_head_json":{"title":"El gasto en pensiones se eleva en agosto hasta la cifra r\u00e9cord de 9.681 millones, un 5% m\u00e1s - Super News","robots":{"index":"index","follow":"follow","max-snippet":"max-snippet:-1","max-image-preview":"max-image-preview:large","max-video-preview":"max-video-preview:-1"},"canonical":"https:\/\/super-news.info\/es\/el-gasto-en-pensiones-se-eleva-en-agosto-hasta-la-cifra-record-de-9-681-millones-un-5-mas\/","og_locale":"en_US","og_type":"article","og_title":"El gasto en pensiones se eleva en agosto hasta la cifra r\u00e9cord de 9.681 millones, un 5% m\u00e1s - Super News","og_description":"Econom\u00eda\/Laboral.- (AMP) El gasto en pensiones se eleva en agosto hasta la cifra r\u00e9cord de 9.681 millones, un 5% m\u00e1s &#8211; EPDATA La pensi\u00f3n media de jubilaci\u00f3n asciende a 1.139,83 euros, un 3,4% m\u00e1s MADRID, 27 Ago. (EUROPA PRESS) &#8211; La Seguridad Social destin\u00f3 en el presente mes de agosto la cifra r\u00e9cord de 9.681,5 [&hellip;]","og_url":"https:\/\/super-news.info\/es\/el-gasto-en-pensiones-se-eleva-en-agosto-hasta-la-cifra-record-de-9-681-millones-un-5-mas\/","og_site_name":"Super News","article_published_time":"2019-08-27T23:56:30+00:00","article_modified_time":"2020-11-19T15:21:55+00:00","og_image":[{"width":120,"height":81,"url":"https:\/\/super-news.info\/es\/wp-content\/uploads\/sites\/4\/2019\/08\/El-gasto-en-pensiones-se-eleva-en-agosto-hasta-la.jpg","type":"image\/jpeg"}],"author":"super-news","twitter_card":"summary_large_image","twitter_misc":{"Written by":"super-news","Est. reading time":"2 minutes"},"schema":{"@context":"https:\/\/schema.org","@graph":[{"@type":"Article","@id":"https:\/\/super-news.info\/es\/el-gasto-en-pensiones-se-eleva-en-agosto-hasta-la-cifra-record-de-9-681-millones-un-5-mas\/#article","isPartOf":{"@id":"https:\/\/super-news.info\/es\/el-gasto-en-pensiones-se-eleva-en-agosto-hasta-la-cifra-record-de-9-681-millones-un-5-mas\/"},"author":{"name":"super-news","@id":"https:\/\/super-news.info\/es\/#\/schema\/person\/2d4068cb2f39cd10008c2fce578a7356"},"headline":"El gasto en pensiones se eleva en agosto hasta la cifra r\u00e9cord de 9.681 millones, un 5% m\u00e1s","datePublished":"2019-08-27T23:56:30+00:00","dateModified":"2020-11-19T15:21:55+00:00","mainEntityOfPage":{"@id":"https:\/\/super-news.info\/es\/el-gasto-en-pensiones-se-eleva-en-agosto-hasta-la-cifra-record-de-9-681-millones-un-5-mas\/"},"wordCount":514,"commentCount":0,"image":{"@id":"https:\/\/super-news.info\/es\/el-gasto-en-pensiones-se-eleva-en-agosto-hasta-la-cifra-record-de-9-681-millones-un-5-mas\/#primaryimage"},"thumbnailUrl":"https:\/\/super-news.info\/es\/wp-content\/uploads\/sites\/4\/2019\/08\/El-gasto-en-pensiones-se-eleva-en-agosto-hasta-la.jpg","articleSection":["NOTICIAS FINANCIERAS"],"inLanguage":"en-US","potentialAction":[{"@type":"CommentAction","name":"Comment","target":["https:\/\/super-news.info\/es\/el-gasto-en-pensiones-se-eleva-en-agosto-hasta-la-cifra-record-de-9-681-millones-un-5-mas\/#respond"]}]},{"@type":"WebPage","@id":"https:\/\/super-news.info\/es\/el-gasto-en-pensiones-se-eleva-en-agosto-hasta-la-cifra-record-de-9-681-millones-un-5-mas\/","url":"https:\/\/super-news.info\/es\/el-gasto-en-pensiones-se-eleva-en-agosto-hasta-la-cifra-record-de-9-681-millones-un-5-mas\/","name":"El gasto en pensiones se eleva en agosto hasta la cifra r\u00e9cord de 9.681 millones, un 5% m\u00e1s - Super News","isPartOf":{"@id":"https:\/\/super-news.info\/es\/#website"},"primaryImageOfPage":{"@id":"https:\/\/super-news.info\/es\/el-gasto-en-pensiones-se-eleva-en-agosto-hasta-la-cifra-record-de-9-681-millones-un-5-mas\/#primaryimage"},"image":{"@id":"https:\/\/super-news.info\/es\/el-gasto-en-pensiones-se-eleva-en-agosto-hasta-la-cifra-record-de-9-681-millones-un-5-mas\/#primaryimage"},"thumbnailUrl":"https:\/\/super-news.info\/es\/wp-content\/uploads\/sites\/4\/2019\/08\/El-gasto-en-pensiones-se-eleva-en-agosto-hasta-la.jpg","datePublished":"2019-08-27T23:56:30+00:00","dateModified":"2020-11-19T15:21:55+00:00","author":{"@id":"https:\/\/super-news.info\/es\/#\/schema\/person\/2d4068cb2f39cd10008c2fce578a7356"},"breadcrumb":{"@id":"https:\/\/super-news.info\/es\/el-gasto-en-pensiones-se-eleva-en-agosto-hasta-la-cifra-record-de-9-681-millones-un-5-mas\/#breadcrumb"},"inLanguage":"en-US","potentialAction":[{"@type":"ReadAction","target":["https:\/\/super-news.info\/es\/el-gasto-en-pensiones-se-eleva-en-agosto-hasta-la-cifra-record-de-9-681-millones-un-5-mas\/"]}]},{"@type":"ImageObject","inLanguage":"en-US","@id":"https:\/\/super-news.info\/es\/el-gasto-en-pensiones-se-eleva-en-agosto-hasta-la-cifra-record-de-9-681-millones-un-5-mas\/#primaryimage","url":"https:\/\/super-news.info\/es\/wp-content\/uploads\/sites\/4\/2019\/08\/El-gasto-en-pensiones-se-eleva-en-agosto-hasta-la.jpg","contentUrl":"https:\/\/super-news.info\/es\/wp-content\/uploads\/sites\/4\/2019\/08\/El-gasto-en-pensiones-se-eleva-en-agosto-hasta-la.jpg","width":120,"height":81,"caption":"El gasto en pensiones se eleva en agosto hasta la cifra r\u00e9cord de 9.681 millones, un 5% m\u00e1s"},{"@type":"BreadcrumbList","@id":"https:\/\/super-news.info\/es\/el-gasto-en-pensiones-se-eleva-en-agosto-hasta-la-cifra-record-de-9-681-millones-un-5-mas\/#breadcrumb","itemListElement":[{"@type":"ListItem","position":1,"name":"\u0413\u043b\u0430\u0432\u043d\u0430\u044f \u0441\u0442\u0440\u0430\u043d\u0438\u0446\u0430","item":"https:\/\/super-news.info\/es\/"},{"@type":"ListItem","position":2,"name":"El gasto en pensiones se eleva en agosto hasta la cifra r\u00e9cord de 9.681 millones, un 5% m\u00e1s"}]},{"@type":"WebSite","@id":"https:\/\/super-news.info\/es\/#website","url":"https:\/\/super-news.info\/es\/","name":"Super News","description":"Super News Espa\u00f1a","potentialAction":[{"@type":"SearchAction","target":{"@type":"EntryPoint","urlTemplate":"https:\/\/super-news.info\/es\/?s={search_term_string}"},"query-input":{"@type":"PropertyValueSpecification","valueRequired":true,"valueName":"search_term_string"}}],"inLanguage":"en-US"},{"@type":"Person","@id":"https:\/\/super-news.info\/es\/#\/schema\/person\/2d4068cb2f39cd10008c2fce578a7356","name":"super-news","image":{"@type":"ImageObject","inLanguage":"en-US","@id":"https:\/\/secure.gravatar.com\/avatar\/64ebac40b93f26a154f8a9b5b6fdccfc46f442b26b3dd6756dbff3bf9dc76fd7?s=96&d=mm&r=g","url":"https:\/\/secure.gravatar.com\/avatar\/64ebac40b93f26a154f8a9b5b6fdccfc46f442b26b3dd6756dbff3bf9dc76fd7?s=96&d=mm&r=g","contentUrl":"https:\/\/secure.gravatar.com\/avatar\/64ebac40b93f26a154f8a9b5b6fdccfc46f442b26b3dd6756dbff3bf9dc76fd7?s=96&d=mm&r=g","caption":"super-news"},"url":"https:\/\/super-news.info\/es\/author\/pt\/"}]}},"_links":{"self":[{"href":"https:\/\/super-news.info\/es\/wp-json\/wp\/v2\/posts\/9719","targetHints":{"allow":["GET"]}}],"collection":[{"href":"https:\/\/super-news.info\/es\/wp-json\/wp\/v2\/posts"}],"about":[{"href":"https:\/\/super-news.info\/es\/wp-json\/wp\/v2\/types\/post"}],"author":[{"embeddable":true,"href":"https:\/\/super-news.info\/es\/wp-json\/wp\/v2\/users\/2"}],"replies":[{"embeddable":true,"href":"https:\/\/super-news.info\/es\/wp-json\/wp\/v2\/comments?post=9719"}],"version-history":[{"count":2,"href":"https:\/\/super-news.info\/es\/wp-json\/wp\/v2\/posts\/9719\/revisions"}],"predecessor-version":[{"id":12482,"href":"https:\/\/super-news.info\/es\/wp-json\/wp\/v2\/posts\/9719\/revisions\/12482"}],"wp:featuredmedia":[{"embeddable":true,"href":"https:\/\/super-news.info\/es\/wp-json\/wp\/v2\/media\/9720"}],"wp:attachment":[{"href":"https:\/\/super-news.info\/es\/wp-json\/wp\/v2\/media?parent=9719"}],"wp:term":[{"taxonomy":"category","embeddable":true,"href":"https:\/\/super-news.info\/es\/wp-json\/wp\/v2\/categories?post=9719"},{"taxonomy":"post_tag","embeddable":true,"href":"https:\/\/super-news.info\/es\/wp-json\/wp\/v2\/tags?post=9719"}],"curies":[{"name":"wp","href":"https:\/\/api.w.org\/{rel}","templated":true}]}}