{"id":9713,"date":"2019-08-28T01:46:14","date_gmt":"2019-08-27T22:46:14","guid":{"rendered":"https:\/\/super-news.info\/es\/la-caida-de-las-exportaciones-deja-a-alemania-al-borde-de-la-recesion\/"},"modified":"2019-08-28T01:46:15","modified_gmt":"2019-08-27T22:46:15","slug":"la-caida-de-las-exportaciones-deja-a-alemania-al-borde-de-la-recesion","status":"publish","type":"post","link":"https:\/\/super-news.info\/es\/la-caida-de-las-exportaciones-deja-a-alemania-al-borde-de-la-recesion\/","title":{"rendered":"La ca\u00edda de las exportaciones deja a Alemania al borde de la recesi\u00f3n"},"content":{"rendered":"<p> [ad_1]<\/p>\n<p><span class=\"fotoPie\">Alemania.- La Fiscal\u00eda de Berl\u00edn abre una investigaci\u00f3n ante amenazas de muerte a pol\u00edticos<\/span> &#8211; Patrick Pleul\/dpa-Zentralbild\/ZB &#8211; Archivo<\/p>\n<div id=\"CuerpoNoticiav2\" itemprop=\"articleBody\">\n<p itemprop=\"description\">WIESBADEN (ALEMANIA), 27 Ago. (EUROPA PRESS) &#8211;<\/p>\n<p>La fuerte ca\u00edda de las exportaciones registrada durante el segundo trimestre en un contexto marcado por la guerra comercial ha sido la causa principal de la contracci\u00f3n del 0,1% del PIB de Alemania, frente al crecimiento del 0,4% de los tres primeros meses del a\u00f1o, lo que deja a la &#8216;locomotora europea&#8217; al borde de la recesi\u00f3n t\u00e9cnica, seg\u00fan ha confirmado la segunda estimaci\u00f3n del dato de la Oficina Federal de Estad\u00edstica (Destatis).<\/p>\n<p>&#8220;El desarrollo del comercio exterior fren\u00f3 el crecimiento econ\u00f3mico en el segundo trimestre de 2019&#8221;, indic\u00f3 la oficina estad\u00edstica germana, puesto que las exportaciones registraron una ca\u00edda trimestral del 1,3%, mucho mayor que el retroceso del 0,3% de las importaciones.<\/p>\n<p>De este modo, la balanza comercial alemana registr\u00f3 en el segundo trimestre del a\u00f1o una contribuci\u00f3n negativa del 0,5% al desempe\u00f1o econ\u00f3mico de la mayor econom\u00eda del Viejo Continente.<\/p>\n<p>Por su parte, el consumo final de los hogares alemanes tuvo una contribuci\u00f3n positiva del 0,1%, aunque muy por debajo del 0,8% del primer trimestre del a\u00f1o, mientras que el gasto p\u00fablico creci\u00f3 un 0,5%, frente al incremento del 0,8% entre enero y marzo.<\/p>\n<p><iframe id=\"ep-chart-326a5c4b-0909-428c-aaf3-a2902d1b646a\" src=\"https:\/\/www.epdata.es\/embed\/326a5c4b-0909-428c-aaf3-a2902d1b646a\/450\" style=\"width: 100%; min-height: 450px; overflow: hidden;\" frameborder=\"0\" scrolling=\"no\" height=\"450\"><\/iframe><\/p>\n<p>La formaci\u00f3n bruta de capital fijo registr\u00f3 entre abril y junio un retroceso del 0,1%, tras haber aumentado un 1,6% en los tres primeros meses de 2019. En concreto, en el sector de la construcci\u00f3n baj\u00f3 un 1%, frente al incremento del 1,5% del primer trimestre, mientras que la formaci\u00f3n bruta de capital fijo en maquinarias y equipos creci\u00f3 un 0,6%, tras el 1,4% de los tres meses anteriores.<\/p>\n<p>&#8220;La segunda estimaci\u00f3n de los datos del PIB alem\u00e1n del segundo trimestre muestra que no todo fue malo&#8221;, apunta Carsten Brzeski, economista jefe de ING Alemania, para quien los detalles de los componentes del crecimiento constatan que &#8220;la contracci\u00f3n fue impulsada casi exclusivamente por la debilidad de las exportaciones&#8221;, mientras que a nivel dom\u00e9stico, solo el sector de la construcci\u00f3n decepcion\u00f3.<\/p>\n<p>&#8220;Si bien la segunda estimaci\u00f3n de los datos del PIB del segundo trimestre tiene algunos puntos brillantes, las perspectivas a corto plazo para la econom\u00eda alemana siguen siendo sombr\u00edas&#8221;, advierte Brzeski, a\u00f1adiendo que la econom\u00eda alemana se encuentra en una &#8220;encrucijada peligrosa&#8221;.<\/p>\n<p>No obstante, el experto considera que, &#8220;despu\u00e9s de diez a\u00f1os de fuerte crecimiento econ\u00f3mico, un estancamiento o incluso una recesi\u00f3n t\u00e9cnica en esta coyuntura no es motivo de p\u00e1nico&#8221;.<\/p>\n<h2 class=\"ladillo\">IMPACTO DE LA GUERRA COMERCIAL.<\/h2>\n<p>A este respecto, el analista de ING Alemania apunta que un est\u00edmulo fiscal podr\u00eda aumentar la confianza y mejorar el crecimiento estructural en los a\u00f1os venideros, mientras que una nueva escalada del conflicto comercial y la incertidumbre global, combinada con la ausencia de est\u00edmulos fiscales, &#8220;es actualmente la peor de todas las pesadillas para la econom\u00eda alemana&#8221;.<\/p>\n<p>En su \u00faltimo bolet\u00edn mensual, el Bundesbank, el banco central de Alemania, asume la cada vez mayor probabilidad de que el pa\u00eds entre en recesi\u00f3n t\u00e9cnica en el tercer trimestre de 2019, cuando la instituci\u00f3n anticipa que el PIB podr\u00eda sufrir una ligera contracci\u00f3n, que se sumar\u00eda a la ca\u00edda del 0,1% registrada entre los meses de abril y junio.<\/p>\n<p>De confirmarse la contracci\u00f3n del PIB germano entre los meses de julio y septiembre, Alemania entrar\u00eda en recesi\u00f3n t\u00e9cnica, cuando se encadenan dos trimestres consecutivos de ca\u00edda de la actividad, por primera vez en seis a\u00f1os, despu\u00e9s de que la econom\u00eda de Alemania sufriera una contracci\u00f3n del 0,4% en el cuarto trimestre de 2012 y del 0,5% en los tres primeros meses de 2013.<\/p>\n<\/div>\n<p>[ad_2]<br \/>\n<br \/><a href=\"https:\/\/www.europapress.es\/economia\/macroeconomia-00338\/noticia-caida-exportaciones-deja-alemania-borde-recesion-20190827103603.html\">Source link <\/a><\/p>\n","protected":false},"excerpt":{"rendered":"<p>[ad_1] Alemania.- La Fiscal\u00eda de Berl\u00edn abre una investigaci\u00f3n ante amenazas de muerte a pol\u00edticos &#8211; Patrick Pleul\/dpa-Zentralbild\/ZB &#8211; Archivo WIESBADEN (ALEMANIA), 27 Ago. (EUROPA PRESS) &#8211; La fuerte ca\u00edda de las exportaciones registrada durante el segundo trimestre en un contexto marcado por la guerra comercial ha sido la causa principal de la contracci\u00f3n del [&hellip;]<\/p>\n","protected":false},"author":2,"featured_media":9714,"comment_status":"open","ping_status":"open","sticky":false,"template":"","format":"standard","meta":{"footnotes":""},"categories":[1],"tags":[],"class_list":["post-9713","post","type-post","status-publish","format-standard","has-post-thumbnail","hentry","category-noticias-financieras"],"yoast_head":"<!-- This site is optimized with the Yoast SEO plugin v27.4 - https:\/\/yoast.com\/product\/yoast-seo-wordpress\/ -->\n<title>La ca\u00edda de las exportaciones deja a Alemania al borde de la recesi\u00f3n - Super News<\/title>\n<meta name=\"robots\" content=\"index, follow, max-snippet:-1, max-image-preview:large, max-video-preview:-1\" \/>\n<link rel=\"canonical\" href=\"https:\/\/super-news.info\/es\/la-caida-de-las-exportaciones-deja-a-alemania-al-borde-de-la-recesion\/\" \/>\n<meta property=\"og:locale\" content=\"en_US\" \/>\n<meta property=\"og:type\" content=\"article\" \/>\n<meta property=\"og:title\" content=\"La ca\u00edda de las exportaciones deja a Alemania al borde de la recesi\u00f3n - Super News\" \/>\n<meta property=\"og:description\" content=\"[ad_1] Alemania.- La Fiscal\u00eda de Berl\u00edn abre una investigaci\u00f3n ante amenazas de muerte a pol\u00edticos &#8211; Patrick Pleul\/dpa-Zentralbild\/ZB &#8211; Archivo WIESBADEN (ALEMANIA), 27 Ago. (EUROPA PRESS) &#8211; La fuerte ca\u00edda de las exportaciones registrada durante el segundo trimestre en un contexto marcado por la guerra comercial ha sido la causa principal de la contracci\u00f3n del [&hellip;]\" \/>\n<meta property=\"og:url\" content=\"https:\/\/super-news.info\/es\/la-caida-de-las-exportaciones-deja-a-alemania-al-borde-de-la-recesion\/\" \/>\n<meta property=\"og:site_name\" content=\"Super News\" \/>\n<meta property=\"article:published_time\" content=\"2019-08-27T22:46:14+00:00\" \/>\n<meta property=\"article:modified_time\" content=\"2019-08-27T22:46:15+00:00\" \/>\n<meta property=\"og:image\" content=\"https:\/\/super-news.info\/es\/wp-content\/uploads\/sites\/4\/2019\/08\/La-ca-da-de-las-exportaciones-deja-a-Alemania-al-borde.jpg\" \/>\n\t<meta property=\"og:image:width\" content=\"120\" \/>\n\t<meta property=\"og:image:height\" content=\"82\" \/>\n\t<meta property=\"og:image:type\" content=\"image\/jpeg\" \/>\n<meta name=\"author\" content=\"super-news\" \/>\n<meta name=\"twitter:card\" content=\"summary_large_image\" \/>\n<meta name=\"twitter:label1\" content=\"Written by\" \/>\n\t<meta name=\"twitter:data1\" content=\"super-news\" \/>\n\t<meta name=\"twitter:label2\" content=\"Est. reading time\" \/>\n\t<meta name=\"twitter:data2\" content=\"3 minutes\" \/>\n<script type=\"application\/ld+json\" class=\"yoast-schema-graph\">{\"@context\":\"https:\\\/\\\/schema.org\",\"@graph\":[{\"@type\":\"Article\",\"@id\":\"https:\\\/\\\/super-news.info\\\/es\\\/la-caida-de-las-exportaciones-deja-a-alemania-al-borde-de-la-recesion\\\/#article\",\"isPartOf\":{\"@id\":\"https:\\\/\\\/super-news.info\\\/es\\\/la-caida-de-las-exportaciones-deja-a-alemania-al-borde-de-la-recesion\\\/\"},\"author\":{\"name\":\"super-news\",\"@id\":\"https:\\\/\\\/super-news.info\\\/es\\\/#\\\/schema\\\/person\\\/2d4068cb2f39cd10008c2fce578a7356\"},\"headline\":\"La ca\u00edda de las exportaciones deja a Alemania al borde de la recesi\u00f3n\",\"datePublished\":\"2019-08-27T22:46:14+00:00\",\"dateModified\":\"2019-08-27T22:46:15+00:00\",\"mainEntityOfPage\":{\"@id\":\"https:\\\/\\\/super-news.info\\\/es\\\/la-caida-de-las-exportaciones-deja-a-alemania-al-borde-de-la-recesion\\\/\"},\"wordCount\":662,\"commentCount\":0,\"image\":{\"@id\":\"https:\\\/\\\/super-news.info\\\/es\\\/la-caida-de-las-exportaciones-deja-a-alemania-al-borde-de-la-recesion\\\/#primaryimage\"},\"thumbnailUrl\":\"https:\\\/\\\/super-news.info\\\/es\\\/wp-content\\\/uploads\\\/sites\\\/4\\\/2019\\\/08\\\/La-ca-da-de-las-exportaciones-deja-a-Alemania-al-borde.jpg\",\"articleSection\":[\"NOTICIAS FINANCIERAS\"],\"inLanguage\":\"en-US\",\"potentialAction\":[{\"@type\":\"CommentAction\",\"name\":\"Comment\",\"target\":[\"https:\\\/\\\/super-news.info\\\/es\\\/la-caida-de-las-exportaciones-deja-a-alemania-al-borde-de-la-recesion\\\/#respond\"]}]},{\"@type\":\"WebPage\",\"@id\":\"https:\\\/\\\/super-news.info\\\/es\\\/la-caida-de-las-exportaciones-deja-a-alemania-al-borde-de-la-recesion\\\/\",\"url\":\"https:\\\/\\\/super-news.info\\\/es\\\/la-caida-de-las-exportaciones-deja-a-alemania-al-borde-de-la-recesion\\\/\",\"name\":\"La ca\u00edda de las exportaciones deja a Alemania al borde de la recesi\u00f3n - Super News\",\"isPartOf\":{\"@id\":\"https:\\\/\\\/super-news.info\\\/es\\\/#website\"},\"primaryImageOfPage\":{\"@id\":\"https:\\\/\\\/super-news.info\\\/es\\\/la-caida-de-las-exportaciones-deja-a-alemania-al-borde-de-la-recesion\\\/#primaryimage\"},\"image\":{\"@id\":\"https:\\\/\\\/super-news.info\\\/es\\\/la-caida-de-las-exportaciones-deja-a-alemania-al-borde-de-la-recesion\\\/#primaryimage\"},\"thumbnailUrl\":\"https:\\\/\\\/super-news.info\\\/es\\\/wp-content\\\/uploads\\\/sites\\\/4\\\/2019\\\/08\\\/La-ca-da-de-las-exportaciones-deja-a-Alemania-al-borde.jpg\",\"datePublished\":\"2019-08-27T22:46:14+00:00\",\"dateModified\":\"2019-08-27T22:46:15+00:00\",\"author\":{\"@id\":\"https:\\\/\\\/super-news.info\\\/es\\\/#\\\/schema\\\/person\\\/2d4068cb2f39cd10008c2fce578a7356\"},\"breadcrumb\":{\"@id\":\"https:\\\/\\\/super-news.info\\\/es\\\/la-caida-de-las-exportaciones-deja-a-alemania-al-borde-de-la-recesion\\\/#breadcrumb\"},\"inLanguage\":\"en-US\",\"potentialAction\":[{\"@type\":\"ReadAction\",\"target\":[\"https:\\\/\\\/super-news.info\\\/es\\\/la-caida-de-las-exportaciones-deja-a-alemania-al-borde-de-la-recesion\\\/\"]}]},{\"@type\":\"ImageObject\",\"inLanguage\":\"en-US\",\"@id\":\"https:\\\/\\\/super-news.info\\\/es\\\/la-caida-de-las-exportaciones-deja-a-alemania-al-borde-de-la-recesion\\\/#primaryimage\",\"url\":\"https:\\\/\\\/super-news.info\\\/es\\\/wp-content\\\/uploads\\\/sites\\\/4\\\/2019\\\/08\\\/La-ca-da-de-las-exportaciones-deja-a-Alemania-al-borde.jpg\",\"contentUrl\":\"https:\\\/\\\/super-news.info\\\/es\\\/wp-content\\\/uploads\\\/sites\\\/4\\\/2019\\\/08\\\/La-ca-da-de-las-exportaciones-deja-a-Alemania-al-borde.jpg\",\"width\":120,\"height\":82,\"caption\":\"La ca\u00edda de las exportaciones deja a Alemania al borde de la recesi\u00f3n\"},{\"@type\":\"BreadcrumbList\",\"@id\":\"https:\\\/\\\/super-news.info\\\/es\\\/la-caida-de-las-exportaciones-deja-a-alemania-al-borde-de-la-recesion\\\/#breadcrumb\",\"itemListElement\":[{\"@type\":\"ListItem\",\"position\":1,\"name\":\"\u0413\u043b\u0430\u0432\u043d\u0430\u044f \u0441\u0442\u0440\u0430\u043d\u0438\u0446\u0430\",\"item\":\"https:\\\/\\\/super-news.info\\\/es\\\/\"},{\"@type\":\"ListItem\",\"position\":2,\"name\":\"La ca\u00edda de las exportaciones deja a Alemania al borde de la recesi\u00f3n\"}]},{\"@type\":\"WebSite\",\"@id\":\"https:\\\/\\\/super-news.info\\\/es\\\/#website\",\"url\":\"https:\\\/\\\/super-news.info\\\/es\\\/\",\"name\":\"Super News\",\"description\":\"Super News Espa\u00f1a\",\"potentialAction\":[{\"@type\":\"SearchAction\",\"target\":{\"@type\":\"EntryPoint\",\"urlTemplate\":\"https:\\\/\\\/super-news.info\\\/es\\\/?s={search_term_string}\"},\"query-input\":{\"@type\":\"PropertyValueSpecification\",\"valueRequired\":true,\"valueName\":\"search_term_string\"}}],\"inLanguage\":\"en-US\"},{\"@type\":\"Person\",\"@id\":\"https:\\\/\\\/super-news.info\\\/es\\\/#\\\/schema\\\/person\\\/2d4068cb2f39cd10008c2fce578a7356\",\"name\":\"super-news\",\"image\":{\"@type\":\"ImageObject\",\"inLanguage\":\"en-US\",\"@id\":\"https:\\\/\\\/secure.gravatar.com\\\/avatar\\\/64ebac40b93f26a154f8a9b5b6fdccfc46f442b26b3dd6756dbff3bf9dc76fd7?s=96&d=mm&r=g\",\"url\":\"https:\\\/\\\/secure.gravatar.com\\\/avatar\\\/64ebac40b93f26a154f8a9b5b6fdccfc46f442b26b3dd6756dbff3bf9dc76fd7?s=96&d=mm&r=g\",\"contentUrl\":\"https:\\\/\\\/secure.gravatar.com\\\/avatar\\\/64ebac40b93f26a154f8a9b5b6fdccfc46f442b26b3dd6756dbff3bf9dc76fd7?s=96&d=mm&r=g\",\"caption\":\"super-news\"},\"url\":\"https:\\\/\\\/super-news.info\\\/es\\\/author\\\/pt\\\/\"}]}<\/script>\n<!-- \/ Yoast SEO plugin. -->","yoast_head_json":{"title":"La ca\u00edda de las exportaciones deja a Alemania al borde de la recesi\u00f3n - Super News","robots":{"index":"index","follow":"follow","max-snippet":"max-snippet:-1","max-image-preview":"max-image-preview:large","max-video-preview":"max-video-preview:-1"},"canonical":"https:\/\/super-news.info\/es\/la-caida-de-las-exportaciones-deja-a-alemania-al-borde-de-la-recesion\/","og_locale":"en_US","og_type":"article","og_title":"La ca\u00edda de las exportaciones deja a Alemania al borde de la recesi\u00f3n - Super News","og_description":"[ad_1] Alemania.- La Fiscal\u00eda de Berl\u00edn abre una investigaci\u00f3n ante amenazas de muerte a pol\u00edticos &#8211; Patrick Pleul\/dpa-Zentralbild\/ZB &#8211; Archivo WIESBADEN (ALEMANIA), 27 Ago. (EUROPA PRESS) &#8211; La fuerte ca\u00edda de las exportaciones registrada durante el segundo trimestre en un contexto marcado por la guerra comercial ha sido la causa principal de la contracci\u00f3n del [&hellip;]","og_url":"https:\/\/super-news.info\/es\/la-caida-de-las-exportaciones-deja-a-alemania-al-borde-de-la-recesion\/","og_site_name":"Super News","article_published_time":"2019-08-27T22:46:14+00:00","article_modified_time":"2019-08-27T22:46:15+00:00","og_image":[{"width":120,"height":82,"url":"https:\/\/super-news.info\/es\/wp-content\/uploads\/sites\/4\/2019\/08\/La-ca-da-de-las-exportaciones-deja-a-Alemania-al-borde.jpg","type":"image\/jpeg"}],"author":"super-news","twitter_card":"summary_large_image","twitter_misc":{"Written by":"super-news","Est. reading time":"3 minutes"},"schema":{"@context":"https:\/\/schema.org","@graph":[{"@type":"Article","@id":"https:\/\/super-news.info\/es\/la-caida-de-las-exportaciones-deja-a-alemania-al-borde-de-la-recesion\/#article","isPartOf":{"@id":"https:\/\/super-news.info\/es\/la-caida-de-las-exportaciones-deja-a-alemania-al-borde-de-la-recesion\/"},"author":{"name":"super-news","@id":"https:\/\/super-news.info\/es\/#\/schema\/person\/2d4068cb2f39cd10008c2fce578a7356"},"headline":"La ca\u00edda de las exportaciones deja a Alemania al borde de la recesi\u00f3n","datePublished":"2019-08-27T22:46:14+00:00","dateModified":"2019-08-27T22:46:15+00:00","mainEntityOfPage":{"@id":"https:\/\/super-news.info\/es\/la-caida-de-las-exportaciones-deja-a-alemania-al-borde-de-la-recesion\/"},"wordCount":662,"commentCount":0,"image":{"@id":"https:\/\/super-news.info\/es\/la-caida-de-las-exportaciones-deja-a-alemania-al-borde-de-la-recesion\/#primaryimage"},"thumbnailUrl":"https:\/\/super-news.info\/es\/wp-content\/uploads\/sites\/4\/2019\/08\/La-ca-da-de-las-exportaciones-deja-a-Alemania-al-borde.jpg","articleSection":["NOTICIAS FINANCIERAS"],"inLanguage":"en-US","potentialAction":[{"@type":"CommentAction","name":"Comment","target":["https:\/\/super-news.info\/es\/la-caida-de-las-exportaciones-deja-a-alemania-al-borde-de-la-recesion\/#respond"]}]},{"@type":"WebPage","@id":"https:\/\/super-news.info\/es\/la-caida-de-las-exportaciones-deja-a-alemania-al-borde-de-la-recesion\/","url":"https:\/\/super-news.info\/es\/la-caida-de-las-exportaciones-deja-a-alemania-al-borde-de-la-recesion\/","name":"La ca\u00edda de las exportaciones deja a Alemania al borde de la recesi\u00f3n - Super News","isPartOf":{"@id":"https:\/\/super-news.info\/es\/#website"},"primaryImageOfPage":{"@id":"https:\/\/super-news.info\/es\/la-caida-de-las-exportaciones-deja-a-alemania-al-borde-de-la-recesion\/#primaryimage"},"image":{"@id":"https:\/\/super-news.info\/es\/la-caida-de-las-exportaciones-deja-a-alemania-al-borde-de-la-recesion\/#primaryimage"},"thumbnailUrl":"https:\/\/super-news.info\/es\/wp-content\/uploads\/sites\/4\/2019\/08\/La-ca-da-de-las-exportaciones-deja-a-Alemania-al-borde.jpg","datePublished":"2019-08-27T22:46:14+00:00","dateModified":"2019-08-27T22:46:15+00:00","author":{"@id":"https:\/\/super-news.info\/es\/#\/schema\/person\/2d4068cb2f39cd10008c2fce578a7356"},"breadcrumb":{"@id":"https:\/\/super-news.info\/es\/la-caida-de-las-exportaciones-deja-a-alemania-al-borde-de-la-recesion\/#breadcrumb"},"inLanguage":"en-US","potentialAction":[{"@type":"ReadAction","target":["https:\/\/super-news.info\/es\/la-caida-de-las-exportaciones-deja-a-alemania-al-borde-de-la-recesion\/"]}]},{"@type":"ImageObject","inLanguage":"en-US","@id":"https:\/\/super-news.info\/es\/la-caida-de-las-exportaciones-deja-a-alemania-al-borde-de-la-recesion\/#primaryimage","url":"https:\/\/super-news.info\/es\/wp-content\/uploads\/sites\/4\/2019\/08\/La-ca-da-de-las-exportaciones-deja-a-Alemania-al-borde.jpg","contentUrl":"https:\/\/super-news.info\/es\/wp-content\/uploads\/sites\/4\/2019\/08\/La-ca-da-de-las-exportaciones-deja-a-Alemania-al-borde.jpg","width":120,"height":82,"caption":"La ca\u00edda de las exportaciones deja a Alemania al borde de la recesi\u00f3n"},{"@type":"BreadcrumbList","@id":"https:\/\/super-news.info\/es\/la-caida-de-las-exportaciones-deja-a-alemania-al-borde-de-la-recesion\/#breadcrumb","itemListElement":[{"@type":"ListItem","position":1,"name":"\u0413\u043b\u0430\u0432\u043d\u0430\u044f \u0441\u0442\u0440\u0430\u043d\u0438\u0446\u0430","item":"https:\/\/super-news.info\/es\/"},{"@type":"ListItem","position":2,"name":"La ca\u00edda de las exportaciones deja a Alemania al borde de la recesi\u00f3n"}]},{"@type":"WebSite","@id":"https:\/\/super-news.info\/es\/#website","url":"https:\/\/super-news.info\/es\/","name":"Super News","description":"Super News Espa\u00f1a","potentialAction":[{"@type":"SearchAction","target":{"@type":"EntryPoint","urlTemplate":"https:\/\/super-news.info\/es\/?s={search_term_string}"},"query-input":{"@type":"PropertyValueSpecification","valueRequired":true,"valueName":"search_term_string"}}],"inLanguage":"en-US"},{"@type":"Person","@id":"https:\/\/super-news.info\/es\/#\/schema\/person\/2d4068cb2f39cd10008c2fce578a7356","name":"super-news","image":{"@type":"ImageObject","inLanguage":"en-US","@id":"https:\/\/secure.gravatar.com\/avatar\/64ebac40b93f26a154f8a9b5b6fdccfc46f442b26b3dd6756dbff3bf9dc76fd7?s=96&d=mm&r=g","url":"https:\/\/secure.gravatar.com\/avatar\/64ebac40b93f26a154f8a9b5b6fdccfc46f442b26b3dd6756dbff3bf9dc76fd7?s=96&d=mm&r=g","contentUrl":"https:\/\/secure.gravatar.com\/avatar\/64ebac40b93f26a154f8a9b5b6fdccfc46f442b26b3dd6756dbff3bf9dc76fd7?s=96&d=mm&r=g","caption":"super-news"},"url":"https:\/\/super-news.info\/es\/author\/pt\/"}]}},"_links":{"self":[{"href":"https:\/\/super-news.info\/es\/wp-json\/wp\/v2\/posts\/9713","targetHints":{"allow":["GET"]}}],"collection":[{"href":"https:\/\/super-news.info\/es\/wp-json\/wp\/v2\/posts"}],"about":[{"href":"https:\/\/super-news.info\/es\/wp-json\/wp\/v2\/types\/post"}],"author":[{"embeddable":true,"href":"https:\/\/super-news.info\/es\/wp-json\/wp\/v2\/users\/2"}],"replies":[{"embeddable":true,"href":"https:\/\/super-news.info\/es\/wp-json\/wp\/v2\/comments?post=9713"}],"version-history":[{"count":1,"href":"https:\/\/super-news.info\/es\/wp-json\/wp\/v2\/posts\/9713\/revisions"}],"predecessor-version":[{"id":9715,"href":"https:\/\/super-news.info\/es\/wp-json\/wp\/v2\/posts\/9713\/revisions\/9715"}],"wp:featuredmedia":[{"embeddable":true,"href":"https:\/\/super-news.info\/es\/wp-json\/wp\/v2\/media\/9714"}],"wp:attachment":[{"href":"https:\/\/super-news.info\/es\/wp-json\/wp\/v2\/media?parent=9713"}],"wp:term":[{"taxonomy":"category","embeddable":true,"href":"https:\/\/super-news.info\/es\/wp-json\/wp\/v2\/categories?post=9713"},{"taxonomy":"post_tag","embeddable":true,"href":"https:\/\/super-news.info\/es\/wp-json\/wp\/v2\/tags?post=9713"}],"curies":[{"name":"wp","href":"https:\/\/api.w.org\/{rel}","templated":true}]}}