{"id":9698,"date":"2019-08-27T22:23:11","date_gmt":"2019-08-27T19:23:11","guid":{"rendered":"https:\/\/super-news.info\/es\/montero-dispuesta-a-comparecer-en-el-congreso-para-hablar-del-techo-de-gasto-de-2020\/"},"modified":"2019-08-27T22:23:13","modified_gmt":"2019-08-27T19:23:13","slug":"montero-dispuesta-a-comparecer-en-el-congreso-para-hablar-del-techo-de-gasto-de-2020","status":"publish","type":"post","link":"https:\/\/super-news.info\/es\/montero-dispuesta-a-comparecer-en-el-congreso-para-hablar-del-techo-de-gasto-de-2020\/","title":{"rendered":"Montero, dispuesta a comparecer en el Congreso para hablar del techo de gasto de 2020"},"content":{"rendered":"<p> [ad_1]<br \/>\n<\/p>\n<div><!-- inicio video embed --><\/p>\n<p>450178.1.500.286.20190827133352<\/p>\n<div id=\"VisiblePlayerPubliIncrustado\" class=\"VisiblePlayerPubliIncrustado_20190827133352 relativo\">\n<\/div>\n<p><!-- fin video embed --> <!-- fin multimedia --><\/p>\n<h3 class=\"subsubhead\">Unidas Podemos no apoyar\u00e1 la petici\u00f3n de comparecencia urgente si la ministra acepta comparecer de manera ordinaria en septiembre<\/h3>\n<p>MADRID, 27 Ago. (EUROPA PRESS) &#8211;<\/p>\n<p itemprop=\"description\">La diputada socialista Patricia Blanquer ha expresado este martes la disposici\u00f3n de la ministra de Hacienda en funciones, Mar\u00eda Jes\u00fas Montero, a comparecer de manera ordinaria en la Comisi\u00f3n de Hacienda del Congreso para hablar sobre el techo de gasto para 2020 y la situaci\u00f3n presupuestaria ante la previsible pr\u00f3rroga para el pr\u00f3ximo a\u00f1o de los Presupuestos de 2018.<\/p>\n<p>La Diputaci\u00f3n Permanente del Congreso debate este martes una petici\u00f3n formulada por el PP y el Grupo Mixto para que Montero comparezca de manera extraordinaria en la Comisi\u00f3n de Hacienda de la C\u00e1mara Baja para explicar por qu\u00e9 el Gobierno &#8220;ha incumplido&#8221; los plazos legales para establecer el techo de gasto para 2020 y las repercusiones que ello conlleva para la actividad financiera de las administraciones p\u00fablicas.<\/p>\n<p>Esta petici\u00f3n, que se votar\u00e1 cuando concluya la reuni\u00f3n de la Diputaci\u00f3n Permanente, ha sido apoyada por casi todos los Grupos Parlamentarios, con excepci\u00f3n del PNV que, aunque no se opone a que comparezca la ministra, cree que &#8220;no hay carencia de techo de gasto&#8221;, pues hay comunidades, como la andaluza, que han podido aprobar sus Presupuestos.<\/p>\n<p>En Unidas Podemos, por su parte, ven necesaria la comparecencia de Montero, pero la formaci\u00f3n, seg\u00fan ha precisado Alberto Garz\u00f3n, est\u00e1 dispuesta a votar en contra de esta petici\u00f3n de comparecencia urgente si la ministra se aviene a comparecer en el Congreso de manera ordinaria en las primeras semanas de septiembre.<\/p>\n<p>Desde el PSOE, Blanquer ha negado que el Gobierno haya incumplido la Ley de Estabilidad Presupuestaria en relaci\u00f3n al establecimiento del techo de gasto para 2020, ya que, al estar en funciones, no puede aprobar lo que supondr\u00eda el pistoletazo de salida de unos Presupuestos que tampoco podr\u00eda aprobar sin tener capacidad plena.<\/p>\n<p>&#8220;El Gobierno est\u00e1 en funciones. Tiene muy limitada su capacidad de maniobra. No est\u00e1 facultado para aprobar los Presupuestos ni decretos leyes y el techo de gasto forma parte del inicio del proyecto presupuestario. Por tanto, no existe un supuesto incumplimiento que justifique la comparecencia de la ministra de Hacienda, por lo menos de car\u00e1cter extraordinario&#8221;, ha apuntado Blanquer.<\/p>\n<h2 class=\"ladillo\">&#8220;NO HAY DEJACI\u00d3N DE FUNCIONES&#8221;<\/h2>\n<p>Ahora bien, la diputada socialista ha se\u00f1alado que, dada la preocupaci\u00f3n por la situaci\u00f3n actual y la disposici\u00f3n del Gobierno a &#8220;dar siempre explicaciones&#8221;, la ministra se ofrece a comparecer &#8220;en sesi\u00f3n ordinaria&#8221;, pero no para hablar de &#8220;ninguna dejaci\u00f3n de funciones&#8221;.<\/p>\n<p>Blanquer ha recordado adem\u00e1s que si se prorrogaron los Presupuestos en 2019 fue porque &#8220;se tumbaron&#8221; los que present\u00f3 el Gobierno y que si no se disponen de 6.000 millones de euros m\u00e1s para el Estado, las comunidades aut\u00f3nomas y la Seguridad Social es porque Ciudadanos y PP se opusieron en el Senado a la senda de estabilidad que propuso en su d\u00eda el Ejecutivo. &#8220;No es una coartada, pero acabar con la asfixia actual requiere la investidura de Pedro S\u00e1nchez como presidente del Gobierno&#8221;, ha a\u00f1adido.<\/p>\n<p>Por su parte, el diputado del PP Mario Garc\u00e9s ha defendido su petici\u00f3n de comparecencia urgente de la ministra para que explique &#8220;qu\u00e9 va a hacer&#8221; para aprobar el techo de gasto. &#8220;Est\u00e1n incumpliendo los instrumentos establecidos legalmente y con su par\u00e1lisis presupuestaria est\u00e1n condenando a las comunidades aut\u00f3nomas. Queremos que haya presupuesto y que expongan en sus partidas presupuestarias su programa pol\u00edtico&#8221;, ha alegado.<\/p>\n<p>Desde Ciudadanos, su diputado Marcos de Quinto ha afirmado que &#8220;no hay excusa posible para la dejaci\u00f3n de funciones&#8221; en la que, a su juicio, ha incurrido el Gobierno al no presentar el techo de gasto para 2020, m\u00e1xime cuando en 2016 defend\u00eda que pod\u00eda hacerse aunque el Ejecutivo de entonces, del PP, estuviera en funciones.<\/p>\n<p>Por su lado, Jos\u00e9 Mar\u00eda Figaredo, de VOX, ha acusado al Gobierno de incumplir los plazos establecidos en la Ley de Estabilidad Presupuestaria &#8220;sin una explicaci\u00f3n racional&#8221;, por lo que ha apoyado la petici\u00f3n del PP y del Grupo Mixto para que comparezca la ministra en sesi\u00f3n extraordinaria.<\/p>\n<p>Desde Coalici\u00f3n Canaria, la diputada Mar\u00eda Guadulupe Gonz\u00e1lez quiere que Montero explique que pasar\u00e1 con los anticipos que a\u00fan no han llegado a las comunidades aut\u00f3nomas. Lo mismo que Laura Borr\u00e0s, de JxCAT, que ha recordado que la Generalitat de Catalu\u00f1a llevar\u00e1 al Estado a los tribunales por esta cuesti\u00f3n y que se ha preguntado si lo que pretende el Ejecutivo con todo esto es &#8220;comprar la investidura&#8221; de S\u00e1nchez.<\/p>\n<p>Por su parte, el diputado del PNV Mikel Legarda cree que &#8220;a veces se piden cosas imposibles a un Gobierno en funciones&#8221;, mientras que la diputada de ERC Montserrat Bassa ha reclamado la aprobaci\u00f3n del techo de gasto de 2020 para que la Generalitat de Catalu\u00f1a pueda aprobar sus presupuestos.<\/p>\n<\/div>\n<p>[ad_2]<br \/>\n<br \/><a href=\"https:\/\/www.europapress.es\/economia\/macroeconomia-00338\/noticia-montero-dispuesta-comparecer-congreso-hablar-techo-gasto-2020-20190827133352.html\">Source link <\/a><\/p>\n","protected":false},"excerpt":{"rendered":"<p>[ad_1] 450178.1.500.286.20190827133352 Unidas Podemos no apoyar\u00e1 la petici\u00f3n de comparecencia urgente si la ministra acepta comparecer de manera ordinaria en septiembre MADRID, 27 Ago. (EUROPA PRESS) &#8211; La diputada socialista Patricia Blanquer ha expresado este martes la disposici\u00f3n de la ministra de Hacienda en funciones, Mar\u00eda Jes\u00fas Montero, a comparecer de manera ordinaria en la [&hellip;]<\/p>\n","protected":false},"author":2,"featured_media":9699,"comment_status":"open","ping_status":"open","sticky":false,"template":"","format":"standard","meta":{"footnotes":""},"categories":[1],"tags":[],"class_list":["post-9698","post","type-post","status-publish","format-standard","has-post-thumbnail","hentry","category-noticias-financieras"],"yoast_head":"<!-- This site is optimized with the Yoast SEO plugin v27.4 - https:\/\/yoast.com\/product\/yoast-seo-wordpress\/ -->\n<title>Montero, dispuesta a comparecer en el Congreso para hablar del techo de gasto de 2020 - Super News<\/title>\n<meta name=\"robots\" content=\"index, follow, max-snippet:-1, max-image-preview:large, max-video-preview:-1\" \/>\n<link rel=\"canonical\" href=\"https:\/\/super-news.info\/es\/montero-dispuesta-a-comparecer-en-el-congreso-para-hablar-del-techo-de-gasto-de-2020\/\" \/>\n<meta property=\"og:locale\" content=\"en_US\" \/>\n<meta property=\"og:type\" content=\"article\" \/>\n<meta property=\"og:title\" content=\"Montero, dispuesta a comparecer en el Congreso para hablar del techo de gasto de 2020 - Super News\" \/>\n<meta property=\"og:description\" content=\"[ad_1] 450178.1.500.286.20190827133352 Unidas Podemos no apoyar\u00e1 la petici\u00f3n de comparecencia urgente si la ministra acepta comparecer de manera ordinaria en septiembre MADRID, 27 Ago. (EUROPA PRESS) &#8211; La diputada socialista Patricia Blanquer ha expresado este martes la disposici\u00f3n de la ministra de Hacienda en funciones, Mar\u00eda Jes\u00fas Montero, a comparecer de manera ordinaria en la [&hellip;]\" \/>\n<meta property=\"og:url\" content=\"https:\/\/super-news.info\/es\/montero-dispuesta-a-comparecer-en-el-congreso-para-hablar-del-techo-de-gasto-de-2020\/\" \/>\n<meta property=\"og:site_name\" content=\"Super News\" \/>\n<meta property=\"article:published_time\" content=\"2019-08-27T19:23:11+00:00\" \/>\n<meta property=\"article:modified_time\" content=\"2019-08-27T19:23:13+00:00\" \/>\n<meta property=\"og:image\" content=\"https:\/\/super-news.info\/es\/wp-content\/uploads\/sites\/4\/2019\/08\/Montero-dispuesta-a-comparecer-en-el-Congreso-para-hablar-del.jpg\" \/>\n\t<meta property=\"og:image:width\" content=\"500\" \/>\n\t<meta property=\"og:image:height\" content=\"275\" \/>\n\t<meta property=\"og:image:type\" content=\"image\/jpeg\" \/>\n<meta name=\"author\" content=\"super-news\" \/>\n<meta name=\"twitter:card\" content=\"summary_large_image\" \/>\n<meta name=\"twitter:label1\" content=\"Written by\" \/>\n\t<meta name=\"twitter:data1\" content=\"super-news\" \/>\n\t<meta name=\"twitter:label2\" content=\"Est. reading time\" \/>\n\t<meta name=\"twitter:data2\" content=\"4 minutes\" \/>\n<script type=\"application\/ld+json\" class=\"yoast-schema-graph\">{\"@context\":\"https:\\\/\\\/schema.org\",\"@graph\":[{\"@type\":\"Article\",\"@id\":\"https:\\\/\\\/super-news.info\\\/es\\\/montero-dispuesta-a-comparecer-en-el-congreso-para-hablar-del-techo-de-gasto-de-2020\\\/#article\",\"isPartOf\":{\"@id\":\"https:\\\/\\\/super-news.info\\\/es\\\/montero-dispuesta-a-comparecer-en-el-congreso-para-hablar-del-techo-de-gasto-de-2020\\\/\"},\"author\":{\"name\":\"super-news\",\"@id\":\"https:\\\/\\\/super-news.info\\\/es\\\/#\\\/schema\\\/person\\\/2d4068cb2f39cd10008c2fce578a7356\"},\"headline\":\"Montero, dispuesta a comparecer en el Congreso para hablar del techo de gasto de 2020\",\"datePublished\":\"2019-08-27T19:23:11+00:00\",\"dateModified\":\"2019-08-27T19:23:13+00:00\",\"mainEntityOfPage\":{\"@id\":\"https:\\\/\\\/super-news.info\\\/es\\\/montero-dispuesta-a-comparecer-en-el-congreso-para-hablar-del-techo-de-gasto-de-2020\\\/\"},\"wordCount\":867,\"commentCount\":0,\"image\":{\"@id\":\"https:\\\/\\\/super-news.info\\\/es\\\/montero-dispuesta-a-comparecer-en-el-congreso-para-hablar-del-techo-de-gasto-de-2020\\\/#primaryimage\"},\"thumbnailUrl\":\"https:\\\/\\\/super-news.info\\\/es\\\/wp-content\\\/uploads\\\/sites\\\/4\\\/2019\\\/08\\\/Montero-dispuesta-a-comparecer-en-el-Congreso-para-hablar-del.jpg\",\"articleSection\":[\"NOTICIAS FINANCIERAS\"],\"inLanguage\":\"en-US\",\"potentialAction\":[{\"@type\":\"CommentAction\",\"name\":\"Comment\",\"target\":[\"https:\\\/\\\/super-news.info\\\/es\\\/montero-dispuesta-a-comparecer-en-el-congreso-para-hablar-del-techo-de-gasto-de-2020\\\/#respond\"]}]},{\"@type\":\"WebPage\",\"@id\":\"https:\\\/\\\/super-news.info\\\/es\\\/montero-dispuesta-a-comparecer-en-el-congreso-para-hablar-del-techo-de-gasto-de-2020\\\/\",\"url\":\"https:\\\/\\\/super-news.info\\\/es\\\/montero-dispuesta-a-comparecer-en-el-congreso-para-hablar-del-techo-de-gasto-de-2020\\\/\",\"name\":\"Montero, dispuesta a comparecer en el Congreso para hablar del techo de gasto de 2020 - Super News\",\"isPartOf\":{\"@id\":\"https:\\\/\\\/super-news.info\\\/es\\\/#website\"},\"primaryImageOfPage\":{\"@id\":\"https:\\\/\\\/super-news.info\\\/es\\\/montero-dispuesta-a-comparecer-en-el-congreso-para-hablar-del-techo-de-gasto-de-2020\\\/#primaryimage\"},\"image\":{\"@id\":\"https:\\\/\\\/super-news.info\\\/es\\\/montero-dispuesta-a-comparecer-en-el-congreso-para-hablar-del-techo-de-gasto-de-2020\\\/#primaryimage\"},\"thumbnailUrl\":\"https:\\\/\\\/super-news.info\\\/es\\\/wp-content\\\/uploads\\\/sites\\\/4\\\/2019\\\/08\\\/Montero-dispuesta-a-comparecer-en-el-Congreso-para-hablar-del.jpg\",\"datePublished\":\"2019-08-27T19:23:11+00:00\",\"dateModified\":\"2019-08-27T19:23:13+00:00\",\"author\":{\"@id\":\"https:\\\/\\\/super-news.info\\\/es\\\/#\\\/schema\\\/person\\\/2d4068cb2f39cd10008c2fce578a7356\"},\"breadcrumb\":{\"@id\":\"https:\\\/\\\/super-news.info\\\/es\\\/montero-dispuesta-a-comparecer-en-el-congreso-para-hablar-del-techo-de-gasto-de-2020\\\/#breadcrumb\"},\"inLanguage\":\"en-US\",\"potentialAction\":[{\"@type\":\"ReadAction\",\"target\":[\"https:\\\/\\\/super-news.info\\\/es\\\/montero-dispuesta-a-comparecer-en-el-congreso-para-hablar-del-techo-de-gasto-de-2020\\\/\"]}]},{\"@type\":\"ImageObject\",\"inLanguage\":\"en-US\",\"@id\":\"https:\\\/\\\/super-news.info\\\/es\\\/montero-dispuesta-a-comparecer-en-el-congreso-para-hablar-del-techo-de-gasto-de-2020\\\/#primaryimage\",\"url\":\"https:\\\/\\\/super-news.info\\\/es\\\/wp-content\\\/uploads\\\/sites\\\/4\\\/2019\\\/08\\\/Montero-dispuesta-a-comparecer-en-el-Congreso-para-hablar-del.jpg\",\"contentUrl\":\"https:\\\/\\\/super-news.info\\\/es\\\/wp-content\\\/uploads\\\/sites\\\/4\\\/2019\\\/08\\\/Montero-dispuesta-a-comparecer-en-el-Congreso-para-hablar-del.jpg\",\"width\":500,\"height\":275,\"caption\":\"V\u00eddeo de la noticia\"},{\"@type\":\"BreadcrumbList\",\"@id\":\"https:\\\/\\\/super-news.info\\\/es\\\/montero-dispuesta-a-comparecer-en-el-congreso-para-hablar-del-techo-de-gasto-de-2020\\\/#breadcrumb\",\"itemListElement\":[{\"@type\":\"ListItem\",\"position\":1,\"name\":\"\u0413\u043b\u0430\u0432\u043d\u0430\u044f \u0441\u0442\u0440\u0430\u043d\u0438\u0446\u0430\",\"item\":\"https:\\\/\\\/super-news.info\\\/es\\\/\"},{\"@type\":\"ListItem\",\"position\":2,\"name\":\"Montero, dispuesta a comparecer en el Congreso para hablar del techo de gasto de 2020\"}]},{\"@type\":\"WebSite\",\"@id\":\"https:\\\/\\\/super-news.info\\\/es\\\/#website\",\"url\":\"https:\\\/\\\/super-news.info\\\/es\\\/\",\"name\":\"Super News\",\"description\":\"Super News Espa\u00f1a\",\"potentialAction\":[{\"@type\":\"SearchAction\",\"target\":{\"@type\":\"EntryPoint\",\"urlTemplate\":\"https:\\\/\\\/super-news.info\\\/es\\\/?s={search_term_string}\"},\"query-input\":{\"@type\":\"PropertyValueSpecification\",\"valueRequired\":true,\"valueName\":\"search_term_string\"}}],\"inLanguage\":\"en-US\"},{\"@type\":\"Person\",\"@id\":\"https:\\\/\\\/super-news.info\\\/es\\\/#\\\/schema\\\/person\\\/2d4068cb2f39cd10008c2fce578a7356\",\"name\":\"super-news\",\"image\":{\"@type\":\"ImageObject\",\"inLanguage\":\"en-US\",\"@id\":\"https:\\\/\\\/secure.gravatar.com\\\/avatar\\\/64ebac40b93f26a154f8a9b5b6fdccfc46f442b26b3dd6756dbff3bf9dc76fd7?s=96&d=mm&r=g\",\"url\":\"https:\\\/\\\/secure.gravatar.com\\\/avatar\\\/64ebac40b93f26a154f8a9b5b6fdccfc46f442b26b3dd6756dbff3bf9dc76fd7?s=96&d=mm&r=g\",\"contentUrl\":\"https:\\\/\\\/secure.gravatar.com\\\/avatar\\\/64ebac40b93f26a154f8a9b5b6fdccfc46f442b26b3dd6756dbff3bf9dc76fd7?s=96&d=mm&r=g\",\"caption\":\"super-news\"},\"url\":\"https:\\\/\\\/super-news.info\\\/es\\\/author\\\/pt\\\/\"}]}<\/script>\n<!-- \/ Yoast SEO plugin. -->","yoast_head_json":{"title":"Montero, dispuesta a comparecer en el Congreso para hablar del techo de gasto de 2020 - Super News","robots":{"index":"index","follow":"follow","max-snippet":"max-snippet:-1","max-image-preview":"max-image-preview:large","max-video-preview":"max-video-preview:-1"},"canonical":"https:\/\/super-news.info\/es\/montero-dispuesta-a-comparecer-en-el-congreso-para-hablar-del-techo-de-gasto-de-2020\/","og_locale":"en_US","og_type":"article","og_title":"Montero, dispuesta a comparecer en el Congreso para hablar del techo de gasto de 2020 - Super News","og_description":"[ad_1] 450178.1.500.286.20190827133352 Unidas Podemos no apoyar\u00e1 la petici\u00f3n de comparecencia urgente si la ministra acepta comparecer de manera ordinaria en septiembre MADRID, 27 Ago. (EUROPA PRESS) &#8211; La diputada socialista Patricia Blanquer ha expresado este martes la disposici\u00f3n de la ministra de Hacienda en funciones, Mar\u00eda Jes\u00fas Montero, a comparecer de manera ordinaria en la [&hellip;]","og_url":"https:\/\/super-news.info\/es\/montero-dispuesta-a-comparecer-en-el-congreso-para-hablar-del-techo-de-gasto-de-2020\/","og_site_name":"Super News","article_published_time":"2019-08-27T19:23:11+00:00","article_modified_time":"2019-08-27T19:23:13+00:00","og_image":[{"width":500,"height":275,"url":"https:\/\/super-news.info\/es\/wp-content\/uploads\/sites\/4\/2019\/08\/Montero-dispuesta-a-comparecer-en-el-Congreso-para-hablar-del.jpg","type":"image\/jpeg"}],"author":"super-news","twitter_card":"summary_large_image","twitter_misc":{"Written by":"super-news","Est. reading time":"4 minutes"},"schema":{"@context":"https:\/\/schema.org","@graph":[{"@type":"Article","@id":"https:\/\/super-news.info\/es\/montero-dispuesta-a-comparecer-en-el-congreso-para-hablar-del-techo-de-gasto-de-2020\/#article","isPartOf":{"@id":"https:\/\/super-news.info\/es\/montero-dispuesta-a-comparecer-en-el-congreso-para-hablar-del-techo-de-gasto-de-2020\/"},"author":{"name":"super-news","@id":"https:\/\/super-news.info\/es\/#\/schema\/person\/2d4068cb2f39cd10008c2fce578a7356"},"headline":"Montero, dispuesta a comparecer en el Congreso para hablar del techo de gasto de 2020","datePublished":"2019-08-27T19:23:11+00:00","dateModified":"2019-08-27T19:23:13+00:00","mainEntityOfPage":{"@id":"https:\/\/super-news.info\/es\/montero-dispuesta-a-comparecer-en-el-congreso-para-hablar-del-techo-de-gasto-de-2020\/"},"wordCount":867,"commentCount":0,"image":{"@id":"https:\/\/super-news.info\/es\/montero-dispuesta-a-comparecer-en-el-congreso-para-hablar-del-techo-de-gasto-de-2020\/#primaryimage"},"thumbnailUrl":"https:\/\/super-news.info\/es\/wp-content\/uploads\/sites\/4\/2019\/08\/Montero-dispuesta-a-comparecer-en-el-Congreso-para-hablar-del.jpg","articleSection":["NOTICIAS FINANCIERAS"],"inLanguage":"en-US","potentialAction":[{"@type":"CommentAction","name":"Comment","target":["https:\/\/super-news.info\/es\/montero-dispuesta-a-comparecer-en-el-congreso-para-hablar-del-techo-de-gasto-de-2020\/#respond"]}]},{"@type":"WebPage","@id":"https:\/\/super-news.info\/es\/montero-dispuesta-a-comparecer-en-el-congreso-para-hablar-del-techo-de-gasto-de-2020\/","url":"https:\/\/super-news.info\/es\/montero-dispuesta-a-comparecer-en-el-congreso-para-hablar-del-techo-de-gasto-de-2020\/","name":"Montero, dispuesta a comparecer en el Congreso para hablar del techo de gasto de 2020 - Super News","isPartOf":{"@id":"https:\/\/super-news.info\/es\/#website"},"primaryImageOfPage":{"@id":"https:\/\/super-news.info\/es\/montero-dispuesta-a-comparecer-en-el-congreso-para-hablar-del-techo-de-gasto-de-2020\/#primaryimage"},"image":{"@id":"https:\/\/super-news.info\/es\/montero-dispuesta-a-comparecer-en-el-congreso-para-hablar-del-techo-de-gasto-de-2020\/#primaryimage"},"thumbnailUrl":"https:\/\/super-news.info\/es\/wp-content\/uploads\/sites\/4\/2019\/08\/Montero-dispuesta-a-comparecer-en-el-Congreso-para-hablar-del.jpg","datePublished":"2019-08-27T19:23:11+00:00","dateModified":"2019-08-27T19:23:13+00:00","author":{"@id":"https:\/\/super-news.info\/es\/#\/schema\/person\/2d4068cb2f39cd10008c2fce578a7356"},"breadcrumb":{"@id":"https:\/\/super-news.info\/es\/montero-dispuesta-a-comparecer-en-el-congreso-para-hablar-del-techo-de-gasto-de-2020\/#breadcrumb"},"inLanguage":"en-US","potentialAction":[{"@type":"ReadAction","target":["https:\/\/super-news.info\/es\/montero-dispuesta-a-comparecer-en-el-congreso-para-hablar-del-techo-de-gasto-de-2020\/"]}]},{"@type":"ImageObject","inLanguage":"en-US","@id":"https:\/\/super-news.info\/es\/montero-dispuesta-a-comparecer-en-el-congreso-para-hablar-del-techo-de-gasto-de-2020\/#primaryimage","url":"https:\/\/super-news.info\/es\/wp-content\/uploads\/sites\/4\/2019\/08\/Montero-dispuesta-a-comparecer-en-el-Congreso-para-hablar-del.jpg","contentUrl":"https:\/\/super-news.info\/es\/wp-content\/uploads\/sites\/4\/2019\/08\/Montero-dispuesta-a-comparecer-en-el-Congreso-para-hablar-del.jpg","width":500,"height":275,"caption":"V\u00eddeo de la noticia"},{"@type":"BreadcrumbList","@id":"https:\/\/super-news.info\/es\/montero-dispuesta-a-comparecer-en-el-congreso-para-hablar-del-techo-de-gasto-de-2020\/#breadcrumb","itemListElement":[{"@type":"ListItem","position":1,"name":"\u0413\u043b\u0430\u0432\u043d\u0430\u044f \u0441\u0442\u0440\u0430\u043d\u0438\u0446\u0430","item":"https:\/\/super-news.info\/es\/"},{"@type":"ListItem","position":2,"name":"Montero, dispuesta a comparecer en el Congreso para hablar del techo de gasto de 2020"}]},{"@type":"WebSite","@id":"https:\/\/super-news.info\/es\/#website","url":"https:\/\/super-news.info\/es\/","name":"Super News","description":"Super News Espa\u00f1a","potentialAction":[{"@type":"SearchAction","target":{"@type":"EntryPoint","urlTemplate":"https:\/\/super-news.info\/es\/?s={search_term_string}"},"query-input":{"@type":"PropertyValueSpecification","valueRequired":true,"valueName":"search_term_string"}}],"inLanguage":"en-US"},{"@type":"Person","@id":"https:\/\/super-news.info\/es\/#\/schema\/person\/2d4068cb2f39cd10008c2fce578a7356","name":"super-news","image":{"@type":"ImageObject","inLanguage":"en-US","@id":"https:\/\/secure.gravatar.com\/avatar\/64ebac40b93f26a154f8a9b5b6fdccfc46f442b26b3dd6756dbff3bf9dc76fd7?s=96&d=mm&r=g","url":"https:\/\/secure.gravatar.com\/avatar\/64ebac40b93f26a154f8a9b5b6fdccfc46f442b26b3dd6756dbff3bf9dc76fd7?s=96&d=mm&r=g","contentUrl":"https:\/\/secure.gravatar.com\/avatar\/64ebac40b93f26a154f8a9b5b6fdccfc46f442b26b3dd6756dbff3bf9dc76fd7?s=96&d=mm&r=g","caption":"super-news"},"url":"https:\/\/super-news.info\/es\/author\/pt\/"}]}},"_links":{"self":[{"href":"https:\/\/super-news.info\/es\/wp-json\/wp\/v2\/posts\/9698","targetHints":{"allow":["GET"]}}],"collection":[{"href":"https:\/\/super-news.info\/es\/wp-json\/wp\/v2\/posts"}],"about":[{"href":"https:\/\/super-news.info\/es\/wp-json\/wp\/v2\/types\/post"}],"author":[{"embeddable":true,"href":"https:\/\/super-news.info\/es\/wp-json\/wp\/v2\/users\/2"}],"replies":[{"embeddable":true,"href":"https:\/\/super-news.info\/es\/wp-json\/wp\/v2\/comments?post=9698"}],"version-history":[{"count":1,"href":"https:\/\/super-news.info\/es\/wp-json\/wp\/v2\/posts\/9698\/revisions"}],"predecessor-version":[{"id":9700,"href":"https:\/\/super-news.info\/es\/wp-json\/wp\/v2\/posts\/9698\/revisions\/9700"}],"wp:featuredmedia":[{"embeddable":true,"href":"https:\/\/super-news.info\/es\/wp-json\/wp\/v2\/media\/9699"}],"wp:attachment":[{"href":"https:\/\/super-news.info\/es\/wp-json\/wp\/v2\/media?parent=9698"}],"wp:term":[{"taxonomy":"category","embeddable":true,"href":"https:\/\/super-news.info\/es\/wp-json\/wp\/v2\/categories?post=9698"},{"taxonomy":"post_tag","embeddable":true,"href":"https:\/\/super-news.info\/es\/wp-json\/wp\/v2\/tags?post=9698"}],"curies":[{"name":"wp","href":"https:\/\/api.w.org\/{rel}","templated":true}]}}