{"id":9677,"date":"2019-08-27T17:51:02","date_gmt":"2019-08-27T14:51:02","guid":{"rendered":"https:\/\/super-news.info\/es\/maroto-aboga-por-el-turismo-y-reindustrializacion-para-luchar-contra-la-despoblacion-en-la-espana-vaciada\/"},"modified":"2019-08-27T17:51:03","modified_gmt":"2019-08-27T14:51:03","slug":"maroto-aboga-por-el-turismo-y-reindustrializacion-para-luchar-contra-la-despoblacion-en-la-espana-vaciada","status":"publish","type":"post","link":"https:\/\/super-news.info\/es\/maroto-aboga-por-el-turismo-y-reindustrializacion-para-luchar-contra-la-despoblacion-en-la-espana-vaciada\/","title":{"rendered":"Maroto aboga por el turismo y reindustrializaci\u00f3n para luchar contra la despoblaci\u00f3n en la &#8220;Espa\u00f1a Vaciada&#8221;"},"content":{"rendered":"<p> [ad_1]<\/p>\n<div id=\"CuerpoNoticiav2\" itemprop=\"articleBody\">\n<p>SEGOVIA, 27 Ago. (EUROPA PRESS) &#8211; <\/p>\n<p itemprop=\"description\">   La ministra de Industria, Comercio y Turismo en funciones, Reyes Maroto, ha explicado durante este martes que la lucha de su Gobierno contra la despoblaci\u00f3n en la &#8220;Espa\u00f1a Vaciada&#8221; se centra en dos frentes, la reindustrializaci\u00f3n y el impulso al turismo rural como motores econ\u00f3micos.<\/p>\n<p>   Maroto ha incidido en la necesidad de poner el turismo rural en el &#8220;eje de la pol\u00edtica tur\u00edstica&#8221; y ha afirmado que su Ministerio lleva un a\u00f1o trabajando para que el patrimonio hist\u00f3rico de ciudades y pueblos de las zonas despobladas sean un reclamo tur\u00edstico.<\/p>\n<p>   La ministra ha hablado sobre estos temas en su visita a las localidades segovianas de Cu\u00e9llar, donde se celebran las fiestas patronales, y La Granja, que tambi\u00e9n disfruta de sus fiestas y donde ha podido participar de la tradicional judiada que tiene previsto dar de comer a cerca de 10.000 comensales durante la jornada.<\/p>\n<p>   Ha puesto ambas localidades como ejemplo de las posibilidades tur\u00edsticas que tiene la comarca. As\u00ed, la ministra ha destacado que las fiestas de Cu\u00e9llar son de Inter\u00e9s Tur\u00edstico Nacional, as\u00ed como el patrimonio arquitect\u00f3nico que albergan ambas.<\/p>\n<p>   Por ello, Maroto ha asegurado que el compromiso de su Gobierno y de su propio departamento es el de situar a la Espa\u00f1a Vaciada dentro de esas rutas tur\u00edsticas, impulsando y promocionando las mismas para que sean &#8220;muchos&#8221; los visitantes que encuentren un lugar que ver y d\u00f3nde comer, ya que, seg\u00fan ha aseverado, el 10 por ciento de los visitantes internacionales lo hace por un motivo gastron\u00f3mico.<\/p>\n<p>   Con este motivo, Reyes Maroto ha demandado la colaboraci\u00f3n de ayuntamientos y, especialmente, de la Junta de Castilla y Le\u00f3n, a la que ha instado a situar la pol\u00edtica tur\u00edstica entre sus prioridades, al igual que la industrial, y colaborar con el Gobierno de Espa\u00f1a ya que, como as\u00ed ha incidido, este a\u00f1o habr\u00eda demostrado que &#8220;tiene&#8221; un plan de reindustrializaci\u00f3n para el pa\u00eds pero tambi\u00e9n un proyecto tur\u00edstico donde la Espa\u00f1a interior &#8220;empiece a ver la luz&#8221; y de esta forma lograr un proyecto &#8220;m\u00e1s intenso&#8221; que el que se impulsa desde el Ejecutivo nacional..<\/p>\n<p>   En el plano de la industria, la ministra ha vuelto a insistir en los datos desvelados por su Gobierno en las \u00faltimas fechas con respecto al Plan Reindus, sobre el que ha destacado la inversi\u00f3n de 400 millones, de los que 38,9 millones de euros destinados a proyectos en Castilla y Le\u00f3n, con dos pertenecientes a la provincia de Segovia que han recibido un total de 2,3 millones de inversi\u00f3n.<\/p>\n<p>   Una de las empresas segovianas cuyo proyecto ya habr\u00eda recibido una inversi\u00f3n cercana a los 600.000 euros es Uvesa, perteneciente al sector agroalimentario, seg\u00fan ha explicado Maroto.<\/p>\n<\/div>\n<p>[ad_2]<br \/>\n<br \/><a href=\"https:\/\/www.europapress.es\/economia\/noticia-maroto-aboga-turismo-reindustrializacion-luchar-contra-despoblacion-espana-vaciada-20190827155705.html\">Source link <\/a><\/p>\n","protected":false},"excerpt":{"rendered":"<p>[ad_1] SEGOVIA, 27 Ago. (EUROPA PRESS) &#8211; La ministra de Industria, Comercio y Turismo en funciones, Reyes Maroto, ha explicado durante este martes que la lucha de su Gobierno contra la despoblaci\u00f3n en la &#8220;Espa\u00f1a Vaciada&#8221; se centra en dos frentes, la reindustrializaci\u00f3n y el impulso al turismo rural como motores econ\u00f3micos. Maroto ha incidido [&hellip;]<\/p>\n","protected":false},"author":2,"featured_media":9678,"comment_status":"open","ping_status":"open","sticky":false,"template":"","format":"standard","meta":{"footnotes":""},"categories":[1],"tags":[],"class_list":["post-9677","post","type-post","status-publish","format-standard","has-post-thumbnail","hentry","category-noticias-financieras"],"yoast_head":"<!-- This site is optimized with the Yoast SEO plugin v27.4 - https:\/\/yoast.com\/product\/yoast-seo-wordpress\/ -->\n<title>Maroto aboga por el turismo y reindustrializaci\u00f3n para luchar contra la despoblaci\u00f3n en la &quot;Espa\u00f1a Vaciada&quot; - Super News<\/title>\n<meta name=\"robots\" content=\"index, follow, max-snippet:-1, max-image-preview:large, max-video-preview:-1\" \/>\n<link rel=\"canonical\" href=\"https:\/\/super-news.info\/es\/maroto-aboga-por-el-turismo-y-reindustrializacion-para-luchar-contra-la-despoblacion-en-la-espana-vaciada\/\" \/>\n<meta property=\"og:locale\" content=\"en_US\" \/>\n<meta property=\"og:type\" content=\"article\" \/>\n<meta property=\"og:title\" content=\"Maroto aboga por el turismo y reindustrializaci\u00f3n para luchar contra la despoblaci\u00f3n en la &quot;Espa\u00f1a Vaciada&quot; - Super News\" \/>\n<meta property=\"og:description\" content=\"[ad_1] SEGOVIA, 27 Ago. (EUROPA PRESS) &#8211; La ministra de Industria, Comercio y Turismo en funciones, Reyes Maroto, ha explicado durante este martes que la lucha de su Gobierno contra la despoblaci\u00f3n en la &#8220;Espa\u00f1a Vaciada&#8221; se centra en dos frentes, la reindustrializaci\u00f3n y el impulso al turismo rural como motores econ\u00f3micos. Maroto ha incidido [&hellip;]\" \/>\n<meta property=\"og:url\" content=\"https:\/\/super-news.info\/es\/maroto-aboga-por-el-turismo-y-reindustrializacion-para-luchar-contra-la-despoblacion-en-la-espana-vaciada\/\" \/>\n<meta property=\"og:site_name\" content=\"Super News\" \/>\n<meta property=\"article:published_time\" content=\"2019-08-27T14:51:02+00:00\" \/>\n<meta property=\"article:modified_time\" content=\"2019-08-27T14:51:03+00:00\" \/>\n<meta property=\"og:image\" content=\"https:\/\/super-news.info\/es\/wp-content\/uploads\/sites\/4\/2019\/08\/Maroto-aboga-por-el-turismo-y-reindustrializaci-n-para-luchar-contra.jpg\" \/>\n\t<meta property=\"og:image:width\" content=\"120\" \/>\n\t<meta property=\"og:image:height\" content=\"90\" \/>\n\t<meta property=\"og:image:type\" content=\"image\/jpeg\" \/>\n<meta name=\"author\" content=\"super-news\" \/>\n<meta name=\"twitter:card\" content=\"summary_large_image\" \/>\n<meta name=\"twitter:label1\" content=\"Written by\" \/>\n\t<meta name=\"twitter:data1\" content=\"super-news\" \/>\n\t<meta name=\"twitter:label2\" content=\"Est. reading time\" \/>\n\t<meta name=\"twitter:data2\" content=\"2 minutes\" \/>\n<script type=\"application\/ld+json\" class=\"yoast-schema-graph\">{\"@context\":\"https:\\\/\\\/schema.org\",\"@graph\":[{\"@type\":\"Article\",\"@id\":\"https:\\\/\\\/super-news.info\\\/es\\\/maroto-aboga-por-el-turismo-y-reindustrializacion-para-luchar-contra-la-despoblacion-en-la-espana-vaciada\\\/#article\",\"isPartOf\":{\"@id\":\"https:\\\/\\\/super-news.info\\\/es\\\/maroto-aboga-por-el-turismo-y-reindustrializacion-para-luchar-contra-la-despoblacion-en-la-espana-vaciada\\\/\"},\"author\":{\"name\":\"super-news\",\"@id\":\"https:\\\/\\\/super-news.info\\\/es\\\/#\\\/schema\\\/person\\\/2d4068cb2f39cd10008c2fce578a7356\"},\"headline\":\"Maroto aboga por el turismo y reindustrializaci\u00f3n para luchar contra la despoblaci\u00f3n en la &#8220;Espa\u00f1a Vaciada&#8221;\",\"datePublished\":\"2019-08-27T14:51:02+00:00\",\"dateModified\":\"2019-08-27T14:51:03+00:00\",\"mainEntityOfPage\":{\"@id\":\"https:\\\/\\\/super-news.info\\\/es\\\/maroto-aboga-por-el-turismo-y-reindustrializacion-para-luchar-contra-la-despoblacion-en-la-espana-vaciada\\\/\"},\"wordCount\":504,\"commentCount\":0,\"image\":{\"@id\":\"https:\\\/\\\/super-news.info\\\/es\\\/maroto-aboga-por-el-turismo-y-reindustrializacion-para-luchar-contra-la-despoblacion-en-la-espana-vaciada\\\/#primaryimage\"},\"thumbnailUrl\":\"https:\\\/\\\/super-news.info\\\/es\\\/wp-content\\\/uploads\\\/sites\\\/4\\\/2019\\\/08\\\/Maroto-aboga-por-el-turismo-y-reindustrializaci-n-para-luchar-contra.jpg\",\"articleSection\":[\"NOTICIAS FINANCIERAS\"],\"inLanguage\":\"en-US\",\"potentialAction\":[{\"@type\":\"CommentAction\",\"name\":\"Comment\",\"target\":[\"https:\\\/\\\/super-news.info\\\/es\\\/maroto-aboga-por-el-turismo-y-reindustrializacion-para-luchar-contra-la-despoblacion-en-la-espana-vaciada\\\/#respond\"]}]},{\"@type\":\"WebPage\",\"@id\":\"https:\\\/\\\/super-news.info\\\/es\\\/maroto-aboga-por-el-turismo-y-reindustrializacion-para-luchar-contra-la-despoblacion-en-la-espana-vaciada\\\/\",\"url\":\"https:\\\/\\\/super-news.info\\\/es\\\/maroto-aboga-por-el-turismo-y-reindustrializacion-para-luchar-contra-la-despoblacion-en-la-espana-vaciada\\\/\",\"name\":\"Maroto aboga por el turismo y reindustrializaci\u00f3n para luchar contra la despoblaci\u00f3n en la \\\"Espa\u00f1a Vaciada\\\" - Super News\",\"isPartOf\":{\"@id\":\"https:\\\/\\\/super-news.info\\\/es\\\/#website\"},\"primaryImageOfPage\":{\"@id\":\"https:\\\/\\\/super-news.info\\\/es\\\/maroto-aboga-por-el-turismo-y-reindustrializacion-para-luchar-contra-la-despoblacion-en-la-espana-vaciada\\\/#primaryimage\"},\"image\":{\"@id\":\"https:\\\/\\\/super-news.info\\\/es\\\/maroto-aboga-por-el-turismo-y-reindustrializacion-para-luchar-contra-la-despoblacion-en-la-espana-vaciada\\\/#primaryimage\"},\"thumbnailUrl\":\"https:\\\/\\\/super-news.info\\\/es\\\/wp-content\\\/uploads\\\/sites\\\/4\\\/2019\\\/08\\\/Maroto-aboga-por-el-turismo-y-reindustrializaci-n-para-luchar-contra.jpg\",\"datePublished\":\"2019-08-27T14:51:02+00:00\",\"dateModified\":\"2019-08-27T14:51:03+00:00\",\"author\":{\"@id\":\"https:\\\/\\\/super-news.info\\\/es\\\/#\\\/schema\\\/person\\\/2d4068cb2f39cd10008c2fce578a7356\"},\"breadcrumb\":{\"@id\":\"https:\\\/\\\/super-news.info\\\/es\\\/maroto-aboga-por-el-turismo-y-reindustrializacion-para-luchar-contra-la-despoblacion-en-la-espana-vaciada\\\/#breadcrumb\"},\"inLanguage\":\"en-US\",\"potentialAction\":[{\"@type\":\"ReadAction\",\"target\":[\"https:\\\/\\\/super-news.info\\\/es\\\/maroto-aboga-por-el-turismo-y-reindustrializacion-para-luchar-contra-la-despoblacion-en-la-espana-vaciada\\\/\"]}]},{\"@type\":\"ImageObject\",\"inLanguage\":\"en-US\",\"@id\":\"https:\\\/\\\/super-news.info\\\/es\\\/maroto-aboga-por-el-turismo-y-reindustrializacion-para-luchar-contra-la-despoblacion-en-la-espana-vaciada\\\/#primaryimage\",\"url\":\"https:\\\/\\\/super-news.info\\\/es\\\/wp-content\\\/uploads\\\/sites\\\/4\\\/2019\\\/08\\\/Maroto-aboga-por-el-turismo-y-reindustrializaci-n-para-luchar-contra.jpg\",\"contentUrl\":\"https:\\\/\\\/super-news.info\\\/es\\\/wp-content\\\/uploads\\\/sites\\\/4\\\/2019\\\/08\\\/Maroto-aboga-por-el-turismo-y-reindustrializaci-n-para-luchar-contra.jpg\",\"width\":120,\"height\":90,\"caption\":\"Maroto aboga por el turismo y reindustrializaci\u00f3n para luchar contra la despoblaci\u00f3n en la \\\"Espa\u00f1a Vaciada\\\"\"},{\"@type\":\"BreadcrumbList\",\"@id\":\"https:\\\/\\\/super-news.info\\\/es\\\/maroto-aboga-por-el-turismo-y-reindustrializacion-para-luchar-contra-la-despoblacion-en-la-espana-vaciada\\\/#breadcrumb\",\"itemListElement\":[{\"@type\":\"ListItem\",\"position\":1,\"name\":\"\u0413\u043b\u0430\u0432\u043d\u0430\u044f \u0441\u0442\u0440\u0430\u043d\u0438\u0446\u0430\",\"item\":\"https:\\\/\\\/super-news.info\\\/es\\\/\"},{\"@type\":\"ListItem\",\"position\":2,\"name\":\"Maroto aboga por el turismo y reindustrializaci\u00f3n para luchar contra la despoblaci\u00f3n en la &#8220;Espa\u00f1a Vaciada&#8221;\"}]},{\"@type\":\"WebSite\",\"@id\":\"https:\\\/\\\/super-news.info\\\/es\\\/#website\",\"url\":\"https:\\\/\\\/super-news.info\\\/es\\\/\",\"name\":\"Super News\",\"description\":\"Super News Espa\u00f1a\",\"potentialAction\":[{\"@type\":\"SearchAction\",\"target\":{\"@type\":\"EntryPoint\",\"urlTemplate\":\"https:\\\/\\\/super-news.info\\\/es\\\/?s={search_term_string}\"},\"query-input\":{\"@type\":\"PropertyValueSpecification\",\"valueRequired\":true,\"valueName\":\"search_term_string\"}}],\"inLanguage\":\"en-US\"},{\"@type\":\"Person\",\"@id\":\"https:\\\/\\\/super-news.info\\\/es\\\/#\\\/schema\\\/person\\\/2d4068cb2f39cd10008c2fce578a7356\",\"name\":\"super-news\",\"image\":{\"@type\":\"ImageObject\",\"inLanguage\":\"en-US\",\"@id\":\"https:\\\/\\\/secure.gravatar.com\\\/avatar\\\/64ebac40b93f26a154f8a9b5b6fdccfc46f442b26b3dd6756dbff3bf9dc76fd7?s=96&d=mm&r=g\",\"url\":\"https:\\\/\\\/secure.gravatar.com\\\/avatar\\\/64ebac40b93f26a154f8a9b5b6fdccfc46f442b26b3dd6756dbff3bf9dc76fd7?s=96&d=mm&r=g\",\"contentUrl\":\"https:\\\/\\\/secure.gravatar.com\\\/avatar\\\/64ebac40b93f26a154f8a9b5b6fdccfc46f442b26b3dd6756dbff3bf9dc76fd7?s=96&d=mm&r=g\",\"caption\":\"super-news\"},\"url\":\"https:\\\/\\\/super-news.info\\\/es\\\/author\\\/pt\\\/\"}]}<\/script>\n<!-- \/ Yoast SEO plugin. -->","yoast_head_json":{"title":"Maroto aboga por el turismo y reindustrializaci\u00f3n para luchar contra la despoblaci\u00f3n en la \"Espa\u00f1a Vaciada\" - Super News","robots":{"index":"index","follow":"follow","max-snippet":"max-snippet:-1","max-image-preview":"max-image-preview:large","max-video-preview":"max-video-preview:-1"},"canonical":"https:\/\/super-news.info\/es\/maroto-aboga-por-el-turismo-y-reindustrializacion-para-luchar-contra-la-despoblacion-en-la-espana-vaciada\/","og_locale":"en_US","og_type":"article","og_title":"Maroto aboga por el turismo y reindustrializaci\u00f3n para luchar contra la despoblaci\u00f3n en la \"Espa\u00f1a Vaciada\" - Super News","og_description":"[ad_1] SEGOVIA, 27 Ago. (EUROPA PRESS) &#8211; La ministra de Industria, Comercio y Turismo en funciones, Reyes Maroto, ha explicado durante este martes que la lucha de su Gobierno contra la despoblaci\u00f3n en la &#8220;Espa\u00f1a Vaciada&#8221; se centra en dos frentes, la reindustrializaci\u00f3n y el impulso al turismo rural como motores econ\u00f3micos. Maroto ha incidido [&hellip;]","og_url":"https:\/\/super-news.info\/es\/maroto-aboga-por-el-turismo-y-reindustrializacion-para-luchar-contra-la-despoblacion-en-la-espana-vaciada\/","og_site_name":"Super News","article_published_time":"2019-08-27T14:51:02+00:00","article_modified_time":"2019-08-27T14:51:03+00:00","og_image":[{"width":120,"height":90,"url":"https:\/\/super-news.info\/es\/wp-content\/uploads\/sites\/4\/2019\/08\/Maroto-aboga-por-el-turismo-y-reindustrializaci-n-para-luchar-contra.jpg","type":"image\/jpeg"}],"author":"super-news","twitter_card":"summary_large_image","twitter_misc":{"Written by":"super-news","Est. reading time":"2 minutes"},"schema":{"@context":"https:\/\/schema.org","@graph":[{"@type":"Article","@id":"https:\/\/super-news.info\/es\/maroto-aboga-por-el-turismo-y-reindustrializacion-para-luchar-contra-la-despoblacion-en-la-espana-vaciada\/#article","isPartOf":{"@id":"https:\/\/super-news.info\/es\/maroto-aboga-por-el-turismo-y-reindustrializacion-para-luchar-contra-la-despoblacion-en-la-espana-vaciada\/"},"author":{"name":"super-news","@id":"https:\/\/super-news.info\/es\/#\/schema\/person\/2d4068cb2f39cd10008c2fce578a7356"},"headline":"Maroto aboga por el turismo y reindustrializaci\u00f3n para luchar contra la despoblaci\u00f3n en la &#8220;Espa\u00f1a Vaciada&#8221;","datePublished":"2019-08-27T14:51:02+00:00","dateModified":"2019-08-27T14:51:03+00:00","mainEntityOfPage":{"@id":"https:\/\/super-news.info\/es\/maroto-aboga-por-el-turismo-y-reindustrializacion-para-luchar-contra-la-despoblacion-en-la-espana-vaciada\/"},"wordCount":504,"commentCount":0,"image":{"@id":"https:\/\/super-news.info\/es\/maroto-aboga-por-el-turismo-y-reindustrializacion-para-luchar-contra-la-despoblacion-en-la-espana-vaciada\/#primaryimage"},"thumbnailUrl":"https:\/\/super-news.info\/es\/wp-content\/uploads\/sites\/4\/2019\/08\/Maroto-aboga-por-el-turismo-y-reindustrializaci-n-para-luchar-contra.jpg","articleSection":["NOTICIAS FINANCIERAS"],"inLanguage":"en-US","potentialAction":[{"@type":"CommentAction","name":"Comment","target":["https:\/\/super-news.info\/es\/maroto-aboga-por-el-turismo-y-reindustrializacion-para-luchar-contra-la-despoblacion-en-la-espana-vaciada\/#respond"]}]},{"@type":"WebPage","@id":"https:\/\/super-news.info\/es\/maroto-aboga-por-el-turismo-y-reindustrializacion-para-luchar-contra-la-despoblacion-en-la-espana-vaciada\/","url":"https:\/\/super-news.info\/es\/maroto-aboga-por-el-turismo-y-reindustrializacion-para-luchar-contra-la-despoblacion-en-la-espana-vaciada\/","name":"Maroto aboga por el turismo y reindustrializaci\u00f3n para luchar contra la despoblaci\u00f3n en la \"Espa\u00f1a Vaciada\" - Super News","isPartOf":{"@id":"https:\/\/super-news.info\/es\/#website"},"primaryImageOfPage":{"@id":"https:\/\/super-news.info\/es\/maroto-aboga-por-el-turismo-y-reindustrializacion-para-luchar-contra-la-despoblacion-en-la-espana-vaciada\/#primaryimage"},"image":{"@id":"https:\/\/super-news.info\/es\/maroto-aboga-por-el-turismo-y-reindustrializacion-para-luchar-contra-la-despoblacion-en-la-espana-vaciada\/#primaryimage"},"thumbnailUrl":"https:\/\/super-news.info\/es\/wp-content\/uploads\/sites\/4\/2019\/08\/Maroto-aboga-por-el-turismo-y-reindustrializaci-n-para-luchar-contra.jpg","datePublished":"2019-08-27T14:51:02+00:00","dateModified":"2019-08-27T14:51:03+00:00","author":{"@id":"https:\/\/super-news.info\/es\/#\/schema\/person\/2d4068cb2f39cd10008c2fce578a7356"},"breadcrumb":{"@id":"https:\/\/super-news.info\/es\/maroto-aboga-por-el-turismo-y-reindustrializacion-para-luchar-contra-la-despoblacion-en-la-espana-vaciada\/#breadcrumb"},"inLanguage":"en-US","potentialAction":[{"@type":"ReadAction","target":["https:\/\/super-news.info\/es\/maroto-aboga-por-el-turismo-y-reindustrializacion-para-luchar-contra-la-despoblacion-en-la-espana-vaciada\/"]}]},{"@type":"ImageObject","inLanguage":"en-US","@id":"https:\/\/super-news.info\/es\/maroto-aboga-por-el-turismo-y-reindustrializacion-para-luchar-contra-la-despoblacion-en-la-espana-vaciada\/#primaryimage","url":"https:\/\/super-news.info\/es\/wp-content\/uploads\/sites\/4\/2019\/08\/Maroto-aboga-por-el-turismo-y-reindustrializaci-n-para-luchar-contra.jpg","contentUrl":"https:\/\/super-news.info\/es\/wp-content\/uploads\/sites\/4\/2019\/08\/Maroto-aboga-por-el-turismo-y-reindustrializaci-n-para-luchar-contra.jpg","width":120,"height":90,"caption":"Maroto aboga por el turismo y reindustrializaci\u00f3n para luchar contra la despoblaci\u00f3n en la \"Espa\u00f1a Vaciada\""},{"@type":"BreadcrumbList","@id":"https:\/\/super-news.info\/es\/maroto-aboga-por-el-turismo-y-reindustrializacion-para-luchar-contra-la-despoblacion-en-la-espana-vaciada\/#breadcrumb","itemListElement":[{"@type":"ListItem","position":1,"name":"\u0413\u043b\u0430\u0432\u043d\u0430\u044f \u0441\u0442\u0440\u0430\u043d\u0438\u0446\u0430","item":"https:\/\/super-news.info\/es\/"},{"@type":"ListItem","position":2,"name":"Maroto aboga por el turismo y reindustrializaci\u00f3n para luchar contra la despoblaci\u00f3n en la &#8220;Espa\u00f1a Vaciada&#8221;"}]},{"@type":"WebSite","@id":"https:\/\/super-news.info\/es\/#website","url":"https:\/\/super-news.info\/es\/","name":"Super News","description":"Super News Espa\u00f1a","potentialAction":[{"@type":"SearchAction","target":{"@type":"EntryPoint","urlTemplate":"https:\/\/super-news.info\/es\/?s={search_term_string}"},"query-input":{"@type":"PropertyValueSpecification","valueRequired":true,"valueName":"search_term_string"}}],"inLanguage":"en-US"},{"@type":"Person","@id":"https:\/\/super-news.info\/es\/#\/schema\/person\/2d4068cb2f39cd10008c2fce578a7356","name":"super-news","image":{"@type":"ImageObject","inLanguage":"en-US","@id":"https:\/\/secure.gravatar.com\/avatar\/64ebac40b93f26a154f8a9b5b6fdccfc46f442b26b3dd6756dbff3bf9dc76fd7?s=96&d=mm&r=g","url":"https:\/\/secure.gravatar.com\/avatar\/64ebac40b93f26a154f8a9b5b6fdccfc46f442b26b3dd6756dbff3bf9dc76fd7?s=96&d=mm&r=g","contentUrl":"https:\/\/secure.gravatar.com\/avatar\/64ebac40b93f26a154f8a9b5b6fdccfc46f442b26b3dd6756dbff3bf9dc76fd7?s=96&d=mm&r=g","caption":"super-news"},"url":"https:\/\/super-news.info\/es\/author\/pt\/"}]}},"_links":{"self":[{"href":"https:\/\/super-news.info\/es\/wp-json\/wp\/v2\/posts\/9677","targetHints":{"allow":["GET"]}}],"collection":[{"href":"https:\/\/super-news.info\/es\/wp-json\/wp\/v2\/posts"}],"about":[{"href":"https:\/\/super-news.info\/es\/wp-json\/wp\/v2\/types\/post"}],"author":[{"embeddable":true,"href":"https:\/\/super-news.info\/es\/wp-json\/wp\/v2\/users\/2"}],"replies":[{"embeddable":true,"href":"https:\/\/super-news.info\/es\/wp-json\/wp\/v2\/comments?post=9677"}],"version-history":[{"count":1,"href":"https:\/\/super-news.info\/es\/wp-json\/wp\/v2\/posts\/9677\/revisions"}],"predecessor-version":[{"id":9679,"href":"https:\/\/super-news.info\/es\/wp-json\/wp\/v2\/posts\/9677\/revisions\/9679"}],"wp:featuredmedia":[{"embeddable":true,"href":"https:\/\/super-news.info\/es\/wp-json\/wp\/v2\/media\/9678"}],"wp:attachment":[{"href":"https:\/\/super-news.info\/es\/wp-json\/wp\/v2\/media?parent=9677"}],"wp:term":[{"taxonomy":"category","embeddable":true,"href":"https:\/\/super-news.info\/es\/wp-json\/wp\/v2\/categories?post=9677"},{"taxonomy":"post_tag","embeddable":true,"href":"https:\/\/super-news.info\/es\/wp-json\/wp\/v2\/tags?post=9677"}],"curies":[{"name":"wp","href":"https:\/\/api.w.org\/{rel}","templated":true}]}}