{"id":9483,"date":"2019-08-24T23:11:40","date_gmt":"2019-08-24T20:11:40","guid":{"rendered":"https:\/\/super-news.info\/es\/lanzan-una-campana-global-para-intentar-frenar-la-crisis-de-los-arrecifes-de-coral\/"},"modified":"2019-08-24T23:11:42","modified_gmt":"2019-08-24T20:11:42","slug":"lanzan-una-campana-global-para-intentar-frenar-la-crisis-de-los-arrecifes-de-coral","status":"publish","type":"post","link":"https:\/\/super-news.info\/es\/lanzan-una-campana-global-para-intentar-frenar-la-crisis-de-los-arrecifes-de-coral\/","title":{"rendered":"Lanzan una campa\u00f1a global para intentar frenar la crisis de los arrecifes de coral"},"content":{"rendered":"<p> [ad_1]<br \/>\n<\/p>\n<div id=\"textoNoticia\">\n<p class=\"excerpt-single\">Los arrecifes de coral est\u00e1n en primera l\u00ednea de la crisis clim\u00e1tica. La World Surf League se ha unido a este proyecto que aboga por una mayor financiaci\u00f3n y acci\u00f3n para su conservaci\u00f3n<\/p>\n<\/p>\n<p>Los arrecifes de coral est\u00e1n en primera l\u00ednea de la crisis clim\u00e1tica. Eso es as\u00ed porque son extremadamente vulnerables al calentamiento de los oc\u00e9anos y al cambio clim\u00e1tico. Para preservar su supervivencia es necesario que se protejan de agentes como <strong>la contaminaci\u00f3n, la sobrepesca y el desarrollo costero<\/strong> descontrolado.<\/p>\n<p>Por este motivo, la World Surf League (WSL) se ha unido a <strong>una campa\u00f1a global que aboga por una mayor financiaci\u00f3n y acci\u00f3n<\/strong> para su conservaci\u00f3n. Hay que tener en cuenta que, en los \u00faltimos 30 a\u00f1os, la humanidad ha perdido m\u00e1s de la mitad del coral vivo del mundo y parece que el futuro es que siga empeorando.<\/p>\n<p>Esta campa\u00f1a -junto con la colaboraci\u00f3n de Glowing Glowing Gone, UN Environment y The Ocean Agency-\u00a0 se enfoca en <strong>crear conciencia sobre la crisis que enfrentan los arrecifes de coral<\/strong>, mientras toma medidas en la Polinesia Francesa para apoyar proyectos locales para restaurar estos h\u00e1bitats. Cabe se\u00f1alar la importancia de estas especies ya que, cuando mueren, el ecosistema podr\u00eda colapsar.<\/p>\n<p>La WSL ha decidido completar esta colaboraci\u00f3n adquiriendo para su evento Tahiti Pro Teahupo&#8217;o los colores de los corales fluorescentes. La gama personalizada ha sido creada por Adobe y Pantone a partir de im\u00e1genes tomadas por The Ocean Agency en Nueva Caledonia: <strong>amarillo brillante, azul brillante y p\u00farpura brillante<\/strong> se han incorporado a todas las im\u00e1genes de los eventos, incluidas las camisetas de la competici\u00f3n.<\/p>\n<p><img loading=\"lazy\" decoding=\"async\" class=\"wp-image-505371 aligncenter\" src=\"https:\/\/super-news.info\/es\/wp-content\/uploads\/sites\/4\/2019\/08\/Lanzan-una-campana-global-para-intentar-frenar-la-crisis-de.png\" alt=\"WSL corales\" width=\"626\" height=\"187\"\/><\/p>\n<p>&#8220;Estamos tan entusiasmados por crear conciencia sobre la dif\u00edcil situaci\u00f3n de los arrecifes de coral en todo el mundo, as\u00ed como de apoyar un<strong> impacto real en la Polinesia Francesa<\/strong>&#8220;, ha explicado Sophie Goldschmidt, directora ejecutiva de WSL. La campa\u00f1a cuenta con el apoyo de los partners del Tahiti Pro Hurley, Jeep, Corona y Red Bull.<\/p>\n<p>De acuerdo con The Intergovernmental Panel on Climate Change (IPCC), los cient\u00edficos predicen que ahora <strong>solo podemos salvar del 10-30% de los arrecifes de coral restante<\/strong>s (los menos vulnerables a la crisis clim\u00e1tica) debido al calor que ya existe en el sistema. Para salvar los arrecifes de coral, debe haber una acci\u00f3n dirigida e inversi\u00f3n urgente para protegerlos<\/p>\n<p>\n\t\t\t\t<iframe loading=\"lazy\" src=\"http:\/\/www.youtube.com\/embed\/95QWX371S7A?enablejsapi=1&amp;version=3&amp;rel=0&amp;showinfo=0&amp;controls=0\" id=\"iframePlayer\" width=\"940\" height=\"529\" frameborder=\"0\" webkitallowfullscreen=\"\" mozallowfullscreen=\"\" allowfullscreen=\"\"><\/iframe>\n\t\t\t<\/p>\n<p>Si no visualiza correctamente el v\u00eddeo embedded, haga clic aqu\u00ed.<\/p>\n<p class=\"link-telegram\">\n\t\t\t\t\t\t\t\t\t\t\tNo te pierdas nada de MarketingDirecto.com y \u00fanete a nuestro Telegram t.me\/MarketingDirecto\n\t\t\t\t\t\t\t\t\t\t<\/p>\n<\/p><\/div>\n<p><script>(function(d, s, id) {\n  var js, fjs = d.getElementsByTagName(s)[0];\n  if (d.getElementById(id)) return;\n  js = d.createElement(s); js.id = id;\n  js.src = \"http:\/\/connect.facebook.net\/es_LA\/sdk.js#xfbml=1&appId=408746052611679&version=v2.3\";\n  fjs.parentNode.insertBefore(js, fjs);\n}(document, 'script', 'facebook-jssdk'));<\/script><br \/>\n<br \/>[ad_2]<br \/>\n<br \/><a href=\"https:\/\/www.marketingdirecto.com\/anunciantes-general\/anunciantes\/lanzan-una-campana-global-para-intentar-frenar-la-crisis-de-los-arrecifes-de-coral\">Source link <\/a><\/p>\n","protected":false},"excerpt":{"rendered":"<p>[ad_1] Los arrecifes de coral est\u00e1n en primera l\u00ednea de la crisis clim\u00e1tica. La World Surf League se ha unido a este proyecto que aboga por una mayor financiaci\u00f3n y acci\u00f3n para su conservaci\u00f3n Los arrecifes de coral est\u00e1n en primera l\u00ednea de la crisis clim\u00e1tica. Eso es as\u00ed porque son extremadamente vulnerables al calentamiento [&hellip;]<\/p>\n","protected":false},"author":2,"featured_media":9484,"comment_status":"open","ping_status":"open","sticky":false,"template":"","format":"standard","meta":{"footnotes":""},"categories":[2],"tags":[],"class_list":["post-9483","post","type-post","status-publish","format-standard","has-post-thumbnail","hentry","category-noticias-de-marketing-digital"],"yoast_head":"<!-- This site is optimized with the Yoast SEO plugin v27.4 - https:\/\/yoast.com\/product\/yoast-seo-wordpress\/ -->\n<title>Lanzan una campa\u00f1a global para intentar frenar la crisis de los arrecifes de coral - Super News<\/title>\n<meta name=\"robots\" content=\"index, follow, max-snippet:-1, max-image-preview:large, max-video-preview:-1\" \/>\n<link rel=\"canonical\" href=\"https:\/\/super-news.info\/es\/lanzan-una-campana-global-para-intentar-frenar-la-crisis-de-los-arrecifes-de-coral\/\" \/>\n<meta property=\"og:locale\" content=\"en_US\" \/>\n<meta property=\"og:type\" content=\"article\" \/>\n<meta property=\"og:title\" content=\"Lanzan una campa\u00f1a global para intentar frenar la crisis de los arrecifes de coral - Super News\" \/>\n<meta property=\"og:description\" content=\"[ad_1] Los arrecifes de coral est\u00e1n en primera l\u00ednea de la crisis clim\u00e1tica. La World Surf League se ha unido a este proyecto que aboga por una mayor financiaci\u00f3n y acci\u00f3n para su conservaci\u00f3n Los arrecifes de coral est\u00e1n en primera l\u00ednea de la crisis clim\u00e1tica. Eso es as\u00ed porque son extremadamente vulnerables al calentamiento [&hellip;]\" \/>\n<meta property=\"og:url\" content=\"https:\/\/super-news.info\/es\/lanzan-una-campana-global-para-intentar-frenar-la-crisis-de-los-arrecifes-de-coral\/\" \/>\n<meta property=\"og:site_name\" content=\"Super News\" \/>\n<meta property=\"article:published_time\" content=\"2019-08-24T20:11:40+00:00\" \/>\n<meta property=\"article:modified_time\" content=\"2019-08-24T20:11:42+00:00\" \/>\n<meta property=\"og:image\" content=\"https:\/\/super-news.info\/es\/wp-content\/uploads\/sites\/4\/2019\/08\/Lanzan-una-campa-a-global-para-intentar-frenar-la-crisis-de.jpg\" \/>\n\t<meta property=\"og:image:width\" content=\"1238\" \/>\n\t<meta property=\"og:image:height\" content=\"720\" \/>\n\t<meta property=\"og:image:type\" content=\"image\/jpeg\" \/>\n<meta name=\"author\" content=\"super-news\" \/>\n<meta name=\"twitter:card\" content=\"summary_large_image\" \/>\n<meta name=\"twitter:label1\" content=\"Written by\" \/>\n\t<meta name=\"twitter:data1\" content=\"super-news\" \/>\n\t<meta name=\"twitter:label2\" content=\"Est. reading time\" \/>\n\t<meta name=\"twitter:data2\" content=\"2 minutes\" \/>\n<script type=\"application\/ld+json\" class=\"yoast-schema-graph\">{\"@context\":\"https:\\\/\\\/schema.org\",\"@graph\":[{\"@type\":\"Article\",\"@id\":\"https:\\\/\\\/super-news.info\\\/es\\\/lanzan-una-campana-global-para-intentar-frenar-la-crisis-de-los-arrecifes-de-coral\\\/#article\",\"isPartOf\":{\"@id\":\"https:\\\/\\\/super-news.info\\\/es\\\/lanzan-una-campana-global-para-intentar-frenar-la-crisis-de-los-arrecifes-de-coral\\\/\"},\"author\":{\"name\":\"super-news\",\"@id\":\"https:\\\/\\\/super-news.info\\\/es\\\/#\\\/schema\\\/person\\\/2d4068cb2f39cd10008c2fce578a7356\"},\"headline\":\"Lanzan una campa\u00f1a global para intentar frenar la crisis de los arrecifes de coral\",\"datePublished\":\"2019-08-24T20:11:40+00:00\",\"dateModified\":\"2019-08-24T20:11:42+00:00\",\"mainEntityOfPage\":{\"@id\":\"https:\\\/\\\/super-news.info\\\/es\\\/lanzan-una-campana-global-para-intentar-frenar-la-crisis-de-los-arrecifes-de-coral\\\/\"},\"wordCount\":460,\"commentCount\":0,\"image\":{\"@id\":\"https:\\\/\\\/super-news.info\\\/es\\\/lanzan-una-campana-global-para-intentar-frenar-la-crisis-de-los-arrecifes-de-coral\\\/#primaryimage\"},\"thumbnailUrl\":\"https:\\\/\\\/super-news.info\\\/es\\\/wp-content\\\/uploads\\\/sites\\\/4\\\/2019\\\/08\\\/Lanzan-una-campa-a-global-para-intentar-frenar-la-crisis-de.jpg\",\"articleSection\":[\"NOTICIAS DE MARKETING DIGITAL\"],\"inLanguage\":\"en-US\",\"potentialAction\":[{\"@type\":\"CommentAction\",\"name\":\"Comment\",\"target\":[\"https:\\\/\\\/super-news.info\\\/es\\\/lanzan-una-campana-global-para-intentar-frenar-la-crisis-de-los-arrecifes-de-coral\\\/#respond\"]}]},{\"@type\":\"WebPage\",\"@id\":\"https:\\\/\\\/super-news.info\\\/es\\\/lanzan-una-campana-global-para-intentar-frenar-la-crisis-de-los-arrecifes-de-coral\\\/\",\"url\":\"https:\\\/\\\/super-news.info\\\/es\\\/lanzan-una-campana-global-para-intentar-frenar-la-crisis-de-los-arrecifes-de-coral\\\/\",\"name\":\"Lanzan una campa\u00f1a global para intentar frenar la crisis de los arrecifes de coral - Super News\",\"isPartOf\":{\"@id\":\"https:\\\/\\\/super-news.info\\\/es\\\/#website\"},\"primaryImageOfPage\":{\"@id\":\"https:\\\/\\\/super-news.info\\\/es\\\/lanzan-una-campana-global-para-intentar-frenar-la-crisis-de-los-arrecifes-de-coral\\\/#primaryimage\"},\"image\":{\"@id\":\"https:\\\/\\\/super-news.info\\\/es\\\/lanzan-una-campana-global-para-intentar-frenar-la-crisis-de-los-arrecifes-de-coral\\\/#primaryimage\"},\"thumbnailUrl\":\"https:\\\/\\\/super-news.info\\\/es\\\/wp-content\\\/uploads\\\/sites\\\/4\\\/2019\\\/08\\\/Lanzan-una-campa-a-global-para-intentar-frenar-la-crisis-de.jpg\",\"datePublished\":\"2019-08-24T20:11:40+00:00\",\"dateModified\":\"2019-08-24T20:11:42+00:00\",\"author\":{\"@id\":\"https:\\\/\\\/super-news.info\\\/es\\\/#\\\/schema\\\/person\\\/2d4068cb2f39cd10008c2fce578a7356\"},\"breadcrumb\":{\"@id\":\"https:\\\/\\\/super-news.info\\\/es\\\/lanzan-una-campana-global-para-intentar-frenar-la-crisis-de-los-arrecifes-de-coral\\\/#breadcrumb\"},\"inLanguage\":\"en-US\",\"potentialAction\":[{\"@type\":\"ReadAction\",\"target\":[\"https:\\\/\\\/super-news.info\\\/es\\\/lanzan-una-campana-global-para-intentar-frenar-la-crisis-de-los-arrecifes-de-coral\\\/\"]}]},{\"@type\":\"ImageObject\",\"inLanguage\":\"en-US\",\"@id\":\"https:\\\/\\\/super-news.info\\\/es\\\/lanzan-una-campana-global-para-intentar-frenar-la-crisis-de-los-arrecifes-de-coral\\\/#primaryimage\",\"url\":\"https:\\\/\\\/super-news.info\\\/es\\\/wp-content\\\/uploads\\\/sites\\\/4\\\/2019\\\/08\\\/Lanzan-una-campa-a-global-para-intentar-frenar-la-crisis-de.jpg\",\"contentUrl\":\"https:\\\/\\\/super-news.info\\\/es\\\/wp-content\\\/uploads\\\/sites\\\/4\\\/2019\\\/08\\\/Lanzan-una-campa-a-global-para-intentar-frenar-la-crisis-de.jpg\",\"width\":1238,\"height\":720,\"caption\":\"coral arrecifes\"},{\"@type\":\"BreadcrumbList\",\"@id\":\"https:\\\/\\\/super-news.info\\\/es\\\/lanzan-una-campana-global-para-intentar-frenar-la-crisis-de-los-arrecifes-de-coral\\\/#breadcrumb\",\"itemListElement\":[{\"@type\":\"ListItem\",\"position\":1,\"name\":\"\u0413\u043b\u0430\u0432\u043d\u0430\u044f \u0441\u0442\u0440\u0430\u043d\u0438\u0446\u0430\",\"item\":\"https:\\\/\\\/super-news.info\\\/es\\\/\"},{\"@type\":\"ListItem\",\"position\":2,\"name\":\"Lanzan una campa\u00f1a global para intentar frenar la crisis de los arrecifes de coral\"}]},{\"@type\":\"WebSite\",\"@id\":\"https:\\\/\\\/super-news.info\\\/es\\\/#website\",\"url\":\"https:\\\/\\\/super-news.info\\\/es\\\/\",\"name\":\"Super News\",\"description\":\"Super News Espa\u00f1a\",\"potentialAction\":[{\"@type\":\"SearchAction\",\"target\":{\"@type\":\"EntryPoint\",\"urlTemplate\":\"https:\\\/\\\/super-news.info\\\/es\\\/?s={search_term_string}\"},\"query-input\":{\"@type\":\"PropertyValueSpecification\",\"valueRequired\":true,\"valueName\":\"search_term_string\"}}],\"inLanguage\":\"en-US\"},{\"@type\":\"Person\",\"@id\":\"https:\\\/\\\/super-news.info\\\/es\\\/#\\\/schema\\\/person\\\/2d4068cb2f39cd10008c2fce578a7356\",\"name\":\"super-news\",\"image\":{\"@type\":\"ImageObject\",\"inLanguage\":\"en-US\",\"@id\":\"https:\\\/\\\/secure.gravatar.com\\\/avatar\\\/64ebac40b93f26a154f8a9b5b6fdccfc46f442b26b3dd6756dbff3bf9dc76fd7?s=96&d=mm&r=g\",\"url\":\"https:\\\/\\\/secure.gravatar.com\\\/avatar\\\/64ebac40b93f26a154f8a9b5b6fdccfc46f442b26b3dd6756dbff3bf9dc76fd7?s=96&d=mm&r=g\",\"contentUrl\":\"https:\\\/\\\/secure.gravatar.com\\\/avatar\\\/64ebac40b93f26a154f8a9b5b6fdccfc46f442b26b3dd6756dbff3bf9dc76fd7?s=96&d=mm&r=g\",\"caption\":\"super-news\"},\"url\":\"https:\\\/\\\/super-news.info\\\/es\\\/author\\\/pt\\\/\"}]}<\/script>\n<!-- \/ Yoast SEO plugin. -->","yoast_head_json":{"title":"Lanzan una campa\u00f1a global para intentar frenar la crisis de los arrecifes de coral - Super News","robots":{"index":"index","follow":"follow","max-snippet":"max-snippet:-1","max-image-preview":"max-image-preview:large","max-video-preview":"max-video-preview:-1"},"canonical":"https:\/\/super-news.info\/es\/lanzan-una-campana-global-para-intentar-frenar-la-crisis-de-los-arrecifes-de-coral\/","og_locale":"en_US","og_type":"article","og_title":"Lanzan una campa\u00f1a global para intentar frenar la crisis de los arrecifes de coral - Super News","og_description":"[ad_1] Los arrecifes de coral est\u00e1n en primera l\u00ednea de la crisis clim\u00e1tica. La World Surf League se ha unido a este proyecto que aboga por una mayor financiaci\u00f3n y acci\u00f3n para su conservaci\u00f3n Los arrecifes de coral est\u00e1n en primera l\u00ednea de la crisis clim\u00e1tica. Eso es as\u00ed porque son extremadamente vulnerables al calentamiento [&hellip;]","og_url":"https:\/\/super-news.info\/es\/lanzan-una-campana-global-para-intentar-frenar-la-crisis-de-los-arrecifes-de-coral\/","og_site_name":"Super News","article_published_time":"2019-08-24T20:11:40+00:00","article_modified_time":"2019-08-24T20:11:42+00:00","og_image":[{"width":1238,"height":720,"url":"https:\/\/super-news.info\/es\/wp-content\/uploads\/sites\/4\/2019\/08\/Lanzan-una-campa-a-global-para-intentar-frenar-la-crisis-de.jpg","type":"image\/jpeg"}],"author":"super-news","twitter_card":"summary_large_image","twitter_misc":{"Written by":"super-news","Est. reading time":"2 minutes"},"schema":{"@context":"https:\/\/schema.org","@graph":[{"@type":"Article","@id":"https:\/\/super-news.info\/es\/lanzan-una-campana-global-para-intentar-frenar-la-crisis-de-los-arrecifes-de-coral\/#article","isPartOf":{"@id":"https:\/\/super-news.info\/es\/lanzan-una-campana-global-para-intentar-frenar-la-crisis-de-los-arrecifes-de-coral\/"},"author":{"name":"super-news","@id":"https:\/\/super-news.info\/es\/#\/schema\/person\/2d4068cb2f39cd10008c2fce578a7356"},"headline":"Lanzan una campa\u00f1a global para intentar frenar la crisis de los arrecifes de coral","datePublished":"2019-08-24T20:11:40+00:00","dateModified":"2019-08-24T20:11:42+00:00","mainEntityOfPage":{"@id":"https:\/\/super-news.info\/es\/lanzan-una-campana-global-para-intentar-frenar-la-crisis-de-los-arrecifes-de-coral\/"},"wordCount":460,"commentCount":0,"image":{"@id":"https:\/\/super-news.info\/es\/lanzan-una-campana-global-para-intentar-frenar-la-crisis-de-los-arrecifes-de-coral\/#primaryimage"},"thumbnailUrl":"https:\/\/super-news.info\/es\/wp-content\/uploads\/sites\/4\/2019\/08\/Lanzan-una-campa-a-global-para-intentar-frenar-la-crisis-de.jpg","articleSection":["NOTICIAS DE MARKETING DIGITAL"],"inLanguage":"en-US","potentialAction":[{"@type":"CommentAction","name":"Comment","target":["https:\/\/super-news.info\/es\/lanzan-una-campana-global-para-intentar-frenar-la-crisis-de-los-arrecifes-de-coral\/#respond"]}]},{"@type":"WebPage","@id":"https:\/\/super-news.info\/es\/lanzan-una-campana-global-para-intentar-frenar-la-crisis-de-los-arrecifes-de-coral\/","url":"https:\/\/super-news.info\/es\/lanzan-una-campana-global-para-intentar-frenar-la-crisis-de-los-arrecifes-de-coral\/","name":"Lanzan una campa\u00f1a global para intentar frenar la crisis de los arrecifes de coral - Super News","isPartOf":{"@id":"https:\/\/super-news.info\/es\/#website"},"primaryImageOfPage":{"@id":"https:\/\/super-news.info\/es\/lanzan-una-campana-global-para-intentar-frenar-la-crisis-de-los-arrecifes-de-coral\/#primaryimage"},"image":{"@id":"https:\/\/super-news.info\/es\/lanzan-una-campana-global-para-intentar-frenar-la-crisis-de-los-arrecifes-de-coral\/#primaryimage"},"thumbnailUrl":"https:\/\/super-news.info\/es\/wp-content\/uploads\/sites\/4\/2019\/08\/Lanzan-una-campa-a-global-para-intentar-frenar-la-crisis-de.jpg","datePublished":"2019-08-24T20:11:40+00:00","dateModified":"2019-08-24T20:11:42+00:00","author":{"@id":"https:\/\/super-news.info\/es\/#\/schema\/person\/2d4068cb2f39cd10008c2fce578a7356"},"breadcrumb":{"@id":"https:\/\/super-news.info\/es\/lanzan-una-campana-global-para-intentar-frenar-la-crisis-de-los-arrecifes-de-coral\/#breadcrumb"},"inLanguage":"en-US","potentialAction":[{"@type":"ReadAction","target":["https:\/\/super-news.info\/es\/lanzan-una-campana-global-para-intentar-frenar-la-crisis-de-los-arrecifes-de-coral\/"]}]},{"@type":"ImageObject","inLanguage":"en-US","@id":"https:\/\/super-news.info\/es\/lanzan-una-campana-global-para-intentar-frenar-la-crisis-de-los-arrecifes-de-coral\/#primaryimage","url":"https:\/\/super-news.info\/es\/wp-content\/uploads\/sites\/4\/2019\/08\/Lanzan-una-campa-a-global-para-intentar-frenar-la-crisis-de.jpg","contentUrl":"https:\/\/super-news.info\/es\/wp-content\/uploads\/sites\/4\/2019\/08\/Lanzan-una-campa-a-global-para-intentar-frenar-la-crisis-de.jpg","width":1238,"height":720,"caption":"coral arrecifes"},{"@type":"BreadcrumbList","@id":"https:\/\/super-news.info\/es\/lanzan-una-campana-global-para-intentar-frenar-la-crisis-de-los-arrecifes-de-coral\/#breadcrumb","itemListElement":[{"@type":"ListItem","position":1,"name":"\u0413\u043b\u0430\u0432\u043d\u0430\u044f \u0441\u0442\u0440\u0430\u043d\u0438\u0446\u0430","item":"https:\/\/super-news.info\/es\/"},{"@type":"ListItem","position":2,"name":"Lanzan una campa\u00f1a global para intentar frenar la crisis de los arrecifes de coral"}]},{"@type":"WebSite","@id":"https:\/\/super-news.info\/es\/#website","url":"https:\/\/super-news.info\/es\/","name":"Super News","description":"Super News Espa\u00f1a","potentialAction":[{"@type":"SearchAction","target":{"@type":"EntryPoint","urlTemplate":"https:\/\/super-news.info\/es\/?s={search_term_string}"},"query-input":{"@type":"PropertyValueSpecification","valueRequired":true,"valueName":"search_term_string"}}],"inLanguage":"en-US"},{"@type":"Person","@id":"https:\/\/super-news.info\/es\/#\/schema\/person\/2d4068cb2f39cd10008c2fce578a7356","name":"super-news","image":{"@type":"ImageObject","inLanguage":"en-US","@id":"https:\/\/secure.gravatar.com\/avatar\/64ebac40b93f26a154f8a9b5b6fdccfc46f442b26b3dd6756dbff3bf9dc76fd7?s=96&d=mm&r=g","url":"https:\/\/secure.gravatar.com\/avatar\/64ebac40b93f26a154f8a9b5b6fdccfc46f442b26b3dd6756dbff3bf9dc76fd7?s=96&d=mm&r=g","contentUrl":"https:\/\/secure.gravatar.com\/avatar\/64ebac40b93f26a154f8a9b5b6fdccfc46f442b26b3dd6756dbff3bf9dc76fd7?s=96&d=mm&r=g","caption":"super-news"},"url":"https:\/\/super-news.info\/es\/author\/pt\/"}]}},"_links":{"self":[{"href":"https:\/\/super-news.info\/es\/wp-json\/wp\/v2\/posts\/9483","targetHints":{"allow":["GET"]}}],"collection":[{"href":"https:\/\/super-news.info\/es\/wp-json\/wp\/v2\/posts"}],"about":[{"href":"https:\/\/super-news.info\/es\/wp-json\/wp\/v2\/types\/post"}],"author":[{"embeddable":true,"href":"https:\/\/super-news.info\/es\/wp-json\/wp\/v2\/users\/2"}],"replies":[{"embeddable":true,"href":"https:\/\/super-news.info\/es\/wp-json\/wp\/v2\/comments?post=9483"}],"version-history":[{"count":1,"href":"https:\/\/super-news.info\/es\/wp-json\/wp\/v2\/posts\/9483\/revisions"}],"predecessor-version":[{"id":9485,"href":"https:\/\/super-news.info\/es\/wp-json\/wp\/v2\/posts\/9483\/revisions\/9485"}],"wp:featuredmedia":[{"embeddable":true,"href":"https:\/\/super-news.info\/es\/wp-json\/wp\/v2\/media\/9484"}],"wp:attachment":[{"href":"https:\/\/super-news.info\/es\/wp-json\/wp\/v2\/media?parent=9483"}],"wp:term":[{"taxonomy":"category","embeddable":true,"href":"https:\/\/super-news.info\/es\/wp-json\/wp\/v2\/categories?post=9483"},{"taxonomy":"post_tag","embeddable":true,"href":"https:\/\/super-news.info\/es\/wp-json\/wp\/v2\/tags?post=9483"}],"curies":[{"name":"wp","href":"https:\/\/api.w.org\/{rel}","templated":true}]}}